{"id":60,"date":"2013-07-16T15:12:23","date_gmt":"2013-07-16T13:12:23","guid":{"rendered":"http:\/\/blogg.svenskakyrkan.se\/harhjartatslutatsla\/?p=60"},"modified":"2013-09-23T21:39:49","modified_gmt":"2013-09-23T19:39:49","slug":"katten-ar-borta","status":"publish","type":"post","link":"https:\/\/blogg.svenskakyrkan.se\/harhjartatslutatsla\/katten-ar-borta\/","title":{"rendered":"Katten \u00e4r borta"},"content":{"rendered":"<p>&#8221;Om Strumpan \u00e4r d\u00f6d vill jag inte leva!&#8221; Jag st\u00e5r maktl\u00f6s bredvid min son. Katten d\u00e4rhemma har troligen tagits av ett rovdjur n\u00e4r vi \u00e4r i sommarstugan. Nu har vi ber\u00e4ttat det f\u00f6r barnen innan vi ska \u00e5ka hem till v\u00e5r kattl\u00f6sa g\u00e5rd. &#8221;Jag ska d\u00f6da alla djur i hela skogen!&#8221; skriker han. Sen kommer f\u00f6rnekelsen. Han f\u00f6rbjuder sin syster att s\u00e4ga att Strumpan \u00e4r d\u00f6d. Hon retas och s\u00e4ger det,\u00a0g\u00e5ng p\u00e5 g\u00e5ng.<\/p>\n<p>N\u00e4r vi n\u00e4rmar oss v\u00e5rt hem,\u00a0retas systern p\u00e5 ett nytt s\u00e4tt. Hon s\u00e4ger att hon minsann s\u00e5g Strumpan. I skogen, i busken. V\u00e4cker sin brors hopp som sedan faller som en sten. Han blir arg och vill sl\u00e5 sin syster.<\/p>\n<p>Under n\u00e5gra dagar fyller sorgens alla t\u00e4nkbara uttryck min sons tillvaro. Jag f\u00f6rundras \u00f6ver hur stark sorgen efter en katt kan vara. Men relationen till katten var\u00a0s\u00e5 okomplicerad. Katten var mys, lek och k\u00e4rlek. Retades aldrig. Jag undrar \u00f6ver hur <a href=\"http:\/\/www.familjeliv.se\/Forum-4-48\/m67583079.html\" target=\"_blank\">sorgen efter ett syskon <\/a>skulle yttra sig. Hur barn bearbetar den sorgen. Du som l\u00e4ser det h\u00e4r kanske har ett svar.<\/p>\n<p>Vi ska ha en minnesstund ikv\u00e4ll. T\u00e4nda ljus och dela v\u00e5ra minnen av Strumpan.<\/p>\n<p>\/Helena<\/p>\n","protected":false},"excerpt":{"rendered":"<p>&#8221;Om Strumpan \u00e4r d\u00f6d vill jag inte leva!&#8221; Jag st\u00e5r maktl\u00f6s bredvid min son. Katten d\u00e4rhemma har troligen tagits av ett rovdjur n\u00e4r vi \u00e4r i sommarstugan. Nu har vi ber\u00e4ttat det f\u00f6r barnen innan vi ska \u00e5ka hem till v\u00e5r kattl\u00f6sa g\u00e5rd. &#8221;Jag ska d\u00f6da alla djur i hela skogen!&#8221; skriker han. Sen kommer [&hellip;]<\/p>\n","protected":false},"author":281,"featured_media":0,"comment_status":"open","ping_status":"open","sticky":false,"template":"","format":"standard","meta":{"_acf_changed":false,"footnotes":""},"categories":[44452,50176],"tags":[8267,32141],"class_list":["post-60","post","type-post","status-publish","format-standard","hentry","category-helena-andersson-bromander","category-tankar-om-liv-och-dod","tag-barn","tag-sorg"],"acf":[],"yoast_head":"<!-- This site is optimized with the Yoast SEO plugin v27.1.1 - https:\/\/yoast.com\/product\/yoast-seo-wordpress\/ -->\n<title>Katten \u00e4r borta - Har hj\u00e4rtat slutat sl\u00e5?<\/title>\n<meta name=\"robots\" content=\"index, follow, max-snippet:-1, max-image-preview:large, max-video-preview:-1\" \/>\n<link rel=\"canonical\" href=\"https:\/\/blogg.svenskakyrkan.se\/harhjartatslutatsla\/katten-ar-borta\/\" \/>\n<meta property=\"og:locale\" content=\"sv_SE\" \/>\n<meta property=\"og:type\" content=\"article\" \/>\n<meta property=\"og:title\" content=\"Katten \u00e4r borta - Har hj\u00e4rtat slutat sl\u00e5?\" \/>\n<meta property=\"og:description\" content=\"&#8221;Om Strumpan \u00e4r d\u00f6d vill jag inte leva!&#8221; Jag st\u00e5r maktl\u00f6s bredvid min son. Katten d\u00e4rhemma har troligen tagits av ett rovdjur n\u00e4r vi \u00e4r i sommarstugan. Nu har vi ber\u00e4ttat det f\u00f6r barnen innan vi ska \u00e5ka hem till v\u00e5r kattl\u00f6sa g\u00e5rd. &#8221;Jag ska d\u00f6da alla djur i hela skogen!&#8221; skriker han. Sen kommer [&hellip;]\" \/>\n<meta property=\"og:url\" content=\"https:\/\/blogg.svenskakyrkan.se\/harhjartatslutatsla\/katten-ar-borta\/\" \/>\n<meta property=\"og:site_name\" content=\"Har hj\u00e4rtat slutat sl\u00e5?\" \/>\n<meta property=\"article:published_time\" content=\"2013-07-16T13:12:23+00:00\" \/>\n<meta property=\"article:modified_time\" content=\"2013-09-23T19:39:49+00:00\" \/>\n<meta name=\"author\" content=\"admin\" \/>\n<meta name=\"twitter:card\" content=\"summary_large_image\" \/>\n<meta name=\"twitter:label1\" content=\"Skriven av\" \/>\n\t<meta name=\"twitter:data1\" content=\"admin\" \/>\n\t<meta name=\"twitter:label2\" content=\"Ber\u00e4knad l\u00e4stid\" \/>\n\t<meta name=\"twitter:data2\" content=\"1 minut\" \/>\n<script type=\"application\/ld+json\" class=\"yoast-schema-graph\">{\"@context\":\"https:\/\/schema.org\",\"@graph\":[{\"@type\":\"Article\",\"@id\":\"https:\/\/blogg.svenskakyrkan.se\/harhjartatslutatsla\/katten-ar-borta\/#article\",\"isPartOf\":{\"@id\":\"https:\/\/blogg.svenskakyrkan.se\/harhjartatslutatsla\/katten-ar-borta\/\"},\"author\":{\"name\":\"admin\",\"@id\":\"https:\/\/blogg.svenskakyrkan.se\/harhjartatslutatsla\/#\/schema\/person\/d4424e6b5c14e38a71e398f44994f567\"},\"headline\":\"Katten \u00e4r borta\",\"datePublished\":\"2013-07-16T13:12:23+00:00\",\"dateModified\":\"2013-09-23T19:39:49+00:00\",\"mainEntityOfPage\":{\"@id\":\"https:\/\/blogg.svenskakyrkan.se\/harhjartatslutatsla\/katten-ar-borta\/\"},\"wordCount\":229,\"commentCount\":0,\"keywords\":[\"Barn\",\"Sorg\"],\"articleSection\":[\"Helena Andersson Bromander\",\"Tankar om liv och d\u00f6d\"],\"inLanguage\":\"sv-SE\",\"potentialAction\":[{\"@type\":\"CommentAction\",\"name\":\"Comment\",\"target\":[\"https:\/\/blogg.svenskakyrkan.se\/harhjartatslutatsla\/katten-ar-borta\/#respond\"]}]},{\"@type\":\"WebPage\",\"@id\":\"https:\/\/blogg.svenskakyrkan.se\/harhjartatslutatsla\/katten-ar-borta\/\",\"url\":\"https:\/\/blogg.svenskakyrkan.se\/harhjartatslutatsla\/katten-ar-borta\/\",\"name\":\"Katten \u00e4r borta - Har hj\u00e4rtat slutat sl\u00e5?\",\"isPartOf\":{\"@id\":\"https:\/\/blogg.svenskakyrkan.se\/harhjartatslutatsla\/#website\"},\"datePublished\":\"2013-07-16T13:12:23+00:00\",\"dateModified\":\"2013-09-23T19:39:49+00:00\",\"author\":{\"@id\":\"https:\/\/blogg.svenskakyrkan.se\/harhjartatslutatsla\/#\/schema\/person\/d4424e6b5c14e38a71e398f44994f567\"},\"breadcrumb\":{\"@id\":\"https:\/\/blogg.svenskakyrkan.se\/harhjartatslutatsla\/katten-ar-borta\/#breadcrumb\"},\"inLanguage\":\"sv-SE\",\"potentialAction\":[{\"@type\":\"ReadAction\",\"target\":[\"https:\/\/blogg.svenskakyrkan.se\/harhjartatslutatsla\/katten-ar-borta\/\"]}]},{\"@type\":\"BreadcrumbList\",\"@id\":\"https:\/\/blogg.svenskakyrkan.se\/harhjartatslutatsla\/katten-ar-borta\/#breadcrumb\",\"itemListElement\":[{\"@type\":\"ListItem\",\"position\":1,\"name\":\"Hem\",\"item\":\"https:\/\/blogg.svenskakyrkan.se\/harhjartatslutatsla\/\"},{\"@type\":\"ListItem\",\"position\":2,\"name\":\"Katten \u00e4r borta\"}]},{\"@type\":\"WebSite\",\"@id\":\"https:\/\/blogg.svenskakyrkan.se\/harhjartatslutatsla\/#website\",\"url\":\"https:\/\/blogg.svenskakyrkan.se\/harhjartatslutatsla\/\",\"name\":\"Har hj\u00e4rtat slutat sl\u00e5?\",\"description\":\"En musikber\u00e4ttelse om att f\u00f6rlora barn.\",\"potentialAction\":[{\"@type\":\"SearchAction\",\"target\":{\"@type\":\"EntryPoint\",\"urlTemplate\":\"https:\/\/blogg.svenskakyrkan.se\/harhjartatslutatsla\/?s={search_term_string}\"},\"query-input\":{\"@type\":\"PropertyValueSpecification\",\"valueRequired\":true,\"valueName\":\"search_term_string\"}}],\"inLanguage\":\"sv-SE\"},{\"@type\":\"Person\",\"@id\":\"https:\/\/blogg.svenskakyrkan.se\/harhjartatslutatsla\/#\/schema\/person\/d4424e6b5c14e38a71e398f44994f567\",\"name\":\"admin\",\"image\":{\"@type\":\"ImageObject\",\"inLanguage\":\"sv-SE\",\"@id\":\"https:\/\/blogg.svenskakyrkan.se\/harhjartatslutatsla\/#\/schema\/person\/image\/\",\"url\":\"https:\/\/secure.gravatar.com\/avatar\/3c6e76acab0bbea7ed45bf023e2bf8a2aeeb59b1b8aaafe88a4345a469d8886f?s=96&d=mm&r=g\",\"contentUrl\":\"https:\/\/secure.gravatar.com\/avatar\/3c6e76acab0bbea7ed45bf023e2bf8a2aeeb59b1b8aaafe88a4345a469d8886f?s=96&d=mm&r=g\",\"caption\":\"admin\"},\"url\":\"https:\/\/blogg.svenskakyrkan.se\/harhjartatslutatsla\/author\/harhjartatslutatsla\/\"}]}<\/script>\n<!-- \/ Yoast SEO plugin. -->","yoast_head_json":{"title":"Katten \u00e4r borta - Har hj\u00e4rtat slutat sl\u00e5?","robots":{"index":"index","follow":"follow","max-snippet":"max-snippet:-1","max-image-preview":"max-image-preview:large","max-video-preview":"max-video-preview:-1"},"canonical":"https:\/\/blogg.svenskakyrkan.se\/harhjartatslutatsla\/katten-ar-borta\/","og_locale":"sv_SE","og_type":"article","og_title":"Katten \u00e4r borta - Har hj\u00e4rtat slutat sl\u00e5?","og_description":"&#8221;Om Strumpan \u00e4r d\u00f6d vill jag inte leva!&#8221; Jag st\u00e5r maktl\u00f6s bredvid min son. Katten d\u00e4rhemma har troligen tagits av ett rovdjur n\u00e4r vi \u00e4r i sommarstugan. Nu har vi ber\u00e4ttat det f\u00f6r barnen innan vi ska \u00e5ka hem till v\u00e5r kattl\u00f6sa g\u00e5rd. &#8221;Jag ska d\u00f6da alla djur i hela skogen!&#8221; skriker han. Sen kommer [&hellip;]","og_url":"https:\/\/blogg.svenskakyrkan.se\/harhjartatslutatsla\/katten-ar-borta\/","og_site_name":"Har hj\u00e4rtat slutat sl\u00e5?","article_published_time":"2013-07-16T13:12:23+00:00","article_modified_time":"2013-09-23T19:39:49+00:00","author":"admin","twitter_card":"summary_large_image","twitter_misc":{"Skriven av":"admin","Ber\u00e4knad l\u00e4stid":"1 minut"},"schema":{"@context":"https:\/\/schema.org","@graph":[{"@type":"Article","@id":"https:\/\/blogg.svenskakyrkan.se\/harhjartatslutatsla\/katten-ar-borta\/#article","isPartOf":{"@id":"https:\/\/blogg.svenskakyrkan.se\/harhjartatslutatsla\/katten-ar-borta\/"},"author":{"name":"admin","@id":"https:\/\/blogg.svenskakyrkan.se\/harhjartatslutatsla\/#\/schema\/person\/d4424e6b5c14e38a71e398f44994f567"},"headline":"Katten \u00e4r borta","datePublished":"2013-07-16T13:12:23+00:00","dateModified":"2013-09-23T19:39:49+00:00","mainEntityOfPage":{"@id":"https:\/\/blogg.svenskakyrkan.se\/harhjartatslutatsla\/katten-ar-borta\/"},"wordCount":229,"commentCount":0,"keywords":["Barn","Sorg"],"articleSection":["Helena Andersson Bromander","Tankar om liv och d\u00f6d"],"inLanguage":"sv-SE","potentialAction":[{"@type":"CommentAction","name":"Comment","target":["https:\/\/blogg.svenskakyrkan.se\/harhjartatslutatsla\/katten-ar-borta\/#respond"]}]},{"@type":"WebPage","@id":"https:\/\/blogg.svenskakyrkan.se\/harhjartatslutatsla\/katten-ar-borta\/","url":"https:\/\/blogg.svenskakyrkan.se\/harhjartatslutatsla\/katten-ar-borta\/","name":"Katten \u00e4r borta - Har hj\u00e4rtat slutat sl\u00e5?","isPartOf":{"@id":"https:\/\/blogg.svenskakyrkan.se\/harhjartatslutatsla\/#website"},"datePublished":"2013-07-16T13:12:23+00:00","dateModified":"2013-09-23T19:39:49+00:00","author":{"@id":"https:\/\/blogg.svenskakyrkan.se\/harhjartatslutatsla\/#\/schema\/person\/d4424e6b5c14e38a71e398f44994f567"},"breadcrumb":{"@id":"https:\/\/blogg.svenskakyrkan.se\/harhjartatslutatsla\/katten-ar-borta\/#breadcrumb"},"inLanguage":"sv-SE","potentialAction":[{"@type":"ReadAction","target":["https:\/\/blogg.svenskakyrkan.se\/harhjartatslutatsla\/katten-ar-borta\/"]}]},{"@type":"BreadcrumbList","@id":"https:\/\/blogg.svenskakyrkan.se\/harhjartatslutatsla\/katten-ar-borta\/#breadcrumb","itemListElement":[{"@type":"ListItem","position":1,"name":"Hem","item":"https:\/\/blogg.svenskakyrkan.se\/harhjartatslutatsla\/"},{"@type":"ListItem","position":2,"name":"Katten \u00e4r borta"}]},{"@type":"WebSite","@id":"https:\/\/blogg.svenskakyrkan.se\/harhjartatslutatsla\/#website","url":"https:\/\/blogg.svenskakyrkan.se\/harhjartatslutatsla\/","name":"Har hj\u00e4rtat slutat sl\u00e5?","description":"En musikber\u00e4ttelse om att f\u00f6rlora barn.","potentialAction":[{"@type":"SearchAction","target":{"@type":"EntryPoint","urlTemplate":"https:\/\/blogg.svenskakyrkan.se\/harhjartatslutatsla\/?s={search_term_string}"},"query-input":{"@type":"PropertyValueSpecification","valueRequired":true,"valueName":"search_term_string"}}],"inLanguage":"sv-SE"},{"@type":"Person","@id":"https:\/\/blogg.svenskakyrkan.se\/harhjartatslutatsla\/#\/schema\/person\/d4424e6b5c14e38a71e398f44994f567","name":"admin","image":{"@type":"ImageObject","inLanguage":"sv-SE","@id":"https:\/\/blogg.svenskakyrkan.se\/harhjartatslutatsla\/#\/schema\/person\/image\/","url":"https:\/\/secure.gravatar.com\/avatar\/3c6e76acab0bbea7ed45bf023e2bf8a2aeeb59b1b8aaafe88a4345a469d8886f?s=96&d=mm&r=g","contentUrl":"https:\/\/secure.gravatar.com\/avatar\/3c6e76acab0bbea7ed45bf023e2bf8a2aeeb59b1b8aaafe88a4345a469d8886f?s=96&d=mm&r=g","caption":"admin"},"url":"https:\/\/blogg.svenskakyrkan.se\/harhjartatslutatsla\/author\/harhjartatslutatsla\/"}]}},"author_meta":{"ID":"281","user_nicename":"harhjartatslutatsla","user_registered":"2013-05-23 11:12:50","display_name":"admin","avatar":"https:\/\/secure.gravatar.com\/avatar\/3c6e76acab0bbea7ed45bf023e2bf8a2aeeb59b1b8aaafe88a4345a469d8886f?s=96&d=mm&r=g"},"featured_image":false,"bloginfo":{"name":"Har hj\u00e4rtat slutat sl\u00e5?","url":"https:\/\/blogg.svenskakyrkan.se\/harhjartatslutatsla"},"_links":{"self":[{"href":"https:\/\/blogg.svenskakyrkan.se\/harhjartatslutatsla\/wp-json\/wp\/v2\/posts\/60","targetHints":{"allow":["GET"]}}],"collection":[{"href":"https:\/\/blogg.svenskakyrkan.se\/harhjartatslutatsla\/wp-json\/wp\/v2\/posts"}],"about":[{"href":"https:\/\/blogg.svenskakyrkan.se\/harhjartatslutatsla\/wp-json\/wp\/v2\/types\/post"}],"author":[{"embeddable":true,"href":"https:\/\/blogg.svenskakyrkan.se\/harhjartatslutatsla\/wp-json\/wp\/v2\/users\/281"}],"replies":[{"embeddable":true,"href":"https:\/\/blogg.svenskakyrkan.se\/harhjartatslutatsla\/wp-json\/wp\/v2\/comments?post=60"}],"version-history":[{"count":10,"href":"https:\/\/blogg.svenskakyrkan.se\/harhjartatslutatsla\/wp-json\/wp\/v2\/posts\/60\/revisions"}],"predecessor-version":[{"id":128,"href":"https:\/\/blogg.svenskakyrkan.se\/harhjartatslutatsla\/wp-json\/wp\/v2\/posts\/60\/revisions\/128"}],"wp:attachment":[{"href":"https:\/\/blogg.svenskakyrkan.se\/harhjartatslutatsla\/wp-json\/wp\/v2\/media?parent=60"}],"wp:term":[{"taxonomy":"category","embeddable":true,"href":"https:\/\/blogg.svenskakyrkan.se\/harhjartatslutatsla\/wp-json\/wp\/v2\/categories?post=60"},{"taxonomy":"post_tag","embeddable":true,"href":"https:\/\/blogg.svenskakyrkan.se\/harhjartatslutatsla\/wp-json\/wp\/v2\/tags?post=60"}],"curies":[{"name":"wp","href":"https:\/\/api.w.org\/{rel}","templated":true}]}}