{"id":73,"date":"2013-08-21T14:22:38","date_gmt":"2013-08-21T12:22:38","guid":{"rendered":"http:\/\/blogg.svenskakyrkan.se\/harhjartatslutatsla\/?p=73"},"modified":"2013-09-23T21:59:47","modified_gmt":"2013-09-23T19:59:47","slug":"kyrkan-star-oppen","status":"publish","type":"post","link":"https:\/\/blogg.svenskakyrkan.se\/harhjartatslutatsla\/kyrkan-star-oppen\/","title":{"rendered":"Kyrkan st\u00e5r \u00f6ppen"},"content":{"rendered":"<div>\n<p>Tillbakablick:<\/p>\n<p>Det \u00e4r den 2 maj 2013 och ett mejl landar i min inkorg:<\/p>\n<p>&#8221;Hej Helena! L\u00e5ter som n\u00e5got vi g\u00e4rna vill samarbeta om. F\u00f6resl\u00e5r att vi ses inom en snar framtid. Allt Gott! Ingmar Joh\u00e1nsson, Kyrkoherde i <a href=\"http:\/\/www.svenskakyrkan.se\/johannes\" target=\"_blank\">S:t Johannes f\u00f6rsamling<\/a>&#8221;<\/p>\n<p>Jag ville att den som tar del av Har hj\u00e4rtat slutat sl\u00e5? skulle ha en plats att g\u00e5 till n\u00e4r <a href=\"http:\/\/brunnsgatanfyra.se\/\" target=\"_blank\">Teater Brunnsgatan Fyras <\/a>portar slagit igen. Ett rum att t\u00e4nda ett ljus i, ett rum d\u00e4r det finns n\u00e5gon att samtala med (om man vill). Lyh\u00f6rda lyssnare som m\u00e5nga g\u00e5nger sett vad f\u00f6rluster kan g\u00f6ra med en m\u00e4nniska.<\/p>\n<p>Eftersom teatern ligger i St Johannes f\u00f6rsamling hade jag mejlat Ingmar. Kunde de h\u00e5lla kyrkan \u00f6ppen? Svaret ovan kom med v\u00e4ndande post. Lite senare mejlade jag pastor Ulla-Marie Gunner i <a href=\"http:\/\/www.immanuel.se\/\" target=\"_blank\">Immanuelskyrkan<\/a> med samma fr\u00e5ga, men ocks\u00e5 &#8211; kunde vi h\u00e5lla ett genrep f\u00f6r publik hos dem? Som av en h\u00e4ndelse hade Immanuelskyrkan D\u00f6den som tema just den h\u00e4r h\u00f6sten. Det k\u00e4ndes som om n\u00e5gon f\u00f6rt oss samman och de ville mer \u00e4n g\u00e4rna vara med.<\/p>\n<p>Nu \u00e4r det augusti och i n\u00e4sta vecka har jag ett m\u00f6te med representanter f\u00f6r kyrkorna och andra som samverkar runt Har hj\u00e4rtat slutat sl\u00e5?. Vi har blivit m\u00e5nga. K\u00e4nns sk\u00f6nt att vi inte kommer att l\u00e4mna publiken i sticket efter att den sista &#8211; om \u00e4n hoppfulla &#8211; tonen klingat ut.<\/p>\n<p>\/Helena<\/p>\n<\/div>\n<p>&nbsp;<\/p>\n","protected":false},"excerpt":{"rendered":"<p>Tillbakablick: Det \u00e4r den 2 maj 2013 och ett mejl landar i min inkorg: &#8221;Hej Helena! L\u00e5ter som n\u00e5got vi g\u00e4rna vill samarbeta om. F\u00f6resl\u00e5r att vi ses inom en snar framtid. Allt Gott! Ingmar Joh\u00e1nsson, Kyrkoherde i S:t Johannes f\u00f6rsamling&#8221; Jag ville att den som tar del av Har hj\u00e4rtat slutat sl\u00e5? skulle ha [&hellip;]<\/p>\n","protected":false},"author":281,"featured_media":0,"comment_status":"open","ping_status":"open","sticky":false,"template":"","format":"standard","meta":{"_acf_changed":false,"footnotes":""},"categories":[50184,44452,50176],"tags":[44478,44481,44479,8320,44468],"class_list":["post-73","post","type-post","status-publish","format-standard","hentry","category-forestallningen-har-hjartat-slutat-slar","category-helena-andersson-bromander","category-tankar-om-liv-och-dod","tag-ingmar-johansson","tag-nagon-att-tala-med","tag-praster","tag-samtal","tag-st-johannes-forsamling"],"acf":[],"yoast_head":"<!-- This site is optimized with the Yoast SEO plugin v27.1.1 - https:\/\/yoast.com\/product\/yoast-seo-wordpress\/ -->\n<title>Kyrkan st\u00e5r \u00f6ppen - Har hj\u00e4rtat slutat sl\u00e5?<\/title>\n<meta name=\"robots\" content=\"index, follow, max-snippet:-1, max-image-preview:large, max-video-preview:-1\" \/>\n<link rel=\"canonical\" href=\"https:\/\/blogg.svenskakyrkan.se\/harhjartatslutatsla\/kyrkan-star-oppen\/\" \/>\n<meta property=\"og:locale\" content=\"sv_SE\" \/>\n<meta property=\"og:type\" content=\"article\" \/>\n<meta property=\"og:title\" content=\"Kyrkan st\u00e5r \u00f6ppen - Har hj\u00e4rtat slutat sl\u00e5?\" \/>\n<meta property=\"og:description\" content=\"Tillbakablick: Det \u00e4r den 2 maj 2013 och ett mejl landar i min inkorg: &#8221;Hej Helena! L\u00e5ter som n\u00e5got vi g\u00e4rna vill samarbeta om. F\u00f6resl\u00e5r att vi ses inom en snar framtid. Allt Gott! Ingmar Joh\u00e1nsson, Kyrkoherde i S:t Johannes f\u00f6rsamling&#8221; Jag ville att den som tar del av Har hj\u00e4rtat slutat sl\u00e5? skulle ha [&hellip;]\" \/>\n<meta property=\"og:url\" content=\"https:\/\/blogg.svenskakyrkan.se\/harhjartatslutatsla\/kyrkan-star-oppen\/\" \/>\n<meta property=\"og:site_name\" content=\"Har hj\u00e4rtat slutat sl\u00e5?\" \/>\n<meta property=\"article:published_time\" content=\"2013-08-21T12:22:38+00:00\" \/>\n<meta property=\"article:modified_time\" content=\"2013-09-23T19:59:47+00:00\" \/>\n<meta name=\"author\" content=\"admin\" \/>\n<meta name=\"twitter:card\" content=\"summary_large_image\" \/>\n<meta name=\"twitter:label1\" content=\"Skriven av\" \/>\n\t<meta name=\"twitter:data1\" content=\"admin\" \/>\n\t<meta name=\"twitter:label2\" content=\"Ber\u00e4knad l\u00e4stid\" \/>\n\t<meta name=\"twitter:data2\" content=\"1 minut\" \/>\n<script type=\"application\/ld+json\" class=\"yoast-schema-graph\">{\"@context\":\"https:\/\/schema.org\",\"@graph\":[{\"@type\":\"Article\",\"@id\":\"https:\/\/blogg.svenskakyrkan.se\/harhjartatslutatsla\/kyrkan-star-oppen\/#article\",\"isPartOf\":{\"@id\":\"https:\/\/blogg.svenskakyrkan.se\/harhjartatslutatsla\/kyrkan-star-oppen\/\"},\"author\":{\"name\":\"admin\",\"@id\":\"https:\/\/blogg.svenskakyrkan.se\/harhjartatslutatsla\/#\/schema\/person\/d4424e6b5c14e38a71e398f44994f567\"},\"headline\":\"Kyrkan st\u00e5r \u00f6ppen\",\"datePublished\":\"2013-08-21T12:22:38+00:00\",\"dateModified\":\"2013-09-23T19:59:47+00:00\",\"mainEntityOfPage\":{\"@id\":\"https:\/\/blogg.svenskakyrkan.se\/harhjartatslutatsla\/kyrkan-star-oppen\/\"},\"wordCount\":271,\"commentCount\":0,\"keywords\":[\"Ingmar Joh\u00e1nsson\",\"N\u00e5gon att tala med\",\"Pr\u00e4ster\",\"Samtal\",\"St Johannes f\u00f6rsamling\"],\"articleSection\":[\"F\u00f6rest\u00e4llningen Har hj\u00e4rtat slutat sl\u00e5?\",\"Helena Andersson Bromander\",\"Tankar om liv och d\u00f6d\"],\"inLanguage\":\"sv-SE\",\"potentialAction\":[{\"@type\":\"CommentAction\",\"name\":\"Comment\",\"target\":[\"https:\/\/blogg.svenskakyrkan.se\/harhjartatslutatsla\/kyrkan-star-oppen\/#respond\"]}]},{\"@type\":\"WebPage\",\"@id\":\"https:\/\/blogg.svenskakyrkan.se\/harhjartatslutatsla\/kyrkan-star-oppen\/\",\"url\":\"https:\/\/blogg.svenskakyrkan.se\/harhjartatslutatsla\/kyrkan-star-oppen\/\",\"name\":\"Kyrkan st\u00e5r \u00f6ppen - Har hj\u00e4rtat slutat sl\u00e5?\",\"isPartOf\":{\"@id\":\"https:\/\/blogg.svenskakyrkan.se\/harhjartatslutatsla\/#website\"},\"datePublished\":\"2013-08-21T12:22:38+00:00\",\"dateModified\":\"2013-09-23T19:59:47+00:00\",\"author\":{\"@id\":\"https:\/\/blogg.svenskakyrkan.se\/harhjartatslutatsla\/#\/schema\/person\/d4424e6b5c14e38a71e398f44994f567\"},\"breadcrumb\":{\"@id\":\"https:\/\/blogg.svenskakyrkan.se\/harhjartatslutatsla\/kyrkan-star-oppen\/#breadcrumb\"},\"inLanguage\":\"sv-SE\",\"potentialAction\":[{\"@type\":\"ReadAction\",\"target\":[\"https:\/\/blogg.svenskakyrkan.se\/harhjartatslutatsla\/kyrkan-star-oppen\/\"]}]},{\"@type\":\"BreadcrumbList\",\"@id\":\"https:\/\/blogg.svenskakyrkan.se\/harhjartatslutatsla\/kyrkan-star-oppen\/#breadcrumb\",\"itemListElement\":[{\"@type\":\"ListItem\",\"position\":1,\"name\":\"Hem\",\"item\":\"https:\/\/blogg.svenskakyrkan.se\/harhjartatslutatsla\/\"},{\"@type\":\"ListItem\",\"position\":2,\"name\":\"Kyrkan st\u00e5r \u00f6ppen\"}]},{\"@type\":\"WebSite\",\"@id\":\"https:\/\/blogg.svenskakyrkan.se\/harhjartatslutatsla\/#website\",\"url\":\"https:\/\/blogg.svenskakyrkan.se\/harhjartatslutatsla\/\",\"name\":\"Har hj\u00e4rtat slutat sl\u00e5?\",\"description\":\"En musikber\u00e4ttelse om att f\u00f6rlora barn.\",\"potentialAction\":[{\"@type\":\"SearchAction\",\"target\":{\"@type\":\"EntryPoint\",\"urlTemplate\":\"https:\/\/blogg.svenskakyrkan.se\/harhjartatslutatsla\/?s={search_term_string}\"},\"query-input\":{\"@type\":\"PropertyValueSpecification\",\"valueRequired\":true,\"valueName\":\"search_term_string\"}}],\"inLanguage\":\"sv-SE\"},{\"@type\":\"Person\",\"@id\":\"https:\/\/blogg.svenskakyrkan.se\/harhjartatslutatsla\/#\/schema\/person\/d4424e6b5c14e38a71e398f44994f567\",\"name\":\"admin\",\"image\":{\"@type\":\"ImageObject\",\"inLanguage\":\"sv-SE\",\"@id\":\"https:\/\/blogg.svenskakyrkan.se\/harhjartatslutatsla\/#\/schema\/person\/image\/\",\"url\":\"https:\/\/secure.gravatar.com\/avatar\/3c6e76acab0bbea7ed45bf023e2bf8a2aeeb59b1b8aaafe88a4345a469d8886f?s=96&d=mm&r=g\",\"contentUrl\":\"https:\/\/secure.gravatar.com\/avatar\/3c6e76acab0bbea7ed45bf023e2bf8a2aeeb59b1b8aaafe88a4345a469d8886f?s=96&d=mm&r=g\",\"caption\":\"admin\"},\"url\":\"https:\/\/blogg.svenskakyrkan.se\/harhjartatslutatsla\/author\/harhjartatslutatsla\/\"}]}<\/script>\n<!-- \/ Yoast SEO plugin. -->","yoast_head_json":{"title":"Kyrkan st\u00e5r \u00f6ppen - Har hj\u00e4rtat slutat sl\u00e5?","robots":{"index":"index","follow":"follow","max-snippet":"max-snippet:-1","max-image-preview":"max-image-preview:large","max-video-preview":"max-video-preview:-1"},"canonical":"https:\/\/blogg.svenskakyrkan.se\/harhjartatslutatsla\/kyrkan-star-oppen\/","og_locale":"sv_SE","og_type":"article","og_title":"Kyrkan st\u00e5r \u00f6ppen - Har hj\u00e4rtat slutat sl\u00e5?","og_description":"Tillbakablick: Det \u00e4r den 2 maj 2013 och ett mejl landar i min inkorg: &#8221;Hej Helena! L\u00e5ter som n\u00e5got vi g\u00e4rna vill samarbeta om. F\u00f6resl\u00e5r att vi ses inom en snar framtid. Allt Gott! Ingmar Joh\u00e1nsson, Kyrkoherde i S:t Johannes f\u00f6rsamling&#8221; Jag ville att den som tar del av Har hj\u00e4rtat slutat sl\u00e5? skulle ha [&hellip;]","og_url":"https:\/\/blogg.svenskakyrkan.se\/harhjartatslutatsla\/kyrkan-star-oppen\/","og_site_name":"Har hj\u00e4rtat slutat sl\u00e5?","article_published_time":"2013-08-21T12:22:38+00:00","article_modified_time":"2013-09-23T19:59:47+00:00","author":"admin","twitter_card":"summary_large_image","twitter_misc":{"Skriven av":"admin","Ber\u00e4knad l\u00e4stid":"1 minut"},"schema":{"@context":"https:\/\/schema.org","@graph":[{"@type":"Article","@id":"https:\/\/blogg.svenskakyrkan.se\/harhjartatslutatsla\/kyrkan-star-oppen\/#article","isPartOf":{"@id":"https:\/\/blogg.svenskakyrkan.se\/harhjartatslutatsla\/kyrkan-star-oppen\/"},"author":{"name":"admin","@id":"https:\/\/blogg.svenskakyrkan.se\/harhjartatslutatsla\/#\/schema\/person\/d4424e6b5c14e38a71e398f44994f567"},"headline":"Kyrkan st\u00e5r \u00f6ppen","datePublished":"2013-08-21T12:22:38+00:00","dateModified":"2013-09-23T19:59:47+00:00","mainEntityOfPage":{"@id":"https:\/\/blogg.svenskakyrkan.se\/harhjartatslutatsla\/kyrkan-star-oppen\/"},"wordCount":271,"commentCount":0,"keywords":["Ingmar Joh\u00e1nsson","N\u00e5gon att tala med","Pr\u00e4ster","Samtal","St Johannes f\u00f6rsamling"],"articleSection":["F\u00f6rest\u00e4llningen Har hj\u00e4rtat slutat sl\u00e5?","Helena Andersson Bromander","Tankar om liv och d\u00f6d"],"inLanguage":"sv-SE","potentialAction":[{"@type":"CommentAction","name":"Comment","target":["https:\/\/blogg.svenskakyrkan.se\/harhjartatslutatsla\/kyrkan-star-oppen\/#respond"]}]},{"@type":"WebPage","@id":"https:\/\/blogg.svenskakyrkan.se\/harhjartatslutatsla\/kyrkan-star-oppen\/","url":"https:\/\/blogg.svenskakyrkan.se\/harhjartatslutatsla\/kyrkan-star-oppen\/","name":"Kyrkan st\u00e5r \u00f6ppen - Har hj\u00e4rtat slutat sl\u00e5?","isPartOf":{"@id":"https:\/\/blogg.svenskakyrkan.se\/harhjartatslutatsla\/#website"},"datePublished":"2013-08-21T12:22:38+00:00","dateModified":"2013-09-23T19:59:47+00:00","author":{"@id":"https:\/\/blogg.svenskakyrkan.se\/harhjartatslutatsla\/#\/schema\/person\/d4424e6b5c14e38a71e398f44994f567"},"breadcrumb":{"@id":"https:\/\/blogg.svenskakyrkan.se\/harhjartatslutatsla\/kyrkan-star-oppen\/#breadcrumb"},"inLanguage":"sv-SE","potentialAction":[{"@type":"ReadAction","target":["https:\/\/blogg.svenskakyrkan.se\/harhjartatslutatsla\/kyrkan-star-oppen\/"]}]},{"@type":"BreadcrumbList","@id":"https:\/\/blogg.svenskakyrkan.se\/harhjartatslutatsla\/kyrkan-star-oppen\/#breadcrumb","itemListElement":[{"@type":"ListItem","position":1,"name":"Hem","item":"https:\/\/blogg.svenskakyrkan.se\/harhjartatslutatsla\/"},{"@type":"ListItem","position":2,"name":"Kyrkan st\u00e5r \u00f6ppen"}]},{"@type":"WebSite","@id":"https:\/\/blogg.svenskakyrkan.se\/harhjartatslutatsla\/#website","url":"https:\/\/blogg.svenskakyrkan.se\/harhjartatslutatsla\/","name":"Har hj\u00e4rtat slutat sl\u00e5?","description":"En musikber\u00e4ttelse om att f\u00f6rlora barn.","potentialAction":[{"@type":"SearchAction","target":{"@type":"EntryPoint","urlTemplate":"https:\/\/blogg.svenskakyrkan.se\/harhjartatslutatsla\/?s={search_term_string}"},"query-input":{"@type":"PropertyValueSpecification","valueRequired":true,"valueName":"search_term_string"}}],"inLanguage":"sv-SE"},{"@type":"Person","@id":"https:\/\/blogg.svenskakyrkan.se\/harhjartatslutatsla\/#\/schema\/person\/d4424e6b5c14e38a71e398f44994f567","name":"admin","image":{"@type":"ImageObject","inLanguage":"sv-SE","@id":"https:\/\/blogg.svenskakyrkan.se\/harhjartatslutatsla\/#\/schema\/person\/image\/","url":"https:\/\/secure.gravatar.com\/avatar\/3c6e76acab0bbea7ed45bf023e2bf8a2aeeb59b1b8aaafe88a4345a469d8886f?s=96&d=mm&r=g","contentUrl":"https:\/\/secure.gravatar.com\/avatar\/3c6e76acab0bbea7ed45bf023e2bf8a2aeeb59b1b8aaafe88a4345a469d8886f?s=96&d=mm&r=g","caption":"admin"},"url":"https:\/\/blogg.svenskakyrkan.se\/harhjartatslutatsla\/author\/harhjartatslutatsla\/"}]}},"author_meta":{"ID":"281","user_nicename":"harhjartatslutatsla","user_registered":"2013-05-23 11:12:50","display_name":"admin","avatar":"https:\/\/secure.gravatar.com\/avatar\/3c6e76acab0bbea7ed45bf023e2bf8a2aeeb59b1b8aaafe88a4345a469d8886f?s=96&d=mm&r=g"},"featured_image":false,"bloginfo":{"name":"Har hj\u00e4rtat slutat sl\u00e5?","url":"https:\/\/blogg.svenskakyrkan.se\/harhjartatslutatsla"},"_links":{"self":[{"href":"https:\/\/blogg.svenskakyrkan.se\/harhjartatslutatsla\/wp-json\/wp\/v2\/posts\/73","targetHints":{"allow":["GET"]}}],"collection":[{"href":"https:\/\/blogg.svenskakyrkan.se\/harhjartatslutatsla\/wp-json\/wp\/v2\/posts"}],"about":[{"href":"https:\/\/blogg.svenskakyrkan.se\/harhjartatslutatsla\/wp-json\/wp\/v2\/types\/post"}],"author":[{"embeddable":true,"href":"https:\/\/blogg.svenskakyrkan.se\/harhjartatslutatsla\/wp-json\/wp\/v2\/users\/281"}],"replies":[{"embeddable":true,"href":"https:\/\/blogg.svenskakyrkan.se\/harhjartatslutatsla\/wp-json\/wp\/v2\/comments?post=73"}],"version-history":[{"count":15,"href":"https:\/\/blogg.svenskakyrkan.se\/harhjartatslutatsla\/wp-json\/wp\/v2\/posts\/73\/revisions"}],"predecessor-version":[{"id":141,"href":"https:\/\/blogg.svenskakyrkan.se\/harhjartatslutatsla\/wp-json\/wp\/v2\/posts\/73\/revisions\/141"}],"wp:attachment":[{"href":"https:\/\/blogg.svenskakyrkan.se\/harhjartatslutatsla\/wp-json\/wp\/v2\/media?parent=73"}],"wp:term":[{"taxonomy":"category","embeddable":true,"href":"https:\/\/blogg.svenskakyrkan.se\/harhjartatslutatsla\/wp-json\/wp\/v2\/categories?post=73"},{"taxonomy":"post_tag","embeddable":true,"href":"https:\/\/blogg.svenskakyrkan.se\/harhjartatslutatsla\/wp-json\/wp\/v2\/tags?post=73"}],"curies":[{"name":"wp","href":"https:\/\/api.w.org\/{rel}","templated":true}]}}