{"id":1,"date":"2018-06-04T13:54:36","date_gmt":"2018-06-04T11:54:36","guid":{"rendered":"http:\/\/blogg.svenskakyrkan.se\/horrugud\/?p=1"},"modified":"2018-06-14T22:12:54","modified_gmt":"2018-06-14T20:12:54","slug":"hej-varlden","status":"publish","type":"post","link":"https:\/\/blogg.svenskakyrkan.se\/horrugud\/2018\/06\/04\/hej-varlden\/","title":{"rendered":"Om den sv\u00e5rartade typen av blogginl\u00e4gg som kr\u00e4ver fromma och kreativa l\u00e4sare"},"content":{"rendered":"<p>Jag: Jo, du, Gud.<br \/>\nGud: Ja.<br \/>\nJag: Jag har f\u00e5tt en blogg.<br \/>\nGud: Det l\u00e5ter som en v\u00e4lsignelse.<br \/>\nJag: F\u00f6r alla som l\u00e4ser den.<br \/>\nGud: Och kanske \u00e4ven f\u00f6r alla som inte l\u00e4ser den.<br \/>\nJag: F\u00f6r alla helt enkelt.<br \/>\nGud: S\u00e5 kan det f\u00f6rst\u00e5s vara.<br \/>\nJag: Jag t\u00e4nkte att jag skulle skriva upp alla v\u00e5ra imagin\u00e4ra samtal i den bloggen.<br \/>\nGud: Mmm.<br \/>\nJag: De som vi har i mitt huvud liksom.<br \/>\nGud: Ja, de m\u00e5ste ju vara fascinerande och sp\u00e4nnande p\u00e5 en hel m\u00e4ngd olika s\u00e4tt.<br \/>\nJag: Jag vet att du aldrig skulle anv\u00e4nda dig av ironi.<br \/>\nGud: Vem, jag?<br \/>\nJag: S\u00e5 du m\u00e5ste mena varje ord.<br \/>\nGud: Alltid.<br \/>\nJag: S\u00e5 d\u00e5 f\u00f6rst\u00e5r jag dig r\u00e4tt.<br \/>\nGud: N\u00e4stan aldrig.<br \/>\nJag: Men det verkar g\u00e5 bra \u00e4nd\u00e5?<br \/>\nGud: Det finns underverk \u00f6verallt.<br \/>\nJag: Jag \u00e4r bara bekymrad \u00f6ver en sak.<br \/>\nGud: Oh, do tell.<br \/>\nJag: Att folk ska uppfatta det som samtal med n\u00e5gon slags l\u00e5tsasv\u00e4n.<br \/>\nGud: Hur menar du?<br \/>\nJag: Tja, samtalen \u00e4r ju p\u00e5hittade.<br \/>\nGud: Fast den stora fr\u00e5gan \u00e4r vem som hittade p\u00e5 hj\u00e4rnan som hittade p\u00e5 samtalen. T\u00e4nk p\u00e5 den du.<br \/>\nJag: Ja, s\u00e5 sm\u00e5ningom. Men nu t\u00e4nker jag s\u00e5 h\u00e4r: T\u00e4nk om folk tror att DU \u00e4r imagin\u00e4r?<br \/>\nGud: Och t\u00e4nk om de tror att DU \u00e4r imagin\u00e4r.<br \/>\nJag: Jag? Men jag finns ju p\u00e5 riktigt.<br \/>\nGud: Hur vet du det?<br \/>\nJag: F\u00f6r att jag typ&#8230; \u00e4r mig?<br \/>\nGud: Och jag \u00e4r mig.<br \/>\nJag: Det l\u00e5ter fint.<br \/>\nGud: De d\u00e4r gr\u00e4nserna folk har mellan riktigt och p\u00e5hittat. De \u00e4r lite absurda tycker jag.<br \/>\nJag: F\u00f6r att&#8230; du inte finns p\u00e5 riktigt?<br \/>\nGud: Jod\u00e5. Oroa dig inte f\u00f6r det. Men grejen \u00e4r att det finns s\u00e5 m\u00e5nga saker som \u00e4r p\u00e5 riktigt som ingen ens har b\u00f6rjat fundera p\u00e5 att utveckla m\u00f6jligheter att ens p\u00e5b\u00f6rja en f\u00f6rst\u00e5else f\u00f6r att ana \u00e4n s\u00e5 l\u00e4nge.<br \/>\nJag: Eh&#8230;<br \/>\nGud: Problemet \u00e4r n\u00e4stan aldrig att m\u00e4nniskor tror p\u00e5 saker som inte finns.<br \/>\nJag: OK.<br \/>\nGud: Problemet \u00e4r att ni inte tror p\u00e5 en massa saker som faktiskt finns.<br \/>\nJag: Men.<br \/>\nGud: S\u00e5 nu vet du.<br \/>\nJag: N\u00e4stan ingenting faktiskt.<br \/>\nGud: (uppmuntrande) I s\u00e5 fall b\u00f6rjar du fatta.<br \/>\nJag: Det k\u00e4nns fullst\u00e4ndigt som att jag inte alls fattar.<br \/>\nGud: D\u00e5 \u00e4r du n\u00e5got p\u00e5 sp\u00e5ren.<br \/>\nJag: Men.<br \/>\nGud: Det g\u00f6r inget. S\u00e5dana h\u00e4r \u00f6gonblick av klarsyn varar \u00e4nd\u00e5 aldrig s\u00e4rskilt l\u00e4nge.<br \/>\nJag: Eh. Sk\u00f6nt?<br \/>\nGud: Du \u00e4r snart dig lik igen.<br \/>\nJag: Det k\u00e4nns tryggt.<br \/>\nGud: Det tycker jag ocks\u00e5.<\/p>\n","protected":false},"excerpt":{"rendered":"<p>Jag: Jo, du, Gud. Gud: Ja. Jag: Jag har f\u00e5tt en blogg. Gud: Det l\u00e5ter som en v\u00e4lsignelse. Jag: F\u00f6r alla som l\u00e4ser den. Gud: Och kanske \u00e4ven f\u00f6r alla som inte l\u00e4ser den. Jag: F\u00f6r alla helt enkelt. Gud: S\u00e5 kan det f\u00f6rst\u00e5s vara. Jag: Jag t\u00e4nkte att jag skulle skriva upp alla v\u00e5ra [&hellip;]<\/p>\n","protected":false},"author":569,"featured_media":13,"comment_status":"open","ping_status":"open","sticky":false,"template":"","format":"standard","meta":{"_acf_changed":false,"footnotes":""},"categories":[61608],"tags":[160712,162955,8285],"class_list":["post-1","post","type-post","status-publish","format-standard","has-post-thumbnail","hentry","category-vandring","tag-en-gang-ska-gud-och-jag","tag-horru-gud","tag-moten"],"acf":[],"yoast_head":"<!-- This site is optimized with the Yoast SEO plugin v27.1.1 - https:\/\/yoast.com\/product\/yoast-seo-wordpress\/ -->\n<title>Om den sv\u00e5rartade typen av blogginl\u00e4gg som kr\u00e4ver fromma och kreativa l\u00e4sare - H\u00f6rru Gud<\/title>\n<meta name=\"robots\" content=\"index, follow, max-snippet:-1, max-image-preview:large, max-video-preview:-1\" \/>\n<link rel=\"canonical\" href=\"https:\/\/blogg.svenskakyrkan.se\/horrugud\/2018\/06\/04\/hej-varlden\/\" \/>\n<meta property=\"og:locale\" content=\"sv_SE\" \/>\n<meta property=\"og:type\" content=\"article\" \/>\n<meta property=\"og:title\" content=\"Om den sv\u00e5rartade typen av blogginl\u00e4gg som kr\u00e4ver fromma och kreativa l\u00e4sare - H\u00f6rru Gud\" \/>\n<meta property=\"og:description\" content=\"Jag: Jo, du, Gud. Gud: Ja. Jag: Jag har f\u00e5tt en blogg. Gud: Det l\u00e5ter som en v\u00e4lsignelse. Jag: F\u00f6r alla som l\u00e4ser den. Gud: Och kanske \u00e4ven f\u00f6r alla som inte l\u00e4ser den. Jag: F\u00f6r alla helt enkelt. Gud: S\u00e5 kan det f\u00f6rst\u00e5s vara. Jag: Jag t\u00e4nkte att jag skulle skriva upp alla v\u00e5ra [&hellip;]\" \/>\n<meta property=\"og:url\" content=\"https:\/\/blogg.svenskakyrkan.se\/horrugud\/2018\/06\/04\/hej-varlden\/\" \/>\n<meta property=\"og:site_name\" content=\"H\u00f6rru Gud\" \/>\n<meta property=\"article:published_time\" content=\"2018-06-04T11:54:36+00:00\" \/>\n<meta property=\"article:modified_time\" content=\"2018-06-14T20:12:54+00:00\" \/>\n<meta property=\"og:image\" content=\"https:\/\/blogg.svenskakyrkan.se\/horrugud\/files\/2018\/06\/5A1C2E9D-6740-46F6-B303-EE67223EF41C.jpeg\" \/>\n\t<meta property=\"og:image:width\" content=\"1505\" \/>\n\t<meta property=\"og:image:height\" content=\"1021\" \/>\n\t<meta property=\"og:image:type\" content=\"image\/jpeg\" \/>\n<meta name=\"author\" content=\"Charlotte Frycklund, pr\u00e4st\" \/>\n<meta name=\"twitter:card\" content=\"summary_large_image\" \/>\n<meta name=\"twitter:label1\" content=\"Skriven av\" \/>\n\t<meta name=\"twitter:data1\" content=\"Charlotte Frycklund, pr\u00e4st\" \/>\n\t<meta name=\"twitter:label2\" content=\"Ber\u00e4knad l\u00e4stid\" \/>\n\t<meta name=\"twitter:data2\" content=\"2 minuter\" \/>\n<script type=\"application\/ld+json\" class=\"yoast-schema-graph\">{\"@context\":\"https:\/\/schema.org\",\"@graph\":[{\"@type\":\"Article\",\"@id\":\"https:\/\/blogg.svenskakyrkan.se\/horrugud\/2018\/06\/04\/hej-varlden\/#article\",\"isPartOf\":{\"@id\":\"https:\/\/blogg.svenskakyrkan.se\/horrugud\/2018\/06\/04\/hej-varlden\/\"},\"author\":{\"name\":\"Charlotte Frycklund, pr\u00e4st\",\"@id\":\"https:\/\/blogg.svenskakyrkan.se\/horrugud\/#\/schema\/person\/595d75da5bf93cf9ca814c398b63ed6d\"},\"headline\":\"Om den sv\u00e5rartade typen av blogginl\u00e4gg som kr\u00e4ver fromma och kreativa l\u00e4sare\",\"datePublished\":\"2018-06-04T11:54:36+00:00\",\"dateModified\":\"2018-06-14T20:12:54+00:00\",\"mainEntityOfPage\":{\"@id\":\"https:\/\/blogg.svenskakyrkan.se\/horrugud\/2018\/06\/04\/hej-varlden\/\"},\"wordCount\":492,\"commentCount\":1,\"image\":{\"@id\":\"https:\/\/blogg.svenskakyrkan.se\/horrugud\/2018\/06\/04\/hej-varlden\/#primaryimage\"},\"thumbnailUrl\":\"https:\/\/blogg.svenskakyrkan.se\/horrugud\/files\/2018\/06\/5A1C2E9D-6740-46F6-B303-EE67223EF41C.jpeg\",\"keywords\":[\"En g\u00e5ng ska Gud och jag\",\"H\u00f6rru Gud\",\"M\u00f6ten\"],\"articleSection\":[\"Vandring\"],\"inLanguage\":\"sv-SE\",\"potentialAction\":[{\"@type\":\"CommentAction\",\"name\":\"Comment\",\"target\":[\"https:\/\/blogg.svenskakyrkan.se\/horrugud\/2018\/06\/04\/hej-varlden\/#respond\"]}]},{\"@type\":\"WebPage\",\"@id\":\"https:\/\/blogg.svenskakyrkan.se\/horrugud\/2018\/06\/04\/hej-varlden\/\",\"url\":\"https:\/\/blogg.svenskakyrkan.se\/horrugud\/2018\/06\/04\/hej-varlden\/\",\"name\":\"Om den sv\u00e5rartade typen av blogginl\u00e4gg som kr\u00e4ver fromma och kreativa l\u00e4sare - H\u00f6rru Gud\",\"isPartOf\":{\"@id\":\"https:\/\/blogg.svenskakyrkan.se\/horrugud\/#website\"},\"primaryImageOfPage\":{\"@id\":\"https:\/\/blogg.svenskakyrkan.se\/horrugud\/2018\/06\/04\/hej-varlden\/#primaryimage\"},\"image\":{\"@id\":\"https:\/\/blogg.svenskakyrkan.se\/horrugud\/2018\/06\/04\/hej-varlden\/#primaryimage\"},\"thumbnailUrl\":\"https:\/\/blogg.svenskakyrkan.se\/horrugud\/files\/2018\/06\/5A1C2E9D-6740-46F6-B303-EE67223EF41C.jpeg\",\"datePublished\":\"2018-06-04T11:54:36+00:00\",\"dateModified\":\"2018-06-14T20:12:54+00:00\",\"author\":{\"@id\":\"https:\/\/blogg.svenskakyrkan.se\/horrugud\/#\/schema\/person\/595d75da5bf93cf9ca814c398b63ed6d\"},\"breadcrumb\":{\"@id\":\"https:\/\/blogg.svenskakyrkan.se\/horrugud\/2018\/06\/04\/hej-varlden\/#breadcrumb\"},\"inLanguage\":\"sv-SE\",\"potentialAction\":[{\"@type\":\"ReadAction\",\"target\":[\"https:\/\/blogg.svenskakyrkan.se\/horrugud\/2018\/06\/04\/hej-varlden\/\"]}]},{\"@type\":\"ImageObject\",\"inLanguage\":\"sv-SE\",\"@id\":\"https:\/\/blogg.svenskakyrkan.se\/horrugud\/2018\/06\/04\/hej-varlden\/#primaryimage\",\"url\":\"https:\/\/blogg.svenskakyrkan.se\/horrugud\/files\/2018\/06\/5A1C2E9D-6740-46F6-B303-EE67223EF41C.jpeg\",\"contentUrl\":\"https:\/\/blogg.svenskakyrkan.se\/horrugud\/files\/2018\/06\/5A1C2E9D-6740-46F6-B303-EE67223EF41C.jpeg\",\"width\":1505,\"height\":1021},{\"@type\":\"BreadcrumbList\",\"@id\":\"https:\/\/blogg.svenskakyrkan.se\/horrugud\/2018\/06\/04\/hej-varlden\/#breadcrumb\",\"itemListElement\":[{\"@type\":\"ListItem\",\"position\":1,\"name\":\"Hem\",\"item\":\"https:\/\/blogg.svenskakyrkan.se\/horrugud\/\"},{\"@type\":\"ListItem\",\"position\":2,\"name\":\"Om den sv\u00e5rartade typen av blogginl\u00e4gg som kr\u00e4ver fromma och kreativa l\u00e4sare\"}]},{\"@type\":\"WebSite\",\"@id\":\"https:\/\/blogg.svenskakyrkan.se\/horrugud\/#website\",\"url\":\"https:\/\/blogg.svenskakyrkan.se\/horrugud\/\",\"name\":\"H\u00f6rru Gud\",\"description\":\"Hypotetiska samtal med v\u00e5r Herre\",\"potentialAction\":[{\"@type\":\"SearchAction\",\"target\":{\"@type\":\"EntryPoint\",\"urlTemplate\":\"https:\/\/blogg.svenskakyrkan.se\/horrugud\/?s={search_term_string}\"},\"query-input\":{\"@type\":\"PropertyValueSpecification\",\"valueRequired\":true,\"valueName\":\"search_term_string\"}}],\"inLanguage\":\"sv-SE\"},{\"@type\":\"Person\",\"@id\":\"https:\/\/blogg.svenskakyrkan.se\/horrugud\/#\/schema\/person\/595d75da5bf93cf9ca814c398b63ed6d\",\"name\":\"Charlotte Frycklund, pr\u00e4st\",\"image\":{\"@type\":\"ImageObject\",\"inLanguage\":\"sv-SE\",\"@id\":\"https:\/\/blogg.svenskakyrkan.se\/horrugud\/#\/schema\/person\/image\/\",\"url\":\"https:\/\/secure.gravatar.com\/avatar\/10f37b82bf44def60f716a446302420cc1eb214cca306b573a488614ab47ee87?s=96&d=mm&r=g\",\"contentUrl\":\"https:\/\/secure.gravatar.com\/avatar\/10f37b82bf44def60f716a446302420cc1eb214cca306b573a488614ab47ee87?s=96&d=mm&r=g\",\"caption\":\"Charlotte Frycklund, pr\u00e4st\"},\"url\":\"https:\/\/blogg.svenskakyrkan.se\/horrugud\/author\/charlottefrycklund\/\"}]}<\/script>\n<!-- \/ Yoast SEO plugin. -->","yoast_head_json":{"title":"Om den sv\u00e5rartade typen av blogginl\u00e4gg som kr\u00e4ver fromma och kreativa l\u00e4sare - H\u00f6rru Gud","robots":{"index":"index","follow":"follow","max-snippet":"max-snippet:-1","max-image-preview":"max-image-preview:large","max-video-preview":"max-video-preview:-1"},"canonical":"https:\/\/blogg.svenskakyrkan.se\/horrugud\/2018\/06\/04\/hej-varlden\/","og_locale":"sv_SE","og_type":"article","og_title":"Om den sv\u00e5rartade typen av blogginl\u00e4gg som kr\u00e4ver fromma och kreativa l\u00e4sare - H\u00f6rru Gud","og_description":"Jag: Jo, du, Gud. Gud: Ja. Jag: Jag har f\u00e5tt en blogg. Gud: Det l\u00e5ter som en v\u00e4lsignelse. Jag: F\u00f6r alla som l\u00e4ser den. Gud: Och kanske \u00e4ven f\u00f6r alla som inte l\u00e4ser den. Jag: F\u00f6r alla helt enkelt. Gud: S\u00e5 kan det f\u00f6rst\u00e5s vara. Jag: Jag t\u00e4nkte att jag skulle skriva upp alla v\u00e5ra [&hellip;]","og_url":"https:\/\/blogg.svenskakyrkan.se\/horrugud\/2018\/06\/04\/hej-varlden\/","og_site_name":"H\u00f6rru Gud","article_published_time":"2018-06-04T11:54:36+00:00","article_modified_time":"2018-06-14T20:12:54+00:00","og_image":[{"width":1505,"height":1021,"url":"https:\/\/blogg.svenskakyrkan.se\/horrugud\/files\/2018\/06\/5A1C2E9D-6740-46F6-B303-EE67223EF41C.jpeg","type":"image\/jpeg"}],"author":"Charlotte Frycklund, pr\u00e4st","twitter_card":"summary_large_image","twitter_misc":{"Skriven av":"Charlotte Frycklund, pr\u00e4st","Ber\u00e4knad l\u00e4stid":"2 minuter"},"schema":{"@context":"https:\/\/schema.org","@graph":[{"@type":"Article","@id":"https:\/\/blogg.svenskakyrkan.se\/horrugud\/2018\/06\/04\/hej-varlden\/#article","isPartOf":{"@id":"https:\/\/blogg.svenskakyrkan.se\/horrugud\/2018\/06\/04\/hej-varlden\/"},"author":{"name":"Charlotte Frycklund, pr\u00e4st","@id":"https:\/\/blogg.svenskakyrkan.se\/horrugud\/#\/schema\/person\/595d75da5bf93cf9ca814c398b63ed6d"},"headline":"Om den sv\u00e5rartade typen av blogginl\u00e4gg som kr\u00e4ver fromma och kreativa l\u00e4sare","datePublished":"2018-06-04T11:54:36+00:00","dateModified":"2018-06-14T20:12:54+00:00","mainEntityOfPage":{"@id":"https:\/\/blogg.svenskakyrkan.se\/horrugud\/2018\/06\/04\/hej-varlden\/"},"wordCount":492,"commentCount":1,"image":{"@id":"https:\/\/blogg.svenskakyrkan.se\/horrugud\/2018\/06\/04\/hej-varlden\/#primaryimage"},"thumbnailUrl":"https:\/\/blogg.svenskakyrkan.se\/horrugud\/files\/2018\/06\/5A1C2E9D-6740-46F6-B303-EE67223EF41C.jpeg","keywords":["En g\u00e5ng ska Gud och jag","H\u00f6rru Gud","M\u00f6ten"],"articleSection":["Vandring"],"inLanguage":"sv-SE","potentialAction":[{"@type":"CommentAction","name":"Comment","target":["https:\/\/blogg.svenskakyrkan.se\/horrugud\/2018\/06\/04\/hej-varlden\/#respond"]}]},{"@type":"WebPage","@id":"https:\/\/blogg.svenskakyrkan.se\/horrugud\/2018\/06\/04\/hej-varlden\/","url":"https:\/\/blogg.svenskakyrkan.se\/horrugud\/2018\/06\/04\/hej-varlden\/","name":"Om den sv\u00e5rartade typen av blogginl\u00e4gg som kr\u00e4ver fromma och kreativa l\u00e4sare - H\u00f6rru Gud","isPartOf":{"@id":"https:\/\/blogg.svenskakyrkan.se\/horrugud\/#website"},"primaryImageOfPage":{"@id":"https:\/\/blogg.svenskakyrkan.se\/horrugud\/2018\/06\/04\/hej-varlden\/#primaryimage"},"image":{"@id":"https:\/\/blogg.svenskakyrkan.se\/horrugud\/2018\/06\/04\/hej-varlden\/#primaryimage"},"thumbnailUrl":"https:\/\/blogg.svenskakyrkan.se\/horrugud\/files\/2018\/06\/5A1C2E9D-6740-46F6-B303-EE67223EF41C.jpeg","datePublished":"2018-06-04T11:54:36+00:00","dateModified":"2018-06-14T20:12:54+00:00","author":{"@id":"https:\/\/blogg.svenskakyrkan.se\/horrugud\/#\/schema\/person\/595d75da5bf93cf9ca814c398b63ed6d"},"breadcrumb":{"@id":"https:\/\/blogg.svenskakyrkan.se\/horrugud\/2018\/06\/04\/hej-varlden\/#breadcrumb"},"inLanguage":"sv-SE","potentialAction":[{"@type":"ReadAction","target":["https:\/\/blogg.svenskakyrkan.se\/horrugud\/2018\/06\/04\/hej-varlden\/"]}]},{"@type":"ImageObject","inLanguage":"sv-SE","@id":"https:\/\/blogg.svenskakyrkan.se\/horrugud\/2018\/06\/04\/hej-varlden\/#primaryimage","url":"https:\/\/blogg.svenskakyrkan.se\/horrugud\/files\/2018\/06\/5A1C2E9D-6740-46F6-B303-EE67223EF41C.jpeg","contentUrl":"https:\/\/blogg.svenskakyrkan.se\/horrugud\/files\/2018\/06\/5A1C2E9D-6740-46F6-B303-EE67223EF41C.jpeg","width":1505,"height":1021},{"@type":"BreadcrumbList","@id":"https:\/\/blogg.svenskakyrkan.se\/horrugud\/2018\/06\/04\/hej-varlden\/#breadcrumb","itemListElement":[{"@type":"ListItem","position":1,"name":"Hem","item":"https:\/\/blogg.svenskakyrkan.se\/horrugud\/"},{"@type":"ListItem","position":2,"name":"Om den sv\u00e5rartade typen av blogginl\u00e4gg som kr\u00e4ver fromma och kreativa l\u00e4sare"}]},{"@type":"WebSite","@id":"https:\/\/blogg.svenskakyrkan.se\/horrugud\/#website","url":"https:\/\/blogg.svenskakyrkan.se\/horrugud\/","name":"H\u00f6rru Gud","description":"Hypotetiska samtal med v\u00e5r Herre","potentialAction":[{"@type":"SearchAction","target":{"@type":"EntryPoint","urlTemplate":"https:\/\/blogg.svenskakyrkan.se\/horrugud\/?s={search_term_string}"},"query-input":{"@type":"PropertyValueSpecification","valueRequired":true,"valueName":"search_term_string"}}],"inLanguage":"sv-SE"},{"@type":"Person","@id":"https:\/\/blogg.svenskakyrkan.se\/horrugud\/#\/schema\/person\/595d75da5bf93cf9ca814c398b63ed6d","name":"Charlotte Frycklund, pr\u00e4st","image":{"@type":"ImageObject","inLanguage":"sv-SE","@id":"https:\/\/blogg.svenskakyrkan.se\/horrugud\/#\/schema\/person\/image\/","url":"https:\/\/secure.gravatar.com\/avatar\/10f37b82bf44def60f716a446302420cc1eb214cca306b573a488614ab47ee87?s=96&d=mm&r=g","contentUrl":"https:\/\/secure.gravatar.com\/avatar\/10f37b82bf44def60f716a446302420cc1eb214cca306b573a488614ab47ee87?s=96&d=mm&r=g","caption":"Charlotte Frycklund, pr\u00e4st"},"url":"https:\/\/blogg.svenskakyrkan.se\/horrugud\/author\/charlottefrycklund\/"}]}},"author_meta":{"ID":"569","user_nicename":"charlottefrycklund","user_registered":"2016-05-24 11:46:19","display_name":"Charlotte Frycklund, pr\u00e4st","first_name":"Charlotte","last_name":"Frycklund, pr\u00e4st","avatar":"https:\/\/secure.gravatar.com\/avatar\/10f37b82bf44def60f716a446302420cc1eb214cca306b573a488614ab47ee87?s=96&d=mm&r=g"},"featured_image":["https:\/\/blogg.svenskakyrkan.se\/horrugud\/files\/2018\/06\/5A1C2E9D-6740-46F6-B303-EE67223EF41C-1024x695.jpeg",1024,695,true],"bloginfo":{"name":"H\u00f6rru Gud","url":"https:\/\/blogg.svenskakyrkan.se\/horrugud"},"_links":{"self":[{"href":"https:\/\/blogg.svenskakyrkan.se\/horrugud\/wp-json\/wp\/v2\/posts\/1","targetHints":{"allow":["GET"]}}],"collection":[{"href":"https:\/\/blogg.svenskakyrkan.se\/horrugud\/wp-json\/wp\/v2\/posts"}],"about":[{"href":"https:\/\/blogg.svenskakyrkan.se\/horrugud\/wp-json\/wp\/v2\/types\/post"}],"author":[{"embeddable":true,"href":"https:\/\/blogg.svenskakyrkan.se\/horrugud\/wp-json\/wp\/v2\/users\/569"}],"replies":[{"embeddable":true,"href":"https:\/\/blogg.svenskakyrkan.se\/horrugud\/wp-json\/wp\/v2\/comments?post=1"}],"version-history":[{"count":3,"href":"https:\/\/blogg.svenskakyrkan.se\/horrugud\/wp-json\/wp\/v2\/posts\/1\/revisions"}],"predecessor-version":[{"id":15,"href":"https:\/\/blogg.svenskakyrkan.se\/horrugud\/wp-json\/wp\/v2\/posts\/1\/revisions\/15"}],"wp:featuredmedia":[{"embeddable":true,"href":"https:\/\/blogg.svenskakyrkan.se\/horrugud\/wp-json\/wp\/v2\/media\/13"}],"wp:attachment":[{"href":"https:\/\/blogg.svenskakyrkan.se\/horrugud\/wp-json\/wp\/v2\/media?parent=1"}],"wp:term":[{"taxonomy":"category","embeddable":true,"href":"https:\/\/blogg.svenskakyrkan.se\/horrugud\/wp-json\/wp\/v2\/categories?post=1"},{"taxonomy":"post_tag","embeddable":true,"href":"https:\/\/blogg.svenskakyrkan.se\/horrugud\/wp-json\/wp\/v2\/tags?post=1"}],"curies":[{"name":"wp","href":"https:\/\/api.w.org\/{rel}","templated":true}]}}