{"id":100,"date":"2018-06-14T21:06:20","date_gmt":"2018-06-14T19:06:20","guid":{"rendered":"http:\/\/blogg.svenskakyrkan.se\/horrugud\/?p=100"},"modified":"2018-06-15T20:35:31","modified_gmt":"2018-06-15T18:35:31","slug":"fast-kanske-mest-effektivt-som-en-talovning","status":"publish","type":"post","link":"https:\/\/blogg.svenskakyrkan.se\/horrugud\/2018\/06\/14\/fast-kanske-mest-effektivt-som-en-talovning\/","title":{"rendered":"Fast kanske mest effektivt som en tal\u00f6vning"},"content":{"rendered":"<p>Jag: Vet du vad som \u00e4r s\u00e5 bra med mig?<br \/>\nGud: Din skapare?<br \/>\nJag: Ja&#8230; ok.  Om du ska h\u00e5lla p\u00e5 och ta \u00e5t dig all \u00e4ran s\u00e5. Men en annan grej. S\u00e4g! Vet du? Vet du?<br \/>\nGud: Jag vill p\u00e5minna om att jag \u00e4r allvetande.<br \/>\nJag: S\u00e5 du vet vad som \u00e4r s\u00e5 bra med mig?<br \/>\nGud: Jag&#8230; vet knappt var jag ska b\u00f6rja.<br \/>\nJag: Men s\u00e4rskild en grej. En extra j\u00e4ttebra grej.<br \/>\nGud: Ah. Den.<br \/>\nJag: Just den.<br \/>\nGud: Den \u00e4r bra.<br \/>\nJag: Ja. Att jag aldrig d\u00f6mer n\u00e5gon.<br \/>\nGud: V\u00e4ldigt fint om man kan l\u00e5ta bli det.<br \/>\nJag: Jag kan l\u00e5ta bli det.<br \/>\nGud: (om jag t\u00e4nker efter \u00e4r det m\u00f6jligt att det skulle vara l\u00e4tt att urskilja att det \u00e4r exakt samma tonfall som n\u00e4r jag sagt \u00e5t tre\u00e5ring att deras teckningar \u00e4r j\u00e4ttefina, men som tur \u00e4r t\u00e4nker jag inte efter) Du \u00e4r j\u00e4tteduktig.<br \/>\nJag: Jag skulle aldrig d\u00f6ma n\u00e5gon annan, och vet du varf\u00f6r?<br \/>\nGud: F\u00f6r att jag har sagt \u00e5t dig att l\u00e5ta bli?<br \/>\nJag: F\u00f6r att&#8230; det var v\u00e4rst vad du tar \u00e5t dig \u00e4ran hela tiden. Nej, f\u00f6r att jag t\u00e4nker efter f\u00f6rst. Jag t\u00e4nker efter hur det skulle vara att vara i den personens skor. Och s\u00e5 d\u00f6mer jag inte.<br \/>\nGud: Fint.<br \/>\nJag: Ja.<br \/>\nGud: Det vore en bra v\u00e4rld utan f\u00f6rd\u00f6manden.<br \/>\nJag: Ja. Jag hatar n\u00e4r folk d\u00f6mer andra. Jag kan inte f\u00f6rst\u00e5 dem. Jag kan inte ACCEPTERA dem.<br \/>\nGud: Men du d\u00f6mer dem naturligtvis inte?<br \/>\nJag: Sj\u00e4lvklart inte. Men jag bara&#8230; jag bara s\u00e4ger att jag tycker inte att det \u00e4r ok som de h\u00e5ller p\u00e5.<br \/>\nGud: Som de h\u00e5ller p\u00e5 med vad\u00e5?<br \/>\nJag: Med att d\u00f6ma andra och h\u00e5lla p\u00e5.<br \/>\nGud: Nej, d\u00e4r s\u00e4tter du ner foten.<br \/>\nJag: Jajamensan.<br \/>\nGud: Du vet vad du tycker, du.<br \/>\nJag: Ja.<br \/>\nGud: Och \u00e4r inte r\u00e4dd f\u00f6r att s\u00e4ga det.<br \/>\nJag: Nej.<br \/>\nGud: \u00c4ven n\u00e4r det \u00e4r helt ologiskt.<br \/>\nJag: Vad\u00e5? Vad\u00e5 helt ologiskt? (Listigt) Nu tycker jag att du d\u00f6mer mig faktiskt.<br \/>\nGud: Nej, jag bara s\u00e4ger att det \u00e4r inte m\u00f6jligt att b\u00e5de l\u00e5ta bli att d\u00f6ma folk och f\u00f6rd\u00f6ma dem som d\u00f6mer folk.<br \/>\nJag: Men jag f\u00f6rd\u00f6mer dem inte, jag bara&#8230; jag bara s\u00e4ger att jag inte gillar det d\u00e4r dumma de g\u00f6r.<br \/>\nGud: P\u00e5minn mig igen om vad skillnaden \u00e4r mellan att d\u00f6ma folk och att s\u00e4ga att de \u00e4r dumma.<br \/>\nJag: D\u00f6ma stavas med ett m och dumma med tv\u00e5?<br \/>\nGud: Det \u00e4r i och f\u00f6r sig en skillnad.<br \/>\nJag: Jag \u00e4r inte dum. Och jag d\u00f6mer ingen. Utom de dumma. De som d\u00f6mer.<br \/>\nGud: Det h\u00e4r b\u00f6rjar bli som en tal\u00f6vning f\u00f6r folk som beh\u00f6ver \u00f6va p\u00e5 det korta u-ljudet och det korta \u00f6-ljudet. &#8221;Dum d\u00f6mer, dumma d\u00f6mer&#8221;.<br \/>\nJag: Och ocks\u00e5 som en fin utsaga om sj\u00e4lvaste livet och hur bra det blir n\u00e4r man inte d\u00f6mer.<br \/>\nGud: Fast kanske mer effektivt som en tal\u00f6vning.<br \/>\nJag: Du ser alltid allting s\u00e5 &#8211;<br \/>\nGud: Positivt. Kan man inte vara fullst\u00e4ndigt logisk i sin etik kan man \u00e5tminstone vara ett f\u00f6red\u00f6me i konsten att tala tydligt.<br \/>\nJag: F\u00f6red\u00f6me. Det \u00e4r ett fint ord.<br \/>\nGud: Ja.<br \/>\nJag: Jag d\u00f6mer ingen. Jag bara f\u00f6red\u00f6mer. S\u00e5 kan vi s\u00e4ga.<br \/>\nGud: Det kanske vi kan.<br \/>\nJag: Tur att du har mig.<br \/>\nGud: Och kanske tur att du har mig.<br \/>\nJag: Och att du har mig.<\/p>\n","protected":false},"excerpt":{"rendered":"<p>Jag: Vet du vad som \u00e4r s\u00e5 bra med mig? Gud: Din skapare? Jag: Ja&#8230; ok. Om du ska h\u00e5lla p\u00e5 och ta \u00e5t dig all \u00e4ran s\u00e5. Men en annan grej. S\u00e4g! Vet du? Vet du? Gud: Jag vill p\u00e5minna om att jag \u00e4r allvetande. Jag: S\u00e5 du vet vad som \u00e4r s\u00e5 bra [&hellip;]<\/p>\n","protected":false},"author":569,"featured_media":0,"comment_status":"open","ping_status":"open","sticky":false,"template":"","format":"standard","meta":{"_acf_changed":false,"footnotes":""},"categories":[61608],"tags":[160712,162955],"class_list":["post-100","post","type-post","status-publish","format-standard","hentry","category-vandring","tag-en-gang-ska-gud-och-jag","tag-horru-gud"],"acf":[],"yoast_head":"<!-- This site is optimized with the Yoast SEO plugin v27.1.1 - https:\/\/yoast.com\/product\/yoast-seo-wordpress\/ -->\n<title>Fast kanske mest effektivt som en tal\u00f6vning - H\u00f6rru Gud<\/title>\n<meta name=\"robots\" content=\"index, follow, max-snippet:-1, max-image-preview:large, max-video-preview:-1\" \/>\n<link rel=\"canonical\" href=\"https:\/\/blogg.svenskakyrkan.se\/horrugud\/2018\/06\/14\/fast-kanske-mest-effektivt-som-en-talovning\/\" \/>\n<meta property=\"og:locale\" content=\"sv_SE\" \/>\n<meta property=\"og:type\" content=\"article\" \/>\n<meta property=\"og:title\" content=\"Fast kanske mest effektivt som en tal\u00f6vning - H\u00f6rru Gud\" \/>\n<meta property=\"og:description\" content=\"Jag: Vet du vad som \u00e4r s\u00e5 bra med mig? Gud: Din skapare? Jag: Ja&#8230; ok. Om du ska h\u00e5lla p\u00e5 och ta \u00e5t dig all \u00e4ran s\u00e5. Men en annan grej. S\u00e4g! Vet du? Vet du? Gud: Jag vill p\u00e5minna om att jag \u00e4r allvetande. Jag: S\u00e5 du vet vad som \u00e4r s\u00e5 bra [&hellip;]\" \/>\n<meta property=\"og:url\" content=\"https:\/\/blogg.svenskakyrkan.se\/horrugud\/2018\/06\/14\/fast-kanske-mest-effektivt-som-en-talovning\/\" \/>\n<meta property=\"og:site_name\" content=\"H\u00f6rru Gud\" \/>\n<meta property=\"article:published_time\" content=\"2018-06-14T19:06:20+00:00\" \/>\n<meta property=\"article:modified_time\" content=\"2018-06-15T18:35:31+00:00\" \/>\n<meta name=\"author\" content=\"Charlotte Frycklund, pr\u00e4st\" \/>\n<meta name=\"twitter:card\" content=\"summary_large_image\" \/>\n<meta name=\"twitter:label1\" content=\"Skriven av\" \/>\n\t<meta name=\"twitter:data1\" content=\"Charlotte Frycklund, pr\u00e4st\" \/>\n\t<meta name=\"twitter:label2\" content=\"Ber\u00e4knad l\u00e4stid\" \/>\n\t<meta name=\"twitter:data2\" content=\"3 minuter\" \/>\n<script type=\"application\/ld+json\" class=\"yoast-schema-graph\">{\"@context\":\"https:\/\/schema.org\",\"@graph\":[{\"@type\":\"Article\",\"@id\":\"https:\/\/blogg.svenskakyrkan.se\/horrugud\/2018\/06\/14\/fast-kanske-mest-effektivt-som-en-talovning\/#article\",\"isPartOf\":{\"@id\":\"https:\/\/blogg.svenskakyrkan.se\/horrugud\/2018\/06\/14\/fast-kanske-mest-effektivt-som-en-talovning\/\"},\"author\":{\"name\":\"Charlotte Frycklund, pr\u00e4st\",\"@id\":\"https:\/\/blogg.svenskakyrkan.se\/horrugud\/#\/schema\/person\/595d75da5bf93cf9ca814c398b63ed6d\"},\"headline\":\"Fast kanske mest effektivt som en tal\u00f6vning\",\"datePublished\":\"2018-06-14T19:06:20+00:00\",\"dateModified\":\"2018-06-15T18:35:31+00:00\",\"mainEntityOfPage\":{\"@id\":\"https:\/\/blogg.svenskakyrkan.se\/horrugud\/2018\/06\/14\/fast-kanske-mest-effektivt-som-en-talovning\/\"},\"wordCount\":654,\"commentCount\":1,\"keywords\":[\"En g\u00e5ng ska Gud och jag\",\"H\u00f6rru Gud\"],\"articleSection\":[\"Vandring\"],\"inLanguage\":\"sv-SE\",\"potentialAction\":[{\"@type\":\"CommentAction\",\"name\":\"Comment\",\"target\":[\"https:\/\/blogg.svenskakyrkan.se\/horrugud\/2018\/06\/14\/fast-kanske-mest-effektivt-som-en-talovning\/#respond\"]}]},{\"@type\":\"WebPage\",\"@id\":\"https:\/\/blogg.svenskakyrkan.se\/horrugud\/2018\/06\/14\/fast-kanske-mest-effektivt-som-en-talovning\/\",\"url\":\"https:\/\/blogg.svenskakyrkan.se\/horrugud\/2018\/06\/14\/fast-kanske-mest-effektivt-som-en-talovning\/\",\"name\":\"Fast kanske mest effektivt som en tal\u00f6vning - H\u00f6rru Gud\",\"isPartOf\":{\"@id\":\"https:\/\/blogg.svenskakyrkan.se\/horrugud\/#website\"},\"datePublished\":\"2018-06-14T19:06:20+00:00\",\"dateModified\":\"2018-06-15T18:35:31+00:00\",\"author\":{\"@id\":\"https:\/\/blogg.svenskakyrkan.se\/horrugud\/#\/schema\/person\/595d75da5bf93cf9ca814c398b63ed6d\"},\"breadcrumb\":{\"@id\":\"https:\/\/blogg.svenskakyrkan.se\/horrugud\/2018\/06\/14\/fast-kanske-mest-effektivt-som-en-talovning\/#breadcrumb\"},\"inLanguage\":\"sv-SE\",\"potentialAction\":[{\"@type\":\"ReadAction\",\"target\":[\"https:\/\/blogg.svenskakyrkan.se\/horrugud\/2018\/06\/14\/fast-kanske-mest-effektivt-som-en-talovning\/\"]}]},{\"@type\":\"BreadcrumbList\",\"@id\":\"https:\/\/blogg.svenskakyrkan.se\/horrugud\/2018\/06\/14\/fast-kanske-mest-effektivt-som-en-talovning\/#breadcrumb\",\"itemListElement\":[{\"@type\":\"ListItem\",\"position\":1,\"name\":\"Hem\",\"item\":\"https:\/\/blogg.svenskakyrkan.se\/horrugud\/\"},{\"@type\":\"ListItem\",\"position\":2,\"name\":\"Fast kanske mest effektivt som en tal\u00f6vning\"}]},{\"@type\":\"WebSite\",\"@id\":\"https:\/\/blogg.svenskakyrkan.se\/horrugud\/#website\",\"url\":\"https:\/\/blogg.svenskakyrkan.se\/horrugud\/\",\"name\":\"H\u00f6rru Gud\",\"description\":\"Hypotetiska samtal med v\u00e5r Herre\",\"potentialAction\":[{\"@type\":\"SearchAction\",\"target\":{\"@type\":\"EntryPoint\",\"urlTemplate\":\"https:\/\/blogg.svenskakyrkan.se\/horrugud\/?s={search_term_string}\"},\"query-input\":{\"@type\":\"PropertyValueSpecification\",\"valueRequired\":true,\"valueName\":\"search_term_string\"}}],\"inLanguage\":\"sv-SE\"},{\"@type\":\"Person\",\"@id\":\"https:\/\/blogg.svenskakyrkan.se\/horrugud\/#\/schema\/person\/595d75da5bf93cf9ca814c398b63ed6d\",\"name\":\"Charlotte Frycklund, pr\u00e4st\",\"image\":{\"@type\":\"ImageObject\",\"inLanguage\":\"sv-SE\",\"@id\":\"https:\/\/blogg.svenskakyrkan.se\/horrugud\/#\/schema\/person\/image\/\",\"url\":\"https:\/\/secure.gravatar.com\/avatar\/10f37b82bf44def60f716a446302420cc1eb214cca306b573a488614ab47ee87?s=96&d=mm&r=g\",\"contentUrl\":\"https:\/\/secure.gravatar.com\/avatar\/10f37b82bf44def60f716a446302420cc1eb214cca306b573a488614ab47ee87?s=96&d=mm&r=g\",\"caption\":\"Charlotte Frycklund, pr\u00e4st\"},\"url\":\"https:\/\/blogg.svenskakyrkan.se\/horrugud\/author\/charlottefrycklund\/\"}]}<\/script>\n<!-- \/ Yoast SEO plugin. -->","yoast_head_json":{"title":"Fast kanske mest effektivt som en tal\u00f6vning - H\u00f6rru Gud","robots":{"index":"index","follow":"follow","max-snippet":"max-snippet:-1","max-image-preview":"max-image-preview:large","max-video-preview":"max-video-preview:-1"},"canonical":"https:\/\/blogg.svenskakyrkan.se\/horrugud\/2018\/06\/14\/fast-kanske-mest-effektivt-som-en-talovning\/","og_locale":"sv_SE","og_type":"article","og_title":"Fast kanske mest effektivt som en tal\u00f6vning - H\u00f6rru Gud","og_description":"Jag: Vet du vad som \u00e4r s\u00e5 bra med mig? Gud: Din skapare? Jag: Ja&#8230; ok. Om du ska h\u00e5lla p\u00e5 och ta \u00e5t dig all \u00e4ran s\u00e5. Men en annan grej. S\u00e4g! Vet du? Vet du? Gud: Jag vill p\u00e5minna om att jag \u00e4r allvetande. Jag: S\u00e5 du vet vad som \u00e4r s\u00e5 bra [&hellip;]","og_url":"https:\/\/blogg.svenskakyrkan.se\/horrugud\/2018\/06\/14\/fast-kanske-mest-effektivt-som-en-talovning\/","og_site_name":"H\u00f6rru Gud","article_published_time":"2018-06-14T19:06:20+00:00","article_modified_time":"2018-06-15T18:35:31+00:00","author":"Charlotte Frycklund, pr\u00e4st","twitter_card":"summary_large_image","twitter_misc":{"Skriven av":"Charlotte Frycklund, pr\u00e4st","Ber\u00e4knad l\u00e4stid":"3 minuter"},"schema":{"@context":"https:\/\/schema.org","@graph":[{"@type":"Article","@id":"https:\/\/blogg.svenskakyrkan.se\/horrugud\/2018\/06\/14\/fast-kanske-mest-effektivt-som-en-talovning\/#article","isPartOf":{"@id":"https:\/\/blogg.svenskakyrkan.se\/horrugud\/2018\/06\/14\/fast-kanske-mest-effektivt-som-en-talovning\/"},"author":{"name":"Charlotte Frycklund, pr\u00e4st","@id":"https:\/\/blogg.svenskakyrkan.se\/horrugud\/#\/schema\/person\/595d75da5bf93cf9ca814c398b63ed6d"},"headline":"Fast kanske mest effektivt som en tal\u00f6vning","datePublished":"2018-06-14T19:06:20+00:00","dateModified":"2018-06-15T18:35:31+00:00","mainEntityOfPage":{"@id":"https:\/\/blogg.svenskakyrkan.se\/horrugud\/2018\/06\/14\/fast-kanske-mest-effektivt-som-en-talovning\/"},"wordCount":654,"commentCount":1,"keywords":["En g\u00e5ng ska Gud och jag","H\u00f6rru Gud"],"articleSection":["Vandring"],"inLanguage":"sv-SE","potentialAction":[{"@type":"CommentAction","name":"Comment","target":["https:\/\/blogg.svenskakyrkan.se\/horrugud\/2018\/06\/14\/fast-kanske-mest-effektivt-som-en-talovning\/#respond"]}]},{"@type":"WebPage","@id":"https:\/\/blogg.svenskakyrkan.se\/horrugud\/2018\/06\/14\/fast-kanske-mest-effektivt-som-en-talovning\/","url":"https:\/\/blogg.svenskakyrkan.se\/horrugud\/2018\/06\/14\/fast-kanske-mest-effektivt-som-en-talovning\/","name":"Fast kanske mest effektivt som en tal\u00f6vning - H\u00f6rru Gud","isPartOf":{"@id":"https:\/\/blogg.svenskakyrkan.se\/horrugud\/#website"},"datePublished":"2018-06-14T19:06:20+00:00","dateModified":"2018-06-15T18:35:31+00:00","author":{"@id":"https:\/\/blogg.svenskakyrkan.se\/horrugud\/#\/schema\/person\/595d75da5bf93cf9ca814c398b63ed6d"},"breadcrumb":{"@id":"https:\/\/blogg.svenskakyrkan.se\/horrugud\/2018\/06\/14\/fast-kanske-mest-effektivt-som-en-talovning\/#breadcrumb"},"inLanguage":"sv-SE","potentialAction":[{"@type":"ReadAction","target":["https:\/\/blogg.svenskakyrkan.se\/horrugud\/2018\/06\/14\/fast-kanske-mest-effektivt-som-en-talovning\/"]}]},{"@type":"BreadcrumbList","@id":"https:\/\/blogg.svenskakyrkan.se\/horrugud\/2018\/06\/14\/fast-kanske-mest-effektivt-som-en-talovning\/#breadcrumb","itemListElement":[{"@type":"ListItem","position":1,"name":"Hem","item":"https:\/\/blogg.svenskakyrkan.se\/horrugud\/"},{"@type":"ListItem","position":2,"name":"Fast kanske mest effektivt som en tal\u00f6vning"}]},{"@type":"WebSite","@id":"https:\/\/blogg.svenskakyrkan.se\/horrugud\/#website","url":"https:\/\/blogg.svenskakyrkan.se\/horrugud\/","name":"H\u00f6rru Gud","description":"Hypotetiska samtal med v\u00e5r Herre","potentialAction":[{"@type":"SearchAction","target":{"@type":"EntryPoint","urlTemplate":"https:\/\/blogg.svenskakyrkan.se\/horrugud\/?s={search_term_string}"},"query-input":{"@type":"PropertyValueSpecification","valueRequired":true,"valueName":"search_term_string"}}],"inLanguage":"sv-SE"},{"@type":"Person","@id":"https:\/\/blogg.svenskakyrkan.se\/horrugud\/#\/schema\/person\/595d75da5bf93cf9ca814c398b63ed6d","name":"Charlotte Frycklund, pr\u00e4st","image":{"@type":"ImageObject","inLanguage":"sv-SE","@id":"https:\/\/blogg.svenskakyrkan.se\/horrugud\/#\/schema\/person\/image\/","url":"https:\/\/secure.gravatar.com\/avatar\/10f37b82bf44def60f716a446302420cc1eb214cca306b573a488614ab47ee87?s=96&d=mm&r=g","contentUrl":"https:\/\/secure.gravatar.com\/avatar\/10f37b82bf44def60f716a446302420cc1eb214cca306b573a488614ab47ee87?s=96&d=mm&r=g","caption":"Charlotte Frycklund, pr\u00e4st"},"url":"https:\/\/blogg.svenskakyrkan.se\/horrugud\/author\/charlottefrycklund\/"}]}},"author_meta":{"ID":"569","user_nicename":"charlottefrycklund","user_registered":"2016-05-24 11:46:19","display_name":"Charlotte Frycklund, pr\u00e4st","first_name":"Charlotte","last_name":"Frycklund, pr\u00e4st","avatar":"https:\/\/secure.gravatar.com\/avatar\/10f37b82bf44def60f716a446302420cc1eb214cca306b573a488614ab47ee87?s=96&d=mm&r=g"},"featured_image":false,"bloginfo":{"name":"H\u00f6rru Gud","url":"https:\/\/blogg.svenskakyrkan.se\/horrugud"},"_links":{"self":[{"href":"https:\/\/blogg.svenskakyrkan.se\/horrugud\/wp-json\/wp\/v2\/posts\/100","targetHints":{"allow":["GET"]}}],"collection":[{"href":"https:\/\/blogg.svenskakyrkan.se\/horrugud\/wp-json\/wp\/v2\/posts"}],"about":[{"href":"https:\/\/blogg.svenskakyrkan.se\/horrugud\/wp-json\/wp\/v2\/types\/post"}],"author":[{"embeddable":true,"href":"https:\/\/blogg.svenskakyrkan.se\/horrugud\/wp-json\/wp\/v2\/users\/569"}],"replies":[{"embeddable":true,"href":"https:\/\/blogg.svenskakyrkan.se\/horrugud\/wp-json\/wp\/v2\/comments?post=100"}],"version-history":[{"count":1,"href":"https:\/\/blogg.svenskakyrkan.se\/horrugud\/wp-json\/wp\/v2\/posts\/100\/revisions"}],"predecessor-version":[{"id":105,"href":"https:\/\/blogg.svenskakyrkan.se\/horrugud\/wp-json\/wp\/v2\/posts\/100\/revisions\/105"}],"wp:attachment":[{"href":"https:\/\/blogg.svenskakyrkan.se\/horrugud\/wp-json\/wp\/v2\/media?parent=100"}],"wp:term":[{"taxonomy":"category","embeddable":true,"href":"https:\/\/blogg.svenskakyrkan.se\/horrugud\/wp-json\/wp\/v2\/categories?post=100"},{"taxonomy":"post_tag","embeddable":true,"href":"https:\/\/blogg.svenskakyrkan.se\/horrugud\/wp-json\/wp\/v2\/tags?post=100"}],"curies":[{"name":"wp","href":"https:\/\/api.w.org\/{rel}","templated":true}]}}