{"id":106,"date":"2017-03-19T21:11:15","date_gmt":"2017-03-19T20:11:15","guid":{"rendered":"http:\/\/blogg.svenskakyrkan.se\/horrugud\/?p=106"},"modified":"2018-06-17T12:58:21","modified_gmt":"2018-06-17T10:58:21","slug":"de-bor-anda-tryggt-i-mammans-hjarta","status":"publish","type":"post","link":"https:\/\/blogg.svenskakyrkan.se\/horrugud\/2017\/03\/19\/de-bor-anda-tryggt-i-mammans-hjarta\/","title":{"rendered":"De bor \u00e4nd\u00e5 tryggt i mammans hj\u00e4rta"},"content":{"rendered":"<p>Gud samlar, st\u00e5r det i Bibeln,<br \/>\nOss under sina vingar<br \/>\nSom en h\u00f6na samlar sina kycklingar.<\/p>\n<p>Men i varje kull finns hon<br \/>\nDen d\u00e4r lilla kycklingen<br \/>\nSom hellre sitter p\u00e5 mammans rygg<br \/>\nEller kl\u00e4ttrar p\u00e5 v\u00e4ggarna<br \/>\nEller utforskar takstolarna<br \/>\nEller vad som helst egentligen.<\/p>\n<p>Och det \u00e4r mycket jag inte vet om h\u00f6ns<br \/>\nOch \u00e4nnu mer jag inte vet om Gud<br \/>\nMen kanske t\u00e4nker \u00e4nd\u00e5 denna mamma h\u00f6na:<br \/>\n&#8221;Jaja, hon \u00e4r som hon \u00e4r, hon g\u00f6r som hon g\u00f6r.<br \/>\nN\u00e5gon g\u00e5ng m\u00e5ste hon ju f\u00e5 prova sina vingar.&#8221;<\/p>\n<p>Och jag tycker nog \u00e4nd\u00e5,<br \/>\nfast det \u00e4r mycket sv\u00e5rt att se s\u00e5dant p\u00e5 h\u00f6ns,<br \/>\natt hon ler, den d\u00e4r mamman. <\/p>\n<p>Och s\u00e5 samlar hon de sm\u00e5kycklingar som vill vila under vingarna<br \/>\nOch t\u00e4nker, lite som Gud, tror jag,<br \/>\nAtt de d\u00e4r kycklingarna som m\u00e5ste kl\u00e4ttra p\u00e5 v\u00e4ggarna<br \/>\nOch takstolarna<br \/>\nOch mammors ryggar<br \/>\nDe som inte vill bo i vingarnas skugga<br \/>\nDe bor \u00e4nd\u00e5 tryggt<br \/>\nI mammans hj\u00e4rta.<\/p>\n<p>S\u00e5 t\u00e4nker hon, tror jag,<br \/>\nOch jag dristar mig till att tro att Gud t\u00e4nker s\u00e5 ocks\u00e5,<br \/>\nN\u00e4r Gud diskret str\u00e4cker ut en hand<br \/>\nOch hj\u00e4lper mig upp till den \u00e4nnu h\u00f6gre takstolen<br \/>\nSom jag i hemlighet efterstr\u00e4vat ganska l\u00e4nge nu.<\/p>\n<p>Och mamma h\u00f6na och Gud<br \/>\nUtbyter den sortens blick<br \/>\nSom mammor utbyter:<br \/>\nTr\u00f6tt, k\u00e4rleksfull och o\u00e4ndligt t\u00e5lmodig.<br \/>\n\u2003<\/p>\n","protected":false},"excerpt":{"rendered":"<p>Gud samlar, st\u00e5r det i Bibeln, Oss under sina vingar Som en h\u00f6na samlar sina kycklingar. Men i varje kull finns hon Den d\u00e4r lilla kycklingen Som hellre sitter p\u00e5 mammans rygg Eller kl\u00e4ttrar p\u00e5 v\u00e4ggarna Eller utforskar takstolarna Eller vad som helst egentligen. Och det \u00e4r mycket jag inte vet om h\u00f6ns Och \u00e4nnu [&hellip;]<\/p>\n","protected":false},"author":569,"featured_media":107,"comment_status":"open","ping_status":"open","sticky":false,"template":"","format":"standard","meta":{"_acf_changed":false,"footnotes":""},"categories":[16871],"tags":[171212,162955,59607],"class_list":["post-106","post","type-post","status-publish","format-standard","has-post-thumbnail","hentry","category-tankar","tag-honsmamma","tag-horru-gud","tag-kyckling"],"acf":[],"yoast_head":"<!-- This site is optimized with the Yoast SEO plugin v27.1.1 - https:\/\/yoast.com\/product\/yoast-seo-wordpress\/ -->\n<title>De bor \u00e4nd\u00e5 tryggt i mammans hj\u00e4rta - H\u00f6rru Gud<\/title>\n<meta name=\"robots\" content=\"index, follow, max-snippet:-1, max-image-preview:large, max-video-preview:-1\" \/>\n<link rel=\"canonical\" href=\"https:\/\/blogg.svenskakyrkan.se\/horrugud\/2017\/03\/19\/de-bor-anda-tryggt-i-mammans-hjarta\/\" \/>\n<meta property=\"og:locale\" content=\"sv_SE\" \/>\n<meta property=\"og:type\" content=\"article\" \/>\n<meta property=\"og:title\" content=\"De bor \u00e4nd\u00e5 tryggt i mammans hj\u00e4rta - H\u00f6rru Gud\" \/>\n<meta property=\"og:description\" content=\"Gud samlar, st\u00e5r det i Bibeln, Oss under sina vingar Som en h\u00f6na samlar sina kycklingar. Men i varje kull finns hon Den d\u00e4r lilla kycklingen Som hellre sitter p\u00e5 mammans rygg Eller kl\u00e4ttrar p\u00e5 v\u00e4ggarna Eller utforskar takstolarna Eller vad som helst egentligen. Och det \u00e4r mycket jag inte vet om h\u00f6ns Och \u00e4nnu [&hellip;]\" \/>\n<meta property=\"og:url\" content=\"https:\/\/blogg.svenskakyrkan.se\/horrugud\/2017\/03\/19\/de-bor-anda-tryggt-i-mammans-hjarta\/\" \/>\n<meta property=\"og:site_name\" content=\"H\u00f6rru Gud\" \/>\n<meta property=\"article:published_time\" content=\"2017-03-19T20:11:15+00:00\" \/>\n<meta property=\"article:modified_time\" content=\"2018-06-17T10:58:21+00:00\" \/>\n<meta property=\"og:image\" content=\"https:\/\/blogg.svenskakyrkan.se\/horrugud\/files\/2018\/06\/F522ACD2-FFF4-4C86-8DA3-7E22F47B4E27-1024x811.jpeg\" \/>\n\t<meta property=\"og:image:width\" content=\"1024\" \/>\n\t<meta property=\"og:image:height\" content=\"811\" \/>\n\t<meta property=\"og:image:type\" content=\"image\/jpeg\" \/>\n<meta name=\"author\" content=\"Charlotte Frycklund, pr\u00e4st\" \/>\n<meta name=\"twitter:card\" content=\"summary_large_image\" \/>\n<meta name=\"twitter:label1\" content=\"Skriven av\" \/>\n\t<meta name=\"twitter:data1\" content=\"Charlotte Frycklund, pr\u00e4st\" \/>\n\t<meta name=\"twitter:label2\" content=\"Ber\u00e4knad l\u00e4stid\" \/>\n\t<meta name=\"twitter:data2\" content=\"1 minut\" \/>\n<script type=\"application\/ld+json\" class=\"yoast-schema-graph\">{\"@context\":\"https:\/\/schema.org\",\"@graph\":[{\"@type\":\"Article\",\"@id\":\"https:\/\/blogg.svenskakyrkan.se\/horrugud\/2017\/03\/19\/de-bor-anda-tryggt-i-mammans-hjarta\/#article\",\"isPartOf\":{\"@id\":\"https:\/\/blogg.svenskakyrkan.se\/horrugud\/2017\/03\/19\/de-bor-anda-tryggt-i-mammans-hjarta\/\"},\"author\":{\"name\":\"Charlotte Frycklund, pr\u00e4st\",\"@id\":\"https:\/\/blogg.svenskakyrkan.se\/horrugud\/#\/schema\/person\/595d75da5bf93cf9ca814c398b63ed6d\"},\"headline\":\"De bor \u00e4nd\u00e5 tryggt i mammans hj\u00e4rta\",\"datePublished\":\"2017-03-19T20:11:15+00:00\",\"dateModified\":\"2018-06-17T10:58:21+00:00\",\"mainEntityOfPage\":{\"@id\":\"https:\/\/blogg.svenskakyrkan.se\/horrugud\/2017\/03\/19\/de-bor-anda-tryggt-i-mammans-hjarta\/\"},\"wordCount\":259,\"commentCount\":0,\"image\":{\"@id\":\"https:\/\/blogg.svenskakyrkan.se\/horrugud\/2017\/03\/19\/de-bor-anda-tryggt-i-mammans-hjarta\/#primaryimage\"},\"thumbnailUrl\":\"https:\/\/blogg.svenskakyrkan.se\/horrugud\/files\/2018\/06\/F522ACD2-FFF4-4C86-8DA3-7E22F47B4E27.jpeg\",\"keywords\":[\"H\u00f6nsmamma\",\"H\u00f6rru Gud\",\"Kyckling\"],\"articleSection\":[\"Tankar\"],\"inLanguage\":\"sv-SE\",\"potentialAction\":[{\"@type\":\"CommentAction\",\"name\":\"Comment\",\"target\":[\"https:\/\/blogg.svenskakyrkan.se\/horrugud\/2017\/03\/19\/de-bor-anda-tryggt-i-mammans-hjarta\/#respond\"]}]},{\"@type\":\"WebPage\",\"@id\":\"https:\/\/blogg.svenskakyrkan.se\/horrugud\/2017\/03\/19\/de-bor-anda-tryggt-i-mammans-hjarta\/\",\"url\":\"https:\/\/blogg.svenskakyrkan.se\/horrugud\/2017\/03\/19\/de-bor-anda-tryggt-i-mammans-hjarta\/\",\"name\":\"De bor \u00e4nd\u00e5 tryggt i mammans hj\u00e4rta - H\u00f6rru Gud\",\"isPartOf\":{\"@id\":\"https:\/\/blogg.svenskakyrkan.se\/horrugud\/#website\"},\"primaryImageOfPage\":{\"@id\":\"https:\/\/blogg.svenskakyrkan.se\/horrugud\/2017\/03\/19\/de-bor-anda-tryggt-i-mammans-hjarta\/#primaryimage\"},\"image\":{\"@id\":\"https:\/\/blogg.svenskakyrkan.se\/horrugud\/2017\/03\/19\/de-bor-anda-tryggt-i-mammans-hjarta\/#primaryimage\"},\"thumbnailUrl\":\"https:\/\/blogg.svenskakyrkan.se\/horrugud\/files\/2018\/06\/F522ACD2-FFF4-4C86-8DA3-7E22F47B4E27.jpeg\",\"datePublished\":\"2017-03-19T20:11:15+00:00\",\"dateModified\":\"2018-06-17T10:58:21+00:00\",\"author\":{\"@id\":\"https:\/\/blogg.svenskakyrkan.se\/horrugud\/#\/schema\/person\/595d75da5bf93cf9ca814c398b63ed6d\"},\"breadcrumb\":{\"@id\":\"https:\/\/blogg.svenskakyrkan.se\/horrugud\/2017\/03\/19\/de-bor-anda-tryggt-i-mammans-hjarta\/#breadcrumb\"},\"inLanguage\":\"sv-SE\",\"potentialAction\":[{\"@type\":\"ReadAction\",\"target\":[\"https:\/\/blogg.svenskakyrkan.se\/horrugud\/2017\/03\/19\/de-bor-anda-tryggt-i-mammans-hjarta\/\"]}]},{\"@type\":\"ImageObject\",\"inLanguage\":\"sv-SE\",\"@id\":\"https:\/\/blogg.svenskakyrkan.se\/horrugud\/2017\/03\/19\/de-bor-anda-tryggt-i-mammans-hjarta\/#primaryimage\",\"url\":\"https:\/\/blogg.svenskakyrkan.se\/horrugud\/files\/2018\/06\/F522ACD2-FFF4-4C86-8DA3-7E22F47B4E27.jpeg\",\"contentUrl\":\"https:\/\/blogg.svenskakyrkan.se\/horrugud\/files\/2018\/06\/F522ACD2-FFF4-4C86-8DA3-7E22F47B4E27.jpeg\",\"width\":1671,\"height\":1323},{\"@type\":\"BreadcrumbList\",\"@id\":\"https:\/\/blogg.svenskakyrkan.se\/horrugud\/2017\/03\/19\/de-bor-anda-tryggt-i-mammans-hjarta\/#breadcrumb\",\"itemListElement\":[{\"@type\":\"ListItem\",\"position\":1,\"name\":\"Hem\",\"item\":\"https:\/\/blogg.svenskakyrkan.se\/horrugud\/\"},{\"@type\":\"ListItem\",\"position\":2,\"name\":\"De bor \u00e4nd\u00e5 tryggt i mammans hj\u00e4rta\"}]},{\"@type\":\"WebSite\",\"@id\":\"https:\/\/blogg.svenskakyrkan.se\/horrugud\/#website\",\"url\":\"https:\/\/blogg.svenskakyrkan.se\/horrugud\/\",\"name\":\"H\u00f6rru Gud\",\"description\":\"Hypotetiska samtal med v\u00e5r Herre\",\"potentialAction\":[{\"@type\":\"SearchAction\",\"target\":{\"@type\":\"EntryPoint\",\"urlTemplate\":\"https:\/\/blogg.svenskakyrkan.se\/horrugud\/?s={search_term_string}\"},\"query-input\":{\"@type\":\"PropertyValueSpecification\",\"valueRequired\":true,\"valueName\":\"search_term_string\"}}],\"inLanguage\":\"sv-SE\"},{\"@type\":\"Person\",\"@id\":\"https:\/\/blogg.svenskakyrkan.se\/horrugud\/#\/schema\/person\/595d75da5bf93cf9ca814c398b63ed6d\",\"name\":\"Charlotte Frycklund, pr\u00e4st\",\"image\":{\"@type\":\"ImageObject\",\"inLanguage\":\"sv-SE\",\"@id\":\"https:\/\/blogg.svenskakyrkan.se\/horrugud\/#\/schema\/person\/image\/\",\"url\":\"https:\/\/secure.gravatar.com\/avatar\/10f37b82bf44def60f716a446302420cc1eb214cca306b573a488614ab47ee87?s=96&d=mm&r=g\",\"contentUrl\":\"https:\/\/secure.gravatar.com\/avatar\/10f37b82bf44def60f716a446302420cc1eb214cca306b573a488614ab47ee87?s=96&d=mm&r=g\",\"caption\":\"Charlotte Frycklund, pr\u00e4st\"},\"url\":\"https:\/\/blogg.svenskakyrkan.se\/horrugud\/author\/charlottefrycklund\/\"}]}<\/script>\n<!-- \/ Yoast SEO plugin. -->","yoast_head_json":{"title":"De bor \u00e4nd\u00e5 tryggt i mammans hj\u00e4rta - H\u00f6rru Gud","robots":{"index":"index","follow":"follow","max-snippet":"max-snippet:-1","max-image-preview":"max-image-preview:large","max-video-preview":"max-video-preview:-1"},"canonical":"https:\/\/blogg.svenskakyrkan.se\/horrugud\/2017\/03\/19\/de-bor-anda-tryggt-i-mammans-hjarta\/","og_locale":"sv_SE","og_type":"article","og_title":"De bor \u00e4nd\u00e5 tryggt i mammans hj\u00e4rta - H\u00f6rru Gud","og_description":"Gud samlar, st\u00e5r det i Bibeln, Oss under sina vingar Som en h\u00f6na samlar sina kycklingar. Men i varje kull finns hon Den d\u00e4r lilla kycklingen Som hellre sitter p\u00e5 mammans rygg Eller kl\u00e4ttrar p\u00e5 v\u00e4ggarna Eller utforskar takstolarna Eller vad som helst egentligen. Och det \u00e4r mycket jag inte vet om h\u00f6ns Och \u00e4nnu [&hellip;]","og_url":"https:\/\/blogg.svenskakyrkan.se\/horrugud\/2017\/03\/19\/de-bor-anda-tryggt-i-mammans-hjarta\/","og_site_name":"H\u00f6rru Gud","article_published_time":"2017-03-19T20:11:15+00:00","article_modified_time":"2018-06-17T10:58:21+00:00","og_image":[{"width":1024,"height":811,"url":"https:\/\/blogg.svenskakyrkan.se\/horrugud\/files\/2018\/06\/F522ACD2-FFF4-4C86-8DA3-7E22F47B4E27-1024x811.jpeg","type":"image\/jpeg"}],"author":"Charlotte Frycklund, pr\u00e4st","twitter_card":"summary_large_image","twitter_misc":{"Skriven av":"Charlotte Frycklund, pr\u00e4st","Ber\u00e4knad l\u00e4stid":"1 minut"},"schema":{"@context":"https:\/\/schema.org","@graph":[{"@type":"Article","@id":"https:\/\/blogg.svenskakyrkan.se\/horrugud\/2017\/03\/19\/de-bor-anda-tryggt-i-mammans-hjarta\/#article","isPartOf":{"@id":"https:\/\/blogg.svenskakyrkan.se\/horrugud\/2017\/03\/19\/de-bor-anda-tryggt-i-mammans-hjarta\/"},"author":{"name":"Charlotte Frycklund, pr\u00e4st","@id":"https:\/\/blogg.svenskakyrkan.se\/horrugud\/#\/schema\/person\/595d75da5bf93cf9ca814c398b63ed6d"},"headline":"De bor \u00e4nd\u00e5 tryggt i mammans hj\u00e4rta","datePublished":"2017-03-19T20:11:15+00:00","dateModified":"2018-06-17T10:58:21+00:00","mainEntityOfPage":{"@id":"https:\/\/blogg.svenskakyrkan.se\/horrugud\/2017\/03\/19\/de-bor-anda-tryggt-i-mammans-hjarta\/"},"wordCount":259,"commentCount":0,"image":{"@id":"https:\/\/blogg.svenskakyrkan.se\/horrugud\/2017\/03\/19\/de-bor-anda-tryggt-i-mammans-hjarta\/#primaryimage"},"thumbnailUrl":"https:\/\/blogg.svenskakyrkan.se\/horrugud\/files\/2018\/06\/F522ACD2-FFF4-4C86-8DA3-7E22F47B4E27.jpeg","keywords":["H\u00f6nsmamma","H\u00f6rru Gud","Kyckling"],"articleSection":["Tankar"],"inLanguage":"sv-SE","potentialAction":[{"@type":"CommentAction","name":"Comment","target":["https:\/\/blogg.svenskakyrkan.se\/horrugud\/2017\/03\/19\/de-bor-anda-tryggt-i-mammans-hjarta\/#respond"]}]},{"@type":"WebPage","@id":"https:\/\/blogg.svenskakyrkan.se\/horrugud\/2017\/03\/19\/de-bor-anda-tryggt-i-mammans-hjarta\/","url":"https:\/\/blogg.svenskakyrkan.se\/horrugud\/2017\/03\/19\/de-bor-anda-tryggt-i-mammans-hjarta\/","name":"De bor \u00e4nd\u00e5 tryggt i mammans hj\u00e4rta - H\u00f6rru Gud","isPartOf":{"@id":"https:\/\/blogg.svenskakyrkan.se\/horrugud\/#website"},"primaryImageOfPage":{"@id":"https:\/\/blogg.svenskakyrkan.se\/horrugud\/2017\/03\/19\/de-bor-anda-tryggt-i-mammans-hjarta\/#primaryimage"},"image":{"@id":"https:\/\/blogg.svenskakyrkan.se\/horrugud\/2017\/03\/19\/de-bor-anda-tryggt-i-mammans-hjarta\/#primaryimage"},"thumbnailUrl":"https:\/\/blogg.svenskakyrkan.se\/horrugud\/files\/2018\/06\/F522ACD2-FFF4-4C86-8DA3-7E22F47B4E27.jpeg","datePublished":"2017-03-19T20:11:15+00:00","dateModified":"2018-06-17T10:58:21+00:00","author":{"@id":"https:\/\/blogg.svenskakyrkan.se\/horrugud\/#\/schema\/person\/595d75da5bf93cf9ca814c398b63ed6d"},"breadcrumb":{"@id":"https:\/\/blogg.svenskakyrkan.se\/horrugud\/2017\/03\/19\/de-bor-anda-tryggt-i-mammans-hjarta\/#breadcrumb"},"inLanguage":"sv-SE","potentialAction":[{"@type":"ReadAction","target":["https:\/\/blogg.svenskakyrkan.se\/horrugud\/2017\/03\/19\/de-bor-anda-tryggt-i-mammans-hjarta\/"]}]},{"@type":"ImageObject","inLanguage":"sv-SE","@id":"https:\/\/blogg.svenskakyrkan.se\/horrugud\/2017\/03\/19\/de-bor-anda-tryggt-i-mammans-hjarta\/#primaryimage","url":"https:\/\/blogg.svenskakyrkan.se\/horrugud\/files\/2018\/06\/F522ACD2-FFF4-4C86-8DA3-7E22F47B4E27.jpeg","contentUrl":"https:\/\/blogg.svenskakyrkan.se\/horrugud\/files\/2018\/06\/F522ACD2-FFF4-4C86-8DA3-7E22F47B4E27.jpeg","width":1671,"height":1323},{"@type":"BreadcrumbList","@id":"https:\/\/blogg.svenskakyrkan.se\/horrugud\/2017\/03\/19\/de-bor-anda-tryggt-i-mammans-hjarta\/#breadcrumb","itemListElement":[{"@type":"ListItem","position":1,"name":"Hem","item":"https:\/\/blogg.svenskakyrkan.se\/horrugud\/"},{"@type":"ListItem","position":2,"name":"De bor \u00e4nd\u00e5 tryggt i mammans hj\u00e4rta"}]},{"@type":"WebSite","@id":"https:\/\/blogg.svenskakyrkan.se\/horrugud\/#website","url":"https:\/\/blogg.svenskakyrkan.se\/horrugud\/","name":"H\u00f6rru Gud","description":"Hypotetiska samtal med v\u00e5r Herre","potentialAction":[{"@type":"SearchAction","target":{"@type":"EntryPoint","urlTemplate":"https:\/\/blogg.svenskakyrkan.se\/horrugud\/?s={search_term_string}"},"query-input":{"@type":"PropertyValueSpecification","valueRequired":true,"valueName":"search_term_string"}}],"inLanguage":"sv-SE"},{"@type":"Person","@id":"https:\/\/blogg.svenskakyrkan.se\/horrugud\/#\/schema\/person\/595d75da5bf93cf9ca814c398b63ed6d","name":"Charlotte Frycklund, pr\u00e4st","image":{"@type":"ImageObject","inLanguage":"sv-SE","@id":"https:\/\/blogg.svenskakyrkan.se\/horrugud\/#\/schema\/person\/image\/","url":"https:\/\/secure.gravatar.com\/avatar\/10f37b82bf44def60f716a446302420cc1eb214cca306b573a488614ab47ee87?s=96&d=mm&r=g","contentUrl":"https:\/\/secure.gravatar.com\/avatar\/10f37b82bf44def60f716a446302420cc1eb214cca306b573a488614ab47ee87?s=96&d=mm&r=g","caption":"Charlotte Frycklund, pr\u00e4st"},"url":"https:\/\/blogg.svenskakyrkan.se\/horrugud\/author\/charlottefrycklund\/"}]}},"author_meta":{"ID":"569","user_nicename":"charlottefrycklund","user_registered":"2016-05-24 11:46:19","display_name":"Charlotte Frycklund, pr\u00e4st","first_name":"Charlotte","last_name":"Frycklund, pr\u00e4st","avatar":"https:\/\/secure.gravatar.com\/avatar\/10f37b82bf44def60f716a446302420cc1eb214cca306b573a488614ab47ee87?s=96&d=mm&r=g"},"featured_image":["https:\/\/blogg.svenskakyrkan.se\/horrugud\/files\/2018\/06\/F522ACD2-FFF4-4C86-8DA3-7E22F47B4E27-1024x811.jpeg",1024,811,true],"bloginfo":{"name":"H\u00f6rru Gud","url":"https:\/\/blogg.svenskakyrkan.se\/horrugud"},"_links":{"self":[{"href":"https:\/\/blogg.svenskakyrkan.se\/horrugud\/wp-json\/wp\/v2\/posts\/106","targetHints":{"allow":["GET"]}}],"collection":[{"href":"https:\/\/blogg.svenskakyrkan.se\/horrugud\/wp-json\/wp\/v2\/posts"}],"about":[{"href":"https:\/\/blogg.svenskakyrkan.se\/horrugud\/wp-json\/wp\/v2\/types\/post"}],"author":[{"embeddable":true,"href":"https:\/\/blogg.svenskakyrkan.se\/horrugud\/wp-json\/wp\/v2\/users\/569"}],"replies":[{"embeddable":true,"href":"https:\/\/blogg.svenskakyrkan.se\/horrugud\/wp-json\/wp\/v2\/comments?post=106"}],"version-history":[{"count":1,"href":"https:\/\/blogg.svenskakyrkan.se\/horrugud\/wp-json\/wp\/v2\/posts\/106\/revisions"}],"predecessor-version":[{"id":108,"href":"https:\/\/blogg.svenskakyrkan.se\/horrugud\/wp-json\/wp\/v2\/posts\/106\/revisions\/108"}],"wp:featuredmedia":[{"embeddable":true,"href":"https:\/\/blogg.svenskakyrkan.se\/horrugud\/wp-json\/wp\/v2\/media\/107"}],"wp:attachment":[{"href":"https:\/\/blogg.svenskakyrkan.se\/horrugud\/wp-json\/wp\/v2\/media?parent=106"}],"wp:term":[{"taxonomy":"category","embeddable":true,"href":"https:\/\/blogg.svenskakyrkan.se\/horrugud\/wp-json\/wp\/v2\/categories?post=106"},{"taxonomy":"post_tag","embeddable":true,"href":"https:\/\/blogg.svenskakyrkan.se\/horrugud\/wp-json\/wp\/v2\/tags?post=106"}],"curies":[{"name":"wp","href":"https:\/\/api.w.org\/{rel}","templated":true}]}}