{"id":120,"date":"2017-06-18T22:01:01","date_gmt":"2017-06-18T20:01:01","guid":{"rendered":"http:\/\/blogg.svenskakyrkan.se\/horrugud\/?p=120"},"modified":"2018-06-17T12:57:22","modified_gmt":"2018-06-17T10:57:22","slug":"tyvarr-ar-vi-praster-inte-prinsessornas-tjanstefolk","status":"publish","type":"post","link":"https:\/\/blogg.svenskakyrkan.se\/horrugud\/2017\/06\/18\/tyvarr-ar-vi-praster-inte-prinsessornas-tjanstefolk\/","title":{"rendered":"Tyv\u00e4rr \u00e4r vi pr\u00e4ster inte prinsessornas tj\u00e4nstefolk"},"content":{"rendered":"<p>Min dotter: Mamma, jag \u00e4r en prinsessa.<br \/>\nJag: Ja.<br \/>\nMin dotter: Du \u00e4r bara en vanlig gammal pr\u00e4st.<br \/>\nJag: Ja.<br \/>\nMin dotter: S\u00e5 nu befaller jag dig att ta fram str\u00f6ssel och glass.<br \/>\nJag: Tyv\u00e4rr \u00e4r vi pr\u00e4ster inte prinsessornas tj\u00e4nstefolk utan g\u00f6r bara s\u00e5dant som Gud s\u00e4ger \u00e5t oss.<br \/>\nMin dotter: Men GUD vill att jag ska f\u00e5 glass.<br \/>\nJag: Ah.<br \/>\nMin dotter: Jag ska bevisa det ocks\u00e5.<br \/>\nJag: Det ser jag fram emot.<br \/>\nMin dotter: F\u00f6r vem gjorde mig till prinsessa va?<br \/>\nJag: Eh.. du sj\u00e4lv?<br \/>\nMin dotter: Och vem gjorde mig till mig sj\u00e4lv?<br \/>\nJag: Gud?<br \/>\nMin dotter: S\u00e5 allts\u00e5&#8230;<br \/>\nJag: Allts\u00e5&#8230;<br \/>\nMin dotter: M\u00e5ste jag f\u00e5 glass och str\u00f6ssel.<br \/>\nJag: Aha.<br \/>\nMin dotter: Och du m\u00e5ste betj\u00e4na mig och allt det d\u00e4r. F\u00f6r Gud hittade p\u00e5 mig.<br \/>\nJag: Det k\u00e4nns som att du har hittat ett argument som du kommer att anv\u00e4nda v\u00e4ldigt m\u00e5nga g\u00e5nger.<br \/>\nMin dotter: Ja. F\u00f6r Gud \u00e4lskar mig. S\u00e5 han ger mig bra argument.<br \/>\nJag: (rotar fram glass och str\u00f6ssel)<br \/>\nMin dotter: Och en ganska l\u00e4ttlurad mamma.<\/p>\n","protected":false},"excerpt":{"rendered":"<p>Min dotter: Mamma, jag \u00e4r en prinsessa. Jag: Ja. Min dotter: Du \u00e4r bara en vanlig gammal pr\u00e4st. Jag: Ja. Min dotter: S\u00e5 nu befaller jag dig att ta fram str\u00f6ssel och glass. Jag: Tyv\u00e4rr \u00e4r vi pr\u00e4ster inte prinsessornas tj\u00e4nstefolk utan g\u00f6r bara s\u00e5dant som Gud s\u00e4ger \u00e5t oss. Min dotter: Men GUD vill [&hellip;]<\/p>\n","protected":false},"author":569,"featured_media":121,"comment_status":"open","ping_status":"open","sticky":false,"template":"","format":"standard","meta":{"_acf_changed":false,"footnotes":""},"categories":[16871],"tags":[172896,173261,162955,173381],"class_list":["post-120","post","type-post","status-publish","format-standard","has-post-thumbnail","hentry","category-tankar","tag-glass-och-strossel","tag-gud-alskar-mig","tag-horru-gud","tag-prinsessa"],"acf":[],"yoast_head":"<!-- This site is optimized with the Yoast SEO plugin v27.1.1 - https:\/\/yoast.com\/product\/yoast-seo-wordpress\/ -->\n<title>Tyv\u00e4rr \u00e4r vi pr\u00e4ster inte prinsessornas tj\u00e4nstefolk - H\u00f6rru Gud<\/title>\n<meta name=\"robots\" content=\"index, follow, max-snippet:-1, max-image-preview:large, max-video-preview:-1\" \/>\n<link rel=\"canonical\" href=\"https:\/\/blogg.svenskakyrkan.se\/horrugud\/2017\/06\/18\/tyvarr-ar-vi-praster-inte-prinsessornas-tjanstefolk\/\" \/>\n<meta property=\"og:locale\" content=\"sv_SE\" \/>\n<meta property=\"og:type\" content=\"article\" \/>\n<meta property=\"og:title\" content=\"Tyv\u00e4rr \u00e4r vi pr\u00e4ster inte prinsessornas tj\u00e4nstefolk - H\u00f6rru Gud\" \/>\n<meta property=\"og:description\" content=\"Min dotter: Mamma, jag \u00e4r en prinsessa. Jag: Ja. Min dotter: Du \u00e4r bara en vanlig gammal pr\u00e4st. Jag: Ja. Min dotter: S\u00e5 nu befaller jag dig att ta fram str\u00f6ssel och glass. Jag: Tyv\u00e4rr \u00e4r vi pr\u00e4ster inte prinsessornas tj\u00e4nstefolk utan g\u00f6r bara s\u00e5dant som Gud s\u00e4ger \u00e5t oss. Min dotter: Men GUD vill [&hellip;]\" \/>\n<meta property=\"og:url\" content=\"https:\/\/blogg.svenskakyrkan.se\/horrugud\/2017\/06\/18\/tyvarr-ar-vi-praster-inte-prinsessornas-tjanstefolk\/\" \/>\n<meta property=\"og:site_name\" content=\"H\u00f6rru Gud\" \/>\n<meta property=\"article:published_time\" content=\"2017-06-18T20:01:01+00:00\" \/>\n<meta property=\"article:modified_time\" content=\"2018-06-17T10:57:22+00:00\" \/>\n<meta property=\"og:image\" content=\"https:\/\/blogg.svenskakyrkan.se\/horrugud\/files\/2018\/06\/914659FF-8874-4062-B85C-69BAA63B40F9.jpeg\" \/>\n\t<meta property=\"og:image:width\" content=\"1362\" \/>\n\t<meta property=\"og:image:height\" content=\"1011\" \/>\n\t<meta property=\"og:image:type\" content=\"image\/jpeg\" \/>\n<meta name=\"author\" content=\"Charlotte Frycklund, pr\u00e4st\" \/>\n<meta name=\"twitter:card\" content=\"summary_large_image\" \/>\n<meta name=\"twitter:label1\" content=\"Skriven av\" \/>\n\t<meta name=\"twitter:data1\" content=\"Charlotte Frycklund, pr\u00e4st\" \/>\n\t<meta name=\"twitter:label2\" content=\"Ber\u00e4knad l\u00e4stid\" \/>\n\t<meta name=\"twitter:data2\" content=\"1 minut\" \/>\n<script type=\"application\/ld+json\" class=\"yoast-schema-graph\">{\"@context\":\"https:\/\/schema.org\",\"@graph\":[{\"@type\":\"Article\",\"@id\":\"https:\/\/blogg.svenskakyrkan.se\/horrugud\/2017\/06\/18\/tyvarr-ar-vi-praster-inte-prinsessornas-tjanstefolk\/#article\",\"isPartOf\":{\"@id\":\"https:\/\/blogg.svenskakyrkan.se\/horrugud\/2017\/06\/18\/tyvarr-ar-vi-praster-inte-prinsessornas-tjanstefolk\/\"},\"author\":{\"name\":\"Charlotte Frycklund, pr\u00e4st\",\"@id\":\"https:\/\/blogg.svenskakyrkan.se\/horrugud\/#\/schema\/person\/595d75da5bf93cf9ca814c398b63ed6d\"},\"headline\":\"Tyv\u00e4rr \u00e4r vi pr\u00e4ster inte prinsessornas tj\u00e4nstefolk\",\"datePublished\":\"2017-06-18T20:01:01+00:00\",\"dateModified\":\"2018-06-17T10:57:22+00:00\",\"mainEntityOfPage\":{\"@id\":\"https:\/\/blogg.svenskakyrkan.se\/horrugud\/2017\/06\/18\/tyvarr-ar-vi-praster-inte-prinsessornas-tjanstefolk\/\"},\"wordCount\":210,\"commentCount\":0,\"image\":{\"@id\":\"https:\/\/blogg.svenskakyrkan.se\/horrugud\/2017\/06\/18\/tyvarr-ar-vi-praster-inte-prinsessornas-tjanstefolk\/#primaryimage\"},\"thumbnailUrl\":\"https:\/\/blogg.svenskakyrkan.se\/horrugud\/files\/2018\/06\/914659FF-8874-4062-B85C-69BAA63B40F9.jpeg\",\"keywords\":[\"Glass och str\u00f6ssel\",\"Gud \u00e4lskar mig\",\"H\u00f6rru Gud\",\"Prinsessa\"],\"articleSection\":[\"Tankar\"],\"inLanguage\":\"sv-SE\",\"potentialAction\":[{\"@type\":\"CommentAction\",\"name\":\"Comment\",\"target\":[\"https:\/\/blogg.svenskakyrkan.se\/horrugud\/2017\/06\/18\/tyvarr-ar-vi-praster-inte-prinsessornas-tjanstefolk\/#respond\"]}]},{\"@type\":\"WebPage\",\"@id\":\"https:\/\/blogg.svenskakyrkan.se\/horrugud\/2017\/06\/18\/tyvarr-ar-vi-praster-inte-prinsessornas-tjanstefolk\/\",\"url\":\"https:\/\/blogg.svenskakyrkan.se\/horrugud\/2017\/06\/18\/tyvarr-ar-vi-praster-inte-prinsessornas-tjanstefolk\/\",\"name\":\"Tyv\u00e4rr \u00e4r vi pr\u00e4ster inte prinsessornas tj\u00e4nstefolk - H\u00f6rru Gud\",\"isPartOf\":{\"@id\":\"https:\/\/blogg.svenskakyrkan.se\/horrugud\/#website\"},\"primaryImageOfPage\":{\"@id\":\"https:\/\/blogg.svenskakyrkan.se\/horrugud\/2017\/06\/18\/tyvarr-ar-vi-praster-inte-prinsessornas-tjanstefolk\/#primaryimage\"},\"image\":{\"@id\":\"https:\/\/blogg.svenskakyrkan.se\/horrugud\/2017\/06\/18\/tyvarr-ar-vi-praster-inte-prinsessornas-tjanstefolk\/#primaryimage\"},\"thumbnailUrl\":\"https:\/\/blogg.svenskakyrkan.se\/horrugud\/files\/2018\/06\/914659FF-8874-4062-B85C-69BAA63B40F9.jpeg\",\"datePublished\":\"2017-06-18T20:01:01+00:00\",\"dateModified\":\"2018-06-17T10:57:22+00:00\",\"author\":{\"@id\":\"https:\/\/blogg.svenskakyrkan.se\/horrugud\/#\/schema\/person\/595d75da5bf93cf9ca814c398b63ed6d\"},\"breadcrumb\":{\"@id\":\"https:\/\/blogg.svenskakyrkan.se\/horrugud\/2017\/06\/18\/tyvarr-ar-vi-praster-inte-prinsessornas-tjanstefolk\/#breadcrumb\"},\"inLanguage\":\"sv-SE\",\"potentialAction\":[{\"@type\":\"ReadAction\",\"target\":[\"https:\/\/blogg.svenskakyrkan.se\/horrugud\/2017\/06\/18\/tyvarr-ar-vi-praster-inte-prinsessornas-tjanstefolk\/\"]}]},{\"@type\":\"ImageObject\",\"inLanguage\":\"sv-SE\",\"@id\":\"https:\/\/blogg.svenskakyrkan.se\/horrugud\/2017\/06\/18\/tyvarr-ar-vi-praster-inte-prinsessornas-tjanstefolk\/#primaryimage\",\"url\":\"https:\/\/blogg.svenskakyrkan.se\/horrugud\/files\/2018\/06\/914659FF-8874-4062-B85C-69BAA63B40F9.jpeg\",\"contentUrl\":\"https:\/\/blogg.svenskakyrkan.se\/horrugud\/files\/2018\/06\/914659FF-8874-4062-B85C-69BAA63B40F9.jpeg\",\"width\":1362,\"height\":1011},{\"@type\":\"BreadcrumbList\",\"@id\":\"https:\/\/blogg.svenskakyrkan.se\/horrugud\/2017\/06\/18\/tyvarr-ar-vi-praster-inte-prinsessornas-tjanstefolk\/#breadcrumb\",\"itemListElement\":[{\"@type\":\"ListItem\",\"position\":1,\"name\":\"Hem\",\"item\":\"https:\/\/blogg.svenskakyrkan.se\/horrugud\/\"},{\"@type\":\"ListItem\",\"position\":2,\"name\":\"Tyv\u00e4rr \u00e4r vi pr\u00e4ster inte prinsessornas tj\u00e4nstefolk\"}]},{\"@type\":\"WebSite\",\"@id\":\"https:\/\/blogg.svenskakyrkan.se\/horrugud\/#website\",\"url\":\"https:\/\/blogg.svenskakyrkan.se\/horrugud\/\",\"name\":\"H\u00f6rru Gud\",\"description\":\"Hypotetiska samtal med v\u00e5r Herre\",\"potentialAction\":[{\"@type\":\"SearchAction\",\"target\":{\"@type\":\"EntryPoint\",\"urlTemplate\":\"https:\/\/blogg.svenskakyrkan.se\/horrugud\/?s={search_term_string}\"},\"query-input\":{\"@type\":\"PropertyValueSpecification\",\"valueRequired\":true,\"valueName\":\"search_term_string\"}}],\"inLanguage\":\"sv-SE\"},{\"@type\":\"Person\",\"@id\":\"https:\/\/blogg.svenskakyrkan.se\/horrugud\/#\/schema\/person\/595d75da5bf93cf9ca814c398b63ed6d\",\"name\":\"Charlotte Frycklund, pr\u00e4st\",\"image\":{\"@type\":\"ImageObject\",\"inLanguage\":\"sv-SE\",\"@id\":\"https:\/\/blogg.svenskakyrkan.se\/horrugud\/#\/schema\/person\/image\/\",\"url\":\"https:\/\/secure.gravatar.com\/avatar\/10f37b82bf44def60f716a446302420cc1eb214cca306b573a488614ab47ee87?s=96&d=mm&r=g\",\"contentUrl\":\"https:\/\/secure.gravatar.com\/avatar\/10f37b82bf44def60f716a446302420cc1eb214cca306b573a488614ab47ee87?s=96&d=mm&r=g\",\"caption\":\"Charlotte Frycklund, pr\u00e4st\"},\"url\":\"https:\/\/blogg.svenskakyrkan.se\/horrugud\/author\/charlottefrycklund\/\"}]}<\/script>\n<!-- \/ Yoast SEO plugin. -->","yoast_head_json":{"title":"Tyv\u00e4rr \u00e4r vi pr\u00e4ster inte prinsessornas tj\u00e4nstefolk - H\u00f6rru Gud","robots":{"index":"index","follow":"follow","max-snippet":"max-snippet:-1","max-image-preview":"max-image-preview:large","max-video-preview":"max-video-preview:-1"},"canonical":"https:\/\/blogg.svenskakyrkan.se\/horrugud\/2017\/06\/18\/tyvarr-ar-vi-praster-inte-prinsessornas-tjanstefolk\/","og_locale":"sv_SE","og_type":"article","og_title":"Tyv\u00e4rr \u00e4r vi pr\u00e4ster inte prinsessornas tj\u00e4nstefolk - H\u00f6rru Gud","og_description":"Min dotter: Mamma, jag \u00e4r en prinsessa. Jag: Ja. Min dotter: Du \u00e4r bara en vanlig gammal pr\u00e4st. Jag: Ja. Min dotter: S\u00e5 nu befaller jag dig att ta fram str\u00f6ssel och glass. Jag: Tyv\u00e4rr \u00e4r vi pr\u00e4ster inte prinsessornas tj\u00e4nstefolk utan g\u00f6r bara s\u00e5dant som Gud s\u00e4ger \u00e5t oss. Min dotter: Men GUD vill [&hellip;]","og_url":"https:\/\/blogg.svenskakyrkan.se\/horrugud\/2017\/06\/18\/tyvarr-ar-vi-praster-inte-prinsessornas-tjanstefolk\/","og_site_name":"H\u00f6rru Gud","article_published_time":"2017-06-18T20:01:01+00:00","article_modified_time":"2018-06-17T10:57:22+00:00","og_image":[{"width":1362,"height":1011,"url":"https:\/\/blogg.svenskakyrkan.se\/horrugud\/files\/2018\/06\/914659FF-8874-4062-B85C-69BAA63B40F9.jpeg","type":"image\/jpeg"}],"author":"Charlotte Frycklund, pr\u00e4st","twitter_card":"summary_large_image","twitter_misc":{"Skriven av":"Charlotte Frycklund, pr\u00e4st","Ber\u00e4knad l\u00e4stid":"1 minut"},"schema":{"@context":"https:\/\/schema.org","@graph":[{"@type":"Article","@id":"https:\/\/blogg.svenskakyrkan.se\/horrugud\/2017\/06\/18\/tyvarr-ar-vi-praster-inte-prinsessornas-tjanstefolk\/#article","isPartOf":{"@id":"https:\/\/blogg.svenskakyrkan.se\/horrugud\/2017\/06\/18\/tyvarr-ar-vi-praster-inte-prinsessornas-tjanstefolk\/"},"author":{"name":"Charlotte Frycklund, pr\u00e4st","@id":"https:\/\/blogg.svenskakyrkan.se\/horrugud\/#\/schema\/person\/595d75da5bf93cf9ca814c398b63ed6d"},"headline":"Tyv\u00e4rr \u00e4r vi pr\u00e4ster inte prinsessornas tj\u00e4nstefolk","datePublished":"2017-06-18T20:01:01+00:00","dateModified":"2018-06-17T10:57:22+00:00","mainEntityOfPage":{"@id":"https:\/\/blogg.svenskakyrkan.se\/horrugud\/2017\/06\/18\/tyvarr-ar-vi-praster-inte-prinsessornas-tjanstefolk\/"},"wordCount":210,"commentCount":0,"image":{"@id":"https:\/\/blogg.svenskakyrkan.se\/horrugud\/2017\/06\/18\/tyvarr-ar-vi-praster-inte-prinsessornas-tjanstefolk\/#primaryimage"},"thumbnailUrl":"https:\/\/blogg.svenskakyrkan.se\/horrugud\/files\/2018\/06\/914659FF-8874-4062-B85C-69BAA63B40F9.jpeg","keywords":["Glass och str\u00f6ssel","Gud \u00e4lskar mig","H\u00f6rru Gud","Prinsessa"],"articleSection":["Tankar"],"inLanguage":"sv-SE","potentialAction":[{"@type":"CommentAction","name":"Comment","target":["https:\/\/blogg.svenskakyrkan.se\/horrugud\/2017\/06\/18\/tyvarr-ar-vi-praster-inte-prinsessornas-tjanstefolk\/#respond"]}]},{"@type":"WebPage","@id":"https:\/\/blogg.svenskakyrkan.se\/horrugud\/2017\/06\/18\/tyvarr-ar-vi-praster-inte-prinsessornas-tjanstefolk\/","url":"https:\/\/blogg.svenskakyrkan.se\/horrugud\/2017\/06\/18\/tyvarr-ar-vi-praster-inte-prinsessornas-tjanstefolk\/","name":"Tyv\u00e4rr \u00e4r vi pr\u00e4ster inte prinsessornas tj\u00e4nstefolk - H\u00f6rru Gud","isPartOf":{"@id":"https:\/\/blogg.svenskakyrkan.se\/horrugud\/#website"},"primaryImageOfPage":{"@id":"https:\/\/blogg.svenskakyrkan.se\/horrugud\/2017\/06\/18\/tyvarr-ar-vi-praster-inte-prinsessornas-tjanstefolk\/#primaryimage"},"image":{"@id":"https:\/\/blogg.svenskakyrkan.se\/horrugud\/2017\/06\/18\/tyvarr-ar-vi-praster-inte-prinsessornas-tjanstefolk\/#primaryimage"},"thumbnailUrl":"https:\/\/blogg.svenskakyrkan.se\/horrugud\/files\/2018\/06\/914659FF-8874-4062-B85C-69BAA63B40F9.jpeg","datePublished":"2017-06-18T20:01:01+00:00","dateModified":"2018-06-17T10:57:22+00:00","author":{"@id":"https:\/\/blogg.svenskakyrkan.se\/horrugud\/#\/schema\/person\/595d75da5bf93cf9ca814c398b63ed6d"},"breadcrumb":{"@id":"https:\/\/blogg.svenskakyrkan.se\/horrugud\/2017\/06\/18\/tyvarr-ar-vi-praster-inte-prinsessornas-tjanstefolk\/#breadcrumb"},"inLanguage":"sv-SE","potentialAction":[{"@type":"ReadAction","target":["https:\/\/blogg.svenskakyrkan.se\/horrugud\/2017\/06\/18\/tyvarr-ar-vi-praster-inte-prinsessornas-tjanstefolk\/"]}]},{"@type":"ImageObject","inLanguage":"sv-SE","@id":"https:\/\/blogg.svenskakyrkan.se\/horrugud\/2017\/06\/18\/tyvarr-ar-vi-praster-inte-prinsessornas-tjanstefolk\/#primaryimage","url":"https:\/\/blogg.svenskakyrkan.se\/horrugud\/files\/2018\/06\/914659FF-8874-4062-B85C-69BAA63B40F9.jpeg","contentUrl":"https:\/\/blogg.svenskakyrkan.se\/horrugud\/files\/2018\/06\/914659FF-8874-4062-B85C-69BAA63B40F9.jpeg","width":1362,"height":1011},{"@type":"BreadcrumbList","@id":"https:\/\/blogg.svenskakyrkan.se\/horrugud\/2017\/06\/18\/tyvarr-ar-vi-praster-inte-prinsessornas-tjanstefolk\/#breadcrumb","itemListElement":[{"@type":"ListItem","position":1,"name":"Hem","item":"https:\/\/blogg.svenskakyrkan.se\/horrugud\/"},{"@type":"ListItem","position":2,"name":"Tyv\u00e4rr \u00e4r vi pr\u00e4ster inte prinsessornas tj\u00e4nstefolk"}]},{"@type":"WebSite","@id":"https:\/\/blogg.svenskakyrkan.se\/horrugud\/#website","url":"https:\/\/blogg.svenskakyrkan.se\/horrugud\/","name":"H\u00f6rru Gud","description":"Hypotetiska samtal med v\u00e5r Herre","potentialAction":[{"@type":"SearchAction","target":{"@type":"EntryPoint","urlTemplate":"https:\/\/blogg.svenskakyrkan.se\/horrugud\/?s={search_term_string}"},"query-input":{"@type":"PropertyValueSpecification","valueRequired":true,"valueName":"search_term_string"}}],"inLanguage":"sv-SE"},{"@type":"Person","@id":"https:\/\/blogg.svenskakyrkan.se\/horrugud\/#\/schema\/person\/595d75da5bf93cf9ca814c398b63ed6d","name":"Charlotte Frycklund, pr\u00e4st","image":{"@type":"ImageObject","inLanguage":"sv-SE","@id":"https:\/\/blogg.svenskakyrkan.se\/horrugud\/#\/schema\/person\/image\/","url":"https:\/\/secure.gravatar.com\/avatar\/10f37b82bf44def60f716a446302420cc1eb214cca306b573a488614ab47ee87?s=96&d=mm&r=g","contentUrl":"https:\/\/secure.gravatar.com\/avatar\/10f37b82bf44def60f716a446302420cc1eb214cca306b573a488614ab47ee87?s=96&d=mm&r=g","caption":"Charlotte Frycklund, pr\u00e4st"},"url":"https:\/\/blogg.svenskakyrkan.se\/horrugud\/author\/charlottefrycklund\/"}]}},"author_meta":{"ID":"569","user_nicename":"charlottefrycklund","user_registered":"2016-05-24 11:46:19","display_name":"Charlotte Frycklund, pr\u00e4st","first_name":"Charlotte","last_name":"Frycklund, pr\u00e4st","avatar":"https:\/\/secure.gravatar.com\/avatar\/10f37b82bf44def60f716a446302420cc1eb214cca306b573a488614ab47ee87?s=96&d=mm&r=g"},"featured_image":["https:\/\/blogg.svenskakyrkan.se\/horrugud\/files\/2018\/06\/914659FF-8874-4062-B85C-69BAA63B40F9-1024x760.jpeg",1024,760,true],"bloginfo":{"name":"H\u00f6rru Gud","url":"https:\/\/blogg.svenskakyrkan.se\/horrugud"},"_links":{"self":[{"href":"https:\/\/blogg.svenskakyrkan.se\/horrugud\/wp-json\/wp\/v2\/posts\/120","targetHints":{"allow":["GET"]}}],"collection":[{"href":"https:\/\/blogg.svenskakyrkan.se\/horrugud\/wp-json\/wp\/v2\/posts"}],"about":[{"href":"https:\/\/blogg.svenskakyrkan.se\/horrugud\/wp-json\/wp\/v2\/types\/post"}],"author":[{"embeddable":true,"href":"https:\/\/blogg.svenskakyrkan.se\/horrugud\/wp-json\/wp\/v2\/users\/569"}],"replies":[{"embeddable":true,"href":"https:\/\/blogg.svenskakyrkan.se\/horrugud\/wp-json\/wp\/v2\/comments?post=120"}],"version-history":[{"count":1,"href":"https:\/\/blogg.svenskakyrkan.se\/horrugud\/wp-json\/wp\/v2\/posts\/120\/revisions"}],"predecessor-version":[{"id":122,"href":"https:\/\/blogg.svenskakyrkan.se\/horrugud\/wp-json\/wp\/v2\/posts\/120\/revisions\/122"}],"wp:featuredmedia":[{"embeddable":true,"href":"https:\/\/blogg.svenskakyrkan.se\/horrugud\/wp-json\/wp\/v2\/media\/121"}],"wp:attachment":[{"href":"https:\/\/blogg.svenskakyrkan.se\/horrugud\/wp-json\/wp\/v2\/media?parent=120"}],"wp:term":[{"taxonomy":"category","embeddable":true,"href":"https:\/\/blogg.svenskakyrkan.se\/horrugud\/wp-json\/wp\/v2\/categories?post=120"},{"taxonomy":"post_tag","embeddable":true,"href":"https:\/\/blogg.svenskakyrkan.se\/horrugud\/wp-json\/wp\/v2\/tags?post=120"}],"curies":[{"name":"wp","href":"https:\/\/api.w.org\/{rel}","templated":true}]}}