{"id":126,"date":"2018-05-25T19:43:18","date_gmt":"2018-05-25T17:43:18","guid":{"rendered":"http:\/\/blogg.svenskakyrkan.se\/horrugud\/?p=126"},"modified":"2018-06-15T20:52:37","modified_gmt":"2018-06-15T18:52:37","slug":"den-maste-bli-till-flis","status":"publish","type":"post","link":"https:\/\/blogg.svenskakyrkan.se\/horrugud\/2018\/05\/25\/den-maste-bli-till-flis\/","title":{"rendered":"Den m\u00e5ste bli till flis"},"content":{"rendered":"<p>Min hund har hittat en utmaning.<br \/>\nEn pinne som \u00e4r fyra g\u00e5nger s\u00e5 l\u00e5ng som han sj\u00e4lv.<br \/>\nDet \u00e4r inget hinder.<br \/>\nHan vet att det \u00e4r en angel\u00e4gen uppgift.<br \/>\nMan ser hur han gl\u00e4der sig i sin hundsj\u00e4l.<br \/>\nOch jag ser hur han griper sig verket an,<br \/>\ncentimeter f\u00f6r centimeter.<br \/>\nF\u00f6r det \u00e4r en v\u00e4ldigt stor pinne.<br \/>\nDen m\u00e5ste bli till flis.<br \/>\nF\u00f6rst d\u00e5 \u00e4r jobbet gjort.<br \/>\nOch en v\u00e4ldigt envis hund<br \/>\nblir v\u00e4ldigt n\u00f6jd<br \/>\nn\u00e4r han har n\u00e5got verkligt rej\u00e4lt att bita i.<br \/>\nJag vill t\u00e4nka s\u00e5 ocks\u00e5.<br \/>\nAtt en stor utmaning kan var en stor gl\u00e4dje f\u00f6r en envis sj\u00e4l.<br \/>\nOch den g\u00e5r att klara, centimeter f\u00f6r centimeter.<br \/>\nEn glad hund i en gr\u00f6n tr\u00e4dg\u00e5rd<br \/>\nHar predikat f\u00f6r mig om det.<\/p>\n","protected":false},"excerpt":{"rendered":"<p>Min hund har hittat en utmaning. En pinne som \u00e4r fyra g\u00e5nger s\u00e5 l\u00e5ng som han sj\u00e4lv. Det \u00e4r inget hinder. Han vet att det \u00e4r en angel\u00e4gen uppgift. Man ser hur han gl\u00e4der sig i sin hundsj\u00e4l. Och jag ser hur han griper sig verket an, centimeter f\u00f6r centimeter. F\u00f6r det \u00e4r en v\u00e4ldigt [&hellip;]<\/p>\n","protected":false},"author":569,"featured_media":127,"comment_status":"open","ping_status":"open","sticky":false,"template":"","format":"standard","meta":{"_acf_changed":false,"footnotes":""},"categories":[43811],"tags":[116937,162955,172148],"class_list":["post-126","post","type-post","status-publish","format-standard","has-post-thumbnail","hentry","category-dikter","tag-arbete","tag-horru-gud","tag-hundar"],"acf":[],"yoast_head":"<!-- This site is optimized with the Yoast SEO plugin v27.1.1 - https:\/\/yoast.com\/product\/yoast-seo-wordpress\/ -->\n<title>Den m\u00e5ste bli till flis - H\u00f6rru Gud<\/title>\n<meta name=\"robots\" content=\"index, follow, max-snippet:-1, max-image-preview:large, max-video-preview:-1\" \/>\n<link rel=\"canonical\" href=\"https:\/\/blogg.svenskakyrkan.se\/horrugud\/2018\/05\/25\/den-maste-bli-till-flis\/\" \/>\n<meta property=\"og:locale\" content=\"sv_SE\" \/>\n<meta property=\"og:type\" content=\"article\" \/>\n<meta property=\"og:title\" content=\"Den m\u00e5ste bli till flis - H\u00f6rru Gud\" \/>\n<meta property=\"og:description\" content=\"Min hund har hittat en utmaning. En pinne som \u00e4r fyra g\u00e5nger s\u00e5 l\u00e5ng som han sj\u00e4lv. Det \u00e4r inget hinder. Han vet att det \u00e4r en angel\u00e4gen uppgift. Man ser hur han gl\u00e4der sig i sin hundsj\u00e4l. Och jag ser hur han griper sig verket an, centimeter f\u00f6r centimeter. F\u00f6r det \u00e4r en v\u00e4ldigt [&hellip;]\" \/>\n<meta property=\"og:url\" content=\"https:\/\/blogg.svenskakyrkan.se\/horrugud\/2018\/05\/25\/den-maste-bli-till-flis\/\" \/>\n<meta property=\"og:site_name\" content=\"H\u00f6rru Gud\" \/>\n<meta property=\"article:published_time\" content=\"2018-05-25T17:43:18+00:00\" \/>\n<meta property=\"article:modified_time\" content=\"2018-06-15T18:52:37+00:00\" \/>\n<meta property=\"og:image\" content=\"https:\/\/blogg.svenskakyrkan.se\/horrugud\/files\/2018\/06\/C61D28F5-82A8-4EC2-9931-8BF2AF22E296.jpeg\" \/>\n\t<meta property=\"og:image:width\" content=\"4032\" \/>\n\t<meta property=\"og:image:height\" content=\"3024\" \/>\n\t<meta property=\"og:image:type\" content=\"image\/jpeg\" \/>\n<meta name=\"author\" content=\"Charlotte Frycklund, pr\u00e4st\" \/>\n<meta name=\"twitter:card\" content=\"summary_large_image\" \/>\n<meta name=\"twitter:label1\" content=\"Skriven av\" \/>\n\t<meta name=\"twitter:data1\" content=\"Charlotte Frycklund, pr\u00e4st\" \/>\n\t<meta name=\"twitter:label2\" content=\"Ber\u00e4knad l\u00e4stid\" \/>\n\t<meta name=\"twitter:data2\" content=\"1 minut\" \/>\n<script type=\"application\/ld+json\" class=\"yoast-schema-graph\">{\"@context\":\"https:\/\/schema.org\",\"@graph\":[{\"@type\":\"Article\",\"@id\":\"https:\/\/blogg.svenskakyrkan.se\/horrugud\/2018\/05\/25\/den-maste-bli-till-flis\/#article\",\"isPartOf\":{\"@id\":\"https:\/\/blogg.svenskakyrkan.se\/horrugud\/2018\/05\/25\/den-maste-bli-till-flis\/\"},\"author\":{\"name\":\"Charlotte Frycklund, pr\u00e4st\",\"@id\":\"https:\/\/blogg.svenskakyrkan.se\/horrugud\/#\/schema\/person\/595d75da5bf93cf9ca814c398b63ed6d\"},\"headline\":\"Den m\u00e5ste bli till flis\",\"datePublished\":\"2018-05-25T17:43:18+00:00\",\"dateModified\":\"2018-06-15T18:52:37+00:00\",\"mainEntityOfPage\":{\"@id\":\"https:\/\/blogg.svenskakyrkan.se\/horrugud\/2018\/05\/25\/den-maste-bli-till-flis\/\"},\"wordCount\":156,\"commentCount\":1,\"image\":{\"@id\":\"https:\/\/blogg.svenskakyrkan.se\/horrugud\/2018\/05\/25\/den-maste-bli-till-flis\/#primaryimage\"},\"thumbnailUrl\":\"https:\/\/blogg.svenskakyrkan.se\/horrugud\/files\/2018\/06\/C61D28F5-82A8-4EC2-9931-8BF2AF22E296.jpeg\",\"keywords\":[\"Arbete\",\"H\u00f6rru Gud\",\"Hundar\"],\"articleSection\":[\"Dikter\"],\"inLanguage\":\"sv-SE\",\"potentialAction\":[{\"@type\":\"CommentAction\",\"name\":\"Comment\",\"target\":[\"https:\/\/blogg.svenskakyrkan.se\/horrugud\/2018\/05\/25\/den-maste-bli-till-flis\/#respond\"]}]},{\"@type\":\"WebPage\",\"@id\":\"https:\/\/blogg.svenskakyrkan.se\/horrugud\/2018\/05\/25\/den-maste-bli-till-flis\/\",\"url\":\"https:\/\/blogg.svenskakyrkan.se\/horrugud\/2018\/05\/25\/den-maste-bli-till-flis\/\",\"name\":\"Den m\u00e5ste bli till flis - H\u00f6rru Gud\",\"isPartOf\":{\"@id\":\"https:\/\/blogg.svenskakyrkan.se\/horrugud\/#website\"},\"primaryImageOfPage\":{\"@id\":\"https:\/\/blogg.svenskakyrkan.se\/horrugud\/2018\/05\/25\/den-maste-bli-till-flis\/#primaryimage\"},\"image\":{\"@id\":\"https:\/\/blogg.svenskakyrkan.se\/horrugud\/2018\/05\/25\/den-maste-bli-till-flis\/#primaryimage\"},\"thumbnailUrl\":\"https:\/\/blogg.svenskakyrkan.se\/horrugud\/files\/2018\/06\/C61D28F5-82A8-4EC2-9931-8BF2AF22E296.jpeg\",\"datePublished\":\"2018-05-25T17:43:18+00:00\",\"dateModified\":\"2018-06-15T18:52:37+00:00\",\"author\":{\"@id\":\"https:\/\/blogg.svenskakyrkan.se\/horrugud\/#\/schema\/person\/595d75da5bf93cf9ca814c398b63ed6d\"},\"breadcrumb\":{\"@id\":\"https:\/\/blogg.svenskakyrkan.se\/horrugud\/2018\/05\/25\/den-maste-bli-till-flis\/#breadcrumb\"},\"inLanguage\":\"sv-SE\",\"potentialAction\":[{\"@type\":\"ReadAction\",\"target\":[\"https:\/\/blogg.svenskakyrkan.se\/horrugud\/2018\/05\/25\/den-maste-bli-till-flis\/\"]}]},{\"@type\":\"ImageObject\",\"inLanguage\":\"sv-SE\",\"@id\":\"https:\/\/blogg.svenskakyrkan.se\/horrugud\/2018\/05\/25\/den-maste-bli-till-flis\/#primaryimage\",\"url\":\"https:\/\/blogg.svenskakyrkan.se\/horrugud\/files\/2018\/06\/C61D28F5-82A8-4EC2-9931-8BF2AF22E296.jpeg\",\"contentUrl\":\"https:\/\/blogg.svenskakyrkan.se\/horrugud\/files\/2018\/06\/C61D28F5-82A8-4EC2-9931-8BF2AF22E296.jpeg\",\"width\":4032,\"height\":3024},{\"@type\":\"BreadcrumbList\",\"@id\":\"https:\/\/blogg.svenskakyrkan.se\/horrugud\/2018\/05\/25\/den-maste-bli-till-flis\/#breadcrumb\",\"itemListElement\":[{\"@type\":\"ListItem\",\"position\":1,\"name\":\"Hem\",\"item\":\"https:\/\/blogg.svenskakyrkan.se\/horrugud\/\"},{\"@type\":\"ListItem\",\"position\":2,\"name\":\"Den m\u00e5ste bli till flis\"}]},{\"@type\":\"WebSite\",\"@id\":\"https:\/\/blogg.svenskakyrkan.se\/horrugud\/#website\",\"url\":\"https:\/\/blogg.svenskakyrkan.se\/horrugud\/\",\"name\":\"H\u00f6rru Gud\",\"description\":\"Hypotetiska samtal med v\u00e5r Herre\",\"potentialAction\":[{\"@type\":\"SearchAction\",\"target\":{\"@type\":\"EntryPoint\",\"urlTemplate\":\"https:\/\/blogg.svenskakyrkan.se\/horrugud\/?s={search_term_string}\"},\"query-input\":{\"@type\":\"PropertyValueSpecification\",\"valueRequired\":true,\"valueName\":\"search_term_string\"}}],\"inLanguage\":\"sv-SE\"},{\"@type\":\"Person\",\"@id\":\"https:\/\/blogg.svenskakyrkan.se\/horrugud\/#\/schema\/person\/595d75da5bf93cf9ca814c398b63ed6d\",\"name\":\"Charlotte Frycklund, pr\u00e4st\",\"image\":{\"@type\":\"ImageObject\",\"inLanguage\":\"sv-SE\",\"@id\":\"https:\/\/blogg.svenskakyrkan.se\/horrugud\/#\/schema\/person\/image\/\",\"url\":\"https:\/\/secure.gravatar.com\/avatar\/10f37b82bf44def60f716a446302420cc1eb214cca306b573a488614ab47ee87?s=96&d=mm&r=g\",\"contentUrl\":\"https:\/\/secure.gravatar.com\/avatar\/10f37b82bf44def60f716a446302420cc1eb214cca306b573a488614ab47ee87?s=96&d=mm&r=g\",\"caption\":\"Charlotte Frycklund, pr\u00e4st\"},\"url\":\"https:\/\/blogg.svenskakyrkan.se\/horrugud\/author\/charlottefrycklund\/\"}]}<\/script>\n<!-- \/ Yoast SEO plugin. -->","yoast_head_json":{"title":"Den m\u00e5ste bli till flis - H\u00f6rru Gud","robots":{"index":"index","follow":"follow","max-snippet":"max-snippet:-1","max-image-preview":"max-image-preview:large","max-video-preview":"max-video-preview:-1"},"canonical":"https:\/\/blogg.svenskakyrkan.se\/horrugud\/2018\/05\/25\/den-maste-bli-till-flis\/","og_locale":"sv_SE","og_type":"article","og_title":"Den m\u00e5ste bli till flis - H\u00f6rru Gud","og_description":"Min hund har hittat en utmaning. En pinne som \u00e4r fyra g\u00e5nger s\u00e5 l\u00e5ng som han sj\u00e4lv. Det \u00e4r inget hinder. Han vet att det \u00e4r en angel\u00e4gen uppgift. Man ser hur han gl\u00e4der sig i sin hundsj\u00e4l. Och jag ser hur han griper sig verket an, centimeter f\u00f6r centimeter. F\u00f6r det \u00e4r en v\u00e4ldigt [&hellip;]","og_url":"https:\/\/blogg.svenskakyrkan.se\/horrugud\/2018\/05\/25\/den-maste-bli-till-flis\/","og_site_name":"H\u00f6rru Gud","article_published_time":"2018-05-25T17:43:18+00:00","article_modified_time":"2018-06-15T18:52:37+00:00","og_image":[{"width":4032,"height":3024,"url":"https:\/\/blogg.svenskakyrkan.se\/horrugud\/files\/2018\/06\/C61D28F5-82A8-4EC2-9931-8BF2AF22E296.jpeg","type":"image\/jpeg"}],"author":"Charlotte Frycklund, pr\u00e4st","twitter_card":"summary_large_image","twitter_misc":{"Skriven av":"Charlotte Frycklund, pr\u00e4st","Ber\u00e4knad l\u00e4stid":"1 minut"},"schema":{"@context":"https:\/\/schema.org","@graph":[{"@type":"Article","@id":"https:\/\/blogg.svenskakyrkan.se\/horrugud\/2018\/05\/25\/den-maste-bli-till-flis\/#article","isPartOf":{"@id":"https:\/\/blogg.svenskakyrkan.se\/horrugud\/2018\/05\/25\/den-maste-bli-till-flis\/"},"author":{"name":"Charlotte Frycklund, pr\u00e4st","@id":"https:\/\/blogg.svenskakyrkan.se\/horrugud\/#\/schema\/person\/595d75da5bf93cf9ca814c398b63ed6d"},"headline":"Den m\u00e5ste bli till flis","datePublished":"2018-05-25T17:43:18+00:00","dateModified":"2018-06-15T18:52:37+00:00","mainEntityOfPage":{"@id":"https:\/\/blogg.svenskakyrkan.se\/horrugud\/2018\/05\/25\/den-maste-bli-till-flis\/"},"wordCount":156,"commentCount":1,"image":{"@id":"https:\/\/blogg.svenskakyrkan.se\/horrugud\/2018\/05\/25\/den-maste-bli-till-flis\/#primaryimage"},"thumbnailUrl":"https:\/\/blogg.svenskakyrkan.se\/horrugud\/files\/2018\/06\/C61D28F5-82A8-4EC2-9931-8BF2AF22E296.jpeg","keywords":["Arbete","H\u00f6rru Gud","Hundar"],"articleSection":["Dikter"],"inLanguage":"sv-SE","potentialAction":[{"@type":"CommentAction","name":"Comment","target":["https:\/\/blogg.svenskakyrkan.se\/horrugud\/2018\/05\/25\/den-maste-bli-till-flis\/#respond"]}]},{"@type":"WebPage","@id":"https:\/\/blogg.svenskakyrkan.se\/horrugud\/2018\/05\/25\/den-maste-bli-till-flis\/","url":"https:\/\/blogg.svenskakyrkan.se\/horrugud\/2018\/05\/25\/den-maste-bli-till-flis\/","name":"Den m\u00e5ste bli till flis - H\u00f6rru Gud","isPartOf":{"@id":"https:\/\/blogg.svenskakyrkan.se\/horrugud\/#website"},"primaryImageOfPage":{"@id":"https:\/\/blogg.svenskakyrkan.se\/horrugud\/2018\/05\/25\/den-maste-bli-till-flis\/#primaryimage"},"image":{"@id":"https:\/\/blogg.svenskakyrkan.se\/horrugud\/2018\/05\/25\/den-maste-bli-till-flis\/#primaryimage"},"thumbnailUrl":"https:\/\/blogg.svenskakyrkan.se\/horrugud\/files\/2018\/06\/C61D28F5-82A8-4EC2-9931-8BF2AF22E296.jpeg","datePublished":"2018-05-25T17:43:18+00:00","dateModified":"2018-06-15T18:52:37+00:00","author":{"@id":"https:\/\/blogg.svenskakyrkan.se\/horrugud\/#\/schema\/person\/595d75da5bf93cf9ca814c398b63ed6d"},"breadcrumb":{"@id":"https:\/\/blogg.svenskakyrkan.se\/horrugud\/2018\/05\/25\/den-maste-bli-till-flis\/#breadcrumb"},"inLanguage":"sv-SE","potentialAction":[{"@type":"ReadAction","target":["https:\/\/blogg.svenskakyrkan.se\/horrugud\/2018\/05\/25\/den-maste-bli-till-flis\/"]}]},{"@type":"ImageObject","inLanguage":"sv-SE","@id":"https:\/\/blogg.svenskakyrkan.se\/horrugud\/2018\/05\/25\/den-maste-bli-till-flis\/#primaryimage","url":"https:\/\/blogg.svenskakyrkan.se\/horrugud\/files\/2018\/06\/C61D28F5-82A8-4EC2-9931-8BF2AF22E296.jpeg","contentUrl":"https:\/\/blogg.svenskakyrkan.se\/horrugud\/files\/2018\/06\/C61D28F5-82A8-4EC2-9931-8BF2AF22E296.jpeg","width":4032,"height":3024},{"@type":"BreadcrumbList","@id":"https:\/\/blogg.svenskakyrkan.se\/horrugud\/2018\/05\/25\/den-maste-bli-till-flis\/#breadcrumb","itemListElement":[{"@type":"ListItem","position":1,"name":"Hem","item":"https:\/\/blogg.svenskakyrkan.se\/horrugud\/"},{"@type":"ListItem","position":2,"name":"Den m\u00e5ste bli till flis"}]},{"@type":"WebSite","@id":"https:\/\/blogg.svenskakyrkan.se\/horrugud\/#website","url":"https:\/\/blogg.svenskakyrkan.se\/horrugud\/","name":"H\u00f6rru Gud","description":"Hypotetiska samtal med v\u00e5r Herre","potentialAction":[{"@type":"SearchAction","target":{"@type":"EntryPoint","urlTemplate":"https:\/\/blogg.svenskakyrkan.se\/horrugud\/?s={search_term_string}"},"query-input":{"@type":"PropertyValueSpecification","valueRequired":true,"valueName":"search_term_string"}}],"inLanguage":"sv-SE"},{"@type":"Person","@id":"https:\/\/blogg.svenskakyrkan.se\/horrugud\/#\/schema\/person\/595d75da5bf93cf9ca814c398b63ed6d","name":"Charlotte Frycklund, pr\u00e4st","image":{"@type":"ImageObject","inLanguage":"sv-SE","@id":"https:\/\/blogg.svenskakyrkan.se\/horrugud\/#\/schema\/person\/image\/","url":"https:\/\/secure.gravatar.com\/avatar\/10f37b82bf44def60f716a446302420cc1eb214cca306b573a488614ab47ee87?s=96&d=mm&r=g","contentUrl":"https:\/\/secure.gravatar.com\/avatar\/10f37b82bf44def60f716a446302420cc1eb214cca306b573a488614ab47ee87?s=96&d=mm&r=g","caption":"Charlotte Frycklund, pr\u00e4st"},"url":"https:\/\/blogg.svenskakyrkan.se\/horrugud\/author\/charlottefrycklund\/"}]}},"author_meta":{"ID":"569","user_nicename":"charlottefrycklund","user_registered":"2016-05-24 11:46:19","display_name":"Charlotte Frycklund, pr\u00e4st","first_name":"Charlotte","last_name":"Frycklund, pr\u00e4st","avatar":"https:\/\/secure.gravatar.com\/avatar\/10f37b82bf44def60f716a446302420cc1eb214cca306b573a488614ab47ee87?s=96&d=mm&r=g"},"featured_image":["https:\/\/blogg.svenskakyrkan.se\/horrugud\/files\/2018\/06\/C61D28F5-82A8-4EC2-9931-8BF2AF22E296-1024x768.jpeg",1024,768,true],"bloginfo":{"name":"H\u00f6rru Gud","url":"https:\/\/blogg.svenskakyrkan.se\/horrugud"},"_links":{"self":[{"href":"https:\/\/blogg.svenskakyrkan.se\/horrugud\/wp-json\/wp\/v2\/posts\/126","targetHints":{"allow":["GET"]}}],"collection":[{"href":"https:\/\/blogg.svenskakyrkan.se\/horrugud\/wp-json\/wp\/v2\/posts"}],"about":[{"href":"https:\/\/blogg.svenskakyrkan.se\/horrugud\/wp-json\/wp\/v2\/types\/post"}],"author":[{"embeddable":true,"href":"https:\/\/blogg.svenskakyrkan.se\/horrugud\/wp-json\/wp\/v2\/users\/569"}],"replies":[{"embeddable":true,"href":"https:\/\/blogg.svenskakyrkan.se\/horrugud\/wp-json\/wp\/v2\/comments?post=126"}],"version-history":[{"count":1,"href":"https:\/\/blogg.svenskakyrkan.se\/horrugud\/wp-json\/wp\/v2\/posts\/126\/revisions"}],"predecessor-version":[{"id":128,"href":"https:\/\/blogg.svenskakyrkan.se\/horrugud\/wp-json\/wp\/v2\/posts\/126\/revisions\/128"}],"wp:featuredmedia":[{"embeddable":true,"href":"https:\/\/blogg.svenskakyrkan.se\/horrugud\/wp-json\/wp\/v2\/media\/127"}],"wp:attachment":[{"href":"https:\/\/blogg.svenskakyrkan.se\/horrugud\/wp-json\/wp\/v2\/media?parent=126"}],"wp:term":[{"taxonomy":"category","embeddable":true,"href":"https:\/\/blogg.svenskakyrkan.se\/horrugud\/wp-json\/wp\/v2\/categories?post=126"},{"taxonomy":"post_tag","embeddable":true,"href":"https:\/\/blogg.svenskakyrkan.se\/horrugud\/wp-json\/wp\/v2\/tags?post=126"}],"curies":[{"name":"wp","href":"https:\/\/api.w.org\/{rel}","templated":true}]}}