{"id":139,"date":"2018-06-16T21:01:56","date_gmt":"2018-06-16T19:01:56","guid":{"rendered":"http:\/\/blogg.svenskakyrkan.se\/horrugud\/?p=139"},"modified":"2018-06-17T12:55:07","modified_gmt":"2018-06-17T10:55:07","slug":"for-katter-ager-akrar-och-katter-ager-natten","status":"publish","type":"post","link":"https:\/\/blogg.svenskakyrkan.se\/horrugud\/2018\/06\/16\/for-katter-ager-akrar-och-katter-ager-natten\/","title":{"rendered":"F\u00f6r katter \u00e4ger \u00e5krar, och katter \u00e4ger natten"},"content":{"rendered":"<p>Vi \u00e4ger inte \u00e5kern, det g\u00f6r katten.<br \/>\nV\u00e5r m\u00e4ktiga, mystiska, magiska katt<br \/>\nsom vaktar sin \u00e5ker vareviga natt<br \/>\nF\u00f6r katter \u00e4ger \u00e5krar, och katter \u00e4ger natten. <\/p>\n<p>Svarta och smidiga, farliga katter<br \/>\nTystaste tr\u00e4gnaste konungakatter<br \/>\nFr\u00e5n \u00e5krar som skyddas och v\u00e4rnas av katter<br \/>\nB\u00e4rgas vid sk\u00f6rdetid storslagna skatter<\/p>\n<p>Vad katten som sitter d\u00e4r t\u00e4nker och vet<br \/>\n\u00c4r en evig och kattelig hemlighet<br \/>\nMen jag som v\u00f6rdnadsfullt ser p\u00e5<br \/>\nVet en sak mycket v\u00e4l \u00e4nd\u00e5<\/p>\n<p>Vi \u00e4ger inte \u00e5kern, f\u00f6r \u00e5kern \u00e4gs f\u00f6rst\u00e5s<br \/>\nAv samma katt som av sin n\u00e5d s\u00e5 sj\u00e4lvklart \u00e4ger oss<\/p>\n","protected":false},"excerpt":{"rendered":"<p>Vi \u00e4ger inte \u00e5kern, det g\u00f6r katten. V\u00e5r m\u00e4ktiga, mystiska, magiska katt som vaktar sin \u00e5ker vareviga natt F\u00f6r katter \u00e4ger \u00e5krar, och katter \u00e4ger natten. Svarta och smidiga, farliga katter Tystaste tr\u00e4gnaste konungakatter Fr\u00e5n \u00e5krar som skyddas och v\u00e4rnas av katter B\u00e4rgas vid sk\u00f6rdetid storslagna skatter Vad katten som sitter d\u00e4r t\u00e4nker och vet [&hellip;]<\/p>\n","protected":false},"author":569,"featured_media":144,"comment_status":"open","ping_status":"open","sticky":false,"template":"","format":"standard","meta":{"_acf_changed":false,"footnotes":""},"categories":[43811],"tags":[166988,162955,171750],"class_list":["post-139","post","type-post","status-publish","format-standard","has-post-thumbnail","hentry","category-dikter","tag-aker","tag-horru-gud","tag-katter"],"acf":[],"yoast_head":"<!-- This site is optimized with the Yoast SEO plugin v27.1.1 - https:\/\/yoast.com\/product\/yoast-seo-wordpress\/ -->\n<title>F\u00f6r katter \u00e4ger \u00e5krar, och katter \u00e4ger natten - H\u00f6rru Gud<\/title>\n<meta name=\"robots\" content=\"index, follow, max-snippet:-1, max-image-preview:large, max-video-preview:-1\" \/>\n<link rel=\"canonical\" href=\"https:\/\/blogg.svenskakyrkan.se\/horrugud\/2018\/06\/16\/for-katter-ager-akrar-och-katter-ager-natten\/\" \/>\n<meta property=\"og:locale\" content=\"sv_SE\" \/>\n<meta property=\"og:type\" content=\"article\" \/>\n<meta property=\"og:title\" content=\"F\u00f6r katter \u00e4ger \u00e5krar, och katter \u00e4ger natten - H\u00f6rru Gud\" \/>\n<meta property=\"og:description\" content=\"Vi \u00e4ger inte \u00e5kern, det g\u00f6r katten. V\u00e5r m\u00e4ktiga, mystiska, magiska katt som vaktar sin \u00e5ker vareviga natt F\u00f6r katter \u00e4ger \u00e5krar, och katter \u00e4ger natten. Svarta och smidiga, farliga katter Tystaste tr\u00e4gnaste konungakatter Fr\u00e5n \u00e5krar som skyddas och v\u00e4rnas av katter B\u00e4rgas vid sk\u00f6rdetid storslagna skatter Vad katten som sitter d\u00e4r t\u00e4nker och vet [&hellip;]\" \/>\n<meta property=\"og:url\" content=\"https:\/\/blogg.svenskakyrkan.se\/horrugud\/2018\/06\/16\/for-katter-ager-akrar-och-katter-ager-natten\/\" \/>\n<meta property=\"og:site_name\" content=\"H\u00f6rru Gud\" \/>\n<meta property=\"article:published_time\" content=\"2018-06-16T19:01:56+00:00\" \/>\n<meta property=\"article:modified_time\" content=\"2018-06-17T10:55:07+00:00\" \/>\n<meta property=\"og:image\" content=\"https:\/\/blogg.svenskakyrkan.se\/horrugud\/files\/2018\/06\/2961B238-273E-4AEA-AF80-52FEB68EF5AA.jpeg\" \/>\n\t<meta property=\"og:image:width\" content=\"394\" \/>\n\t<meta property=\"og:image:height\" content=\"394\" \/>\n\t<meta property=\"og:image:type\" content=\"image\/jpeg\" \/>\n<meta name=\"author\" content=\"Charlotte Frycklund, pr\u00e4st\" \/>\n<meta name=\"twitter:card\" content=\"summary_large_image\" \/>\n<meta name=\"twitter:label1\" content=\"Skriven av\" \/>\n\t<meta name=\"twitter:data1\" content=\"Charlotte Frycklund, pr\u00e4st\" \/>\n\t<meta name=\"twitter:label2\" content=\"Ber\u00e4knad l\u00e4stid\" \/>\n\t<meta name=\"twitter:data2\" content=\"1 minut\" \/>\n<script type=\"application\/ld+json\" class=\"yoast-schema-graph\">{\"@context\":\"https:\/\/schema.org\",\"@graph\":[{\"@type\":\"Article\",\"@id\":\"https:\/\/blogg.svenskakyrkan.se\/horrugud\/2018\/06\/16\/for-katter-ager-akrar-och-katter-ager-natten\/#article\",\"isPartOf\":{\"@id\":\"https:\/\/blogg.svenskakyrkan.se\/horrugud\/2018\/06\/16\/for-katter-ager-akrar-och-katter-ager-natten\/\"},\"author\":{\"name\":\"Charlotte Frycklund, pr\u00e4st\",\"@id\":\"https:\/\/blogg.svenskakyrkan.se\/horrugud\/#\/schema\/person\/595d75da5bf93cf9ca814c398b63ed6d\"},\"headline\":\"F\u00f6r katter \u00e4ger \u00e5krar, och katter \u00e4ger natten\",\"datePublished\":\"2018-06-16T19:01:56+00:00\",\"dateModified\":\"2018-06-17T10:55:07+00:00\",\"mainEntityOfPage\":{\"@id\":\"https:\/\/blogg.svenskakyrkan.se\/horrugud\/2018\/06\/16\/for-katter-ager-akrar-och-katter-ager-natten\/\"},\"wordCount\":119,\"commentCount\":1,\"image\":{\"@id\":\"https:\/\/blogg.svenskakyrkan.se\/horrugud\/2018\/06\/16\/for-katter-ager-akrar-och-katter-ager-natten\/#primaryimage\"},\"thumbnailUrl\":\"https:\/\/blogg.svenskakyrkan.se\/horrugud\/files\/2018\/06\/2961B238-273E-4AEA-AF80-52FEB68EF5AA.jpeg\",\"keywords\":[\"\u00c5ker\",\"H\u00f6rru Gud\",\"Katter\"],\"articleSection\":[\"Dikter\"],\"inLanguage\":\"sv-SE\",\"potentialAction\":[{\"@type\":\"CommentAction\",\"name\":\"Comment\",\"target\":[\"https:\/\/blogg.svenskakyrkan.se\/horrugud\/2018\/06\/16\/for-katter-ager-akrar-och-katter-ager-natten\/#respond\"]}]},{\"@type\":\"WebPage\",\"@id\":\"https:\/\/blogg.svenskakyrkan.se\/horrugud\/2018\/06\/16\/for-katter-ager-akrar-och-katter-ager-natten\/\",\"url\":\"https:\/\/blogg.svenskakyrkan.se\/horrugud\/2018\/06\/16\/for-katter-ager-akrar-och-katter-ager-natten\/\",\"name\":\"F\u00f6r katter \u00e4ger \u00e5krar, och katter \u00e4ger natten - H\u00f6rru Gud\",\"isPartOf\":{\"@id\":\"https:\/\/blogg.svenskakyrkan.se\/horrugud\/#website\"},\"primaryImageOfPage\":{\"@id\":\"https:\/\/blogg.svenskakyrkan.se\/horrugud\/2018\/06\/16\/for-katter-ager-akrar-och-katter-ager-natten\/#primaryimage\"},\"image\":{\"@id\":\"https:\/\/blogg.svenskakyrkan.se\/horrugud\/2018\/06\/16\/for-katter-ager-akrar-och-katter-ager-natten\/#primaryimage\"},\"thumbnailUrl\":\"https:\/\/blogg.svenskakyrkan.se\/horrugud\/files\/2018\/06\/2961B238-273E-4AEA-AF80-52FEB68EF5AA.jpeg\",\"datePublished\":\"2018-06-16T19:01:56+00:00\",\"dateModified\":\"2018-06-17T10:55:07+00:00\",\"author\":{\"@id\":\"https:\/\/blogg.svenskakyrkan.se\/horrugud\/#\/schema\/person\/595d75da5bf93cf9ca814c398b63ed6d\"},\"breadcrumb\":{\"@id\":\"https:\/\/blogg.svenskakyrkan.se\/horrugud\/2018\/06\/16\/for-katter-ager-akrar-och-katter-ager-natten\/#breadcrumb\"},\"inLanguage\":\"sv-SE\",\"potentialAction\":[{\"@type\":\"ReadAction\",\"target\":[\"https:\/\/blogg.svenskakyrkan.se\/horrugud\/2018\/06\/16\/for-katter-ager-akrar-och-katter-ager-natten\/\"]}]},{\"@type\":\"ImageObject\",\"inLanguage\":\"sv-SE\",\"@id\":\"https:\/\/blogg.svenskakyrkan.se\/horrugud\/2018\/06\/16\/for-katter-ager-akrar-och-katter-ager-natten\/#primaryimage\",\"url\":\"https:\/\/blogg.svenskakyrkan.se\/horrugud\/files\/2018\/06\/2961B238-273E-4AEA-AF80-52FEB68EF5AA.jpeg\",\"contentUrl\":\"https:\/\/blogg.svenskakyrkan.se\/horrugud\/files\/2018\/06\/2961B238-273E-4AEA-AF80-52FEB68EF5AA.jpeg\",\"width\":394,\"height\":394},{\"@type\":\"BreadcrumbList\",\"@id\":\"https:\/\/blogg.svenskakyrkan.se\/horrugud\/2018\/06\/16\/for-katter-ager-akrar-och-katter-ager-natten\/#breadcrumb\",\"itemListElement\":[{\"@type\":\"ListItem\",\"position\":1,\"name\":\"Hem\",\"item\":\"https:\/\/blogg.svenskakyrkan.se\/horrugud\/\"},{\"@type\":\"ListItem\",\"position\":2,\"name\":\"F\u00f6r katter \u00e4ger \u00e5krar, och katter \u00e4ger natten\"}]},{\"@type\":\"WebSite\",\"@id\":\"https:\/\/blogg.svenskakyrkan.se\/horrugud\/#website\",\"url\":\"https:\/\/blogg.svenskakyrkan.se\/horrugud\/\",\"name\":\"H\u00f6rru Gud\",\"description\":\"Hypotetiska samtal med v\u00e5r Herre\",\"potentialAction\":[{\"@type\":\"SearchAction\",\"target\":{\"@type\":\"EntryPoint\",\"urlTemplate\":\"https:\/\/blogg.svenskakyrkan.se\/horrugud\/?s={search_term_string}\"},\"query-input\":{\"@type\":\"PropertyValueSpecification\",\"valueRequired\":true,\"valueName\":\"search_term_string\"}}],\"inLanguage\":\"sv-SE\"},{\"@type\":\"Person\",\"@id\":\"https:\/\/blogg.svenskakyrkan.se\/horrugud\/#\/schema\/person\/595d75da5bf93cf9ca814c398b63ed6d\",\"name\":\"Charlotte Frycklund, pr\u00e4st\",\"image\":{\"@type\":\"ImageObject\",\"inLanguage\":\"sv-SE\",\"@id\":\"https:\/\/blogg.svenskakyrkan.se\/horrugud\/#\/schema\/person\/image\/\",\"url\":\"https:\/\/secure.gravatar.com\/avatar\/10f37b82bf44def60f716a446302420cc1eb214cca306b573a488614ab47ee87?s=96&d=mm&r=g\",\"contentUrl\":\"https:\/\/secure.gravatar.com\/avatar\/10f37b82bf44def60f716a446302420cc1eb214cca306b573a488614ab47ee87?s=96&d=mm&r=g\",\"caption\":\"Charlotte Frycklund, pr\u00e4st\"},\"url\":\"https:\/\/blogg.svenskakyrkan.se\/horrugud\/author\/charlottefrycklund\/\"}]}<\/script>\n<!-- \/ Yoast SEO plugin. -->","yoast_head_json":{"title":"F\u00f6r katter \u00e4ger \u00e5krar, och katter \u00e4ger natten - H\u00f6rru Gud","robots":{"index":"index","follow":"follow","max-snippet":"max-snippet:-1","max-image-preview":"max-image-preview:large","max-video-preview":"max-video-preview:-1"},"canonical":"https:\/\/blogg.svenskakyrkan.se\/horrugud\/2018\/06\/16\/for-katter-ager-akrar-och-katter-ager-natten\/","og_locale":"sv_SE","og_type":"article","og_title":"F\u00f6r katter \u00e4ger \u00e5krar, och katter \u00e4ger natten - H\u00f6rru Gud","og_description":"Vi \u00e4ger inte \u00e5kern, det g\u00f6r katten. V\u00e5r m\u00e4ktiga, mystiska, magiska katt som vaktar sin \u00e5ker vareviga natt F\u00f6r katter \u00e4ger \u00e5krar, och katter \u00e4ger natten. Svarta och smidiga, farliga katter Tystaste tr\u00e4gnaste konungakatter Fr\u00e5n \u00e5krar som skyddas och v\u00e4rnas av katter B\u00e4rgas vid sk\u00f6rdetid storslagna skatter Vad katten som sitter d\u00e4r t\u00e4nker och vet [&hellip;]","og_url":"https:\/\/blogg.svenskakyrkan.se\/horrugud\/2018\/06\/16\/for-katter-ager-akrar-och-katter-ager-natten\/","og_site_name":"H\u00f6rru Gud","article_published_time":"2018-06-16T19:01:56+00:00","article_modified_time":"2018-06-17T10:55:07+00:00","og_image":[{"width":394,"height":394,"url":"https:\/\/blogg.svenskakyrkan.se\/horrugud\/files\/2018\/06\/2961B238-273E-4AEA-AF80-52FEB68EF5AA.jpeg","type":"image\/jpeg"}],"author":"Charlotte Frycklund, pr\u00e4st","twitter_card":"summary_large_image","twitter_misc":{"Skriven av":"Charlotte Frycklund, pr\u00e4st","Ber\u00e4knad l\u00e4stid":"1 minut"},"schema":{"@context":"https:\/\/schema.org","@graph":[{"@type":"Article","@id":"https:\/\/blogg.svenskakyrkan.se\/horrugud\/2018\/06\/16\/for-katter-ager-akrar-och-katter-ager-natten\/#article","isPartOf":{"@id":"https:\/\/blogg.svenskakyrkan.se\/horrugud\/2018\/06\/16\/for-katter-ager-akrar-och-katter-ager-natten\/"},"author":{"name":"Charlotte Frycklund, pr\u00e4st","@id":"https:\/\/blogg.svenskakyrkan.se\/horrugud\/#\/schema\/person\/595d75da5bf93cf9ca814c398b63ed6d"},"headline":"F\u00f6r katter \u00e4ger \u00e5krar, och katter \u00e4ger natten","datePublished":"2018-06-16T19:01:56+00:00","dateModified":"2018-06-17T10:55:07+00:00","mainEntityOfPage":{"@id":"https:\/\/blogg.svenskakyrkan.se\/horrugud\/2018\/06\/16\/for-katter-ager-akrar-och-katter-ager-natten\/"},"wordCount":119,"commentCount":1,"image":{"@id":"https:\/\/blogg.svenskakyrkan.se\/horrugud\/2018\/06\/16\/for-katter-ager-akrar-och-katter-ager-natten\/#primaryimage"},"thumbnailUrl":"https:\/\/blogg.svenskakyrkan.se\/horrugud\/files\/2018\/06\/2961B238-273E-4AEA-AF80-52FEB68EF5AA.jpeg","keywords":["\u00c5ker","H\u00f6rru Gud","Katter"],"articleSection":["Dikter"],"inLanguage":"sv-SE","potentialAction":[{"@type":"CommentAction","name":"Comment","target":["https:\/\/blogg.svenskakyrkan.se\/horrugud\/2018\/06\/16\/for-katter-ager-akrar-och-katter-ager-natten\/#respond"]}]},{"@type":"WebPage","@id":"https:\/\/blogg.svenskakyrkan.se\/horrugud\/2018\/06\/16\/for-katter-ager-akrar-och-katter-ager-natten\/","url":"https:\/\/blogg.svenskakyrkan.se\/horrugud\/2018\/06\/16\/for-katter-ager-akrar-och-katter-ager-natten\/","name":"F\u00f6r katter \u00e4ger \u00e5krar, och katter \u00e4ger natten - H\u00f6rru Gud","isPartOf":{"@id":"https:\/\/blogg.svenskakyrkan.se\/horrugud\/#website"},"primaryImageOfPage":{"@id":"https:\/\/blogg.svenskakyrkan.se\/horrugud\/2018\/06\/16\/for-katter-ager-akrar-och-katter-ager-natten\/#primaryimage"},"image":{"@id":"https:\/\/blogg.svenskakyrkan.se\/horrugud\/2018\/06\/16\/for-katter-ager-akrar-och-katter-ager-natten\/#primaryimage"},"thumbnailUrl":"https:\/\/blogg.svenskakyrkan.se\/horrugud\/files\/2018\/06\/2961B238-273E-4AEA-AF80-52FEB68EF5AA.jpeg","datePublished":"2018-06-16T19:01:56+00:00","dateModified":"2018-06-17T10:55:07+00:00","author":{"@id":"https:\/\/blogg.svenskakyrkan.se\/horrugud\/#\/schema\/person\/595d75da5bf93cf9ca814c398b63ed6d"},"breadcrumb":{"@id":"https:\/\/blogg.svenskakyrkan.se\/horrugud\/2018\/06\/16\/for-katter-ager-akrar-och-katter-ager-natten\/#breadcrumb"},"inLanguage":"sv-SE","potentialAction":[{"@type":"ReadAction","target":["https:\/\/blogg.svenskakyrkan.se\/horrugud\/2018\/06\/16\/for-katter-ager-akrar-och-katter-ager-natten\/"]}]},{"@type":"ImageObject","inLanguage":"sv-SE","@id":"https:\/\/blogg.svenskakyrkan.se\/horrugud\/2018\/06\/16\/for-katter-ager-akrar-och-katter-ager-natten\/#primaryimage","url":"https:\/\/blogg.svenskakyrkan.se\/horrugud\/files\/2018\/06\/2961B238-273E-4AEA-AF80-52FEB68EF5AA.jpeg","contentUrl":"https:\/\/blogg.svenskakyrkan.se\/horrugud\/files\/2018\/06\/2961B238-273E-4AEA-AF80-52FEB68EF5AA.jpeg","width":394,"height":394},{"@type":"BreadcrumbList","@id":"https:\/\/blogg.svenskakyrkan.se\/horrugud\/2018\/06\/16\/for-katter-ager-akrar-och-katter-ager-natten\/#breadcrumb","itemListElement":[{"@type":"ListItem","position":1,"name":"Hem","item":"https:\/\/blogg.svenskakyrkan.se\/horrugud\/"},{"@type":"ListItem","position":2,"name":"F\u00f6r katter \u00e4ger \u00e5krar, och katter \u00e4ger natten"}]},{"@type":"WebSite","@id":"https:\/\/blogg.svenskakyrkan.se\/horrugud\/#website","url":"https:\/\/blogg.svenskakyrkan.se\/horrugud\/","name":"H\u00f6rru Gud","description":"Hypotetiska samtal med v\u00e5r Herre","potentialAction":[{"@type":"SearchAction","target":{"@type":"EntryPoint","urlTemplate":"https:\/\/blogg.svenskakyrkan.se\/horrugud\/?s={search_term_string}"},"query-input":{"@type":"PropertyValueSpecification","valueRequired":true,"valueName":"search_term_string"}}],"inLanguage":"sv-SE"},{"@type":"Person","@id":"https:\/\/blogg.svenskakyrkan.se\/horrugud\/#\/schema\/person\/595d75da5bf93cf9ca814c398b63ed6d","name":"Charlotte Frycklund, pr\u00e4st","image":{"@type":"ImageObject","inLanguage":"sv-SE","@id":"https:\/\/blogg.svenskakyrkan.se\/horrugud\/#\/schema\/person\/image\/","url":"https:\/\/secure.gravatar.com\/avatar\/10f37b82bf44def60f716a446302420cc1eb214cca306b573a488614ab47ee87?s=96&d=mm&r=g","contentUrl":"https:\/\/secure.gravatar.com\/avatar\/10f37b82bf44def60f716a446302420cc1eb214cca306b573a488614ab47ee87?s=96&d=mm&r=g","caption":"Charlotte Frycklund, pr\u00e4st"},"url":"https:\/\/blogg.svenskakyrkan.se\/horrugud\/author\/charlottefrycklund\/"}]}},"author_meta":{"ID":"569","user_nicename":"charlottefrycklund","user_registered":"2016-05-24 11:46:19","display_name":"Charlotte Frycklund, pr\u00e4st","first_name":"Charlotte","last_name":"Frycklund, pr\u00e4st","avatar":"https:\/\/secure.gravatar.com\/avatar\/10f37b82bf44def60f716a446302420cc1eb214cca306b573a488614ab47ee87?s=96&d=mm&r=g"},"featured_image":["https:\/\/blogg.svenskakyrkan.se\/horrugud\/files\/2018\/06\/2961B238-273E-4AEA-AF80-52FEB68EF5AA.jpeg",394,394,false],"bloginfo":{"name":"H\u00f6rru Gud","url":"https:\/\/blogg.svenskakyrkan.se\/horrugud"},"_links":{"self":[{"href":"https:\/\/blogg.svenskakyrkan.se\/horrugud\/wp-json\/wp\/v2\/posts\/139","targetHints":{"allow":["GET"]}}],"collection":[{"href":"https:\/\/blogg.svenskakyrkan.se\/horrugud\/wp-json\/wp\/v2\/posts"}],"about":[{"href":"https:\/\/blogg.svenskakyrkan.se\/horrugud\/wp-json\/wp\/v2\/types\/post"}],"author":[{"embeddable":true,"href":"https:\/\/blogg.svenskakyrkan.se\/horrugud\/wp-json\/wp\/v2\/users\/569"}],"replies":[{"embeddable":true,"href":"https:\/\/blogg.svenskakyrkan.se\/horrugud\/wp-json\/wp\/v2\/comments?post=139"}],"version-history":[{"count":1,"href":"https:\/\/blogg.svenskakyrkan.se\/horrugud\/wp-json\/wp\/v2\/posts\/139\/revisions"}],"predecessor-version":[{"id":145,"href":"https:\/\/blogg.svenskakyrkan.se\/horrugud\/wp-json\/wp\/v2\/posts\/139\/revisions\/145"}],"wp:featuredmedia":[{"embeddable":true,"href":"https:\/\/blogg.svenskakyrkan.se\/horrugud\/wp-json\/wp\/v2\/media\/144"}],"wp:attachment":[{"href":"https:\/\/blogg.svenskakyrkan.se\/horrugud\/wp-json\/wp\/v2\/media?parent=139"}],"wp:term":[{"taxonomy":"category","embeddable":true,"href":"https:\/\/blogg.svenskakyrkan.se\/horrugud\/wp-json\/wp\/v2\/categories?post=139"},{"taxonomy":"post_tag","embeddable":true,"href":"https:\/\/blogg.svenskakyrkan.se\/horrugud\/wp-json\/wp\/v2\/tags?post=139"}],"curies":[{"name":"wp","href":"https:\/\/api.w.org\/{rel}","templated":true}]}}