{"id":140,"date":"2017-09-04T20:40:05","date_gmt":"2017-09-04T18:40:05","guid":{"rendered":"http:\/\/blogg.svenskakyrkan.se\/horrugud\/?p=140"},"modified":"2018-06-17T12:56:17","modified_gmt":"2018-06-17T10:56:17","slug":"i-skuggan-ar-du-dig-sjalv","status":"publish","type":"post","link":"https:\/\/blogg.svenskakyrkan.se\/horrugud\/2017\/09\/04\/i-skuggan-ar-du-dig-sjalv\/","title":{"rendered":"I skuggan \u00e4r du dig sj\u00e4lv"},"content":{"rendered":"<p>Solen \u00e4r allas, men skuggan \u00e4r din.<br \/>\nI solen \u00e4r du allas, men i skuggan \u00e4r du dig sj\u00e4lv.<br \/>\nI skuggan f\u00e5r ditt ansikte vila, osett, o\u00e4gt,<br \/>\nDu slipper ha ditt f\u00f6nster \u00f6ppet mot v\u00e4rlden,<br \/>\nDu f\u00e5r st\u00e4nga till, vila, v\u00e4nta.<\/p>\n<p>Och det g\u00f6r inget.<br \/>\nDu m\u00e5ste inte ut i solen just nu.<br \/>\nM\u00e5ste inte l\u00e4ngta dit, m\u00e5ste inte visa dig.<br \/>\nSkuggan \u00e4r en trygghet, ditt hem n\u00e4r du tvekar p\u00e5 tr\u00f6skeln. <\/p>\n<p>Solen \u00e4r allas, men skuggan \u00e4r din.<br \/>\nOch s\u00e5 ska livet vara. Ibland \u00e4r du allas, mitt i ljuset,<br \/>\nMen ibland m\u00e5ste skuggan befria dig. G\u00f6ra dig till din.<\/p>\n<p>S\u00e5 vila nu i lugnet, i skuggans befriande m\u00f6rker.<br \/>\nEn dag ska solen kalla dig igen, ut i ljuset, v\u00e4rma din hud<br \/>\nGe dina dagar f\u00e4rger, alla de d\u00e4r vackra skarpa f\u00e4rgerna.<\/p>\n<p>Men idag f\u00e5r du vara dov och stilla.<br \/>\nSkuggorna sviker dig inte. D\u00e4r slipper du skenet<br \/>\nD\u00e4r \u00e4r du den som lyser. Om och n\u00e4r du vill.<\/p>\n","protected":false},"excerpt":{"rendered":"<p>Solen \u00e4r allas, men skuggan \u00e4r din. I solen \u00e4r du allas, men i skuggan \u00e4r du dig sj\u00e4lv. I skuggan f\u00e5r ditt ansikte vila, osett, o\u00e4gt, Du slipper ha ditt f\u00f6nster \u00f6ppet mot v\u00e4rlden, Du f\u00e5r st\u00e4nga till, vila, v\u00e4nta. Och det g\u00f6r inget. Du m\u00e5ste inte ut i solen just nu. M\u00e5ste inte [&hellip;]<\/p>\n","protected":false},"author":569,"featured_media":146,"comment_status":"open","ping_status":"open","sticky":false,"template":"","format":"standard","meta":{"_acf_changed":false,"footnotes":""},"categories":[43811],"tags":[162955,170686,170435],"class_list":["post-140","post","type-post","status-publish","format-standard","has-post-thumbnail","hentry","category-dikter","tag-horru-gud","tag-skugga","tag-sol"],"acf":[],"yoast_head":"<!-- This site is optimized with the Yoast SEO plugin v27.1.1 - https:\/\/yoast.com\/product\/yoast-seo-wordpress\/ -->\n<title>I skuggan \u00e4r du dig sj\u00e4lv - H\u00f6rru Gud<\/title>\n<meta name=\"robots\" content=\"index, follow, max-snippet:-1, max-image-preview:large, max-video-preview:-1\" \/>\n<link rel=\"canonical\" href=\"https:\/\/blogg.svenskakyrkan.se\/horrugud\/2017\/09\/04\/i-skuggan-ar-du-dig-sjalv\/\" \/>\n<meta property=\"og:locale\" content=\"sv_SE\" \/>\n<meta property=\"og:type\" content=\"article\" \/>\n<meta property=\"og:title\" content=\"I skuggan \u00e4r du dig sj\u00e4lv - H\u00f6rru Gud\" \/>\n<meta property=\"og:description\" content=\"Solen \u00e4r allas, men skuggan \u00e4r din. I solen \u00e4r du allas, men i skuggan \u00e4r du dig sj\u00e4lv. I skuggan f\u00e5r ditt ansikte vila, osett, o\u00e4gt, Du slipper ha ditt f\u00f6nster \u00f6ppet mot v\u00e4rlden, Du f\u00e5r st\u00e4nga till, vila, v\u00e4nta. Och det g\u00f6r inget. Du m\u00e5ste inte ut i solen just nu. M\u00e5ste inte [&hellip;]\" \/>\n<meta property=\"og:url\" content=\"https:\/\/blogg.svenskakyrkan.se\/horrugud\/2017\/09\/04\/i-skuggan-ar-du-dig-sjalv\/\" \/>\n<meta property=\"og:site_name\" content=\"H\u00f6rru Gud\" \/>\n<meta property=\"article:published_time\" content=\"2017-09-04T18:40:05+00:00\" \/>\n<meta property=\"article:modified_time\" content=\"2018-06-17T10:56:17+00:00\" \/>\n<meta property=\"og:image\" content=\"https:\/\/blogg.svenskakyrkan.se\/horrugud\/files\/2018\/06\/CB5FCB3B-FB69-4357-89BD-C6AB7CE062E0.jpeg\" \/>\n\t<meta property=\"og:image:width\" content=\"1567\" \/>\n\t<meta property=\"og:image:height\" content=\"1176\" \/>\n\t<meta property=\"og:image:type\" content=\"image\/jpeg\" \/>\n<meta name=\"author\" content=\"Charlotte Frycklund, pr\u00e4st\" \/>\n<meta name=\"twitter:card\" content=\"summary_large_image\" \/>\n<meta name=\"twitter:label1\" content=\"Skriven av\" \/>\n\t<meta name=\"twitter:data1\" content=\"Charlotte Frycklund, pr\u00e4st\" \/>\n\t<meta name=\"twitter:label2\" content=\"Ber\u00e4knad l\u00e4stid\" \/>\n\t<meta name=\"twitter:data2\" content=\"1 minut\" \/>\n<script type=\"application\/ld+json\" class=\"yoast-schema-graph\">{\"@context\":\"https:\/\/schema.org\",\"@graph\":[{\"@type\":\"Article\",\"@id\":\"https:\/\/blogg.svenskakyrkan.se\/horrugud\/2017\/09\/04\/i-skuggan-ar-du-dig-sjalv\/#article\",\"isPartOf\":{\"@id\":\"https:\/\/blogg.svenskakyrkan.se\/horrugud\/2017\/09\/04\/i-skuggan-ar-du-dig-sjalv\/\"},\"author\":{\"name\":\"Charlotte Frycklund, pr\u00e4st\",\"@id\":\"https:\/\/blogg.svenskakyrkan.se\/horrugud\/#\/schema\/person\/595d75da5bf93cf9ca814c398b63ed6d\"},\"headline\":\"I skuggan \u00e4r du dig sj\u00e4lv\",\"datePublished\":\"2017-09-04T18:40:05+00:00\",\"dateModified\":\"2018-06-17T10:56:17+00:00\",\"mainEntityOfPage\":{\"@id\":\"https:\/\/blogg.svenskakyrkan.se\/horrugud\/2017\/09\/04\/i-skuggan-ar-du-dig-sjalv\/\"},\"wordCount\":193,\"commentCount\":1,\"image\":{\"@id\":\"https:\/\/blogg.svenskakyrkan.se\/horrugud\/2017\/09\/04\/i-skuggan-ar-du-dig-sjalv\/#primaryimage\"},\"thumbnailUrl\":\"https:\/\/blogg.svenskakyrkan.se\/horrugud\/files\/2018\/06\/CB5FCB3B-FB69-4357-89BD-C6AB7CE062E0.jpeg\",\"keywords\":[\"H\u00f6rru Gud\",\"Skugga\",\"Sol\"],\"articleSection\":[\"Dikter\"],\"inLanguage\":\"sv-SE\",\"potentialAction\":[{\"@type\":\"CommentAction\",\"name\":\"Comment\",\"target\":[\"https:\/\/blogg.svenskakyrkan.se\/horrugud\/2017\/09\/04\/i-skuggan-ar-du-dig-sjalv\/#respond\"]}]},{\"@type\":\"WebPage\",\"@id\":\"https:\/\/blogg.svenskakyrkan.se\/horrugud\/2017\/09\/04\/i-skuggan-ar-du-dig-sjalv\/\",\"url\":\"https:\/\/blogg.svenskakyrkan.se\/horrugud\/2017\/09\/04\/i-skuggan-ar-du-dig-sjalv\/\",\"name\":\"I skuggan \u00e4r du dig sj\u00e4lv - H\u00f6rru Gud\",\"isPartOf\":{\"@id\":\"https:\/\/blogg.svenskakyrkan.se\/horrugud\/#website\"},\"primaryImageOfPage\":{\"@id\":\"https:\/\/blogg.svenskakyrkan.se\/horrugud\/2017\/09\/04\/i-skuggan-ar-du-dig-sjalv\/#primaryimage\"},\"image\":{\"@id\":\"https:\/\/blogg.svenskakyrkan.se\/horrugud\/2017\/09\/04\/i-skuggan-ar-du-dig-sjalv\/#primaryimage\"},\"thumbnailUrl\":\"https:\/\/blogg.svenskakyrkan.se\/horrugud\/files\/2018\/06\/CB5FCB3B-FB69-4357-89BD-C6AB7CE062E0.jpeg\",\"datePublished\":\"2017-09-04T18:40:05+00:00\",\"dateModified\":\"2018-06-17T10:56:17+00:00\",\"author\":{\"@id\":\"https:\/\/blogg.svenskakyrkan.se\/horrugud\/#\/schema\/person\/595d75da5bf93cf9ca814c398b63ed6d\"},\"breadcrumb\":{\"@id\":\"https:\/\/blogg.svenskakyrkan.se\/horrugud\/2017\/09\/04\/i-skuggan-ar-du-dig-sjalv\/#breadcrumb\"},\"inLanguage\":\"sv-SE\",\"potentialAction\":[{\"@type\":\"ReadAction\",\"target\":[\"https:\/\/blogg.svenskakyrkan.se\/horrugud\/2017\/09\/04\/i-skuggan-ar-du-dig-sjalv\/\"]}]},{\"@type\":\"ImageObject\",\"inLanguage\":\"sv-SE\",\"@id\":\"https:\/\/blogg.svenskakyrkan.se\/horrugud\/2017\/09\/04\/i-skuggan-ar-du-dig-sjalv\/#primaryimage\",\"url\":\"https:\/\/blogg.svenskakyrkan.se\/horrugud\/files\/2018\/06\/CB5FCB3B-FB69-4357-89BD-C6AB7CE062E0.jpeg\",\"contentUrl\":\"https:\/\/blogg.svenskakyrkan.se\/horrugud\/files\/2018\/06\/CB5FCB3B-FB69-4357-89BD-C6AB7CE062E0.jpeg\",\"width\":1567,\"height\":1176},{\"@type\":\"BreadcrumbList\",\"@id\":\"https:\/\/blogg.svenskakyrkan.se\/horrugud\/2017\/09\/04\/i-skuggan-ar-du-dig-sjalv\/#breadcrumb\",\"itemListElement\":[{\"@type\":\"ListItem\",\"position\":1,\"name\":\"Hem\",\"item\":\"https:\/\/blogg.svenskakyrkan.se\/horrugud\/\"},{\"@type\":\"ListItem\",\"position\":2,\"name\":\"I skuggan \u00e4r du dig sj\u00e4lv\"}]},{\"@type\":\"WebSite\",\"@id\":\"https:\/\/blogg.svenskakyrkan.se\/horrugud\/#website\",\"url\":\"https:\/\/blogg.svenskakyrkan.se\/horrugud\/\",\"name\":\"H\u00f6rru Gud\",\"description\":\"Hypotetiska samtal med v\u00e5r Herre\",\"potentialAction\":[{\"@type\":\"SearchAction\",\"target\":{\"@type\":\"EntryPoint\",\"urlTemplate\":\"https:\/\/blogg.svenskakyrkan.se\/horrugud\/?s={search_term_string}\"},\"query-input\":{\"@type\":\"PropertyValueSpecification\",\"valueRequired\":true,\"valueName\":\"search_term_string\"}}],\"inLanguage\":\"sv-SE\"},{\"@type\":\"Person\",\"@id\":\"https:\/\/blogg.svenskakyrkan.se\/horrugud\/#\/schema\/person\/595d75da5bf93cf9ca814c398b63ed6d\",\"name\":\"Charlotte Frycklund, pr\u00e4st\",\"image\":{\"@type\":\"ImageObject\",\"inLanguage\":\"sv-SE\",\"@id\":\"https:\/\/blogg.svenskakyrkan.se\/horrugud\/#\/schema\/person\/image\/\",\"url\":\"https:\/\/secure.gravatar.com\/avatar\/10f37b82bf44def60f716a446302420cc1eb214cca306b573a488614ab47ee87?s=96&d=mm&r=g\",\"contentUrl\":\"https:\/\/secure.gravatar.com\/avatar\/10f37b82bf44def60f716a446302420cc1eb214cca306b573a488614ab47ee87?s=96&d=mm&r=g\",\"caption\":\"Charlotte Frycklund, pr\u00e4st\"},\"url\":\"https:\/\/blogg.svenskakyrkan.se\/horrugud\/author\/charlottefrycklund\/\"}]}<\/script>\n<!-- \/ Yoast SEO plugin. -->","yoast_head_json":{"title":"I skuggan \u00e4r du dig sj\u00e4lv - H\u00f6rru Gud","robots":{"index":"index","follow":"follow","max-snippet":"max-snippet:-1","max-image-preview":"max-image-preview:large","max-video-preview":"max-video-preview:-1"},"canonical":"https:\/\/blogg.svenskakyrkan.se\/horrugud\/2017\/09\/04\/i-skuggan-ar-du-dig-sjalv\/","og_locale":"sv_SE","og_type":"article","og_title":"I skuggan \u00e4r du dig sj\u00e4lv - H\u00f6rru Gud","og_description":"Solen \u00e4r allas, men skuggan \u00e4r din. I solen \u00e4r du allas, men i skuggan \u00e4r du dig sj\u00e4lv. I skuggan f\u00e5r ditt ansikte vila, osett, o\u00e4gt, Du slipper ha ditt f\u00f6nster \u00f6ppet mot v\u00e4rlden, Du f\u00e5r st\u00e4nga till, vila, v\u00e4nta. Och det g\u00f6r inget. Du m\u00e5ste inte ut i solen just nu. M\u00e5ste inte [&hellip;]","og_url":"https:\/\/blogg.svenskakyrkan.se\/horrugud\/2017\/09\/04\/i-skuggan-ar-du-dig-sjalv\/","og_site_name":"H\u00f6rru Gud","article_published_time":"2017-09-04T18:40:05+00:00","article_modified_time":"2018-06-17T10:56:17+00:00","og_image":[{"width":1567,"height":1176,"url":"https:\/\/blogg.svenskakyrkan.se\/horrugud\/files\/2018\/06\/CB5FCB3B-FB69-4357-89BD-C6AB7CE062E0.jpeg","type":"image\/jpeg"}],"author":"Charlotte Frycklund, pr\u00e4st","twitter_card":"summary_large_image","twitter_misc":{"Skriven av":"Charlotte Frycklund, pr\u00e4st","Ber\u00e4knad l\u00e4stid":"1 minut"},"schema":{"@context":"https:\/\/schema.org","@graph":[{"@type":"Article","@id":"https:\/\/blogg.svenskakyrkan.se\/horrugud\/2017\/09\/04\/i-skuggan-ar-du-dig-sjalv\/#article","isPartOf":{"@id":"https:\/\/blogg.svenskakyrkan.se\/horrugud\/2017\/09\/04\/i-skuggan-ar-du-dig-sjalv\/"},"author":{"name":"Charlotte Frycklund, pr\u00e4st","@id":"https:\/\/blogg.svenskakyrkan.se\/horrugud\/#\/schema\/person\/595d75da5bf93cf9ca814c398b63ed6d"},"headline":"I skuggan \u00e4r du dig sj\u00e4lv","datePublished":"2017-09-04T18:40:05+00:00","dateModified":"2018-06-17T10:56:17+00:00","mainEntityOfPage":{"@id":"https:\/\/blogg.svenskakyrkan.se\/horrugud\/2017\/09\/04\/i-skuggan-ar-du-dig-sjalv\/"},"wordCount":193,"commentCount":1,"image":{"@id":"https:\/\/blogg.svenskakyrkan.se\/horrugud\/2017\/09\/04\/i-skuggan-ar-du-dig-sjalv\/#primaryimage"},"thumbnailUrl":"https:\/\/blogg.svenskakyrkan.se\/horrugud\/files\/2018\/06\/CB5FCB3B-FB69-4357-89BD-C6AB7CE062E0.jpeg","keywords":["H\u00f6rru Gud","Skugga","Sol"],"articleSection":["Dikter"],"inLanguage":"sv-SE","potentialAction":[{"@type":"CommentAction","name":"Comment","target":["https:\/\/blogg.svenskakyrkan.se\/horrugud\/2017\/09\/04\/i-skuggan-ar-du-dig-sjalv\/#respond"]}]},{"@type":"WebPage","@id":"https:\/\/blogg.svenskakyrkan.se\/horrugud\/2017\/09\/04\/i-skuggan-ar-du-dig-sjalv\/","url":"https:\/\/blogg.svenskakyrkan.se\/horrugud\/2017\/09\/04\/i-skuggan-ar-du-dig-sjalv\/","name":"I skuggan \u00e4r du dig sj\u00e4lv - H\u00f6rru Gud","isPartOf":{"@id":"https:\/\/blogg.svenskakyrkan.se\/horrugud\/#website"},"primaryImageOfPage":{"@id":"https:\/\/blogg.svenskakyrkan.se\/horrugud\/2017\/09\/04\/i-skuggan-ar-du-dig-sjalv\/#primaryimage"},"image":{"@id":"https:\/\/blogg.svenskakyrkan.se\/horrugud\/2017\/09\/04\/i-skuggan-ar-du-dig-sjalv\/#primaryimage"},"thumbnailUrl":"https:\/\/blogg.svenskakyrkan.se\/horrugud\/files\/2018\/06\/CB5FCB3B-FB69-4357-89BD-C6AB7CE062E0.jpeg","datePublished":"2017-09-04T18:40:05+00:00","dateModified":"2018-06-17T10:56:17+00:00","author":{"@id":"https:\/\/blogg.svenskakyrkan.se\/horrugud\/#\/schema\/person\/595d75da5bf93cf9ca814c398b63ed6d"},"breadcrumb":{"@id":"https:\/\/blogg.svenskakyrkan.se\/horrugud\/2017\/09\/04\/i-skuggan-ar-du-dig-sjalv\/#breadcrumb"},"inLanguage":"sv-SE","potentialAction":[{"@type":"ReadAction","target":["https:\/\/blogg.svenskakyrkan.se\/horrugud\/2017\/09\/04\/i-skuggan-ar-du-dig-sjalv\/"]}]},{"@type":"ImageObject","inLanguage":"sv-SE","@id":"https:\/\/blogg.svenskakyrkan.se\/horrugud\/2017\/09\/04\/i-skuggan-ar-du-dig-sjalv\/#primaryimage","url":"https:\/\/blogg.svenskakyrkan.se\/horrugud\/files\/2018\/06\/CB5FCB3B-FB69-4357-89BD-C6AB7CE062E0.jpeg","contentUrl":"https:\/\/blogg.svenskakyrkan.se\/horrugud\/files\/2018\/06\/CB5FCB3B-FB69-4357-89BD-C6AB7CE062E0.jpeg","width":1567,"height":1176},{"@type":"BreadcrumbList","@id":"https:\/\/blogg.svenskakyrkan.se\/horrugud\/2017\/09\/04\/i-skuggan-ar-du-dig-sjalv\/#breadcrumb","itemListElement":[{"@type":"ListItem","position":1,"name":"Hem","item":"https:\/\/blogg.svenskakyrkan.se\/horrugud\/"},{"@type":"ListItem","position":2,"name":"I skuggan \u00e4r du dig sj\u00e4lv"}]},{"@type":"WebSite","@id":"https:\/\/blogg.svenskakyrkan.se\/horrugud\/#website","url":"https:\/\/blogg.svenskakyrkan.se\/horrugud\/","name":"H\u00f6rru Gud","description":"Hypotetiska samtal med v\u00e5r Herre","potentialAction":[{"@type":"SearchAction","target":{"@type":"EntryPoint","urlTemplate":"https:\/\/blogg.svenskakyrkan.se\/horrugud\/?s={search_term_string}"},"query-input":{"@type":"PropertyValueSpecification","valueRequired":true,"valueName":"search_term_string"}}],"inLanguage":"sv-SE"},{"@type":"Person","@id":"https:\/\/blogg.svenskakyrkan.se\/horrugud\/#\/schema\/person\/595d75da5bf93cf9ca814c398b63ed6d","name":"Charlotte Frycklund, pr\u00e4st","image":{"@type":"ImageObject","inLanguage":"sv-SE","@id":"https:\/\/blogg.svenskakyrkan.se\/horrugud\/#\/schema\/person\/image\/","url":"https:\/\/secure.gravatar.com\/avatar\/10f37b82bf44def60f716a446302420cc1eb214cca306b573a488614ab47ee87?s=96&d=mm&r=g","contentUrl":"https:\/\/secure.gravatar.com\/avatar\/10f37b82bf44def60f716a446302420cc1eb214cca306b573a488614ab47ee87?s=96&d=mm&r=g","caption":"Charlotte Frycklund, pr\u00e4st"},"url":"https:\/\/blogg.svenskakyrkan.se\/horrugud\/author\/charlottefrycklund\/"}]}},"author_meta":{"ID":"569","user_nicename":"charlottefrycklund","user_registered":"2016-05-24 11:46:19","display_name":"Charlotte Frycklund, pr\u00e4st","first_name":"Charlotte","last_name":"Frycklund, pr\u00e4st","avatar":"https:\/\/secure.gravatar.com\/avatar\/10f37b82bf44def60f716a446302420cc1eb214cca306b573a488614ab47ee87?s=96&d=mm&r=g"},"featured_image":["https:\/\/blogg.svenskakyrkan.se\/horrugud\/files\/2018\/06\/CB5FCB3B-FB69-4357-89BD-C6AB7CE062E0-1024x768.jpeg",1024,768,true],"bloginfo":{"name":"H\u00f6rru Gud","url":"https:\/\/blogg.svenskakyrkan.se\/horrugud"},"_links":{"self":[{"href":"https:\/\/blogg.svenskakyrkan.se\/horrugud\/wp-json\/wp\/v2\/posts\/140","targetHints":{"allow":["GET"]}}],"collection":[{"href":"https:\/\/blogg.svenskakyrkan.se\/horrugud\/wp-json\/wp\/v2\/posts"}],"about":[{"href":"https:\/\/blogg.svenskakyrkan.se\/horrugud\/wp-json\/wp\/v2\/types\/post"}],"author":[{"embeddable":true,"href":"https:\/\/blogg.svenskakyrkan.se\/horrugud\/wp-json\/wp\/v2\/users\/569"}],"replies":[{"embeddable":true,"href":"https:\/\/blogg.svenskakyrkan.se\/horrugud\/wp-json\/wp\/v2\/comments?post=140"}],"version-history":[{"count":1,"href":"https:\/\/blogg.svenskakyrkan.se\/horrugud\/wp-json\/wp\/v2\/posts\/140\/revisions"}],"predecessor-version":[{"id":147,"href":"https:\/\/blogg.svenskakyrkan.se\/horrugud\/wp-json\/wp\/v2\/posts\/140\/revisions\/147"}],"wp:featuredmedia":[{"embeddable":true,"href":"https:\/\/blogg.svenskakyrkan.se\/horrugud\/wp-json\/wp\/v2\/media\/146"}],"wp:attachment":[{"href":"https:\/\/blogg.svenskakyrkan.se\/horrugud\/wp-json\/wp\/v2\/media?parent=140"}],"wp:term":[{"taxonomy":"category","embeddable":true,"href":"https:\/\/blogg.svenskakyrkan.se\/horrugud\/wp-json\/wp\/v2\/categories?post=140"},{"taxonomy":"post_tag","embeddable":true,"href":"https:\/\/blogg.svenskakyrkan.se\/horrugud\/wp-json\/wp\/v2\/tags?post=140"}],"curies":[{"name":"wp","href":"https:\/\/api.w.org\/{rel}","templated":true}]}}