{"id":148,"date":"2018-06-18T22:36:25","date_gmt":"2018-06-18T20:36:25","guid":{"rendered":"http:\/\/blogg.svenskakyrkan.se\/horrugud\/?p=148"},"modified":"2018-06-18T22:37:19","modified_gmt":"2018-06-18T20:37:19","slug":"148","status":"publish","type":"post","link":"https:\/\/blogg.svenskakyrkan.se\/horrugud\/2018\/06\/18\/148\/","title":{"rendered":"S\u00e5 man inte blandar ihop bandypucken med h\u00f6jdhoppssaltomortalen"},"content":{"rendered":"<p>Jag: Jag f\u00f6rst\u00e5r inte det h\u00e4r med fotbolls-VM.<br \/>\nGud: Det kommer som en stor \u00f6verraskning f\u00f6r mig.<br \/>\nJag: Vad\u00e5? Du \u00e4r ju allvetande.<br \/>\nGud: Och har f\u00f6rm\u00e5gan till en viss mild \u00e4nglalik ironi.<br \/>\nJag: OK, men jag fattar iallafall inte.<br \/>\nGud: Vill du verkligen fatta?<br \/>\nJag: Inte fotboll direkt men liksom varf\u00f6r det \u00e4r s\u00e5 stort.<br \/>\nGud: Tja. Bollen \u00e4r rund.<br \/>\nJag: ?<br \/>\nGud: Man brukar s\u00e4ga s\u00e5 i fotboll f\u00f6r att p\u00e5peka att vad som helst kan h\u00e4nda. Bollen \u00e4r rund. Jorden \u00e4r rund. Och till och med du sj\u00e4lv kan anses vara ganska \u2014<br \/>\nJag: H\u00f6rru, Gud. Nu pratar vi om fotboll. Och varf\u00f6r s\u00e5 m\u00e5nga m\u00e4nniskor sitter och jublar n\u00e4r n\u00e5gon med v\u00e4ldigt betydelsefull f\u00e4rg p\u00e5 sin skjorta sparkar en boll in i en bur.<br \/>\nGud: En annan fr\u00e5ga som man ocks\u00e5 kan st\u00e4lla.<br \/>\nJag: Vad?<br \/>\nGud: Varf\u00f6r en massa folk inte sitter och jublar n\u00e4r mina pr\u00e4ster predikar?<br \/>\nJag: Vad menar du?<br \/>\nGud: N\u00e4r du predikar. Varf\u00f6r sitter inte folk och jublar d\u00e5?<br \/>\nJag: F\u00f6r att jag&#8230; f\u00f6r att fotboll&#8230; f\u00f6r att de sitter i en stillsam kontemplation av ditt ord. Det \u00e4r mycket m\u00f6jligt, till och med troligt, att de jublar p\u00e5 insidan.<br \/>\nGud: Hm.<br \/>\nJag: Jag har iallafall ingen information om motsatsen.<br \/>\nGud: Och \u00e4nd\u00e5 undrar du \u00f6ver fotbollens magi?<br \/>\nJag: Ja.<br \/>\nGud: Paulus sade det bra.<br \/>\nJag: Om FOTBOLL? Den d\u00e4r karlen kunde ju aldrig h\u00e5lla tyst.<br \/>\nGud: En del av mina apostlar \u00e4r ganska pratglada. Pr\u00e4ster ocks\u00e5 f\u00f6r den delen.<br \/>\nJag: Men om FOTBOLL?<br \/>\nGud: \u201djag gl\u00f6mmer det som ligger bakom mig och str\u00e4cker mig mot det som ligger framf\u00f6r mig och l\u00f6per mot m\u00e5let f\u00f6r att vinna pris\u201d. Filipperbrevets tredje kapitel.<br \/>\nJag: Typ som fotboll?<br \/>\nGud: Typ.<br \/>\nJag: S\u00e5 det \u00e4r anledningen till att fotboll \u00e4r s\u00e5 popul\u00e4rt? F\u00f6r att det st\u00e5r i Bibeln?<br \/>\nGud: Nja. Men det \u00e4r samma id\u00e9. Man kan gl\u00f6mma det som ligger bakom. Str\u00e4cka sig mot ett m\u00e5l. Vilja vinna.<br \/>\nJag: Och det \u00e4r&#8230; bra grejer?<br \/>\nGud: Gl\u00f6mma det gamla. Det g\u00f6r vi i v\u00e5r tro. Syndaf\u00f6rl\u00e5telsen.<br \/>\nJag: Mmm. Fast vi slipper jogga och grejer.<br \/>\nGud: Str\u00e4cka sig mot det som ligger framf\u00f6r oss. Det g\u00f6r vi i v\u00e5r tro, l\u00e4ngtar efter att komma n\u00e4rmare v\u00e5rt m\u00e5l.<br \/>\nJag: Fortfarande utan att jogga.<br \/>\nGud: Och vilja vinna.<br \/>\nJag: Det \u00e4r v\u00e4l \u00e4nd\u00e5 inte kristet?<br \/>\nGud: Varf\u00f6r inte? Kristus vann.<br \/>\nJag: \u00d6ver ondskan, ja.<br \/>\nGud: Det \u00e4r v\u00e4l en bra vinst? Den b\u00e4sta, faktiskt.<br \/>\nJag: Det \u00e4r det v\u00e4l. Ja, det \u00e4r det.<br \/>\nGud: Att rikta in sig mot ett m\u00e5l. Ett m\u00e5l som inte skadar n\u00e5gon annan, ett som handlar om bra spel och bra tr\u00e4ning av de d\u00e4r kropparna jag gett er.<br \/>\nJag: Ja.<br \/>\nGud: Och att man kan njuta av fotboll \u00e4ven n\u00e4r man inte spelar. Du vet, h\u00e5lla p\u00e5 folk, delta i dramat \u00e4ven p\u00e5 h\u00e5ll. Utan att jogga, som du brukar s\u00e4ga.<br \/>\nJag: Jaja.<br \/>\nGud: S\u00e5 fattar du?<br \/>\nJag: Jag fattar att fotboll \u00e4r sp\u00e4nnande ifall man bryr sig.<br \/>\nGud: Men man m\u00e5ste inte bry sig om fotboll.<br \/>\nJag: Vilken tur.<br \/>\nGud: Men man m\u00e5ste bry sig om n\u00e5got. Man m\u00e5ste h\u00e4mta de d\u00e4r historierna n\u00e5gonstans, de som ger oss en drivkraft att g\u00e5 vidare, att resa oss upp en g\u00e5ng till, att orka forts\u00e4tta livet och m\u00f6ta utmaningar. Att k\u00e4mpa tillsammans. Att\u2014<br \/>\nJag: Som en predikan.<br \/>\nGud: Som en slags predikan, ja.<br \/>\nJag: Typ v\u00e4ldigt likt de sp\u00e4nnande och dramatiska och upplyftande historierna som vissa av oss alltid har i v\u00e5ra predikningar?<br \/>\nGud: Typ kanske lite grann \u00e5t det h\u00e5llet. Fast liksom mer sp\u00e4nnand\u2014- liksom mer intressa\u2014 liksom lite mer sportanpassade. F\u00f6r m\u00e5nga m\u00e4nniskor gillar sport.<br \/>\nJag: Jag skulle f\u00f6rst\u00e5s kunna predika lite mer om sport.<br \/>\nGud: Det vore antagligen en v\u00e4ldigt intressant utmaning. F\u00f6r dig och f\u00f6r f\u00f6rsamlingen som skulle lyssna.<br \/>\nJag: Jag vet inte, jag kanske skulle beh\u00f6va l\u00e4ra mig lite mer om sport f\u00f6rst.<br \/>\nGud: Kanske.<br \/>\nJag: Du vet, s\u00e5 man inte blandar ihop bandypucken med h\u00f6jdhoppssaltomortalen.<br \/>\nGud: Mmm. Kan ocks\u00e5 vara bra att l\u00e4ra sig lite om det.<br \/>\nJag: Eller s\u00e5 kan jag bara h\u00e5lla mig till s\u00e5dant jag vet.<br \/>\nGud: Eller s\u00e5 kan du titta lite p\u00e5 fotbolls-VM och l\u00e4ra dig lite terminologi och s\u00e5 som du kan anv\u00e4nda sedan. Det \u00e4r fullt med bra ord som man som pr\u00e4st kan ha anv\u00e4ndning av.<br \/>\nJag: Bollen \u00e4r rund.<br \/>\nGud: Du ser, du l\u00e4r dig redan.<br \/>\nJag: Bollen \u00e4r rund, vad som helst kan h\u00e4nda.<br \/>\nGud: Jag ser fram emot det. <\/p>\n","protected":false},"excerpt":{"rendered":"<p>Jag: Jag f\u00f6rst\u00e5r inte det h\u00e4r med fotbolls-VM. Gud: Det kommer som en stor \u00f6verraskning f\u00f6r mig. Jag: Vad\u00e5? Du \u00e4r ju allvetande. Gud: Och har f\u00f6rm\u00e5gan till en viss mild \u00e4nglalik ironi. Jag: OK, men jag fattar iallafall inte. Gud: Vill du verkligen fatta? Jag: Inte fotboll direkt men liksom varf\u00f6r det \u00e4r s\u00e5 [&hellip;]<\/p>\n","protected":false},"author":569,"featured_media":149,"comment_status":"open","ping_status":"open","sticky":false,"template":"","format":"standard","meta":{"_acf_changed":false,"footnotes":""},"categories":[61608],"tags":[160712,61647,162955],"class_list":["post-148","post","type-post","status-publish","format-standard","has-post-thumbnail","hentry","category-vandring","tag-en-gang-ska-gud-och-jag","tag-fotboll","tag-horru-gud"],"acf":[],"yoast_head":"<!-- This site is optimized with the Yoast SEO plugin v27.1.1 - https:\/\/yoast.com\/product\/yoast-seo-wordpress\/ -->\n<title>S\u00e5 man inte blandar ihop bandypucken med h\u00f6jdhoppssaltomortalen - H\u00f6rru Gud<\/title>\n<meta name=\"robots\" content=\"index, follow, max-snippet:-1, max-image-preview:large, max-video-preview:-1\" \/>\n<link rel=\"canonical\" href=\"https:\/\/blogg.svenskakyrkan.se\/horrugud\/2018\/06\/18\/148\/\" \/>\n<meta property=\"og:locale\" content=\"sv_SE\" \/>\n<meta property=\"og:type\" content=\"article\" \/>\n<meta property=\"og:title\" content=\"S\u00e5 man inte blandar ihop bandypucken med h\u00f6jdhoppssaltomortalen - H\u00f6rru Gud\" \/>\n<meta property=\"og:description\" content=\"Jag: Jag f\u00f6rst\u00e5r inte det h\u00e4r med fotbolls-VM. Gud: Det kommer som en stor \u00f6verraskning f\u00f6r mig. Jag: Vad\u00e5? Du \u00e4r ju allvetande. Gud: Och har f\u00f6rm\u00e5gan till en viss mild \u00e4nglalik ironi. Jag: OK, men jag fattar iallafall inte. Gud: Vill du verkligen fatta? Jag: Inte fotboll direkt men liksom varf\u00f6r det \u00e4r s\u00e5 [&hellip;]\" \/>\n<meta property=\"og:url\" content=\"https:\/\/blogg.svenskakyrkan.se\/horrugud\/2018\/06\/18\/148\/\" \/>\n<meta property=\"og:site_name\" content=\"H\u00f6rru Gud\" \/>\n<meta property=\"article:published_time\" content=\"2018-06-18T20:36:25+00:00\" \/>\n<meta property=\"article:modified_time\" content=\"2018-06-18T20:37:19+00:00\" \/>\n<meta property=\"og:image\" content=\"https:\/\/blogg.svenskakyrkan.se\/horrugud\/files\/2018\/06\/86D7591A-1974-4F21-8281-BCC51AB7BD67.jpeg\" \/>\n\t<meta property=\"og:image:width\" content=\"1196\" \/>\n\t<meta property=\"og:image:height\" content=\"998\" \/>\n\t<meta property=\"og:image:type\" content=\"image\/jpeg\" \/>\n<meta name=\"author\" content=\"Charlotte Frycklund, pr\u00e4st\" \/>\n<meta name=\"twitter:card\" content=\"summary_large_image\" \/>\n<meta name=\"twitter:label1\" content=\"Skriven av\" \/>\n\t<meta name=\"twitter:data1\" content=\"Charlotte Frycklund, pr\u00e4st\" \/>\n\t<meta name=\"twitter:label2\" content=\"Ber\u00e4knad l\u00e4stid\" \/>\n\t<meta name=\"twitter:data2\" content=\"4 minuter\" \/>\n<script type=\"application\/ld+json\" class=\"yoast-schema-graph\">{\"@context\":\"https:\/\/schema.org\",\"@graph\":[{\"@type\":\"Article\",\"@id\":\"https:\/\/blogg.svenskakyrkan.se\/horrugud\/2018\/06\/18\/148\/#article\",\"isPartOf\":{\"@id\":\"https:\/\/blogg.svenskakyrkan.se\/horrugud\/2018\/06\/18\/148\/\"},\"author\":{\"name\":\"Charlotte Frycklund, pr\u00e4st\",\"@id\":\"https:\/\/blogg.svenskakyrkan.se\/horrugud\/#\/schema\/person\/595d75da5bf93cf9ca814c398b63ed6d\"},\"headline\":\"S\u00e5 man inte blandar ihop bandypucken med h\u00f6jdhoppssaltomortalen\",\"datePublished\":\"2018-06-18T20:36:25+00:00\",\"dateModified\":\"2018-06-18T20:37:19+00:00\",\"mainEntityOfPage\":{\"@id\":\"https:\/\/blogg.svenskakyrkan.se\/horrugud\/2018\/06\/18\/148\/\"},\"wordCount\":864,\"commentCount\":1,\"image\":{\"@id\":\"https:\/\/blogg.svenskakyrkan.se\/horrugud\/2018\/06\/18\/148\/#primaryimage\"},\"thumbnailUrl\":\"https:\/\/blogg.svenskakyrkan.se\/horrugud\/files\/2018\/06\/86D7591A-1974-4F21-8281-BCC51AB7BD67.jpeg\",\"keywords\":[\"En g\u00e5ng ska Gud och jag\",\"fotboll\",\"H\u00f6rru Gud\"],\"articleSection\":[\"Vandring\"],\"inLanguage\":\"sv-SE\",\"potentialAction\":[{\"@type\":\"CommentAction\",\"name\":\"Comment\",\"target\":[\"https:\/\/blogg.svenskakyrkan.se\/horrugud\/2018\/06\/18\/148\/#respond\"]}]},{\"@type\":\"WebPage\",\"@id\":\"https:\/\/blogg.svenskakyrkan.se\/horrugud\/2018\/06\/18\/148\/\",\"url\":\"https:\/\/blogg.svenskakyrkan.se\/horrugud\/2018\/06\/18\/148\/\",\"name\":\"S\u00e5 man inte blandar ihop bandypucken med h\u00f6jdhoppssaltomortalen - H\u00f6rru Gud\",\"isPartOf\":{\"@id\":\"https:\/\/blogg.svenskakyrkan.se\/horrugud\/#website\"},\"primaryImageOfPage\":{\"@id\":\"https:\/\/blogg.svenskakyrkan.se\/horrugud\/2018\/06\/18\/148\/#primaryimage\"},\"image\":{\"@id\":\"https:\/\/blogg.svenskakyrkan.se\/horrugud\/2018\/06\/18\/148\/#primaryimage\"},\"thumbnailUrl\":\"https:\/\/blogg.svenskakyrkan.se\/horrugud\/files\/2018\/06\/86D7591A-1974-4F21-8281-BCC51AB7BD67.jpeg\",\"datePublished\":\"2018-06-18T20:36:25+00:00\",\"dateModified\":\"2018-06-18T20:37:19+00:00\",\"author\":{\"@id\":\"https:\/\/blogg.svenskakyrkan.se\/horrugud\/#\/schema\/person\/595d75da5bf93cf9ca814c398b63ed6d\"},\"breadcrumb\":{\"@id\":\"https:\/\/blogg.svenskakyrkan.se\/horrugud\/2018\/06\/18\/148\/#breadcrumb\"},\"inLanguage\":\"sv-SE\",\"potentialAction\":[{\"@type\":\"ReadAction\",\"target\":[\"https:\/\/blogg.svenskakyrkan.se\/horrugud\/2018\/06\/18\/148\/\"]}]},{\"@type\":\"ImageObject\",\"inLanguage\":\"sv-SE\",\"@id\":\"https:\/\/blogg.svenskakyrkan.se\/horrugud\/2018\/06\/18\/148\/#primaryimage\",\"url\":\"https:\/\/blogg.svenskakyrkan.se\/horrugud\/files\/2018\/06\/86D7591A-1974-4F21-8281-BCC51AB7BD67.jpeg\",\"contentUrl\":\"https:\/\/blogg.svenskakyrkan.se\/horrugud\/files\/2018\/06\/86D7591A-1974-4F21-8281-BCC51AB7BD67.jpeg\",\"width\":1196,\"height\":998},{\"@type\":\"BreadcrumbList\",\"@id\":\"https:\/\/blogg.svenskakyrkan.se\/horrugud\/2018\/06\/18\/148\/#breadcrumb\",\"itemListElement\":[{\"@type\":\"ListItem\",\"position\":1,\"name\":\"Hem\",\"item\":\"https:\/\/blogg.svenskakyrkan.se\/horrugud\/\"},{\"@type\":\"ListItem\",\"position\":2,\"name\":\"S\u00e5 man inte blandar ihop bandypucken med h\u00f6jdhoppssaltomortalen\"}]},{\"@type\":\"WebSite\",\"@id\":\"https:\/\/blogg.svenskakyrkan.se\/horrugud\/#website\",\"url\":\"https:\/\/blogg.svenskakyrkan.se\/horrugud\/\",\"name\":\"H\u00f6rru Gud\",\"description\":\"Hypotetiska samtal med v\u00e5r Herre\",\"potentialAction\":[{\"@type\":\"SearchAction\",\"target\":{\"@type\":\"EntryPoint\",\"urlTemplate\":\"https:\/\/blogg.svenskakyrkan.se\/horrugud\/?s={search_term_string}\"},\"query-input\":{\"@type\":\"PropertyValueSpecification\",\"valueRequired\":true,\"valueName\":\"search_term_string\"}}],\"inLanguage\":\"sv-SE\"},{\"@type\":\"Person\",\"@id\":\"https:\/\/blogg.svenskakyrkan.se\/horrugud\/#\/schema\/person\/595d75da5bf93cf9ca814c398b63ed6d\",\"name\":\"Charlotte Frycklund, pr\u00e4st\",\"image\":{\"@type\":\"ImageObject\",\"inLanguage\":\"sv-SE\",\"@id\":\"https:\/\/blogg.svenskakyrkan.se\/horrugud\/#\/schema\/person\/image\/\",\"url\":\"https:\/\/secure.gravatar.com\/avatar\/10f37b82bf44def60f716a446302420cc1eb214cca306b573a488614ab47ee87?s=96&d=mm&r=g\",\"contentUrl\":\"https:\/\/secure.gravatar.com\/avatar\/10f37b82bf44def60f716a446302420cc1eb214cca306b573a488614ab47ee87?s=96&d=mm&r=g\",\"caption\":\"Charlotte Frycklund, pr\u00e4st\"},\"url\":\"https:\/\/blogg.svenskakyrkan.se\/horrugud\/author\/charlottefrycklund\/\"}]}<\/script>\n<!-- \/ Yoast SEO plugin. -->","yoast_head_json":{"title":"S\u00e5 man inte blandar ihop bandypucken med h\u00f6jdhoppssaltomortalen - H\u00f6rru Gud","robots":{"index":"index","follow":"follow","max-snippet":"max-snippet:-1","max-image-preview":"max-image-preview:large","max-video-preview":"max-video-preview:-1"},"canonical":"https:\/\/blogg.svenskakyrkan.se\/horrugud\/2018\/06\/18\/148\/","og_locale":"sv_SE","og_type":"article","og_title":"S\u00e5 man inte blandar ihop bandypucken med h\u00f6jdhoppssaltomortalen - H\u00f6rru Gud","og_description":"Jag: Jag f\u00f6rst\u00e5r inte det h\u00e4r med fotbolls-VM. Gud: Det kommer som en stor \u00f6verraskning f\u00f6r mig. Jag: Vad\u00e5? Du \u00e4r ju allvetande. Gud: Och har f\u00f6rm\u00e5gan till en viss mild \u00e4nglalik ironi. Jag: OK, men jag fattar iallafall inte. Gud: Vill du verkligen fatta? Jag: Inte fotboll direkt men liksom varf\u00f6r det \u00e4r s\u00e5 [&hellip;]","og_url":"https:\/\/blogg.svenskakyrkan.se\/horrugud\/2018\/06\/18\/148\/","og_site_name":"H\u00f6rru Gud","article_published_time":"2018-06-18T20:36:25+00:00","article_modified_time":"2018-06-18T20:37:19+00:00","og_image":[{"width":1196,"height":998,"url":"https:\/\/blogg.svenskakyrkan.se\/horrugud\/files\/2018\/06\/86D7591A-1974-4F21-8281-BCC51AB7BD67.jpeg","type":"image\/jpeg"}],"author":"Charlotte Frycklund, pr\u00e4st","twitter_card":"summary_large_image","twitter_misc":{"Skriven av":"Charlotte Frycklund, pr\u00e4st","Ber\u00e4knad l\u00e4stid":"4 minuter"},"schema":{"@context":"https:\/\/schema.org","@graph":[{"@type":"Article","@id":"https:\/\/blogg.svenskakyrkan.se\/horrugud\/2018\/06\/18\/148\/#article","isPartOf":{"@id":"https:\/\/blogg.svenskakyrkan.se\/horrugud\/2018\/06\/18\/148\/"},"author":{"name":"Charlotte Frycklund, pr\u00e4st","@id":"https:\/\/blogg.svenskakyrkan.se\/horrugud\/#\/schema\/person\/595d75da5bf93cf9ca814c398b63ed6d"},"headline":"S\u00e5 man inte blandar ihop bandypucken med h\u00f6jdhoppssaltomortalen","datePublished":"2018-06-18T20:36:25+00:00","dateModified":"2018-06-18T20:37:19+00:00","mainEntityOfPage":{"@id":"https:\/\/blogg.svenskakyrkan.se\/horrugud\/2018\/06\/18\/148\/"},"wordCount":864,"commentCount":1,"image":{"@id":"https:\/\/blogg.svenskakyrkan.se\/horrugud\/2018\/06\/18\/148\/#primaryimage"},"thumbnailUrl":"https:\/\/blogg.svenskakyrkan.se\/horrugud\/files\/2018\/06\/86D7591A-1974-4F21-8281-BCC51AB7BD67.jpeg","keywords":["En g\u00e5ng ska Gud och jag","fotboll","H\u00f6rru Gud"],"articleSection":["Vandring"],"inLanguage":"sv-SE","potentialAction":[{"@type":"CommentAction","name":"Comment","target":["https:\/\/blogg.svenskakyrkan.se\/horrugud\/2018\/06\/18\/148\/#respond"]}]},{"@type":"WebPage","@id":"https:\/\/blogg.svenskakyrkan.se\/horrugud\/2018\/06\/18\/148\/","url":"https:\/\/blogg.svenskakyrkan.se\/horrugud\/2018\/06\/18\/148\/","name":"S\u00e5 man inte blandar ihop bandypucken med h\u00f6jdhoppssaltomortalen - H\u00f6rru Gud","isPartOf":{"@id":"https:\/\/blogg.svenskakyrkan.se\/horrugud\/#website"},"primaryImageOfPage":{"@id":"https:\/\/blogg.svenskakyrkan.se\/horrugud\/2018\/06\/18\/148\/#primaryimage"},"image":{"@id":"https:\/\/blogg.svenskakyrkan.se\/horrugud\/2018\/06\/18\/148\/#primaryimage"},"thumbnailUrl":"https:\/\/blogg.svenskakyrkan.se\/horrugud\/files\/2018\/06\/86D7591A-1974-4F21-8281-BCC51AB7BD67.jpeg","datePublished":"2018-06-18T20:36:25+00:00","dateModified":"2018-06-18T20:37:19+00:00","author":{"@id":"https:\/\/blogg.svenskakyrkan.se\/horrugud\/#\/schema\/person\/595d75da5bf93cf9ca814c398b63ed6d"},"breadcrumb":{"@id":"https:\/\/blogg.svenskakyrkan.se\/horrugud\/2018\/06\/18\/148\/#breadcrumb"},"inLanguage":"sv-SE","potentialAction":[{"@type":"ReadAction","target":["https:\/\/blogg.svenskakyrkan.se\/horrugud\/2018\/06\/18\/148\/"]}]},{"@type":"ImageObject","inLanguage":"sv-SE","@id":"https:\/\/blogg.svenskakyrkan.se\/horrugud\/2018\/06\/18\/148\/#primaryimage","url":"https:\/\/blogg.svenskakyrkan.se\/horrugud\/files\/2018\/06\/86D7591A-1974-4F21-8281-BCC51AB7BD67.jpeg","contentUrl":"https:\/\/blogg.svenskakyrkan.se\/horrugud\/files\/2018\/06\/86D7591A-1974-4F21-8281-BCC51AB7BD67.jpeg","width":1196,"height":998},{"@type":"BreadcrumbList","@id":"https:\/\/blogg.svenskakyrkan.se\/horrugud\/2018\/06\/18\/148\/#breadcrumb","itemListElement":[{"@type":"ListItem","position":1,"name":"Hem","item":"https:\/\/blogg.svenskakyrkan.se\/horrugud\/"},{"@type":"ListItem","position":2,"name":"S\u00e5 man inte blandar ihop bandypucken med h\u00f6jdhoppssaltomortalen"}]},{"@type":"WebSite","@id":"https:\/\/blogg.svenskakyrkan.se\/horrugud\/#website","url":"https:\/\/blogg.svenskakyrkan.se\/horrugud\/","name":"H\u00f6rru Gud","description":"Hypotetiska samtal med v\u00e5r Herre","potentialAction":[{"@type":"SearchAction","target":{"@type":"EntryPoint","urlTemplate":"https:\/\/blogg.svenskakyrkan.se\/horrugud\/?s={search_term_string}"},"query-input":{"@type":"PropertyValueSpecification","valueRequired":true,"valueName":"search_term_string"}}],"inLanguage":"sv-SE"},{"@type":"Person","@id":"https:\/\/blogg.svenskakyrkan.se\/horrugud\/#\/schema\/person\/595d75da5bf93cf9ca814c398b63ed6d","name":"Charlotte Frycklund, pr\u00e4st","image":{"@type":"ImageObject","inLanguage":"sv-SE","@id":"https:\/\/blogg.svenskakyrkan.se\/horrugud\/#\/schema\/person\/image\/","url":"https:\/\/secure.gravatar.com\/avatar\/10f37b82bf44def60f716a446302420cc1eb214cca306b573a488614ab47ee87?s=96&d=mm&r=g","contentUrl":"https:\/\/secure.gravatar.com\/avatar\/10f37b82bf44def60f716a446302420cc1eb214cca306b573a488614ab47ee87?s=96&d=mm&r=g","caption":"Charlotte Frycklund, pr\u00e4st"},"url":"https:\/\/blogg.svenskakyrkan.se\/horrugud\/author\/charlottefrycklund\/"}]}},"author_meta":{"ID":"569","user_nicename":"charlottefrycklund","user_registered":"2016-05-24 11:46:19","display_name":"Charlotte Frycklund, pr\u00e4st","first_name":"Charlotte","last_name":"Frycklund, pr\u00e4st","avatar":"https:\/\/secure.gravatar.com\/avatar\/10f37b82bf44def60f716a446302420cc1eb214cca306b573a488614ab47ee87?s=96&d=mm&r=g"},"featured_image":["https:\/\/blogg.svenskakyrkan.se\/horrugud\/files\/2018\/06\/86D7591A-1974-4F21-8281-BCC51AB7BD67-1024x854.jpeg",1024,854,true],"bloginfo":{"name":"H\u00f6rru Gud","url":"https:\/\/blogg.svenskakyrkan.se\/horrugud"},"_links":{"self":[{"href":"https:\/\/blogg.svenskakyrkan.se\/horrugud\/wp-json\/wp\/v2\/posts\/148","targetHints":{"allow":["GET"]}}],"collection":[{"href":"https:\/\/blogg.svenskakyrkan.se\/horrugud\/wp-json\/wp\/v2\/posts"}],"about":[{"href":"https:\/\/blogg.svenskakyrkan.se\/horrugud\/wp-json\/wp\/v2\/types\/post"}],"author":[{"embeddable":true,"href":"https:\/\/blogg.svenskakyrkan.se\/horrugud\/wp-json\/wp\/v2\/users\/569"}],"replies":[{"embeddable":true,"href":"https:\/\/blogg.svenskakyrkan.se\/horrugud\/wp-json\/wp\/v2\/comments?post=148"}],"version-history":[{"count":2,"href":"https:\/\/blogg.svenskakyrkan.se\/horrugud\/wp-json\/wp\/v2\/posts\/148\/revisions"}],"predecessor-version":[{"id":151,"href":"https:\/\/blogg.svenskakyrkan.se\/horrugud\/wp-json\/wp\/v2\/posts\/148\/revisions\/151"}],"wp:featuredmedia":[{"embeddable":true,"href":"https:\/\/blogg.svenskakyrkan.se\/horrugud\/wp-json\/wp\/v2\/media\/149"}],"wp:attachment":[{"href":"https:\/\/blogg.svenskakyrkan.se\/horrugud\/wp-json\/wp\/v2\/media?parent=148"}],"wp:term":[{"taxonomy":"category","embeddable":true,"href":"https:\/\/blogg.svenskakyrkan.se\/horrugud\/wp-json\/wp\/v2\/categories?post=148"},{"taxonomy":"post_tag","embeddable":true,"href":"https:\/\/blogg.svenskakyrkan.se\/horrugud\/wp-json\/wp\/v2\/tags?post=148"}],"curies":[{"name":"wp","href":"https:\/\/api.w.org\/{rel}","templated":true}]}}