{"id":16,"date":"2018-05-24T20:11:12","date_gmt":"2018-05-24T18:11:12","guid":{"rendered":"http:\/\/blogg.svenskakyrkan.se\/horrugud\/?p=16"},"modified":"2018-06-14T22:13:05","modified_gmt":"2018-06-14T20:13:05","slug":"gud-domer-personer-raddas","status":"publish","type":"post","link":"https:\/\/blogg.svenskakyrkan.se\/horrugud\/2018\/05\/24\/gud-domer-personer-raddas\/","title":{"rendered":"Gud D\u00f6mer  &#8211; Personer R\u00e4ddas"},"content":{"rendered":"<p>En dag ska Gud och jag g\u00e5 \u00f6ver de himmelska vidderna och prata om GDPR.<\/p>\n<p>Jag: S\u00e5 kan jag bara stryka mitt namn ur Livets bok n\u00e4r jag vill?<br \/>\nGud: Varf\u00f6r skulle du vilja det?<br \/>\nJag: Jag bara undrar om jag kan.<br \/>\nGud: Varf\u00f6r undrar du det?<br \/>\nJag: F\u00f6r jag kan stryka mitt namn ur alla andra register.<br \/>\nGud: S\u00e5..<br \/>\nJag: S\u00e5 det d\u00e4r med Livets bok \u00e4r ju \u00e4nd\u00e5 det mest l\u00e5nglivade av alla register.<br \/>\nGud: Ja. Eller s\u00e5 \u00e4r det inte ett register riktigt.<br \/>\nJag: N\u00e4h\u00e4. Jag har sett framf\u00f6r mig en stor bok i bokstavsordning, fast s\u00e5d\u00e4r som en gammal familjebibel d\u00e4r du skriver in alla som d\u00f6ps.<br \/>\nGud: Frycklund, Charlotte. P\u00e5 sin plats i bokstavsordningen. Som om du n\u00e5gonsin skulle h\u00e5lla dig p\u00e5 en f\u00f6rutbest\u00e4md plats&#8230; och f\u00f6rresten: Jag f\u00f6r inte bok p\u00e5 det s\u00e4ttet.<br \/>\nJag: Jas\u00e5?<br \/>\nGud: Det \u00e4r ingen s\u00e5dan d\u00e4r Disneyartad jultomtelista d\u00e4r jag skriver upp goda och d\u00e5liga g\u00e4rningar, och sedan g\u00f6r n\u00e5gon slags bokf\u00f6ring.<br \/>\nJag: Jas\u00e5?<br \/>\nGud: Det \u00e4r mer som en kamera som f\u00f6ljer dig \u00f6verallt och spelar in allting.<br \/>\nJag: Bild \u00e4r ocks\u00e5 personuppgift, det kan man l\u00e4sa i&#8230;<br \/>\nGud: Och varje g\u00e5ng du bek\u00e4nner dina synder och f\u00e5r f\u00f6rl\u00e5telse s\u00e5 raderas hela filmen fr\u00e5n b\u00f6rjan.<br \/>\nJag: Va?<br \/>\nGud: Japp.<br \/>\nJag: S\u00e5 du bara tar bort alltihopa?<br \/>\nGud: Ja.<br \/>\nJag: Du undanr\u00f6jer alla bevis?<br \/>\nGud: Jag f\u00f6rl\u00e5ter. Allt f\u00f6rsvinner.<br \/>\nJag: In i m\u00f6rkret?<br \/>\nGud: Ut ur m\u00f6rkret. Bort fr\u00e5n m\u00f6rkret. In i ljuset.<br \/>\nJag: \u00c4r det GDPR?<br \/>\nGud: Ja.<br \/>\nJag: Nej, det \u00e4r det inte.<br \/>\nGud: Gud d\u00f6mer, personer r\u00e4ddas.<br \/>\nJag: Mmm.<br \/>\nGud: N\u00e4r du ber om f\u00f6rl\u00e5telse, s\u00e5 f\u00f6rsvinner alltihopa. Det finns inget kvar att d\u00f6ma p\u00e5.<br \/>\nJag: D\u00e5 \u00e4r du&#8230; b\u00e4ttre \u00e4n GDPR?<br \/>\nGud: Det k\u00e4nns som en v\u00e4ldigt l\u00e5gt satt ribba att ta sig \u00f6ver, men ja. Jag \u00e4r b\u00e4ttre \u00e4n GDPR.<br \/>\nJag: Men allts\u00e5 du tar bort synd och s\u00e5dant, det \u00e4r helt ok tycker jag. Men det h\u00e4r andra d\u00e5? Med att ta bort m\u00e4nniskor? G\u00f6r du det?<br \/>\nGud: Det l\u00e5ter inte riktigt som GDPR. Mer som maffian.<br \/>\nJag: Men g\u00f6r du det?<br \/>\nGud: Jag tar inte bort m\u00e4nniskor.<br \/>\nJag: Inte ens n\u00e4r de d\u00f6r?<br \/>\nGud: De d\u00f6r inte. De laddas bara upp till molnet.<br \/>\nJag: Ge dig, p\u00e5 riktigt.<br \/>\nGud: Ge. Dig. P\u00e5. Riktigt. G. D. P. R.<br \/>\nJag: Ge dig.<br \/>\nGud: P\u00e5 riktigt.<br \/>\nJag: P\u00e5 riktigt.<br \/>\nGud: Jag ger dig, p\u00e5 riktigt. N\u00e5d. Och alltid n\u00e5d.<br \/>\nJag: Jag vinner aldrig de h\u00e4r diskussionerna.<br \/>\nGud: N\u00e4n\u00e4, men s\u00e5 \u00e4r jag ju Gud ocks\u00e5.<\/p>\n","protected":false},"excerpt":{"rendered":"<p>En dag ska Gud och jag g\u00e5 \u00f6ver de himmelska vidderna och prata om GDPR. Jag: S\u00e5 kan jag bara stryka mitt namn ur Livets bok n\u00e4r jag vill? Gud: Varf\u00f6r skulle du vilja det? Jag: Jag bara undrar om jag kan. Gud: Varf\u00f6r undrar du det? Jag: F\u00f6r jag kan stryka mitt namn ur [&hellip;]<\/p>\n","protected":false},"author":569,"featured_media":18,"comment_status":"open","ping_status":"open","sticky":false,"template":"","format":"standard","meta":{"_acf_changed":false,"footnotes":""},"categories":[61608],"tags":[160712,161126,162955],"class_list":["post-16","post","type-post","status-publish","format-standard","has-post-thumbnail","hentry","category-vandring","tag-en-gang-ska-gud-och-jag","tag-gdpr","tag-horru-gud"],"acf":[],"yoast_head":"<!-- This site is optimized with the Yoast SEO plugin v27.1.1 - https:\/\/yoast.com\/product\/yoast-seo-wordpress\/ -->\n<title>Gud D\u00f6mer - Personer R\u00e4ddas - H\u00f6rru Gud<\/title>\n<meta name=\"robots\" content=\"index, follow, max-snippet:-1, max-image-preview:large, max-video-preview:-1\" \/>\n<link rel=\"canonical\" href=\"https:\/\/blogg.svenskakyrkan.se\/horrugud\/2018\/05\/24\/gud-domer-personer-raddas\/\" \/>\n<meta property=\"og:locale\" content=\"sv_SE\" \/>\n<meta property=\"og:type\" content=\"article\" \/>\n<meta property=\"og:title\" content=\"Gud D\u00f6mer - Personer R\u00e4ddas - H\u00f6rru Gud\" \/>\n<meta property=\"og:description\" content=\"En dag ska Gud och jag g\u00e5 \u00f6ver de himmelska vidderna och prata om GDPR. Jag: S\u00e5 kan jag bara stryka mitt namn ur Livets bok n\u00e4r jag vill? Gud: Varf\u00f6r skulle du vilja det? Jag: Jag bara undrar om jag kan. Gud: Varf\u00f6r undrar du det? Jag: F\u00f6r jag kan stryka mitt namn ur [&hellip;]\" \/>\n<meta property=\"og:url\" content=\"https:\/\/blogg.svenskakyrkan.se\/horrugud\/2018\/05\/24\/gud-domer-personer-raddas\/\" \/>\n<meta property=\"og:site_name\" content=\"H\u00f6rru Gud\" \/>\n<meta property=\"article:published_time\" content=\"2018-05-24T18:11:12+00:00\" \/>\n<meta property=\"article:modified_time\" content=\"2018-06-14T20:13:05+00:00\" \/>\n<meta property=\"og:image\" content=\"https:\/\/blogg.svenskakyrkan.se\/horrugud\/files\/2018\/05\/18E096D1-8107-4660-88C8-19434A02B1AC.jpeg\" \/>\n\t<meta property=\"og:image:width\" content=\"1026\" \/>\n\t<meta property=\"og:image:height\" content=\"768\" \/>\n\t<meta property=\"og:image:type\" content=\"image\/jpeg\" \/>\n<meta name=\"author\" content=\"Charlotte Frycklund, pr\u00e4st\" \/>\n<meta name=\"twitter:card\" content=\"summary_large_image\" \/>\n<meta name=\"twitter:label1\" content=\"Skriven av\" \/>\n\t<meta name=\"twitter:data1\" content=\"Charlotte Frycklund, pr\u00e4st\" \/>\n\t<meta name=\"twitter:label2\" content=\"Ber\u00e4knad l\u00e4stid\" \/>\n\t<meta name=\"twitter:data2\" content=\"2 minuter\" \/>\n<script type=\"application\/ld+json\" class=\"yoast-schema-graph\">{\"@context\":\"https:\/\/schema.org\",\"@graph\":[{\"@type\":\"Article\",\"@id\":\"https:\/\/blogg.svenskakyrkan.se\/horrugud\/2018\/05\/24\/gud-domer-personer-raddas\/#article\",\"isPartOf\":{\"@id\":\"https:\/\/blogg.svenskakyrkan.se\/horrugud\/2018\/05\/24\/gud-domer-personer-raddas\/\"},\"author\":{\"name\":\"Charlotte Frycklund, pr\u00e4st\",\"@id\":\"https:\/\/blogg.svenskakyrkan.se\/horrugud\/#\/schema\/person\/595d75da5bf93cf9ca814c398b63ed6d\"},\"headline\":\"Gud D\u00f6mer &#8211; Personer R\u00e4ddas\",\"datePublished\":\"2018-05-24T18:11:12+00:00\",\"dateModified\":\"2018-06-14T20:13:05+00:00\",\"mainEntityOfPage\":{\"@id\":\"https:\/\/blogg.svenskakyrkan.se\/horrugud\/2018\/05\/24\/gud-domer-personer-raddas\/\"},\"wordCount\":497,\"commentCount\":1,\"image\":{\"@id\":\"https:\/\/blogg.svenskakyrkan.se\/horrugud\/2018\/05\/24\/gud-domer-personer-raddas\/#primaryimage\"},\"thumbnailUrl\":\"https:\/\/blogg.svenskakyrkan.se\/horrugud\/files\/2018\/05\/18E096D1-8107-4660-88C8-19434A02B1AC.jpeg\",\"keywords\":[\"En g\u00e5ng ska Gud och jag\",\"GDPR\",\"H\u00f6rru Gud\"],\"articleSection\":[\"Vandring\"],\"inLanguage\":\"sv-SE\",\"potentialAction\":[{\"@type\":\"CommentAction\",\"name\":\"Comment\",\"target\":[\"https:\/\/blogg.svenskakyrkan.se\/horrugud\/2018\/05\/24\/gud-domer-personer-raddas\/#respond\"]}]},{\"@type\":\"WebPage\",\"@id\":\"https:\/\/blogg.svenskakyrkan.se\/horrugud\/2018\/05\/24\/gud-domer-personer-raddas\/\",\"url\":\"https:\/\/blogg.svenskakyrkan.se\/horrugud\/2018\/05\/24\/gud-domer-personer-raddas\/\",\"name\":\"Gud D\u00f6mer - Personer R\u00e4ddas - H\u00f6rru Gud\",\"isPartOf\":{\"@id\":\"https:\/\/blogg.svenskakyrkan.se\/horrugud\/#website\"},\"primaryImageOfPage\":{\"@id\":\"https:\/\/blogg.svenskakyrkan.se\/horrugud\/2018\/05\/24\/gud-domer-personer-raddas\/#primaryimage\"},\"image\":{\"@id\":\"https:\/\/blogg.svenskakyrkan.se\/horrugud\/2018\/05\/24\/gud-domer-personer-raddas\/#primaryimage\"},\"thumbnailUrl\":\"https:\/\/blogg.svenskakyrkan.se\/horrugud\/files\/2018\/05\/18E096D1-8107-4660-88C8-19434A02B1AC.jpeg\",\"datePublished\":\"2018-05-24T18:11:12+00:00\",\"dateModified\":\"2018-06-14T20:13:05+00:00\",\"author\":{\"@id\":\"https:\/\/blogg.svenskakyrkan.se\/horrugud\/#\/schema\/person\/595d75da5bf93cf9ca814c398b63ed6d\"},\"breadcrumb\":{\"@id\":\"https:\/\/blogg.svenskakyrkan.se\/horrugud\/2018\/05\/24\/gud-domer-personer-raddas\/#breadcrumb\"},\"inLanguage\":\"sv-SE\",\"potentialAction\":[{\"@type\":\"ReadAction\",\"target\":[\"https:\/\/blogg.svenskakyrkan.se\/horrugud\/2018\/05\/24\/gud-domer-personer-raddas\/\"]}]},{\"@type\":\"ImageObject\",\"inLanguage\":\"sv-SE\",\"@id\":\"https:\/\/blogg.svenskakyrkan.se\/horrugud\/2018\/05\/24\/gud-domer-personer-raddas\/#primaryimage\",\"url\":\"https:\/\/blogg.svenskakyrkan.se\/horrugud\/files\/2018\/05\/18E096D1-8107-4660-88C8-19434A02B1AC.jpeg\",\"contentUrl\":\"https:\/\/blogg.svenskakyrkan.se\/horrugud\/files\/2018\/05\/18E096D1-8107-4660-88C8-19434A02B1AC.jpeg\",\"width\":1026,\"height\":768},{\"@type\":\"BreadcrumbList\",\"@id\":\"https:\/\/blogg.svenskakyrkan.se\/horrugud\/2018\/05\/24\/gud-domer-personer-raddas\/#breadcrumb\",\"itemListElement\":[{\"@type\":\"ListItem\",\"position\":1,\"name\":\"Hem\",\"item\":\"https:\/\/blogg.svenskakyrkan.se\/horrugud\/\"},{\"@type\":\"ListItem\",\"position\":2,\"name\":\"Gud D\u00f6mer &#8211; Personer R\u00e4ddas\"}]},{\"@type\":\"WebSite\",\"@id\":\"https:\/\/blogg.svenskakyrkan.se\/horrugud\/#website\",\"url\":\"https:\/\/blogg.svenskakyrkan.se\/horrugud\/\",\"name\":\"H\u00f6rru Gud\",\"description\":\"Hypotetiska samtal med v\u00e5r Herre\",\"potentialAction\":[{\"@type\":\"SearchAction\",\"target\":{\"@type\":\"EntryPoint\",\"urlTemplate\":\"https:\/\/blogg.svenskakyrkan.se\/horrugud\/?s={search_term_string}\"},\"query-input\":{\"@type\":\"PropertyValueSpecification\",\"valueRequired\":true,\"valueName\":\"search_term_string\"}}],\"inLanguage\":\"sv-SE\"},{\"@type\":\"Person\",\"@id\":\"https:\/\/blogg.svenskakyrkan.se\/horrugud\/#\/schema\/person\/595d75da5bf93cf9ca814c398b63ed6d\",\"name\":\"Charlotte Frycklund, pr\u00e4st\",\"image\":{\"@type\":\"ImageObject\",\"inLanguage\":\"sv-SE\",\"@id\":\"https:\/\/blogg.svenskakyrkan.se\/horrugud\/#\/schema\/person\/image\/\",\"url\":\"https:\/\/secure.gravatar.com\/avatar\/10f37b82bf44def60f716a446302420cc1eb214cca306b573a488614ab47ee87?s=96&d=mm&r=g\",\"contentUrl\":\"https:\/\/secure.gravatar.com\/avatar\/10f37b82bf44def60f716a446302420cc1eb214cca306b573a488614ab47ee87?s=96&d=mm&r=g\",\"caption\":\"Charlotte Frycklund, pr\u00e4st\"},\"url\":\"https:\/\/blogg.svenskakyrkan.se\/horrugud\/author\/charlottefrycklund\/\"}]}<\/script>\n<!-- \/ Yoast SEO plugin. -->","yoast_head_json":{"title":"Gud D\u00f6mer - Personer R\u00e4ddas - H\u00f6rru Gud","robots":{"index":"index","follow":"follow","max-snippet":"max-snippet:-1","max-image-preview":"max-image-preview:large","max-video-preview":"max-video-preview:-1"},"canonical":"https:\/\/blogg.svenskakyrkan.se\/horrugud\/2018\/05\/24\/gud-domer-personer-raddas\/","og_locale":"sv_SE","og_type":"article","og_title":"Gud D\u00f6mer - Personer R\u00e4ddas - H\u00f6rru Gud","og_description":"En dag ska Gud och jag g\u00e5 \u00f6ver de himmelska vidderna och prata om GDPR. Jag: S\u00e5 kan jag bara stryka mitt namn ur Livets bok n\u00e4r jag vill? Gud: Varf\u00f6r skulle du vilja det? Jag: Jag bara undrar om jag kan. Gud: Varf\u00f6r undrar du det? Jag: F\u00f6r jag kan stryka mitt namn ur [&hellip;]","og_url":"https:\/\/blogg.svenskakyrkan.se\/horrugud\/2018\/05\/24\/gud-domer-personer-raddas\/","og_site_name":"H\u00f6rru Gud","article_published_time":"2018-05-24T18:11:12+00:00","article_modified_time":"2018-06-14T20:13:05+00:00","og_image":[{"width":1026,"height":768,"url":"https:\/\/blogg.svenskakyrkan.se\/horrugud\/files\/2018\/05\/18E096D1-8107-4660-88C8-19434A02B1AC.jpeg","type":"image\/jpeg"}],"author":"Charlotte Frycklund, pr\u00e4st","twitter_card":"summary_large_image","twitter_misc":{"Skriven av":"Charlotte Frycklund, pr\u00e4st","Ber\u00e4knad l\u00e4stid":"2 minuter"},"schema":{"@context":"https:\/\/schema.org","@graph":[{"@type":"Article","@id":"https:\/\/blogg.svenskakyrkan.se\/horrugud\/2018\/05\/24\/gud-domer-personer-raddas\/#article","isPartOf":{"@id":"https:\/\/blogg.svenskakyrkan.se\/horrugud\/2018\/05\/24\/gud-domer-personer-raddas\/"},"author":{"name":"Charlotte Frycklund, pr\u00e4st","@id":"https:\/\/blogg.svenskakyrkan.se\/horrugud\/#\/schema\/person\/595d75da5bf93cf9ca814c398b63ed6d"},"headline":"Gud D\u00f6mer &#8211; Personer R\u00e4ddas","datePublished":"2018-05-24T18:11:12+00:00","dateModified":"2018-06-14T20:13:05+00:00","mainEntityOfPage":{"@id":"https:\/\/blogg.svenskakyrkan.se\/horrugud\/2018\/05\/24\/gud-domer-personer-raddas\/"},"wordCount":497,"commentCount":1,"image":{"@id":"https:\/\/blogg.svenskakyrkan.se\/horrugud\/2018\/05\/24\/gud-domer-personer-raddas\/#primaryimage"},"thumbnailUrl":"https:\/\/blogg.svenskakyrkan.se\/horrugud\/files\/2018\/05\/18E096D1-8107-4660-88C8-19434A02B1AC.jpeg","keywords":["En g\u00e5ng ska Gud och jag","GDPR","H\u00f6rru Gud"],"articleSection":["Vandring"],"inLanguage":"sv-SE","potentialAction":[{"@type":"CommentAction","name":"Comment","target":["https:\/\/blogg.svenskakyrkan.se\/horrugud\/2018\/05\/24\/gud-domer-personer-raddas\/#respond"]}]},{"@type":"WebPage","@id":"https:\/\/blogg.svenskakyrkan.se\/horrugud\/2018\/05\/24\/gud-domer-personer-raddas\/","url":"https:\/\/blogg.svenskakyrkan.se\/horrugud\/2018\/05\/24\/gud-domer-personer-raddas\/","name":"Gud D\u00f6mer - Personer R\u00e4ddas - H\u00f6rru Gud","isPartOf":{"@id":"https:\/\/blogg.svenskakyrkan.se\/horrugud\/#website"},"primaryImageOfPage":{"@id":"https:\/\/blogg.svenskakyrkan.se\/horrugud\/2018\/05\/24\/gud-domer-personer-raddas\/#primaryimage"},"image":{"@id":"https:\/\/blogg.svenskakyrkan.se\/horrugud\/2018\/05\/24\/gud-domer-personer-raddas\/#primaryimage"},"thumbnailUrl":"https:\/\/blogg.svenskakyrkan.se\/horrugud\/files\/2018\/05\/18E096D1-8107-4660-88C8-19434A02B1AC.jpeg","datePublished":"2018-05-24T18:11:12+00:00","dateModified":"2018-06-14T20:13:05+00:00","author":{"@id":"https:\/\/blogg.svenskakyrkan.se\/horrugud\/#\/schema\/person\/595d75da5bf93cf9ca814c398b63ed6d"},"breadcrumb":{"@id":"https:\/\/blogg.svenskakyrkan.se\/horrugud\/2018\/05\/24\/gud-domer-personer-raddas\/#breadcrumb"},"inLanguage":"sv-SE","potentialAction":[{"@type":"ReadAction","target":["https:\/\/blogg.svenskakyrkan.se\/horrugud\/2018\/05\/24\/gud-domer-personer-raddas\/"]}]},{"@type":"ImageObject","inLanguage":"sv-SE","@id":"https:\/\/blogg.svenskakyrkan.se\/horrugud\/2018\/05\/24\/gud-domer-personer-raddas\/#primaryimage","url":"https:\/\/blogg.svenskakyrkan.se\/horrugud\/files\/2018\/05\/18E096D1-8107-4660-88C8-19434A02B1AC.jpeg","contentUrl":"https:\/\/blogg.svenskakyrkan.se\/horrugud\/files\/2018\/05\/18E096D1-8107-4660-88C8-19434A02B1AC.jpeg","width":1026,"height":768},{"@type":"BreadcrumbList","@id":"https:\/\/blogg.svenskakyrkan.se\/horrugud\/2018\/05\/24\/gud-domer-personer-raddas\/#breadcrumb","itemListElement":[{"@type":"ListItem","position":1,"name":"Hem","item":"https:\/\/blogg.svenskakyrkan.se\/horrugud\/"},{"@type":"ListItem","position":2,"name":"Gud D\u00f6mer &#8211; Personer R\u00e4ddas"}]},{"@type":"WebSite","@id":"https:\/\/blogg.svenskakyrkan.se\/horrugud\/#website","url":"https:\/\/blogg.svenskakyrkan.se\/horrugud\/","name":"H\u00f6rru Gud","description":"Hypotetiska samtal med v\u00e5r Herre","potentialAction":[{"@type":"SearchAction","target":{"@type":"EntryPoint","urlTemplate":"https:\/\/blogg.svenskakyrkan.se\/horrugud\/?s={search_term_string}"},"query-input":{"@type":"PropertyValueSpecification","valueRequired":true,"valueName":"search_term_string"}}],"inLanguage":"sv-SE"},{"@type":"Person","@id":"https:\/\/blogg.svenskakyrkan.se\/horrugud\/#\/schema\/person\/595d75da5bf93cf9ca814c398b63ed6d","name":"Charlotte Frycklund, pr\u00e4st","image":{"@type":"ImageObject","inLanguage":"sv-SE","@id":"https:\/\/blogg.svenskakyrkan.se\/horrugud\/#\/schema\/person\/image\/","url":"https:\/\/secure.gravatar.com\/avatar\/10f37b82bf44def60f716a446302420cc1eb214cca306b573a488614ab47ee87?s=96&d=mm&r=g","contentUrl":"https:\/\/secure.gravatar.com\/avatar\/10f37b82bf44def60f716a446302420cc1eb214cca306b573a488614ab47ee87?s=96&d=mm&r=g","caption":"Charlotte Frycklund, pr\u00e4st"},"url":"https:\/\/blogg.svenskakyrkan.se\/horrugud\/author\/charlottefrycklund\/"}]}},"author_meta":{"ID":"569","user_nicename":"charlottefrycklund","user_registered":"2016-05-24 11:46:19","display_name":"Charlotte Frycklund, pr\u00e4st","first_name":"Charlotte","last_name":"Frycklund, pr\u00e4st","avatar":"https:\/\/secure.gravatar.com\/avatar\/10f37b82bf44def60f716a446302420cc1eb214cca306b573a488614ab47ee87?s=96&d=mm&r=g"},"featured_image":["https:\/\/blogg.svenskakyrkan.se\/horrugud\/files\/2018\/05\/18E096D1-8107-4660-88C8-19434A02B1AC-1024x767.jpeg",1024,767,true],"bloginfo":{"name":"H\u00f6rru Gud","url":"https:\/\/blogg.svenskakyrkan.se\/horrugud"},"_links":{"self":[{"href":"https:\/\/blogg.svenskakyrkan.se\/horrugud\/wp-json\/wp\/v2\/posts\/16","targetHints":{"allow":["GET"]}}],"collection":[{"href":"https:\/\/blogg.svenskakyrkan.se\/horrugud\/wp-json\/wp\/v2\/posts"}],"about":[{"href":"https:\/\/blogg.svenskakyrkan.se\/horrugud\/wp-json\/wp\/v2\/types\/post"}],"author":[{"embeddable":true,"href":"https:\/\/blogg.svenskakyrkan.se\/horrugud\/wp-json\/wp\/v2\/users\/569"}],"replies":[{"embeddable":true,"href":"https:\/\/blogg.svenskakyrkan.se\/horrugud\/wp-json\/wp\/v2\/comments?post=16"}],"version-history":[{"count":2,"href":"https:\/\/blogg.svenskakyrkan.se\/horrugud\/wp-json\/wp\/v2\/posts\/16\/revisions"}],"predecessor-version":[{"id":19,"href":"https:\/\/blogg.svenskakyrkan.se\/horrugud\/wp-json\/wp\/v2\/posts\/16\/revisions\/19"}],"wp:featuredmedia":[{"embeddable":true,"href":"https:\/\/blogg.svenskakyrkan.se\/horrugud\/wp-json\/wp\/v2\/media\/18"}],"wp:attachment":[{"href":"https:\/\/blogg.svenskakyrkan.se\/horrugud\/wp-json\/wp\/v2\/media?parent=16"}],"wp:term":[{"taxonomy":"category","embeddable":true,"href":"https:\/\/blogg.svenskakyrkan.se\/horrugud\/wp-json\/wp\/v2\/categories?post=16"},{"taxonomy":"post_tag","embeddable":true,"href":"https:\/\/blogg.svenskakyrkan.se\/horrugud\/wp-json\/wp\/v2\/tags?post=16"}],"curies":[{"name":"wp","href":"https:\/\/api.w.org\/{rel}","templated":true}]}}