{"id":180,"date":"2019-09-25T08:03:10","date_gmt":"2019-09-25T06:03:10","guid":{"rendered":"http:\/\/blogg.svenskakyrkan.se\/horrugud\/?p=180"},"modified":"2019-09-25T08:03:10","modified_gmt":"2019-09-25T06:03:10","slug":"luttrad-iallafall","status":"publish","type":"post","link":"https:\/\/blogg.svenskakyrkan.se\/horrugud\/2019\/09\/25\/luttrad-iallafall\/","title":{"rendered":"Luttrad iallafall"},"content":{"rendered":"<p>Jag: Vet du att det h\u00e4r \u00e5ret delar de inte ut n\u00e5got Nobelpris i litteratur?<br \/>\nGud: Jag vet. Jag \u00e4r ju Gud.<br \/>\nJag: Ja, fast den grejen vet typ alla.<br \/>\nGud: OK.<br \/>\nJag: P\u00e5 ett s\u00e4tt \u00e4r det v\u00e4ldigt bra att de inte delar ut n\u00e5got Nobelpris.<br \/>\nGud: OK?<br \/>\nJag: F\u00f6r d\u00e5 \u00e4r det l\u00e4ttare att ta f\u00f6r givet att det skulle ha g\u00e5tt till mig.<br \/>\nGud: Eh. O&#8230; K&#8230;<br \/>\nJag: Under ett helt \u00e5r f\u00e5r jag g\u00e5 omkring och t\u00e4nka mig att jag kunde ha varit v\u00e4rldens mest k\u00e4nda f\u00f6rfattare.<br \/>\nGud: JK Rowling \u00e4r&#8230; och Paulus&#8230; och&#8230;<br \/>\nJag: F\u00f6r att de kunde ju ha tillk\u00e4nnagivit mitt namn.<br \/>\nGud: Ja. Du vet&#8230; du vet&#8230; jag vet inte riktigt hur jag ska uttrycka det&#8230;<br \/>\nJag: Men du \u00e4r ju Gud.<br \/>\nGud: Ja.<br \/>\nJag: S\u00e5 det vet du nog.<br \/>\nGud: OK. Vi s\u00e4ger det p\u00e5 det h\u00e4r s\u00e4ttet att du vet ju om att du inte har&#8230; du vet, skrivit n\u00e5gon bok?<br \/>\nJag: Petitesser.<br \/>\nGud: OK.<br \/>\nJag: Priset g\u00e5r ju till den b\u00e4sta f\u00f6rfattaren.<br \/>\nGud: Ah.<br \/>\nJag: Och jag k\u00e4nner mig fullst\u00e4ndigt \u00f6vertygad om att jag m\u00e5ste vara en av de b\u00e4sta.<br \/>\nGud: Och hur&#8230; hur hade du t\u00e4nkt dig att de i Svenska akademin skulle bli fullst\u00e4ndigt \u00f6vertygade om det?<br \/>\nJag: Vad\u00e5?<br \/>\nGud: Hur skulle de f\u00e5 reda p\u00e5 att du \u00e4r den b\u00e4sta f\u00f6rfattaren om du inte skriver n\u00e5gonting?<br \/>\nJag: Jag f\u00f6rst\u00e5r inte fr\u00e5gan.<br \/>\nGud: Om man inte skriver en bok s\u00e5 kan folk inte l\u00e4sa ens bok.<br \/>\nJag: Det k\u00e4nns r\u00e4tt.<br \/>\nGud: Och om de inte kan l\u00e4sa din bok kan de inte veta vilken typ av f\u00f6rfattare du \u00e4r.<br \/>\nJag: Men du kan ber\u00e4tta det f\u00f6r dem.<br \/>\nGud: Mmm. Men det finns s\u00e5 mycket jag kan ber\u00e4tta f\u00f6r dem &#8211; och f\u00f6r alla m\u00e4nniskor faktiskt &#8211; och jag jobbar inte riktigt s\u00e5 att jag dyker upp och s\u00e4ger konkreta saker till folk s\u00e4rskilt ofta.<br \/>\nJag: Det \u00e4r en av de saker som jag f\u00f6rst\u00e5r minst hos dig.<br \/>\nGud: Det \u00e4r en av de saker som m\u00e5nga f\u00f6rst\u00e5r minst hos mig.<br \/>\nJag: N\u00e4r ska jag fatta det d\u00e5?<br \/>\nGud: Innan du f\u00e5r Nobelpriset iallafall.<br \/>\nJag: S\u00e5 v\u00e4ldigt, v\u00e4ldigt snart d\u00e5?<br \/>\nGud: Skriv en bok f\u00f6rst.<br \/>\nJag: Du gjorde ju det. Har du f\u00e5tt Nobelpriset?<br \/>\nGud: Det \u00e4r faktiskt en relevant synpunkt. Nej, det har jag inte.<br \/>\nJag: Den \u00e4r ju \u00e4nd\u00e5 en b\u00e4sts\u00e4ljare.<br \/>\nGud: Ja.<br \/>\nJag: Och inneh\u00e5ller en hel del som \u00e4r r\u00e4tt s\u00e5 bra.<br \/>\nGud: \u00c5h, tack.<br \/>\nJag: N\u00e5ja, om inte ens du f\u00e5r Nobelpriset s\u00e5 kanske jag inte ska kr\u00e4va att f\u00e5 det.<br \/>\nGud: Fast d\u00e5&#8230;<br \/>\nJag: (fattar) \u00c5h nej!<br \/>\nGud: Fast d\u00e5 kommer det ju att dr\u00f6ja innan du f\u00e5r reda p\u00e5 det d\u00e4r du undrade \u00f6ver. Du vet, varf\u00f6r jag inte ingriper i v\u00e4rlden lite oftare.<br \/>\nJag: Mmm. Just det.<br \/>\nGud: Just det.<br \/>\nJag: S\u00e5 jag m\u00e5ste typ skriva en bok innan jag f\u00e5r reda p\u00e5 det?<br \/>\nGud: Skriva en bok. F\u00e5 Nobelpris. Det kan finnas n\u00e5gra till steg emellan dem.<br \/>\nJag: \u00c5\u00c5\u00c5\u00c5H vad det \u00e4r komplicerat och vad mycket man m\u00e5ste jobba j\u00e4mt.<br \/>\nGud: Ja, s\u00e5 \u00e4r det att f\u00e5 Nobelpris.<br \/>\nJag: \u00c5 andra sidan kan man bara dr\u00f6mma. Det h\u00e4r \u00e5ret n\u00e4r det inte blev n\u00e5got pris.<br \/>\nGud: Eller s\u00e5 kan man jobba. Oavsett om man f\u00e5r pris eller inte.<br \/>\nJag: Du \u00e4r s\u00e5 himla&#8230; luthersk.<br \/>\nGud: Luttrad iallafall.<\/p>\n","protected":false},"excerpt":{"rendered":"<p>Jag: Vet du att det h\u00e4r \u00e5ret delar de inte ut n\u00e5got Nobelpris i litteratur? Gud: Jag vet. Jag \u00e4r ju Gud. Jag: Ja, fast den grejen vet typ alla. Gud: OK. Jag: P\u00e5 ett s\u00e4tt \u00e4r det v\u00e4ldigt bra att de inte delar ut n\u00e5got Nobelpris. Gud: OK? Jag: F\u00f6r d\u00e5 \u00e4r det l\u00e4ttare [&hellip;]<\/p>\n","protected":false},"author":569,"featured_media":0,"comment_status":"open","ping_status":"open","sticky":false,"template":"","format":"standard","meta":{"_acf_changed":false,"footnotes":""},"categories":[61608],"tags":[160712,162955,174713],"class_list":["post-180","post","type-post","status-publish","format-standard","hentry","category-vandring","tag-en-gang-ska-gud-och-jag","tag-horru-gud","tag-nobelpris"],"acf":[],"yoast_head":"<!-- This site is optimized with the Yoast SEO plugin v27.1.1 - https:\/\/yoast.com\/product\/yoast-seo-wordpress\/ -->\n<title>Luttrad iallafall - H\u00f6rru Gud<\/title>\n<meta name=\"robots\" content=\"index, follow, max-snippet:-1, max-image-preview:large, max-video-preview:-1\" \/>\n<link rel=\"canonical\" href=\"https:\/\/blogg.svenskakyrkan.se\/horrugud\/2019\/09\/25\/luttrad-iallafall\/\" \/>\n<meta property=\"og:locale\" content=\"sv_SE\" \/>\n<meta property=\"og:type\" content=\"article\" \/>\n<meta property=\"og:title\" content=\"Luttrad iallafall - H\u00f6rru Gud\" \/>\n<meta property=\"og:description\" content=\"Jag: Vet du att det h\u00e4r \u00e5ret delar de inte ut n\u00e5got Nobelpris i litteratur? Gud: Jag vet. Jag \u00e4r ju Gud. Jag: Ja, fast den grejen vet typ alla. Gud: OK. Jag: P\u00e5 ett s\u00e4tt \u00e4r det v\u00e4ldigt bra att de inte delar ut n\u00e5got Nobelpris. Gud: OK? Jag: F\u00f6r d\u00e5 \u00e4r det l\u00e4ttare [&hellip;]\" \/>\n<meta property=\"og:url\" content=\"https:\/\/blogg.svenskakyrkan.se\/horrugud\/2019\/09\/25\/luttrad-iallafall\/\" \/>\n<meta property=\"og:site_name\" content=\"H\u00f6rru Gud\" \/>\n<meta property=\"article:published_time\" content=\"2019-09-25T06:03:10+00:00\" \/>\n<meta name=\"author\" content=\"Charlotte Frycklund, pr\u00e4st\" \/>\n<meta name=\"twitter:card\" content=\"summary_large_image\" \/>\n<meta name=\"twitter:label1\" content=\"Skriven av\" \/>\n\t<meta name=\"twitter:data1\" content=\"Charlotte Frycklund, pr\u00e4st\" \/>\n\t<meta name=\"twitter:label2\" content=\"Ber\u00e4knad l\u00e4stid\" \/>\n\t<meta name=\"twitter:data2\" content=\"3 minuter\" \/>\n<script type=\"application\/ld+json\" class=\"yoast-schema-graph\">{\"@context\":\"https:\/\/schema.org\",\"@graph\":[{\"@type\":\"Article\",\"@id\":\"https:\/\/blogg.svenskakyrkan.se\/horrugud\/2019\/09\/25\/luttrad-iallafall\/#article\",\"isPartOf\":{\"@id\":\"https:\/\/blogg.svenskakyrkan.se\/horrugud\/2019\/09\/25\/luttrad-iallafall\/\"},\"author\":{\"name\":\"Charlotte Frycklund, pr\u00e4st\",\"@id\":\"https:\/\/blogg.svenskakyrkan.se\/horrugud\/#\/schema\/person\/595d75da5bf93cf9ca814c398b63ed6d\"},\"headline\":\"Luttrad iallafall\",\"datePublished\":\"2019-09-25T06:03:10+00:00\",\"mainEntityOfPage\":{\"@id\":\"https:\/\/blogg.svenskakyrkan.se\/horrugud\/2019\/09\/25\/luttrad-iallafall\/\"},\"wordCount\":639,\"commentCount\":0,\"keywords\":[\"En g\u00e5ng ska Gud och jag\",\"H\u00f6rru Gud\",\"Nobelpris\"],\"articleSection\":[\"Vandring\"],\"inLanguage\":\"sv-SE\",\"potentialAction\":[{\"@type\":\"CommentAction\",\"name\":\"Comment\",\"target\":[\"https:\/\/blogg.svenskakyrkan.se\/horrugud\/2019\/09\/25\/luttrad-iallafall\/#respond\"]}]},{\"@type\":\"WebPage\",\"@id\":\"https:\/\/blogg.svenskakyrkan.se\/horrugud\/2019\/09\/25\/luttrad-iallafall\/\",\"url\":\"https:\/\/blogg.svenskakyrkan.se\/horrugud\/2019\/09\/25\/luttrad-iallafall\/\",\"name\":\"Luttrad iallafall - H\u00f6rru Gud\",\"isPartOf\":{\"@id\":\"https:\/\/blogg.svenskakyrkan.se\/horrugud\/#website\"},\"datePublished\":\"2019-09-25T06:03:10+00:00\",\"author\":{\"@id\":\"https:\/\/blogg.svenskakyrkan.se\/horrugud\/#\/schema\/person\/595d75da5bf93cf9ca814c398b63ed6d\"},\"breadcrumb\":{\"@id\":\"https:\/\/blogg.svenskakyrkan.se\/horrugud\/2019\/09\/25\/luttrad-iallafall\/#breadcrumb\"},\"inLanguage\":\"sv-SE\",\"potentialAction\":[{\"@type\":\"ReadAction\",\"target\":[\"https:\/\/blogg.svenskakyrkan.se\/horrugud\/2019\/09\/25\/luttrad-iallafall\/\"]}]},{\"@type\":\"BreadcrumbList\",\"@id\":\"https:\/\/blogg.svenskakyrkan.se\/horrugud\/2019\/09\/25\/luttrad-iallafall\/#breadcrumb\",\"itemListElement\":[{\"@type\":\"ListItem\",\"position\":1,\"name\":\"Hem\",\"item\":\"https:\/\/blogg.svenskakyrkan.se\/horrugud\/\"},{\"@type\":\"ListItem\",\"position\":2,\"name\":\"Luttrad iallafall\"}]},{\"@type\":\"WebSite\",\"@id\":\"https:\/\/blogg.svenskakyrkan.se\/horrugud\/#website\",\"url\":\"https:\/\/blogg.svenskakyrkan.se\/horrugud\/\",\"name\":\"H\u00f6rru Gud\",\"description\":\"Hypotetiska samtal med v\u00e5r Herre\",\"potentialAction\":[{\"@type\":\"SearchAction\",\"target\":{\"@type\":\"EntryPoint\",\"urlTemplate\":\"https:\/\/blogg.svenskakyrkan.se\/horrugud\/?s={search_term_string}\"},\"query-input\":{\"@type\":\"PropertyValueSpecification\",\"valueRequired\":true,\"valueName\":\"search_term_string\"}}],\"inLanguage\":\"sv-SE\"},{\"@type\":\"Person\",\"@id\":\"https:\/\/blogg.svenskakyrkan.se\/horrugud\/#\/schema\/person\/595d75da5bf93cf9ca814c398b63ed6d\",\"name\":\"Charlotte Frycklund, pr\u00e4st\",\"image\":{\"@type\":\"ImageObject\",\"inLanguage\":\"sv-SE\",\"@id\":\"https:\/\/blogg.svenskakyrkan.se\/horrugud\/#\/schema\/person\/image\/\",\"url\":\"https:\/\/secure.gravatar.com\/avatar\/10f37b82bf44def60f716a446302420cc1eb214cca306b573a488614ab47ee87?s=96&d=mm&r=g\",\"contentUrl\":\"https:\/\/secure.gravatar.com\/avatar\/10f37b82bf44def60f716a446302420cc1eb214cca306b573a488614ab47ee87?s=96&d=mm&r=g\",\"caption\":\"Charlotte Frycklund, pr\u00e4st\"},\"url\":\"https:\/\/blogg.svenskakyrkan.se\/horrugud\/author\/charlottefrycklund\/\"}]}<\/script>\n<!-- \/ Yoast SEO plugin. -->","yoast_head_json":{"title":"Luttrad iallafall - H\u00f6rru Gud","robots":{"index":"index","follow":"follow","max-snippet":"max-snippet:-1","max-image-preview":"max-image-preview:large","max-video-preview":"max-video-preview:-1"},"canonical":"https:\/\/blogg.svenskakyrkan.se\/horrugud\/2019\/09\/25\/luttrad-iallafall\/","og_locale":"sv_SE","og_type":"article","og_title":"Luttrad iallafall - H\u00f6rru Gud","og_description":"Jag: Vet du att det h\u00e4r \u00e5ret delar de inte ut n\u00e5got Nobelpris i litteratur? Gud: Jag vet. Jag \u00e4r ju Gud. Jag: Ja, fast den grejen vet typ alla. Gud: OK. Jag: P\u00e5 ett s\u00e4tt \u00e4r det v\u00e4ldigt bra att de inte delar ut n\u00e5got Nobelpris. Gud: OK? Jag: F\u00f6r d\u00e5 \u00e4r det l\u00e4ttare [&hellip;]","og_url":"https:\/\/blogg.svenskakyrkan.se\/horrugud\/2019\/09\/25\/luttrad-iallafall\/","og_site_name":"H\u00f6rru Gud","article_published_time":"2019-09-25T06:03:10+00:00","author":"Charlotte Frycklund, pr\u00e4st","twitter_card":"summary_large_image","twitter_misc":{"Skriven av":"Charlotte Frycklund, pr\u00e4st","Ber\u00e4knad l\u00e4stid":"3 minuter"},"schema":{"@context":"https:\/\/schema.org","@graph":[{"@type":"Article","@id":"https:\/\/blogg.svenskakyrkan.se\/horrugud\/2019\/09\/25\/luttrad-iallafall\/#article","isPartOf":{"@id":"https:\/\/blogg.svenskakyrkan.se\/horrugud\/2019\/09\/25\/luttrad-iallafall\/"},"author":{"name":"Charlotte Frycklund, pr\u00e4st","@id":"https:\/\/blogg.svenskakyrkan.se\/horrugud\/#\/schema\/person\/595d75da5bf93cf9ca814c398b63ed6d"},"headline":"Luttrad iallafall","datePublished":"2019-09-25T06:03:10+00:00","mainEntityOfPage":{"@id":"https:\/\/blogg.svenskakyrkan.se\/horrugud\/2019\/09\/25\/luttrad-iallafall\/"},"wordCount":639,"commentCount":0,"keywords":["En g\u00e5ng ska Gud och jag","H\u00f6rru Gud","Nobelpris"],"articleSection":["Vandring"],"inLanguage":"sv-SE","potentialAction":[{"@type":"CommentAction","name":"Comment","target":["https:\/\/blogg.svenskakyrkan.se\/horrugud\/2019\/09\/25\/luttrad-iallafall\/#respond"]}]},{"@type":"WebPage","@id":"https:\/\/blogg.svenskakyrkan.se\/horrugud\/2019\/09\/25\/luttrad-iallafall\/","url":"https:\/\/blogg.svenskakyrkan.se\/horrugud\/2019\/09\/25\/luttrad-iallafall\/","name":"Luttrad iallafall - H\u00f6rru Gud","isPartOf":{"@id":"https:\/\/blogg.svenskakyrkan.se\/horrugud\/#website"},"datePublished":"2019-09-25T06:03:10+00:00","author":{"@id":"https:\/\/blogg.svenskakyrkan.se\/horrugud\/#\/schema\/person\/595d75da5bf93cf9ca814c398b63ed6d"},"breadcrumb":{"@id":"https:\/\/blogg.svenskakyrkan.se\/horrugud\/2019\/09\/25\/luttrad-iallafall\/#breadcrumb"},"inLanguage":"sv-SE","potentialAction":[{"@type":"ReadAction","target":["https:\/\/blogg.svenskakyrkan.se\/horrugud\/2019\/09\/25\/luttrad-iallafall\/"]}]},{"@type":"BreadcrumbList","@id":"https:\/\/blogg.svenskakyrkan.se\/horrugud\/2019\/09\/25\/luttrad-iallafall\/#breadcrumb","itemListElement":[{"@type":"ListItem","position":1,"name":"Hem","item":"https:\/\/blogg.svenskakyrkan.se\/horrugud\/"},{"@type":"ListItem","position":2,"name":"Luttrad iallafall"}]},{"@type":"WebSite","@id":"https:\/\/blogg.svenskakyrkan.se\/horrugud\/#website","url":"https:\/\/blogg.svenskakyrkan.se\/horrugud\/","name":"H\u00f6rru Gud","description":"Hypotetiska samtal med v\u00e5r Herre","potentialAction":[{"@type":"SearchAction","target":{"@type":"EntryPoint","urlTemplate":"https:\/\/blogg.svenskakyrkan.se\/horrugud\/?s={search_term_string}"},"query-input":{"@type":"PropertyValueSpecification","valueRequired":true,"valueName":"search_term_string"}}],"inLanguage":"sv-SE"},{"@type":"Person","@id":"https:\/\/blogg.svenskakyrkan.se\/horrugud\/#\/schema\/person\/595d75da5bf93cf9ca814c398b63ed6d","name":"Charlotte Frycklund, pr\u00e4st","image":{"@type":"ImageObject","inLanguage":"sv-SE","@id":"https:\/\/blogg.svenskakyrkan.se\/horrugud\/#\/schema\/person\/image\/","url":"https:\/\/secure.gravatar.com\/avatar\/10f37b82bf44def60f716a446302420cc1eb214cca306b573a488614ab47ee87?s=96&d=mm&r=g","contentUrl":"https:\/\/secure.gravatar.com\/avatar\/10f37b82bf44def60f716a446302420cc1eb214cca306b573a488614ab47ee87?s=96&d=mm&r=g","caption":"Charlotte Frycklund, pr\u00e4st"},"url":"https:\/\/blogg.svenskakyrkan.se\/horrugud\/author\/charlottefrycklund\/"}]}},"author_meta":{"ID":"569","user_nicename":"charlottefrycklund","user_registered":"2016-05-24 11:46:19","display_name":"Charlotte Frycklund, pr\u00e4st","first_name":"Charlotte","last_name":"Frycklund, pr\u00e4st","avatar":"https:\/\/secure.gravatar.com\/avatar\/10f37b82bf44def60f716a446302420cc1eb214cca306b573a488614ab47ee87?s=96&d=mm&r=g"},"featured_image":false,"bloginfo":{"name":"H\u00f6rru Gud","url":"https:\/\/blogg.svenskakyrkan.se\/horrugud"},"_links":{"self":[{"href":"https:\/\/blogg.svenskakyrkan.se\/horrugud\/wp-json\/wp\/v2\/posts\/180","targetHints":{"allow":["GET"]}}],"collection":[{"href":"https:\/\/blogg.svenskakyrkan.se\/horrugud\/wp-json\/wp\/v2\/posts"}],"about":[{"href":"https:\/\/blogg.svenskakyrkan.se\/horrugud\/wp-json\/wp\/v2\/types\/post"}],"author":[{"embeddable":true,"href":"https:\/\/blogg.svenskakyrkan.se\/horrugud\/wp-json\/wp\/v2\/users\/569"}],"replies":[{"embeddable":true,"href":"https:\/\/blogg.svenskakyrkan.se\/horrugud\/wp-json\/wp\/v2\/comments?post=180"}],"version-history":[{"count":1,"href":"https:\/\/blogg.svenskakyrkan.se\/horrugud\/wp-json\/wp\/v2\/posts\/180\/revisions"}],"predecessor-version":[{"id":305,"href":"https:\/\/blogg.svenskakyrkan.se\/horrugud\/wp-json\/wp\/v2\/posts\/180\/revisions\/305"}],"wp:attachment":[{"href":"https:\/\/blogg.svenskakyrkan.se\/horrugud\/wp-json\/wp\/v2\/media?parent=180"}],"wp:term":[{"taxonomy":"category","embeddable":true,"href":"https:\/\/blogg.svenskakyrkan.se\/horrugud\/wp-json\/wp\/v2\/categories?post=180"},{"taxonomy":"post_tag","embeddable":true,"href":"https:\/\/blogg.svenskakyrkan.se\/horrugud\/wp-json\/wp\/v2\/tags?post=180"}],"curies":[{"name":"wp","href":"https:\/\/api.w.org\/{rel}","templated":true}]}}