{"id":188,"date":"2018-11-09T10:02:35","date_gmt":"2018-11-09T09:02:35","guid":{"rendered":"http:\/\/blogg.svenskakyrkan.se\/horrugud\/?p=188"},"modified":"2018-11-09T10:02:35","modified_gmt":"2018-11-09T09:02:35","slug":"du-kanske-kan-vara-ett-talstreck","status":"publish","type":"post","link":"https:\/\/blogg.svenskakyrkan.se\/horrugud\/2018\/11\/09\/du-kanske-kan-vara-ett-talstreck\/","title":{"rendered":"Du kanske kan vara ett talstreck"},"content":{"rendered":"<p>En dag ska Gud och jag g\u00e5 ut och g\u00e5 \u00f6ver de himmelska vidderna tillsammans. Punkt slut.<\/p>\n<p>Jag: Om jag var ett skiljetecken s\u00e5 tror jag nog att jag skulle vara\u2026\u2026 \u00e5h\u2026.<br \/>\nGud: om du var ett skiljetecken?<br \/>\nJag: Javisst. Du vet hur man t\u00e4nker s\u00e5 h\u00e4r spontant \u201dom jag var en f\u00e4rg skulle jag vara gr\u00f6n\u201d eller \u201dom jag var n\u00e5gon i Harry Potter s\u00e5 skulle jag vara Dumbledore\u201d eller \u201dom jag var n\u00e5gon i Bibeln s\u00e5 skulle jag vara\u2026.\u201d<br \/>\nGud: Ja?<br \/>\nJag: \u00c4sch, strunt i det. Nu pratar vi om skiljetecken.<br \/>\nGud: (uppgivet men beredvilligt) OK. Vilket skiljetecken skulle du vara?<br \/>\nJag: \u00c5h\u2026 \u00e4h\u2026 jag vet inte. Det \u00e4r sv\u00e5rt. SV\u00c5RT. Sv\u00e5rt med de h\u00e4r viktiga fr\u00e5gorna du vet.<br \/>\nGud: Jag vet att det kan vara sv\u00e5rt med viktiga fr\u00e5gor.<br \/>\nJag: Jag\u2026 eh\u2026 men allts\u00e5 semikolon \u00e4r r\u00e4tt snyggt.<br \/>\nGud: Vad g\u00f6r ett semikolon? Rent grammatiskt allts\u00e5.<br \/>\nJag: Ett semikolon \u00e4r som en blinkysmiley.<br \/>\nGud: Ah.<br \/>\nJag: Jag identifierar mig stenh\u00e5rt som en blinkysmiley tror jag.<br \/>\nGud: Hm.<br \/>\nJag: Allts\u00e5 inte bland emojisar. Om jag var en emoji skulle jag nog vara\u2026. hmm. Du vet de d\u00e4r tv\u00e5 flickorna som dansar?<br \/>\nGud: (utf\u00f6r ett ljud som hos en mindre k\u00e4rleksfull gudom skulle kunna bed\u00f6mas vara en suck) L\u00e5tsas att jag vet.<br \/>\nJag: Det \u00e4r som tv\u00e5 flickor i kl\u00e4nning och de h\u00e5ller varandra i h\u00e4nderna och dansar liksom. Allts\u00e5 inte som styrdans, utan mer som n\u00e5gon slags uppvisningsdans. Rosa kl\u00e4nning tror jag. P\u00e5 b\u00e5da. Och\u2026 hm. Brunt h\u00e5r tror jag.<br \/>\nGud: Mmmm.<br \/>\nJag: Exakt! DEN! Allts\u00e5. Inte den iallafall. Ingen vet vad den emojin betyder ens.<br \/>\nGud: S\u00e5. En blinkysmiley d\u00e5.<br \/>\nJag: Nej, inte som emoji. Om jag var en emoji skulle jag satsa lite st\u00f6rre. Kanske n\u00e5got verktyg? Eller ett djur. Hm. Ett verktygsdjur kanske: Det vore n\u00e5got. Det vore en rolig emoji.<br \/>\nGud: (listigt) I Bibeln d\u00e5? Vem \u00e4r du i Bibeln?<br \/>\nJag: Jag tror att\u2026 ja. Ett semikolon.<br \/>\nGud: Med alla fascinerande varelser och personligheter som finns i Bibeln s\u00e5 v\u00e4ljer du ett semikolon?<br \/>\nJag: Nej, inte i Bibeln. Bland skiljetecknen. I Bibeln v\u00e4ljer jag\u2026.<br \/>\nGud: (helt utan att sucka) Ja?<br \/>\nJag: Fast nu pratar vi ju om skiljetecken. Och jag tror att hela den h\u00e4r grejen med semikolon \u00e4r s\u00e5 himla \u00f6verskattad faktiskt.<br \/>\nGud: Jaha.<br \/>\nJag: Ja, man vet ju knappt hur de anv\u00e4nds. Om man inte ska ha dem i emojis allts\u00e5.<br \/>\nGud: N\u00e4h\u00e4.<br \/>\nJag: S\u00e5 kanske\u2026. ett kommatecken.<br \/>\nGud: Ett kommatecken?<br \/>\nJag: Ja. Jag kunde vara pausen innan forts\u00e4ttningen kommer.<br \/>\nGud: Jag tror faktiskt inte du skulle kunna vara en paus.<br \/>\nJag: Hm. Sant kanske.<br \/>\nGud: I Bibe-<br \/>\nJag: Men skiljetecken \u00e4r ju avskiljande.<br \/>\nGud: I Bib-<br \/>\nJag: Allts\u00e5 om jag inte var n\u00e5gon slags tystnad s\u00e5 tror jag inte jag kan vara ett skiljetecken.<br \/>\nGud: Bra! D\u00e5 kan vi g\u00e5 vidare till Bi-<br \/>\nJag: Men jag m\u00e5ste ju vara ett skiljetecken! Om jag inte kan matcha min personlighet med ett skiljetecken vet jag bara inte vem jag skulle \u2014<br \/>\nGud: Det klarar du nog.<br \/>\nJag. Nej. Jag M\u00c5STE vara ett skiljetecken.<br \/>\nGud: Men du sade ju att du inte kund-<br \/>\nJag: Det m\u00e5ste ju finnas n\u00e5got slags skiljetecken som inneb\u00e4r att man f\u00e5r prata.<br \/>\nGud: Du kanske kan vara ett talstreck.<br \/>\nJag: Det \u00e4r v\u00e4l inget skiljetecken?<br \/>\nGud: Jag vet inte. Jag menar, jag \u00e4r allsm\u00e4ktig och s\u00e5. Men jag har ingen information om att det skulle finnas tydliga regler, jag menar, som i Bibeln och &#8211;<br \/>\nJag: Hm. Vet du vad? Jag skulle kunna vara ett talstreck.<br \/>\nGud: Mm.<br \/>\nJag: Jag menar, det skiljer ju ut talad text fr\u00e5n annan text.<br \/>\nGud: Mm.<br \/>\nJag: Och p\u00e5 det s\u00e4ttet s\u00e5 f\u00e5r jag ju liksom talets g\u00e5va.<br \/>\nGud: Och i Bibeln skulle du vara\u2026.<br \/>\nJag: ETT TALSTRECK! Det \u00e4r genialt!<br \/>\nGud: Tack.<br \/>\nJag: Vilken bra id\u00e9 jag fick d\u00e4r!<br \/>\nGud: Mm.<br \/>\nJag: Jag \u00e4r i sanning inspirerande.<br \/>\nGud: Inspirerad. Men du vet. Whatever.<br \/>\nJag: Vad sk\u00f6nt det k\u00e4nns.<br \/>\nGud: Verk-li-gen.<br \/>\nJag: \u00c4ntligen vet jag.<br \/>\nGud: Ja.<br \/>\nJag: Det enda \u00e4r att det ser ut som ett minustecken.<br \/>\nGud: Ah.<br \/>\nJag: Jag vill ju inte g\u00e5 genom livet och vara negativ.<br \/>\nGud: Kanske du kunde vara ett plus.<br \/>\nJag: Jag \u00e4r ju v\u00e4ldigt positiv.<br \/>\nGud: Och full av till\u00e4gg.<br \/>\nJag: Exakt!<br \/>\nGud: Plus att plusset p\u00e5minner om mig.<br \/>\nJag: F\u00f6r att du alltid \u00e4r med mig.<br \/>\nGud: Och f\u00f6r att det ser ut som ett kors.<br \/>\nJag: Aha! Smart. D\u00e5 kan jag t\u00e4nka p\u00e5 det d\u00e4r med att ta upp mitt kors och f\u00f6lja dig.<br \/>\nGud: Som det st\u00e5r i &#8211; tadaa! &#8211; Bibeln.<br \/>\nJag: Typ s\u00e5 ja.<br \/>\nGud: Och aprop\u00e5 Bibeln s\u00e5..<br \/>\nJag: Det kunde vara mitt kors att b\u00e4ra. Att jag pratar s\u00e5 mycket.<br \/>\nGud: Det kan vara andra m\u00e4nniskors kors att b\u00e4ra ocks\u00e5.<br \/>\nJag: Haha, du \u00e4r rolig du.<br \/>\nGud: Ja, de s\u00e4ger det.<br \/>\nJag: D\u00e5 s\u00e4ger vi s\u00e5.<br \/>\nGud: Och kan g\u00e5 vidare till n\u00e4sta sp\u00e4nnande personlighetstest.<br \/>\nJag: Som \u00e4r\u2014-?<br \/>\nGud: Tja, vi kan ju ta Bibe-<br \/>\nJag: Ett plus \u00e4r inget skiljetecken.<br \/>\nGud: (med det d\u00e4r ljudet igen)<br \/>\nJag: Ett plus \u00e4r ett l\u00e4ggaihoptecken.<br \/>\nGud: Inte ett skiljetecken?<br \/>\nJag: N\u00e4.<br \/>\nGud: S\u00e5 det duger inte?<br \/>\nJag: Vad tycker du?<br \/>\nGud: Jag tycker att det duger.<br \/>\nJag: Men vad vet du egentligen?<br \/>\nGud: Allt faktiskt.<br \/>\nJag: Och d\u00e5 vet du s\u00e4kert vem i Bibeln jag skulle vilja vara?<br \/>\nGud: Ja.<br \/>\nJag: Vad bra.<br \/>\nGud: Och jag vet att jag f\u00f6redrar att l\u00e4gga ihop framf\u00f6r att skilja ut.<br \/>\nJag: S\u00e5 du gillar plus.<br \/>\nGud: Ja.<br \/>\nJag: Och du gillar mig.<br \/>\nGud: Ja.<br \/>\nJag: S\u00e5 d\u00e5 \u00e4r allt ganska bra d\u00e5?<br \/>\nGud: Gud s\u00e5g att det var gott, Gud sade att det var gott.<br \/>\nJag: Vem tror du jag skulle vara i Bibeln?<br \/>\nGud: Vad tror du att jag tror?<br \/>\nJag: Inget i Uppenbarelseboken bara.<br \/>\nGud: N\u00e4n\u00e4. OK. Men \u201dkvinna i folksamlingen\u201d i Matteus 15 kanske?<br \/>\nJag: \u00c4r det en av de hungriga?<br \/>\nGud: N\u00e4r jag m\u00e4ttar med br\u00f6d och fisk ja.<br \/>\nJag: En av dem som fick lite extra mycket br\u00f6d?<br \/>\nGud: S\u00e5 t\u00e4nker jag mig det.<br \/>\nJag: Med Portsalutost p\u00e5? Plus lite marmelad kanske?<br \/>\nGud: OK.<br \/>\nJag: I s\u00e5 fall \u00e4r det ok.<\/p>\n","protected":false},"excerpt":{"rendered":"<p>En dag ska Gud och jag g\u00e5 ut och g\u00e5 \u00f6ver de himmelska vidderna tillsammans. Punkt slut. Jag: Om jag var ett skiljetecken s\u00e5 tror jag nog att jag skulle vara\u2026\u2026 \u00e5h\u2026. Gud: om du var ett skiljetecken? Jag: Javisst. Du vet hur man t\u00e4nker s\u00e5 h\u00e4r spontant \u201dom jag var en f\u00e4rg skulle jag [&hellip;]<\/p>\n","protected":false},"author":569,"featured_media":0,"comment_status":"open","ping_status":"open","sticky":false,"template":"","format":"standard","meta":{"_acf_changed":false,"footnotes":""},"categories":[61608],"tags":[160712,174681],"class_list":["post-188","post","type-post","status-publish","format-standard","hentry","category-vandring","tag-en-gang-ska-gud-och-jag","tag-skiljetecken"],"acf":[],"yoast_head":"<!-- This site is optimized with the Yoast SEO plugin v27.1.1 - https:\/\/yoast.com\/product\/yoast-seo-wordpress\/ -->\n<title>Du kanske kan vara ett talstreck - H\u00f6rru Gud<\/title>\n<meta name=\"robots\" content=\"index, follow, max-snippet:-1, max-image-preview:large, max-video-preview:-1\" \/>\n<link rel=\"canonical\" href=\"https:\/\/blogg.svenskakyrkan.se\/horrugud\/2018\/11\/09\/du-kanske-kan-vara-ett-talstreck\/\" \/>\n<meta property=\"og:locale\" content=\"sv_SE\" \/>\n<meta property=\"og:type\" content=\"article\" \/>\n<meta property=\"og:title\" content=\"Du kanske kan vara ett talstreck - H\u00f6rru Gud\" \/>\n<meta property=\"og:description\" content=\"En dag ska Gud och jag g\u00e5 ut och g\u00e5 \u00f6ver de himmelska vidderna tillsammans. Punkt slut. Jag: Om jag var ett skiljetecken s\u00e5 tror jag nog att jag skulle vara\u2026\u2026 \u00e5h\u2026. Gud: om du var ett skiljetecken? Jag: Javisst. Du vet hur man t\u00e4nker s\u00e5 h\u00e4r spontant \u201dom jag var en f\u00e4rg skulle jag [&hellip;]\" \/>\n<meta property=\"og:url\" content=\"https:\/\/blogg.svenskakyrkan.se\/horrugud\/2018\/11\/09\/du-kanske-kan-vara-ett-talstreck\/\" \/>\n<meta property=\"og:site_name\" content=\"H\u00f6rru Gud\" \/>\n<meta property=\"article:published_time\" content=\"2018-11-09T09:02:35+00:00\" \/>\n<meta name=\"author\" content=\"Charlotte Frycklund, pr\u00e4st\" \/>\n<meta name=\"twitter:card\" content=\"summary_large_image\" \/>\n<meta name=\"twitter:label1\" content=\"Skriven av\" \/>\n\t<meta name=\"twitter:data1\" content=\"Charlotte Frycklund, pr\u00e4st\" \/>\n\t<meta name=\"twitter:label2\" content=\"Ber\u00e4knad l\u00e4stid\" \/>\n\t<meta name=\"twitter:data2\" content=\"6 minuter\" \/>\n<script type=\"application\/ld+json\" class=\"yoast-schema-graph\">{\"@context\":\"https:\/\/schema.org\",\"@graph\":[{\"@type\":\"Article\",\"@id\":\"https:\/\/blogg.svenskakyrkan.se\/horrugud\/2018\/11\/09\/du-kanske-kan-vara-ett-talstreck\/#article\",\"isPartOf\":{\"@id\":\"https:\/\/blogg.svenskakyrkan.se\/horrugud\/2018\/11\/09\/du-kanske-kan-vara-ett-talstreck\/\"},\"author\":{\"name\":\"Charlotte Frycklund, pr\u00e4st\",\"@id\":\"https:\/\/blogg.svenskakyrkan.se\/horrugud\/#\/schema\/person\/595d75da5bf93cf9ca814c398b63ed6d\"},\"headline\":\"Du kanske kan vara ett talstreck\",\"datePublished\":\"2018-11-09T09:02:35+00:00\",\"mainEntityOfPage\":{\"@id\":\"https:\/\/blogg.svenskakyrkan.se\/horrugud\/2018\/11\/09\/du-kanske-kan-vara-ett-talstreck\/\"},\"wordCount\":1111,\"commentCount\":0,\"keywords\":[\"En g\u00e5ng ska Gud och jag\",\"Skiljetecken\"],\"articleSection\":[\"Vandring\"],\"inLanguage\":\"sv-SE\",\"potentialAction\":[{\"@type\":\"CommentAction\",\"name\":\"Comment\",\"target\":[\"https:\/\/blogg.svenskakyrkan.se\/horrugud\/2018\/11\/09\/du-kanske-kan-vara-ett-talstreck\/#respond\"]}]},{\"@type\":\"WebPage\",\"@id\":\"https:\/\/blogg.svenskakyrkan.se\/horrugud\/2018\/11\/09\/du-kanske-kan-vara-ett-talstreck\/\",\"url\":\"https:\/\/blogg.svenskakyrkan.se\/horrugud\/2018\/11\/09\/du-kanske-kan-vara-ett-talstreck\/\",\"name\":\"Du kanske kan vara ett talstreck - H\u00f6rru Gud\",\"isPartOf\":{\"@id\":\"https:\/\/blogg.svenskakyrkan.se\/horrugud\/#website\"},\"datePublished\":\"2018-11-09T09:02:35+00:00\",\"author\":{\"@id\":\"https:\/\/blogg.svenskakyrkan.se\/horrugud\/#\/schema\/person\/595d75da5bf93cf9ca814c398b63ed6d\"},\"breadcrumb\":{\"@id\":\"https:\/\/blogg.svenskakyrkan.se\/horrugud\/2018\/11\/09\/du-kanske-kan-vara-ett-talstreck\/#breadcrumb\"},\"inLanguage\":\"sv-SE\",\"potentialAction\":[{\"@type\":\"ReadAction\",\"target\":[\"https:\/\/blogg.svenskakyrkan.se\/horrugud\/2018\/11\/09\/du-kanske-kan-vara-ett-talstreck\/\"]}]},{\"@type\":\"BreadcrumbList\",\"@id\":\"https:\/\/blogg.svenskakyrkan.se\/horrugud\/2018\/11\/09\/du-kanske-kan-vara-ett-talstreck\/#breadcrumb\",\"itemListElement\":[{\"@type\":\"ListItem\",\"position\":1,\"name\":\"Hem\",\"item\":\"https:\/\/blogg.svenskakyrkan.se\/horrugud\/\"},{\"@type\":\"ListItem\",\"position\":2,\"name\":\"Du kanske kan vara ett talstreck\"}]},{\"@type\":\"WebSite\",\"@id\":\"https:\/\/blogg.svenskakyrkan.se\/horrugud\/#website\",\"url\":\"https:\/\/blogg.svenskakyrkan.se\/horrugud\/\",\"name\":\"H\u00f6rru Gud\",\"description\":\"Hypotetiska samtal med v\u00e5r Herre\",\"potentialAction\":[{\"@type\":\"SearchAction\",\"target\":{\"@type\":\"EntryPoint\",\"urlTemplate\":\"https:\/\/blogg.svenskakyrkan.se\/horrugud\/?s={search_term_string}\"},\"query-input\":{\"@type\":\"PropertyValueSpecification\",\"valueRequired\":true,\"valueName\":\"search_term_string\"}}],\"inLanguage\":\"sv-SE\"},{\"@type\":\"Person\",\"@id\":\"https:\/\/blogg.svenskakyrkan.se\/horrugud\/#\/schema\/person\/595d75da5bf93cf9ca814c398b63ed6d\",\"name\":\"Charlotte Frycklund, pr\u00e4st\",\"image\":{\"@type\":\"ImageObject\",\"inLanguage\":\"sv-SE\",\"@id\":\"https:\/\/blogg.svenskakyrkan.se\/horrugud\/#\/schema\/person\/image\/\",\"url\":\"https:\/\/secure.gravatar.com\/avatar\/10f37b82bf44def60f716a446302420cc1eb214cca306b573a488614ab47ee87?s=96&d=mm&r=g\",\"contentUrl\":\"https:\/\/secure.gravatar.com\/avatar\/10f37b82bf44def60f716a446302420cc1eb214cca306b573a488614ab47ee87?s=96&d=mm&r=g\",\"caption\":\"Charlotte Frycklund, pr\u00e4st\"},\"url\":\"https:\/\/blogg.svenskakyrkan.se\/horrugud\/author\/charlottefrycklund\/\"}]}<\/script>\n<!-- \/ Yoast SEO plugin. -->","yoast_head_json":{"title":"Du kanske kan vara ett talstreck - H\u00f6rru Gud","robots":{"index":"index","follow":"follow","max-snippet":"max-snippet:-1","max-image-preview":"max-image-preview:large","max-video-preview":"max-video-preview:-1"},"canonical":"https:\/\/blogg.svenskakyrkan.se\/horrugud\/2018\/11\/09\/du-kanske-kan-vara-ett-talstreck\/","og_locale":"sv_SE","og_type":"article","og_title":"Du kanske kan vara ett talstreck - H\u00f6rru Gud","og_description":"En dag ska Gud och jag g\u00e5 ut och g\u00e5 \u00f6ver de himmelska vidderna tillsammans. Punkt slut. Jag: Om jag var ett skiljetecken s\u00e5 tror jag nog att jag skulle vara\u2026\u2026 \u00e5h\u2026. Gud: om du var ett skiljetecken? Jag: Javisst. Du vet hur man t\u00e4nker s\u00e5 h\u00e4r spontant \u201dom jag var en f\u00e4rg skulle jag [&hellip;]","og_url":"https:\/\/blogg.svenskakyrkan.se\/horrugud\/2018\/11\/09\/du-kanske-kan-vara-ett-talstreck\/","og_site_name":"H\u00f6rru Gud","article_published_time":"2018-11-09T09:02:35+00:00","author":"Charlotte Frycklund, pr\u00e4st","twitter_card":"summary_large_image","twitter_misc":{"Skriven av":"Charlotte Frycklund, pr\u00e4st","Ber\u00e4knad l\u00e4stid":"6 minuter"},"schema":{"@context":"https:\/\/schema.org","@graph":[{"@type":"Article","@id":"https:\/\/blogg.svenskakyrkan.se\/horrugud\/2018\/11\/09\/du-kanske-kan-vara-ett-talstreck\/#article","isPartOf":{"@id":"https:\/\/blogg.svenskakyrkan.se\/horrugud\/2018\/11\/09\/du-kanske-kan-vara-ett-talstreck\/"},"author":{"name":"Charlotte Frycklund, pr\u00e4st","@id":"https:\/\/blogg.svenskakyrkan.se\/horrugud\/#\/schema\/person\/595d75da5bf93cf9ca814c398b63ed6d"},"headline":"Du kanske kan vara ett talstreck","datePublished":"2018-11-09T09:02:35+00:00","mainEntityOfPage":{"@id":"https:\/\/blogg.svenskakyrkan.se\/horrugud\/2018\/11\/09\/du-kanske-kan-vara-ett-talstreck\/"},"wordCount":1111,"commentCount":0,"keywords":["En g\u00e5ng ska Gud och jag","Skiljetecken"],"articleSection":["Vandring"],"inLanguage":"sv-SE","potentialAction":[{"@type":"CommentAction","name":"Comment","target":["https:\/\/blogg.svenskakyrkan.se\/horrugud\/2018\/11\/09\/du-kanske-kan-vara-ett-talstreck\/#respond"]}]},{"@type":"WebPage","@id":"https:\/\/blogg.svenskakyrkan.se\/horrugud\/2018\/11\/09\/du-kanske-kan-vara-ett-talstreck\/","url":"https:\/\/blogg.svenskakyrkan.se\/horrugud\/2018\/11\/09\/du-kanske-kan-vara-ett-talstreck\/","name":"Du kanske kan vara ett talstreck - H\u00f6rru Gud","isPartOf":{"@id":"https:\/\/blogg.svenskakyrkan.se\/horrugud\/#website"},"datePublished":"2018-11-09T09:02:35+00:00","author":{"@id":"https:\/\/blogg.svenskakyrkan.se\/horrugud\/#\/schema\/person\/595d75da5bf93cf9ca814c398b63ed6d"},"breadcrumb":{"@id":"https:\/\/blogg.svenskakyrkan.se\/horrugud\/2018\/11\/09\/du-kanske-kan-vara-ett-talstreck\/#breadcrumb"},"inLanguage":"sv-SE","potentialAction":[{"@type":"ReadAction","target":["https:\/\/blogg.svenskakyrkan.se\/horrugud\/2018\/11\/09\/du-kanske-kan-vara-ett-talstreck\/"]}]},{"@type":"BreadcrumbList","@id":"https:\/\/blogg.svenskakyrkan.se\/horrugud\/2018\/11\/09\/du-kanske-kan-vara-ett-talstreck\/#breadcrumb","itemListElement":[{"@type":"ListItem","position":1,"name":"Hem","item":"https:\/\/blogg.svenskakyrkan.se\/horrugud\/"},{"@type":"ListItem","position":2,"name":"Du kanske kan vara ett talstreck"}]},{"@type":"WebSite","@id":"https:\/\/blogg.svenskakyrkan.se\/horrugud\/#website","url":"https:\/\/blogg.svenskakyrkan.se\/horrugud\/","name":"H\u00f6rru Gud","description":"Hypotetiska samtal med v\u00e5r Herre","potentialAction":[{"@type":"SearchAction","target":{"@type":"EntryPoint","urlTemplate":"https:\/\/blogg.svenskakyrkan.se\/horrugud\/?s={search_term_string}"},"query-input":{"@type":"PropertyValueSpecification","valueRequired":true,"valueName":"search_term_string"}}],"inLanguage":"sv-SE"},{"@type":"Person","@id":"https:\/\/blogg.svenskakyrkan.se\/horrugud\/#\/schema\/person\/595d75da5bf93cf9ca814c398b63ed6d","name":"Charlotte Frycklund, pr\u00e4st","image":{"@type":"ImageObject","inLanguage":"sv-SE","@id":"https:\/\/blogg.svenskakyrkan.se\/horrugud\/#\/schema\/person\/image\/","url":"https:\/\/secure.gravatar.com\/avatar\/10f37b82bf44def60f716a446302420cc1eb214cca306b573a488614ab47ee87?s=96&d=mm&r=g","contentUrl":"https:\/\/secure.gravatar.com\/avatar\/10f37b82bf44def60f716a446302420cc1eb214cca306b573a488614ab47ee87?s=96&d=mm&r=g","caption":"Charlotte Frycklund, pr\u00e4st"},"url":"https:\/\/blogg.svenskakyrkan.se\/horrugud\/author\/charlottefrycklund\/"}]}},"author_meta":{"ID":"569","user_nicename":"charlottefrycklund","user_registered":"2016-05-24 11:46:19","display_name":"Charlotte Frycklund, pr\u00e4st","first_name":"Charlotte","last_name":"Frycklund, pr\u00e4st","avatar":"https:\/\/secure.gravatar.com\/avatar\/10f37b82bf44def60f716a446302420cc1eb214cca306b573a488614ab47ee87?s=96&d=mm&r=g"},"featured_image":false,"bloginfo":{"name":"H\u00f6rru Gud","url":"https:\/\/blogg.svenskakyrkan.se\/horrugud"},"_links":{"self":[{"href":"https:\/\/blogg.svenskakyrkan.se\/horrugud\/wp-json\/wp\/v2\/posts\/188","targetHints":{"allow":["GET"]}}],"collection":[{"href":"https:\/\/blogg.svenskakyrkan.se\/horrugud\/wp-json\/wp\/v2\/posts"}],"about":[{"href":"https:\/\/blogg.svenskakyrkan.se\/horrugud\/wp-json\/wp\/v2\/types\/post"}],"author":[{"embeddable":true,"href":"https:\/\/blogg.svenskakyrkan.se\/horrugud\/wp-json\/wp\/v2\/users\/569"}],"replies":[{"embeddable":true,"href":"https:\/\/blogg.svenskakyrkan.se\/horrugud\/wp-json\/wp\/v2\/comments?post=188"}],"version-history":[{"count":1,"href":"https:\/\/blogg.svenskakyrkan.se\/horrugud\/wp-json\/wp\/v2\/posts\/188\/revisions"}],"predecessor-version":[{"id":189,"href":"https:\/\/blogg.svenskakyrkan.se\/horrugud\/wp-json\/wp\/v2\/posts\/188\/revisions\/189"}],"wp:attachment":[{"href":"https:\/\/blogg.svenskakyrkan.se\/horrugud\/wp-json\/wp\/v2\/media?parent=188"}],"wp:term":[{"taxonomy":"category","embeddable":true,"href":"https:\/\/blogg.svenskakyrkan.se\/horrugud\/wp-json\/wp\/v2\/categories?post=188"},{"taxonomy":"post_tag","embeddable":true,"href":"https:\/\/blogg.svenskakyrkan.se\/horrugud\/wp-json\/wp\/v2\/tags?post=188"}],"curies":[{"name":"wp","href":"https:\/\/api.w.org\/{rel}","templated":true}]}}