{"id":26,"date":"2018-03-08T20:30:04","date_gmt":"2018-03-08T19:30:04","guid":{"rendered":"http:\/\/blogg.svenskakyrkan.se\/horrugud\/?p=26"},"modified":"2018-06-14T22:14:15","modified_gmt":"2018-06-14T20:14:15","slug":"ett-nytt-hopp-och-en-rosa-gryning","status":"publish","type":"post","link":"https:\/\/blogg.svenskakyrkan.se\/horrugud\/2018\/03\/08\/ett-nytt-hopp-och-en-rosa-gryning\/","title":{"rendered":"Ett nytt hopp och en rosa gryning"},"content":{"rendered":"<p>En dag ska gryningen f\u00f6das rosa, f\u00e4rgad av v\u00e5ra d\u00f6ttrars framtidshopp.<\/p>\n<p>Den dagen ska vi, gr\u00e5nade, skrapa med f\u00f6tterna och f\u00f6rsiktigt be om urs\u00e4kt att vi inte kunde r\u00e4dda v\u00e4rlden \u00e5t dem. Taffligt ska vi f\u00f6rs\u00f6ka s\u00e4ga att vi gjorde vad vi kunde, s\u00e5 mycket vi kunde.<\/p>\n<p>Och v\u00e5ra d\u00f6ttrar ska vara s\u00e5 fokuserade p\u00e5 framtiden f\u00f6r sig och sina barn att de inte har det i sig att se bak\u00e5t och s\u00f6rja med oss.<\/p>\n<p>Idag g\u00f6r jag det: t\u00e4nker jag p\u00e5 de kvinnor som l\u00e4mnat \u00f6ver v\u00e4rlden till oss. Farmor, mormor, och deras mammor, i generationer bak\u00e5t, som gjort s\u00e5 gott de kunnat, s\u00e5 mycket de kunnat &#8211; som oroat sig och str\u00e4vat mot en framtid f\u00f6r oss, de kommande generationerna.<\/p>\n<p>Och med ungdomens hela sj\u00e4lvs\u00e4kerhet har vi st\u00e5tt fokuserade mot den d\u00e4r rosa gryningen och kanske inte sett allt det de givit, offrat, l\u00e4rt och levt f\u00f6r v\u00e5r skull.<\/p>\n<p>Men idag t\u00e4nker jag p\u00e5 dem, och p\u00e5 de som ska komma, de som ska g\u00e5 rakt in i den rosa gryningen.<\/p>\n<p>Och generationerna skiljer oss \u00e5t, spr\u00e5k, uttryck, ambitioner och vardag. Men v\u00e5rt m\u00e5l, att den rosa gryningen ska komma med en framtid f\u00f6r varje dotter, varje son, varje hopp &#8211; det har funnits d\u00e4r. Det tror jag.<\/p>\n<p>S\u00e5 idag l\u00e4ggs min b\u00f6n till andra b\u00f6ner, mitt hopp till andras hopp och mina barns framtid till andra barns framtid.<\/p>\n<p>M\u00e5 vi st\u00e4ndigt v\u00e5ga tro p\u00e5 en ny himmel och en ny jord,<br \/>\nEn ny f\u00f6rst\u00e5else och en ny f\u00f6rl\u00e5telse<br \/>\nEtt nytt hopp och en rosa gryning. I evighet. Amen.<\/p>\n","protected":false},"excerpt":{"rendered":"<p>En dag ska gryningen f\u00f6das rosa, f\u00e4rgad av v\u00e5ra d\u00f6ttrars framtidshopp. Den dagen ska vi, gr\u00e5nade, skrapa med f\u00f6tterna och f\u00f6rsiktigt be om urs\u00e4kt att vi inte kunde r\u00e4dda v\u00e4rlden \u00e5t dem. Taffligt ska vi f\u00f6rs\u00f6ka s\u00e4ga att vi gjorde vad vi kunde, s\u00e5 mycket vi kunde. Och v\u00e5ra d\u00f6ttrar ska vara s\u00e5 fokuserade p\u00e5 [&hellip;]<\/p>\n","protected":false},"author":569,"featured_media":27,"comment_status":"open","ping_status":"open","sticky":false,"template":"","format":"standard","meta":{"_acf_changed":false,"footnotes":""},"categories":[16871],"tags":[162955,23669,161958],"class_list":["post-26","post","type-post","status-publish","format-standard","has-post-thumbnail","hentry","category-tankar","tag-horru-gud","tag-internationella-kvinnodagen","tag-rosa"],"acf":[],"yoast_head":"<!-- This site is optimized with the Yoast SEO plugin v27.1.1 - https:\/\/yoast.com\/product\/yoast-seo-wordpress\/ -->\n<title>Ett nytt hopp och en rosa gryning - H\u00f6rru Gud<\/title>\n<meta name=\"robots\" content=\"index, follow, max-snippet:-1, max-image-preview:large, max-video-preview:-1\" \/>\n<link rel=\"canonical\" href=\"https:\/\/blogg.svenskakyrkan.se\/horrugud\/2018\/03\/08\/ett-nytt-hopp-och-en-rosa-gryning\/\" \/>\n<meta property=\"og:locale\" content=\"sv_SE\" \/>\n<meta property=\"og:type\" content=\"article\" \/>\n<meta property=\"og:title\" content=\"Ett nytt hopp och en rosa gryning - H\u00f6rru Gud\" \/>\n<meta property=\"og:description\" content=\"En dag ska gryningen f\u00f6das rosa, f\u00e4rgad av v\u00e5ra d\u00f6ttrars framtidshopp. Den dagen ska vi, gr\u00e5nade, skrapa med f\u00f6tterna och f\u00f6rsiktigt be om urs\u00e4kt att vi inte kunde r\u00e4dda v\u00e4rlden \u00e5t dem. Taffligt ska vi f\u00f6rs\u00f6ka s\u00e4ga att vi gjorde vad vi kunde, s\u00e5 mycket vi kunde. Och v\u00e5ra d\u00f6ttrar ska vara s\u00e5 fokuserade p\u00e5 [&hellip;]\" \/>\n<meta property=\"og:url\" content=\"https:\/\/blogg.svenskakyrkan.se\/horrugud\/2018\/03\/08\/ett-nytt-hopp-och-en-rosa-gryning\/\" \/>\n<meta property=\"og:site_name\" content=\"H\u00f6rru Gud\" \/>\n<meta property=\"article:published_time\" content=\"2018-03-08T19:30:04+00:00\" \/>\n<meta property=\"article:modified_time\" content=\"2018-06-14T20:14:15+00:00\" \/>\n<meta property=\"og:image\" content=\"https:\/\/blogg.svenskakyrkan.se\/horrugud\/files\/2018\/06\/9F307BE4-FA9C-45FC-86CC-C98344F85E30.jpeg\" \/>\n\t<meta property=\"og:image:width\" content=\"1190\" \/>\n\t<meta property=\"og:image:height\" content=\"1145\" \/>\n\t<meta property=\"og:image:type\" content=\"image\/jpeg\" \/>\n<meta name=\"author\" content=\"Charlotte Frycklund, pr\u00e4st\" \/>\n<meta name=\"twitter:card\" content=\"summary_large_image\" \/>\n<meta name=\"twitter:label1\" content=\"Skriven av\" \/>\n\t<meta name=\"twitter:data1\" content=\"Charlotte Frycklund, pr\u00e4st\" \/>\n\t<meta name=\"twitter:label2\" content=\"Ber\u00e4knad l\u00e4stid\" \/>\n\t<meta name=\"twitter:data2\" content=\"2 minuter\" \/>\n<script type=\"application\/ld+json\" class=\"yoast-schema-graph\">{\"@context\":\"https:\/\/schema.org\",\"@graph\":[{\"@type\":\"Article\",\"@id\":\"https:\/\/blogg.svenskakyrkan.se\/horrugud\/2018\/03\/08\/ett-nytt-hopp-och-en-rosa-gryning\/#article\",\"isPartOf\":{\"@id\":\"https:\/\/blogg.svenskakyrkan.se\/horrugud\/2018\/03\/08\/ett-nytt-hopp-och-en-rosa-gryning\/\"},\"author\":{\"name\":\"Charlotte Frycklund, pr\u00e4st\",\"@id\":\"https:\/\/blogg.svenskakyrkan.se\/horrugud\/#\/schema\/person\/595d75da5bf93cf9ca814c398b63ed6d\"},\"headline\":\"Ett nytt hopp och en rosa gryning\",\"datePublished\":\"2018-03-08T19:30:04+00:00\",\"dateModified\":\"2018-06-14T20:14:15+00:00\",\"mainEntityOfPage\":{\"@id\":\"https:\/\/blogg.svenskakyrkan.se\/horrugud\/2018\/03\/08\/ett-nytt-hopp-och-en-rosa-gryning\/\"},\"wordCount\":315,\"commentCount\":0,\"image\":{\"@id\":\"https:\/\/blogg.svenskakyrkan.se\/horrugud\/2018\/03\/08\/ett-nytt-hopp-och-en-rosa-gryning\/#primaryimage\"},\"thumbnailUrl\":\"https:\/\/blogg.svenskakyrkan.se\/horrugud\/files\/2018\/06\/9F307BE4-FA9C-45FC-86CC-C98344F85E30.jpeg\",\"keywords\":[\"H\u00f6rru Gud\",\"Internationella kvinnodagen\",\"Rosa\"],\"articleSection\":[\"Tankar\"],\"inLanguage\":\"sv-SE\",\"potentialAction\":[{\"@type\":\"CommentAction\",\"name\":\"Comment\",\"target\":[\"https:\/\/blogg.svenskakyrkan.se\/horrugud\/2018\/03\/08\/ett-nytt-hopp-och-en-rosa-gryning\/#respond\"]}]},{\"@type\":\"WebPage\",\"@id\":\"https:\/\/blogg.svenskakyrkan.se\/horrugud\/2018\/03\/08\/ett-nytt-hopp-och-en-rosa-gryning\/\",\"url\":\"https:\/\/blogg.svenskakyrkan.se\/horrugud\/2018\/03\/08\/ett-nytt-hopp-och-en-rosa-gryning\/\",\"name\":\"Ett nytt hopp och en rosa gryning - H\u00f6rru Gud\",\"isPartOf\":{\"@id\":\"https:\/\/blogg.svenskakyrkan.se\/horrugud\/#website\"},\"primaryImageOfPage\":{\"@id\":\"https:\/\/blogg.svenskakyrkan.se\/horrugud\/2018\/03\/08\/ett-nytt-hopp-och-en-rosa-gryning\/#primaryimage\"},\"image\":{\"@id\":\"https:\/\/blogg.svenskakyrkan.se\/horrugud\/2018\/03\/08\/ett-nytt-hopp-och-en-rosa-gryning\/#primaryimage\"},\"thumbnailUrl\":\"https:\/\/blogg.svenskakyrkan.se\/horrugud\/files\/2018\/06\/9F307BE4-FA9C-45FC-86CC-C98344F85E30.jpeg\",\"datePublished\":\"2018-03-08T19:30:04+00:00\",\"dateModified\":\"2018-06-14T20:14:15+00:00\",\"author\":{\"@id\":\"https:\/\/blogg.svenskakyrkan.se\/horrugud\/#\/schema\/person\/595d75da5bf93cf9ca814c398b63ed6d\"},\"breadcrumb\":{\"@id\":\"https:\/\/blogg.svenskakyrkan.se\/horrugud\/2018\/03\/08\/ett-nytt-hopp-och-en-rosa-gryning\/#breadcrumb\"},\"inLanguage\":\"sv-SE\",\"potentialAction\":[{\"@type\":\"ReadAction\",\"target\":[\"https:\/\/blogg.svenskakyrkan.se\/horrugud\/2018\/03\/08\/ett-nytt-hopp-och-en-rosa-gryning\/\"]}]},{\"@type\":\"ImageObject\",\"inLanguage\":\"sv-SE\",\"@id\":\"https:\/\/blogg.svenskakyrkan.se\/horrugud\/2018\/03\/08\/ett-nytt-hopp-och-en-rosa-gryning\/#primaryimage\",\"url\":\"https:\/\/blogg.svenskakyrkan.se\/horrugud\/files\/2018\/06\/9F307BE4-FA9C-45FC-86CC-C98344F85E30.jpeg\",\"contentUrl\":\"https:\/\/blogg.svenskakyrkan.se\/horrugud\/files\/2018\/06\/9F307BE4-FA9C-45FC-86CC-C98344F85E30.jpeg\",\"width\":1190,\"height\":1145},{\"@type\":\"BreadcrumbList\",\"@id\":\"https:\/\/blogg.svenskakyrkan.se\/horrugud\/2018\/03\/08\/ett-nytt-hopp-och-en-rosa-gryning\/#breadcrumb\",\"itemListElement\":[{\"@type\":\"ListItem\",\"position\":1,\"name\":\"Hem\",\"item\":\"https:\/\/blogg.svenskakyrkan.se\/horrugud\/\"},{\"@type\":\"ListItem\",\"position\":2,\"name\":\"Ett nytt hopp och en rosa gryning\"}]},{\"@type\":\"WebSite\",\"@id\":\"https:\/\/blogg.svenskakyrkan.se\/horrugud\/#website\",\"url\":\"https:\/\/blogg.svenskakyrkan.se\/horrugud\/\",\"name\":\"H\u00f6rru Gud\",\"description\":\"Hypotetiska samtal med v\u00e5r Herre\",\"potentialAction\":[{\"@type\":\"SearchAction\",\"target\":{\"@type\":\"EntryPoint\",\"urlTemplate\":\"https:\/\/blogg.svenskakyrkan.se\/horrugud\/?s={search_term_string}\"},\"query-input\":{\"@type\":\"PropertyValueSpecification\",\"valueRequired\":true,\"valueName\":\"search_term_string\"}}],\"inLanguage\":\"sv-SE\"},{\"@type\":\"Person\",\"@id\":\"https:\/\/blogg.svenskakyrkan.se\/horrugud\/#\/schema\/person\/595d75da5bf93cf9ca814c398b63ed6d\",\"name\":\"Charlotte Frycklund, pr\u00e4st\",\"image\":{\"@type\":\"ImageObject\",\"inLanguage\":\"sv-SE\",\"@id\":\"https:\/\/blogg.svenskakyrkan.se\/horrugud\/#\/schema\/person\/image\/\",\"url\":\"https:\/\/secure.gravatar.com\/avatar\/10f37b82bf44def60f716a446302420cc1eb214cca306b573a488614ab47ee87?s=96&d=mm&r=g\",\"contentUrl\":\"https:\/\/secure.gravatar.com\/avatar\/10f37b82bf44def60f716a446302420cc1eb214cca306b573a488614ab47ee87?s=96&d=mm&r=g\",\"caption\":\"Charlotte Frycklund, pr\u00e4st\"},\"url\":\"https:\/\/blogg.svenskakyrkan.se\/horrugud\/author\/charlottefrycklund\/\"}]}<\/script>\n<!-- \/ Yoast SEO plugin. -->","yoast_head_json":{"title":"Ett nytt hopp och en rosa gryning - H\u00f6rru Gud","robots":{"index":"index","follow":"follow","max-snippet":"max-snippet:-1","max-image-preview":"max-image-preview:large","max-video-preview":"max-video-preview:-1"},"canonical":"https:\/\/blogg.svenskakyrkan.se\/horrugud\/2018\/03\/08\/ett-nytt-hopp-och-en-rosa-gryning\/","og_locale":"sv_SE","og_type":"article","og_title":"Ett nytt hopp och en rosa gryning - H\u00f6rru Gud","og_description":"En dag ska gryningen f\u00f6das rosa, f\u00e4rgad av v\u00e5ra d\u00f6ttrars framtidshopp. Den dagen ska vi, gr\u00e5nade, skrapa med f\u00f6tterna och f\u00f6rsiktigt be om urs\u00e4kt att vi inte kunde r\u00e4dda v\u00e4rlden \u00e5t dem. Taffligt ska vi f\u00f6rs\u00f6ka s\u00e4ga att vi gjorde vad vi kunde, s\u00e5 mycket vi kunde. Och v\u00e5ra d\u00f6ttrar ska vara s\u00e5 fokuserade p\u00e5 [&hellip;]","og_url":"https:\/\/blogg.svenskakyrkan.se\/horrugud\/2018\/03\/08\/ett-nytt-hopp-och-en-rosa-gryning\/","og_site_name":"H\u00f6rru Gud","article_published_time":"2018-03-08T19:30:04+00:00","article_modified_time":"2018-06-14T20:14:15+00:00","og_image":[{"width":1190,"height":1145,"url":"https:\/\/blogg.svenskakyrkan.se\/horrugud\/files\/2018\/06\/9F307BE4-FA9C-45FC-86CC-C98344F85E30.jpeg","type":"image\/jpeg"}],"author":"Charlotte Frycklund, pr\u00e4st","twitter_card":"summary_large_image","twitter_misc":{"Skriven av":"Charlotte Frycklund, pr\u00e4st","Ber\u00e4knad l\u00e4stid":"2 minuter"},"schema":{"@context":"https:\/\/schema.org","@graph":[{"@type":"Article","@id":"https:\/\/blogg.svenskakyrkan.se\/horrugud\/2018\/03\/08\/ett-nytt-hopp-och-en-rosa-gryning\/#article","isPartOf":{"@id":"https:\/\/blogg.svenskakyrkan.se\/horrugud\/2018\/03\/08\/ett-nytt-hopp-och-en-rosa-gryning\/"},"author":{"name":"Charlotte Frycklund, pr\u00e4st","@id":"https:\/\/blogg.svenskakyrkan.se\/horrugud\/#\/schema\/person\/595d75da5bf93cf9ca814c398b63ed6d"},"headline":"Ett nytt hopp och en rosa gryning","datePublished":"2018-03-08T19:30:04+00:00","dateModified":"2018-06-14T20:14:15+00:00","mainEntityOfPage":{"@id":"https:\/\/blogg.svenskakyrkan.se\/horrugud\/2018\/03\/08\/ett-nytt-hopp-och-en-rosa-gryning\/"},"wordCount":315,"commentCount":0,"image":{"@id":"https:\/\/blogg.svenskakyrkan.se\/horrugud\/2018\/03\/08\/ett-nytt-hopp-och-en-rosa-gryning\/#primaryimage"},"thumbnailUrl":"https:\/\/blogg.svenskakyrkan.se\/horrugud\/files\/2018\/06\/9F307BE4-FA9C-45FC-86CC-C98344F85E30.jpeg","keywords":["H\u00f6rru Gud","Internationella kvinnodagen","Rosa"],"articleSection":["Tankar"],"inLanguage":"sv-SE","potentialAction":[{"@type":"CommentAction","name":"Comment","target":["https:\/\/blogg.svenskakyrkan.se\/horrugud\/2018\/03\/08\/ett-nytt-hopp-och-en-rosa-gryning\/#respond"]}]},{"@type":"WebPage","@id":"https:\/\/blogg.svenskakyrkan.se\/horrugud\/2018\/03\/08\/ett-nytt-hopp-och-en-rosa-gryning\/","url":"https:\/\/blogg.svenskakyrkan.se\/horrugud\/2018\/03\/08\/ett-nytt-hopp-och-en-rosa-gryning\/","name":"Ett nytt hopp och en rosa gryning - H\u00f6rru Gud","isPartOf":{"@id":"https:\/\/blogg.svenskakyrkan.se\/horrugud\/#website"},"primaryImageOfPage":{"@id":"https:\/\/blogg.svenskakyrkan.se\/horrugud\/2018\/03\/08\/ett-nytt-hopp-och-en-rosa-gryning\/#primaryimage"},"image":{"@id":"https:\/\/blogg.svenskakyrkan.se\/horrugud\/2018\/03\/08\/ett-nytt-hopp-och-en-rosa-gryning\/#primaryimage"},"thumbnailUrl":"https:\/\/blogg.svenskakyrkan.se\/horrugud\/files\/2018\/06\/9F307BE4-FA9C-45FC-86CC-C98344F85E30.jpeg","datePublished":"2018-03-08T19:30:04+00:00","dateModified":"2018-06-14T20:14:15+00:00","author":{"@id":"https:\/\/blogg.svenskakyrkan.se\/horrugud\/#\/schema\/person\/595d75da5bf93cf9ca814c398b63ed6d"},"breadcrumb":{"@id":"https:\/\/blogg.svenskakyrkan.se\/horrugud\/2018\/03\/08\/ett-nytt-hopp-och-en-rosa-gryning\/#breadcrumb"},"inLanguage":"sv-SE","potentialAction":[{"@type":"ReadAction","target":["https:\/\/blogg.svenskakyrkan.se\/horrugud\/2018\/03\/08\/ett-nytt-hopp-och-en-rosa-gryning\/"]}]},{"@type":"ImageObject","inLanguage":"sv-SE","@id":"https:\/\/blogg.svenskakyrkan.se\/horrugud\/2018\/03\/08\/ett-nytt-hopp-och-en-rosa-gryning\/#primaryimage","url":"https:\/\/blogg.svenskakyrkan.se\/horrugud\/files\/2018\/06\/9F307BE4-FA9C-45FC-86CC-C98344F85E30.jpeg","contentUrl":"https:\/\/blogg.svenskakyrkan.se\/horrugud\/files\/2018\/06\/9F307BE4-FA9C-45FC-86CC-C98344F85E30.jpeg","width":1190,"height":1145},{"@type":"BreadcrumbList","@id":"https:\/\/blogg.svenskakyrkan.se\/horrugud\/2018\/03\/08\/ett-nytt-hopp-och-en-rosa-gryning\/#breadcrumb","itemListElement":[{"@type":"ListItem","position":1,"name":"Hem","item":"https:\/\/blogg.svenskakyrkan.se\/horrugud\/"},{"@type":"ListItem","position":2,"name":"Ett nytt hopp och en rosa gryning"}]},{"@type":"WebSite","@id":"https:\/\/blogg.svenskakyrkan.se\/horrugud\/#website","url":"https:\/\/blogg.svenskakyrkan.se\/horrugud\/","name":"H\u00f6rru Gud","description":"Hypotetiska samtal med v\u00e5r Herre","potentialAction":[{"@type":"SearchAction","target":{"@type":"EntryPoint","urlTemplate":"https:\/\/blogg.svenskakyrkan.se\/horrugud\/?s={search_term_string}"},"query-input":{"@type":"PropertyValueSpecification","valueRequired":true,"valueName":"search_term_string"}}],"inLanguage":"sv-SE"},{"@type":"Person","@id":"https:\/\/blogg.svenskakyrkan.se\/horrugud\/#\/schema\/person\/595d75da5bf93cf9ca814c398b63ed6d","name":"Charlotte Frycklund, pr\u00e4st","image":{"@type":"ImageObject","inLanguage":"sv-SE","@id":"https:\/\/blogg.svenskakyrkan.se\/horrugud\/#\/schema\/person\/image\/","url":"https:\/\/secure.gravatar.com\/avatar\/10f37b82bf44def60f716a446302420cc1eb214cca306b573a488614ab47ee87?s=96&d=mm&r=g","contentUrl":"https:\/\/secure.gravatar.com\/avatar\/10f37b82bf44def60f716a446302420cc1eb214cca306b573a488614ab47ee87?s=96&d=mm&r=g","caption":"Charlotte Frycklund, pr\u00e4st"},"url":"https:\/\/blogg.svenskakyrkan.se\/horrugud\/author\/charlottefrycklund\/"}]}},"author_meta":{"ID":"569","user_nicename":"charlottefrycklund","user_registered":"2016-05-24 11:46:19","display_name":"Charlotte Frycklund, pr\u00e4st","first_name":"Charlotte","last_name":"Frycklund, pr\u00e4st","avatar":"https:\/\/secure.gravatar.com\/avatar\/10f37b82bf44def60f716a446302420cc1eb214cca306b573a488614ab47ee87?s=96&d=mm&r=g"},"featured_image":["https:\/\/blogg.svenskakyrkan.se\/horrugud\/files\/2018\/06\/9F307BE4-FA9C-45FC-86CC-C98344F85E30-1024x985.jpeg",1024,985,true],"bloginfo":{"name":"H\u00f6rru Gud","url":"https:\/\/blogg.svenskakyrkan.se\/horrugud"},"_links":{"self":[{"href":"https:\/\/blogg.svenskakyrkan.se\/horrugud\/wp-json\/wp\/v2\/posts\/26","targetHints":{"allow":["GET"]}}],"collection":[{"href":"https:\/\/blogg.svenskakyrkan.se\/horrugud\/wp-json\/wp\/v2\/posts"}],"about":[{"href":"https:\/\/blogg.svenskakyrkan.se\/horrugud\/wp-json\/wp\/v2\/types\/post"}],"author":[{"embeddable":true,"href":"https:\/\/blogg.svenskakyrkan.se\/horrugud\/wp-json\/wp\/v2\/users\/569"}],"replies":[{"embeddable":true,"href":"https:\/\/blogg.svenskakyrkan.se\/horrugud\/wp-json\/wp\/v2\/comments?post=26"}],"version-history":[{"count":1,"href":"https:\/\/blogg.svenskakyrkan.se\/horrugud\/wp-json\/wp\/v2\/posts\/26\/revisions"}],"predecessor-version":[{"id":28,"href":"https:\/\/blogg.svenskakyrkan.se\/horrugud\/wp-json\/wp\/v2\/posts\/26\/revisions\/28"}],"wp:featuredmedia":[{"embeddable":true,"href":"https:\/\/blogg.svenskakyrkan.se\/horrugud\/wp-json\/wp\/v2\/media\/27"}],"wp:attachment":[{"href":"https:\/\/blogg.svenskakyrkan.se\/horrugud\/wp-json\/wp\/v2\/media?parent=26"}],"wp:term":[{"taxonomy":"category","embeddable":true,"href":"https:\/\/blogg.svenskakyrkan.se\/horrugud\/wp-json\/wp\/v2\/categories?post=26"},{"taxonomy":"post_tag","embeddable":true,"href":"https:\/\/blogg.svenskakyrkan.se\/horrugud\/wp-json\/wp\/v2\/tags?post=26"}],"curies":[{"name":"wp","href":"https:\/\/api.w.org\/{rel}","templated":true}]}}