{"id":306,"date":"2019-09-25T08:06:24","date_gmt":"2019-09-25T06:06:24","guid":{"rendered":"http:\/\/blogg.svenskakyrkan.se\/horrugud\/?p=306"},"modified":"2019-09-25T08:09:53","modified_gmt":"2019-09-25T06:09:53","slug":"en-slags-resignerad-vila","status":"publish","type":"post","link":"https:\/\/blogg.svenskakyrkan.se\/horrugud\/2019\/09\/25\/en-slags-resignerad-vila\/","title":{"rendered":"En slags resignerad vila"},"content":{"rendered":"<p>&nbsp;<\/p>\n<p>Gud: Och sedan ville jag tala med dig om &#8211;<br \/>\nJag: Jaja Gud. Men ass\u00e5, en verkligt viktig sak som jag m\u00e5ste s\u00e4ga.<br \/>\nGud: Mm.<br \/>\nJag: Allts\u00e5 sinnesrob\u00f6nen.<br \/>\nGud: Ja.<br \/>\nJag: T\u00e4nk p\u00e5 den.<br \/>\nGud: Jag t\u00e4nker p\u00e5 den nu.<br \/>\nJag: Jag fattar inte den.<br \/>\nGud: Well, color me surprised.<br \/>\nJag: \u201dColor me surprised\u201d? S\u00e5 \u00e5ttiotal, Gud.<br \/>\nGud: Vad \u00e4r coolt att s\u00e4ga nu d\u00e5?<br \/>\nJag: \u201dDu har r\u00e4tt Charlotte och vi ska sj\u00e4lvklart \u00e4ndra p\u00e5 den saken.\u201d<br \/>\nGud: \u00c5h. S\u00e5. Coolt.<br \/>\nJag: F\u00f6r att \u00e5terv\u00e4nda till \u00e4mnet. Sinnesro att acceptera det jag inte kan f\u00f6r\u00e4ndra. OK. Mod att f\u00f6r\u00e4ndra det jag kan! Check!<br \/>\nGud: K\u00e4ckt.<br \/>\nJag: Men f\u00f6rst\u00e5nd att inse skillnaden. Det \u00e4r d\u00e4r jag hakar upp mig.<br \/>\nGud: F\u00f6rst\u00e5nd. Det \u00e4r d\u00e4r du hakar upp dig.<br \/>\nJag: Ja! Varf\u00f6r ska jag ha s\u00e5dant f\u00f6rst\u00e5nd?<br \/>\nGud: Just den specifika typen av f\u00f6rst\u00e5nd, eller menar du f\u00f6rst\u00e5nd i st\u00f6rsta allm\u00e4nhet?<br \/>\nJag: (skrattar uppskattande) Haha, du \u00e4r verkligen j\u00e4tterolig Gud! Nej, f\u00f6rst\u00e5nd i st\u00f6rsta allm\u00e4nhet har jag ju s\u00e5 jag klarar mig. Men jag menar varf\u00f6r \u00e4r det viktigt att f\u00f6rst\u00e5 skillnaden?<br \/>\nGud: Hur ska jag s\u00e4ga f\u00f6r att f\u00e5 dig att f\u00f6rst\u00e5?<br \/>\nJag: F\u00f6rs\u00f6k n\u00e5got bara.<br \/>\nGud: Det \u00e4r bra f\u00f6r er m\u00e4nniskor att inse era begr\u00e4nsningar.<br \/>\nJag: Varf\u00f6r.<br \/>\nGud: F\u00f6r att ni inte \u00e4r Gud. Och varje g\u00e5ng ni tror att ni \u00e4r Gud st\u00e4ller ni till det f\u00f6r er.<br \/>\nJag: Allts\u00e5 jag tycker det finns gr\u00e5zoner mellan \u201dv\u00e4grar se sina begr\u00e4nsningar\u201d och \u201dtror att hon \u00e4r Gud\u201d.<br \/>\nGud: Ja, du tycker det, s\u00e5 klart.<br \/>\nJag: Men&#8230; det finns det v\u00e4l?<br \/>\nGud: Gr\u00e5zoner. Men de gr\u00e5zonerna blir ganska stressiga. Att tro att du kan \u00e4ndra saker som du inte kan \u00e4ndra g\u00f6r livet v\u00e4ldigt tungt.<br \/>\nJag: Att inse att jag inte kan \u00e4ndra saker g\u00f6r ocks\u00e5 livet v\u00e4ldigt tungt.<br \/>\nGud: Men det \u00e4r en slags&#8230; resignerad vila \u00f6ver det.<br \/>\nJag: Och typ en massa andlig mognad?<br \/>\nGud: Ja. Att satsa sin andliga kraft d\u00e4r den kan g\u00f6ra nytta.<br \/>\nJag: Typ en \u201dv\u00e4lj dina strider\u201d?<br \/>\nGud: Typ kanske.<br \/>\nJag: Du vet att v\u00e4lj dina strider \u00e4r en s\u00e5dan d\u00e4r sak som f\u00f6r\u00e4ldrar s\u00e4ger till varandra f\u00f6r att g\u00f6ra f\u00f6r\u00e4ldraskapet l\u00e4ttare?<br \/>\nGud: (med en nostalgisk l\u00e4ngtan i r\u00f6sten) \u00c5h, l\u00e4ttare f\u00f6r\u00e4ldraskap.<br \/>\nJag: S\u00e5 med andra ord vill du att jag ska betrakta omv\u00e4rlden som ett ouppfostrat barn?<br \/>\nGud: Det funkar v\u00e4l, n\u00e4r allt kommer omkring betraktar ju omv\u00e4rlden dig som ett ou\u2014 det var inget.<br \/>\nJag: Jag tycker bara det verkar s\u00e5 mycket enklare att bara f\u00f6r\u00e4ndra och inte fr\u00e5ga en massa.<br \/>\nGud: Allt beh\u00f6ver ju inte f\u00f6r\u00e4ndras, vet du. En hel del \u00e4r bra som det \u00e4r.<br \/>\nJag: Japp. Jag sj\u00e4lv till exempel. \u201dS\u00e5 \u00f6verm\u00e5ttan underbart danad\u201d som det st\u00e5r i Bibeln.<br \/>\nGud: Jag \u00e4lskar dig.<br \/>\nJag: Jag vet.<br \/>\nGud: Du l\u00e4r dig nog skillnaden en vacker dag.<br \/>\nJag: En tr\u00e5kig, gr\u00e5trist dag.<br \/>\nGud: S\u00e5dana dagar kan ocks\u00e5 fylla en funktion.<br \/>\nJag: Jaja.<br \/>\nGud: Vi beh\u00e5ller sinnesrob\u00f6nen som den \u00e4r tycker jag. Men jag kan g\u00f6ra en deal med dig.<br \/>\nJag: H\u00e4rligt.<br \/>\nGud: Du kan hoppa \u00f6ver de tre sista orden om du vill.<br \/>\nJag: Specialtillst\u00e5nd bara till mig?<br \/>\nGud: Ja.<br \/>\nJag: F\u00f6r att jag \u00e4r s\u00e5 speciell?<br \/>\nGud: F\u00f6r att du beh\u00f6ver l\u00e4gga fokus annorst\u00e4des.<br \/>\nJag: Jag \u00e4r v\u00e4ldigt n\u00f6jd nu.<br \/>\nGud: Jag med.<br \/>\nJag: (mumlar f\u00f6r mig sj\u00e4lv) &#8230;. hur blir det nu d\u00e5? \u201dSinnesro att acceptera det jag inte kan f\u00f6r\u00e4ndra, mod att f\u00f6r\u00e4ndra det jag kan, och f\u00f6rst\u00e5nd.\u201d<br \/>\nGud: BURN!<br \/>\nJag: Men Gud!<br \/>\nGud: Inte i helvetet, allts\u00e5, men s\u00e5d\u00e4r coolt som man s\u00e4ger nuf\u00f6rtiden. Nu n\u00e4r det inte \u00e4r \u00e5ttiotal och allt.<br \/>\nJag: (suck)<br \/>\nGud: BURN igen!<\/p>\n","protected":false},"excerpt":{"rendered":"<p>&nbsp; Gud: Och sedan ville jag tala med dig om &#8211; Jag: Jaja Gud. Men ass\u00e5, en verkligt viktig sak som jag m\u00e5ste s\u00e4ga. Gud: Mm. Jag: Allts\u00e5 sinnesrob\u00f6nen. Gud: Ja. Jag: T\u00e4nk p\u00e5 den. Gud: Jag t\u00e4nker p\u00e5 den nu. Jag: Jag fattar inte den. Gud: Well, color me surprised. Jag: \u201dColor me surprised\u201d? [&hellip;]<\/p>\n","protected":false},"author":569,"featured_media":307,"comment_status":"open","ping_status":"open","sticky":false,"template":"","format":"standard","meta":{"_acf_changed":false,"footnotes":""},"categories":[9],"tags":[],"class_list":["post-306","post","type-post","status-publish","format-standard","has-post-thumbnail","hentry","category-okategoriserade"],"acf":[],"yoast_head":"<!-- This site is optimized with the Yoast SEO plugin v27.1.1 - https:\/\/yoast.com\/product\/yoast-seo-wordpress\/ -->\n<title>En slags resignerad vila - H\u00f6rru Gud<\/title>\n<meta name=\"robots\" content=\"index, follow, max-snippet:-1, max-image-preview:large, max-video-preview:-1\" \/>\n<link rel=\"canonical\" href=\"https:\/\/blogg.svenskakyrkan.se\/horrugud\/2019\/09\/25\/en-slags-resignerad-vila\/\" \/>\n<meta property=\"og:locale\" content=\"sv_SE\" \/>\n<meta property=\"og:type\" content=\"article\" \/>\n<meta property=\"og:title\" content=\"En slags resignerad vila - H\u00f6rru Gud\" \/>\n<meta property=\"og:description\" content=\"&nbsp; Gud: Och sedan ville jag tala med dig om &#8211; Jag: Jaja Gud. Men ass\u00e5, en verkligt viktig sak som jag m\u00e5ste s\u00e4ga. Gud: Mm. Jag: Allts\u00e5 sinnesrob\u00f6nen. Gud: Ja. Jag: T\u00e4nk p\u00e5 den. Gud: Jag t\u00e4nker p\u00e5 den nu. Jag: Jag fattar inte den. Gud: Well, color me surprised. Jag: \u201dColor me surprised\u201d? [&hellip;]\" \/>\n<meta property=\"og:url\" content=\"https:\/\/blogg.svenskakyrkan.se\/horrugud\/2019\/09\/25\/en-slags-resignerad-vila\/\" \/>\n<meta property=\"og:site_name\" content=\"H\u00f6rru Gud\" \/>\n<meta property=\"article:published_time\" content=\"2019-09-25T06:06:24+00:00\" \/>\n<meta property=\"article:modified_time\" content=\"2019-09-25T06:09:53+00:00\" \/>\n<meta property=\"og:image\" content=\"https:\/\/blogg.svenskakyrkan.se\/horrugud\/files\/2019\/09\/312E9900-F88B-406D-9A06-144281AB07A1.jpeg\" \/>\n\t<meta property=\"og:image:width\" content=\"1898\" \/>\n\t<meta property=\"og:image:height\" content=\"1446\" \/>\n\t<meta property=\"og:image:type\" content=\"image\/jpeg\" \/>\n<meta name=\"author\" content=\"Charlotte Frycklund, pr\u00e4st\" \/>\n<meta name=\"twitter:card\" content=\"summary_large_image\" \/>\n<meta name=\"twitter:label1\" content=\"Skriven av\" \/>\n\t<meta name=\"twitter:data1\" content=\"Charlotte Frycklund, pr\u00e4st\" \/>\n\t<meta name=\"twitter:label2\" content=\"Ber\u00e4knad l\u00e4stid\" \/>\n\t<meta name=\"twitter:data2\" content=\"4 minuter\" \/>\n<script type=\"application\/ld+json\" class=\"yoast-schema-graph\">{\"@context\":\"https:\/\/schema.org\",\"@graph\":[{\"@type\":\"Article\",\"@id\":\"https:\/\/blogg.svenskakyrkan.se\/horrugud\/2019\/09\/25\/en-slags-resignerad-vila\/#article\",\"isPartOf\":{\"@id\":\"https:\/\/blogg.svenskakyrkan.se\/horrugud\/2019\/09\/25\/en-slags-resignerad-vila\/\"},\"author\":{\"name\":\"Charlotte Frycklund, pr\u00e4st\",\"@id\":\"https:\/\/blogg.svenskakyrkan.se\/horrugud\/#\/schema\/person\/595d75da5bf93cf9ca814c398b63ed6d\"},\"headline\":\"En slags resignerad vila\",\"datePublished\":\"2019-09-25T06:06:24+00:00\",\"dateModified\":\"2019-09-25T06:09:53+00:00\",\"mainEntityOfPage\":{\"@id\":\"https:\/\/blogg.svenskakyrkan.se\/horrugud\/2019\/09\/25\/en-slags-resignerad-vila\/\"},\"wordCount\":729,\"commentCount\":0,\"image\":{\"@id\":\"https:\/\/blogg.svenskakyrkan.se\/horrugud\/2019\/09\/25\/en-slags-resignerad-vila\/#primaryimage\"},\"thumbnailUrl\":\"https:\/\/blogg.svenskakyrkan.se\/horrugud\/files\/2019\/09\/312E9900-F88B-406D-9A06-144281AB07A1.jpeg\",\"inLanguage\":\"sv-SE\",\"potentialAction\":[{\"@type\":\"CommentAction\",\"name\":\"Comment\",\"target\":[\"https:\/\/blogg.svenskakyrkan.se\/horrugud\/2019\/09\/25\/en-slags-resignerad-vila\/#respond\"]}]},{\"@type\":\"WebPage\",\"@id\":\"https:\/\/blogg.svenskakyrkan.se\/horrugud\/2019\/09\/25\/en-slags-resignerad-vila\/\",\"url\":\"https:\/\/blogg.svenskakyrkan.se\/horrugud\/2019\/09\/25\/en-slags-resignerad-vila\/\",\"name\":\"En slags resignerad vila - H\u00f6rru Gud\",\"isPartOf\":{\"@id\":\"https:\/\/blogg.svenskakyrkan.se\/horrugud\/#website\"},\"primaryImageOfPage\":{\"@id\":\"https:\/\/blogg.svenskakyrkan.se\/horrugud\/2019\/09\/25\/en-slags-resignerad-vila\/#primaryimage\"},\"image\":{\"@id\":\"https:\/\/blogg.svenskakyrkan.se\/horrugud\/2019\/09\/25\/en-slags-resignerad-vila\/#primaryimage\"},\"thumbnailUrl\":\"https:\/\/blogg.svenskakyrkan.se\/horrugud\/files\/2019\/09\/312E9900-F88B-406D-9A06-144281AB07A1.jpeg\",\"datePublished\":\"2019-09-25T06:06:24+00:00\",\"dateModified\":\"2019-09-25T06:09:53+00:00\",\"author\":{\"@id\":\"https:\/\/blogg.svenskakyrkan.se\/horrugud\/#\/schema\/person\/595d75da5bf93cf9ca814c398b63ed6d\"},\"breadcrumb\":{\"@id\":\"https:\/\/blogg.svenskakyrkan.se\/horrugud\/2019\/09\/25\/en-slags-resignerad-vila\/#breadcrumb\"},\"inLanguage\":\"sv-SE\",\"potentialAction\":[{\"@type\":\"ReadAction\",\"target\":[\"https:\/\/blogg.svenskakyrkan.se\/horrugud\/2019\/09\/25\/en-slags-resignerad-vila\/\"]}]},{\"@type\":\"ImageObject\",\"inLanguage\":\"sv-SE\",\"@id\":\"https:\/\/blogg.svenskakyrkan.se\/horrugud\/2019\/09\/25\/en-slags-resignerad-vila\/#primaryimage\",\"url\":\"https:\/\/blogg.svenskakyrkan.se\/horrugud\/files\/2019\/09\/312E9900-F88B-406D-9A06-144281AB07A1.jpeg\",\"contentUrl\":\"https:\/\/blogg.svenskakyrkan.se\/horrugud\/files\/2019\/09\/312E9900-F88B-406D-9A06-144281AB07A1.jpeg\",\"width\":1898,\"height\":1446},{\"@type\":\"BreadcrumbList\",\"@id\":\"https:\/\/blogg.svenskakyrkan.se\/horrugud\/2019\/09\/25\/en-slags-resignerad-vila\/#breadcrumb\",\"itemListElement\":[{\"@type\":\"ListItem\",\"position\":1,\"name\":\"Hem\",\"item\":\"https:\/\/blogg.svenskakyrkan.se\/horrugud\/\"},{\"@type\":\"ListItem\",\"position\":2,\"name\":\"En slags resignerad vila\"}]},{\"@type\":\"WebSite\",\"@id\":\"https:\/\/blogg.svenskakyrkan.se\/horrugud\/#website\",\"url\":\"https:\/\/blogg.svenskakyrkan.se\/horrugud\/\",\"name\":\"H\u00f6rru Gud\",\"description\":\"Hypotetiska samtal med v\u00e5r Herre\",\"potentialAction\":[{\"@type\":\"SearchAction\",\"target\":{\"@type\":\"EntryPoint\",\"urlTemplate\":\"https:\/\/blogg.svenskakyrkan.se\/horrugud\/?s={search_term_string}\"},\"query-input\":{\"@type\":\"PropertyValueSpecification\",\"valueRequired\":true,\"valueName\":\"search_term_string\"}}],\"inLanguage\":\"sv-SE\"},{\"@type\":\"Person\",\"@id\":\"https:\/\/blogg.svenskakyrkan.se\/horrugud\/#\/schema\/person\/595d75da5bf93cf9ca814c398b63ed6d\",\"name\":\"Charlotte Frycklund, pr\u00e4st\",\"image\":{\"@type\":\"ImageObject\",\"inLanguage\":\"sv-SE\",\"@id\":\"https:\/\/blogg.svenskakyrkan.se\/horrugud\/#\/schema\/person\/image\/\",\"url\":\"https:\/\/secure.gravatar.com\/avatar\/10f37b82bf44def60f716a446302420cc1eb214cca306b573a488614ab47ee87?s=96&d=mm&r=g\",\"contentUrl\":\"https:\/\/secure.gravatar.com\/avatar\/10f37b82bf44def60f716a446302420cc1eb214cca306b573a488614ab47ee87?s=96&d=mm&r=g\",\"caption\":\"Charlotte Frycklund, pr\u00e4st\"},\"url\":\"https:\/\/blogg.svenskakyrkan.se\/horrugud\/author\/charlottefrycklund\/\"}]}<\/script>\n<!-- \/ Yoast SEO plugin. -->","yoast_head_json":{"title":"En slags resignerad vila - H\u00f6rru Gud","robots":{"index":"index","follow":"follow","max-snippet":"max-snippet:-1","max-image-preview":"max-image-preview:large","max-video-preview":"max-video-preview:-1"},"canonical":"https:\/\/blogg.svenskakyrkan.se\/horrugud\/2019\/09\/25\/en-slags-resignerad-vila\/","og_locale":"sv_SE","og_type":"article","og_title":"En slags resignerad vila - H\u00f6rru Gud","og_description":"&nbsp; Gud: Och sedan ville jag tala med dig om &#8211; Jag: Jaja Gud. Men ass\u00e5, en verkligt viktig sak som jag m\u00e5ste s\u00e4ga. Gud: Mm. Jag: Allts\u00e5 sinnesrob\u00f6nen. Gud: Ja. Jag: T\u00e4nk p\u00e5 den. Gud: Jag t\u00e4nker p\u00e5 den nu. Jag: Jag fattar inte den. Gud: Well, color me surprised. Jag: \u201dColor me surprised\u201d? [&hellip;]","og_url":"https:\/\/blogg.svenskakyrkan.se\/horrugud\/2019\/09\/25\/en-slags-resignerad-vila\/","og_site_name":"H\u00f6rru Gud","article_published_time":"2019-09-25T06:06:24+00:00","article_modified_time":"2019-09-25T06:09:53+00:00","og_image":[{"width":1898,"height":1446,"url":"https:\/\/blogg.svenskakyrkan.se\/horrugud\/files\/2019\/09\/312E9900-F88B-406D-9A06-144281AB07A1.jpeg","type":"image\/jpeg"}],"author":"Charlotte Frycklund, pr\u00e4st","twitter_card":"summary_large_image","twitter_misc":{"Skriven av":"Charlotte Frycklund, pr\u00e4st","Ber\u00e4knad l\u00e4stid":"4 minuter"},"schema":{"@context":"https:\/\/schema.org","@graph":[{"@type":"Article","@id":"https:\/\/blogg.svenskakyrkan.se\/horrugud\/2019\/09\/25\/en-slags-resignerad-vila\/#article","isPartOf":{"@id":"https:\/\/blogg.svenskakyrkan.se\/horrugud\/2019\/09\/25\/en-slags-resignerad-vila\/"},"author":{"name":"Charlotte Frycklund, pr\u00e4st","@id":"https:\/\/blogg.svenskakyrkan.se\/horrugud\/#\/schema\/person\/595d75da5bf93cf9ca814c398b63ed6d"},"headline":"En slags resignerad vila","datePublished":"2019-09-25T06:06:24+00:00","dateModified":"2019-09-25T06:09:53+00:00","mainEntityOfPage":{"@id":"https:\/\/blogg.svenskakyrkan.se\/horrugud\/2019\/09\/25\/en-slags-resignerad-vila\/"},"wordCount":729,"commentCount":0,"image":{"@id":"https:\/\/blogg.svenskakyrkan.se\/horrugud\/2019\/09\/25\/en-slags-resignerad-vila\/#primaryimage"},"thumbnailUrl":"https:\/\/blogg.svenskakyrkan.se\/horrugud\/files\/2019\/09\/312E9900-F88B-406D-9A06-144281AB07A1.jpeg","inLanguage":"sv-SE","potentialAction":[{"@type":"CommentAction","name":"Comment","target":["https:\/\/blogg.svenskakyrkan.se\/horrugud\/2019\/09\/25\/en-slags-resignerad-vila\/#respond"]}]},{"@type":"WebPage","@id":"https:\/\/blogg.svenskakyrkan.se\/horrugud\/2019\/09\/25\/en-slags-resignerad-vila\/","url":"https:\/\/blogg.svenskakyrkan.se\/horrugud\/2019\/09\/25\/en-slags-resignerad-vila\/","name":"En slags resignerad vila - H\u00f6rru Gud","isPartOf":{"@id":"https:\/\/blogg.svenskakyrkan.se\/horrugud\/#website"},"primaryImageOfPage":{"@id":"https:\/\/blogg.svenskakyrkan.se\/horrugud\/2019\/09\/25\/en-slags-resignerad-vila\/#primaryimage"},"image":{"@id":"https:\/\/blogg.svenskakyrkan.se\/horrugud\/2019\/09\/25\/en-slags-resignerad-vila\/#primaryimage"},"thumbnailUrl":"https:\/\/blogg.svenskakyrkan.se\/horrugud\/files\/2019\/09\/312E9900-F88B-406D-9A06-144281AB07A1.jpeg","datePublished":"2019-09-25T06:06:24+00:00","dateModified":"2019-09-25T06:09:53+00:00","author":{"@id":"https:\/\/blogg.svenskakyrkan.se\/horrugud\/#\/schema\/person\/595d75da5bf93cf9ca814c398b63ed6d"},"breadcrumb":{"@id":"https:\/\/blogg.svenskakyrkan.se\/horrugud\/2019\/09\/25\/en-slags-resignerad-vila\/#breadcrumb"},"inLanguage":"sv-SE","potentialAction":[{"@type":"ReadAction","target":["https:\/\/blogg.svenskakyrkan.se\/horrugud\/2019\/09\/25\/en-slags-resignerad-vila\/"]}]},{"@type":"ImageObject","inLanguage":"sv-SE","@id":"https:\/\/blogg.svenskakyrkan.se\/horrugud\/2019\/09\/25\/en-slags-resignerad-vila\/#primaryimage","url":"https:\/\/blogg.svenskakyrkan.se\/horrugud\/files\/2019\/09\/312E9900-F88B-406D-9A06-144281AB07A1.jpeg","contentUrl":"https:\/\/blogg.svenskakyrkan.se\/horrugud\/files\/2019\/09\/312E9900-F88B-406D-9A06-144281AB07A1.jpeg","width":1898,"height":1446},{"@type":"BreadcrumbList","@id":"https:\/\/blogg.svenskakyrkan.se\/horrugud\/2019\/09\/25\/en-slags-resignerad-vila\/#breadcrumb","itemListElement":[{"@type":"ListItem","position":1,"name":"Hem","item":"https:\/\/blogg.svenskakyrkan.se\/horrugud\/"},{"@type":"ListItem","position":2,"name":"En slags resignerad vila"}]},{"@type":"WebSite","@id":"https:\/\/blogg.svenskakyrkan.se\/horrugud\/#website","url":"https:\/\/blogg.svenskakyrkan.se\/horrugud\/","name":"H\u00f6rru Gud","description":"Hypotetiska samtal med v\u00e5r Herre","potentialAction":[{"@type":"SearchAction","target":{"@type":"EntryPoint","urlTemplate":"https:\/\/blogg.svenskakyrkan.se\/horrugud\/?s={search_term_string}"},"query-input":{"@type":"PropertyValueSpecification","valueRequired":true,"valueName":"search_term_string"}}],"inLanguage":"sv-SE"},{"@type":"Person","@id":"https:\/\/blogg.svenskakyrkan.se\/horrugud\/#\/schema\/person\/595d75da5bf93cf9ca814c398b63ed6d","name":"Charlotte Frycklund, pr\u00e4st","image":{"@type":"ImageObject","inLanguage":"sv-SE","@id":"https:\/\/blogg.svenskakyrkan.se\/horrugud\/#\/schema\/person\/image\/","url":"https:\/\/secure.gravatar.com\/avatar\/10f37b82bf44def60f716a446302420cc1eb214cca306b573a488614ab47ee87?s=96&d=mm&r=g","contentUrl":"https:\/\/secure.gravatar.com\/avatar\/10f37b82bf44def60f716a446302420cc1eb214cca306b573a488614ab47ee87?s=96&d=mm&r=g","caption":"Charlotte Frycklund, pr\u00e4st"},"url":"https:\/\/blogg.svenskakyrkan.se\/horrugud\/author\/charlottefrycklund\/"}]}},"author_meta":{"ID":"569","user_nicename":"charlottefrycklund","user_registered":"2016-05-24 11:46:19","display_name":"Charlotte Frycklund, pr\u00e4st","first_name":"Charlotte","last_name":"Frycklund, pr\u00e4st","avatar":"https:\/\/secure.gravatar.com\/avatar\/10f37b82bf44def60f716a446302420cc1eb214cca306b573a488614ab47ee87?s=96&d=mm&r=g"},"featured_image":["https:\/\/blogg.svenskakyrkan.se\/horrugud\/files\/2019\/09\/312E9900-F88B-406D-9A06-144281AB07A1-1024x780.jpeg",1024,780,true],"bloginfo":{"name":"H\u00f6rru Gud","url":"https:\/\/blogg.svenskakyrkan.se\/horrugud"},"_links":{"self":[{"href":"https:\/\/blogg.svenskakyrkan.se\/horrugud\/wp-json\/wp\/v2\/posts\/306","targetHints":{"allow":["GET"]}}],"collection":[{"href":"https:\/\/blogg.svenskakyrkan.se\/horrugud\/wp-json\/wp\/v2\/posts"}],"about":[{"href":"https:\/\/blogg.svenskakyrkan.se\/horrugud\/wp-json\/wp\/v2\/types\/post"}],"author":[{"embeddable":true,"href":"https:\/\/blogg.svenskakyrkan.se\/horrugud\/wp-json\/wp\/v2\/users\/569"}],"replies":[{"embeddable":true,"href":"https:\/\/blogg.svenskakyrkan.se\/horrugud\/wp-json\/wp\/v2\/comments?post=306"}],"version-history":[{"count":2,"href":"https:\/\/blogg.svenskakyrkan.se\/horrugud\/wp-json\/wp\/v2\/posts\/306\/revisions"}],"predecessor-version":[{"id":310,"href":"https:\/\/blogg.svenskakyrkan.se\/horrugud\/wp-json\/wp\/v2\/posts\/306\/revisions\/310"}],"wp:featuredmedia":[{"embeddable":true,"href":"https:\/\/blogg.svenskakyrkan.se\/horrugud\/wp-json\/wp\/v2\/media\/307"}],"wp:attachment":[{"href":"https:\/\/blogg.svenskakyrkan.se\/horrugud\/wp-json\/wp\/v2\/media?parent=306"}],"wp:term":[{"taxonomy":"category","embeddable":true,"href":"https:\/\/blogg.svenskakyrkan.se\/horrugud\/wp-json\/wp\/v2\/categories?post=306"},{"taxonomy":"post_tag","embeddable":true,"href":"https:\/\/blogg.svenskakyrkan.se\/horrugud\/wp-json\/wp\/v2\/tags?post=306"}],"curies":[{"name":"wp","href":"https:\/\/api.w.org\/{rel}","templated":true}]}}