{"id":316,"date":"2021-02-21T19:39:06","date_gmt":"2021-02-21T18:39:06","guid":{"rendered":"http:\/\/blogg.svenskakyrkan.se\/horrugud\/?p=316"},"modified":"2021-02-21T19:39:07","modified_gmt":"2021-02-21T18:39:07","slug":"fiona-fran-shrek-och-sola-gratiae","status":"publish","type":"post","link":"https:\/\/blogg.svenskakyrkan.se\/horrugud\/2021\/02\/21\/fiona-fran-shrek-och-sola-gratiae\/","title":{"rendered":"Fiona fr\u00e5n Shrek och &#8221;sola gratiae&#8221;"},"content":{"rendered":"\n<figure class=\"wp-block-image size-large\"><img loading=\"lazy\" decoding=\"async\" width=\"664\" height=\"872\" src=\"https:\/\/blogg.svenskakyrkan.se\/horrugud\/files\/2021\/02\/fiona.jpg\" alt=\"\" class=\"wp-image-319\" srcset=\"https:\/\/blogg.svenskakyrkan.se\/horrugud\/files\/2021\/02\/fiona.jpg 664w, https:\/\/blogg.svenskakyrkan.se\/horrugud\/files\/2021\/02\/fiona-228x300.jpg 228w\" sizes=\"auto, (max-width: 664px) 100vw, 664px\" \/><\/figure>\n\n\n\n<p>En g\u00e5ng ska jag g\u00e5 ut och g\u00e5 \u00f6ver Guds himmelska vidder tillsammans med Fiona fr\u00e5n Shrek-filmerna, f\u00f6r jag tror att hon och jag skulle kunna ha en hel del att prata om. <br>jag: S\u00e5 du \u00e4r allts\u00e5 k\u00e4nd f\u00f6r att du var en f\u00f6rtrollad prinsessa, m\u00e4nniska p\u00e5 dagen och tr\u00e4sktroll p\u00e5 natten, och satt inst\u00e4ngd i ett slott och skulle r\u00e4ddas av k\u00e4rlekens \u00e4kta kyss. <br>Fiona: R\u00e4ddas av en riddare och f\u00f6rvandlas och befrias av k\u00e4rlekens \u00e4kta kyss, ja.<br>jag: Hur t\u00e4nker du egentligen om den h\u00e4r lutherska trossatsen om r\u00e4tt\u00e4rdigg\u00f6relse av n\u00e5d allena?<br>Fiona: Eh. <br>jag: Jag vet. <br>Fiona: M\u00e5nga v\u00e4ljer att fr\u00e5ga mig om Shrek, eller hur hemsk den onde Farquaad var, eller hur drakar och \u00e5snor kan bli ihop. <br>jag: Men allts\u00e5 inte jag. <br>Fiona: Hm. S\u00e5 en luthersk id\u00e9 allts\u00e5?<br>jag: Japp. <br>Fiona: Kan du f\u00f6rklara den f\u00f6rst?<br>jag: Eh&#8230; \u00f6h&#8230; jag&#8230; trodde du visste.<br>Fiona: Jag kan mer om tr\u00e4sktroll och kampsport och s\u00e5nt.<br>jag: Det betyder v\u00e4l typ att vi inte kan f\u00f6rtj\u00e4na att Gud r\u00e4ddar oss, utan det h\u00e4nder bara genom Guds n\u00e5d. <br>Fiona: Ah. <br>jag: Du \u00e4r med nu va?<br>Fiona: S\u00e5 vi kan inte jobba oss fram till himlen, typ?<br>jag: Typ.<br>Fiona: Men man f\u00e5r sl\u00e5ss ibland, p\u00e5 v\u00e4gen, va?<br>jag: Historien f\u00f6refaller ge dig r\u00e4tt d\u00e4r.<br>Fiona: Jag har inga problem alls med att sl\u00e5ss.<br>jag: OK, men inte med mig va?<br>Fiona: Det beror v\u00e4l lite p\u00e5 vad du har f\u00f6r \u00e5sikter om det d\u00e4r med n\u00e5den allena.<br>jag: S\u00e5 du \u00c4R engagerad i fr\u00e5gan!<br>Fiona: Jag \u00e4r r\u00e4tt s\u00e4ker p\u00e5 att jag vet svaret, helt enkelt. <br>jag: Inte illa. <br>Fiona: Jag \u00e4r v\u00e4ldigt smart. <br>jag: Jag anade det, det var d\u00e4rf\u00f6r jag valde att g\u00e5 \u00f6ver de himmelska vidderna tillsammans med dig. <br>Fiona: Mmm. Du vet att det h\u00e4r samtalet helt och h\u00e5llet sker i din fantasi eller hur?<br>jag: Bara f\u00f6r att det sker i fantasin betyder inte att det inte \u00e4r p\u00e5 riktigt.<br>Fiona: Du citerar helt fel sagoserie d\u00e4r, det vet du va?<br>jag: Jaja. <br>Fiona: Om fr\u00e4lsning genom n\u00e5den allena tror jag s\u00e5 h\u00e4r&#8230;<br>jag: Ja?<br>Fiona: Jag tror att det som r\u00e4ddar oss \u00e4r k\u00e4rleken. Och den accepterar oss som vi \u00e4r. <br>jag: Det l\u00e5ter fint. <br>Fiona: Inte som vi tror att vi borde vara. Utan precis som vi \u00e4r. <br>jag: Det l\u00e5ter trevligt. <br>Fiona: Gift dig med ett tr\u00e4sktroll s\u00e5 f\u00e5r du se. <br>jag: Intressant id\u00e9, men jag r\u00e5kade gifta mig med en sjuksk\u00f6terska ist\u00e4llet. <br>Fiona: Po\u00e4ngen \u00e4r att k\u00e4rlekens \u00e4kta kyss, den som ska g\u00f6ra en vacker f\u00f6r evigt, ocks\u00e5 kan g\u00f6ra en ful f\u00f6r evigt. Men man blir sig sj\u00e4lv. F\u00f6r alltid. <br>jag: Det \u00e4r en bra po\u00e4ng. <br>Fiona: Att man f\u00e5r vara som man \u00e4r, \u00e4ven om det visar sig att man ser ut mer som ett tr\u00e4sktroll \u00e4n, s\u00e4g, Cameron Diaz. <br>jag: S\u00e5 k\u00e4rleken r\u00e4ddar oss, och d\u00e5 beh\u00f6ver vi bara vara oss sj\u00e4lva?<br>Fiona: Ja. <br>jag: F\u00f6r att k\u00e4rleken \u00e4r r\u00e4cker?<br>Fiona: Den r\u00e4cker. <br>jag: Och d\u00e5 beh\u00f6ver man inget mer?<br>Fiona: Allt f\u00e5r plats i k\u00e4rleken. <br>jag: R\u00e4tt fint.<br>Fiona: Tack.<br>jag: Luther sade en massa andra viktiga grejer ocks\u00e5.<br>Fiona: Jag m\u00e5ste nog g\u00e5 hem till mitt tr\u00e4sktroll nu.<br>jag: R\u00e4ddad genom en n\u00f6dl\u00f6gn?<br>Fiona: Och n\u00e5den allena. <br>jag: Just det.<br>#popkulturellaprinsessor<br>#teologiifastan<\/p>\n","protected":false},"excerpt":{"rendered":"<p>En g\u00e5ng ska jag g\u00e5 ut och g\u00e5 \u00f6ver Guds himmelska vidder tillsammans med Fiona fr\u00e5n Shrek-filmerna, f\u00f6r jag tror att hon och jag skulle kunna ha en hel del att prata om. jag: S\u00e5 du \u00e4r allts\u00e5 k\u00e4nd f\u00f6r att du var en f\u00f6rtrollad prinsessa, m\u00e4nniska p\u00e5 dagen och tr\u00e4sktroll p\u00e5 natten, och satt [&hellip;]<\/p>\n","protected":false},"author":569,"featured_media":319,"comment_status":"open","ping_status":"open","sticky":false,"template":"","format":"standard","meta":{"_acf_changed":false,"footnotes":""},"categories":[61608],"tags":[],"class_list":["post-316","post","type-post","status-publish","format-standard","has-post-thumbnail","hentry","category-vandring"],"acf":[],"yoast_head":"<!-- This site is optimized with the Yoast SEO plugin v27.1.1 - https:\/\/yoast.com\/product\/yoast-seo-wordpress\/ -->\n<title>Fiona fr\u00e5n Shrek och &quot;sola gratiae&quot; - H\u00f6rru Gud<\/title>\n<meta name=\"robots\" content=\"index, follow, max-snippet:-1, max-image-preview:large, max-video-preview:-1\" \/>\n<link rel=\"canonical\" href=\"https:\/\/blogg.svenskakyrkan.se\/horrugud\/2021\/02\/21\/fiona-fran-shrek-och-sola-gratiae\/\" \/>\n<meta property=\"og:locale\" content=\"sv_SE\" \/>\n<meta property=\"og:type\" content=\"article\" \/>\n<meta property=\"og:title\" content=\"Fiona fr\u00e5n Shrek och &quot;sola gratiae&quot; - H\u00f6rru Gud\" \/>\n<meta property=\"og:description\" content=\"En g\u00e5ng ska jag g\u00e5 ut och g\u00e5 \u00f6ver Guds himmelska vidder tillsammans med Fiona fr\u00e5n Shrek-filmerna, f\u00f6r jag tror att hon och jag skulle kunna ha en hel del att prata om. jag: S\u00e5 du \u00e4r allts\u00e5 k\u00e4nd f\u00f6r att du var en f\u00f6rtrollad prinsessa, m\u00e4nniska p\u00e5 dagen och tr\u00e4sktroll p\u00e5 natten, och satt [&hellip;]\" \/>\n<meta property=\"og:url\" content=\"https:\/\/blogg.svenskakyrkan.se\/horrugud\/2021\/02\/21\/fiona-fran-shrek-och-sola-gratiae\/\" \/>\n<meta property=\"og:site_name\" content=\"H\u00f6rru Gud\" \/>\n<meta property=\"article:published_time\" content=\"2021-02-21T18:39:06+00:00\" \/>\n<meta property=\"article:modified_time\" content=\"2021-02-21T18:39:07+00:00\" \/>\n<meta property=\"og:image\" content=\"https:\/\/blogg.svenskakyrkan.se\/horrugud\/files\/2021\/02\/fiona.jpg\" \/>\n\t<meta property=\"og:image:width\" content=\"664\" \/>\n\t<meta property=\"og:image:height\" content=\"872\" \/>\n\t<meta property=\"og:image:type\" content=\"image\/jpeg\" \/>\n<meta name=\"author\" content=\"Charlotte Frycklund, pr\u00e4st\" \/>\n<meta name=\"twitter:card\" content=\"summary_large_image\" \/>\n<meta name=\"twitter:label1\" content=\"Skriven av\" \/>\n\t<meta name=\"twitter:data1\" content=\"Charlotte Frycklund, pr\u00e4st\" \/>\n\t<meta name=\"twitter:label2\" content=\"Ber\u00e4knad l\u00e4stid\" \/>\n\t<meta name=\"twitter:data2\" content=\"3 minuter\" \/>\n<script type=\"application\/ld+json\" class=\"yoast-schema-graph\">{\"@context\":\"https:\/\/schema.org\",\"@graph\":[{\"@type\":\"Article\",\"@id\":\"https:\/\/blogg.svenskakyrkan.se\/horrugud\/2021\/02\/21\/fiona-fran-shrek-och-sola-gratiae\/#article\",\"isPartOf\":{\"@id\":\"https:\/\/blogg.svenskakyrkan.se\/horrugud\/2021\/02\/21\/fiona-fran-shrek-och-sola-gratiae\/\"},\"author\":{\"name\":\"Charlotte Frycklund, pr\u00e4st\",\"@id\":\"https:\/\/blogg.svenskakyrkan.se\/horrugud\/#\/schema\/person\/595d75da5bf93cf9ca814c398b63ed6d\"},\"headline\":\"Fiona fr\u00e5n Shrek och &#8221;sola gratiae&#8221;\",\"datePublished\":\"2021-02-21T18:39:06+00:00\",\"dateModified\":\"2021-02-21T18:39:07+00:00\",\"mainEntityOfPage\":{\"@id\":\"https:\/\/blogg.svenskakyrkan.se\/horrugud\/2021\/02\/21\/fiona-fran-shrek-och-sola-gratiae\/\"},\"wordCount\":653,\"commentCount\":0,\"image\":{\"@id\":\"https:\/\/blogg.svenskakyrkan.se\/horrugud\/2021\/02\/21\/fiona-fran-shrek-och-sola-gratiae\/#primaryimage\"},\"thumbnailUrl\":\"https:\/\/blogg.svenskakyrkan.se\/horrugud\/files\/2021\/02\/fiona.jpg\",\"articleSection\":[\"Vandring\"],\"inLanguage\":\"sv-SE\",\"potentialAction\":[{\"@type\":\"CommentAction\",\"name\":\"Comment\",\"target\":[\"https:\/\/blogg.svenskakyrkan.se\/horrugud\/2021\/02\/21\/fiona-fran-shrek-och-sola-gratiae\/#respond\"]}]},{\"@type\":\"WebPage\",\"@id\":\"https:\/\/blogg.svenskakyrkan.se\/horrugud\/2021\/02\/21\/fiona-fran-shrek-och-sola-gratiae\/\",\"url\":\"https:\/\/blogg.svenskakyrkan.se\/horrugud\/2021\/02\/21\/fiona-fran-shrek-och-sola-gratiae\/\",\"name\":\"Fiona fr\u00e5n Shrek och \\\"sola gratiae\\\" - H\u00f6rru Gud\",\"isPartOf\":{\"@id\":\"https:\/\/blogg.svenskakyrkan.se\/horrugud\/#website\"},\"primaryImageOfPage\":{\"@id\":\"https:\/\/blogg.svenskakyrkan.se\/horrugud\/2021\/02\/21\/fiona-fran-shrek-och-sola-gratiae\/#primaryimage\"},\"image\":{\"@id\":\"https:\/\/blogg.svenskakyrkan.se\/horrugud\/2021\/02\/21\/fiona-fran-shrek-och-sola-gratiae\/#primaryimage\"},\"thumbnailUrl\":\"https:\/\/blogg.svenskakyrkan.se\/horrugud\/files\/2021\/02\/fiona.jpg\",\"datePublished\":\"2021-02-21T18:39:06+00:00\",\"dateModified\":\"2021-02-21T18:39:07+00:00\",\"author\":{\"@id\":\"https:\/\/blogg.svenskakyrkan.se\/horrugud\/#\/schema\/person\/595d75da5bf93cf9ca814c398b63ed6d\"},\"breadcrumb\":{\"@id\":\"https:\/\/blogg.svenskakyrkan.se\/horrugud\/2021\/02\/21\/fiona-fran-shrek-och-sola-gratiae\/#breadcrumb\"},\"inLanguage\":\"sv-SE\",\"potentialAction\":[{\"@type\":\"ReadAction\",\"target\":[\"https:\/\/blogg.svenskakyrkan.se\/horrugud\/2021\/02\/21\/fiona-fran-shrek-och-sola-gratiae\/\"]}]},{\"@type\":\"ImageObject\",\"inLanguage\":\"sv-SE\",\"@id\":\"https:\/\/blogg.svenskakyrkan.se\/horrugud\/2021\/02\/21\/fiona-fran-shrek-och-sola-gratiae\/#primaryimage\",\"url\":\"https:\/\/blogg.svenskakyrkan.se\/horrugud\/files\/2021\/02\/fiona.jpg\",\"contentUrl\":\"https:\/\/blogg.svenskakyrkan.se\/horrugud\/files\/2021\/02\/fiona.jpg\",\"width\":664,\"height\":872},{\"@type\":\"BreadcrumbList\",\"@id\":\"https:\/\/blogg.svenskakyrkan.se\/horrugud\/2021\/02\/21\/fiona-fran-shrek-och-sola-gratiae\/#breadcrumb\",\"itemListElement\":[{\"@type\":\"ListItem\",\"position\":1,\"name\":\"Hem\",\"item\":\"https:\/\/blogg.svenskakyrkan.se\/horrugud\/\"},{\"@type\":\"ListItem\",\"position\":2,\"name\":\"Fiona fr\u00e5n Shrek och &#8221;sola gratiae&#8221;\"}]},{\"@type\":\"WebSite\",\"@id\":\"https:\/\/blogg.svenskakyrkan.se\/horrugud\/#website\",\"url\":\"https:\/\/blogg.svenskakyrkan.se\/horrugud\/\",\"name\":\"H\u00f6rru Gud\",\"description\":\"Hypotetiska samtal med v\u00e5r Herre\",\"potentialAction\":[{\"@type\":\"SearchAction\",\"target\":{\"@type\":\"EntryPoint\",\"urlTemplate\":\"https:\/\/blogg.svenskakyrkan.se\/horrugud\/?s={search_term_string}\"},\"query-input\":{\"@type\":\"PropertyValueSpecification\",\"valueRequired\":true,\"valueName\":\"search_term_string\"}}],\"inLanguage\":\"sv-SE\"},{\"@type\":\"Person\",\"@id\":\"https:\/\/blogg.svenskakyrkan.se\/horrugud\/#\/schema\/person\/595d75da5bf93cf9ca814c398b63ed6d\",\"name\":\"Charlotte Frycklund, pr\u00e4st\",\"image\":{\"@type\":\"ImageObject\",\"inLanguage\":\"sv-SE\",\"@id\":\"https:\/\/blogg.svenskakyrkan.se\/horrugud\/#\/schema\/person\/image\/\",\"url\":\"https:\/\/secure.gravatar.com\/avatar\/10f37b82bf44def60f716a446302420cc1eb214cca306b573a488614ab47ee87?s=96&d=mm&r=g\",\"contentUrl\":\"https:\/\/secure.gravatar.com\/avatar\/10f37b82bf44def60f716a446302420cc1eb214cca306b573a488614ab47ee87?s=96&d=mm&r=g\",\"caption\":\"Charlotte Frycklund, pr\u00e4st\"},\"url\":\"https:\/\/blogg.svenskakyrkan.se\/horrugud\/author\/charlottefrycklund\/\"}]}<\/script>\n<!-- \/ Yoast SEO plugin. -->","yoast_head_json":{"title":"Fiona fr\u00e5n Shrek och \"sola gratiae\" - H\u00f6rru Gud","robots":{"index":"index","follow":"follow","max-snippet":"max-snippet:-1","max-image-preview":"max-image-preview:large","max-video-preview":"max-video-preview:-1"},"canonical":"https:\/\/blogg.svenskakyrkan.se\/horrugud\/2021\/02\/21\/fiona-fran-shrek-och-sola-gratiae\/","og_locale":"sv_SE","og_type":"article","og_title":"Fiona fr\u00e5n Shrek och \"sola gratiae\" - H\u00f6rru Gud","og_description":"En g\u00e5ng ska jag g\u00e5 ut och g\u00e5 \u00f6ver Guds himmelska vidder tillsammans med Fiona fr\u00e5n Shrek-filmerna, f\u00f6r jag tror att hon och jag skulle kunna ha en hel del att prata om. jag: S\u00e5 du \u00e4r allts\u00e5 k\u00e4nd f\u00f6r att du var en f\u00f6rtrollad prinsessa, m\u00e4nniska p\u00e5 dagen och tr\u00e4sktroll p\u00e5 natten, och satt [&hellip;]","og_url":"https:\/\/blogg.svenskakyrkan.se\/horrugud\/2021\/02\/21\/fiona-fran-shrek-och-sola-gratiae\/","og_site_name":"H\u00f6rru Gud","article_published_time":"2021-02-21T18:39:06+00:00","article_modified_time":"2021-02-21T18:39:07+00:00","og_image":[{"width":664,"height":872,"url":"https:\/\/blogg.svenskakyrkan.se\/horrugud\/files\/2021\/02\/fiona.jpg","type":"image\/jpeg"}],"author":"Charlotte Frycklund, pr\u00e4st","twitter_card":"summary_large_image","twitter_misc":{"Skriven av":"Charlotte Frycklund, pr\u00e4st","Ber\u00e4knad l\u00e4stid":"3 minuter"},"schema":{"@context":"https:\/\/schema.org","@graph":[{"@type":"Article","@id":"https:\/\/blogg.svenskakyrkan.se\/horrugud\/2021\/02\/21\/fiona-fran-shrek-och-sola-gratiae\/#article","isPartOf":{"@id":"https:\/\/blogg.svenskakyrkan.se\/horrugud\/2021\/02\/21\/fiona-fran-shrek-och-sola-gratiae\/"},"author":{"name":"Charlotte Frycklund, pr\u00e4st","@id":"https:\/\/blogg.svenskakyrkan.se\/horrugud\/#\/schema\/person\/595d75da5bf93cf9ca814c398b63ed6d"},"headline":"Fiona fr\u00e5n Shrek och &#8221;sola gratiae&#8221;","datePublished":"2021-02-21T18:39:06+00:00","dateModified":"2021-02-21T18:39:07+00:00","mainEntityOfPage":{"@id":"https:\/\/blogg.svenskakyrkan.se\/horrugud\/2021\/02\/21\/fiona-fran-shrek-och-sola-gratiae\/"},"wordCount":653,"commentCount":0,"image":{"@id":"https:\/\/blogg.svenskakyrkan.se\/horrugud\/2021\/02\/21\/fiona-fran-shrek-och-sola-gratiae\/#primaryimage"},"thumbnailUrl":"https:\/\/blogg.svenskakyrkan.se\/horrugud\/files\/2021\/02\/fiona.jpg","articleSection":["Vandring"],"inLanguage":"sv-SE","potentialAction":[{"@type":"CommentAction","name":"Comment","target":["https:\/\/blogg.svenskakyrkan.se\/horrugud\/2021\/02\/21\/fiona-fran-shrek-och-sola-gratiae\/#respond"]}]},{"@type":"WebPage","@id":"https:\/\/blogg.svenskakyrkan.se\/horrugud\/2021\/02\/21\/fiona-fran-shrek-och-sola-gratiae\/","url":"https:\/\/blogg.svenskakyrkan.se\/horrugud\/2021\/02\/21\/fiona-fran-shrek-och-sola-gratiae\/","name":"Fiona fr\u00e5n Shrek och \"sola gratiae\" - H\u00f6rru Gud","isPartOf":{"@id":"https:\/\/blogg.svenskakyrkan.se\/horrugud\/#website"},"primaryImageOfPage":{"@id":"https:\/\/blogg.svenskakyrkan.se\/horrugud\/2021\/02\/21\/fiona-fran-shrek-och-sola-gratiae\/#primaryimage"},"image":{"@id":"https:\/\/blogg.svenskakyrkan.se\/horrugud\/2021\/02\/21\/fiona-fran-shrek-och-sola-gratiae\/#primaryimage"},"thumbnailUrl":"https:\/\/blogg.svenskakyrkan.se\/horrugud\/files\/2021\/02\/fiona.jpg","datePublished":"2021-02-21T18:39:06+00:00","dateModified":"2021-02-21T18:39:07+00:00","author":{"@id":"https:\/\/blogg.svenskakyrkan.se\/horrugud\/#\/schema\/person\/595d75da5bf93cf9ca814c398b63ed6d"},"breadcrumb":{"@id":"https:\/\/blogg.svenskakyrkan.se\/horrugud\/2021\/02\/21\/fiona-fran-shrek-och-sola-gratiae\/#breadcrumb"},"inLanguage":"sv-SE","potentialAction":[{"@type":"ReadAction","target":["https:\/\/blogg.svenskakyrkan.se\/horrugud\/2021\/02\/21\/fiona-fran-shrek-och-sola-gratiae\/"]}]},{"@type":"ImageObject","inLanguage":"sv-SE","@id":"https:\/\/blogg.svenskakyrkan.se\/horrugud\/2021\/02\/21\/fiona-fran-shrek-och-sola-gratiae\/#primaryimage","url":"https:\/\/blogg.svenskakyrkan.se\/horrugud\/files\/2021\/02\/fiona.jpg","contentUrl":"https:\/\/blogg.svenskakyrkan.se\/horrugud\/files\/2021\/02\/fiona.jpg","width":664,"height":872},{"@type":"BreadcrumbList","@id":"https:\/\/blogg.svenskakyrkan.se\/horrugud\/2021\/02\/21\/fiona-fran-shrek-och-sola-gratiae\/#breadcrumb","itemListElement":[{"@type":"ListItem","position":1,"name":"Hem","item":"https:\/\/blogg.svenskakyrkan.se\/horrugud\/"},{"@type":"ListItem","position":2,"name":"Fiona fr\u00e5n Shrek och &#8221;sola gratiae&#8221;"}]},{"@type":"WebSite","@id":"https:\/\/blogg.svenskakyrkan.se\/horrugud\/#website","url":"https:\/\/blogg.svenskakyrkan.se\/horrugud\/","name":"H\u00f6rru Gud","description":"Hypotetiska samtal med v\u00e5r Herre","potentialAction":[{"@type":"SearchAction","target":{"@type":"EntryPoint","urlTemplate":"https:\/\/blogg.svenskakyrkan.se\/horrugud\/?s={search_term_string}"},"query-input":{"@type":"PropertyValueSpecification","valueRequired":true,"valueName":"search_term_string"}}],"inLanguage":"sv-SE"},{"@type":"Person","@id":"https:\/\/blogg.svenskakyrkan.se\/horrugud\/#\/schema\/person\/595d75da5bf93cf9ca814c398b63ed6d","name":"Charlotte Frycklund, pr\u00e4st","image":{"@type":"ImageObject","inLanguage":"sv-SE","@id":"https:\/\/blogg.svenskakyrkan.se\/horrugud\/#\/schema\/person\/image\/","url":"https:\/\/secure.gravatar.com\/avatar\/10f37b82bf44def60f716a446302420cc1eb214cca306b573a488614ab47ee87?s=96&d=mm&r=g","contentUrl":"https:\/\/secure.gravatar.com\/avatar\/10f37b82bf44def60f716a446302420cc1eb214cca306b573a488614ab47ee87?s=96&d=mm&r=g","caption":"Charlotte Frycklund, pr\u00e4st"},"url":"https:\/\/blogg.svenskakyrkan.se\/horrugud\/author\/charlottefrycklund\/"}]}},"author_meta":{"ID":"569","user_nicename":"charlottefrycklund","user_registered":"2016-05-24 11:46:19","display_name":"Charlotte Frycklund, pr\u00e4st","first_name":"Charlotte","last_name":"Frycklund, pr\u00e4st","avatar":"https:\/\/secure.gravatar.com\/avatar\/10f37b82bf44def60f716a446302420cc1eb214cca306b573a488614ab47ee87?s=96&d=mm&r=g"},"featured_image":["https:\/\/blogg.svenskakyrkan.se\/horrugud\/files\/2021\/02\/fiona.jpg",664,872,false],"bloginfo":{"name":"H\u00f6rru Gud","url":"https:\/\/blogg.svenskakyrkan.se\/horrugud"},"_links":{"self":[{"href":"https:\/\/blogg.svenskakyrkan.se\/horrugud\/wp-json\/wp\/v2\/posts\/316","targetHints":{"allow":["GET"]}}],"collection":[{"href":"https:\/\/blogg.svenskakyrkan.se\/horrugud\/wp-json\/wp\/v2\/posts"}],"about":[{"href":"https:\/\/blogg.svenskakyrkan.se\/horrugud\/wp-json\/wp\/v2\/types\/post"}],"author":[{"embeddable":true,"href":"https:\/\/blogg.svenskakyrkan.se\/horrugud\/wp-json\/wp\/v2\/users\/569"}],"replies":[{"embeddable":true,"href":"https:\/\/blogg.svenskakyrkan.se\/horrugud\/wp-json\/wp\/v2\/comments?post=316"}],"version-history":[{"count":2,"href":"https:\/\/blogg.svenskakyrkan.se\/horrugud\/wp-json\/wp\/v2\/posts\/316\/revisions"}],"predecessor-version":[{"id":320,"href":"https:\/\/blogg.svenskakyrkan.se\/horrugud\/wp-json\/wp\/v2\/posts\/316\/revisions\/320"}],"wp:featuredmedia":[{"embeddable":true,"href":"https:\/\/blogg.svenskakyrkan.se\/horrugud\/wp-json\/wp\/v2\/media\/319"}],"wp:attachment":[{"href":"https:\/\/blogg.svenskakyrkan.se\/horrugud\/wp-json\/wp\/v2\/media?parent=316"}],"wp:term":[{"taxonomy":"category","embeddable":true,"href":"https:\/\/blogg.svenskakyrkan.se\/horrugud\/wp-json\/wp\/v2\/categories?post=316"},{"taxonomy":"post_tag","embeddable":true,"href":"https:\/\/blogg.svenskakyrkan.se\/horrugud\/wp-json\/wp\/v2\/tags?post=316"}],"curies":[{"name":"wp","href":"https:\/\/api.w.org\/{rel}","templated":true}]}}