{"id":324,"date":"2021-02-21T21:53:00","date_gmt":"2021-02-21T20:53:00","guid":{"rendered":"http:\/\/blogg.svenskakyrkan.se\/horrugud\/?p=324"},"modified":"2021-02-21T19:55:40","modified_gmt":"2021-02-21T18:55:40","slug":"snovit-feminism-och-vem-som-ar-bibeln","status":"publish","type":"post","link":"https:\/\/blogg.svenskakyrkan.se\/horrugud\/2021\/02\/21\/snovit-feminism-och-vem-som-ar-bibeln\/","title":{"rendered":"Sn\u00f6vit, feminism och vem som \u00e4r Bibeln"},"content":{"rendered":"\n\n\n<figure class=\"wp-block-image size-large\"><img loading=\"lazy\" decoding=\"async\" width=\"528\" height=\"782\" src=\"https:\/\/blogg.svenskakyrkan.se\/horrugud\/files\/2021\/02\/sn\u00f6vit.jpg\" alt=\"\" class=\"wp-image-325\" srcset=\"https:\/\/blogg.svenskakyrkan.se\/horrugud\/files\/2021\/02\/sn\u00f6vit.jpg 528w, https:\/\/blogg.svenskakyrkan.se\/horrugud\/files\/2021\/02\/sn\u00f6vit-203x300.jpg 203w\" sizes=\"auto, (max-width: 528px) 100vw, 528px\" \/><\/figure>\n\n\n\n<p>En g\u00e5ng ska jag g\u00e5 ut och g\u00e5 \u00f6ver de himmelska vidderna med Sn\u00f6vit, f\u00f6r att hon verkligen beh\u00f6ver mig i sitt liv.<br>jag: S\u00e5 du \u00e4r k\u00e4nd f\u00f6r att du var f\u00f6r vacker f\u00f6r ditt eget b\u00e4sta, s\u00e5 din elaka styvmor ville hugga ut ditt hj\u00e4rta och k\u00f6rde ut dig i skogen. D\u00e4r hamnade du hos ett g\u00e4ng dv\u00e4rgar och sedan blev du f\u00f6rgiftad och l\u00e5g i koma tills prinsen kom och kysste dig.<br>Sn\u00f6vit: Typ s\u00e5.<br>jag: Du \u00e4r inte vad jag skulle kalla f\u00f6r en feministisk ikon.<br>Sn\u00f6vit: Urs\u00e4kta?<br>jag: Allts\u00e5 det d\u00e4r med att du ska r\u00e4ddas av en man? Och att den mannen ska kyssa dig n\u00e4r du sover? Och inte kan v\u00e4rja dig? Plus att sk\u00f6ter du inte allt hush\u00e5llsarbete hos dv\u00e4rgarna? St\u00e4dar, diskar, tvingar dem att tv\u00e4tta sig?<br>Sn\u00f6vit: Emmm.<br>jag: Det \u00e4r en r\u00e4tt vederv\u00e4rdig syn p\u00e5 manligt och kvinnligt.<br>Sn\u00f6vit: Hmm.<br>jag: Du beh\u00f6ver lite feminism i ditt liv.<br>Sn\u00f6vit: Kanske feminismen beh\u00f6ver mig?<br>jag: Va?<br>Sn\u00f6vit: Jag banade v\u00e4g f\u00f6r alla prinsessor som dykt upp p\u00e5 Disney efter mig. Vedertagna feministiska ikoner, n\u00e5gra av dem. Och jag tj\u00e4nade fett med pengar \u00e5t Disney ocks\u00e5 f\u00f6r den delen. Ganska fram\u00e5t, faktiskt.<br>jag: Men inte femini-<br>Sn\u00f6vit: Har du t\u00e4nkt p\u00e5 att du och typ 70% av internet \u00e4r arga p\u00e5 mig f\u00f6r det h\u00e4r? Det kallar jag ofeministiskt.<br>jag: F\u00f6r att?<br>Sn\u00f6vit: Jag \u00e4r tecknade streck p\u00e5 en film, repliker, ett manus. Allt det tillverkat och producerat av m\u00e4n.<br>jag: S\u00e5 att&#8230;<br>Sn\u00f6vit: Jag \u00e4r ett offer f\u00f6r min tid. Som s\u00e5 m\u00e5nga andra.<br>jag: Det \u00e4r sant.<br>Sn\u00f6vit: Det borde f\u00f6rresten du veta, du med alla dina bibliska kvinnor. M\u00e5nga av dem tvingades ofrivilligt in i relationer med m\u00e4n. M\u00e5nga av dem bed\u00f6mdes enbart efter sitt utseende. M\u00e5nga av dem &#8211;<br>jag: Jag &#8211; \u00f6h &#8211; fattar. F\u00f6rl\u00e5t.<br>Sn\u00f6vit: Och dem skyller du aldrig p\u00e5. Dem tycker du synd om.<br>jag: Jag upprepar: F\u00f6rl\u00e5t.<br>Sn\u00f6vit: Hur kan du kalla dig feminist n\u00e4r du skyller p\u00e5 offret?<br>jag: Som sagt: F\u00f6rl-<br>Sn\u00f6vit: Och om du inte tror att jag \u00e4r biblisk s\u00e5 vill jag bara s\u00e4ga att du har fel.<br>jag: Fel? D\u00e4r med? Men \u00e4r du s\u00e4ker p\u00e5 att du finns med i&#8230;?<br>Sn\u00f6vit: Finns med i? Jag \u00c4R Bibeln.<br>jag: V\u00e4nta lite nu.<br>Sn\u00f6vit: I kort, l\u00e4tt-tittad, enkelt sammanfattad version.<br>jag: Ehmmm.<br>Sn\u00f6vit: OK, om du inte tror mig s\u00e5. Edens lustg\u00e5rd, allt perfekt. \u00c5t ett \u00e4pple. Borta ur paradiset bara. F\u00f6r evigt f\u00f6rs\u00e4nkta i &#8211; tja, inte koma, men i vanliga v\u00e4rlden. Tills &#8211;<br>jag: V\u00e4nta lite.<br>Sn\u00f6vit: Tills k\u00e4rleken r\u00e4ddar oss alla. Vi kan inte r\u00e4dda oss sj\u00e4lva fr\u00e5n synden, lika lite som jag kunde r\u00e4dda mig sj\u00e4lv ur en koma.<br>jag: Fast att&#8230;<br>Sn\u00f6vit: Och s\u00e5 kommer K\u00c4RLEKEN. Den \u00e4kta, ultimata k\u00e4rleken. Den fr\u00e5n Gud d\u00e5, i Bibelns fall. Och r\u00e4ddar oss. Till ett nytt paradis. Inte samma gamla. Ett nytt.<br>jag: Det vill jag verkligen hoppas. Din id\u00e9 &#8211; och jag s\u00e4ger inte att den inte \u00e4r r\u00e4tt briljant p\u00e5 sitt s\u00e4tt &#8211;<br>Sn\u00f6vit: \u00c5h. Tack. S\u00c5 v\u00e4nligt.<br>jag: Men den verkar bygga p\u00e5 att det var ett paradis att ta hand om de sju sm\u00e5 dv\u00e4rgarna.<br>Sn\u00f6vit: Beror p\u00e5 vad man j\u00e4mf\u00f6r med. Men bet\u00e4nk: Jag kunde ocks\u00e5 sjunga med f\u00e5glarna, prata med djuren, leva i det som de kallar \u201dthe garden of perfect innocense\u201d.<br>jag: Mmm.<br>Sn\u00f6vit: S\u00e5, h\u00e5ller du med? Jag \u00e4r Bibeln.<br>jag: En r\u00e4tt viktig skillnad bara: Guds k\u00e4rlek \u00e4r frivillig. Guds k\u00e4rlek smyger inte upp hos folk medan de sover och kysser dem vare sig de vill eller inte. Guds k\u00e4rlek r\u00e4ddar oss, men bara om vi vill bli r\u00e4ddade.<br>Sn\u00f6vit: Jaja. Men i princip. I princip \u00e4r prinsen Gud och jag \u00e4r Guds folk.<br>jag: Den d\u00e4r principen \u00e4r ocks\u00e5 en grej jag f\u00e5r lite feministiska problem av.<br>Sn\u00f6vit: Och bara s\u00e5 att du vet s\u00e5 \u00e4r det inte helt fel att sova och sova och sova s\u00e5d\u00e4r.<br>jag: Det l\u00e4t lite sk\u00f6nt, m\u00e5ste jag erk\u00e4nna, som fyrbarnsmamma.<br>Sn\u00f6vit: Jag sov och sov i hundra \u00e5r, hundra \u00e5r, hundra \u00e5r.<br>jag: Var inte det&#8230; T\u00f6rnrosa?<br>Sn\u00f6vit: Alla vi gamla disneyprinsessor sover j\u00e4ttemycket. Det \u00e4r s\u00e5 vi f\u00e5r s\u00e5 vacker hy.<br>jag: Mhmm.<br>Sn\u00f6vit: Den som sover syndar icke.<br>jag: N\u00e4n\u00e4.<br>Sn\u00f6vit: Och inte blir hon feminist heller.<br>jag: N\u00e4 jag har m\u00e4rkt det.<br>Sn\u00f6vit: Men jag kan vara ganska arg \u00e4nd\u00e5.<br>jag: Good to know.<br>Sn\u00f6vit: Och en i det n\u00e4rmaste perfekt metafor f\u00f6r tron.<br>jag: OK.<br>Sn\u00f6vit: Var det n\u00e5got mer du ville?<br>jag: Eh&#8230; n\u00e4.<br>Sn\u00f6vit: F\u00f6rresten, aprop\u00e5 ingenting. Vill du ha en frukt?<br>jag: Emm. Nej. Verkligen inte. M\u00e5ste g\u00e5 nu.<\/p>\n\n\n\n<p><a href=\"https:\/\/www.facebook.com\/hashtag\/popkulturellaprinsessor?__eep__=6&amp;__tn__=*NK*F\">#PopkulturellaPrinsessor<\/a><a href=\"https:\/\/www.facebook.com\/hashtag\/teologiifastan?__eep__=6&amp;__tn__=*NK*F\">#TeologiIFastan<\/a>\u00a0<\/p>\n","protected":false},"excerpt":{"rendered":"<p>En g\u00e5ng ska jag g\u00e5 ut och g\u00e5 \u00f6ver de himmelska vidderna med Sn\u00f6vit, f\u00f6r att hon verkligen beh\u00f6ver mig i sitt liv.jag: S\u00e5 du \u00e4r k\u00e4nd f\u00f6r att du var f\u00f6r vacker f\u00f6r ditt eget b\u00e4sta, s\u00e5 din elaka styvmor ville hugga ut ditt hj\u00e4rta och k\u00f6rde ut dig i skogen. D\u00e4r hamnade du [&hellip;]<\/p>\n","protected":false},"author":569,"featured_media":325,"comment_status":"open","ping_status":"open","sticky":false,"template":"","format":"standard","meta":{"_acf_changed":false,"footnotes":""},"categories":[61608],"tags":[],"class_list":["post-324","post","type-post","status-publish","format-standard","has-post-thumbnail","hentry","category-vandring"],"acf":[],"yoast_head":"<!-- This site is optimized with the Yoast SEO plugin v27.1.1 - https:\/\/yoast.com\/product\/yoast-seo-wordpress\/ -->\n<title>Sn\u00f6vit, feminism och vem som \u00e4r Bibeln - H\u00f6rru Gud<\/title>\n<meta name=\"robots\" content=\"index, follow, max-snippet:-1, max-image-preview:large, max-video-preview:-1\" \/>\n<link rel=\"canonical\" href=\"https:\/\/blogg.svenskakyrkan.se\/horrugud\/2021\/02\/21\/snovit-feminism-och-vem-som-ar-bibeln\/\" \/>\n<meta property=\"og:locale\" content=\"sv_SE\" \/>\n<meta property=\"og:type\" content=\"article\" \/>\n<meta property=\"og:title\" content=\"Sn\u00f6vit, feminism och vem som \u00e4r Bibeln - H\u00f6rru Gud\" \/>\n<meta property=\"og:description\" content=\"En g\u00e5ng ska jag g\u00e5 ut och g\u00e5 \u00f6ver de himmelska vidderna med Sn\u00f6vit, f\u00f6r att hon verkligen beh\u00f6ver mig i sitt liv.jag: S\u00e5 du \u00e4r k\u00e4nd f\u00f6r att du var f\u00f6r vacker f\u00f6r ditt eget b\u00e4sta, s\u00e5 din elaka styvmor ville hugga ut ditt hj\u00e4rta och k\u00f6rde ut dig i skogen. D\u00e4r hamnade du [&hellip;]\" \/>\n<meta property=\"og:url\" content=\"https:\/\/blogg.svenskakyrkan.se\/horrugud\/2021\/02\/21\/snovit-feminism-och-vem-som-ar-bibeln\/\" \/>\n<meta property=\"og:site_name\" content=\"H\u00f6rru Gud\" \/>\n<meta property=\"article:published_time\" content=\"2021-02-21T20:53:00+00:00\" \/>\n<meta property=\"og:image\" content=\"https:\/\/blogg.svenskakyrkan.se\/horrugud\/files\/2021\/02\/sn\u00f6vit.jpg\" \/>\n\t<meta property=\"og:image:width\" content=\"528\" \/>\n\t<meta property=\"og:image:height\" content=\"782\" \/>\n\t<meta property=\"og:image:type\" content=\"image\/jpeg\" \/>\n<meta name=\"author\" content=\"Charlotte Frycklund, pr\u00e4st\" \/>\n<meta name=\"twitter:card\" content=\"summary_large_image\" \/>\n<meta name=\"twitter:label1\" content=\"Skriven av\" \/>\n\t<meta name=\"twitter:data1\" content=\"Charlotte Frycklund, pr\u00e4st\" \/>\n\t<meta name=\"twitter:label2\" content=\"Ber\u00e4knad l\u00e4stid\" \/>\n\t<meta name=\"twitter:data2\" content=\"5 minuter\" \/>\n<script type=\"application\/ld+json\" class=\"yoast-schema-graph\">{\"@context\":\"https:\/\/schema.org\",\"@graph\":[{\"@type\":\"Article\",\"@id\":\"https:\/\/blogg.svenskakyrkan.se\/horrugud\/2021\/02\/21\/snovit-feminism-och-vem-som-ar-bibeln\/#article\",\"isPartOf\":{\"@id\":\"https:\/\/blogg.svenskakyrkan.se\/horrugud\/2021\/02\/21\/snovit-feminism-och-vem-som-ar-bibeln\/\"},\"author\":{\"name\":\"Charlotte Frycklund, pr\u00e4st\",\"@id\":\"https:\/\/blogg.svenskakyrkan.se\/horrugud\/#\/schema\/person\/595d75da5bf93cf9ca814c398b63ed6d\"},\"headline\":\"Sn\u00f6vit, feminism och vem som \u00e4r Bibeln\",\"datePublished\":\"2021-02-21T20:53:00+00:00\",\"mainEntityOfPage\":{\"@id\":\"https:\/\/blogg.svenskakyrkan.se\/horrugud\/2021\/02\/21\/snovit-feminism-och-vem-som-ar-bibeln\/\"},\"wordCount\":923,\"commentCount\":1,\"image\":{\"@id\":\"https:\/\/blogg.svenskakyrkan.se\/horrugud\/2021\/02\/21\/snovit-feminism-och-vem-som-ar-bibeln\/#primaryimage\"},\"thumbnailUrl\":\"https:\/\/blogg.svenskakyrkan.se\/horrugud\/files\/2021\/02\/sn\u00f6vit.jpg\",\"articleSection\":[\"Vandring\"],\"inLanguage\":\"sv-SE\",\"potentialAction\":[{\"@type\":\"CommentAction\",\"name\":\"Comment\",\"target\":[\"https:\/\/blogg.svenskakyrkan.se\/horrugud\/2021\/02\/21\/snovit-feminism-och-vem-som-ar-bibeln\/#respond\"]}]},{\"@type\":\"WebPage\",\"@id\":\"https:\/\/blogg.svenskakyrkan.se\/horrugud\/2021\/02\/21\/snovit-feminism-och-vem-som-ar-bibeln\/\",\"url\":\"https:\/\/blogg.svenskakyrkan.se\/horrugud\/2021\/02\/21\/snovit-feminism-och-vem-som-ar-bibeln\/\",\"name\":\"Sn\u00f6vit, feminism och vem som \u00e4r Bibeln - H\u00f6rru Gud\",\"isPartOf\":{\"@id\":\"https:\/\/blogg.svenskakyrkan.se\/horrugud\/#website\"},\"primaryImageOfPage\":{\"@id\":\"https:\/\/blogg.svenskakyrkan.se\/horrugud\/2021\/02\/21\/snovit-feminism-och-vem-som-ar-bibeln\/#primaryimage\"},\"image\":{\"@id\":\"https:\/\/blogg.svenskakyrkan.se\/horrugud\/2021\/02\/21\/snovit-feminism-och-vem-som-ar-bibeln\/#primaryimage\"},\"thumbnailUrl\":\"https:\/\/blogg.svenskakyrkan.se\/horrugud\/files\/2021\/02\/sn\u00f6vit.jpg\",\"datePublished\":\"2021-02-21T20:53:00+00:00\",\"author\":{\"@id\":\"https:\/\/blogg.svenskakyrkan.se\/horrugud\/#\/schema\/person\/595d75da5bf93cf9ca814c398b63ed6d\"},\"breadcrumb\":{\"@id\":\"https:\/\/blogg.svenskakyrkan.se\/horrugud\/2021\/02\/21\/snovit-feminism-och-vem-som-ar-bibeln\/#breadcrumb\"},\"inLanguage\":\"sv-SE\",\"potentialAction\":[{\"@type\":\"ReadAction\",\"target\":[\"https:\/\/blogg.svenskakyrkan.se\/horrugud\/2021\/02\/21\/snovit-feminism-och-vem-som-ar-bibeln\/\"]}]},{\"@type\":\"ImageObject\",\"inLanguage\":\"sv-SE\",\"@id\":\"https:\/\/blogg.svenskakyrkan.se\/horrugud\/2021\/02\/21\/snovit-feminism-och-vem-som-ar-bibeln\/#primaryimage\",\"url\":\"https:\/\/blogg.svenskakyrkan.se\/horrugud\/files\/2021\/02\/sn\u00f6vit.jpg\",\"contentUrl\":\"https:\/\/blogg.svenskakyrkan.se\/horrugud\/files\/2021\/02\/sn\u00f6vit.jpg\",\"width\":528,\"height\":782},{\"@type\":\"BreadcrumbList\",\"@id\":\"https:\/\/blogg.svenskakyrkan.se\/horrugud\/2021\/02\/21\/snovit-feminism-och-vem-som-ar-bibeln\/#breadcrumb\",\"itemListElement\":[{\"@type\":\"ListItem\",\"position\":1,\"name\":\"Hem\",\"item\":\"https:\/\/blogg.svenskakyrkan.se\/horrugud\/\"},{\"@type\":\"ListItem\",\"position\":2,\"name\":\"Sn\u00f6vit, feminism och vem som \u00e4r Bibeln\"}]},{\"@type\":\"WebSite\",\"@id\":\"https:\/\/blogg.svenskakyrkan.se\/horrugud\/#website\",\"url\":\"https:\/\/blogg.svenskakyrkan.se\/horrugud\/\",\"name\":\"H\u00f6rru Gud\",\"description\":\"Hypotetiska samtal med v\u00e5r Herre\",\"potentialAction\":[{\"@type\":\"SearchAction\",\"target\":{\"@type\":\"EntryPoint\",\"urlTemplate\":\"https:\/\/blogg.svenskakyrkan.se\/horrugud\/?s={search_term_string}\"},\"query-input\":{\"@type\":\"PropertyValueSpecification\",\"valueRequired\":true,\"valueName\":\"search_term_string\"}}],\"inLanguage\":\"sv-SE\"},{\"@type\":\"Person\",\"@id\":\"https:\/\/blogg.svenskakyrkan.se\/horrugud\/#\/schema\/person\/595d75da5bf93cf9ca814c398b63ed6d\",\"name\":\"Charlotte Frycklund, pr\u00e4st\",\"image\":{\"@type\":\"ImageObject\",\"inLanguage\":\"sv-SE\",\"@id\":\"https:\/\/blogg.svenskakyrkan.se\/horrugud\/#\/schema\/person\/image\/\",\"url\":\"https:\/\/secure.gravatar.com\/avatar\/10f37b82bf44def60f716a446302420cc1eb214cca306b573a488614ab47ee87?s=96&d=mm&r=g\",\"contentUrl\":\"https:\/\/secure.gravatar.com\/avatar\/10f37b82bf44def60f716a446302420cc1eb214cca306b573a488614ab47ee87?s=96&d=mm&r=g\",\"caption\":\"Charlotte Frycklund, pr\u00e4st\"},\"url\":\"https:\/\/blogg.svenskakyrkan.se\/horrugud\/author\/charlottefrycklund\/\"}]}<\/script>\n<!-- \/ Yoast SEO plugin. -->","yoast_head_json":{"title":"Sn\u00f6vit, feminism och vem som \u00e4r Bibeln - H\u00f6rru Gud","robots":{"index":"index","follow":"follow","max-snippet":"max-snippet:-1","max-image-preview":"max-image-preview:large","max-video-preview":"max-video-preview:-1"},"canonical":"https:\/\/blogg.svenskakyrkan.se\/horrugud\/2021\/02\/21\/snovit-feminism-och-vem-som-ar-bibeln\/","og_locale":"sv_SE","og_type":"article","og_title":"Sn\u00f6vit, feminism och vem som \u00e4r Bibeln - H\u00f6rru Gud","og_description":"En g\u00e5ng ska jag g\u00e5 ut och g\u00e5 \u00f6ver de himmelska vidderna med Sn\u00f6vit, f\u00f6r att hon verkligen beh\u00f6ver mig i sitt liv.jag: S\u00e5 du \u00e4r k\u00e4nd f\u00f6r att du var f\u00f6r vacker f\u00f6r ditt eget b\u00e4sta, s\u00e5 din elaka styvmor ville hugga ut ditt hj\u00e4rta och k\u00f6rde ut dig i skogen. D\u00e4r hamnade du [&hellip;]","og_url":"https:\/\/blogg.svenskakyrkan.se\/horrugud\/2021\/02\/21\/snovit-feminism-och-vem-som-ar-bibeln\/","og_site_name":"H\u00f6rru Gud","article_published_time":"2021-02-21T20:53:00+00:00","og_image":[{"width":528,"height":782,"url":"https:\/\/blogg.svenskakyrkan.se\/horrugud\/files\/2021\/02\/sn\u00f6vit.jpg","type":"image\/jpeg"}],"author":"Charlotte Frycklund, pr\u00e4st","twitter_card":"summary_large_image","twitter_misc":{"Skriven av":"Charlotte Frycklund, pr\u00e4st","Ber\u00e4knad l\u00e4stid":"5 minuter"},"schema":{"@context":"https:\/\/schema.org","@graph":[{"@type":"Article","@id":"https:\/\/blogg.svenskakyrkan.se\/horrugud\/2021\/02\/21\/snovit-feminism-och-vem-som-ar-bibeln\/#article","isPartOf":{"@id":"https:\/\/blogg.svenskakyrkan.se\/horrugud\/2021\/02\/21\/snovit-feminism-och-vem-som-ar-bibeln\/"},"author":{"name":"Charlotte Frycklund, pr\u00e4st","@id":"https:\/\/blogg.svenskakyrkan.se\/horrugud\/#\/schema\/person\/595d75da5bf93cf9ca814c398b63ed6d"},"headline":"Sn\u00f6vit, feminism och vem som \u00e4r Bibeln","datePublished":"2021-02-21T20:53:00+00:00","mainEntityOfPage":{"@id":"https:\/\/blogg.svenskakyrkan.se\/horrugud\/2021\/02\/21\/snovit-feminism-och-vem-som-ar-bibeln\/"},"wordCount":923,"commentCount":1,"image":{"@id":"https:\/\/blogg.svenskakyrkan.se\/horrugud\/2021\/02\/21\/snovit-feminism-och-vem-som-ar-bibeln\/#primaryimage"},"thumbnailUrl":"https:\/\/blogg.svenskakyrkan.se\/horrugud\/files\/2021\/02\/sn\u00f6vit.jpg","articleSection":["Vandring"],"inLanguage":"sv-SE","potentialAction":[{"@type":"CommentAction","name":"Comment","target":["https:\/\/blogg.svenskakyrkan.se\/horrugud\/2021\/02\/21\/snovit-feminism-och-vem-som-ar-bibeln\/#respond"]}]},{"@type":"WebPage","@id":"https:\/\/blogg.svenskakyrkan.se\/horrugud\/2021\/02\/21\/snovit-feminism-och-vem-som-ar-bibeln\/","url":"https:\/\/blogg.svenskakyrkan.se\/horrugud\/2021\/02\/21\/snovit-feminism-och-vem-som-ar-bibeln\/","name":"Sn\u00f6vit, feminism och vem som \u00e4r Bibeln - H\u00f6rru Gud","isPartOf":{"@id":"https:\/\/blogg.svenskakyrkan.se\/horrugud\/#website"},"primaryImageOfPage":{"@id":"https:\/\/blogg.svenskakyrkan.se\/horrugud\/2021\/02\/21\/snovit-feminism-och-vem-som-ar-bibeln\/#primaryimage"},"image":{"@id":"https:\/\/blogg.svenskakyrkan.se\/horrugud\/2021\/02\/21\/snovit-feminism-och-vem-som-ar-bibeln\/#primaryimage"},"thumbnailUrl":"https:\/\/blogg.svenskakyrkan.se\/horrugud\/files\/2021\/02\/sn\u00f6vit.jpg","datePublished":"2021-02-21T20:53:00+00:00","author":{"@id":"https:\/\/blogg.svenskakyrkan.se\/horrugud\/#\/schema\/person\/595d75da5bf93cf9ca814c398b63ed6d"},"breadcrumb":{"@id":"https:\/\/blogg.svenskakyrkan.se\/horrugud\/2021\/02\/21\/snovit-feminism-och-vem-som-ar-bibeln\/#breadcrumb"},"inLanguage":"sv-SE","potentialAction":[{"@type":"ReadAction","target":["https:\/\/blogg.svenskakyrkan.se\/horrugud\/2021\/02\/21\/snovit-feminism-och-vem-som-ar-bibeln\/"]}]},{"@type":"ImageObject","inLanguage":"sv-SE","@id":"https:\/\/blogg.svenskakyrkan.se\/horrugud\/2021\/02\/21\/snovit-feminism-och-vem-som-ar-bibeln\/#primaryimage","url":"https:\/\/blogg.svenskakyrkan.se\/horrugud\/files\/2021\/02\/sn\u00f6vit.jpg","contentUrl":"https:\/\/blogg.svenskakyrkan.se\/horrugud\/files\/2021\/02\/sn\u00f6vit.jpg","width":528,"height":782},{"@type":"BreadcrumbList","@id":"https:\/\/blogg.svenskakyrkan.se\/horrugud\/2021\/02\/21\/snovit-feminism-och-vem-som-ar-bibeln\/#breadcrumb","itemListElement":[{"@type":"ListItem","position":1,"name":"Hem","item":"https:\/\/blogg.svenskakyrkan.se\/horrugud\/"},{"@type":"ListItem","position":2,"name":"Sn\u00f6vit, feminism och vem som \u00e4r Bibeln"}]},{"@type":"WebSite","@id":"https:\/\/blogg.svenskakyrkan.se\/horrugud\/#website","url":"https:\/\/blogg.svenskakyrkan.se\/horrugud\/","name":"H\u00f6rru Gud","description":"Hypotetiska samtal med v\u00e5r Herre","potentialAction":[{"@type":"SearchAction","target":{"@type":"EntryPoint","urlTemplate":"https:\/\/blogg.svenskakyrkan.se\/horrugud\/?s={search_term_string}"},"query-input":{"@type":"PropertyValueSpecification","valueRequired":true,"valueName":"search_term_string"}}],"inLanguage":"sv-SE"},{"@type":"Person","@id":"https:\/\/blogg.svenskakyrkan.se\/horrugud\/#\/schema\/person\/595d75da5bf93cf9ca814c398b63ed6d","name":"Charlotte Frycklund, pr\u00e4st","image":{"@type":"ImageObject","inLanguage":"sv-SE","@id":"https:\/\/blogg.svenskakyrkan.se\/horrugud\/#\/schema\/person\/image\/","url":"https:\/\/secure.gravatar.com\/avatar\/10f37b82bf44def60f716a446302420cc1eb214cca306b573a488614ab47ee87?s=96&d=mm&r=g","contentUrl":"https:\/\/secure.gravatar.com\/avatar\/10f37b82bf44def60f716a446302420cc1eb214cca306b573a488614ab47ee87?s=96&d=mm&r=g","caption":"Charlotte Frycklund, pr\u00e4st"},"url":"https:\/\/blogg.svenskakyrkan.se\/horrugud\/author\/charlottefrycklund\/"}]}},"author_meta":{"ID":"569","user_nicename":"charlottefrycklund","user_registered":"2016-05-24 11:46:19","display_name":"Charlotte Frycklund, pr\u00e4st","first_name":"Charlotte","last_name":"Frycklund, pr\u00e4st","avatar":"https:\/\/secure.gravatar.com\/avatar\/10f37b82bf44def60f716a446302420cc1eb214cca306b573a488614ab47ee87?s=96&d=mm&r=g"},"featured_image":["https:\/\/blogg.svenskakyrkan.se\/horrugud\/files\/2021\/02\/sn\u00f6vit.jpg",528,782,false],"bloginfo":{"name":"H\u00f6rru Gud","url":"https:\/\/blogg.svenskakyrkan.se\/horrugud"},"_links":{"self":[{"href":"https:\/\/blogg.svenskakyrkan.se\/horrugud\/wp-json\/wp\/v2\/posts\/324","targetHints":{"allow":["GET"]}}],"collection":[{"href":"https:\/\/blogg.svenskakyrkan.se\/horrugud\/wp-json\/wp\/v2\/posts"}],"about":[{"href":"https:\/\/blogg.svenskakyrkan.se\/horrugud\/wp-json\/wp\/v2\/types\/post"}],"author":[{"embeddable":true,"href":"https:\/\/blogg.svenskakyrkan.se\/horrugud\/wp-json\/wp\/v2\/users\/569"}],"replies":[{"embeddable":true,"href":"https:\/\/blogg.svenskakyrkan.se\/horrugud\/wp-json\/wp\/v2\/comments?post=324"}],"version-history":[{"count":1,"href":"https:\/\/blogg.svenskakyrkan.se\/horrugud\/wp-json\/wp\/v2\/posts\/324\/revisions"}],"predecessor-version":[{"id":326,"href":"https:\/\/blogg.svenskakyrkan.se\/horrugud\/wp-json\/wp\/v2\/posts\/324\/revisions\/326"}],"wp:featuredmedia":[{"embeddable":true,"href":"https:\/\/blogg.svenskakyrkan.se\/horrugud\/wp-json\/wp\/v2\/media\/325"}],"wp:attachment":[{"href":"https:\/\/blogg.svenskakyrkan.se\/horrugud\/wp-json\/wp\/v2\/media?parent=324"}],"wp:term":[{"taxonomy":"category","embeddable":true,"href":"https:\/\/blogg.svenskakyrkan.se\/horrugud\/wp-json\/wp\/v2\/categories?post=324"},{"taxonomy":"post_tag","embeddable":true,"href":"https:\/\/blogg.svenskakyrkan.se\/horrugud\/wp-json\/wp\/v2\/tags?post=324"}],"curies":[{"name":"wp","href":"https:\/\/api.w.org\/{rel}","templated":true}]}}