{"id":36,"date":"2018-01-20T20:44:27","date_gmt":"2018-01-20T19:44:27","guid":{"rendered":"http:\/\/blogg.svenskakyrkan.se\/horrugud\/?p=36"},"modified":"2018-06-05T20:48:00","modified_gmt":"2018-06-05T18:48:00","slug":"36","status":"publish","type":"post","link":"https:\/\/blogg.svenskakyrkan.se\/horrugud\/2018\/01\/20\/36\/","title":{"rendered":"V\u00e4nlighetens orubbliga, st\u00e4ndiga, magiska kraft"},"content":{"rendered":"<p>Jag tror p\u00e5 vardagen.<br \/>\nP\u00e5 den milda, eviga effekten av folk som g\u00f6r sitt b\u00e4sta<br \/>\nP\u00e5 den magiska kraften i leendet fr\u00e5n expediten p\u00e5 ICA<br \/>\nP\u00e5 samh\u00f6righeten hos tv\u00e5 m\u00e4nniskor som utbyter en blick p\u00e5 bussen<\/p>\n<p>Jag tror p\u00e5 v\u00e4rmen<br \/>\nP\u00e5 m\u00e4nniskor som r\u00e4cker ut en hand mot den som beh\u00f6ver<br \/>\nP\u00e5 den v\u00e4rme som finns i tonfallet hos en v\u00e4n som undrar hur det \u00e4r<br \/>\nP\u00e5 v\u00e4rmen hos alla som b\u00e4r andra i sitt hj\u00e4rta, i sina b\u00f6ner<\/p>\n<p>Jag tror p\u00e5 v\u00e4nligheten<br \/>\nP\u00e5 att den r\u00e4ddar b\u00e5de den som \u00e4r v\u00e4nlig och den som m\u00f6ts av v\u00e4nlighet<br \/>\nP\u00e5 att den \u00e4r kittet som h\u00e5ller oss samman<br \/>\nP\u00e5 v\u00e4nlighetens orubbliga, st\u00e4ndiga, magiska kraft.<\/p>\n<p>Och jag tror att dessa tre: Vardagen, v\u00e4rmen och v\u00e4nligheten<br \/>\n\u00c4r g\u00e5vor fr\u00e5n Gud, som, liksom m\u00e5nga andra g\u00e5vor<br \/>\nKan verka oansenligt f\u00f6rpackade<br \/>\nMen i sj\u00e4lva verket \u00e4r de rikedomar som ska g\u00f6ra oss fria f\u00f6r evigt<br \/>\nI sj\u00e4lva verket \u00e4r de vapen som ska v\u00e4nda v\u00e4rldens \u00f6den<br \/>\nI sj\u00e4lva verket \u00e4r Guds s\u00e4tt att s\u00e4ga: Det finns en plan<\/p>\n<p>S\u00e5 i en v\u00e4rld d\u00e4r den meningsl\u00f6sa elakheten sl\u00e5r det vardagliga sn\u00e4llheten p\u00e5 fingrarna flera g\u00e5nger i veckan<br \/>\nFinns det n\u00e5got annat, en motkraft<br \/>\nEn styrka som inte b\u00f6jer sig<br \/>\nEn kraft som b\u00e4r oss<br \/>\nOch ett l\u00f6fte att godhetens seger ska vara absolut.<\/p>\n","protected":false},"excerpt":{"rendered":"<p>Jag tror p\u00e5 vardagen. P\u00e5 den milda, eviga effekten av folk som g\u00f6r sitt b\u00e4sta P\u00e5 den magiska kraften i leendet fr\u00e5n expediten p\u00e5 ICA P\u00e5 samh\u00f6righeten hos tv\u00e5 m\u00e4nniskor som utbyter en blick p\u00e5 bussen Jag tror p\u00e5 v\u00e4rmen P\u00e5 m\u00e4nniskor som r\u00e4cker ut en hand mot den som beh\u00f6ver P\u00e5 den v\u00e4rme som [&hellip;]<\/p>\n","protected":false},"author":569,"featured_media":37,"comment_status":"open","ping_status":"open","sticky":false,"template":"","format":"standard","meta":{"_acf_changed":false,"footnotes":""},"categories":[61635],"tags":[162955,174714,163314],"class_list":["post-36","post","type-post","status-publish","format-standard","has-post-thumbnail","hentry","category-trosbekannelse","tag-horru-gud","tag-trosbekannelse","tag-vardag-varme-verklighet"],"acf":[],"yoast_head":"<!-- This site is optimized with the Yoast SEO plugin v27.1.1 - https:\/\/yoast.com\/product\/yoast-seo-wordpress\/ -->\n<title>V\u00e4nlighetens orubbliga, st\u00e4ndiga, magiska kraft - H\u00f6rru Gud<\/title>\n<meta name=\"robots\" content=\"index, follow, max-snippet:-1, max-image-preview:large, max-video-preview:-1\" \/>\n<link rel=\"canonical\" href=\"https:\/\/blogg.svenskakyrkan.se\/horrugud\/2018\/01\/20\/36\/\" \/>\n<meta property=\"og:locale\" content=\"sv_SE\" \/>\n<meta property=\"og:type\" content=\"article\" \/>\n<meta property=\"og:title\" content=\"V\u00e4nlighetens orubbliga, st\u00e4ndiga, magiska kraft - H\u00f6rru Gud\" \/>\n<meta property=\"og:description\" content=\"Jag tror p\u00e5 vardagen. P\u00e5 den milda, eviga effekten av folk som g\u00f6r sitt b\u00e4sta P\u00e5 den magiska kraften i leendet fr\u00e5n expediten p\u00e5 ICA P\u00e5 samh\u00f6righeten hos tv\u00e5 m\u00e4nniskor som utbyter en blick p\u00e5 bussen Jag tror p\u00e5 v\u00e4rmen P\u00e5 m\u00e4nniskor som r\u00e4cker ut en hand mot den som beh\u00f6ver P\u00e5 den v\u00e4rme som [&hellip;]\" \/>\n<meta property=\"og:url\" content=\"https:\/\/blogg.svenskakyrkan.se\/horrugud\/2018\/01\/20\/36\/\" \/>\n<meta property=\"og:site_name\" content=\"H\u00f6rru Gud\" \/>\n<meta property=\"article:published_time\" content=\"2018-01-20T19:44:27+00:00\" \/>\n<meta property=\"article:modified_time\" content=\"2018-06-05T18:48:00+00:00\" \/>\n<meta property=\"og:image\" content=\"https:\/\/blogg.svenskakyrkan.se\/horrugud\/files\/2018\/06\/19A13C77-543B-48FE-916B-695CD1203AAB.jpeg\" \/>\n\t<meta property=\"og:image:width\" content=\"720\" \/>\n\t<meta property=\"og:image:height\" content=\"960\" \/>\n\t<meta property=\"og:image:type\" content=\"image\/jpeg\" \/>\n<meta name=\"author\" content=\"Charlotte Frycklund, pr\u00e4st\" \/>\n<meta name=\"twitter:card\" content=\"summary_large_image\" \/>\n<meta name=\"twitter:label1\" content=\"Skriven av\" \/>\n\t<meta name=\"twitter:data1\" content=\"Charlotte Frycklund, pr\u00e4st\" \/>\n\t<meta name=\"twitter:label2\" content=\"Ber\u00e4knad l\u00e4stid\" \/>\n\t<meta name=\"twitter:data2\" content=\"1 minut\" \/>\n<script type=\"application\/ld+json\" class=\"yoast-schema-graph\">{\"@context\":\"https:\/\/schema.org\",\"@graph\":[{\"@type\":\"Article\",\"@id\":\"https:\/\/blogg.svenskakyrkan.se\/horrugud\/2018\/01\/20\/36\/#article\",\"isPartOf\":{\"@id\":\"https:\/\/blogg.svenskakyrkan.se\/horrugud\/2018\/01\/20\/36\/\"},\"author\":{\"name\":\"Charlotte Frycklund, pr\u00e4st\",\"@id\":\"https:\/\/blogg.svenskakyrkan.se\/horrugud\/#\/schema\/person\/595d75da5bf93cf9ca814c398b63ed6d\"},\"headline\":\"V\u00e4nlighetens orubbliga, st\u00e4ndiga, magiska kraft\",\"datePublished\":\"2018-01-20T19:44:27+00:00\",\"dateModified\":\"2018-06-05T18:48:00+00:00\",\"mainEntityOfPage\":{\"@id\":\"https:\/\/blogg.svenskakyrkan.se\/horrugud\/2018\/01\/20\/36\/\"},\"wordCount\":274,\"commentCount\":1,\"image\":{\"@id\":\"https:\/\/blogg.svenskakyrkan.se\/horrugud\/2018\/01\/20\/36\/#primaryimage\"},\"thumbnailUrl\":\"https:\/\/blogg.svenskakyrkan.se\/horrugud\/files\/2018\/06\/19A13C77-543B-48FE-916B-695CD1203AAB.jpeg\",\"keywords\":[\"H\u00f6rru Gud\",\"Trosbek\u00e4nnelse\",\"Vardag v\u00e4rme verklighet\"],\"articleSection\":[\"Trosbek\u00e4nnelse\"],\"inLanguage\":\"sv-SE\",\"potentialAction\":[{\"@type\":\"CommentAction\",\"name\":\"Comment\",\"target\":[\"https:\/\/blogg.svenskakyrkan.se\/horrugud\/2018\/01\/20\/36\/#respond\"]}]},{\"@type\":\"WebPage\",\"@id\":\"https:\/\/blogg.svenskakyrkan.se\/horrugud\/2018\/01\/20\/36\/\",\"url\":\"https:\/\/blogg.svenskakyrkan.se\/horrugud\/2018\/01\/20\/36\/\",\"name\":\"V\u00e4nlighetens orubbliga, st\u00e4ndiga, magiska kraft - H\u00f6rru Gud\",\"isPartOf\":{\"@id\":\"https:\/\/blogg.svenskakyrkan.se\/horrugud\/#website\"},\"primaryImageOfPage\":{\"@id\":\"https:\/\/blogg.svenskakyrkan.se\/horrugud\/2018\/01\/20\/36\/#primaryimage\"},\"image\":{\"@id\":\"https:\/\/blogg.svenskakyrkan.se\/horrugud\/2018\/01\/20\/36\/#primaryimage\"},\"thumbnailUrl\":\"https:\/\/blogg.svenskakyrkan.se\/horrugud\/files\/2018\/06\/19A13C77-543B-48FE-916B-695CD1203AAB.jpeg\",\"datePublished\":\"2018-01-20T19:44:27+00:00\",\"dateModified\":\"2018-06-05T18:48:00+00:00\",\"author\":{\"@id\":\"https:\/\/blogg.svenskakyrkan.se\/horrugud\/#\/schema\/person\/595d75da5bf93cf9ca814c398b63ed6d\"},\"breadcrumb\":{\"@id\":\"https:\/\/blogg.svenskakyrkan.se\/horrugud\/2018\/01\/20\/36\/#breadcrumb\"},\"inLanguage\":\"sv-SE\",\"potentialAction\":[{\"@type\":\"ReadAction\",\"target\":[\"https:\/\/blogg.svenskakyrkan.se\/horrugud\/2018\/01\/20\/36\/\"]}]},{\"@type\":\"ImageObject\",\"inLanguage\":\"sv-SE\",\"@id\":\"https:\/\/blogg.svenskakyrkan.se\/horrugud\/2018\/01\/20\/36\/#primaryimage\",\"url\":\"https:\/\/blogg.svenskakyrkan.se\/horrugud\/files\/2018\/06\/19A13C77-543B-48FE-916B-695CD1203AAB.jpeg\",\"contentUrl\":\"https:\/\/blogg.svenskakyrkan.se\/horrugud\/files\/2018\/06\/19A13C77-543B-48FE-916B-695CD1203AAB.jpeg\",\"width\":720,\"height\":960},{\"@type\":\"BreadcrumbList\",\"@id\":\"https:\/\/blogg.svenskakyrkan.se\/horrugud\/2018\/01\/20\/36\/#breadcrumb\",\"itemListElement\":[{\"@type\":\"ListItem\",\"position\":1,\"name\":\"Hem\",\"item\":\"https:\/\/blogg.svenskakyrkan.se\/horrugud\/\"},{\"@type\":\"ListItem\",\"position\":2,\"name\":\"V\u00e4nlighetens orubbliga, st\u00e4ndiga, magiska kraft\"}]},{\"@type\":\"WebSite\",\"@id\":\"https:\/\/blogg.svenskakyrkan.se\/horrugud\/#website\",\"url\":\"https:\/\/blogg.svenskakyrkan.se\/horrugud\/\",\"name\":\"H\u00f6rru Gud\",\"description\":\"Hypotetiska samtal med v\u00e5r Herre\",\"potentialAction\":[{\"@type\":\"SearchAction\",\"target\":{\"@type\":\"EntryPoint\",\"urlTemplate\":\"https:\/\/blogg.svenskakyrkan.se\/horrugud\/?s={search_term_string}\"},\"query-input\":{\"@type\":\"PropertyValueSpecification\",\"valueRequired\":true,\"valueName\":\"search_term_string\"}}],\"inLanguage\":\"sv-SE\"},{\"@type\":\"Person\",\"@id\":\"https:\/\/blogg.svenskakyrkan.se\/horrugud\/#\/schema\/person\/595d75da5bf93cf9ca814c398b63ed6d\",\"name\":\"Charlotte Frycklund, pr\u00e4st\",\"image\":{\"@type\":\"ImageObject\",\"inLanguage\":\"sv-SE\",\"@id\":\"https:\/\/blogg.svenskakyrkan.se\/horrugud\/#\/schema\/person\/image\/\",\"url\":\"https:\/\/secure.gravatar.com\/avatar\/10f37b82bf44def60f716a446302420cc1eb214cca306b573a488614ab47ee87?s=96&d=mm&r=g\",\"contentUrl\":\"https:\/\/secure.gravatar.com\/avatar\/10f37b82bf44def60f716a446302420cc1eb214cca306b573a488614ab47ee87?s=96&d=mm&r=g\",\"caption\":\"Charlotte Frycklund, pr\u00e4st\"},\"url\":\"https:\/\/blogg.svenskakyrkan.se\/horrugud\/author\/charlottefrycklund\/\"}]}<\/script>\n<!-- \/ Yoast SEO plugin. -->","yoast_head_json":{"title":"V\u00e4nlighetens orubbliga, st\u00e4ndiga, magiska kraft - H\u00f6rru Gud","robots":{"index":"index","follow":"follow","max-snippet":"max-snippet:-1","max-image-preview":"max-image-preview:large","max-video-preview":"max-video-preview:-1"},"canonical":"https:\/\/blogg.svenskakyrkan.se\/horrugud\/2018\/01\/20\/36\/","og_locale":"sv_SE","og_type":"article","og_title":"V\u00e4nlighetens orubbliga, st\u00e4ndiga, magiska kraft - H\u00f6rru Gud","og_description":"Jag tror p\u00e5 vardagen. P\u00e5 den milda, eviga effekten av folk som g\u00f6r sitt b\u00e4sta P\u00e5 den magiska kraften i leendet fr\u00e5n expediten p\u00e5 ICA P\u00e5 samh\u00f6righeten hos tv\u00e5 m\u00e4nniskor som utbyter en blick p\u00e5 bussen Jag tror p\u00e5 v\u00e4rmen P\u00e5 m\u00e4nniskor som r\u00e4cker ut en hand mot den som beh\u00f6ver P\u00e5 den v\u00e4rme som [&hellip;]","og_url":"https:\/\/blogg.svenskakyrkan.se\/horrugud\/2018\/01\/20\/36\/","og_site_name":"H\u00f6rru Gud","article_published_time":"2018-01-20T19:44:27+00:00","article_modified_time":"2018-06-05T18:48:00+00:00","og_image":[{"width":720,"height":960,"url":"https:\/\/blogg.svenskakyrkan.se\/horrugud\/files\/2018\/06\/19A13C77-543B-48FE-916B-695CD1203AAB.jpeg","type":"image\/jpeg"}],"author":"Charlotte Frycklund, pr\u00e4st","twitter_card":"summary_large_image","twitter_misc":{"Skriven av":"Charlotte Frycklund, pr\u00e4st","Ber\u00e4knad l\u00e4stid":"1 minut"},"schema":{"@context":"https:\/\/schema.org","@graph":[{"@type":"Article","@id":"https:\/\/blogg.svenskakyrkan.se\/horrugud\/2018\/01\/20\/36\/#article","isPartOf":{"@id":"https:\/\/blogg.svenskakyrkan.se\/horrugud\/2018\/01\/20\/36\/"},"author":{"name":"Charlotte Frycklund, pr\u00e4st","@id":"https:\/\/blogg.svenskakyrkan.se\/horrugud\/#\/schema\/person\/595d75da5bf93cf9ca814c398b63ed6d"},"headline":"V\u00e4nlighetens orubbliga, st\u00e4ndiga, magiska kraft","datePublished":"2018-01-20T19:44:27+00:00","dateModified":"2018-06-05T18:48:00+00:00","mainEntityOfPage":{"@id":"https:\/\/blogg.svenskakyrkan.se\/horrugud\/2018\/01\/20\/36\/"},"wordCount":274,"commentCount":1,"image":{"@id":"https:\/\/blogg.svenskakyrkan.se\/horrugud\/2018\/01\/20\/36\/#primaryimage"},"thumbnailUrl":"https:\/\/blogg.svenskakyrkan.se\/horrugud\/files\/2018\/06\/19A13C77-543B-48FE-916B-695CD1203AAB.jpeg","keywords":["H\u00f6rru Gud","Trosbek\u00e4nnelse","Vardag v\u00e4rme verklighet"],"articleSection":["Trosbek\u00e4nnelse"],"inLanguage":"sv-SE","potentialAction":[{"@type":"CommentAction","name":"Comment","target":["https:\/\/blogg.svenskakyrkan.se\/horrugud\/2018\/01\/20\/36\/#respond"]}]},{"@type":"WebPage","@id":"https:\/\/blogg.svenskakyrkan.se\/horrugud\/2018\/01\/20\/36\/","url":"https:\/\/blogg.svenskakyrkan.se\/horrugud\/2018\/01\/20\/36\/","name":"V\u00e4nlighetens orubbliga, st\u00e4ndiga, magiska kraft - H\u00f6rru Gud","isPartOf":{"@id":"https:\/\/blogg.svenskakyrkan.se\/horrugud\/#website"},"primaryImageOfPage":{"@id":"https:\/\/blogg.svenskakyrkan.se\/horrugud\/2018\/01\/20\/36\/#primaryimage"},"image":{"@id":"https:\/\/blogg.svenskakyrkan.se\/horrugud\/2018\/01\/20\/36\/#primaryimage"},"thumbnailUrl":"https:\/\/blogg.svenskakyrkan.se\/horrugud\/files\/2018\/06\/19A13C77-543B-48FE-916B-695CD1203AAB.jpeg","datePublished":"2018-01-20T19:44:27+00:00","dateModified":"2018-06-05T18:48:00+00:00","author":{"@id":"https:\/\/blogg.svenskakyrkan.se\/horrugud\/#\/schema\/person\/595d75da5bf93cf9ca814c398b63ed6d"},"breadcrumb":{"@id":"https:\/\/blogg.svenskakyrkan.se\/horrugud\/2018\/01\/20\/36\/#breadcrumb"},"inLanguage":"sv-SE","potentialAction":[{"@type":"ReadAction","target":["https:\/\/blogg.svenskakyrkan.se\/horrugud\/2018\/01\/20\/36\/"]}]},{"@type":"ImageObject","inLanguage":"sv-SE","@id":"https:\/\/blogg.svenskakyrkan.se\/horrugud\/2018\/01\/20\/36\/#primaryimage","url":"https:\/\/blogg.svenskakyrkan.se\/horrugud\/files\/2018\/06\/19A13C77-543B-48FE-916B-695CD1203AAB.jpeg","contentUrl":"https:\/\/blogg.svenskakyrkan.se\/horrugud\/files\/2018\/06\/19A13C77-543B-48FE-916B-695CD1203AAB.jpeg","width":720,"height":960},{"@type":"BreadcrumbList","@id":"https:\/\/blogg.svenskakyrkan.se\/horrugud\/2018\/01\/20\/36\/#breadcrumb","itemListElement":[{"@type":"ListItem","position":1,"name":"Hem","item":"https:\/\/blogg.svenskakyrkan.se\/horrugud\/"},{"@type":"ListItem","position":2,"name":"V\u00e4nlighetens orubbliga, st\u00e4ndiga, magiska kraft"}]},{"@type":"WebSite","@id":"https:\/\/blogg.svenskakyrkan.se\/horrugud\/#website","url":"https:\/\/blogg.svenskakyrkan.se\/horrugud\/","name":"H\u00f6rru Gud","description":"Hypotetiska samtal med v\u00e5r Herre","potentialAction":[{"@type":"SearchAction","target":{"@type":"EntryPoint","urlTemplate":"https:\/\/blogg.svenskakyrkan.se\/horrugud\/?s={search_term_string}"},"query-input":{"@type":"PropertyValueSpecification","valueRequired":true,"valueName":"search_term_string"}}],"inLanguage":"sv-SE"},{"@type":"Person","@id":"https:\/\/blogg.svenskakyrkan.se\/horrugud\/#\/schema\/person\/595d75da5bf93cf9ca814c398b63ed6d","name":"Charlotte Frycklund, pr\u00e4st","image":{"@type":"ImageObject","inLanguage":"sv-SE","@id":"https:\/\/blogg.svenskakyrkan.se\/horrugud\/#\/schema\/person\/image\/","url":"https:\/\/secure.gravatar.com\/avatar\/10f37b82bf44def60f716a446302420cc1eb214cca306b573a488614ab47ee87?s=96&d=mm&r=g","contentUrl":"https:\/\/secure.gravatar.com\/avatar\/10f37b82bf44def60f716a446302420cc1eb214cca306b573a488614ab47ee87?s=96&d=mm&r=g","caption":"Charlotte Frycklund, pr\u00e4st"},"url":"https:\/\/blogg.svenskakyrkan.se\/horrugud\/author\/charlottefrycklund\/"}]}},"author_meta":{"ID":"569","user_nicename":"charlottefrycklund","user_registered":"2016-05-24 11:46:19","display_name":"Charlotte Frycklund, pr\u00e4st","first_name":"Charlotte","last_name":"Frycklund, pr\u00e4st","avatar":"https:\/\/secure.gravatar.com\/avatar\/10f37b82bf44def60f716a446302420cc1eb214cca306b573a488614ab47ee87?s=96&d=mm&r=g"},"featured_image":["https:\/\/blogg.svenskakyrkan.se\/horrugud\/files\/2018\/06\/19A13C77-543B-48FE-916B-695CD1203AAB.jpeg",720,960,false],"bloginfo":{"name":"H\u00f6rru Gud","url":"https:\/\/blogg.svenskakyrkan.se\/horrugud"},"_links":{"self":[{"href":"https:\/\/blogg.svenskakyrkan.se\/horrugud\/wp-json\/wp\/v2\/posts\/36","targetHints":{"allow":["GET"]}}],"collection":[{"href":"https:\/\/blogg.svenskakyrkan.se\/horrugud\/wp-json\/wp\/v2\/posts"}],"about":[{"href":"https:\/\/blogg.svenskakyrkan.se\/horrugud\/wp-json\/wp\/v2\/types\/post"}],"author":[{"embeddable":true,"href":"https:\/\/blogg.svenskakyrkan.se\/horrugud\/wp-json\/wp\/v2\/users\/569"}],"replies":[{"embeddable":true,"href":"https:\/\/blogg.svenskakyrkan.se\/horrugud\/wp-json\/wp\/v2\/comments?post=36"}],"version-history":[{"count":2,"href":"https:\/\/blogg.svenskakyrkan.se\/horrugud\/wp-json\/wp\/v2\/posts\/36\/revisions"}],"predecessor-version":[{"id":39,"href":"https:\/\/blogg.svenskakyrkan.se\/horrugud\/wp-json\/wp\/v2\/posts\/36\/revisions\/39"}],"wp:featuredmedia":[{"embeddable":true,"href":"https:\/\/blogg.svenskakyrkan.se\/horrugud\/wp-json\/wp\/v2\/media\/37"}],"wp:attachment":[{"href":"https:\/\/blogg.svenskakyrkan.se\/horrugud\/wp-json\/wp\/v2\/media?parent=36"}],"wp:term":[{"taxonomy":"category","embeddable":true,"href":"https:\/\/blogg.svenskakyrkan.se\/horrugud\/wp-json\/wp\/v2\/categories?post=36"},{"taxonomy":"post_tag","embeddable":true,"href":"https:\/\/blogg.svenskakyrkan.se\/horrugud\/wp-json\/wp\/v2\/tags?post=36"}],"curies":[{"name":"wp","href":"https:\/\/api.w.org\/{rel}","templated":true}]}}