{"id":40,"date":"2018-01-12T20:49:06","date_gmt":"2018-01-12T19:49:06","guid":{"rendered":"http:\/\/blogg.svenskakyrkan.se\/horrugud\/?p=40"},"modified":"2018-06-05T20:51:52","modified_gmt":"2018-06-05T18:51:52","slug":"formagan-att-dricka-jattemycket-kaffe","status":"publish","type":"post","link":"https:\/\/blogg.svenskakyrkan.se\/horrugud\/2018\/01\/12\/formagan-att-dricka-jattemycket-kaffe\/","title":{"rendered":"F\u00f6rm\u00e5gan att dricka j\u00e4ttemycket kaffe"},"content":{"rendered":"<p>F\u00f6r tjugoett \u00e5r sedan idag blev jag pr\u00e4st. Som de vise m\u00e4nnen bar jag fram mina g\u00e5vor till Jesus &#8211; inte guld, r\u00f6kelse och myrra, men tre f\u00f6rm\u00e5gor: F\u00f6rm\u00e5gan att snacka, f\u00f6rm\u00e5gan att dricka j\u00e4ttemycket kaffe och f\u00f6rm\u00e5gan att tro p\u00e5 Gud.<\/p>\n<p>D\u00e5 t\u00e4nkte jag att det skulle vara de perfekta g\u00e5vorna: mina predikningar skulle vara s\u00e5 v\u00e4lformulerade att folk omedelbart skulle b\u00f6rja \u00e4lska Gud. Och de skulle \u00e4lska mig och bjuda mig p\u00e5 kaffe och prata med mig. Och d\u00e5 skulle min tro p\u00e5 Gud r\u00e4dda v\u00e4rlden.<\/p>\n<p>Och lite som f\u00f6r de vise m\u00e4nnen blev det v\u00e4l f\u00f6r mig. De d\u00e4r g\u00e5vorna h\u00f6r man inte s\u00e5 mycket talas om efter att de blivit avl\u00e4mnade. Och tur \u00e4r v\u00e4l det, i mitt fall. F\u00f6r baby-Jesus och himmels-Jesus har n\u00e5gra saker gemensamma. Jag tror att de uppskattar g\u00e5vor som inneb\u00e4r att man h\u00e5ller tyst, h\u00e5ller om och h\u00e5ller ut.<\/p>\n<p>S\u00e5 det h\u00e4r har jag l\u00e4rt mig:<br \/>\n-att om man verkligen vill hj\u00e4lpa n\u00e5gon vars liv har g\u00e5tt s\u00f6nder g\u00f6r man oftast mycket st\u00f6rre nytta om man lyssnar \u00e4n om man pratar<\/p>\n<p>-att det inte \u00e4r s\u00e4rskilt viktigt om f\u00f6rsamlingsborna tar mig till sina hj\u00e4rtan eller inte. Men d\u00e4remot \u00e4r det ofattbart viktigt att jag tar f\u00f6rsamlingsborna till mitt hj\u00e4rta.<\/p>\n<p>-att oavsett hur mycket iver och entusiasm jag \u00e4n l\u00e4gger in i min tro p\u00e5 Gud, kommer det aldrig att vara lika mycket iver och entusiasm som Gud l\u00e4gger in i sin tro p\u00e5 mig.<\/p>\n<p>S\u00e5 med mina g\u00e5vor blev det som de blev. Men Guds g\u00e5vor h\u00e5ller, som Guds g\u00e5vor pl\u00e4gar g\u00f6ra. Relationen finns d\u00e4r. Jag forts\u00e4tter hoppas att stj\u00e4rnan leder vidare mot nya insikter och nya \u00e5r, fler och fler pr\u00e4stationer. F\u00f6r det blir s\u00e4llan s\u00e5 bra som n\u00e4r det blir annorlunda \u00e4n man t\u00e4nkt sig.<\/p>\n<p>Och pr\u00e4stlivet \u00e4r n\u00e4stan helt och h\u00e5llet annorlunda \u00e4n jag hade t\u00e4nkt mig.<\/p>\n<p>F\u00f6rutom det d\u00e4r med kaffet s\u00e5 klart. Den grejen h\u00e5ller \u00e4n.<\/p>\n","protected":false},"excerpt":{"rendered":"<p>F\u00f6r tjugoett \u00e5r sedan idag blev jag pr\u00e4st. Som de vise m\u00e4nnen bar jag fram mina g\u00e5vor till Jesus &#8211; inte guld, r\u00f6kelse och myrra, men tre f\u00f6rm\u00e5gor: F\u00f6rm\u00e5gan att snacka, f\u00f6rm\u00e5gan att dricka j\u00e4ttemycket kaffe och f\u00f6rm\u00e5gan att tro p\u00e5 Gud. D\u00e5 t\u00e4nkte jag att det skulle vara de perfekta g\u00e5vorna: mina predikningar skulle [&hellip;]<\/p>\n","protected":false},"author":569,"featured_media":41,"comment_status":"open","ping_status":"open","sticky":false,"template":"","format":"standard","meta":{"_acf_changed":false,"footnotes":""},"categories":[16871],"tags":[162955,163624],"class_list":["post-40","post","type-post","status-publish","format-standard","has-post-thumbnail","hentry","category-tankar","tag-horru-gud","tag-prastvigningsdag"],"acf":[],"yoast_head":"<!-- This site is optimized with the Yoast SEO plugin v27.1.1 - https:\/\/yoast.com\/product\/yoast-seo-wordpress\/ -->\n<title>F\u00f6rm\u00e5gan att dricka j\u00e4ttemycket kaffe - H\u00f6rru Gud<\/title>\n<meta name=\"robots\" content=\"index, follow, max-snippet:-1, max-image-preview:large, max-video-preview:-1\" \/>\n<link rel=\"canonical\" href=\"https:\/\/blogg.svenskakyrkan.se\/horrugud\/2018\/01\/12\/formagan-att-dricka-jattemycket-kaffe\/\" \/>\n<meta property=\"og:locale\" content=\"sv_SE\" \/>\n<meta property=\"og:type\" content=\"article\" \/>\n<meta property=\"og:title\" content=\"F\u00f6rm\u00e5gan att dricka j\u00e4ttemycket kaffe - H\u00f6rru Gud\" \/>\n<meta property=\"og:description\" content=\"F\u00f6r tjugoett \u00e5r sedan idag blev jag pr\u00e4st. Som de vise m\u00e4nnen bar jag fram mina g\u00e5vor till Jesus &#8211; inte guld, r\u00f6kelse och myrra, men tre f\u00f6rm\u00e5gor: F\u00f6rm\u00e5gan att snacka, f\u00f6rm\u00e5gan att dricka j\u00e4ttemycket kaffe och f\u00f6rm\u00e5gan att tro p\u00e5 Gud. D\u00e5 t\u00e4nkte jag att det skulle vara de perfekta g\u00e5vorna: mina predikningar skulle [&hellip;]\" \/>\n<meta property=\"og:url\" content=\"https:\/\/blogg.svenskakyrkan.se\/horrugud\/2018\/01\/12\/formagan-att-dricka-jattemycket-kaffe\/\" \/>\n<meta property=\"og:site_name\" content=\"H\u00f6rru Gud\" \/>\n<meta property=\"article:published_time\" content=\"2018-01-12T19:49:06+00:00\" \/>\n<meta property=\"article:modified_time\" content=\"2018-06-05T18:51:52+00:00\" \/>\n<meta property=\"og:image\" content=\"https:\/\/blogg.svenskakyrkan.se\/horrugud\/files\/2018\/06\/4C43188F-184B-41AD-8CBA-16DE5A0C28F9.jpeg\" \/>\n\t<meta property=\"og:image:width\" content=\"1197\" \/>\n\t<meta property=\"og:image:height\" content=\"1202\" \/>\n\t<meta property=\"og:image:type\" content=\"image\/jpeg\" \/>\n<meta name=\"author\" content=\"Charlotte Frycklund, pr\u00e4st\" \/>\n<meta name=\"twitter:card\" content=\"summary_large_image\" \/>\n<meta name=\"twitter:label1\" content=\"Skriven av\" \/>\n\t<meta name=\"twitter:data1\" content=\"Charlotte Frycklund, pr\u00e4st\" \/>\n\t<meta name=\"twitter:label2\" content=\"Ber\u00e4knad l\u00e4stid\" \/>\n\t<meta name=\"twitter:data2\" content=\"2 minuter\" \/>\n<script type=\"application\/ld+json\" class=\"yoast-schema-graph\">{\"@context\":\"https:\/\/schema.org\",\"@graph\":[{\"@type\":\"Article\",\"@id\":\"https:\/\/blogg.svenskakyrkan.se\/horrugud\/2018\/01\/12\/formagan-att-dricka-jattemycket-kaffe\/#article\",\"isPartOf\":{\"@id\":\"https:\/\/blogg.svenskakyrkan.se\/horrugud\/2018\/01\/12\/formagan-att-dricka-jattemycket-kaffe\/\"},\"author\":{\"name\":\"Charlotte Frycklund, pr\u00e4st\",\"@id\":\"https:\/\/blogg.svenskakyrkan.se\/horrugud\/#\/schema\/person\/595d75da5bf93cf9ca814c398b63ed6d\"},\"headline\":\"F\u00f6rm\u00e5gan att dricka j\u00e4ttemycket kaffe\",\"datePublished\":\"2018-01-12T19:49:06+00:00\",\"dateModified\":\"2018-06-05T18:51:52+00:00\",\"mainEntityOfPage\":{\"@id\":\"https:\/\/blogg.svenskakyrkan.se\/horrugud\/2018\/01\/12\/formagan-att-dricka-jattemycket-kaffe\/\"},\"wordCount\":401,\"commentCount\":0,\"image\":{\"@id\":\"https:\/\/blogg.svenskakyrkan.se\/horrugud\/2018\/01\/12\/formagan-att-dricka-jattemycket-kaffe\/#primaryimage\"},\"thumbnailUrl\":\"https:\/\/blogg.svenskakyrkan.se\/horrugud\/files\/2018\/06\/4C43188F-184B-41AD-8CBA-16DE5A0C28F9.jpeg\",\"keywords\":[\"H\u00f6rru Gud\",\"PR\u00c4STVIGNINGSDAG\"],\"articleSection\":[\"Tankar\"],\"inLanguage\":\"sv-SE\",\"potentialAction\":[{\"@type\":\"CommentAction\",\"name\":\"Comment\",\"target\":[\"https:\/\/blogg.svenskakyrkan.se\/horrugud\/2018\/01\/12\/formagan-att-dricka-jattemycket-kaffe\/#respond\"]}]},{\"@type\":\"WebPage\",\"@id\":\"https:\/\/blogg.svenskakyrkan.se\/horrugud\/2018\/01\/12\/formagan-att-dricka-jattemycket-kaffe\/\",\"url\":\"https:\/\/blogg.svenskakyrkan.se\/horrugud\/2018\/01\/12\/formagan-att-dricka-jattemycket-kaffe\/\",\"name\":\"F\u00f6rm\u00e5gan att dricka j\u00e4ttemycket kaffe - H\u00f6rru Gud\",\"isPartOf\":{\"@id\":\"https:\/\/blogg.svenskakyrkan.se\/horrugud\/#website\"},\"primaryImageOfPage\":{\"@id\":\"https:\/\/blogg.svenskakyrkan.se\/horrugud\/2018\/01\/12\/formagan-att-dricka-jattemycket-kaffe\/#primaryimage\"},\"image\":{\"@id\":\"https:\/\/blogg.svenskakyrkan.se\/horrugud\/2018\/01\/12\/formagan-att-dricka-jattemycket-kaffe\/#primaryimage\"},\"thumbnailUrl\":\"https:\/\/blogg.svenskakyrkan.se\/horrugud\/files\/2018\/06\/4C43188F-184B-41AD-8CBA-16DE5A0C28F9.jpeg\",\"datePublished\":\"2018-01-12T19:49:06+00:00\",\"dateModified\":\"2018-06-05T18:51:52+00:00\",\"author\":{\"@id\":\"https:\/\/blogg.svenskakyrkan.se\/horrugud\/#\/schema\/person\/595d75da5bf93cf9ca814c398b63ed6d\"},\"breadcrumb\":{\"@id\":\"https:\/\/blogg.svenskakyrkan.se\/horrugud\/2018\/01\/12\/formagan-att-dricka-jattemycket-kaffe\/#breadcrumb\"},\"inLanguage\":\"sv-SE\",\"potentialAction\":[{\"@type\":\"ReadAction\",\"target\":[\"https:\/\/blogg.svenskakyrkan.se\/horrugud\/2018\/01\/12\/formagan-att-dricka-jattemycket-kaffe\/\"]}]},{\"@type\":\"ImageObject\",\"inLanguage\":\"sv-SE\",\"@id\":\"https:\/\/blogg.svenskakyrkan.se\/horrugud\/2018\/01\/12\/formagan-att-dricka-jattemycket-kaffe\/#primaryimage\",\"url\":\"https:\/\/blogg.svenskakyrkan.se\/horrugud\/files\/2018\/06\/4C43188F-184B-41AD-8CBA-16DE5A0C28F9.jpeg\",\"contentUrl\":\"https:\/\/blogg.svenskakyrkan.se\/horrugud\/files\/2018\/06\/4C43188F-184B-41AD-8CBA-16DE5A0C28F9.jpeg\",\"width\":1197,\"height\":1202},{\"@type\":\"BreadcrumbList\",\"@id\":\"https:\/\/blogg.svenskakyrkan.se\/horrugud\/2018\/01\/12\/formagan-att-dricka-jattemycket-kaffe\/#breadcrumb\",\"itemListElement\":[{\"@type\":\"ListItem\",\"position\":1,\"name\":\"Hem\",\"item\":\"https:\/\/blogg.svenskakyrkan.se\/horrugud\/\"},{\"@type\":\"ListItem\",\"position\":2,\"name\":\"F\u00f6rm\u00e5gan att dricka j\u00e4ttemycket kaffe\"}]},{\"@type\":\"WebSite\",\"@id\":\"https:\/\/blogg.svenskakyrkan.se\/horrugud\/#website\",\"url\":\"https:\/\/blogg.svenskakyrkan.se\/horrugud\/\",\"name\":\"H\u00f6rru Gud\",\"description\":\"Hypotetiska samtal med v\u00e5r Herre\",\"potentialAction\":[{\"@type\":\"SearchAction\",\"target\":{\"@type\":\"EntryPoint\",\"urlTemplate\":\"https:\/\/blogg.svenskakyrkan.se\/horrugud\/?s={search_term_string}\"},\"query-input\":{\"@type\":\"PropertyValueSpecification\",\"valueRequired\":true,\"valueName\":\"search_term_string\"}}],\"inLanguage\":\"sv-SE\"},{\"@type\":\"Person\",\"@id\":\"https:\/\/blogg.svenskakyrkan.se\/horrugud\/#\/schema\/person\/595d75da5bf93cf9ca814c398b63ed6d\",\"name\":\"Charlotte Frycklund, pr\u00e4st\",\"image\":{\"@type\":\"ImageObject\",\"inLanguage\":\"sv-SE\",\"@id\":\"https:\/\/blogg.svenskakyrkan.se\/horrugud\/#\/schema\/person\/image\/\",\"url\":\"https:\/\/secure.gravatar.com\/avatar\/10f37b82bf44def60f716a446302420cc1eb214cca306b573a488614ab47ee87?s=96&d=mm&r=g\",\"contentUrl\":\"https:\/\/secure.gravatar.com\/avatar\/10f37b82bf44def60f716a446302420cc1eb214cca306b573a488614ab47ee87?s=96&d=mm&r=g\",\"caption\":\"Charlotte Frycklund, pr\u00e4st\"},\"url\":\"https:\/\/blogg.svenskakyrkan.se\/horrugud\/author\/charlottefrycklund\/\"}]}<\/script>\n<!-- \/ Yoast SEO plugin. -->","yoast_head_json":{"title":"F\u00f6rm\u00e5gan att dricka j\u00e4ttemycket kaffe - H\u00f6rru Gud","robots":{"index":"index","follow":"follow","max-snippet":"max-snippet:-1","max-image-preview":"max-image-preview:large","max-video-preview":"max-video-preview:-1"},"canonical":"https:\/\/blogg.svenskakyrkan.se\/horrugud\/2018\/01\/12\/formagan-att-dricka-jattemycket-kaffe\/","og_locale":"sv_SE","og_type":"article","og_title":"F\u00f6rm\u00e5gan att dricka j\u00e4ttemycket kaffe - H\u00f6rru Gud","og_description":"F\u00f6r tjugoett \u00e5r sedan idag blev jag pr\u00e4st. Som de vise m\u00e4nnen bar jag fram mina g\u00e5vor till Jesus &#8211; inte guld, r\u00f6kelse och myrra, men tre f\u00f6rm\u00e5gor: F\u00f6rm\u00e5gan att snacka, f\u00f6rm\u00e5gan att dricka j\u00e4ttemycket kaffe och f\u00f6rm\u00e5gan att tro p\u00e5 Gud. D\u00e5 t\u00e4nkte jag att det skulle vara de perfekta g\u00e5vorna: mina predikningar skulle [&hellip;]","og_url":"https:\/\/blogg.svenskakyrkan.se\/horrugud\/2018\/01\/12\/formagan-att-dricka-jattemycket-kaffe\/","og_site_name":"H\u00f6rru Gud","article_published_time":"2018-01-12T19:49:06+00:00","article_modified_time":"2018-06-05T18:51:52+00:00","og_image":[{"width":1197,"height":1202,"url":"https:\/\/blogg.svenskakyrkan.se\/horrugud\/files\/2018\/06\/4C43188F-184B-41AD-8CBA-16DE5A0C28F9.jpeg","type":"image\/jpeg"}],"author":"Charlotte Frycklund, pr\u00e4st","twitter_card":"summary_large_image","twitter_misc":{"Skriven av":"Charlotte Frycklund, pr\u00e4st","Ber\u00e4knad l\u00e4stid":"2 minuter"},"schema":{"@context":"https:\/\/schema.org","@graph":[{"@type":"Article","@id":"https:\/\/blogg.svenskakyrkan.se\/horrugud\/2018\/01\/12\/formagan-att-dricka-jattemycket-kaffe\/#article","isPartOf":{"@id":"https:\/\/blogg.svenskakyrkan.se\/horrugud\/2018\/01\/12\/formagan-att-dricka-jattemycket-kaffe\/"},"author":{"name":"Charlotte Frycklund, pr\u00e4st","@id":"https:\/\/blogg.svenskakyrkan.se\/horrugud\/#\/schema\/person\/595d75da5bf93cf9ca814c398b63ed6d"},"headline":"F\u00f6rm\u00e5gan att dricka j\u00e4ttemycket kaffe","datePublished":"2018-01-12T19:49:06+00:00","dateModified":"2018-06-05T18:51:52+00:00","mainEntityOfPage":{"@id":"https:\/\/blogg.svenskakyrkan.se\/horrugud\/2018\/01\/12\/formagan-att-dricka-jattemycket-kaffe\/"},"wordCount":401,"commentCount":0,"image":{"@id":"https:\/\/blogg.svenskakyrkan.se\/horrugud\/2018\/01\/12\/formagan-att-dricka-jattemycket-kaffe\/#primaryimage"},"thumbnailUrl":"https:\/\/blogg.svenskakyrkan.se\/horrugud\/files\/2018\/06\/4C43188F-184B-41AD-8CBA-16DE5A0C28F9.jpeg","keywords":["H\u00f6rru Gud","PR\u00c4STVIGNINGSDAG"],"articleSection":["Tankar"],"inLanguage":"sv-SE","potentialAction":[{"@type":"CommentAction","name":"Comment","target":["https:\/\/blogg.svenskakyrkan.se\/horrugud\/2018\/01\/12\/formagan-att-dricka-jattemycket-kaffe\/#respond"]}]},{"@type":"WebPage","@id":"https:\/\/blogg.svenskakyrkan.se\/horrugud\/2018\/01\/12\/formagan-att-dricka-jattemycket-kaffe\/","url":"https:\/\/blogg.svenskakyrkan.se\/horrugud\/2018\/01\/12\/formagan-att-dricka-jattemycket-kaffe\/","name":"F\u00f6rm\u00e5gan att dricka j\u00e4ttemycket kaffe - H\u00f6rru Gud","isPartOf":{"@id":"https:\/\/blogg.svenskakyrkan.se\/horrugud\/#website"},"primaryImageOfPage":{"@id":"https:\/\/blogg.svenskakyrkan.se\/horrugud\/2018\/01\/12\/formagan-att-dricka-jattemycket-kaffe\/#primaryimage"},"image":{"@id":"https:\/\/blogg.svenskakyrkan.se\/horrugud\/2018\/01\/12\/formagan-att-dricka-jattemycket-kaffe\/#primaryimage"},"thumbnailUrl":"https:\/\/blogg.svenskakyrkan.se\/horrugud\/files\/2018\/06\/4C43188F-184B-41AD-8CBA-16DE5A0C28F9.jpeg","datePublished":"2018-01-12T19:49:06+00:00","dateModified":"2018-06-05T18:51:52+00:00","author":{"@id":"https:\/\/blogg.svenskakyrkan.se\/horrugud\/#\/schema\/person\/595d75da5bf93cf9ca814c398b63ed6d"},"breadcrumb":{"@id":"https:\/\/blogg.svenskakyrkan.se\/horrugud\/2018\/01\/12\/formagan-att-dricka-jattemycket-kaffe\/#breadcrumb"},"inLanguage":"sv-SE","potentialAction":[{"@type":"ReadAction","target":["https:\/\/blogg.svenskakyrkan.se\/horrugud\/2018\/01\/12\/formagan-att-dricka-jattemycket-kaffe\/"]}]},{"@type":"ImageObject","inLanguage":"sv-SE","@id":"https:\/\/blogg.svenskakyrkan.se\/horrugud\/2018\/01\/12\/formagan-att-dricka-jattemycket-kaffe\/#primaryimage","url":"https:\/\/blogg.svenskakyrkan.se\/horrugud\/files\/2018\/06\/4C43188F-184B-41AD-8CBA-16DE5A0C28F9.jpeg","contentUrl":"https:\/\/blogg.svenskakyrkan.se\/horrugud\/files\/2018\/06\/4C43188F-184B-41AD-8CBA-16DE5A0C28F9.jpeg","width":1197,"height":1202},{"@type":"BreadcrumbList","@id":"https:\/\/blogg.svenskakyrkan.se\/horrugud\/2018\/01\/12\/formagan-att-dricka-jattemycket-kaffe\/#breadcrumb","itemListElement":[{"@type":"ListItem","position":1,"name":"Hem","item":"https:\/\/blogg.svenskakyrkan.se\/horrugud\/"},{"@type":"ListItem","position":2,"name":"F\u00f6rm\u00e5gan att dricka j\u00e4ttemycket kaffe"}]},{"@type":"WebSite","@id":"https:\/\/blogg.svenskakyrkan.se\/horrugud\/#website","url":"https:\/\/blogg.svenskakyrkan.se\/horrugud\/","name":"H\u00f6rru Gud","description":"Hypotetiska samtal med v\u00e5r Herre","potentialAction":[{"@type":"SearchAction","target":{"@type":"EntryPoint","urlTemplate":"https:\/\/blogg.svenskakyrkan.se\/horrugud\/?s={search_term_string}"},"query-input":{"@type":"PropertyValueSpecification","valueRequired":true,"valueName":"search_term_string"}}],"inLanguage":"sv-SE"},{"@type":"Person","@id":"https:\/\/blogg.svenskakyrkan.se\/horrugud\/#\/schema\/person\/595d75da5bf93cf9ca814c398b63ed6d","name":"Charlotte Frycklund, pr\u00e4st","image":{"@type":"ImageObject","inLanguage":"sv-SE","@id":"https:\/\/blogg.svenskakyrkan.se\/horrugud\/#\/schema\/person\/image\/","url":"https:\/\/secure.gravatar.com\/avatar\/10f37b82bf44def60f716a446302420cc1eb214cca306b573a488614ab47ee87?s=96&d=mm&r=g","contentUrl":"https:\/\/secure.gravatar.com\/avatar\/10f37b82bf44def60f716a446302420cc1eb214cca306b573a488614ab47ee87?s=96&d=mm&r=g","caption":"Charlotte Frycklund, pr\u00e4st"},"url":"https:\/\/blogg.svenskakyrkan.se\/horrugud\/author\/charlottefrycklund\/"}]}},"author_meta":{"ID":"569","user_nicename":"charlottefrycklund","user_registered":"2016-05-24 11:46:19","display_name":"Charlotte Frycklund, pr\u00e4st","first_name":"Charlotte","last_name":"Frycklund, pr\u00e4st","avatar":"https:\/\/secure.gravatar.com\/avatar\/10f37b82bf44def60f716a446302420cc1eb214cca306b573a488614ab47ee87?s=96&d=mm&r=g"},"featured_image":["https:\/\/blogg.svenskakyrkan.se\/horrugud\/files\/2018\/06\/4C43188F-184B-41AD-8CBA-16DE5A0C28F9-1020x1024.jpeg",1020,1024,true],"bloginfo":{"name":"H\u00f6rru Gud","url":"https:\/\/blogg.svenskakyrkan.se\/horrugud"},"_links":{"self":[{"href":"https:\/\/blogg.svenskakyrkan.se\/horrugud\/wp-json\/wp\/v2\/posts\/40","targetHints":{"allow":["GET"]}}],"collection":[{"href":"https:\/\/blogg.svenskakyrkan.se\/horrugud\/wp-json\/wp\/v2\/posts"}],"about":[{"href":"https:\/\/blogg.svenskakyrkan.se\/horrugud\/wp-json\/wp\/v2\/types\/post"}],"author":[{"embeddable":true,"href":"https:\/\/blogg.svenskakyrkan.se\/horrugud\/wp-json\/wp\/v2\/users\/569"}],"replies":[{"embeddable":true,"href":"https:\/\/blogg.svenskakyrkan.se\/horrugud\/wp-json\/wp\/v2\/comments?post=40"}],"version-history":[{"count":2,"href":"https:\/\/blogg.svenskakyrkan.se\/horrugud\/wp-json\/wp\/v2\/posts\/40\/revisions"}],"predecessor-version":[{"id":43,"href":"https:\/\/blogg.svenskakyrkan.se\/horrugud\/wp-json\/wp\/v2\/posts\/40\/revisions\/43"}],"wp:featuredmedia":[{"embeddable":true,"href":"https:\/\/blogg.svenskakyrkan.se\/horrugud\/wp-json\/wp\/v2\/media\/41"}],"wp:attachment":[{"href":"https:\/\/blogg.svenskakyrkan.se\/horrugud\/wp-json\/wp\/v2\/media?parent=40"}],"wp:term":[{"taxonomy":"category","embeddable":true,"href":"https:\/\/blogg.svenskakyrkan.se\/horrugud\/wp-json\/wp\/v2\/categories?post=40"},{"taxonomy":"post_tag","embeddable":true,"href":"https:\/\/blogg.svenskakyrkan.se\/horrugud\/wp-json\/wp\/v2\/tags?post=40"}],"curies":[{"name":"wp","href":"https:\/\/api.w.org\/{rel}","templated":true}]}}