{"id":44,"date":"2018-01-02T20:52:47","date_gmt":"2018-01-02T19:52:47","guid":{"rendered":"http:\/\/blogg.svenskakyrkan.se\/horrugud\/?p=44"},"modified":"2018-06-05T20:56:54","modified_gmt":"2018-06-05T18:56:54","slug":"44","status":"publish","type":"post","link":"https:\/\/blogg.svenskakyrkan.se\/horrugud\/2018\/01\/02\/44\/","title":{"rendered":"Killgissa och killgissa"},"content":{"rendered":"<p>Jag: En kompis till mig \u00e4r arg \u00f6ver att ordet \u201dkillgissa\u201d heter \u201dkillgissa\u201d.<br \/>\nGud: Ah.<br \/>\nJag: F\u00f6r att han tycker att det \u00e4r f\u00f6rnedrande f\u00f6r m\u00e4n.<br \/>\nGud: Ah.<br \/>\nJag: Han s\u00e4ger att kvinnor i lika h\u00f6g grad som m\u00e4n p\u00e5st\u00e5r saker som de inte vet, och g\u00f6r det med s\u00e5dan d\u00e4r s\u00e4ker st\u00e4mma s\u00e5 man tror p\u00e5 det.<br \/>\nGud: Ah.<br \/>\nJag: I korthet: att lika m\u00e5nga kvinnor killgissar.<br \/>\nGud: Mm.<br \/>\nJag: Jag fr\u00e5gade vad han hade f\u00f6r vetenskapliga bevis f\u00f6r det.<br \/>\nGud: Mm.<br \/>\nJag: Han sade att han inte visste men att han var helt s\u00e4ker p\u00e5 att han hade r\u00e4tt.<br \/>\nGud: Mm.<br \/>\nJag: Och sedan skrattade jag i en kvart och han fattade inte varf\u00f6r.<br \/>\nGud: Mmhmm.<br \/>\nJag: Hahahahaha!<br \/>\nGud: Mm.<br \/>\nJag: Jag \u00e4r s\u00e5 otroligt rolig.<br \/>\nGud: Mm.<br \/>\nJag: Det \u00e4r en av mina b\u00e4sta egenskaper.<br \/>\nGud: Hmm.<br \/>\nJag: Tack vare dig naturligtvis.<br \/>\nGud: Ah.<br \/>\nJag: Det f\u00f6rst\u00e5r jag ju. Att humor \u00e4r en g\u00e5va fr\u00e5n Gud.<br \/>\nGud: Ja.<br \/>\nJag: D\u00e4rf\u00f6r \u00e4r det s\u00e5 bra att jag har v\u00e4lsignats med den b\u00e4sta sortens humor.<br \/>\nGud: Ah.<br \/>\nJag: Eller hur?<br \/>\nGud: Hm.<br \/>\nJag: Eller HUR?<br \/>\nGud: Ehmmm. Jag s\u00e4ger s\u00e5 h\u00e4r: \u201dVad har du f\u00f6r vetenskapliga bevis p\u00e5 det?\u201d<br \/>\nJag: Inga! Men jag \u00e4r helt s\u00e4ker p\u00e5 att jag har r\u00e4tt!<br \/>\nGud: Ah.<br \/>\nJag: V\u00e4nta lite. Menar du att jag \u2014-<br \/>\nGud: Mmm.<br \/>\nJag: Men allts\u00e5. Att jag \u2014- killgissar?<br \/>\nGud: Mmm.<br \/>\nJag: S\u00e5.. jag&#8230; han&#8230; det d\u00e4r som han&#8230; ehmm&#8230; det st\u00e4mmer?<br \/>\nGud: Hmm.<br \/>\nJag: Men om han hade r\u00e4\u2014 d\u00e5 var jag inte s\u00e5 himla rolig eller?<br \/>\nGud: Hmm.<br \/>\nJag: Men allts\u00e5&#8230;<br \/>\nGud: Ah.<br \/>\nJag: Det var INTE roligt.<br \/>\nGud: Ehm.<br \/>\nJag: Jag tycker bara att det \u00e4r roligt n\u00e4r jag \u00e4r rolig.<br \/>\nGud: Mm.<br \/>\nJag: S\u00e5 \u00e4r jag inte rolig d\u00e5?<br \/>\nGud: Jag tycker alltid att det finns n\u00e5got att skratta \u00e5t hos dig.<br \/>\nJag: Bra.<br \/>\nGud: Mmm.<\/p>\n","protected":false},"excerpt":{"rendered":"<p>Jag: En kompis till mig \u00e4r arg \u00f6ver att ordet \u201dkillgissa\u201d heter \u201dkillgissa\u201d. Gud: Ah. Jag: F\u00f6r att han tycker att det \u00e4r f\u00f6rnedrande f\u00f6r m\u00e4n. Gud: Ah. Jag: Han s\u00e4ger att kvinnor i lika h\u00f6g grad som m\u00e4n p\u00e5st\u00e5r saker som de inte vet, och g\u00f6r det med s\u00e5dan d\u00e4r s\u00e4ker st\u00e4mma s\u00e5 man [&hellip;]<\/p>\n","protected":false},"author":569,"featured_media":0,"comment_status":"open","ping_status":"open","sticky":false,"template":"","format":"standard","meta":{"_acf_changed":false,"footnotes":""},"categories":[61608],"tags":[160712,162955,163733,164100],"class_list":["post-44","post","type-post","status-publish","format-standard","hentry","category-vandring","tag-en-gang-ska-gud-och-jag","tag-horru-gud","tag-killgissa","tag-sprakradets-lista-med-nyord"],"acf":[],"yoast_head":"<!-- This site is optimized with the Yoast SEO plugin v27.1.1 - https:\/\/yoast.com\/product\/yoast-seo-wordpress\/ -->\n<title>Killgissa och killgissa - H\u00f6rru Gud<\/title>\n<meta name=\"robots\" content=\"index, follow, max-snippet:-1, max-image-preview:large, max-video-preview:-1\" \/>\n<link rel=\"canonical\" href=\"https:\/\/blogg.svenskakyrkan.se\/horrugud\/2018\/01\/02\/44\/\" \/>\n<meta property=\"og:locale\" content=\"sv_SE\" \/>\n<meta property=\"og:type\" content=\"article\" \/>\n<meta property=\"og:title\" content=\"Killgissa och killgissa - H\u00f6rru Gud\" \/>\n<meta property=\"og:description\" content=\"Jag: En kompis till mig \u00e4r arg \u00f6ver att ordet \u201dkillgissa\u201d heter \u201dkillgissa\u201d. Gud: Ah. Jag: F\u00f6r att han tycker att det \u00e4r f\u00f6rnedrande f\u00f6r m\u00e4n. Gud: Ah. Jag: Han s\u00e4ger att kvinnor i lika h\u00f6g grad som m\u00e4n p\u00e5st\u00e5r saker som de inte vet, och g\u00f6r det med s\u00e5dan d\u00e4r s\u00e4ker st\u00e4mma s\u00e5 man [&hellip;]\" \/>\n<meta property=\"og:url\" content=\"https:\/\/blogg.svenskakyrkan.se\/horrugud\/2018\/01\/02\/44\/\" \/>\n<meta property=\"og:site_name\" content=\"H\u00f6rru Gud\" \/>\n<meta property=\"article:published_time\" content=\"2018-01-02T19:52:47+00:00\" \/>\n<meta property=\"article:modified_time\" content=\"2018-06-05T18:56:54+00:00\" \/>\n<meta name=\"author\" content=\"Charlotte Frycklund, pr\u00e4st\" \/>\n<meta name=\"twitter:card\" content=\"summary_large_image\" \/>\n<meta name=\"twitter:label1\" content=\"Skriven av\" \/>\n\t<meta name=\"twitter:data1\" content=\"Charlotte Frycklund, pr\u00e4st\" \/>\n\t<meta name=\"twitter:label2\" content=\"Ber\u00e4knad l\u00e4stid\" \/>\n\t<meta name=\"twitter:data2\" content=\"2 minuter\" \/>\n<script type=\"application\/ld+json\" class=\"yoast-schema-graph\">{\"@context\":\"https:\/\/schema.org\",\"@graph\":[{\"@type\":\"Article\",\"@id\":\"https:\/\/blogg.svenskakyrkan.se\/horrugud\/2018\/01\/02\/44\/#article\",\"isPartOf\":{\"@id\":\"https:\/\/blogg.svenskakyrkan.se\/horrugud\/2018\/01\/02\/44\/\"},\"author\":{\"name\":\"Charlotte Frycklund, pr\u00e4st\",\"@id\":\"https:\/\/blogg.svenskakyrkan.se\/horrugud\/#\/schema\/person\/595d75da5bf93cf9ca814c398b63ed6d\"},\"headline\":\"Killgissa och killgissa\",\"datePublished\":\"2018-01-02T19:52:47+00:00\",\"dateModified\":\"2018-06-05T18:56:54+00:00\",\"mainEntityOfPage\":{\"@id\":\"https:\/\/blogg.svenskakyrkan.se\/horrugud\/2018\/01\/02\/44\/\"},\"wordCount\":355,\"commentCount\":0,\"keywords\":[\"En g\u00e5ng ska Gud och jag\",\"H\u00f6rru Gud\",\"Killgissa\",\"Spr\u00e5kr\u00e5dets lista med nyord\"],\"articleSection\":[\"Vandring\"],\"inLanguage\":\"sv-SE\",\"potentialAction\":[{\"@type\":\"CommentAction\",\"name\":\"Comment\",\"target\":[\"https:\/\/blogg.svenskakyrkan.se\/horrugud\/2018\/01\/02\/44\/#respond\"]}]},{\"@type\":\"WebPage\",\"@id\":\"https:\/\/blogg.svenskakyrkan.se\/horrugud\/2018\/01\/02\/44\/\",\"url\":\"https:\/\/blogg.svenskakyrkan.se\/horrugud\/2018\/01\/02\/44\/\",\"name\":\"Killgissa och killgissa - H\u00f6rru Gud\",\"isPartOf\":{\"@id\":\"https:\/\/blogg.svenskakyrkan.se\/horrugud\/#website\"},\"datePublished\":\"2018-01-02T19:52:47+00:00\",\"dateModified\":\"2018-06-05T18:56:54+00:00\",\"author\":{\"@id\":\"https:\/\/blogg.svenskakyrkan.se\/horrugud\/#\/schema\/person\/595d75da5bf93cf9ca814c398b63ed6d\"},\"breadcrumb\":{\"@id\":\"https:\/\/blogg.svenskakyrkan.se\/horrugud\/2018\/01\/02\/44\/#breadcrumb\"},\"inLanguage\":\"sv-SE\",\"potentialAction\":[{\"@type\":\"ReadAction\",\"target\":[\"https:\/\/blogg.svenskakyrkan.se\/horrugud\/2018\/01\/02\/44\/\"]}]},{\"@type\":\"BreadcrumbList\",\"@id\":\"https:\/\/blogg.svenskakyrkan.se\/horrugud\/2018\/01\/02\/44\/#breadcrumb\",\"itemListElement\":[{\"@type\":\"ListItem\",\"position\":1,\"name\":\"Hem\",\"item\":\"https:\/\/blogg.svenskakyrkan.se\/horrugud\/\"},{\"@type\":\"ListItem\",\"position\":2,\"name\":\"Killgissa och killgissa\"}]},{\"@type\":\"WebSite\",\"@id\":\"https:\/\/blogg.svenskakyrkan.se\/horrugud\/#website\",\"url\":\"https:\/\/blogg.svenskakyrkan.se\/horrugud\/\",\"name\":\"H\u00f6rru Gud\",\"description\":\"Hypotetiska samtal med v\u00e5r Herre\",\"potentialAction\":[{\"@type\":\"SearchAction\",\"target\":{\"@type\":\"EntryPoint\",\"urlTemplate\":\"https:\/\/blogg.svenskakyrkan.se\/horrugud\/?s={search_term_string}\"},\"query-input\":{\"@type\":\"PropertyValueSpecification\",\"valueRequired\":true,\"valueName\":\"search_term_string\"}}],\"inLanguage\":\"sv-SE\"},{\"@type\":\"Person\",\"@id\":\"https:\/\/blogg.svenskakyrkan.se\/horrugud\/#\/schema\/person\/595d75da5bf93cf9ca814c398b63ed6d\",\"name\":\"Charlotte Frycklund, pr\u00e4st\",\"image\":{\"@type\":\"ImageObject\",\"inLanguage\":\"sv-SE\",\"@id\":\"https:\/\/blogg.svenskakyrkan.se\/horrugud\/#\/schema\/person\/image\/\",\"url\":\"https:\/\/secure.gravatar.com\/avatar\/10f37b82bf44def60f716a446302420cc1eb214cca306b573a488614ab47ee87?s=96&d=mm&r=g\",\"contentUrl\":\"https:\/\/secure.gravatar.com\/avatar\/10f37b82bf44def60f716a446302420cc1eb214cca306b573a488614ab47ee87?s=96&d=mm&r=g\",\"caption\":\"Charlotte Frycklund, pr\u00e4st\"},\"url\":\"https:\/\/blogg.svenskakyrkan.se\/horrugud\/author\/charlottefrycklund\/\"}]}<\/script>\n<!-- \/ Yoast SEO plugin. -->","yoast_head_json":{"title":"Killgissa och killgissa - H\u00f6rru Gud","robots":{"index":"index","follow":"follow","max-snippet":"max-snippet:-1","max-image-preview":"max-image-preview:large","max-video-preview":"max-video-preview:-1"},"canonical":"https:\/\/blogg.svenskakyrkan.se\/horrugud\/2018\/01\/02\/44\/","og_locale":"sv_SE","og_type":"article","og_title":"Killgissa och killgissa - H\u00f6rru Gud","og_description":"Jag: En kompis till mig \u00e4r arg \u00f6ver att ordet \u201dkillgissa\u201d heter \u201dkillgissa\u201d. Gud: Ah. Jag: F\u00f6r att han tycker att det \u00e4r f\u00f6rnedrande f\u00f6r m\u00e4n. Gud: Ah. Jag: Han s\u00e4ger att kvinnor i lika h\u00f6g grad som m\u00e4n p\u00e5st\u00e5r saker som de inte vet, och g\u00f6r det med s\u00e5dan d\u00e4r s\u00e4ker st\u00e4mma s\u00e5 man [&hellip;]","og_url":"https:\/\/blogg.svenskakyrkan.se\/horrugud\/2018\/01\/02\/44\/","og_site_name":"H\u00f6rru Gud","article_published_time":"2018-01-02T19:52:47+00:00","article_modified_time":"2018-06-05T18:56:54+00:00","author":"Charlotte Frycklund, pr\u00e4st","twitter_card":"summary_large_image","twitter_misc":{"Skriven av":"Charlotte Frycklund, pr\u00e4st","Ber\u00e4knad l\u00e4stid":"2 minuter"},"schema":{"@context":"https:\/\/schema.org","@graph":[{"@type":"Article","@id":"https:\/\/blogg.svenskakyrkan.se\/horrugud\/2018\/01\/02\/44\/#article","isPartOf":{"@id":"https:\/\/blogg.svenskakyrkan.se\/horrugud\/2018\/01\/02\/44\/"},"author":{"name":"Charlotte Frycklund, pr\u00e4st","@id":"https:\/\/blogg.svenskakyrkan.se\/horrugud\/#\/schema\/person\/595d75da5bf93cf9ca814c398b63ed6d"},"headline":"Killgissa och killgissa","datePublished":"2018-01-02T19:52:47+00:00","dateModified":"2018-06-05T18:56:54+00:00","mainEntityOfPage":{"@id":"https:\/\/blogg.svenskakyrkan.se\/horrugud\/2018\/01\/02\/44\/"},"wordCount":355,"commentCount":0,"keywords":["En g\u00e5ng ska Gud och jag","H\u00f6rru Gud","Killgissa","Spr\u00e5kr\u00e5dets lista med nyord"],"articleSection":["Vandring"],"inLanguage":"sv-SE","potentialAction":[{"@type":"CommentAction","name":"Comment","target":["https:\/\/blogg.svenskakyrkan.se\/horrugud\/2018\/01\/02\/44\/#respond"]}]},{"@type":"WebPage","@id":"https:\/\/blogg.svenskakyrkan.se\/horrugud\/2018\/01\/02\/44\/","url":"https:\/\/blogg.svenskakyrkan.se\/horrugud\/2018\/01\/02\/44\/","name":"Killgissa och killgissa - H\u00f6rru Gud","isPartOf":{"@id":"https:\/\/blogg.svenskakyrkan.se\/horrugud\/#website"},"datePublished":"2018-01-02T19:52:47+00:00","dateModified":"2018-06-05T18:56:54+00:00","author":{"@id":"https:\/\/blogg.svenskakyrkan.se\/horrugud\/#\/schema\/person\/595d75da5bf93cf9ca814c398b63ed6d"},"breadcrumb":{"@id":"https:\/\/blogg.svenskakyrkan.se\/horrugud\/2018\/01\/02\/44\/#breadcrumb"},"inLanguage":"sv-SE","potentialAction":[{"@type":"ReadAction","target":["https:\/\/blogg.svenskakyrkan.se\/horrugud\/2018\/01\/02\/44\/"]}]},{"@type":"BreadcrumbList","@id":"https:\/\/blogg.svenskakyrkan.se\/horrugud\/2018\/01\/02\/44\/#breadcrumb","itemListElement":[{"@type":"ListItem","position":1,"name":"Hem","item":"https:\/\/blogg.svenskakyrkan.se\/horrugud\/"},{"@type":"ListItem","position":2,"name":"Killgissa och killgissa"}]},{"@type":"WebSite","@id":"https:\/\/blogg.svenskakyrkan.se\/horrugud\/#website","url":"https:\/\/blogg.svenskakyrkan.se\/horrugud\/","name":"H\u00f6rru Gud","description":"Hypotetiska samtal med v\u00e5r Herre","potentialAction":[{"@type":"SearchAction","target":{"@type":"EntryPoint","urlTemplate":"https:\/\/blogg.svenskakyrkan.se\/horrugud\/?s={search_term_string}"},"query-input":{"@type":"PropertyValueSpecification","valueRequired":true,"valueName":"search_term_string"}}],"inLanguage":"sv-SE"},{"@type":"Person","@id":"https:\/\/blogg.svenskakyrkan.se\/horrugud\/#\/schema\/person\/595d75da5bf93cf9ca814c398b63ed6d","name":"Charlotte Frycklund, pr\u00e4st","image":{"@type":"ImageObject","inLanguage":"sv-SE","@id":"https:\/\/blogg.svenskakyrkan.se\/horrugud\/#\/schema\/person\/image\/","url":"https:\/\/secure.gravatar.com\/avatar\/10f37b82bf44def60f716a446302420cc1eb214cca306b573a488614ab47ee87?s=96&d=mm&r=g","contentUrl":"https:\/\/secure.gravatar.com\/avatar\/10f37b82bf44def60f716a446302420cc1eb214cca306b573a488614ab47ee87?s=96&d=mm&r=g","caption":"Charlotte Frycklund, pr\u00e4st"},"url":"https:\/\/blogg.svenskakyrkan.se\/horrugud\/author\/charlottefrycklund\/"}]}},"author_meta":{"ID":"569","user_nicename":"charlottefrycklund","user_registered":"2016-05-24 11:46:19","display_name":"Charlotte Frycklund, pr\u00e4st","first_name":"Charlotte","last_name":"Frycklund, pr\u00e4st","avatar":"https:\/\/secure.gravatar.com\/avatar\/10f37b82bf44def60f716a446302420cc1eb214cca306b573a488614ab47ee87?s=96&d=mm&r=g"},"featured_image":false,"bloginfo":{"name":"H\u00f6rru Gud","url":"https:\/\/blogg.svenskakyrkan.se\/horrugud"},"_links":{"self":[{"href":"https:\/\/blogg.svenskakyrkan.se\/horrugud\/wp-json\/wp\/v2\/posts\/44","targetHints":{"allow":["GET"]}}],"collection":[{"href":"https:\/\/blogg.svenskakyrkan.se\/horrugud\/wp-json\/wp\/v2\/posts"}],"about":[{"href":"https:\/\/blogg.svenskakyrkan.se\/horrugud\/wp-json\/wp\/v2\/types\/post"}],"author":[{"embeddable":true,"href":"https:\/\/blogg.svenskakyrkan.se\/horrugud\/wp-json\/wp\/v2\/users\/569"}],"replies":[{"embeddable":true,"href":"https:\/\/blogg.svenskakyrkan.se\/horrugud\/wp-json\/wp\/v2\/comments?post=44"}],"version-history":[{"count":3,"href":"https:\/\/blogg.svenskakyrkan.se\/horrugud\/wp-json\/wp\/v2\/posts\/44\/revisions"}],"predecessor-version":[{"id":47,"href":"https:\/\/blogg.svenskakyrkan.se\/horrugud\/wp-json\/wp\/v2\/posts\/44\/revisions\/47"}],"wp:attachment":[{"href":"https:\/\/blogg.svenskakyrkan.se\/horrugud\/wp-json\/wp\/v2\/media?parent=44"}],"wp:term":[{"taxonomy":"category","embeddable":true,"href":"https:\/\/blogg.svenskakyrkan.se\/horrugud\/wp-json\/wp\/v2\/categories?post=44"},{"taxonomy":"post_tag","embeddable":true,"href":"https:\/\/blogg.svenskakyrkan.se\/horrugud\/wp-json\/wp\/v2\/tags?post=44"}],"curies":[{"name":"wp","href":"https:\/\/api.w.org\/{rel}","templated":true}]}}