{"id":48,"date":"2017-12-31T20:59:07","date_gmt":"2017-12-31T19:59:07","guid":{"rendered":"http:\/\/blogg.svenskakyrkan.se\/horrugud\/?p=48"},"modified":"2018-06-05T22:02:31","modified_gmt":"2018-06-05T20:02:31","slug":"den-naden-ar-din-varje-dag","status":"publish","type":"post","link":"https:\/\/blogg.svenskakyrkan.se\/horrugud\/2017\/12\/31\/den-naden-ar-din-varje-dag\/","title":{"rendered":"Den n\u00e5den \u00e4r din varje dag"},"content":{"rendered":"<p>Den d\u00e4r dagen n\u00e4r du f\u00e5r sl\u00e4ppa allt det gamla<br \/>\nL\u00e4mna allt som tynger dina axlar<br \/>\nYrvaken s\u00e4tta dig upp, l\u00e4tt om sj\u00e4len<br \/>\nF\u00f6rl\u00e5ten, f\u00f6rst\u00e5dd, stark igen.<br \/>\nDen dagen \u00e4r redan h\u00e4r.<br \/>\nDen n\u00e5den \u00e4r din varje dag.<\/p>\n<p>S\u00e5 ta din styrka med dig in i framtiden.<br \/>\nDet m\u00e5ste inte bli inatt du lyckas.<br \/>\nDet m\u00e5ste inte vara det h\u00e4r sj\u00e4lvf\u00f6rb\u00e4ttrar-l\u00f6ftet du h\u00e5ller.<br \/>\nDet m\u00e5ste inte bli r\u00e4tt fr\u00e5n b\u00f6rjan.<\/p>\n<p>Att misslyckas ibland \u00e4r bra f\u00f6r inl\u00e4rningen.<br \/>\nAtt misslyckas ibland \u00e4r bra f\u00f6r \u00f6dmjukheten.<br \/>\nAtt misslyckas ibland \u00e4r bra f\u00f6r du g\u00e5r vidare.<\/p>\n<p>S\u00e5 i det som \u00e4r din svaghet g\u00f6mmer sig din styrka.<br \/>\nOch i det som \u00e4r din styrka g\u00f6mmer sig 2018.<br \/>\nOch i det om \u00e4r din sn\u00e4llhet vilar det som r\u00e4ddar v\u00e4rlden.<\/p>\n<p>Den d\u00e4r dagen n\u00e4r du f\u00e5r sl\u00e4ppa allt det gamla<br \/>\nL\u00e4mna allt som tynger dina axlar<br \/>\nOch \u00f6verl\u00e4mna dig \u00e5t morgondagen<br \/>\nDen dagen \u00e4r varje dag. Den stunden \u00e4r varje stund:<\/p>\n<p>Och Gud \u00e4r med dig i alltihopa.<\/p>\n","protected":false},"excerpt":{"rendered":"<p>Den d\u00e4r dagen n\u00e4r du f\u00e5r sl\u00e4ppa allt det gamla L\u00e4mna allt som tynger dina axlar Yrvaken s\u00e4tta dig upp, l\u00e4tt om sj\u00e4len F\u00f6rl\u00e5ten, f\u00f6rst\u00e5dd, stark igen. Den dagen \u00e4r redan h\u00e4r. Den n\u00e5den \u00e4r din varje dag. S\u00e5 ta din styrka med dig in i framtiden. Det m\u00e5ste inte bli inatt du lyckas. Det [&hellip;]<\/p>\n","protected":false},"author":569,"featured_media":49,"comment_status":"open","ping_status":"open","sticky":false,"template":"","format":"standard","meta":{"_acf_changed":false,"footnotes":""},"categories":[16871],"tags":[162955,164295],"class_list":["post-48","post","type-post","status-publish","format-standard","has-post-thumbnail","hentry","category-tankar","tag-horru-gud","tag-nyarslofte"],"acf":[],"yoast_head":"<!-- This site is optimized with the Yoast SEO plugin v27.1.1 - https:\/\/yoast.com\/product\/yoast-seo-wordpress\/ -->\n<title>Den n\u00e5den \u00e4r din varje dag - H\u00f6rru Gud<\/title>\n<meta name=\"robots\" content=\"index, follow, max-snippet:-1, max-image-preview:large, max-video-preview:-1\" \/>\n<link rel=\"canonical\" href=\"https:\/\/blogg.svenskakyrkan.se\/horrugud\/2017\/12\/31\/den-naden-ar-din-varje-dag\/\" \/>\n<meta property=\"og:locale\" content=\"sv_SE\" \/>\n<meta property=\"og:type\" content=\"article\" \/>\n<meta property=\"og:title\" content=\"Den n\u00e5den \u00e4r din varje dag - H\u00f6rru Gud\" \/>\n<meta property=\"og:description\" content=\"Den d\u00e4r dagen n\u00e4r du f\u00e5r sl\u00e4ppa allt det gamla L\u00e4mna allt som tynger dina axlar Yrvaken s\u00e4tta dig upp, l\u00e4tt om sj\u00e4len F\u00f6rl\u00e5ten, f\u00f6rst\u00e5dd, stark igen. Den dagen \u00e4r redan h\u00e4r. Den n\u00e5den \u00e4r din varje dag. S\u00e5 ta din styrka med dig in i framtiden. Det m\u00e5ste inte bli inatt du lyckas. Det [&hellip;]\" \/>\n<meta property=\"og:url\" content=\"https:\/\/blogg.svenskakyrkan.se\/horrugud\/2017\/12\/31\/den-naden-ar-din-varje-dag\/\" \/>\n<meta property=\"og:site_name\" content=\"H\u00f6rru Gud\" \/>\n<meta property=\"article:published_time\" content=\"2017-12-31T19:59:07+00:00\" \/>\n<meta property=\"article:modified_time\" content=\"2018-06-05T20:02:31+00:00\" \/>\n<meta property=\"og:image\" content=\"https:\/\/blogg.svenskakyrkan.se\/horrugud\/files\/2018\/06\/8A78A7EF-D8AE-4699-B255-C3B5AE4D4629.jpeg\" \/>\n\t<meta property=\"og:image:width\" content=\"1195\" \/>\n\t<meta property=\"og:image:height\" content=\"824\" \/>\n\t<meta property=\"og:image:type\" content=\"image\/jpeg\" \/>\n<meta name=\"author\" content=\"Charlotte Frycklund, pr\u00e4st\" \/>\n<meta name=\"twitter:card\" content=\"summary_large_image\" \/>\n<meta name=\"twitter:label1\" content=\"Skriven av\" \/>\n\t<meta name=\"twitter:data1\" content=\"Charlotte Frycklund, pr\u00e4st\" \/>\n\t<meta name=\"twitter:label2\" content=\"Ber\u00e4knad l\u00e4stid\" \/>\n\t<meta name=\"twitter:data2\" content=\"1 minut\" \/>\n<script type=\"application\/ld+json\" class=\"yoast-schema-graph\">{\"@context\":\"https:\/\/schema.org\",\"@graph\":[{\"@type\":\"Article\",\"@id\":\"https:\/\/blogg.svenskakyrkan.se\/horrugud\/2017\/12\/31\/den-naden-ar-din-varje-dag\/#article\",\"isPartOf\":{\"@id\":\"https:\/\/blogg.svenskakyrkan.se\/horrugud\/2017\/12\/31\/den-naden-ar-din-varje-dag\/\"},\"author\":{\"name\":\"Charlotte Frycklund, pr\u00e4st\",\"@id\":\"https:\/\/blogg.svenskakyrkan.se\/horrugud\/#\/schema\/person\/595d75da5bf93cf9ca814c398b63ed6d\"},\"headline\":\"Den n\u00e5den \u00e4r din varje dag\",\"datePublished\":\"2017-12-31T19:59:07+00:00\",\"dateModified\":\"2018-06-05T20:02:31+00:00\",\"mainEntityOfPage\":{\"@id\":\"https:\/\/blogg.svenskakyrkan.se\/horrugud\/2017\/12\/31\/den-naden-ar-din-varje-dag\/\"},\"wordCount\":212,\"commentCount\":1,\"image\":{\"@id\":\"https:\/\/blogg.svenskakyrkan.se\/horrugud\/2017\/12\/31\/den-naden-ar-din-varje-dag\/#primaryimage\"},\"thumbnailUrl\":\"https:\/\/blogg.svenskakyrkan.se\/horrugud\/files\/2018\/06\/8A78A7EF-D8AE-4699-B255-C3B5AE4D4629.jpeg\",\"keywords\":[\"H\u00f6rru Gud\",\"Ny\u00e5rsl\u00f6fte\"],\"articleSection\":[\"Tankar\"],\"inLanguage\":\"sv-SE\",\"potentialAction\":[{\"@type\":\"CommentAction\",\"name\":\"Comment\",\"target\":[\"https:\/\/blogg.svenskakyrkan.se\/horrugud\/2017\/12\/31\/den-naden-ar-din-varje-dag\/#respond\"]}]},{\"@type\":\"WebPage\",\"@id\":\"https:\/\/blogg.svenskakyrkan.se\/horrugud\/2017\/12\/31\/den-naden-ar-din-varje-dag\/\",\"url\":\"https:\/\/blogg.svenskakyrkan.se\/horrugud\/2017\/12\/31\/den-naden-ar-din-varje-dag\/\",\"name\":\"Den n\u00e5den \u00e4r din varje dag - H\u00f6rru Gud\",\"isPartOf\":{\"@id\":\"https:\/\/blogg.svenskakyrkan.se\/horrugud\/#website\"},\"primaryImageOfPage\":{\"@id\":\"https:\/\/blogg.svenskakyrkan.se\/horrugud\/2017\/12\/31\/den-naden-ar-din-varje-dag\/#primaryimage\"},\"image\":{\"@id\":\"https:\/\/blogg.svenskakyrkan.se\/horrugud\/2017\/12\/31\/den-naden-ar-din-varje-dag\/#primaryimage\"},\"thumbnailUrl\":\"https:\/\/blogg.svenskakyrkan.se\/horrugud\/files\/2018\/06\/8A78A7EF-D8AE-4699-B255-C3B5AE4D4629.jpeg\",\"datePublished\":\"2017-12-31T19:59:07+00:00\",\"dateModified\":\"2018-06-05T20:02:31+00:00\",\"author\":{\"@id\":\"https:\/\/blogg.svenskakyrkan.se\/horrugud\/#\/schema\/person\/595d75da5bf93cf9ca814c398b63ed6d\"},\"breadcrumb\":{\"@id\":\"https:\/\/blogg.svenskakyrkan.se\/horrugud\/2017\/12\/31\/den-naden-ar-din-varje-dag\/#breadcrumb\"},\"inLanguage\":\"sv-SE\",\"potentialAction\":[{\"@type\":\"ReadAction\",\"target\":[\"https:\/\/blogg.svenskakyrkan.se\/horrugud\/2017\/12\/31\/den-naden-ar-din-varje-dag\/\"]}]},{\"@type\":\"ImageObject\",\"inLanguage\":\"sv-SE\",\"@id\":\"https:\/\/blogg.svenskakyrkan.se\/horrugud\/2017\/12\/31\/den-naden-ar-din-varje-dag\/#primaryimage\",\"url\":\"https:\/\/blogg.svenskakyrkan.se\/horrugud\/files\/2018\/06\/8A78A7EF-D8AE-4699-B255-C3B5AE4D4629.jpeg\",\"contentUrl\":\"https:\/\/blogg.svenskakyrkan.se\/horrugud\/files\/2018\/06\/8A78A7EF-D8AE-4699-B255-C3B5AE4D4629.jpeg\",\"width\":1195,\"height\":824},{\"@type\":\"BreadcrumbList\",\"@id\":\"https:\/\/blogg.svenskakyrkan.se\/horrugud\/2017\/12\/31\/den-naden-ar-din-varje-dag\/#breadcrumb\",\"itemListElement\":[{\"@type\":\"ListItem\",\"position\":1,\"name\":\"Hem\",\"item\":\"https:\/\/blogg.svenskakyrkan.se\/horrugud\/\"},{\"@type\":\"ListItem\",\"position\":2,\"name\":\"Den n\u00e5den \u00e4r din varje dag\"}]},{\"@type\":\"WebSite\",\"@id\":\"https:\/\/blogg.svenskakyrkan.se\/horrugud\/#website\",\"url\":\"https:\/\/blogg.svenskakyrkan.se\/horrugud\/\",\"name\":\"H\u00f6rru Gud\",\"description\":\"Hypotetiska samtal med v\u00e5r Herre\",\"potentialAction\":[{\"@type\":\"SearchAction\",\"target\":{\"@type\":\"EntryPoint\",\"urlTemplate\":\"https:\/\/blogg.svenskakyrkan.se\/horrugud\/?s={search_term_string}\"},\"query-input\":{\"@type\":\"PropertyValueSpecification\",\"valueRequired\":true,\"valueName\":\"search_term_string\"}}],\"inLanguage\":\"sv-SE\"},{\"@type\":\"Person\",\"@id\":\"https:\/\/blogg.svenskakyrkan.se\/horrugud\/#\/schema\/person\/595d75da5bf93cf9ca814c398b63ed6d\",\"name\":\"Charlotte Frycklund, pr\u00e4st\",\"image\":{\"@type\":\"ImageObject\",\"inLanguage\":\"sv-SE\",\"@id\":\"https:\/\/blogg.svenskakyrkan.se\/horrugud\/#\/schema\/person\/image\/\",\"url\":\"https:\/\/secure.gravatar.com\/avatar\/10f37b82bf44def60f716a446302420cc1eb214cca306b573a488614ab47ee87?s=96&d=mm&r=g\",\"contentUrl\":\"https:\/\/secure.gravatar.com\/avatar\/10f37b82bf44def60f716a446302420cc1eb214cca306b573a488614ab47ee87?s=96&d=mm&r=g\",\"caption\":\"Charlotte Frycklund, pr\u00e4st\"},\"url\":\"https:\/\/blogg.svenskakyrkan.se\/horrugud\/author\/charlottefrycklund\/\"}]}<\/script>\n<!-- \/ Yoast SEO plugin. -->","yoast_head_json":{"title":"Den n\u00e5den \u00e4r din varje dag - H\u00f6rru Gud","robots":{"index":"index","follow":"follow","max-snippet":"max-snippet:-1","max-image-preview":"max-image-preview:large","max-video-preview":"max-video-preview:-1"},"canonical":"https:\/\/blogg.svenskakyrkan.se\/horrugud\/2017\/12\/31\/den-naden-ar-din-varje-dag\/","og_locale":"sv_SE","og_type":"article","og_title":"Den n\u00e5den \u00e4r din varje dag - H\u00f6rru Gud","og_description":"Den d\u00e4r dagen n\u00e4r du f\u00e5r sl\u00e4ppa allt det gamla L\u00e4mna allt som tynger dina axlar Yrvaken s\u00e4tta dig upp, l\u00e4tt om sj\u00e4len F\u00f6rl\u00e5ten, f\u00f6rst\u00e5dd, stark igen. Den dagen \u00e4r redan h\u00e4r. Den n\u00e5den \u00e4r din varje dag. S\u00e5 ta din styrka med dig in i framtiden. Det m\u00e5ste inte bli inatt du lyckas. Det [&hellip;]","og_url":"https:\/\/blogg.svenskakyrkan.se\/horrugud\/2017\/12\/31\/den-naden-ar-din-varje-dag\/","og_site_name":"H\u00f6rru Gud","article_published_time":"2017-12-31T19:59:07+00:00","article_modified_time":"2018-06-05T20:02:31+00:00","og_image":[{"width":1195,"height":824,"url":"https:\/\/blogg.svenskakyrkan.se\/horrugud\/files\/2018\/06\/8A78A7EF-D8AE-4699-B255-C3B5AE4D4629.jpeg","type":"image\/jpeg"}],"author":"Charlotte Frycklund, pr\u00e4st","twitter_card":"summary_large_image","twitter_misc":{"Skriven av":"Charlotte Frycklund, pr\u00e4st","Ber\u00e4knad l\u00e4stid":"1 minut"},"schema":{"@context":"https:\/\/schema.org","@graph":[{"@type":"Article","@id":"https:\/\/blogg.svenskakyrkan.se\/horrugud\/2017\/12\/31\/den-naden-ar-din-varje-dag\/#article","isPartOf":{"@id":"https:\/\/blogg.svenskakyrkan.se\/horrugud\/2017\/12\/31\/den-naden-ar-din-varje-dag\/"},"author":{"name":"Charlotte Frycklund, pr\u00e4st","@id":"https:\/\/blogg.svenskakyrkan.se\/horrugud\/#\/schema\/person\/595d75da5bf93cf9ca814c398b63ed6d"},"headline":"Den n\u00e5den \u00e4r din varje dag","datePublished":"2017-12-31T19:59:07+00:00","dateModified":"2018-06-05T20:02:31+00:00","mainEntityOfPage":{"@id":"https:\/\/blogg.svenskakyrkan.se\/horrugud\/2017\/12\/31\/den-naden-ar-din-varje-dag\/"},"wordCount":212,"commentCount":1,"image":{"@id":"https:\/\/blogg.svenskakyrkan.se\/horrugud\/2017\/12\/31\/den-naden-ar-din-varje-dag\/#primaryimage"},"thumbnailUrl":"https:\/\/blogg.svenskakyrkan.se\/horrugud\/files\/2018\/06\/8A78A7EF-D8AE-4699-B255-C3B5AE4D4629.jpeg","keywords":["H\u00f6rru Gud","Ny\u00e5rsl\u00f6fte"],"articleSection":["Tankar"],"inLanguage":"sv-SE","potentialAction":[{"@type":"CommentAction","name":"Comment","target":["https:\/\/blogg.svenskakyrkan.se\/horrugud\/2017\/12\/31\/den-naden-ar-din-varje-dag\/#respond"]}]},{"@type":"WebPage","@id":"https:\/\/blogg.svenskakyrkan.se\/horrugud\/2017\/12\/31\/den-naden-ar-din-varje-dag\/","url":"https:\/\/blogg.svenskakyrkan.se\/horrugud\/2017\/12\/31\/den-naden-ar-din-varje-dag\/","name":"Den n\u00e5den \u00e4r din varje dag - H\u00f6rru Gud","isPartOf":{"@id":"https:\/\/blogg.svenskakyrkan.se\/horrugud\/#website"},"primaryImageOfPage":{"@id":"https:\/\/blogg.svenskakyrkan.se\/horrugud\/2017\/12\/31\/den-naden-ar-din-varje-dag\/#primaryimage"},"image":{"@id":"https:\/\/blogg.svenskakyrkan.se\/horrugud\/2017\/12\/31\/den-naden-ar-din-varje-dag\/#primaryimage"},"thumbnailUrl":"https:\/\/blogg.svenskakyrkan.se\/horrugud\/files\/2018\/06\/8A78A7EF-D8AE-4699-B255-C3B5AE4D4629.jpeg","datePublished":"2017-12-31T19:59:07+00:00","dateModified":"2018-06-05T20:02:31+00:00","author":{"@id":"https:\/\/blogg.svenskakyrkan.se\/horrugud\/#\/schema\/person\/595d75da5bf93cf9ca814c398b63ed6d"},"breadcrumb":{"@id":"https:\/\/blogg.svenskakyrkan.se\/horrugud\/2017\/12\/31\/den-naden-ar-din-varje-dag\/#breadcrumb"},"inLanguage":"sv-SE","potentialAction":[{"@type":"ReadAction","target":["https:\/\/blogg.svenskakyrkan.se\/horrugud\/2017\/12\/31\/den-naden-ar-din-varje-dag\/"]}]},{"@type":"ImageObject","inLanguage":"sv-SE","@id":"https:\/\/blogg.svenskakyrkan.se\/horrugud\/2017\/12\/31\/den-naden-ar-din-varje-dag\/#primaryimage","url":"https:\/\/blogg.svenskakyrkan.se\/horrugud\/files\/2018\/06\/8A78A7EF-D8AE-4699-B255-C3B5AE4D4629.jpeg","contentUrl":"https:\/\/blogg.svenskakyrkan.se\/horrugud\/files\/2018\/06\/8A78A7EF-D8AE-4699-B255-C3B5AE4D4629.jpeg","width":1195,"height":824},{"@type":"BreadcrumbList","@id":"https:\/\/blogg.svenskakyrkan.se\/horrugud\/2017\/12\/31\/den-naden-ar-din-varje-dag\/#breadcrumb","itemListElement":[{"@type":"ListItem","position":1,"name":"Hem","item":"https:\/\/blogg.svenskakyrkan.se\/horrugud\/"},{"@type":"ListItem","position":2,"name":"Den n\u00e5den \u00e4r din varje dag"}]},{"@type":"WebSite","@id":"https:\/\/blogg.svenskakyrkan.se\/horrugud\/#website","url":"https:\/\/blogg.svenskakyrkan.se\/horrugud\/","name":"H\u00f6rru Gud","description":"Hypotetiska samtal med v\u00e5r Herre","potentialAction":[{"@type":"SearchAction","target":{"@type":"EntryPoint","urlTemplate":"https:\/\/blogg.svenskakyrkan.se\/horrugud\/?s={search_term_string}"},"query-input":{"@type":"PropertyValueSpecification","valueRequired":true,"valueName":"search_term_string"}}],"inLanguage":"sv-SE"},{"@type":"Person","@id":"https:\/\/blogg.svenskakyrkan.se\/horrugud\/#\/schema\/person\/595d75da5bf93cf9ca814c398b63ed6d","name":"Charlotte Frycklund, pr\u00e4st","image":{"@type":"ImageObject","inLanguage":"sv-SE","@id":"https:\/\/blogg.svenskakyrkan.se\/horrugud\/#\/schema\/person\/image\/","url":"https:\/\/secure.gravatar.com\/avatar\/10f37b82bf44def60f716a446302420cc1eb214cca306b573a488614ab47ee87?s=96&d=mm&r=g","contentUrl":"https:\/\/secure.gravatar.com\/avatar\/10f37b82bf44def60f716a446302420cc1eb214cca306b573a488614ab47ee87?s=96&d=mm&r=g","caption":"Charlotte Frycklund, pr\u00e4st"},"url":"https:\/\/blogg.svenskakyrkan.se\/horrugud\/author\/charlottefrycklund\/"}]}},"author_meta":{"ID":"569","user_nicename":"charlottefrycklund","user_registered":"2016-05-24 11:46:19","display_name":"Charlotte Frycklund, pr\u00e4st","first_name":"Charlotte","last_name":"Frycklund, pr\u00e4st","avatar":"https:\/\/secure.gravatar.com\/avatar\/10f37b82bf44def60f716a446302420cc1eb214cca306b573a488614ab47ee87?s=96&d=mm&r=g"},"featured_image":["https:\/\/blogg.svenskakyrkan.se\/horrugud\/files\/2018\/06\/8A78A7EF-D8AE-4699-B255-C3B5AE4D4629-1024x706.jpeg",1024,706,true],"bloginfo":{"name":"H\u00f6rru Gud","url":"https:\/\/blogg.svenskakyrkan.se\/horrugud"},"_links":{"self":[{"href":"https:\/\/blogg.svenskakyrkan.se\/horrugud\/wp-json\/wp\/v2\/posts\/48","targetHints":{"allow":["GET"]}}],"collection":[{"href":"https:\/\/blogg.svenskakyrkan.se\/horrugud\/wp-json\/wp\/v2\/posts"}],"about":[{"href":"https:\/\/blogg.svenskakyrkan.se\/horrugud\/wp-json\/wp\/v2\/types\/post"}],"author":[{"embeddable":true,"href":"https:\/\/blogg.svenskakyrkan.se\/horrugud\/wp-json\/wp\/v2\/users\/569"}],"replies":[{"embeddable":true,"href":"https:\/\/blogg.svenskakyrkan.se\/horrugud\/wp-json\/wp\/v2\/comments?post=48"}],"version-history":[{"count":1,"href":"https:\/\/blogg.svenskakyrkan.se\/horrugud\/wp-json\/wp\/v2\/posts\/48\/revisions"}],"predecessor-version":[{"id":50,"href":"https:\/\/blogg.svenskakyrkan.se\/horrugud\/wp-json\/wp\/v2\/posts\/48\/revisions\/50"}],"wp:featuredmedia":[{"embeddable":true,"href":"https:\/\/blogg.svenskakyrkan.se\/horrugud\/wp-json\/wp\/v2\/media\/49"}],"wp:attachment":[{"href":"https:\/\/blogg.svenskakyrkan.se\/horrugud\/wp-json\/wp\/v2\/media?parent=48"}],"wp:term":[{"taxonomy":"category","embeddable":true,"href":"https:\/\/blogg.svenskakyrkan.se\/horrugud\/wp-json\/wp\/v2\/categories?post=48"},{"taxonomy":"post_tag","embeddable":true,"href":"https:\/\/blogg.svenskakyrkan.se\/horrugud\/wp-json\/wp\/v2\/tags?post=48"}],"curies":[{"name":"wp","href":"https:\/\/api.w.org\/{rel}","templated":true}]}}