{"id":55,"date":"2017-11-29T20:15:22","date_gmt":"2017-11-29T19:15:22","guid":{"rendered":"http:\/\/blogg.svenskakyrkan.se\/horrugud\/?p=55"},"modified":"2018-06-14T22:14:58","modified_gmt":"2018-06-14T20:14:58","slug":"en-facebookgrupp-for-oss-som-definierar-oss-som-charmfulla","status":"publish","type":"post","link":"https:\/\/blogg.svenskakyrkan.se\/horrugud\/2017\/11\/29\/en-facebookgrupp-for-oss-som-definierar-oss-som-charmfulla\/","title":{"rendered":"En facebookgrupp f\u00f6r oss som definierar oss som charmfulla"},"content":{"rendered":"<p>Jag: Facebook tycker att jag ska g\u00e5 med i gruppen \u201dKristna villol\u00e4ror\u201d.<br \/>\nGud: Det vore s\u00e4kerligen intressant f\u00f6r alla medlemmar i den gruppen om du gick med d\u00e4r.<br \/>\nJag: Jag k\u00e4nner mig kr\u00e4nkt.<br \/>\nGud. D\u00e5 kanske du passar b\u00e4ttre p\u00e5 twitter \u00e4n p\u00e5 facebook?<br \/>\nJag: Om du p\u00e5 allvar tror att folk inte kan bli kr\u00e4nkta p\u00e5 facebook&#8230;<br \/>\nGud: Jag sk\u00e4mtade.<br \/>\nJag: Det var verkligen j\u00e4ttekul.<br \/>\nGud: Det \u00e4r s\u00e5 sv\u00e5rt att komma p\u00e5 nya kr\u00e4nkthetssk\u00e4mt s\u00e5 jag \u00e5teranv\u00e4nde ett gammalt.<br \/>\nJag: Ah. Om du \u00e5teranv\u00e4nder gamla sk\u00e4mt s\u00e5 kan jag rekommendera ett flertal Facebookgrupper.<br \/>\nGud: Iallafall. Om vi g\u00e5r tillbaka till sj\u00e4lva sakfr\u00e5gan.<br \/>\nJag: Facebook tycker att jag ska g\u00e5 med i gruppen \u201dKristna villol\u00e4ror\u201d!<br \/>\nGud: och det g\u00f6r dig ledsen?<br \/>\nJag: Jag tycker att facebook borde K\u00c4NNA mig vid det h\u00e4r laget.<br \/>\nGud: Och om facebook verkligen k\u00e4nner dig s\u00e5&#8230;<br \/>\nJag: S\u00e5 borde de rekommendera helt andra grupper f\u00f6r mig.<br \/>\nGud: Som&#8230;<br \/>\nJag: Som \u201dDen rena ogrumlade lutherska l\u00e4ran i ett n\u00f6tskal\u201d.<br \/>\nGud: F\u00f6r att du verkligen borde kunna l\u00e4ra dig saker av den gruppen?<br \/>\nJag: NEJ! Nej. N\u00e4. Inte det. Utan f\u00f6r att jag passar s\u00e5 bra i den gruppen.<br \/>\nGud: Jag kan p\u00e5 rak arm s\u00e4ga att jag k\u00e4nner \u00f6ver 95 teologer som skulle definiera sig sj\u00e4lva i den gruppen men som har ytterst f\u00e5 teologiska gemensamma n\u00e4mnare.<br \/>\nJag: Hm.<br \/>\nGud: Och alla dessa diskussioner. Jag vet inte. Men om jag inte minns alldeles fel &#8211; och det g\u00f6r jag s\u00e4llan &#8211; s\u00e5 tyckte Martin Luther r\u00e4tt mycket om att sitta och sk\u00e4mta och prata vid sitt middagsbord.<br \/>\nJag: Mm.<br \/>\nGud: S\u00e5 om ni verkligen vill ta till er det b\u00e4sta av Martin Luther kanske sk\u00e4mtet och v\u00e4nskapen skulle kunna h\u00e5llas h\u00f6gt.<br \/>\nJag. Och kasta bl\u00e4ckhorn p\u00e5 dj\u00e4vulen.<br \/>\nGud: Det vore en facebookgrupp som kunde vara intressant att f\u00e5 inblick i. Olika sorters bl\u00e4ck. Hur sv\u00e5rt det \u00e4r att tv\u00e4tta bort det fr\u00e5n olika v\u00e4ggar. Olika kasttekniker. Olika storlekar p\u00e5 bl\u00e4ckhorn och hur de f\u00f6rh\u00e5ller sig till olika storlekar p\u00e5 dj\u00e4vuls &#8211; &#8211;<br \/>\nJag: \u00c4r jag helt ute och cyklar om jag t\u00e4nker mig att du ger uttryck f\u00f6r n\u00e5gon slags gudomlig sarkasm h\u00e4r?<br \/>\nGud: Det blir s\u00e5 l\u00e4tt s\u00e5 n\u00e4r jag pratar med dig<br \/>\nJag: Det m\u00e5ste vara f\u00f6r att det \u00e4r s\u00e5 l\u00e4tt att prata med mig.<br \/>\nGud: Ja. Vi s\u00e4ger s\u00e5.<br \/>\nJag: Jag inger f\u00f6rtroende och lust att uttrycka sig.<br \/>\nGud: Och det finns n\u00e5got oerh\u00f6rt charmfullt med m\u00e4nniskor som tolkar alla uttalande om dem sj\u00e4lva som n\u00e5got positivt.<br \/>\nJag: Jag lyssnade bara p\u00e5 de sju f\u00f6rsta orden d\u00e4r. Och sedan lade jag mentalt till ordet \u201ddig\u201d.<br \/>\nGud: Som sagt.<br \/>\nJag: Eftersom du \u00e4lskar mig och s\u00e5.<br \/>\nGud: Ja.<br \/>\nJag: S\u00e5 utg\u00e5r jag ifr\u00e5n att du tycker att jag \u00e4r oerh\u00f6rt charmfull.<br \/>\nGud: Charmfull \u00e4r ett anv\u00e4ndbart ord. Ett av m\u00e5nga.<br \/>\nJag: och jag utg\u00e5r ocks\u00e5 ifr\u00e5n att du inte tycker att jag passar in i facebookgruppen \u201dKristna villol\u00e4ror\u201d.<br \/>\nGud: Det d\u00e4r med att f\u00f6rs\u00f6ka f\u00e5nga in mig i olika l\u00e4ror.<br \/>\nJag: Ja.<br \/>\nGud: Det \u00e4r liksom som att f\u00f6rs\u00f6ka f\u00e5nga mig i f\u00e4llor.<br \/>\nJag: Vad\u00e5, l\u00e4ror \u00e4r som f\u00e4llor?<br \/>\nGud: Jag \u00e4r f\u00f6r stor. Ni kan inte fatta.<br \/>\nJag: Men vi kan g\u00f6ra v\u00e5rt b\u00e4sta.<br \/>\nGud: Ni kanske skulle g\u00f6ra ert b\u00e4sta f\u00f6r att lyssna ist\u00e4llet f\u00f6r att g\u00f6ra ert b\u00e4sta f\u00f6r att f\u00f6rst\u00e5?<br \/>\nJag: Facebookgruppen \u201dVi som vill lyssna till Guds r\u00f6st\u201d.<br \/>\nGud: Det l\u00e5ter trevligt. Och s\u00e5 kan ni st\u00f6tta och uppmuntra varandra och ge varandra k\u00e4rleksfull hj\u00e4lp ist\u00e4llet f\u00f6r att t\u00e4vla i vem som har snyggast formuleringar.<br \/>\nJag: T\u00e4vla i vem som har snyggast formuleringar! DET \u00e4r en facebookgrupp jag skulle vilja vara med i.<br \/>\nGud: Det lustiga \u00e4r att n\u00e4r jag l\u00e4gger det viktigaste i b\u00f6rjan av vad jag s\u00e4ger s\u00e5 lyssnar du mest p\u00e5 slutet, och n\u00e4r jag l\u00e4gger det viktigaste i slutet s\u00e5 lyssnar du mest p\u00e5 b\u00f6rjan.<br \/>\nJag: Det \u00e4r f\u00f6r att jag \u00e4r charmfull.<br \/>\nGud: Mm.<br \/>\nJag: Jag undrar om det finns n\u00e5gon facebookgrupp f\u00f6r oss som definierar oss som charmfulla.<br \/>\nGud: Ut\u00f6ver  \u201dKristna villol\u00e4ror\u201d menar du?<br \/>\nJag: Nu var du v\u00e4l s\u00e5d\u00e4r sarkastisk igen?<br \/>\nGud: Mmm.<\/p>\n","protected":false},"excerpt":{"rendered":"<p>Jag: Facebook tycker att jag ska g\u00e5 med i gruppen \u201dKristna villol\u00e4ror\u201d. Gud: Det vore s\u00e4kerligen intressant f\u00f6r alla medlemmar i den gruppen om du gick med d\u00e4r. Jag: Jag k\u00e4nner mig kr\u00e4nkt. Gud. D\u00e5 kanske du passar b\u00e4ttre p\u00e5 twitter \u00e4n p\u00e5 facebook? Jag: Om du p\u00e5 allvar tror att folk inte kan bli [&hellip;]<\/p>\n","protected":false},"author":569,"featured_media":56,"comment_status":"open","ping_status":"open","sticky":false,"template":"","format":"standard","meta":{"_acf_changed":false,"footnotes":""},"categories":[61608],"tags":[160712,162955,164788,164681],"class_list":["post-55","post","type-post","status-publish","format-standard","has-post-thumbnail","hentry","category-vandring","tag-en-gang-ska-gud-och-jag","tag-horru-gud","tag-martin-luther","tag-villlolaror"],"acf":[],"yoast_head":"<!-- This site is optimized with the Yoast SEO plugin v27.1.1 - https:\/\/yoast.com\/product\/yoast-seo-wordpress\/ -->\n<title>En facebookgrupp f\u00f6r oss som definierar oss som charmfulla - H\u00f6rru Gud<\/title>\n<meta name=\"robots\" content=\"index, follow, max-snippet:-1, max-image-preview:large, max-video-preview:-1\" \/>\n<link rel=\"canonical\" href=\"https:\/\/blogg.svenskakyrkan.se\/horrugud\/2017\/11\/29\/en-facebookgrupp-for-oss-som-definierar-oss-som-charmfulla\/\" \/>\n<meta property=\"og:locale\" content=\"sv_SE\" \/>\n<meta property=\"og:type\" content=\"article\" \/>\n<meta property=\"og:title\" content=\"En facebookgrupp f\u00f6r oss som definierar oss som charmfulla - H\u00f6rru Gud\" \/>\n<meta property=\"og:description\" content=\"Jag: Facebook tycker att jag ska g\u00e5 med i gruppen \u201dKristna villol\u00e4ror\u201d. Gud: Det vore s\u00e4kerligen intressant f\u00f6r alla medlemmar i den gruppen om du gick med d\u00e4r. Jag: Jag k\u00e4nner mig kr\u00e4nkt. Gud. D\u00e5 kanske du passar b\u00e4ttre p\u00e5 twitter \u00e4n p\u00e5 facebook? Jag: Om du p\u00e5 allvar tror att folk inte kan bli [&hellip;]\" \/>\n<meta property=\"og:url\" content=\"https:\/\/blogg.svenskakyrkan.se\/horrugud\/2017\/11\/29\/en-facebookgrupp-for-oss-som-definierar-oss-som-charmfulla\/\" \/>\n<meta property=\"og:site_name\" content=\"H\u00f6rru Gud\" \/>\n<meta property=\"article:published_time\" content=\"2017-11-29T19:15:22+00:00\" \/>\n<meta property=\"article:modified_time\" content=\"2018-06-14T20:14:58+00:00\" \/>\n<meta property=\"og:image\" content=\"https:\/\/blogg.svenskakyrkan.se\/horrugud\/files\/2018\/06\/27DC2BE3-719A-47A9-A140-4D075B7FC5E6-1024x679.jpeg\" \/>\n\t<meta property=\"og:image:width\" content=\"1024\" \/>\n\t<meta property=\"og:image:height\" content=\"679\" \/>\n\t<meta property=\"og:image:type\" content=\"image\/jpeg\" \/>\n<meta name=\"author\" content=\"Charlotte Frycklund, pr\u00e4st\" \/>\n<meta name=\"twitter:card\" content=\"summary_large_image\" \/>\n<meta name=\"twitter:label1\" content=\"Skriven av\" \/>\n\t<meta name=\"twitter:data1\" content=\"Charlotte Frycklund, pr\u00e4st\" \/>\n\t<meta name=\"twitter:label2\" content=\"Ber\u00e4knad l\u00e4stid\" \/>\n\t<meta name=\"twitter:data2\" content=\"4 minuter\" \/>\n<script type=\"application\/ld+json\" class=\"yoast-schema-graph\">{\"@context\":\"https:\/\/schema.org\",\"@graph\":[{\"@type\":\"Article\",\"@id\":\"https:\/\/blogg.svenskakyrkan.se\/horrugud\/2017\/11\/29\/en-facebookgrupp-for-oss-som-definierar-oss-som-charmfulla\/#article\",\"isPartOf\":{\"@id\":\"https:\/\/blogg.svenskakyrkan.se\/horrugud\/2017\/11\/29\/en-facebookgrupp-for-oss-som-definierar-oss-som-charmfulla\/\"},\"author\":{\"name\":\"Charlotte Frycklund, pr\u00e4st\",\"@id\":\"https:\/\/blogg.svenskakyrkan.se\/horrugud\/#\/schema\/person\/595d75da5bf93cf9ca814c398b63ed6d\"},\"headline\":\"En facebookgrupp f\u00f6r oss som definierar oss som charmfulla\",\"datePublished\":\"2017-11-29T19:15:22+00:00\",\"dateModified\":\"2018-06-14T20:14:58+00:00\",\"mainEntityOfPage\":{\"@id\":\"https:\/\/blogg.svenskakyrkan.se\/horrugud\/2017\/11\/29\/en-facebookgrupp-for-oss-som-definierar-oss-som-charmfulla\/\"},\"wordCount\":820,\"commentCount\":0,\"image\":{\"@id\":\"https:\/\/blogg.svenskakyrkan.se\/horrugud\/2017\/11\/29\/en-facebookgrupp-for-oss-som-definierar-oss-som-charmfulla\/#primaryimage\"},\"thumbnailUrl\":\"https:\/\/blogg.svenskakyrkan.se\/horrugud\/files\/2018\/06\/27DC2BE3-719A-47A9-A140-4D075B7FC5E6.jpeg\",\"keywords\":[\"En g\u00e5ng ska Gud och jag\",\"H\u00f6rru Gud\",\"Martin Luther\",\"Villlol\u00e4ror\"],\"articleSection\":[\"Vandring\"],\"inLanguage\":\"sv-SE\",\"potentialAction\":[{\"@type\":\"CommentAction\",\"name\":\"Comment\",\"target\":[\"https:\/\/blogg.svenskakyrkan.se\/horrugud\/2017\/11\/29\/en-facebookgrupp-for-oss-som-definierar-oss-som-charmfulla\/#respond\"]}]},{\"@type\":\"WebPage\",\"@id\":\"https:\/\/blogg.svenskakyrkan.se\/horrugud\/2017\/11\/29\/en-facebookgrupp-for-oss-som-definierar-oss-som-charmfulla\/\",\"url\":\"https:\/\/blogg.svenskakyrkan.se\/horrugud\/2017\/11\/29\/en-facebookgrupp-for-oss-som-definierar-oss-som-charmfulla\/\",\"name\":\"En facebookgrupp f\u00f6r oss som definierar oss som charmfulla - H\u00f6rru Gud\",\"isPartOf\":{\"@id\":\"https:\/\/blogg.svenskakyrkan.se\/horrugud\/#website\"},\"primaryImageOfPage\":{\"@id\":\"https:\/\/blogg.svenskakyrkan.se\/horrugud\/2017\/11\/29\/en-facebookgrupp-for-oss-som-definierar-oss-som-charmfulla\/#primaryimage\"},\"image\":{\"@id\":\"https:\/\/blogg.svenskakyrkan.se\/horrugud\/2017\/11\/29\/en-facebookgrupp-for-oss-som-definierar-oss-som-charmfulla\/#primaryimage\"},\"thumbnailUrl\":\"https:\/\/blogg.svenskakyrkan.se\/horrugud\/files\/2018\/06\/27DC2BE3-719A-47A9-A140-4D075B7FC5E6.jpeg\",\"datePublished\":\"2017-11-29T19:15:22+00:00\",\"dateModified\":\"2018-06-14T20:14:58+00:00\",\"author\":{\"@id\":\"https:\/\/blogg.svenskakyrkan.se\/horrugud\/#\/schema\/person\/595d75da5bf93cf9ca814c398b63ed6d\"},\"breadcrumb\":{\"@id\":\"https:\/\/blogg.svenskakyrkan.se\/horrugud\/2017\/11\/29\/en-facebookgrupp-for-oss-som-definierar-oss-som-charmfulla\/#breadcrumb\"},\"inLanguage\":\"sv-SE\",\"potentialAction\":[{\"@type\":\"ReadAction\",\"target\":[\"https:\/\/blogg.svenskakyrkan.se\/horrugud\/2017\/11\/29\/en-facebookgrupp-for-oss-som-definierar-oss-som-charmfulla\/\"]}]},{\"@type\":\"ImageObject\",\"inLanguage\":\"sv-SE\",\"@id\":\"https:\/\/blogg.svenskakyrkan.se\/horrugud\/2017\/11\/29\/en-facebookgrupp-for-oss-som-definierar-oss-som-charmfulla\/#primaryimage\",\"url\":\"https:\/\/blogg.svenskakyrkan.se\/horrugud\/files\/2018\/06\/27DC2BE3-719A-47A9-A140-4D075B7FC5E6.jpeg\",\"contentUrl\":\"https:\/\/blogg.svenskakyrkan.se\/horrugud\/files\/2018\/06\/27DC2BE3-719A-47A9-A140-4D075B7FC5E6.jpeg\",\"width\":1785,\"height\":1183},{\"@type\":\"BreadcrumbList\",\"@id\":\"https:\/\/blogg.svenskakyrkan.se\/horrugud\/2017\/11\/29\/en-facebookgrupp-for-oss-som-definierar-oss-som-charmfulla\/#breadcrumb\",\"itemListElement\":[{\"@type\":\"ListItem\",\"position\":1,\"name\":\"Hem\",\"item\":\"https:\/\/blogg.svenskakyrkan.se\/horrugud\/\"},{\"@type\":\"ListItem\",\"position\":2,\"name\":\"En facebookgrupp f\u00f6r oss som definierar oss som charmfulla\"}]},{\"@type\":\"WebSite\",\"@id\":\"https:\/\/blogg.svenskakyrkan.se\/horrugud\/#website\",\"url\":\"https:\/\/blogg.svenskakyrkan.se\/horrugud\/\",\"name\":\"H\u00f6rru Gud\",\"description\":\"Hypotetiska samtal med v\u00e5r Herre\",\"potentialAction\":[{\"@type\":\"SearchAction\",\"target\":{\"@type\":\"EntryPoint\",\"urlTemplate\":\"https:\/\/blogg.svenskakyrkan.se\/horrugud\/?s={search_term_string}\"},\"query-input\":{\"@type\":\"PropertyValueSpecification\",\"valueRequired\":true,\"valueName\":\"search_term_string\"}}],\"inLanguage\":\"sv-SE\"},{\"@type\":\"Person\",\"@id\":\"https:\/\/blogg.svenskakyrkan.se\/horrugud\/#\/schema\/person\/595d75da5bf93cf9ca814c398b63ed6d\",\"name\":\"Charlotte Frycklund, pr\u00e4st\",\"image\":{\"@type\":\"ImageObject\",\"inLanguage\":\"sv-SE\",\"@id\":\"https:\/\/blogg.svenskakyrkan.se\/horrugud\/#\/schema\/person\/image\/\",\"url\":\"https:\/\/secure.gravatar.com\/avatar\/10f37b82bf44def60f716a446302420cc1eb214cca306b573a488614ab47ee87?s=96&d=mm&r=g\",\"contentUrl\":\"https:\/\/secure.gravatar.com\/avatar\/10f37b82bf44def60f716a446302420cc1eb214cca306b573a488614ab47ee87?s=96&d=mm&r=g\",\"caption\":\"Charlotte Frycklund, pr\u00e4st\"},\"url\":\"https:\/\/blogg.svenskakyrkan.se\/horrugud\/author\/charlottefrycklund\/\"}]}<\/script>\n<!-- \/ Yoast SEO plugin. -->","yoast_head_json":{"title":"En facebookgrupp f\u00f6r oss som definierar oss som charmfulla - H\u00f6rru Gud","robots":{"index":"index","follow":"follow","max-snippet":"max-snippet:-1","max-image-preview":"max-image-preview:large","max-video-preview":"max-video-preview:-1"},"canonical":"https:\/\/blogg.svenskakyrkan.se\/horrugud\/2017\/11\/29\/en-facebookgrupp-for-oss-som-definierar-oss-som-charmfulla\/","og_locale":"sv_SE","og_type":"article","og_title":"En facebookgrupp f\u00f6r oss som definierar oss som charmfulla - H\u00f6rru Gud","og_description":"Jag: Facebook tycker att jag ska g\u00e5 med i gruppen \u201dKristna villol\u00e4ror\u201d. Gud: Det vore s\u00e4kerligen intressant f\u00f6r alla medlemmar i den gruppen om du gick med d\u00e4r. Jag: Jag k\u00e4nner mig kr\u00e4nkt. Gud. D\u00e5 kanske du passar b\u00e4ttre p\u00e5 twitter \u00e4n p\u00e5 facebook? Jag: Om du p\u00e5 allvar tror att folk inte kan bli [&hellip;]","og_url":"https:\/\/blogg.svenskakyrkan.se\/horrugud\/2017\/11\/29\/en-facebookgrupp-for-oss-som-definierar-oss-som-charmfulla\/","og_site_name":"H\u00f6rru Gud","article_published_time":"2017-11-29T19:15:22+00:00","article_modified_time":"2018-06-14T20:14:58+00:00","og_image":[{"width":1024,"height":679,"url":"https:\/\/blogg.svenskakyrkan.se\/horrugud\/files\/2018\/06\/27DC2BE3-719A-47A9-A140-4D075B7FC5E6-1024x679.jpeg","type":"image\/jpeg"}],"author":"Charlotte Frycklund, pr\u00e4st","twitter_card":"summary_large_image","twitter_misc":{"Skriven av":"Charlotte Frycklund, pr\u00e4st","Ber\u00e4knad l\u00e4stid":"4 minuter"},"schema":{"@context":"https:\/\/schema.org","@graph":[{"@type":"Article","@id":"https:\/\/blogg.svenskakyrkan.se\/horrugud\/2017\/11\/29\/en-facebookgrupp-for-oss-som-definierar-oss-som-charmfulla\/#article","isPartOf":{"@id":"https:\/\/blogg.svenskakyrkan.se\/horrugud\/2017\/11\/29\/en-facebookgrupp-for-oss-som-definierar-oss-som-charmfulla\/"},"author":{"name":"Charlotte Frycklund, pr\u00e4st","@id":"https:\/\/blogg.svenskakyrkan.se\/horrugud\/#\/schema\/person\/595d75da5bf93cf9ca814c398b63ed6d"},"headline":"En facebookgrupp f\u00f6r oss som definierar oss som charmfulla","datePublished":"2017-11-29T19:15:22+00:00","dateModified":"2018-06-14T20:14:58+00:00","mainEntityOfPage":{"@id":"https:\/\/blogg.svenskakyrkan.se\/horrugud\/2017\/11\/29\/en-facebookgrupp-for-oss-som-definierar-oss-som-charmfulla\/"},"wordCount":820,"commentCount":0,"image":{"@id":"https:\/\/blogg.svenskakyrkan.se\/horrugud\/2017\/11\/29\/en-facebookgrupp-for-oss-som-definierar-oss-som-charmfulla\/#primaryimage"},"thumbnailUrl":"https:\/\/blogg.svenskakyrkan.se\/horrugud\/files\/2018\/06\/27DC2BE3-719A-47A9-A140-4D075B7FC5E6.jpeg","keywords":["En g\u00e5ng ska Gud och jag","H\u00f6rru Gud","Martin Luther","Villlol\u00e4ror"],"articleSection":["Vandring"],"inLanguage":"sv-SE","potentialAction":[{"@type":"CommentAction","name":"Comment","target":["https:\/\/blogg.svenskakyrkan.se\/horrugud\/2017\/11\/29\/en-facebookgrupp-for-oss-som-definierar-oss-som-charmfulla\/#respond"]}]},{"@type":"WebPage","@id":"https:\/\/blogg.svenskakyrkan.se\/horrugud\/2017\/11\/29\/en-facebookgrupp-for-oss-som-definierar-oss-som-charmfulla\/","url":"https:\/\/blogg.svenskakyrkan.se\/horrugud\/2017\/11\/29\/en-facebookgrupp-for-oss-som-definierar-oss-som-charmfulla\/","name":"En facebookgrupp f\u00f6r oss som definierar oss som charmfulla - H\u00f6rru Gud","isPartOf":{"@id":"https:\/\/blogg.svenskakyrkan.se\/horrugud\/#website"},"primaryImageOfPage":{"@id":"https:\/\/blogg.svenskakyrkan.se\/horrugud\/2017\/11\/29\/en-facebookgrupp-for-oss-som-definierar-oss-som-charmfulla\/#primaryimage"},"image":{"@id":"https:\/\/blogg.svenskakyrkan.se\/horrugud\/2017\/11\/29\/en-facebookgrupp-for-oss-som-definierar-oss-som-charmfulla\/#primaryimage"},"thumbnailUrl":"https:\/\/blogg.svenskakyrkan.se\/horrugud\/files\/2018\/06\/27DC2BE3-719A-47A9-A140-4D075B7FC5E6.jpeg","datePublished":"2017-11-29T19:15:22+00:00","dateModified":"2018-06-14T20:14:58+00:00","author":{"@id":"https:\/\/blogg.svenskakyrkan.se\/horrugud\/#\/schema\/person\/595d75da5bf93cf9ca814c398b63ed6d"},"breadcrumb":{"@id":"https:\/\/blogg.svenskakyrkan.se\/horrugud\/2017\/11\/29\/en-facebookgrupp-for-oss-som-definierar-oss-som-charmfulla\/#breadcrumb"},"inLanguage":"sv-SE","potentialAction":[{"@type":"ReadAction","target":["https:\/\/blogg.svenskakyrkan.se\/horrugud\/2017\/11\/29\/en-facebookgrupp-for-oss-som-definierar-oss-som-charmfulla\/"]}]},{"@type":"ImageObject","inLanguage":"sv-SE","@id":"https:\/\/blogg.svenskakyrkan.se\/horrugud\/2017\/11\/29\/en-facebookgrupp-for-oss-som-definierar-oss-som-charmfulla\/#primaryimage","url":"https:\/\/blogg.svenskakyrkan.se\/horrugud\/files\/2018\/06\/27DC2BE3-719A-47A9-A140-4D075B7FC5E6.jpeg","contentUrl":"https:\/\/blogg.svenskakyrkan.se\/horrugud\/files\/2018\/06\/27DC2BE3-719A-47A9-A140-4D075B7FC5E6.jpeg","width":1785,"height":1183},{"@type":"BreadcrumbList","@id":"https:\/\/blogg.svenskakyrkan.se\/horrugud\/2017\/11\/29\/en-facebookgrupp-for-oss-som-definierar-oss-som-charmfulla\/#breadcrumb","itemListElement":[{"@type":"ListItem","position":1,"name":"Hem","item":"https:\/\/blogg.svenskakyrkan.se\/horrugud\/"},{"@type":"ListItem","position":2,"name":"En facebookgrupp f\u00f6r oss som definierar oss som charmfulla"}]},{"@type":"WebSite","@id":"https:\/\/blogg.svenskakyrkan.se\/horrugud\/#website","url":"https:\/\/blogg.svenskakyrkan.se\/horrugud\/","name":"H\u00f6rru Gud","description":"Hypotetiska samtal med v\u00e5r Herre","potentialAction":[{"@type":"SearchAction","target":{"@type":"EntryPoint","urlTemplate":"https:\/\/blogg.svenskakyrkan.se\/horrugud\/?s={search_term_string}"},"query-input":{"@type":"PropertyValueSpecification","valueRequired":true,"valueName":"search_term_string"}}],"inLanguage":"sv-SE"},{"@type":"Person","@id":"https:\/\/blogg.svenskakyrkan.se\/horrugud\/#\/schema\/person\/595d75da5bf93cf9ca814c398b63ed6d","name":"Charlotte Frycklund, pr\u00e4st","image":{"@type":"ImageObject","inLanguage":"sv-SE","@id":"https:\/\/blogg.svenskakyrkan.se\/horrugud\/#\/schema\/person\/image\/","url":"https:\/\/secure.gravatar.com\/avatar\/10f37b82bf44def60f716a446302420cc1eb214cca306b573a488614ab47ee87?s=96&d=mm&r=g","contentUrl":"https:\/\/secure.gravatar.com\/avatar\/10f37b82bf44def60f716a446302420cc1eb214cca306b573a488614ab47ee87?s=96&d=mm&r=g","caption":"Charlotte Frycklund, pr\u00e4st"},"url":"https:\/\/blogg.svenskakyrkan.se\/horrugud\/author\/charlottefrycklund\/"}]}},"author_meta":{"ID":"569","user_nicename":"charlottefrycklund","user_registered":"2016-05-24 11:46:19","display_name":"Charlotte Frycklund, pr\u00e4st","first_name":"Charlotte","last_name":"Frycklund, pr\u00e4st","avatar":"https:\/\/secure.gravatar.com\/avatar\/10f37b82bf44def60f716a446302420cc1eb214cca306b573a488614ab47ee87?s=96&d=mm&r=g"},"featured_image":["https:\/\/blogg.svenskakyrkan.se\/horrugud\/files\/2018\/06\/27DC2BE3-719A-47A9-A140-4D075B7FC5E6-1024x679.jpeg",1024,679,true],"bloginfo":{"name":"H\u00f6rru Gud","url":"https:\/\/blogg.svenskakyrkan.se\/horrugud"},"_links":{"self":[{"href":"https:\/\/blogg.svenskakyrkan.se\/horrugud\/wp-json\/wp\/v2\/posts\/55","targetHints":{"allow":["GET"]}}],"collection":[{"href":"https:\/\/blogg.svenskakyrkan.se\/horrugud\/wp-json\/wp\/v2\/posts"}],"about":[{"href":"https:\/\/blogg.svenskakyrkan.se\/horrugud\/wp-json\/wp\/v2\/types\/post"}],"author":[{"embeddable":true,"href":"https:\/\/blogg.svenskakyrkan.se\/horrugud\/wp-json\/wp\/v2\/users\/569"}],"replies":[{"embeddable":true,"href":"https:\/\/blogg.svenskakyrkan.se\/horrugud\/wp-json\/wp\/v2\/comments?post=55"}],"version-history":[{"count":1,"href":"https:\/\/blogg.svenskakyrkan.se\/horrugud\/wp-json\/wp\/v2\/posts\/55\/revisions"}],"predecessor-version":[{"id":57,"href":"https:\/\/blogg.svenskakyrkan.se\/horrugud\/wp-json\/wp\/v2\/posts\/55\/revisions\/57"}],"wp:featuredmedia":[{"embeddable":true,"href":"https:\/\/blogg.svenskakyrkan.se\/horrugud\/wp-json\/wp\/v2\/media\/56"}],"wp:attachment":[{"href":"https:\/\/blogg.svenskakyrkan.se\/horrugud\/wp-json\/wp\/v2\/media?parent=55"}],"wp:term":[{"taxonomy":"category","embeddable":true,"href":"https:\/\/blogg.svenskakyrkan.se\/horrugud\/wp-json\/wp\/v2\/categories?post=55"},{"taxonomy":"post_tag","embeddable":true,"href":"https:\/\/blogg.svenskakyrkan.se\/horrugud\/wp-json\/wp\/v2\/tags?post=55"}],"curies":[{"name":"wp","href":"https:\/\/api.w.org\/{rel}","templated":true}]}}