{"id":58,"date":"2017-10-31T20:29:08","date_gmt":"2017-10-31T19:29:08","guid":{"rendered":"http:\/\/blogg.svenskakyrkan.se\/horrugud\/?p=58"},"modified":"2018-06-14T22:15:14","modified_gmt":"2018-06-14T20:15:14","slug":"odmjukhet-ar-typ-den-trakigaste-dygden","status":"publish","type":"post","link":"https:\/\/blogg.svenskakyrkan.se\/horrugud\/2017\/10\/31\/odmjukhet-ar-typ-den-trakigaste-dygden\/","title":{"rendered":"\u00d6dmjukhet \u00e4r typ den tr\u00e5kigaste dygden"},"content":{"rendered":"<p>Jag: Tycker du att du har humor?<br \/>\nGud: Bra fr\u00e5ga, tycker du att du har humor?<br \/>\nJag: Det beh\u00f6ver vi v\u00e4l inte ens fundera p\u00e5. Klart att jag har humor. MASSOR av humor.<br \/>\nGud: Mmm.<br \/>\nJag: Den stora fr\u00e5gan \u00e4r om du har humor.<br \/>\nGud: Tillr\u00e4ckligt med humor f\u00f6r att k\u00e4nna igen ett roligt sk\u00e4mt n\u00e4r jag ser det.<br \/>\nJag: Till exempel som mina sk\u00e4mt.<br \/>\nGud: Mmm.<br \/>\nJag: De \u00e4r V\u00c4LDIGT roliga.<br \/>\nGud: Mmm.<br \/>\nJag: Men om humor bygger p\u00e5 \u00f6verraskning, och du redan vet allting, hur kan du skratta d\u00e5?<br \/>\nGud: Jag kan skratta av gl\u00e4dje. O\u00f6verraskad gl\u00e4dje.<br \/>\nJag: L\u00e5ter ju j\u00e4ttekul.<br \/>\nGud: Om jag vet allting, s\u00e5 f\u00f6ljer det logiskt att jag ocks\u00e5 vet hur det k\u00e4nns att skratta \u00e5t ett riktigt g\u00f6tt sk\u00e4mt.<br \/>\nJag: Ett s\u00e5dant som jag drar.<br \/>\nGud: Och jag har lagt ner n\u00e5gra sk\u00e4mt alldeles sj\u00e4lv i skapelsen ocks\u00e5.<br \/>\nJag: Listigt.<br \/>\nGud: Ja.<br \/>\nJag: Som&#8230; m\u00e4n?<br \/>\nGud: Inte alla m\u00e4n.<br \/>\nJag: OK.<br \/>\nGud: Kul va? \u201dInte alla m\u00e4n?\u201d Jag kan till och med hashtagsk\u00e4mta.<br \/>\nJag: Det \u00e4r v\u00e4ldigt anv\u00e4ndbart. Har jag h\u00f6rt.<br \/>\nGud: Och hela den h\u00e4r f\u00f6rm\u00e5gan att dra sk\u00e4mt som du \u00e4r s\u00e5 stolt \u00f6ver, OCH f\u00f6rm\u00e5gan att uppskatta sk\u00e4mt, den har jag ocks\u00e5 lagt ner i m\u00e4nskligheten.<br \/>\nJag: Det \u00e4r en av de b\u00e4sta g\u00e5vorna.<br \/>\nGud: Det s\u00e4ger du om choklad ocks\u00e5.<br \/>\nJag: Gr\u00e4nsfall att humor \u00e4r b\u00e4ttre.<br \/>\nGud: GR\u00c4NSFALL?<br \/>\nJag: Jaja. Jojo. Humor \u00e4r nog b\u00e4ttre.<br \/>\nGud: S\u00e5 \u00e4r det svar p\u00e5 din fr\u00e5ga?<br \/>\nJag: Typ.<br \/>\nGud: Men&#8230;.?<br \/>\nJag: Men grejen \u00e4r att min humor m\u00e5ste v\u00e4l vara lite b\u00e4ttre \u00e4n andra m\u00e4nniskors humor?<br \/>\nGud: Eh.<br \/>\nJag: Jo men allts\u00e5 det finns en massa folk som har annan humor som inte \u00e4r lika rolig som min.<br \/>\nGud: OK. O. K. Oooookeeeej.<br \/>\nJag: Joho. Och d\u00e5 undrar jag bara varf\u00f6r det \u00e4r s\u00e5 or\u00e4ttvist? Varf\u00f6r har du inte v\u00e4lsignat dem i lika h\u00f6g grad som du har v\u00e4lsignat mig?<br \/>\nGud: Jag kanske bara har v\u00e4lsignat dem p\u00e5 andra s\u00e4tt?<br \/>\nJag: Med andra g\u00e5vor \u00e4n humor?<br \/>\nGud: Kanske. Eller med annan humor.<br \/>\nJag: Det blir ju s\u00e5 komplicerat om alla ska h\u00e5lla p\u00e5 att ha olika sorters humor.<br \/>\nGud: Jag gillar n\u00e4r det blir komplicerat.<br \/>\nJag: Ja&#8230; det \u00e4r sant. Det m\u00e4rks.<br \/>\nGud: Jag gillar saker som \u00e4r komplicerade s\u00e5 mycket att jag till och med skapade humor. F\u00f6r att p\u00e5minna er om att saker \u00e4r komplicerade.<br \/>\nJag: Som?<br \/>\nGud: Som jag till exempel. Jag \u00e4r v\u00e4ldigt komplex.<br \/>\nJag: Tell me about it.<br \/>\nGud: S\u00e5 stor att ni inte ens kan f\u00f6rst\u00e5 min storhet.<br \/>\nJag: Ja.<br \/>\nGud: S\u00e5 d\u00e5 ger jag er humor, en liten glimt ibland av n\u00e5got st\u00f6rre. Som ni n\u00e4stan kan f\u00e5nga in, men inte riktigt.<br \/>\nJag: Jag fattar inte.<br \/>\nGud: Exakt.<br \/>\nJag: Men allts\u00e5 jag fattade n\u00e4stan.<br \/>\nGud: Precis.<br \/>\nJag: S\u00e5 jag ska bara&#8230; st\u00e5 h\u00e4r och begripa att jag inte kan fatta?<br \/>\nGud: Ja.<br \/>\nJag: Och det tycker du \u00e4r roligt?<br \/>\nGud: Som du sade: Humor bygger p\u00e5 \u00f6verraskning.<br \/>\nJag: Och du blir inte \u00f6verraskad av att jag inte fa &#8211; &#8211;  ah.<br \/>\nGud: Men nu vet du.<br \/>\nJag: Jag har humor f\u00f6r att den l\u00e4r mig att f\u00f6rst\u00e5 dig.<br \/>\nGud: Inte riktigt.<br \/>\nJag: F\u00f6r att humor l\u00e4r mig att f\u00f6rst\u00e5 att jag inte f\u00f6rst\u00e5r dig.<br \/>\nGud: Nu n\u00e4rmar du dig.<br \/>\nJag: Det l\u00e5ter otroligt likt \u00f6dmjukhet.<br \/>\nGud: Nu b\u00f6rjar det br\u00e4nnas.<br \/>\nJag: Men \u00f6dmjukhet \u00e4r typ den tr\u00e5kigaste dygden.<br \/>\nGud: Och humor den roligaste.<br \/>\nJag: \u00c5h vad det \u00e4r komplicerat.<br \/>\nGud: Ja. Men det \u00e4r kul.<\/p>\n","protected":false},"excerpt":{"rendered":"<p>Jag: Tycker du att du har humor? Gud: Bra fr\u00e5ga, tycker du att du har humor? Jag: Det beh\u00f6ver vi v\u00e4l inte ens fundera p\u00e5. Klart att jag har humor. MASSOR av humor. Gud: Mmm. Jag: Den stora fr\u00e5gan \u00e4r om du har humor. Gud: Tillr\u00e4ckligt med humor f\u00f6r att k\u00e4nna igen ett roligt sk\u00e4mt [&hellip;]<\/p>\n","protected":false},"author":569,"featured_media":59,"comment_status":"open","ping_status":"open","sticky":false,"template":"","format":"standard","meta":{"_acf_changed":false,"footnotes":""},"categories":[61608],"tags":[160712,162955,165003,51728],"class_list":["post-58","post","type-post","status-publish","format-standard","has-post-thumbnail","hentry","category-vandring","tag-en-gang-ska-gud-och-jag","tag-horru-gud","tag-humor","tag-odmjukhet"],"acf":[],"yoast_head":"<!-- This site is optimized with the Yoast SEO plugin v27.1.1 - https:\/\/yoast.com\/product\/yoast-seo-wordpress\/ -->\n<title>\u00d6dmjukhet \u00e4r typ den tr\u00e5kigaste dygden - H\u00f6rru Gud<\/title>\n<meta name=\"robots\" content=\"index, follow, max-snippet:-1, max-image-preview:large, max-video-preview:-1\" \/>\n<link rel=\"canonical\" href=\"https:\/\/blogg.svenskakyrkan.se\/horrugud\/2017\/10\/31\/odmjukhet-ar-typ-den-trakigaste-dygden\/\" \/>\n<meta property=\"og:locale\" content=\"sv_SE\" \/>\n<meta property=\"og:type\" content=\"article\" \/>\n<meta property=\"og:title\" content=\"\u00d6dmjukhet \u00e4r typ den tr\u00e5kigaste dygden - H\u00f6rru Gud\" \/>\n<meta property=\"og:description\" content=\"Jag: Tycker du att du har humor? Gud: Bra fr\u00e5ga, tycker du att du har humor? Jag: Det beh\u00f6ver vi v\u00e4l inte ens fundera p\u00e5. Klart att jag har humor. MASSOR av humor. Gud: Mmm. Jag: Den stora fr\u00e5gan \u00e4r om du har humor. Gud: Tillr\u00e4ckligt med humor f\u00f6r att k\u00e4nna igen ett roligt sk\u00e4mt [&hellip;]\" \/>\n<meta property=\"og:url\" content=\"https:\/\/blogg.svenskakyrkan.se\/horrugud\/2017\/10\/31\/odmjukhet-ar-typ-den-trakigaste-dygden\/\" \/>\n<meta property=\"og:site_name\" content=\"H\u00f6rru Gud\" \/>\n<meta property=\"article:published_time\" content=\"2017-10-31T19:29:08+00:00\" \/>\n<meta property=\"article:modified_time\" content=\"2018-06-14T20:15:14+00:00\" \/>\n<meta property=\"og:image\" content=\"https:\/\/blogg.svenskakyrkan.se\/horrugud\/files\/2018\/06\/DCDC13EB-4953-4F7D-A41B-DA8DC482269D-1024x768.png\" \/>\n\t<meta property=\"og:image:width\" content=\"1024\" \/>\n\t<meta property=\"og:image:height\" content=\"768\" \/>\n\t<meta property=\"og:image:type\" content=\"image\/png\" \/>\n<meta name=\"author\" content=\"Charlotte Frycklund, pr\u00e4st\" \/>\n<meta name=\"twitter:card\" content=\"summary_large_image\" \/>\n<meta name=\"twitter:label1\" content=\"Skriven av\" \/>\n\t<meta name=\"twitter:data1\" content=\"Charlotte Frycklund, pr\u00e4st\" \/>\n\t<meta name=\"twitter:label2\" content=\"Ber\u00e4knad l\u00e4stid\" \/>\n\t<meta name=\"twitter:data2\" content=\"3 minuter\" \/>\n<script type=\"application\/ld+json\" class=\"yoast-schema-graph\">{\"@context\":\"https:\/\/schema.org\",\"@graph\":[{\"@type\":\"Article\",\"@id\":\"https:\/\/blogg.svenskakyrkan.se\/horrugud\/2017\/10\/31\/odmjukhet-ar-typ-den-trakigaste-dygden\/#article\",\"isPartOf\":{\"@id\":\"https:\/\/blogg.svenskakyrkan.se\/horrugud\/2017\/10\/31\/odmjukhet-ar-typ-den-trakigaste-dygden\/\"},\"author\":{\"name\":\"Charlotte Frycklund, pr\u00e4st\",\"@id\":\"https:\/\/blogg.svenskakyrkan.se\/horrugud\/#\/schema\/person\/595d75da5bf93cf9ca814c398b63ed6d\"},\"headline\":\"\u00d6dmjukhet \u00e4r typ den tr\u00e5kigaste dygden\",\"datePublished\":\"2017-10-31T19:29:08+00:00\",\"dateModified\":\"2018-06-14T20:15:14+00:00\",\"mainEntityOfPage\":{\"@id\":\"https:\/\/blogg.svenskakyrkan.se\/horrugud\/2017\/10\/31\/odmjukhet-ar-typ-den-trakigaste-dygden\/\"},\"wordCount\":673,\"commentCount\":0,\"image\":{\"@id\":\"https:\/\/blogg.svenskakyrkan.se\/horrugud\/2017\/10\/31\/odmjukhet-ar-typ-den-trakigaste-dygden\/#primaryimage\"},\"thumbnailUrl\":\"https:\/\/blogg.svenskakyrkan.se\/horrugud\/files\/2018\/06\/DCDC13EB-4953-4F7D-A41B-DA8DC482269D.png\",\"keywords\":[\"En g\u00e5ng ska Gud och jag\",\"H\u00f6rru Gud\",\"Humor\",\"\u00d6dmjukhet\"],\"articleSection\":[\"Vandring\"],\"inLanguage\":\"sv-SE\",\"potentialAction\":[{\"@type\":\"CommentAction\",\"name\":\"Comment\",\"target\":[\"https:\/\/blogg.svenskakyrkan.se\/horrugud\/2017\/10\/31\/odmjukhet-ar-typ-den-trakigaste-dygden\/#respond\"]}]},{\"@type\":\"WebPage\",\"@id\":\"https:\/\/blogg.svenskakyrkan.se\/horrugud\/2017\/10\/31\/odmjukhet-ar-typ-den-trakigaste-dygden\/\",\"url\":\"https:\/\/blogg.svenskakyrkan.se\/horrugud\/2017\/10\/31\/odmjukhet-ar-typ-den-trakigaste-dygden\/\",\"name\":\"\u00d6dmjukhet \u00e4r typ den tr\u00e5kigaste dygden - H\u00f6rru Gud\",\"isPartOf\":{\"@id\":\"https:\/\/blogg.svenskakyrkan.se\/horrugud\/#website\"},\"primaryImageOfPage\":{\"@id\":\"https:\/\/blogg.svenskakyrkan.se\/horrugud\/2017\/10\/31\/odmjukhet-ar-typ-den-trakigaste-dygden\/#primaryimage\"},\"image\":{\"@id\":\"https:\/\/blogg.svenskakyrkan.se\/horrugud\/2017\/10\/31\/odmjukhet-ar-typ-den-trakigaste-dygden\/#primaryimage\"},\"thumbnailUrl\":\"https:\/\/blogg.svenskakyrkan.se\/horrugud\/files\/2018\/06\/DCDC13EB-4953-4F7D-A41B-DA8DC482269D.png\",\"datePublished\":\"2017-10-31T19:29:08+00:00\",\"dateModified\":\"2018-06-14T20:15:14+00:00\",\"author\":{\"@id\":\"https:\/\/blogg.svenskakyrkan.se\/horrugud\/#\/schema\/person\/595d75da5bf93cf9ca814c398b63ed6d\"},\"breadcrumb\":{\"@id\":\"https:\/\/blogg.svenskakyrkan.se\/horrugud\/2017\/10\/31\/odmjukhet-ar-typ-den-trakigaste-dygden\/#breadcrumb\"},\"inLanguage\":\"sv-SE\",\"potentialAction\":[{\"@type\":\"ReadAction\",\"target\":[\"https:\/\/blogg.svenskakyrkan.se\/horrugud\/2017\/10\/31\/odmjukhet-ar-typ-den-trakigaste-dygden\/\"]}]},{\"@type\":\"ImageObject\",\"inLanguage\":\"sv-SE\",\"@id\":\"https:\/\/blogg.svenskakyrkan.se\/horrugud\/2017\/10\/31\/odmjukhet-ar-typ-den-trakigaste-dygden\/#primaryimage\",\"url\":\"https:\/\/blogg.svenskakyrkan.se\/horrugud\/files\/2018\/06\/DCDC13EB-4953-4F7D-A41B-DA8DC482269D.png\",\"contentUrl\":\"https:\/\/blogg.svenskakyrkan.se\/horrugud\/files\/2018\/06\/DCDC13EB-4953-4F7D-A41B-DA8DC482269D.png\",\"width\":2048,\"height\":1536},{\"@type\":\"BreadcrumbList\",\"@id\":\"https:\/\/blogg.svenskakyrkan.se\/horrugud\/2017\/10\/31\/odmjukhet-ar-typ-den-trakigaste-dygden\/#breadcrumb\",\"itemListElement\":[{\"@type\":\"ListItem\",\"position\":1,\"name\":\"Hem\",\"item\":\"https:\/\/blogg.svenskakyrkan.se\/horrugud\/\"},{\"@type\":\"ListItem\",\"position\":2,\"name\":\"\u00d6dmjukhet \u00e4r typ den tr\u00e5kigaste dygden\"}]},{\"@type\":\"WebSite\",\"@id\":\"https:\/\/blogg.svenskakyrkan.se\/horrugud\/#website\",\"url\":\"https:\/\/blogg.svenskakyrkan.se\/horrugud\/\",\"name\":\"H\u00f6rru Gud\",\"description\":\"Hypotetiska samtal med v\u00e5r Herre\",\"potentialAction\":[{\"@type\":\"SearchAction\",\"target\":{\"@type\":\"EntryPoint\",\"urlTemplate\":\"https:\/\/blogg.svenskakyrkan.se\/horrugud\/?s={search_term_string}\"},\"query-input\":{\"@type\":\"PropertyValueSpecification\",\"valueRequired\":true,\"valueName\":\"search_term_string\"}}],\"inLanguage\":\"sv-SE\"},{\"@type\":\"Person\",\"@id\":\"https:\/\/blogg.svenskakyrkan.se\/horrugud\/#\/schema\/person\/595d75da5bf93cf9ca814c398b63ed6d\",\"name\":\"Charlotte Frycklund, pr\u00e4st\",\"image\":{\"@type\":\"ImageObject\",\"inLanguage\":\"sv-SE\",\"@id\":\"https:\/\/blogg.svenskakyrkan.se\/horrugud\/#\/schema\/person\/image\/\",\"url\":\"https:\/\/secure.gravatar.com\/avatar\/10f37b82bf44def60f716a446302420cc1eb214cca306b573a488614ab47ee87?s=96&d=mm&r=g\",\"contentUrl\":\"https:\/\/secure.gravatar.com\/avatar\/10f37b82bf44def60f716a446302420cc1eb214cca306b573a488614ab47ee87?s=96&d=mm&r=g\",\"caption\":\"Charlotte Frycklund, pr\u00e4st\"},\"url\":\"https:\/\/blogg.svenskakyrkan.se\/horrugud\/author\/charlottefrycklund\/\"}]}<\/script>\n<!-- \/ Yoast SEO plugin. -->","yoast_head_json":{"title":"\u00d6dmjukhet \u00e4r typ den tr\u00e5kigaste dygden - H\u00f6rru Gud","robots":{"index":"index","follow":"follow","max-snippet":"max-snippet:-1","max-image-preview":"max-image-preview:large","max-video-preview":"max-video-preview:-1"},"canonical":"https:\/\/blogg.svenskakyrkan.se\/horrugud\/2017\/10\/31\/odmjukhet-ar-typ-den-trakigaste-dygden\/","og_locale":"sv_SE","og_type":"article","og_title":"\u00d6dmjukhet \u00e4r typ den tr\u00e5kigaste dygden - H\u00f6rru Gud","og_description":"Jag: Tycker du att du har humor? Gud: Bra fr\u00e5ga, tycker du att du har humor? Jag: Det beh\u00f6ver vi v\u00e4l inte ens fundera p\u00e5. Klart att jag har humor. MASSOR av humor. Gud: Mmm. Jag: Den stora fr\u00e5gan \u00e4r om du har humor. Gud: Tillr\u00e4ckligt med humor f\u00f6r att k\u00e4nna igen ett roligt sk\u00e4mt [&hellip;]","og_url":"https:\/\/blogg.svenskakyrkan.se\/horrugud\/2017\/10\/31\/odmjukhet-ar-typ-den-trakigaste-dygden\/","og_site_name":"H\u00f6rru Gud","article_published_time":"2017-10-31T19:29:08+00:00","article_modified_time":"2018-06-14T20:15:14+00:00","og_image":[{"width":1024,"height":768,"url":"https:\/\/blogg.svenskakyrkan.se\/horrugud\/files\/2018\/06\/DCDC13EB-4953-4F7D-A41B-DA8DC482269D-1024x768.png","type":"image\/png"}],"author":"Charlotte Frycklund, pr\u00e4st","twitter_card":"summary_large_image","twitter_misc":{"Skriven av":"Charlotte Frycklund, pr\u00e4st","Ber\u00e4knad l\u00e4stid":"3 minuter"},"schema":{"@context":"https:\/\/schema.org","@graph":[{"@type":"Article","@id":"https:\/\/blogg.svenskakyrkan.se\/horrugud\/2017\/10\/31\/odmjukhet-ar-typ-den-trakigaste-dygden\/#article","isPartOf":{"@id":"https:\/\/blogg.svenskakyrkan.se\/horrugud\/2017\/10\/31\/odmjukhet-ar-typ-den-trakigaste-dygden\/"},"author":{"name":"Charlotte Frycklund, pr\u00e4st","@id":"https:\/\/blogg.svenskakyrkan.se\/horrugud\/#\/schema\/person\/595d75da5bf93cf9ca814c398b63ed6d"},"headline":"\u00d6dmjukhet \u00e4r typ den tr\u00e5kigaste dygden","datePublished":"2017-10-31T19:29:08+00:00","dateModified":"2018-06-14T20:15:14+00:00","mainEntityOfPage":{"@id":"https:\/\/blogg.svenskakyrkan.se\/horrugud\/2017\/10\/31\/odmjukhet-ar-typ-den-trakigaste-dygden\/"},"wordCount":673,"commentCount":0,"image":{"@id":"https:\/\/blogg.svenskakyrkan.se\/horrugud\/2017\/10\/31\/odmjukhet-ar-typ-den-trakigaste-dygden\/#primaryimage"},"thumbnailUrl":"https:\/\/blogg.svenskakyrkan.se\/horrugud\/files\/2018\/06\/DCDC13EB-4953-4F7D-A41B-DA8DC482269D.png","keywords":["En g\u00e5ng ska Gud och jag","H\u00f6rru Gud","Humor","\u00d6dmjukhet"],"articleSection":["Vandring"],"inLanguage":"sv-SE","potentialAction":[{"@type":"CommentAction","name":"Comment","target":["https:\/\/blogg.svenskakyrkan.se\/horrugud\/2017\/10\/31\/odmjukhet-ar-typ-den-trakigaste-dygden\/#respond"]}]},{"@type":"WebPage","@id":"https:\/\/blogg.svenskakyrkan.se\/horrugud\/2017\/10\/31\/odmjukhet-ar-typ-den-trakigaste-dygden\/","url":"https:\/\/blogg.svenskakyrkan.se\/horrugud\/2017\/10\/31\/odmjukhet-ar-typ-den-trakigaste-dygden\/","name":"\u00d6dmjukhet \u00e4r typ den tr\u00e5kigaste dygden - H\u00f6rru Gud","isPartOf":{"@id":"https:\/\/blogg.svenskakyrkan.se\/horrugud\/#website"},"primaryImageOfPage":{"@id":"https:\/\/blogg.svenskakyrkan.se\/horrugud\/2017\/10\/31\/odmjukhet-ar-typ-den-trakigaste-dygden\/#primaryimage"},"image":{"@id":"https:\/\/blogg.svenskakyrkan.se\/horrugud\/2017\/10\/31\/odmjukhet-ar-typ-den-trakigaste-dygden\/#primaryimage"},"thumbnailUrl":"https:\/\/blogg.svenskakyrkan.se\/horrugud\/files\/2018\/06\/DCDC13EB-4953-4F7D-A41B-DA8DC482269D.png","datePublished":"2017-10-31T19:29:08+00:00","dateModified":"2018-06-14T20:15:14+00:00","author":{"@id":"https:\/\/blogg.svenskakyrkan.se\/horrugud\/#\/schema\/person\/595d75da5bf93cf9ca814c398b63ed6d"},"breadcrumb":{"@id":"https:\/\/blogg.svenskakyrkan.se\/horrugud\/2017\/10\/31\/odmjukhet-ar-typ-den-trakigaste-dygden\/#breadcrumb"},"inLanguage":"sv-SE","potentialAction":[{"@type":"ReadAction","target":["https:\/\/blogg.svenskakyrkan.se\/horrugud\/2017\/10\/31\/odmjukhet-ar-typ-den-trakigaste-dygden\/"]}]},{"@type":"ImageObject","inLanguage":"sv-SE","@id":"https:\/\/blogg.svenskakyrkan.se\/horrugud\/2017\/10\/31\/odmjukhet-ar-typ-den-trakigaste-dygden\/#primaryimage","url":"https:\/\/blogg.svenskakyrkan.se\/horrugud\/files\/2018\/06\/DCDC13EB-4953-4F7D-A41B-DA8DC482269D.png","contentUrl":"https:\/\/blogg.svenskakyrkan.se\/horrugud\/files\/2018\/06\/DCDC13EB-4953-4F7D-A41B-DA8DC482269D.png","width":2048,"height":1536},{"@type":"BreadcrumbList","@id":"https:\/\/blogg.svenskakyrkan.se\/horrugud\/2017\/10\/31\/odmjukhet-ar-typ-den-trakigaste-dygden\/#breadcrumb","itemListElement":[{"@type":"ListItem","position":1,"name":"Hem","item":"https:\/\/blogg.svenskakyrkan.se\/horrugud\/"},{"@type":"ListItem","position":2,"name":"\u00d6dmjukhet \u00e4r typ den tr\u00e5kigaste dygden"}]},{"@type":"WebSite","@id":"https:\/\/blogg.svenskakyrkan.se\/horrugud\/#website","url":"https:\/\/blogg.svenskakyrkan.se\/horrugud\/","name":"H\u00f6rru Gud","description":"Hypotetiska samtal med v\u00e5r Herre","potentialAction":[{"@type":"SearchAction","target":{"@type":"EntryPoint","urlTemplate":"https:\/\/blogg.svenskakyrkan.se\/horrugud\/?s={search_term_string}"},"query-input":{"@type":"PropertyValueSpecification","valueRequired":true,"valueName":"search_term_string"}}],"inLanguage":"sv-SE"},{"@type":"Person","@id":"https:\/\/blogg.svenskakyrkan.se\/horrugud\/#\/schema\/person\/595d75da5bf93cf9ca814c398b63ed6d","name":"Charlotte Frycklund, pr\u00e4st","image":{"@type":"ImageObject","inLanguage":"sv-SE","@id":"https:\/\/blogg.svenskakyrkan.se\/horrugud\/#\/schema\/person\/image\/","url":"https:\/\/secure.gravatar.com\/avatar\/10f37b82bf44def60f716a446302420cc1eb214cca306b573a488614ab47ee87?s=96&d=mm&r=g","contentUrl":"https:\/\/secure.gravatar.com\/avatar\/10f37b82bf44def60f716a446302420cc1eb214cca306b573a488614ab47ee87?s=96&d=mm&r=g","caption":"Charlotte Frycklund, pr\u00e4st"},"url":"https:\/\/blogg.svenskakyrkan.se\/horrugud\/author\/charlottefrycklund\/"}]}},"author_meta":{"ID":"569","user_nicename":"charlottefrycklund","user_registered":"2016-05-24 11:46:19","display_name":"Charlotte Frycklund, pr\u00e4st","first_name":"Charlotte","last_name":"Frycklund, pr\u00e4st","avatar":"https:\/\/secure.gravatar.com\/avatar\/10f37b82bf44def60f716a446302420cc1eb214cca306b573a488614ab47ee87?s=96&d=mm&r=g"},"featured_image":["https:\/\/blogg.svenskakyrkan.se\/horrugud\/files\/2018\/06\/DCDC13EB-4953-4F7D-A41B-DA8DC482269D-1024x768.png",1024,768,true],"bloginfo":{"name":"H\u00f6rru Gud","url":"https:\/\/blogg.svenskakyrkan.se\/horrugud"},"_links":{"self":[{"href":"https:\/\/blogg.svenskakyrkan.se\/horrugud\/wp-json\/wp\/v2\/posts\/58","targetHints":{"allow":["GET"]}}],"collection":[{"href":"https:\/\/blogg.svenskakyrkan.se\/horrugud\/wp-json\/wp\/v2\/posts"}],"about":[{"href":"https:\/\/blogg.svenskakyrkan.se\/horrugud\/wp-json\/wp\/v2\/types\/post"}],"author":[{"embeddable":true,"href":"https:\/\/blogg.svenskakyrkan.se\/horrugud\/wp-json\/wp\/v2\/users\/569"}],"replies":[{"embeddable":true,"href":"https:\/\/blogg.svenskakyrkan.se\/horrugud\/wp-json\/wp\/v2\/comments?post=58"}],"version-history":[{"count":1,"href":"https:\/\/blogg.svenskakyrkan.se\/horrugud\/wp-json\/wp\/v2\/posts\/58\/revisions"}],"predecessor-version":[{"id":60,"href":"https:\/\/blogg.svenskakyrkan.se\/horrugud\/wp-json\/wp\/v2\/posts\/58\/revisions\/60"}],"wp:featuredmedia":[{"embeddable":true,"href":"https:\/\/blogg.svenskakyrkan.se\/horrugud\/wp-json\/wp\/v2\/media\/59"}],"wp:attachment":[{"href":"https:\/\/blogg.svenskakyrkan.se\/horrugud\/wp-json\/wp\/v2\/media?parent=58"}],"wp:term":[{"taxonomy":"category","embeddable":true,"href":"https:\/\/blogg.svenskakyrkan.se\/horrugud\/wp-json\/wp\/v2\/categories?post=58"},{"taxonomy":"post_tag","embeddable":true,"href":"https:\/\/blogg.svenskakyrkan.se\/horrugud\/wp-json\/wp\/v2\/tags?post=58"}],"curies":[{"name":"wp","href":"https:\/\/api.w.org\/{rel}","templated":true}]}}