{"id":61,"date":"2017-09-29T20:38:15","date_gmt":"2017-09-29T18:38:15","guid":{"rendered":"http:\/\/blogg.svenskakyrkan.se\/horrugud\/?p=61"},"modified":"2018-06-14T22:15:27","modified_gmt":"2018-06-14T20:15:27","slug":"vad-det-nu-ar-for-skillnad-pa-humor-och-arvssynd","status":"publish","type":"post","link":"https:\/\/blogg.svenskakyrkan.se\/horrugud\/2017\/09\/29\/vad-det-nu-ar-for-skillnad-pa-humor-och-arvssynd\/","title":{"rendered":"Vad det nu \u00e4r f\u00f6r skillnad p\u00e5 humor och arvssynd"},"content":{"rendered":"<p>Jag: Hur \u00e4r det m\u00f6jligt att det som \u00e4r s\u00e5 viktigt och fint f\u00f6r vissa \u00e4r s\u00e5 otroligt st\u00f6tande och jobbigt f\u00f6r andra?<br \/>\nGud: Du t\u00e4nker p\u00e5&#8230;.<br \/>\nJag: Jag vet inte. Jag har n\u00e5gon slags gen i mig som tycker att fina vackra citat \u00e4r superirriterande.<br \/>\nGud: Mmm.<br \/>\nJag: Cyniska och sarkastiska citat d\u00e4remot gillar jag.<br \/>\nGud: Gen s\u00e4ger du. Jag s\u00e4ger n\u00e5got annat.<br \/>\nJag: Humor?<br \/>\nGud: Eller arvsynd.<br \/>\nJag: En g\u00e5ng n\u00e4r vi \u00e4r ute och g\u00e5r \u00f6ver de himmelska vidderna ska jag fr\u00e5ga \u00f6ver skillnaden mellan humor och arvsynd.<br \/>\nGud: G\u00f6r det. Det k\u00e4nns som att det kan bli intressant.<br \/>\nJag: Men idag undrar jag bara \u00f6ver det h\u00e4r att alla \u00e4r s\u00e5 olika och varf\u00f6r \u2014 tja, varf\u00f6r jag inte kan n\u00f6ja mig med att tycka att fina citat \u00e4r fina?<br \/>\nGud: Tja&#8230;<br \/>\nJag: Varf\u00f6r m\u00e5ste jag ha lite vasshet med i allt f\u00f6r att jag ska gilla det? Varf\u00f6r \u00e4r jag inte som alla andra?<br \/>\nGud: Tanken svindlar.<br \/>\nJag: Haha.<br \/>\nGud: Tanken mer \u00e4n svindlar. Tanken djupdyker som fr\u00e5n en sextiometerstrampolin, g\u00f6r flera saltomortaler och faller snyggt ner i en bak\u00e5tf\u00e4llkniv som Ester Williams ungef\u00e4r.<br \/>\nJag: D\u00e4r har vi en till.<br \/>\nGud: En till?<br \/>\nJag: En till som jag kunde vara mer som. Mer normal. Som Ester Williams.<br \/>\nGud: Hur ofta tr\u00e4nar du synkroniserad simning?<br \/>\nJag: Inte s\u00e5 ofta att det \u00e4r n\u00e5gon st\u00f6rre risk att jag blir som Ester Williams. Men det f\u00f6rklarar inte varf\u00f6r folk \u00e4r olika.<br \/>\nGud: Det finns s\u00e5 m\u00e5nga f\u00f6rklaringar p\u00e5 det s\u00e5 jag vet knappt var jag ska b\u00f6rja.<br \/>\nJag: Jag har vissa kollegor som \u00e4lskar att predika \u00f6ver den d\u00e4r Leonard Cohen-grejen om att det \u00e4r &#8221;a crack in everything, thats where the light gets in&#8221;.<br \/>\nGud: Mmm.<br \/>\nJag: Och s\u00e5 har jag en kollega som s\u00e4ger att det \u00e4r CRACK i allting ist\u00e4llet.<br \/>\nGud: Mmm.<br \/>\nJag: Roligt.<br \/>\nGud: Mmm.<br \/>\nJag: Grejen \u00e4r att jag f\u00f6rst\u00e5r inte riktigt f\u00f6r att det vore ju b\u00e4ttre om folk inte br\u00e5kade om s\u00e5dana saker.<br \/>\nGud: Om folk inte br\u00e5kade om Leonard Cohen-texter?<br \/>\nJag: Ja.<br \/>\nGud: Jo, du vet det d\u00e4r med att du tycker att vissa saker \u00e4r roligare n\u00e4r de \u00e4r snurrade ett varv? Allts\u00e5 att l\u00e5ten &#8221;Jag blir s\u00e5 glad n\u00e4r solen skiner \u00f6ver hela Sveriges land&#8221; inte g\u00f6r dig glad utan lite sur?<br \/>\nJag: (sjunger) &#8221;Jag blir s\u00e5 ARG n\u00e4r solen skiner \u00f6ver hela Sveriges land.&#8221; F\u00f6rl\u00e5t. Jag m\u00e5ste bara g\u00f6ra om.<br \/>\nGud: Ja. S\u00e5 \u00e4r det. Vissa kan uppskatta storheten i det enkla och vissa gillar att g\u00f6ra saker lite mer komplicerade. Det g\u00f6r inget. Det \u00e4r samma skapelse. Ni f\u00e5r uppskatta olika saker i den.<br \/>\nJag: S\u00e5 jag \u00e4r inte en s\u00e4mre m\u00e4nniska bara f\u00f6r att jag f\u00e5r lust att skriva om saker s\u00e5 att de blir lite roligare?<br \/>\nGud: Inte s\u00e4mre. Inte n\u00f6dv\u00e4ndigtvis s\u00e4mre. Men liksom&#8230; mer komplicerad.<br \/>\nJag: (djupt) Jag \u00e4r komplex. M\u00e5ngfacetterad. Liksom&#8230; lite mer&#8230; filosofisk.<br \/>\nGud: Det vet jag inte riktigt om jag&#8230;.<br \/>\nJag: Jag \u00e4r liksom bara lite b\u00e4ttre \u00e4n somliga andra.<br \/>\nGud: S\u00e5 t\u00e4nkte jag INTE.<br \/>\nJag: Men det \u00e4r ju s\u00e5 det \u00e4r. Vissa bara g\u00e5r omkring och njuter av det enkla. Jag njuter av det SV\u00c5RA.<br \/>\nGud: Det tog dig mindre \u00e4n en minut att ta dig fr\u00e5n fr\u00e5gan om du inte var lika bra som andra m\u00e4nniskor, till att konstatera att du \u00e4r mycket b\u00e4ttre \u00e4n dem.<br \/>\nJag: Jag \u00e4r inte bara speciell, jag \u00e4r snabb ocks\u00e5.<br \/>\nGud: Mmm.<br \/>\nJag: OK, s\u00e5 \u00e4r jag inte bra d\u00e5?<br \/>\nGud: (efter en kort men fullt m\u00e4rkbar tystnad) Klart att du \u00e4r bra.<br \/>\nJag: Bra.<br \/>\nGud: Men det \u00e4r inte det det handlar om.<br \/>\nJag: Eh&#8230; jo. F\u00f6r mig.<br \/>\nGud: Men inte f\u00f6r mig.<br \/>\nJag: F\u00f6r att du inte fattar storheten i att mata mitt ego.<br \/>\nGud: Tro mig, om jag inte fattade storheten med det skulle jag aldrig ha l\u00e5tit dig hitta till facebook.<br \/>\nJag: Vad handlar det om d\u00e5?<br \/>\nGud: Det handlar om att alla m\u00e4nniskor, oavsett om man gillar citat med bilder av Nalle Puh eller citat som \u00e4r skruvade ett varv och tryckta med vita bokst\u00e4ver p\u00e5 svart text, ALLA m\u00e4nniskor har g\u00e5van att f\u00f6ra andra till sanning och k\u00e4rlek och godhet.<br \/>\nJag: Alla m\u00e4nniskor s\u00e4ger du.<br \/>\nGud: Alla har den g\u00e5van. Alla anv\u00e4nder den inte, men alla har den.<br \/>\nJag: S\u00e5 du kan typ&#8230; tala genom ett Nalle Puh-citat?<br \/>\nGud: Det viktiga, det enda viktiga, \u00e4r att jag \u00e4r k\u00e4rlek. Hur den kunskapen sprids till n\u00e5gon \u00e4r olika. Det kan vara ett enkelt och s\u00f6tt citat, det kan vara ett sarkastiskt och komplext citat. Det kan vara n\u00e5got helt annat \u00e4n ett citat. Det kan vara helt osannolika saker.<br \/>\nJag: There is a crack in everything.<br \/>\nGud: Thats where the light gets in.<br \/>\nJag: Amen.<br \/>\nGud: Exakt s\u00e5.<\/p>\n","protected":false},"excerpt":{"rendered":"<p>Jag: Hur \u00e4r det m\u00f6jligt att det som \u00e4r s\u00e5 viktigt och fint f\u00f6r vissa \u00e4r s\u00e5 otroligt st\u00f6tande och jobbigt f\u00f6r andra? Gud: Du t\u00e4nker p\u00e5&#8230;. Jag: Jag vet inte. Jag har n\u00e5gon slags gen i mig som tycker att fina vackra citat \u00e4r superirriterande. Gud: Mmm. Jag: Cyniska och sarkastiska citat d\u00e4remot gillar [&hellip;]<\/p>\n","protected":false},"author":569,"featured_media":62,"comment_status":"open","ping_status":"open","sticky":false,"template":"","format":"standard","meta":{"_acf_changed":false,"footnotes":""},"categories":[61608],"tags":[165313,160712,165526,162955,165003],"class_list":["post-61","post","type-post","status-publish","format-standard","has-post-thumbnail","hentry","category-vandring","tag-arvssynd","tag-en-gang-ska-gud-och-jag","tag-ester-williams","tag-horru-gud","tag-humor"],"acf":[],"yoast_head":"<!-- This site is optimized with the Yoast SEO plugin v27.1.1 - https:\/\/yoast.com\/product\/yoast-seo-wordpress\/ -->\n<title>Vad det nu \u00e4r f\u00f6r skillnad p\u00e5 humor och arvssynd - H\u00f6rru Gud<\/title>\n<meta name=\"robots\" content=\"index, follow, max-snippet:-1, max-image-preview:large, max-video-preview:-1\" \/>\n<link rel=\"canonical\" href=\"https:\/\/blogg.svenskakyrkan.se\/horrugud\/2017\/09\/29\/vad-det-nu-ar-for-skillnad-pa-humor-och-arvssynd\/\" \/>\n<meta property=\"og:locale\" content=\"sv_SE\" \/>\n<meta property=\"og:type\" content=\"article\" \/>\n<meta property=\"og:title\" content=\"Vad det nu \u00e4r f\u00f6r skillnad p\u00e5 humor och arvssynd - H\u00f6rru Gud\" \/>\n<meta property=\"og:description\" content=\"Jag: Hur \u00e4r det m\u00f6jligt att det som \u00e4r s\u00e5 viktigt och fint f\u00f6r vissa \u00e4r s\u00e5 otroligt st\u00f6tande och jobbigt f\u00f6r andra? Gud: Du t\u00e4nker p\u00e5&#8230;. Jag: Jag vet inte. Jag har n\u00e5gon slags gen i mig som tycker att fina vackra citat \u00e4r superirriterande. Gud: Mmm. Jag: Cyniska och sarkastiska citat d\u00e4remot gillar [&hellip;]\" \/>\n<meta property=\"og:url\" content=\"https:\/\/blogg.svenskakyrkan.se\/horrugud\/2017\/09\/29\/vad-det-nu-ar-for-skillnad-pa-humor-och-arvssynd\/\" \/>\n<meta property=\"og:site_name\" content=\"H\u00f6rru Gud\" \/>\n<meta property=\"article:published_time\" content=\"2017-09-29T18:38:15+00:00\" \/>\n<meta property=\"article:modified_time\" content=\"2018-06-14T20:15:27+00:00\" \/>\n<meta property=\"og:image\" content=\"https:\/\/blogg.svenskakyrkan.se\/horrugud\/files\/2018\/06\/23484AF7-0C57-45D8-A6A6-5E71D91E0A6F.jpeg\" \/>\n\t<meta property=\"og:image:width\" content=\"730\" \/>\n\t<meta property=\"og:image:height\" content=\"960\" \/>\n\t<meta property=\"og:image:type\" content=\"image\/jpeg\" \/>\n<meta name=\"author\" content=\"Charlotte Frycklund, pr\u00e4st\" \/>\n<meta name=\"twitter:card\" content=\"summary_large_image\" \/>\n<meta name=\"twitter:label1\" content=\"Skriven av\" \/>\n\t<meta name=\"twitter:data1\" content=\"Charlotte Frycklund, pr\u00e4st\" \/>\n\t<meta name=\"twitter:label2\" content=\"Ber\u00e4knad l\u00e4stid\" \/>\n\t<meta name=\"twitter:data2\" content=\"4 minuter\" \/>\n<script type=\"application\/ld+json\" class=\"yoast-schema-graph\">{\"@context\":\"https:\/\/schema.org\",\"@graph\":[{\"@type\":\"Article\",\"@id\":\"https:\/\/blogg.svenskakyrkan.se\/horrugud\/2017\/09\/29\/vad-det-nu-ar-for-skillnad-pa-humor-och-arvssynd\/#article\",\"isPartOf\":{\"@id\":\"https:\/\/blogg.svenskakyrkan.se\/horrugud\/2017\/09\/29\/vad-det-nu-ar-for-skillnad-pa-humor-och-arvssynd\/\"},\"author\":{\"name\":\"Charlotte Frycklund, pr\u00e4st\",\"@id\":\"https:\/\/blogg.svenskakyrkan.se\/horrugud\/#\/schema\/person\/595d75da5bf93cf9ca814c398b63ed6d\"},\"headline\":\"Vad det nu \u00e4r f\u00f6r skillnad p\u00e5 humor och arvssynd\",\"datePublished\":\"2017-09-29T18:38:15+00:00\",\"dateModified\":\"2018-06-14T20:15:27+00:00\",\"mainEntityOfPage\":{\"@id\":\"https:\/\/blogg.svenskakyrkan.se\/horrugud\/2017\/09\/29\/vad-det-nu-ar-for-skillnad-pa-humor-och-arvssynd\/\"},\"wordCount\":899,\"commentCount\":1,\"image\":{\"@id\":\"https:\/\/blogg.svenskakyrkan.se\/horrugud\/2017\/09\/29\/vad-det-nu-ar-for-skillnad-pa-humor-och-arvssynd\/#primaryimage\"},\"thumbnailUrl\":\"https:\/\/blogg.svenskakyrkan.se\/horrugud\/files\/2018\/06\/23484AF7-0C57-45D8-A6A6-5E71D91E0A6F.jpeg\",\"keywords\":[\"Arvssynd\",\"En g\u00e5ng ska Gud och jag\",\"Ester Williams\",\"H\u00f6rru Gud\",\"Humor\"],\"articleSection\":[\"Vandring\"],\"inLanguage\":\"sv-SE\",\"potentialAction\":[{\"@type\":\"CommentAction\",\"name\":\"Comment\",\"target\":[\"https:\/\/blogg.svenskakyrkan.se\/horrugud\/2017\/09\/29\/vad-det-nu-ar-for-skillnad-pa-humor-och-arvssynd\/#respond\"]}]},{\"@type\":\"WebPage\",\"@id\":\"https:\/\/blogg.svenskakyrkan.se\/horrugud\/2017\/09\/29\/vad-det-nu-ar-for-skillnad-pa-humor-och-arvssynd\/\",\"url\":\"https:\/\/blogg.svenskakyrkan.se\/horrugud\/2017\/09\/29\/vad-det-nu-ar-for-skillnad-pa-humor-och-arvssynd\/\",\"name\":\"Vad det nu \u00e4r f\u00f6r skillnad p\u00e5 humor och arvssynd - H\u00f6rru Gud\",\"isPartOf\":{\"@id\":\"https:\/\/blogg.svenskakyrkan.se\/horrugud\/#website\"},\"primaryImageOfPage\":{\"@id\":\"https:\/\/blogg.svenskakyrkan.se\/horrugud\/2017\/09\/29\/vad-det-nu-ar-for-skillnad-pa-humor-och-arvssynd\/#primaryimage\"},\"image\":{\"@id\":\"https:\/\/blogg.svenskakyrkan.se\/horrugud\/2017\/09\/29\/vad-det-nu-ar-for-skillnad-pa-humor-och-arvssynd\/#primaryimage\"},\"thumbnailUrl\":\"https:\/\/blogg.svenskakyrkan.se\/horrugud\/files\/2018\/06\/23484AF7-0C57-45D8-A6A6-5E71D91E0A6F.jpeg\",\"datePublished\":\"2017-09-29T18:38:15+00:00\",\"dateModified\":\"2018-06-14T20:15:27+00:00\",\"author\":{\"@id\":\"https:\/\/blogg.svenskakyrkan.se\/horrugud\/#\/schema\/person\/595d75da5bf93cf9ca814c398b63ed6d\"},\"breadcrumb\":{\"@id\":\"https:\/\/blogg.svenskakyrkan.se\/horrugud\/2017\/09\/29\/vad-det-nu-ar-for-skillnad-pa-humor-och-arvssynd\/#breadcrumb\"},\"inLanguage\":\"sv-SE\",\"potentialAction\":[{\"@type\":\"ReadAction\",\"target\":[\"https:\/\/blogg.svenskakyrkan.se\/horrugud\/2017\/09\/29\/vad-det-nu-ar-for-skillnad-pa-humor-och-arvssynd\/\"]}]},{\"@type\":\"ImageObject\",\"inLanguage\":\"sv-SE\",\"@id\":\"https:\/\/blogg.svenskakyrkan.se\/horrugud\/2017\/09\/29\/vad-det-nu-ar-for-skillnad-pa-humor-och-arvssynd\/#primaryimage\",\"url\":\"https:\/\/blogg.svenskakyrkan.se\/horrugud\/files\/2018\/06\/23484AF7-0C57-45D8-A6A6-5E71D91E0A6F.jpeg\",\"contentUrl\":\"https:\/\/blogg.svenskakyrkan.se\/horrugud\/files\/2018\/06\/23484AF7-0C57-45D8-A6A6-5E71D91E0A6F.jpeg\",\"width\":730,\"height\":960},{\"@type\":\"BreadcrumbList\",\"@id\":\"https:\/\/blogg.svenskakyrkan.se\/horrugud\/2017\/09\/29\/vad-det-nu-ar-for-skillnad-pa-humor-och-arvssynd\/#breadcrumb\",\"itemListElement\":[{\"@type\":\"ListItem\",\"position\":1,\"name\":\"Hem\",\"item\":\"https:\/\/blogg.svenskakyrkan.se\/horrugud\/\"},{\"@type\":\"ListItem\",\"position\":2,\"name\":\"Vad det nu \u00e4r f\u00f6r skillnad p\u00e5 humor och arvssynd\"}]},{\"@type\":\"WebSite\",\"@id\":\"https:\/\/blogg.svenskakyrkan.se\/horrugud\/#website\",\"url\":\"https:\/\/blogg.svenskakyrkan.se\/horrugud\/\",\"name\":\"H\u00f6rru Gud\",\"description\":\"Hypotetiska samtal med v\u00e5r Herre\",\"potentialAction\":[{\"@type\":\"SearchAction\",\"target\":{\"@type\":\"EntryPoint\",\"urlTemplate\":\"https:\/\/blogg.svenskakyrkan.se\/horrugud\/?s={search_term_string}\"},\"query-input\":{\"@type\":\"PropertyValueSpecification\",\"valueRequired\":true,\"valueName\":\"search_term_string\"}}],\"inLanguage\":\"sv-SE\"},{\"@type\":\"Person\",\"@id\":\"https:\/\/blogg.svenskakyrkan.se\/horrugud\/#\/schema\/person\/595d75da5bf93cf9ca814c398b63ed6d\",\"name\":\"Charlotte Frycklund, pr\u00e4st\",\"image\":{\"@type\":\"ImageObject\",\"inLanguage\":\"sv-SE\",\"@id\":\"https:\/\/blogg.svenskakyrkan.se\/horrugud\/#\/schema\/person\/image\/\",\"url\":\"https:\/\/secure.gravatar.com\/avatar\/10f37b82bf44def60f716a446302420cc1eb214cca306b573a488614ab47ee87?s=96&d=mm&r=g\",\"contentUrl\":\"https:\/\/secure.gravatar.com\/avatar\/10f37b82bf44def60f716a446302420cc1eb214cca306b573a488614ab47ee87?s=96&d=mm&r=g\",\"caption\":\"Charlotte Frycklund, pr\u00e4st\"},\"url\":\"https:\/\/blogg.svenskakyrkan.se\/horrugud\/author\/charlottefrycklund\/\"}]}<\/script>\n<!-- \/ Yoast SEO plugin. -->","yoast_head_json":{"title":"Vad det nu \u00e4r f\u00f6r skillnad p\u00e5 humor och arvssynd - H\u00f6rru Gud","robots":{"index":"index","follow":"follow","max-snippet":"max-snippet:-1","max-image-preview":"max-image-preview:large","max-video-preview":"max-video-preview:-1"},"canonical":"https:\/\/blogg.svenskakyrkan.se\/horrugud\/2017\/09\/29\/vad-det-nu-ar-for-skillnad-pa-humor-och-arvssynd\/","og_locale":"sv_SE","og_type":"article","og_title":"Vad det nu \u00e4r f\u00f6r skillnad p\u00e5 humor och arvssynd - H\u00f6rru Gud","og_description":"Jag: Hur \u00e4r det m\u00f6jligt att det som \u00e4r s\u00e5 viktigt och fint f\u00f6r vissa \u00e4r s\u00e5 otroligt st\u00f6tande och jobbigt f\u00f6r andra? Gud: Du t\u00e4nker p\u00e5&#8230;. Jag: Jag vet inte. Jag har n\u00e5gon slags gen i mig som tycker att fina vackra citat \u00e4r superirriterande. Gud: Mmm. Jag: Cyniska och sarkastiska citat d\u00e4remot gillar [&hellip;]","og_url":"https:\/\/blogg.svenskakyrkan.se\/horrugud\/2017\/09\/29\/vad-det-nu-ar-for-skillnad-pa-humor-och-arvssynd\/","og_site_name":"H\u00f6rru Gud","article_published_time":"2017-09-29T18:38:15+00:00","article_modified_time":"2018-06-14T20:15:27+00:00","og_image":[{"width":730,"height":960,"url":"https:\/\/blogg.svenskakyrkan.se\/horrugud\/files\/2018\/06\/23484AF7-0C57-45D8-A6A6-5E71D91E0A6F.jpeg","type":"image\/jpeg"}],"author":"Charlotte Frycklund, pr\u00e4st","twitter_card":"summary_large_image","twitter_misc":{"Skriven av":"Charlotte Frycklund, pr\u00e4st","Ber\u00e4knad l\u00e4stid":"4 minuter"},"schema":{"@context":"https:\/\/schema.org","@graph":[{"@type":"Article","@id":"https:\/\/blogg.svenskakyrkan.se\/horrugud\/2017\/09\/29\/vad-det-nu-ar-for-skillnad-pa-humor-och-arvssynd\/#article","isPartOf":{"@id":"https:\/\/blogg.svenskakyrkan.se\/horrugud\/2017\/09\/29\/vad-det-nu-ar-for-skillnad-pa-humor-och-arvssynd\/"},"author":{"name":"Charlotte Frycklund, pr\u00e4st","@id":"https:\/\/blogg.svenskakyrkan.se\/horrugud\/#\/schema\/person\/595d75da5bf93cf9ca814c398b63ed6d"},"headline":"Vad det nu \u00e4r f\u00f6r skillnad p\u00e5 humor och arvssynd","datePublished":"2017-09-29T18:38:15+00:00","dateModified":"2018-06-14T20:15:27+00:00","mainEntityOfPage":{"@id":"https:\/\/blogg.svenskakyrkan.se\/horrugud\/2017\/09\/29\/vad-det-nu-ar-for-skillnad-pa-humor-och-arvssynd\/"},"wordCount":899,"commentCount":1,"image":{"@id":"https:\/\/blogg.svenskakyrkan.se\/horrugud\/2017\/09\/29\/vad-det-nu-ar-for-skillnad-pa-humor-och-arvssynd\/#primaryimage"},"thumbnailUrl":"https:\/\/blogg.svenskakyrkan.se\/horrugud\/files\/2018\/06\/23484AF7-0C57-45D8-A6A6-5E71D91E0A6F.jpeg","keywords":["Arvssynd","En g\u00e5ng ska Gud och jag","Ester Williams","H\u00f6rru Gud","Humor"],"articleSection":["Vandring"],"inLanguage":"sv-SE","potentialAction":[{"@type":"CommentAction","name":"Comment","target":["https:\/\/blogg.svenskakyrkan.se\/horrugud\/2017\/09\/29\/vad-det-nu-ar-for-skillnad-pa-humor-och-arvssynd\/#respond"]}]},{"@type":"WebPage","@id":"https:\/\/blogg.svenskakyrkan.se\/horrugud\/2017\/09\/29\/vad-det-nu-ar-for-skillnad-pa-humor-och-arvssynd\/","url":"https:\/\/blogg.svenskakyrkan.se\/horrugud\/2017\/09\/29\/vad-det-nu-ar-for-skillnad-pa-humor-och-arvssynd\/","name":"Vad det nu \u00e4r f\u00f6r skillnad p\u00e5 humor och arvssynd - H\u00f6rru Gud","isPartOf":{"@id":"https:\/\/blogg.svenskakyrkan.se\/horrugud\/#website"},"primaryImageOfPage":{"@id":"https:\/\/blogg.svenskakyrkan.se\/horrugud\/2017\/09\/29\/vad-det-nu-ar-for-skillnad-pa-humor-och-arvssynd\/#primaryimage"},"image":{"@id":"https:\/\/blogg.svenskakyrkan.se\/horrugud\/2017\/09\/29\/vad-det-nu-ar-for-skillnad-pa-humor-och-arvssynd\/#primaryimage"},"thumbnailUrl":"https:\/\/blogg.svenskakyrkan.se\/horrugud\/files\/2018\/06\/23484AF7-0C57-45D8-A6A6-5E71D91E0A6F.jpeg","datePublished":"2017-09-29T18:38:15+00:00","dateModified":"2018-06-14T20:15:27+00:00","author":{"@id":"https:\/\/blogg.svenskakyrkan.se\/horrugud\/#\/schema\/person\/595d75da5bf93cf9ca814c398b63ed6d"},"breadcrumb":{"@id":"https:\/\/blogg.svenskakyrkan.se\/horrugud\/2017\/09\/29\/vad-det-nu-ar-for-skillnad-pa-humor-och-arvssynd\/#breadcrumb"},"inLanguage":"sv-SE","potentialAction":[{"@type":"ReadAction","target":["https:\/\/blogg.svenskakyrkan.se\/horrugud\/2017\/09\/29\/vad-det-nu-ar-for-skillnad-pa-humor-och-arvssynd\/"]}]},{"@type":"ImageObject","inLanguage":"sv-SE","@id":"https:\/\/blogg.svenskakyrkan.se\/horrugud\/2017\/09\/29\/vad-det-nu-ar-for-skillnad-pa-humor-och-arvssynd\/#primaryimage","url":"https:\/\/blogg.svenskakyrkan.se\/horrugud\/files\/2018\/06\/23484AF7-0C57-45D8-A6A6-5E71D91E0A6F.jpeg","contentUrl":"https:\/\/blogg.svenskakyrkan.se\/horrugud\/files\/2018\/06\/23484AF7-0C57-45D8-A6A6-5E71D91E0A6F.jpeg","width":730,"height":960},{"@type":"BreadcrumbList","@id":"https:\/\/blogg.svenskakyrkan.se\/horrugud\/2017\/09\/29\/vad-det-nu-ar-for-skillnad-pa-humor-och-arvssynd\/#breadcrumb","itemListElement":[{"@type":"ListItem","position":1,"name":"Hem","item":"https:\/\/blogg.svenskakyrkan.se\/horrugud\/"},{"@type":"ListItem","position":2,"name":"Vad det nu \u00e4r f\u00f6r skillnad p\u00e5 humor och arvssynd"}]},{"@type":"WebSite","@id":"https:\/\/blogg.svenskakyrkan.se\/horrugud\/#website","url":"https:\/\/blogg.svenskakyrkan.se\/horrugud\/","name":"H\u00f6rru Gud","description":"Hypotetiska samtal med v\u00e5r Herre","potentialAction":[{"@type":"SearchAction","target":{"@type":"EntryPoint","urlTemplate":"https:\/\/blogg.svenskakyrkan.se\/horrugud\/?s={search_term_string}"},"query-input":{"@type":"PropertyValueSpecification","valueRequired":true,"valueName":"search_term_string"}}],"inLanguage":"sv-SE"},{"@type":"Person","@id":"https:\/\/blogg.svenskakyrkan.se\/horrugud\/#\/schema\/person\/595d75da5bf93cf9ca814c398b63ed6d","name":"Charlotte Frycklund, pr\u00e4st","image":{"@type":"ImageObject","inLanguage":"sv-SE","@id":"https:\/\/blogg.svenskakyrkan.se\/horrugud\/#\/schema\/person\/image\/","url":"https:\/\/secure.gravatar.com\/avatar\/10f37b82bf44def60f716a446302420cc1eb214cca306b573a488614ab47ee87?s=96&d=mm&r=g","contentUrl":"https:\/\/secure.gravatar.com\/avatar\/10f37b82bf44def60f716a446302420cc1eb214cca306b573a488614ab47ee87?s=96&d=mm&r=g","caption":"Charlotte Frycklund, pr\u00e4st"},"url":"https:\/\/blogg.svenskakyrkan.se\/horrugud\/author\/charlottefrycklund\/"}]}},"author_meta":{"ID":"569","user_nicename":"charlottefrycklund","user_registered":"2016-05-24 11:46:19","display_name":"Charlotte Frycklund, pr\u00e4st","first_name":"Charlotte","last_name":"Frycklund, pr\u00e4st","avatar":"https:\/\/secure.gravatar.com\/avatar\/10f37b82bf44def60f716a446302420cc1eb214cca306b573a488614ab47ee87?s=96&d=mm&r=g"},"featured_image":["https:\/\/blogg.svenskakyrkan.se\/horrugud\/files\/2018\/06\/23484AF7-0C57-45D8-A6A6-5E71D91E0A6F.jpeg",730,960,false],"bloginfo":{"name":"H\u00f6rru Gud","url":"https:\/\/blogg.svenskakyrkan.se\/horrugud"},"_links":{"self":[{"href":"https:\/\/blogg.svenskakyrkan.se\/horrugud\/wp-json\/wp\/v2\/posts\/61","targetHints":{"allow":["GET"]}}],"collection":[{"href":"https:\/\/blogg.svenskakyrkan.se\/horrugud\/wp-json\/wp\/v2\/posts"}],"about":[{"href":"https:\/\/blogg.svenskakyrkan.se\/horrugud\/wp-json\/wp\/v2\/types\/post"}],"author":[{"embeddable":true,"href":"https:\/\/blogg.svenskakyrkan.se\/horrugud\/wp-json\/wp\/v2\/users\/569"}],"replies":[{"embeddable":true,"href":"https:\/\/blogg.svenskakyrkan.se\/horrugud\/wp-json\/wp\/v2\/comments?post=61"}],"version-history":[{"count":1,"href":"https:\/\/blogg.svenskakyrkan.se\/horrugud\/wp-json\/wp\/v2\/posts\/61\/revisions"}],"predecessor-version":[{"id":63,"href":"https:\/\/blogg.svenskakyrkan.se\/horrugud\/wp-json\/wp\/v2\/posts\/61\/revisions\/63"}],"wp:featuredmedia":[{"embeddable":true,"href":"https:\/\/blogg.svenskakyrkan.se\/horrugud\/wp-json\/wp\/v2\/media\/62"}],"wp:attachment":[{"href":"https:\/\/blogg.svenskakyrkan.se\/horrugud\/wp-json\/wp\/v2\/media?parent=61"}],"wp:term":[{"taxonomy":"category","embeddable":true,"href":"https:\/\/blogg.svenskakyrkan.se\/horrugud\/wp-json\/wp\/v2\/categories?post=61"},{"taxonomy":"post_tag","embeddable":true,"href":"https:\/\/blogg.svenskakyrkan.se\/horrugud\/wp-json\/wp\/v2\/tags?post=61"}],"curies":[{"name":"wp","href":"https:\/\/api.w.org\/{rel}","templated":true}]}}