{"id":67,"date":"2017-09-15T20:43:47","date_gmt":"2017-09-15T18:43:47","guid":{"rendered":"http:\/\/blogg.svenskakyrkan.se\/horrugud\/?p=67"},"modified":"2018-06-14T22:15:45","modified_gmt":"2018-06-14T20:15:45","slug":"det-star-pa-forpackningen-att-de-inte-kan-overdoseras","status":"publish","type":"post","link":"https:\/\/blogg.svenskakyrkan.se\/horrugud\/2017\/09\/15\/det-star-pa-forpackningen-att-de-inte-kan-overdoseras\/","title":{"rendered":"Det st\u00e5r p\u00e5 f\u00f6rpackningen att de inte kan \u00f6verdoseras"},"content":{"rendered":"<p>I varje blisterf\u00f6rpackning l\u00e5g en hoprullad papperslapp med ett luthercitat. Mitt blev: &#8221;Evangeliet kan inte f\u00f6rkunnas utan humor.&#8221;<\/p>\n<p>Det \u00e4r viktigt tycker jag. Helt seri\u00f6st. Skrattet \u00e4r en n\u00e5deg\u00e5va stark som elden och ben\u00e5dande som k\u00e4rleken sj\u00e4lv. <\/p>\n<p>F\u00f6r att avsluta v\u00e5r tr\u00e4ff idag tog vi en sista Lutherol. (Ingen fara, det st\u00e5r p\u00e5 f\u00f6rpackningen att de inte kan \u00f6verdoseras). Den l\u00f6d ungef\u00e4r: &#8221;Det g\u00e4ller att be som att b\u00f6n \u00e4r det enda som hj\u00e4lper, och att arbeta som att arbete \u00e4r det enda som g\u00e4ller.&#8221;<\/p>\n<p>Och ibland, tror jag, g\u00e4ller det att skratta som att skratt \u00e4r det enda som g\u00e4ller. <\/p>\n<p>Och nu best\u00e5r dessa tre: Humorn, arbetet och b\u00f6nen. Och st\u00f6rst av dem \u00e4r k\u00e4rleken.<\/p>\n","protected":false},"excerpt":{"rendered":"<p>I varje blisterf\u00f6rpackning l\u00e5g en hoprullad papperslapp med ett luthercitat. Mitt blev: &#8221;Evangeliet kan inte f\u00f6rkunnas utan humor.&#8221; Det \u00e4r viktigt tycker jag. Helt seri\u00f6st. Skrattet \u00e4r en n\u00e5deg\u00e5va stark som elden och ben\u00e5dande som k\u00e4rleken sj\u00e4lv. F\u00f6r att avsluta v\u00e5r tr\u00e4ff idag tog vi en sista Lutherol. (Ingen fara, det st\u00e5r p\u00e5 f\u00f6rpackningen att [&hellip;]<\/p>\n","protected":false},"author":569,"featured_media":68,"comment_status":"open","ping_status":"open","sticky":false,"template":"","format":"standard","meta":{"_acf_changed":false,"footnotes":""},"categories":[16871],"tags":[162955,165003,164788,166434],"class_list":["post-67","post","type-post","status-publish","format-standard","has-post-thumbnail","hentry","category-tankar","tag-horru-gud","tag-humor","tag-martin-luther","tag-nagot-starkande"],"acf":[],"yoast_head":"<!-- This site is optimized with the Yoast SEO plugin v27.1.1 - https:\/\/yoast.com\/product\/yoast-seo-wordpress\/ -->\n<title>Det st\u00e5r p\u00e5 f\u00f6rpackningen att de inte kan \u00f6verdoseras - H\u00f6rru Gud<\/title>\n<meta name=\"robots\" content=\"index, follow, max-snippet:-1, max-image-preview:large, max-video-preview:-1\" \/>\n<link rel=\"canonical\" href=\"https:\/\/blogg.svenskakyrkan.se\/horrugud\/2017\/09\/15\/det-star-pa-forpackningen-att-de-inte-kan-overdoseras\/\" \/>\n<meta property=\"og:locale\" content=\"sv_SE\" \/>\n<meta property=\"og:type\" content=\"article\" \/>\n<meta property=\"og:title\" content=\"Det st\u00e5r p\u00e5 f\u00f6rpackningen att de inte kan \u00f6verdoseras - H\u00f6rru Gud\" \/>\n<meta property=\"og:description\" content=\"I varje blisterf\u00f6rpackning l\u00e5g en hoprullad papperslapp med ett luthercitat. Mitt blev: &#8221;Evangeliet kan inte f\u00f6rkunnas utan humor.&#8221; Det \u00e4r viktigt tycker jag. Helt seri\u00f6st. Skrattet \u00e4r en n\u00e5deg\u00e5va stark som elden och ben\u00e5dande som k\u00e4rleken sj\u00e4lv. F\u00f6r att avsluta v\u00e5r tr\u00e4ff idag tog vi en sista Lutherol. (Ingen fara, det st\u00e5r p\u00e5 f\u00f6rpackningen att [&hellip;]\" \/>\n<meta property=\"og:url\" content=\"https:\/\/blogg.svenskakyrkan.se\/horrugud\/2017\/09\/15\/det-star-pa-forpackningen-att-de-inte-kan-overdoseras\/\" \/>\n<meta property=\"og:site_name\" content=\"H\u00f6rru Gud\" \/>\n<meta property=\"article:published_time\" content=\"2017-09-15T18:43:47+00:00\" \/>\n<meta property=\"article:modified_time\" content=\"2018-06-14T20:15:45+00:00\" \/>\n<meta property=\"og:image\" content=\"https:\/\/blogg.svenskakyrkan.se\/horrugud\/files\/2018\/06\/8D16F050-98C7-494E-8C92-72BEA6A275CE.jpeg\" \/>\n\t<meta property=\"og:image:width\" content=\"960\" \/>\n\t<meta property=\"og:image:height\" content=\"720\" \/>\n\t<meta property=\"og:image:type\" content=\"image\/jpeg\" \/>\n<meta name=\"author\" content=\"Charlotte Frycklund, pr\u00e4st\" \/>\n<meta name=\"twitter:card\" content=\"summary_large_image\" \/>\n<meta name=\"twitter:label1\" content=\"Skriven av\" \/>\n\t<meta name=\"twitter:data1\" content=\"Charlotte Frycklund, pr\u00e4st\" \/>\n\t<meta name=\"twitter:label2\" content=\"Ber\u00e4knad l\u00e4stid\" \/>\n\t<meta name=\"twitter:data2\" content=\"1 minut\" \/>\n<script type=\"application\/ld+json\" class=\"yoast-schema-graph\">{\"@context\":\"https:\/\/schema.org\",\"@graph\":[{\"@type\":\"Article\",\"@id\":\"https:\/\/blogg.svenskakyrkan.se\/horrugud\/2017\/09\/15\/det-star-pa-forpackningen-att-de-inte-kan-overdoseras\/#article\",\"isPartOf\":{\"@id\":\"https:\/\/blogg.svenskakyrkan.se\/horrugud\/2017\/09\/15\/det-star-pa-forpackningen-att-de-inte-kan-overdoseras\/\"},\"author\":{\"name\":\"Charlotte Frycklund, pr\u00e4st\",\"@id\":\"https:\/\/blogg.svenskakyrkan.se\/horrugud\/#\/schema\/person\/595d75da5bf93cf9ca814c398b63ed6d\"},\"headline\":\"Det st\u00e5r p\u00e5 f\u00f6rpackningen att de inte kan \u00f6verdoseras\",\"datePublished\":\"2017-09-15T18:43:47+00:00\",\"dateModified\":\"2018-06-14T20:15:45+00:00\",\"mainEntityOfPage\":{\"@id\":\"https:\/\/blogg.svenskakyrkan.se\/horrugud\/2017\/09\/15\/det-star-pa-forpackningen-att-de-inte-kan-overdoseras\/\"},\"wordCount\":153,\"commentCount\":1,\"image\":{\"@id\":\"https:\/\/blogg.svenskakyrkan.se\/horrugud\/2017\/09\/15\/det-star-pa-forpackningen-att-de-inte-kan-overdoseras\/#primaryimage\"},\"thumbnailUrl\":\"https:\/\/blogg.svenskakyrkan.se\/horrugud\/files\/2018\/06\/8D16F050-98C7-494E-8C92-72BEA6A275CE.jpeg\",\"keywords\":[\"H\u00f6rru Gud\",\"Humor\",\"Martin Luther\",\"N\u00e5got st\u00e4rkande\"],\"articleSection\":[\"Tankar\"],\"inLanguage\":\"sv-SE\",\"potentialAction\":[{\"@type\":\"CommentAction\",\"name\":\"Comment\",\"target\":[\"https:\/\/blogg.svenskakyrkan.se\/horrugud\/2017\/09\/15\/det-star-pa-forpackningen-att-de-inte-kan-overdoseras\/#respond\"]}]},{\"@type\":\"WebPage\",\"@id\":\"https:\/\/blogg.svenskakyrkan.se\/horrugud\/2017\/09\/15\/det-star-pa-forpackningen-att-de-inte-kan-overdoseras\/\",\"url\":\"https:\/\/blogg.svenskakyrkan.se\/horrugud\/2017\/09\/15\/det-star-pa-forpackningen-att-de-inte-kan-overdoseras\/\",\"name\":\"Det st\u00e5r p\u00e5 f\u00f6rpackningen att de inte kan \u00f6verdoseras - H\u00f6rru Gud\",\"isPartOf\":{\"@id\":\"https:\/\/blogg.svenskakyrkan.se\/horrugud\/#website\"},\"primaryImageOfPage\":{\"@id\":\"https:\/\/blogg.svenskakyrkan.se\/horrugud\/2017\/09\/15\/det-star-pa-forpackningen-att-de-inte-kan-overdoseras\/#primaryimage\"},\"image\":{\"@id\":\"https:\/\/blogg.svenskakyrkan.se\/horrugud\/2017\/09\/15\/det-star-pa-forpackningen-att-de-inte-kan-overdoseras\/#primaryimage\"},\"thumbnailUrl\":\"https:\/\/blogg.svenskakyrkan.se\/horrugud\/files\/2018\/06\/8D16F050-98C7-494E-8C92-72BEA6A275CE.jpeg\",\"datePublished\":\"2017-09-15T18:43:47+00:00\",\"dateModified\":\"2018-06-14T20:15:45+00:00\",\"author\":{\"@id\":\"https:\/\/blogg.svenskakyrkan.se\/horrugud\/#\/schema\/person\/595d75da5bf93cf9ca814c398b63ed6d\"},\"breadcrumb\":{\"@id\":\"https:\/\/blogg.svenskakyrkan.se\/horrugud\/2017\/09\/15\/det-star-pa-forpackningen-att-de-inte-kan-overdoseras\/#breadcrumb\"},\"inLanguage\":\"sv-SE\",\"potentialAction\":[{\"@type\":\"ReadAction\",\"target\":[\"https:\/\/blogg.svenskakyrkan.se\/horrugud\/2017\/09\/15\/det-star-pa-forpackningen-att-de-inte-kan-overdoseras\/\"]}]},{\"@type\":\"ImageObject\",\"inLanguage\":\"sv-SE\",\"@id\":\"https:\/\/blogg.svenskakyrkan.se\/horrugud\/2017\/09\/15\/det-star-pa-forpackningen-att-de-inte-kan-overdoseras\/#primaryimage\",\"url\":\"https:\/\/blogg.svenskakyrkan.se\/horrugud\/files\/2018\/06\/8D16F050-98C7-494E-8C92-72BEA6A275CE.jpeg\",\"contentUrl\":\"https:\/\/blogg.svenskakyrkan.se\/horrugud\/files\/2018\/06\/8D16F050-98C7-494E-8C92-72BEA6A275CE.jpeg\",\"width\":960,\"height\":720},{\"@type\":\"BreadcrumbList\",\"@id\":\"https:\/\/blogg.svenskakyrkan.se\/horrugud\/2017\/09\/15\/det-star-pa-forpackningen-att-de-inte-kan-overdoseras\/#breadcrumb\",\"itemListElement\":[{\"@type\":\"ListItem\",\"position\":1,\"name\":\"Hem\",\"item\":\"https:\/\/blogg.svenskakyrkan.se\/horrugud\/\"},{\"@type\":\"ListItem\",\"position\":2,\"name\":\"Det st\u00e5r p\u00e5 f\u00f6rpackningen att de inte kan \u00f6verdoseras\"}]},{\"@type\":\"WebSite\",\"@id\":\"https:\/\/blogg.svenskakyrkan.se\/horrugud\/#website\",\"url\":\"https:\/\/blogg.svenskakyrkan.se\/horrugud\/\",\"name\":\"H\u00f6rru Gud\",\"description\":\"Hypotetiska samtal med v\u00e5r Herre\",\"potentialAction\":[{\"@type\":\"SearchAction\",\"target\":{\"@type\":\"EntryPoint\",\"urlTemplate\":\"https:\/\/blogg.svenskakyrkan.se\/horrugud\/?s={search_term_string}\"},\"query-input\":{\"@type\":\"PropertyValueSpecification\",\"valueRequired\":true,\"valueName\":\"search_term_string\"}}],\"inLanguage\":\"sv-SE\"},{\"@type\":\"Person\",\"@id\":\"https:\/\/blogg.svenskakyrkan.se\/horrugud\/#\/schema\/person\/595d75da5bf93cf9ca814c398b63ed6d\",\"name\":\"Charlotte Frycklund, pr\u00e4st\",\"image\":{\"@type\":\"ImageObject\",\"inLanguage\":\"sv-SE\",\"@id\":\"https:\/\/blogg.svenskakyrkan.se\/horrugud\/#\/schema\/person\/image\/\",\"url\":\"https:\/\/secure.gravatar.com\/avatar\/10f37b82bf44def60f716a446302420cc1eb214cca306b573a488614ab47ee87?s=96&d=mm&r=g\",\"contentUrl\":\"https:\/\/secure.gravatar.com\/avatar\/10f37b82bf44def60f716a446302420cc1eb214cca306b573a488614ab47ee87?s=96&d=mm&r=g\",\"caption\":\"Charlotte Frycklund, pr\u00e4st\"},\"url\":\"https:\/\/blogg.svenskakyrkan.se\/horrugud\/author\/charlottefrycklund\/\"}]}<\/script>\n<!-- \/ Yoast SEO plugin. -->","yoast_head_json":{"title":"Det st\u00e5r p\u00e5 f\u00f6rpackningen att de inte kan \u00f6verdoseras - H\u00f6rru Gud","robots":{"index":"index","follow":"follow","max-snippet":"max-snippet:-1","max-image-preview":"max-image-preview:large","max-video-preview":"max-video-preview:-1"},"canonical":"https:\/\/blogg.svenskakyrkan.se\/horrugud\/2017\/09\/15\/det-star-pa-forpackningen-att-de-inte-kan-overdoseras\/","og_locale":"sv_SE","og_type":"article","og_title":"Det st\u00e5r p\u00e5 f\u00f6rpackningen att de inte kan \u00f6verdoseras - H\u00f6rru Gud","og_description":"I varje blisterf\u00f6rpackning l\u00e5g en hoprullad papperslapp med ett luthercitat. Mitt blev: &#8221;Evangeliet kan inte f\u00f6rkunnas utan humor.&#8221; Det \u00e4r viktigt tycker jag. Helt seri\u00f6st. Skrattet \u00e4r en n\u00e5deg\u00e5va stark som elden och ben\u00e5dande som k\u00e4rleken sj\u00e4lv. F\u00f6r att avsluta v\u00e5r tr\u00e4ff idag tog vi en sista Lutherol. (Ingen fara, det st\u00e5r p\u00e5 f\u00f6rpackningen att [&hellip;]","og_url":"https:\/\/blogg.svenskakyrkan.se\/horrugud\/2017\/09\/15\/det-star-pa-forpackningen-att-de-inte-kan-overdoseras\/","og_site_name":"H\u00f6rru Gud","article_published_time":"2017-09-15T18:43:47+00:00","article_modified_time":"2018-06-14T20:15:45+00:00","og_image":[{"width":960,"height":720,"url":"https:\/\/blogg.svenskakyrkan.se\/horrugud\/files\/2018\/06\/8D16F050-98C7-494E-8C92-72BEA6A275CE.jpeg","type":"image\/jpeg"}],"author":"Charlotte Frycklund, pr\u00e4st","twitter_card":"summary_large_image","twitter_misc":{"Skriven av":"Charlotte Frycklund, pr\u00e4st","Ber\u00e4knad l\u00e4stid":"1 minut"},"schema":{"@context":"https:\/\/schema.org","@graph":[{"@type":"Article","@id":"https:\/\/blogg.svenskakyrkan.se\/horrugud\/2017\/09\/15\/det-star-pa-forpackningen-att-de-inte-kan-overdoseras\/#article","isPartOf":{"@id":"https:\/\/blogg.svenskakyrkan.se\/horrugud\/2017\/09\/15\/det-star-pa-forpackningen-att-de-inte-kan-overdoseras\/"},"author":{"name":"Charlotte Frycklund, pr\u00e4st","@id":"https:\/\/blogg.svenskakyrkan.se\/horrugud\/#\/schema\/person\/595d75da5bf93cf9ca814c398b63ed6d"},"headline":"Det st\u00e5r p\u00e5 f\u00f6rpackningen att de inte kan \u00f6verdoseras","datePublished":"2017-09-15T18:43:47+00:00","dateModified":"2018-06-14T20:15:45+00:00","mainEntityOfPage":{"@id":"https:\/\/blogg.svenskakyrkan.se\/horrugud\/2017\/09\/15\/det-star-pa-forpackningen-att-de-inte-kan-overdoseras\/"},"wordCount":153,"commentCount":1,"image":{"@id":"https:\/\/blogg.svenskakyrkan.se\/horrugud\/2017\/09\/15\/det-star-pa-forpackningen-att-de-inte-kan-overdoseras\/#primaryimage"},"thumbnailUrl":"https:\/\/blogg.svenskakyrkan.se\/horrugud\/files\/2018\/06\/8D16F050-98C7-494E-8C92-72BEA6A275CE.jpeg","keywords":["H\u00f6rru Gud","Humor","Martin Luther","N\u00e5got st\u00e4rkande"],"articleSection":["Tankar"],"inLanguage":"sv-SE","potentialAction":[{"@type":"CommentAction","name":"Comment","target":["https:\/\/blogg.svenskakyrkan.se\/horrugud\/2017\/09\/15\/det-star-pa-forpackningen-att-de-inte-kan-overdoseras\/#respond"]}]},{"@type":"WebPage","@id":"https:\/\/blogg.svenskakyrkan.se\/horrugud\/2017\/09\/15\/det-star-pa-forpackningen-att-de-inte-kan-overdoseras\/","url":"https:\/\/blogg.svenskakyrkan.se\/horrugud\/2017\/09\/15\/det-star-pa-forpackningen-att-de-inte-kan-overdoseras\/","name":"Det st\u00e5r p\u00e5 f\u00f6rpackningen att de inte kan \u00f6verdoseras - H\u00f6rru Gud","isPartOf":{"@id":"https:\/\/blogg.svenskakyrkan.se\/horrugud\/#website"},"primaryImageOfPage":{"@id":"https:\/\/blogg.svenskakyrkan.se\/horrugud\/2017\/09\/15\/det-star-pa-forpackningen-att-de-inte-kan-overdoseras\/#primaryimage"},"image":{"@id":"https:\/\/blogg.svenskakyrkan.se\/horrugud\/2017\/09\/15\/det-star-pa-forpackningen-att-de-inte-kan-overdoseras\/#primaryimage"},"thumbnailUrl":"https:\/\/blogg.svenskakyrkan.se\/horrugud\/files\/2018\/06\/8D16F050-98C7-494E-8C92-72BEA6A275CE.jpeg","datePublished":"2017-09-15T18:43:47+00:00","dateModified":"2018-06-14T20:15:45+00:00","author":{"@id":"https:\/\/blogg.svenskakyrkan.se\/horrugud\/#\/schema\/person\/595d75da5bf93cf9ca814c398b63ed6d"},"breadcrumb":{"@id":"https:\/\/blogg.svenskakyrkan.se\/horrugud\/2017\/09\/15\/det-star-pa-forpackningen-att-de-inte-kan-overdoseras\/#breadcrumb"},"inLanguage":"sv-SE","potentialAction":[{"@type":"ReadAction","target":["https:\/\/blogg.svenskakyrkan.se\/horrugud\/2017\/09\/15\/det-star-pa-forpackningen-att-de-inte-kan-overdoseras\/"]}]},{"@type":"ImageObject","inLanguage":"sv-SE","@id":"https:\/\/blogg.svenskakyrkan.se\/horrugud\/2017\/09\/15\/det-star-pa-forpackningen-att-de-inte-kan-overdoseras\/#primaryimage","url":"https:\/\/blogg.svenskakyrkan.se\/horrugud\/files\/2018\/06\/8D16F050-98C7-494E-8C92-72BEA6A275CE.jpeg","contentUrl":"https:\/\/blogg.svenskakyrkan.se\/horrugud\/files\/2018\/06\/8D16F050-98C7-494E-8C92-72BEA6A275CE.jpeg","width":960,"height":720},{"@type":"BreadcrumbList","@id":"https:\/\/blogg.svenskakyrkan.se\/horrugud\/2017\/09\/15\/det-star-pa-forpackningen-att-de-inte-kan-overdoseras\/#breadcrumb","itemListElement":[{"@type":"ListItem","position":1,"name":"Hem","item":"https:\/\/blogg.svenskakyrkan.se\/horrugud\/"},{"@type":"ListItem","position":2,"name":"Det st\u00e5r p\u00e5 f\u00f6rpackningen att de inte kan \u00f6verdoseras"}]},{"@type":"WebSite","@id":"https:\/\/blogg.svenskakyrkan.se\/horrugud\/#website","url":"https:\/\/blogg.svenskakyrkan.se\/horrugud\/","name":"H\u00f6rru Gud","description":"Hypotetiska samtal med v\u00e5r Herre","potentialAction":[{"@type":"SearchAction","target":{"@type":"EntryPoint","urlTemplate":"https:\/\/blogg.svenskakyrkan.se\/horrugud\/?s={search_term_string}"},"query-input":{"@type":"PropertyValueSpecification","valueRequired":true,"valueName":"search_term_string"}}],"inLanguage":"sv-SE"},{"@type":"Person","@id":"https:\/\/blogg.svenskakyrkan.se\/horrugud\/#\/schema\/person\/595d75da5bf93cf9ca814c398b63ed6d","name":"Charlotte Frycklund, pr\u00e4st","image":{"@type":"ImageObject","inLanguage":"sv-SE","@id":"https:\/\/blogg.svenskakyrkan.se\/horrugud\/#\/schema\/person\/image\/","url":"https:\/\/secure.gravatar.com\/avatar\/10f37b82bf44def60f716a446302420cc1eb214cca306b573a488614ab47ee87?s=96&d=mm&r=g","contentUrl":"https:\/\/secure.gravatar.com\/avatar\/10f37b82bf44def60f716a446302420cc1eb214cca306b573a488614ab47ee87?s=96&d=mm&r=g","caption":"Charlotte Frycklund, pr\u00e4st"},"url":"https:\/\/blogg.svenskakyrkan.se\/horrugud\/author\/charlottefrycklund\/"}]}},"author_meta":{"ID":"569","user_nicename":"charlottefrycklund","user_registered":"2016-05-24 11:46:19","display_name":"Charlotte Frycklund, pr\u00e4st","first_name":"Charlotte","last_name":"Frycklund, pr\u00e4st","avatar":"https:\/\/secure.gravatar.com\/avatar\/10f37b82bf44def60f716a446302420cc1eb214cca306b573a488614ab47ee87?s=96&d=mm&r=g"},"featured_image":["https:\/\/blogg.svenskakyrkan.se\/horrugud\/files\/2018\/06\/8D16F050-98C7-494E-8C92-72BEA6A275CE.jpeg",960,720,false],"bloginfo":{"name":"H\u00f6rru Gud","url":"https:\/\/blogg.svenskakyrkan.se\/horrugud"},"_links":{"self":[{"href":"https:\/\/blogg.svenskakyrkan.se\/horrugud\/wp-json\/wp\/v2\/posts\/67","targetHints":{"allow":["GET"]}}],"collection":[{"href":"https:\/\/blogg.svenskakyrkan.se\/horrugud\/wp-json\/wp\/v2\/posts"}],"about":[{"href":"https:\/\/blogg.svenskakyrkan.se\/horrugud\/wp-json\/wp\/v2\/types\/post"}],"author":[{"embeddable":true,"href":"https:\/\/blogg.svenskakyrkan.se\/horrugud\/wp-json\/wp\/v2\/users\/569"}],"replies":[{"embeddable":true,"href":"https:\/\/blogg.svenskakyrkan.se\/horrugud\/wp-json\/wp\/v2\/comments?post=67"}],"version-history":[{"count":1,"href":"https:\/\/blogg.svenskakyrkan.se\/horrugud\/wp-json\/wp\/v2\/posts\/67\/revisions"}],"predecessor-version":[{"id":69,"href":"https:\/\/blogg.svenskakyrkan.se\/horrugud\/wp-json\/wp\/v2\/posts\/67\/revisions\/69"}],"wp:featuredmedia":[{"embeddable":true,"href":"https:\/\/blogg.svenskakyrkan.se\/horrugud\/wp-json\/wp\/v2\/media\/68"}],"wp:attachment":[{"href":"https:\/\/blogg.svenskakyrkan.se\/horrugud\/wp-json\/wp\/v2\/media?parent=67"}],"wp:term":[{"taxonomy":"category","embeddable":true,"href":"https:\/\/blogg.svenskakyrkan.se\/horrugud\/wp-json\/wp\/v2\/categories?post=67"},{"taxonomy":"post_tag","embeddable":true,"href":"https:\/\/blogg.svenskakyrkan.se\/horrugud\/wp-json\/wp\/v2\/tags?post=67"}],"curies":[{"name":"wp","href":"https:\/\/api.w.org\/{rel}","templated":true}]}}