{"id":85,"date":"2017-08-13T21:06:52","date_gmt":"2017-08-13T19:06:52","guid":{"rendered":"http:\/\/blogg.svenskakyrkan.se\/horrugud\/?p=85"},"modified":"2018-06-14T22:16:49","modified_gmt":"2018-06-14T20:16:49","slug":"din-styrka-och-din-spaghetti","status":"publish","type":"post","link":"https:\/\/blogg.svenskakyrkan.se\/horrugud\/2017\/08\/13\/din-styrka-och-din-spaghetti\/","title":{"rendered":"Din styrka och din spaghetti"},"content":{"rendered":"<p>Jag b\u00f6rjade skriva p\u00e5 en v\u00e4lsignelse \u00f6ver alla oss som g\u00e5r tillbaka till jobbet nu, och skulle skriva att Gud ska vara med oss i v\u00e5r styrka, s\u00e5 v\u00e4l som i v\u00e5r svaghet. Fast stavningskollen tyckte att Gud skulle vara med oss i styrka s\u00e5v\u00e4l som i spaghetti. <\/p>\n<p>S\u00e5 t\u00e4nker jag att det f\u00e5r vara, n\u00e4r vardagen kommer. Styrka eller spaghetti, s\u00e5 \u00e4r Gud nog med. <\/p>\n<p>Jag har turen att \u00e4lska mitt jobb, s\u00e5 det finns n\u00e5got h\u00e4rligt h\u00f6stterminsstartssp\u00e4nnande \u00f6ver att g\u00e5 tillbaka till jobbdatorn imorgon. <\/p>\n<p>And what happened in summer doesnt need to stay in summer. <\/p>\n<p>N\u00e5got av friden, n\u00e5got av gemenskapen, n\u00e5got av bekymmersl\u00f6sheten m\u00e5 f\u00f6lja oss alla in i h\u00f6sten. S\u00e5 h\u00e4r kommer den, av stavningskontrollen bearbetade: <\/p>\n<p><strong>V\u00e4lsignelse f\u00f6r den som b\u00f6rjar arbeta igen:<\/strong><\/p>\n<p>Nu ska Guds frid, mer v\u00e4rd \u00e4n allt du t\u00e4nker,<br \/>\nSkydda dig med rutiner,<br \/>\nV\u00e4cka dig till arbete,<br \/>\nV\u00e4rna det goda du g\u00f6r,<br \/>\nF\u00f6rl\u00e5ta det dumma du g\u00f6r<br \/>\nOch lysa \u00f6ver dig, h\u00f6st som sommar, vinter som v\u00e5r<br \/>\noch signa dina tankar och k\u00e4nslor,<br \/>\nditt hopp och din hoppl\u00f6shet<br \/>\nDin styrka och din spaghetti. Amen.<\/p>\n","protected":false},"excerpt":{"rendered":"<p>Jag b\u00f6rjade skriva p\u00e5 en v\u00e4lsignelse \u00f6ver alla oss som g\u00e5r tillbaka till jobbet nu, och skulle skriva att Gud ska vara med oss i v\u00e5r styrka, s\u00e5 v\u00e4l som i v\u00e5r svaghet. Fast stavningskollen tyckte att Gud skulle vara med oss i styrka s\u00e5v\u00e4l som i spaghetti. S\u00e5 t\u00e4nker jag att det f\u00e5r vara, [&hellip;]<\/p>\n","protected":false},"author":569,"featured_media":86,"comment_status":"open","ping_status":"open","sticky":false,"template":"","format":"standard","meta":{"_acf_changed":false,"footnotes":""},"categories":[33504],"tags":[168778,162955,168914,27784],"class_list":["post-85","post","type-post","status-publish","format-standard","has-post-thumbnail","hentry","category-valsignelse","tag-gud-ar-med","tag-horru-gud","tag-styrka-och-spaghetti","tag-vardag"],"acf":[],"yoast_head":"<!-- This site is optimized with the Yoast SEO plugin v27.1.1 - https:\/\/yoast.com\/product\/yoast-seo-wordpress\/ -->\n<title>Din styrka och din spaghetti - H\u00f6rru Gud<\/title>\n<meta name=\"robots\" content=\"index, follow, max-snippet:-1, max-image-preview:large, max-video-preview:-1\" \/>\n<link rel=\"canonical\" href=\"https:\/\/blogg.svenskakyrkan.se\/horrugud\/2017\/08\/13\/din-styrka-och-din-spaghetti\/\" \/>\n<meta property=\"og:locale\" content=\"sv_SE\" \/>\n<meta property=\"og:type\" content=\"article\" \/>\n<meta property=\"og:title\" content=\"Din styrka och din spaghetti - H\u00f6rru Gud\" \/>\n<meta property=\"og:description\" content=\"Jag b\u00f6rjade skriva p\u00e5 en v\u00e4lsignelse \u00f6ver alla oss som g\u00e5r tillbaka till jobbet nu, och skulle skriva att Gud ska vara med oss i v\u00e5r styrka, s\u00e5 v\u00e4l som i v\u00e5r svaghet. Fast stavningskollen tyckte att Gud skulle vara med oss i styrka s\u00e5v\u00e4l som i spaghetti. S\u00e5 t\u00e4nker jag att det f\u00e5r vara, [&hellip;]\" \/>\n<meta property=\"og:url\" content=\"https:\/\/blogg.svenskakyrkan.se\/horrugud\/2017\/08\/13\/din-styrka-och-din-spaghetti\/\" \/>\n<meta property=\"og:site_name\" content=\"H\u00f6rru Gud\" \/>\n<meta property=\"article:published_time\" content=\"2017-08-13T19:06:52+00:00\" \/>\n<meta property=\"article:modified_time\" content=\"2018-06-14T20:16:49+00:00\" \/>\n<meta property=\"og:image\" content=\"https:\/\/blogg.svenskakyrkan.se\/horrugud\/files\/2018\/06\/3F7A7AC5-33C1-4E01-9B72-1367B37DF279.jpeg\" \/>\n\t<meta property=\"og:image:width\" content=\"960\" \/>\n\t<meta property=\"og:image:height\" content=\"720\" \/>\n\t<meta property=\"og:image:type\" content=\"image\/jpeg\" \/>\n<meta name=\"author\" content=\"Charlotte Frycklund, pr\u00e4st\" \/>\n<meta name=\"twitter:card\" content=\"summary_large_image\" \/>\n<meta name=\"twitter:label1\" content=\"Skriven av\" \/>\n\t<meta name=\"twitter:data1\" content=\"Charlotte Frycklund, pr\u00e4st\" \/>\n\t<meta name=\"twitter:label2\" content=\"Ber\u00e4knad l\u00e4stid\" \/>\n\t<meta name=\"twitter:data2\" content=\"1 minut\" \/>\n<script type=\"application\/ld+json\" class=\"yoast-schema-graph\">{\"@context\":\"https:\/\/schema.org\",\"@graph\":[{\"@type\":\"Article\",\"@id\":\"https:\/\/blogg.svenskakyrkan.se\/horrugud\/2017\/08\/13\/din-styrka-och-din-spaghetti\/#article\",\"isPartOf\":{\"@id\":\"https:\/\/blogg.svenskakyrkan.se\/horrugud\/2017\/08\/13\/din-styrka-och-din-spaghetti\/\"},\"author\":{\"name\":\"Charlotte Frycklund, pr\u00e4st\",\"@id\":\"https:\/\/blogg.svenskakyrkan.se\/horrugud\/#\/schema\/person\/595d75da5bf93cf9ca814c398b63ed6d\"},\"headline\":\"Din styrka och din spaghetti\",\"datePublished\":\"2017-08-13T19:06:52+00:00\",\"dateModified\":\"2018-06-14T20:16:49+00:00\",\"mainEntityOfPage\":{\"@id\":\"https:\/\/blogg.svenskakyrkan.se\/horrugud\/2017\/08\/13\/din-styrka-och-din-spaghetti\/\"},\"wordCount\":224,\"commentCount\":1,\"image\":{\"@id\":\"https:\/\/blogg.svenskakyrkan.se\/horrugud\/2017\/08\/13\/din-styrka-och-din-spaghetti\/#primaryimage\"},\"thumbnailUrl\":\"https:\/\/blogg.svenskakyrkan.se\/horrugud\/files\/2018\/06\/3F7A7AC5-33C1-4E01-9B72-1367B37DF279.jpeg\",\"keywords\":[\"Gud \u00e4r med\",\"H\u00f6rru Gud\",\"Styrka och spaghetti\",\"Vardag\"],\"articleSection\":[\"V\u00e4lsignelse\"],\"inLanguage\":\"sv-SE\",\"potentialAction\":[{\"@type\":\"CommentAction\",\"name\":\"Comment\",\"target\":[\"https:\/\/blogg.svenskakyrkan.se\/horrugud\/2017\/08\/13\/din-styrka-och-din-spaghetti\/#respond\"]}]},{\"@type\":\"WebPage\",\"@id\":\"https:\/\/blogg.svenskakyrkan.se\/horrugud\/2017\/08\/13\/din-styrka-och-din-spaghetti\/\",\"url\":\"https:\/\/blogg.svenskakyrkan.se\/horrugud\/2017\/08\/13\/din-styrka-och-din-spaghetti\/\",\"name\":\"Din styrka och din spaghetti - H\u00f6rru Gud\",\"isPartOf\":{\"@id\":\"https:\/\/blogg.svenskakyrkan.se\/horrugud\/#website\"},\"primaryImageOfPage\":{\"@id\":\"https:\/\/blogg.svenskakyrkan.se\/horrugud\/2017\/08\/13\/din-styrka-och-din-spaghetti\/#primaryimage\"},\"image\":{\"@id\":\"https:\/\/blogg.svenskakyrkan.se\/horrugud\/2017\/08\/13\/din-styrka-och-din-spaghetti\/#primaryimage\"},\"thumbnailUrl\":\"https:\/\/blogg.svenskakyrkan.se\/horrugud\/files\/2018\/06\/3F7A7AC5-33C1-4E01-9B72-1367B37DF279.jpeg\",\"datePublished\":\"2017-08-13T19:06:52+00:00\",\"dateModified\":\"2018-06-14T20:16:49+00:00\",\"author\":{\"@id\":\"https:\/\/blogg.svenskakyrkan.se\/horrugud\/#\/schema\/person\/595d75da5bf93cf9ca814c398b63ed6d\"},\"breadcrumb\":{\"@id\":\"https:\/\/blogg.svenskakyrkan.se\/horrugud\/2017\/08\/13\/din-styrka-och-din-spaghetti\/#breadcrumb\"},\"inLanguage\":\"sv-SE\",\"potentialAction\":[{\"@type\":\"ReadAction\",\"target\":[\"https:\/\/blogg.svenskakyrkan.se\/horrugud\/2017\/08\/13\/din-styrka-och-din-spaghetti\/\"]}]},{\"@type\":\"ImageObject\",\"inLanguage\":\"sv-SE\",\"@id\":\"https:\/\/blogg.svenskakyrkan.se\/horrugud\/2017\/08\/13\/din-styrka-och-din-spaghetti\/#primaryimage\",\"url\":\"https:\/\/blogg.svenskakyrkan.se\/horrugud\/files\/2018\/06\/3F7A7AC5-33C1-4E01-9B72-1367B37DF279.jpeg\",\"contentUrl\":\"https:\/\/blogg.svenskakyrkan.se\/horrugud\/files\/2018\/06\/3F7A7AC5-33C1-4E01-9B72-1367B37DF279.jpeg\",\"width\":960,\"height\":720},{\"@type\":\"BreadcrumbList\",\"@id\":\"https:\/\/blogg.svenskakyrkan.se\/horrugud\/2017\/08\/13\/din-styrka-och-din-spaghetti\/#breadcrumb\",\"itemListElement\":[{\"@type\":\"ListItem\",\"position\":1,\"name\":\"Hem\",\"item\":\"https:\/\/blogg.svenskakyrkan.se\/horrugud\/\"},{\"@type\":\"ListItem\",\"position\":2,\"name\":\"Din styrka och din spaghetti\"}]},{\"@type\":\"WebSite\",\"@id\":\"https:\/\/blogg.svenskakyrkan.se\/horrugud\/#website\",\"url\":\"https:\/\/blogg.svenskakyrkan.se\/horrugud\/\",\"name\":\"H\u00f6rru Gud\",\"description\":\"Hypotetiska samtal med v\u00e5r Herre\",\"potentialAction\":[{\"@type\":\"SearchAction\",\"target\":{\"@type\":\"EntryPoint\",\"urlTemplate\":\"https:\/\/blogg.svenskakyrkan.se\/horrugud\/?s={search_term_string}\"},\"query-input\":{\"@type\":\"PropertyValueSpecification\",\"valueRequired\":true,\"valueName\":\"search_term_string\"}}],\"inLanguage\":\"sv-SE\"},{\"@type\":\"Person\",\"@id\":\"https:\/\/blogg.svenskakyrkan.se\/horrugud\/#\/schema\/person\/595d75da5bf93cf9ca814c398b63ed6d\",\"name\":\"Charlotte Frycklund, pr\u00e4st\",\"image\":{\"@type\":\"ImageObject\",\"inLanguage\":\"sv-SE\",\"@id\":\"https:\/\/blogg.svenskakyrkan.se\/horrugud\/#\/schema\/person\/image\/\",\"url\":\"https:\/\/secure.gravatar.com\/avatar\/10f37b82bf44def60f716a446302420cc1eb214cca306b573a488614ab47ee87?s=96&d=mm&r=g\",\"contentUrl\":\"https:\/\/secure.gravatar.com\/avatar\/10f37b82bf44def60f716a446302420cc1eb214cca306b573a488614ab47ee87?s=96&d=mm&r=g\",\"caption\":\"Charlotte Frycklund, pr\u00e4st\"},\"url\":\"https:\/\/blogg.svenskakyrkan.se\/horrugud\/author\/charlottefrycklund\/\"}]}<\/script>\n<!-- \/ Yoast SEO plugin. -->","yoast_head_json":{"title":"Din styrka och din spaghetti - H\u00f6rru Gud","robots":{"index":"index","follow":"follow","max-snippet":"max-snippet:-1","max-image-preview":"max-image-preview:large","max-video-preview":"max-video-preview:-1"},"canonical":"https:\/\/blogg.svenskakyrkan.se\/horrugud\/2017\/08\/13\/din-styrka-och-din-spaghetti\/","og_locale":"sv_SE","og_type":"article","og_title":"Din styrka och din spaghetti - H\u00f6rru Gud","og_description":"Jag b\u00f6rjade skriva p\u00e5 en v\u00e4lsignelse \u00f6ver alla oss som g\u00e5r tillbaka till jobbet nu, och skulle skriva att Gud ska vara med oss i v\u00e5r styrka, s\u00e5 v\u00e4l som i v\u00e5r svaghet. Fast stavningskollen tyckte att Gud skulle vara med oss i styrka s\u00e5v\u00e4l som i spaghetti. S\u00e5 t\u00e4nker jag att det f\u00e5r vara, [&hellip;]","og_url":"https:\/\/blogg.svenskakyrkan.se\/horrugud\/2017\/08\/13\/din-styrka-och-din-spaghetti\/","og_site_name":"H\u00f6rru Gud","article_published_time":"2017-08-13T19:06:52+00:00","article_modified_time":"2018-06-14T20:16:49+00:00","og_image":[{"width":960,"height":720,"url":"https:\/\/blogg.svenskakyrkan.se\/horrugud\/files\/2018\/06\/3F7A7AC5-33C1-4E01-9B72-1367B37DF279.jpeg","type":"image\/jpeg"}],"author":"Charlotte Frycklund, pr\u00e4st","twitter_card":"summary_large_image","twitter_misc":{"Skriven av":"Charlotte Frycklund, pr\u00e4st","Ber\u00e4knad l\u00e4stid":"1 minut"},"schema":{"@context":"https:\/\/schema.org","@graph":[{"@type":"Article","@id":"https:\/\/blogg.svenskakyrkan.se\/horrugud\/2017\/08\/13\/din-styrka-och-din-spaghetti\/#article","isPartOf":{"@id":"https:\/\/blogg.svenskakyrkan.se\/horrugud\/2017\/08\/13\/din-styrka-och-din-spaghetti\/"},"author":{"name":"Charlotte Frycklund, pr\u00e4st","@id":"https:\/\/blogg.svenskakyrkan.se\/horrugud\/#\/schema\/person\/595d75da5bf93cf9ca814c398b63ed6d"},"headline":"Din styrka och din spaghetti","datePublished":"2017-08-13T19:06:52+00:00","dateModified":"2018-06-14T20:16:49+00:00","mainEntityOfPage":{"@id":"https:\/\/blogg.svenskakyrkan.se\/horrugud\/2017\/08\/13\/din-styrka-och-din-spaghetti\/"},"wordCount":224,"commentCount":1,"image":{"@id":"https:\/\/blogg.svenskakyrkan.se\/horrugud\/2017\/08\/13\/din-styrka-och-din-spaghetti\/#primaryimage"},"thumbnailUrl":"https:\/\/blogg.svenskakyrkan.se\/horrugud\/files\/2018\/06\/3F7A7AC5-33C1-4E01-9B72-1367B37DF279.jpeg","keywords":["Gud \u00e4r med","H\u00f6rru Gud","Styrka och spaghetti","Vardag"],"articleSection":["V\u00e4lsignelse"],"inLanguage":"sv-SE","potentialAction":[{"@type":"CommentAction","name":"Comment","target":["https:\/\/blogg.svenskakyrkan.se\/horrugud\/2017\/08\/13\/din-styrka-och-din-spaghetti\/#respond"]}]},{"@type":"WebPage","@id":"https:\/\/blogg.svenskakyrkan.se\/horrugud\/2017\/08\/13\/din-styrka-och-din-spaghetti\/","url":"https:\/\/blogg.svenskakyrkan.se\/horrugud\/2017\/08\/13\/din-styrka-och-din-spaghetti\/","name":"Din styrka och din spaghetti - H\u00f6rru Gud","isPartOf":{"@id":"https:\/\/blogg.svenskakyrkan.se\/horrugud\/#website"},"primaryImageOfPage":{"@id":"https:\/\/blogg.svenskakyrkan.se\/horrugud\/2017\/08\/13\/din-styrka-och-din-spaghetti\/#primaryimage"},"image":{"@id":"https:\/\/blogg.svenskakyrkan.se\/horrugud\/2017\/08\/13\/din-styrka-och-din-spaghetti\/#primaryimage"},"thumbnailUrl":"https:\/\/blogg.svenskakyrkan.se\/horrugud\/files\/2018\/06\/3F7A7AC5-33C1-4E01-9B72-1367B37DF279.jpeg","datePublished":"2017-08-13T19:06:52+00:00","dateModified":"2018-06-14T20:16:49+00:00","author":{"@id":"https:\/\/blogg.svenskakyrkan.se\/horrugud\/#\/schema\/person\/595d75da5bf93cf9ca814c398b63ed6d"},"breadcrumb":{"@id":"https:\/\/blogg.svenskakyrkan.se\/horrugud\/2017\/08\/13\/din-styrka-och-din-spaghetti\/#breadcrumb"},"inLanguage":"sv-SE","potentialAction":[{"@type":"ReadAction","target":["https:\/\/blogg.svenskakyrkan.se\/horrugud\/2017\/08\/13\/din-styrka-och-din-spaghetti\/"]}]},{"@type":"ImageObject","inLanguage":"sv-SE","@id":"https:\/\/blogg.svenskakyrkan.se\/horrugud\/2017\/08\/13\/din-styrka-och-din-spaghetti\/#primaryimage","url":"https:\/\/blogg.svenskakyrkan.se\/horrugud\/files\/2018\/06\/3F7A7AC5-33C1-4E01-9B72-1367B37DF279.jpeg","contentUrl":"https:\/\/blogg.svenskakyrkan.se\/horrugud\/files\/2018\/06\/3F7A7AC5-33C1-4E01-9B72-1367B37DF279.jpeg","width":960,"height":720},{"@type":"BreadcrumbList","@id":"https:\/\/blogg.svenskakyrkan.se\/horrugud\/2017\/08\/13\/din-styrka-och-din-spaghetti\/#breadcrumb","itemListElement":[{"@type":"ListItem","position":1,"name":"Hem","item":"https:\/\/blogg.svenskakyrkan.se\/horrugud\/"},{"@type":"ListItem","position":2,"name":"Din styrka och din spaghetti"}]},{"@type":"WebSite","@id":"https:\/\/blogg.svenskakyrkan.se\/horrugud\/#website","url":"https:\/\/blogg.svenskakyrkan.se\/horrugud\/","name":"H\u00f6rru Gud","description":"Hypotetiska samtal med v\u00e5r Herre","potentialAction":[{"@type":"SearchAction","target":{"@type":"EntryPoint","urlTemplate":"https:\/\/blogg.svenskakyrkan.se\/horrugud\/?s={search_term_string}"},"query-input":{"@type":"PropertyValueSpecification","valueRequired":true,"valueName":"search_term_string"}}],"inLanguage":"sv-SE"},{"@type":"Person","@id":"https:\/\/blogg.svenskakyrkan.se\/horrugud\/#\/schema\/person\/595d75da5bf93cf9ca814c398b63ed6d","name":"Charlotte Frycklund, pr\u00e4st","image":{"@type":"ImageObject","inLanguage":"sv-SE","@id":"https:\/\/blogg.svenskakyrkan.se\/horrugud\/#\/schema\/person\/image\/","url":"https:\/\/secure.gravatar.com\/avatar\/10f37b82bf44def60f716a446302420cc1eb214cca306b573a488614ab47ee87?s=96&d=mm&r=g","contentUrl":"https:\/\/secure.gravatar.com\/avatar\/10f37b82bf44def60f716a446302420cc1eb214cca306b573a488614ab47ee87?s=96&d=mm&r=g","caption":"Charlotte Frycklund, pr\u00e4st"},"url":"https:\/\/blogg.svenskakyrkan.se\/horrugud\/author\/charlottefrycklund\/"}]}},"author_meta":{"ID":"569","user_nicename":"charlottefrycklund","user_registered":"2016-05-24 11:46:19","display_name":"Charlotte Frycklund, pr\u00e4st","first_name":"Charlotte","last_name":"Frycklund, pr\u00e4st","avatar":"https:\/\/secure.gravatar.com\/avatar\/10f37b82bf44def60f716a446302420cc1eb214cca306b573a488614ab47ee87?s=96&d=mm&r=g"},"featured_image":["https:\/\/blogg.svenskakyrkan.se\/horrugud\/files\/2018\/06\/3F7A7AC5-33C1-4E01-9B72-1367B37DF279.jpeg",960,720,false],"bloginfo":{"name":"H\u00f6rru Gud","url":"https:\/\/blogg.svenskakyrkan.se\/horrugud"},"_links":{"self":[{"href":"https:\/\/blogg.svenskakyrkan.se\/horrugud\/wp-json\/wp\/v2\/posts\/85","targetHints":{"allow":["GET"]}}],"collection":[{"href":"https:\/\/blogg.svenskakyrkan.se\/horrugud\/wp-json\/wp\/v2\/posts"}],"about":[{"href":"https:\/\/blogg.svenskakyrkan.se\/horrugud\/wp-json\/wp\/v2\/types\/post"}],"author":[{"embeddable":true,"href":"https:\/\/blogg.svenskakyrkan.se\/horrugud\/wp-json\/wp\/v2\/users\/569"}],"replies":[{"embeddable":true,"href":"https:\/\/blogg.svenskakyrkan.se\/horrugud\/wp-json\/wp\/v2\/comments?post=85"}],"version-history":[{"count":1,"href":"https:\/\/blogg.svenskakyrkan.se\/horrugud\/wp-json\/wp\/v2\/posts\/85\/revisions"}],"predecessor-version":[{"id":87,"href":"https:\/\/blogg.svenskakyrkan.se\/horrugud\/wp-json\/wp\/v2\/posts\/85\/revisions\/87"}],"wp:featuredmedia":[{"embeddable":true,"href":"https:\/\/blogg.svenskakyrkan.se\/horrugud\/wp-json\/wp\/v2\/media\/86"}],"wp:attachment":[{"href":"https:\/\/blogg.svenskakyrkan.se\/horrugud\/wp-json\/wp\/v2\/media?parent=85"}],"wp:term":[{"taxonomy":"category","embeddable":true,"href":"https:\/\/blogg.svenskakyrkan.se\/horrugud\/wp-json\/wp\/v2\/categories?post=85"},{"taxonomy":"post_tag","embeddable":true,"href":"https:\/\/blogg.svenskakyrkan.se\/horrugud\/wp-json\/wp\/v2\/tags?post=85"}],"curies":[{"name":"wp","href":"https:\/\/api.w.org\/{rel}","templated":true}]}}