{"id":88,"date":"2017-07-24T21:14:10","date_gmt":"2017-07-24T19:14:10","guid":{"rendered":"http:\/\/blogg.svenskakyrkan.se\/horrugud\/?p=88"},"modified":"2018-06-17T12:56:36","modified_gmt":"2018-06-17T10:56:36","slug":"aftonbon-for-tanter-i-min-alder","status":"publish","type":"post","link":"https:\/\/blogg.svenskakyrkan.se\/horrugud\/2017\/07\/24\/aftonbon-for-tanter-i-min-alder\/","title":{"rendered":"Aftonb\u00f6n f\u00f6r tanter i min \u00e5lder"},"content":{"rendered":"<p>Gud som haver tanter k\u00e4r<br \/>\nSe till mig som \u00e5ldrad \u00e4r<br \/>\nVart jag mig i v\u00e4rlden v\u00e4nde<br \/>\n\u00c4r jag vuxen, hj\u00e4lp, vad h\u00e4nde?<br \/>\n\u00c5ldrar kommer, \u00e5ldrar g\u00e5r<br \/>\nLycklig den som \u00e5ldras f\u00e5r<\/p>\n<p>Gud som haver m\u00e4nskor k\u00e4r<br \/>\nM\u00e5nga \u00e5ldrar nu mig b\u00e4r<br \/>\nBarns f\u00f6rtr\u00f6stan, ton\u00e5rspunk<br \/>\nMedel\u00e5lderns trygga lunk<br \/>\n\u00c5ldrar kommer, \u00e5ldrar g\u00e5r<br \/>\nDu f\u00f6rbliver Fader v\u00e5r.<\/p>\n","protected":false},"excerpt":{"rendered":"<p>Gud som haver tanter k\u00e4r Se till mig som \u00e5ldrad \u00e4r Vart jag mig i v\u00e4rlden v\u00e4nde \u00c4r jag vuxen, hj\u00e4lp, vad h\u00e4nde? \u00c5ldrar kommer, \u00e5ldrar g\u00e5r Lycklig den som \u00e5ldras f\u00e5r Gud som haver m\u00e4nskor k\u00e4r M\u00e5nga \u00e5ldrar nu mig b\u00e4r Barns f\u00f6rtr\u00f6stan, ton\u00e5rspunk Medel\u00e5lderns trygga lunk \u00c5ldrar kommer, \u00e5ldrar g\u00e5r Du f\u00f6rbliver Fader [&hellip;]<\/p>\n","protected":false},"author":569,"featured_media":0,"comment_status":"open","ping_status":"open","sticky":false,"template":"","format":"standard","meta":{"_acf_changed":false,"footnotes":""},"categories":[169187],"tags":[169638,169290,162955],"class_list":["post-88","post","type-post","status-publish","format-standard","hentry","category-aftonbon","tag-du-forbliver-fader-var","tag-gud-som-haver-tanter-kar","tag-horru-gud"],"acf":[],"yoast_head":"<!-- This site is optimized with the Yoast SEO plugin v27.1.1 - https:\/\/yoast.com\/product\/yoast-seo-wordpress\/ -->\n<title>Aftonb\u00f6n f\u00f6r tanter i min \u00e5lder - H\u00f6rru Gud<\/title>\n<meta name=\"robots\" content=\"index, follow, max-snippet:-1, max-image-preview:large, max-video-preview:-1\" \/>\n<link rel=\"canonical\" href=\"https:\/\/blogg.svenskakyrkan.se\/horrugud\/2017\/07\/24\/aftonbon-for-tanter-i-min-alder\/\" \/>\n<meta property=\"og:locale\" content=\"sv_SE\" \/>\n<meta property=\"og:type\" content=\"article\" \/>\n<meta property=\"og:title\" content=\"Aftonb\u00f6n f\u00f6r tanter i min \u00e5lder - H\u00f6rru Gud\" \/>\n<meta property=\"og:description\" content=\"Gud som haver tanter k\u00e4r Se till mig som \u00e5ldrad \u00e4r Vart jag mig i v\u00e4rlden v\u00e4nde \u00c4r jag vuxen, hj\u00e4lp, vad h\u00e4nde? \u00c5ldrar kommer, \u00e5ldrar g\u00e5r Lycklig den som \u00e5ldras f\u00e5r Gud som haver m\u00e4nskor k\u00e4r M\u00e5nga \u00e5ldrar nu mig b\u00e4r Barns f\u00f6rtr\u00f6stan, ton\u00e5rspunk Medel\u00e5lderns trygga lunk \u00c5ldrar kommer, \u00e5ldrar g\u00e5r Du f\u00f6rbliver Fader [&hellip;]\" \/>\n<meta property=\"og:url\" content=\"https:\/\/blogg.svenskakyrkan.se\/horrugud\/2017\/07\/24\/aftonbon-for-tanter-i-min-alder\/\" \/>\n<meta property=\"og:site_name\" content=\"H\u00f6rru Gud\" \/>\n<meta property=\"article:published_time\" content=\"2017-07-24T19:14:10+00:00\" \/>\n<meta property=\"article:modified_time\" content=\"2018-06-17T10:56:36+00:00\" \/>\n<meta name=\"author\" content=\"Charlotte Frycklund, pr\u00e4st\" \/>\n<meta name=\"twitter:card\" content=\"summary_large_image\" \/>\n<meta name=\"twitter:label1\" content=\"Skriven av\" \/>\n\t<meta name=\"twitter:data1\" content=\"Charlotte Frycklund, pr\u00e4st\" \/>\n<script type=\"application\/ld+json\" class=\"yoast-schema-graph\">{\"@context\":\"https:\/\/schema.org\",\"@graph\":[{\"@type\":\"Article\",\"@id\":\"https:\/\/blogg.svenskakyrkan.se\/horrugud\/2017\/07\/24\/aftonbon-for-tanter-i-min-alder\/#article\",\"isPartOf\":{\"@id\":\"https:\/\/blogg.svenskakyrkan.se\/horrugud\/2017\/07\/24\/aftonbon-for-tanter-i-min-alder\/\"},\"author\":{\"name\":\"Charlotte Frycklund, pr\u00e4st\",\"@id\":\"https:\/\/blogg.svenskakyrkan.se\/horrugud\/#\/schema\/person\/595d75da5bf93cf9ca814c398b63ed6d\"},\"headline\":\"Aftonb\u00f6n f\u00f6r tanter i min \u00e5lder\",\"datePublished\":\"2017-07-24T19:14:10+00:00\",\"dateModified\":\"2018-06-17T10:56:36+00:00\",\"mainEntityOfPage\":{\"@id\":\"https:\/\/blogg.svenskakyrkan.se\/horrugud\/2017\/07\/24\/aftonbon-for-tanter-i-min-alder\/\"},\"wordCount\":82,\"commentCount\":1,\"keywords\":[\"Du f\u00f6rbliver Fader v\u00e5r\",\"Gud som haver tanter k\u00e4r\",\"H\u00f6rru Gud\"],\"articleSection\":[\"Aftonb\u00f6n\"],\"inLanguage\":\"sv-SE\",\"potentialAction\":[{\"@type\":\"CommentAction\",\"name\":\"Comment\",\"target\":[\"https:\/\/blogg.svenskakyrkan.se\/horrugud\/2017\/07\/24\/aftonbon-for-tanter-i-min-alder\/#respond\"]}]},{\"@type\":\"WebPage\",\"@id\":\"https:\/\/blogg.svenskakyrkan.se\/horrugud\/2017\/07\/24\/aftonbon-for-tanter-i-min-alder\/\",\"url\":\"https:\/\/blogg.svenskakyrkan.se\/horrugud\/2017\/07\/24\/aftonbon-for-tanter-i-min-alder\/\",\"name\":\"Aftonb\u00f6n f\u00f6r tanter i min \u00e5lder - H\u00f6rru Gud\",\"isPartOf\":{\"@id\":\"https:\/\/blogg.svenskakyrkan.se\/horrugud\/#website\"},\"datePublished\":\"2017-07-24T19:14:10+00:00\",\"dateModified\":\"2018-06-17T10:56:36+00:00\",\"author\":{\"@id\":\"https:\/\/blogg.svenskakyrkan.se\/horrugud\/#\/schema\/person\/595d75da5bf93cf9ca814c398b63ed6d\"},\"breadcrumb\":{\"@id\":\"https:\/\/blogg.svenskakyrkan.se\/horrugud\/2017\/07\/24\/aftonbon-for-tanter-i-min-alder\/#breadcrumb\"},\"inLanguage\":\"sv-SE\",\"potentialAction\":[{\"@type\":\"ReadAction\",\"target\":[\"https:\/\/blogg.svenskakyrkan.se\/horrugud\/2017\/07\/24\/aftonbon-for-tanter-i-min-alder\/\"]}]},{\"@type\":\"BreadcrumbList\",\"@id\":\"https:\/\/blogg.svenskakyrkan.se\/horrugud\/2017\/07\/24\/aftonbon-for-tanter-i-min-alder\/#breadcrumb\",\"itemListElement\":[{\"@type\":\"ListItem\",\"position\":1,\"name\":\"Hem\",\"item\":\"https:\/\/blogg.svenskakyrkan.se\/horrugud\/\"},{\"@type\":\"ListItem\",\"position\":2,\"name\":\"Aftonb\u00f6n f\u00f6r tanter i min \u00e5lder\"}]},{\"@type\":\"WebSite\",\"@id\":\"https:\/\/blogg.svenskakyrkan.se\/horrugud\/#website\",\"url\":\"https:\/\/blogg.svenskakyrkan.se\/horrugud\/\",\"name\":\"H\u00f6rru Gud\",\"description\":\"Hypotetiska samtal med v\u00e5r Herre\",\"potentialAction\":[{\"@type\":\"SearchAction\",\"target\":{\"@type\":\"EntryPoint\",\"urlTemplate\":\"https:\/\/blogg.svenskakyrkan.se\/horrugud\/?s={search_term_string}\"},\"query-input\":{\"@type\":\"PropertyValueSpecification\",\"valueRequired\":true,\"valueName\":\"search_term_string\"}}],\"inLanguage\":\"sv-SE\"},{\"@type\":\"Person\",\"@id\":\"https:\/\/blogg.svenskakyrkan.se\/horrugud\/#\/schema\/person\/595d75da5bf93cf9ca814c398b63ed6d\",\"name\":\"Charlotte Frycklund, pr\u00e4st\",\"image\":{\"@type\":\"ImageObject\",\"inLanguage\":\"sv-SE\",\"@id\":\"https:\/\/blogg.svenskakyrkan.se\/horrugud\/#\/schema\/person\/image\/\",\"url\":\"https:\/\/secure.gravatar.com\/avatar\/10f37b82bf44def60f716a446302420cc1eb214cca306b573a488614ab47ee87?s=96&d=mm&r=g\",\"contentUrl\":\"https:\/\/secure.gravatar.com\/avatar\/10f37b82bf44def60f716a446302420cc1eb214cca306b573a488614ab47ee87?s=96&d=mm&r=g\",\"caption\":\"Charlotte Frycklund, pr\u00e4st\"},\"url\":\"https:\/\/blogg.svenskakyrkan.se\/horrugud\/author\/charlottefrycklund\/\"}]}<\/script>\n<!-- \/ Yoast SEO plugin. -->","yoast_head_json":{"title":"Aftonb\u00f6n f\u00f6r tanter i min \u00e5lder - H\u00f6rru Gud","robots":{"index":"index","follow":"follow","max-snippet":"max-snippet:-1","max-image-preview":"max-image-preview:large","max-video-preview":"max-video-preview:-1"},"canonical":"https:\/\/blogg.svenskakyrkan.se\/horrugud\/2017\/07\/24\/aftonbon-for-tanter-i-min-alder\/","og_locale":"sv_SE","og_type":"article","og_title":"Aftonb\u00f6n f\u00f6r tanter i min \u00e5lder - H\u00f6rru Gud","og_description":"Gud som haver tanter k\u00e4r Se till mig som \u00e5ldrad \u00e4r Vart jag mig i v\u00e4rlden v\u00e4nde \u00c4r jag vuxen, hj\u00e4lp, vad h\u00e4nde? \u00c5ldrar kommer, \u00e5ldrar g\u00e5r Lycklig den som \u00e5ldras f\u00e5r Gud som haver m\u00e4nskor k\u00e4r M\u00e5nga \u00e5ldrar nu mig b\u00e4r Barns f\u00f6rtr\u00f6stan, ton\u00e5rspunk Medel\u00e5lderns trygga lunk \u00c5ldrar kommer, \u00e5ldrar g\u00e5r Du f\u00f6rbliver Fader [&hellip;]","og_url":"https:\/\/blogg.svenskakyrkan.se\/horrugud\/2017\/07\/24\/aftonbon-for-tanter-i-min-alder\/","og_site_name":"H\u00f6rru Gud","article_published_time":"2017-07-24T19:14:10+00:00","article_modified_time":"2018-06-17T10:56:36+00:00","author":"Charlotte Frycklund, pr\u00e4st","twitter_card":"summary_large_image","twitter_misc":{"Skriven av":"Charlotte Frycklund, pr\u00e4st"},"schema":{"@context":"https:\/\/schema.org","@graph":[{"@type":"Article","@id":"https:\/\/blogg.svenskakyrkan.se\/horrugud\/2017\/07\/24\/aftonbon-for-tanter-i-min-alder\/#article","isPartOf":{"@id":"https:\/\/blogg.svenskakyrkan.se\/horrugud\/2017\/07\/24\/aftonbon-for-tanter-i-min-alder\/"},"author":{"name":"Charlotte Frycklund, pr\u00e4st","@id":"https:\/\/blogg.svenskakyrkan.se\/horrugud\/#\/schema\/person\/595d75da5bf93cf9ca814c398b63ed6d"},"headline":"Aftonb\u00f6n f\u00f6r tanter i min \u00e5lder","datePublished":"2017-07-24T19:14:10+00:00","dateModified":"2018-06-17T10:56:36+00:00","mainEntityOfPage":{"@id":"https:\/\/blogg.svenskakyrkan.se\/horrugud\/2017\/07\/24\/aftonbon-for-tanter-i-min-alder\/"},"wordCount":82,"commentCount":1,"keywords":["Du f\u00f6rbliver Fader v\u00e5r","Gud som haver tanter k\u00e4r","H\u00f6rru Gud"],"articleSection":["Aftonb\u00f6n"],"inLanguage":"sv-SE","potentialAction":[{"@type":"CommentAction","name":"Comment","target":["https:\/\/blogg.svenskakyrkan.se\/horrugud\/2017\/07\/24\/aftonbon-for-tanter-i-min-alder\/#respond"]}]},{"@type":"WebPage","@id":"https:\/\/blogg.svenskakyrkan.se\/horrugud\/2017\/07\/24\/aftonbon-for-tanter-i-min-alder\/","url":"https:\/\/blogg.svenskakyrkan.se\/horrugud\/2017\/07\/24\/aftonbon-for-tanter-i-min-alder\/","name":"Aftonb\u00f6n f\u00f6r tanter i min \u00e5lder - H\u00f6rru Gud","isPartOf":{"@id":"https:\/\/blogg.svenskakyrkan.se\/horrugud\/#website"},"datePublished":"2017-07-24T19:14:10+00:00","dateModified":"2018-06-17T10:56:36+00:00","author":{"@id":"https:\/\/blogg.svenskakyrkan.se\/horrugud\/#\/schema\/person\/595d75da5bf93cf9ca814c398b63ed6d"},"breadcrumb":{"@id":"https:\/\/blogg.svenskakyrkan.se\/horrugud\/2017\/07\/24\/aftonbon-for-tanter-i-min-alder\/#breadcrumb"},"inLanguage":"sv-SE","potentialAction":[{"@type":"ReadAction","target":["https:\/\/blogg.svenskakyrkan.se\/horrugud\/2017\/07\/24\/aftonbon-for-tanter-i-min-alder\/"]}]},{"@type":"BreadcrumbList","@id":"https:\/\/blogg.svenskakyrkan.se\/horrugud\/2017\/07\/24\/aftonbon-for-tanter-i-min-alder\/#breadcrumb","itemListElement":[{"@type":"ListItem","position":1,"name":"Hem","item":"https:\/\/blogg.svenskakyrkan.se\/horrugud\/"},{"@type":"ListItem","position":2,"name":"Aftonb\u00f6n f\u00f6r tanter i min \u00e5lder"}]},{"@type":"WebSite","@id":"https:\/\/blogg.svenskakyrkan.se\/horrugud\/#website","url":"https:\/\/blogg.svenskakyrkan.se\/horrugud\/","name":"H\u00f6rru Gud","description":"Hypotetiska samtal med v\u00e5r Herre","potentialAction":[{"@type":"SearchAction","target":{"@type":"EntryPoint","urlTemplate":"https:\/\/blogg.svenskakyrkan.se\/horrugud\/?s={search_term_string}"},"query-input":{"@type":"PropertyValueSpecification","valueRequired":true,"valueName":"search_term_string"}}],"inLanguage":"sv-SE"},{"@type":"Person","@id":"https:\/\/blogg.svenskakyrkan.se\/horrugud\/#\/schema\/person\/595d75da5bf93cf9ca814c398b63ed6d","name":"Charlotte Frycklund, pr\u00e4st","image":{"@type":"ImageObject","inLanguage":"sv-SE","@id":"https:\/\/blogg.svenskakyrkan.se\/horrugud\/#\/schema\/person\/image\/","url":"https:\/\/secure.gravatar.com\/avatar\/10f37b82bf44def60f716a446302420cc1eb214cca306b573a488614ab47ee87?s=96&d=mm&r=g","contentUrl":"https:\/\/secure.gravatar.com\/avatar\/10f37b82bf44def60f716a446302420cc1eb214cca306b573a488614ab47ee87?s=96&d=mm&r=g","caption":"Charlotte Frycklund, pr\u00e4st"},"url":"https:\/\/blogg.svenskakyrkan.se\/horrugud\/author\/charlottefrycklund\/"}]}},"author_meta":{"ID":"569","user_nicename":"charlottefrycklund","user_registered":"2016-05-24 11:46:19","display_name":"Charlotte Frycklund, pr\u00e4st","first_name":"Charlotte","last_name":"Frycklund, pr\u00e4st","avatar":"https:\/\/secure.gravatar.com\/avatar\/10f37b82bf44def60f716a446302420cc1eb214cca306b573a488614ab47ee87?s=96&d=mm&r=g"},"featured_image":false,"bloginfo":{"name":"H\u00f6rru Gud","url":"https:\/\/blogg.svenskakyrkan.se\/horrugud"},"_links":{"self":[{"href":"https:\/\/blogg.svenskakyrkan.se\/horrugud\/wp-json\/wp\/v2\/posts\/88","targetHints":{"allow":["GET"]}}],"collection":[{"href":"https:\/\/blogg.svenskakyrkan.se\/horrugud\/wp-json\/wp\/v2\/posts"}],"about":[{"href":"https:\/\/blogg.svenskakyrkan.se\/horrugud\/wp-json\/wp\/v2\/types\/post"}],"author":[{"embeddable":true,"href":"https:\/\/blogg.svenskakyrkan.se\/horrugud\/wp-json\/wp\/v2\/users\/569"}],"replies":[{"embeddable":true,"href":"https:\/\/blogg.svenskakyrkan.se\/horrugud\/wp-json\/wp\/v2\/comments?post=88"}],"version-history":[{"count":1,"href":"https:\/\/blogg.svenskakyrkan.se\/horrugud\/wp-json\/wp\/v2\/posts\/88\/revisions"}],"predecessor-version":[{"id":89,"href":"https:\/\/blogg.svenskakyrkan.se\/horrugud\/wp-json\/wp\/v2\/posts\/88\/revisions\/89"}],"wp:attachment":[{"href":"https:\/\/blogg.svenskakyrkan.se\/horrugud\/wp-json\/wp\/v2\/media?parent=88"}],"wp:term":[{"taxonomy":"category","embeddable":true,"href":"https:\/\/blogg.svenskakyrkan.se\/horrugud\/wp-json\/wp\/v2\/categories?post=88"},{"taxonomy":"post_tag","embeddable":true,"href":"https:\/\/blogg.svenskakyrkan.se\/horrugud\/wp-json\/wp\/v2\/tags?post=88"}],"curies":[{"name":"wp","href":"https:\/\/api.w.org\/{rel}","templated":true}]}}