{"id":90,"date":"2017-07-23T21:27:06","date_gmt":"2017-07-23T19:27:06","guid":{"rendered":"http:\/\/blogg.svenskakyrkan.se\/horrugud\/?p=90"},"modified":"2018-06-17T12:56:44","modified_gmt":"2018-06-17T10:56:44","slug":"jag-vill-vara-superdeluxe-extra-total-bauta-jatte-extra-valdigt-ultraspeciell","status":"publish","type":"post","link":"https:\/\/blogg.svenskakyrkan.se\/horrugud\/2017\/07\/23\/jag-vill-vara-superdeluxe-extra-total-bauta-jatte-extra-valdigt-ultraspeciell\/","title":{"rendered":"Jag vill vara superdeluxe-extra-total-bauta-j\u00e4tte-extra-v\u00e4ldigt-ultraspeciell"},"content":{"rendered":"<p>Jag: Jag fyller \u00e5r imorgon.<br \/>\nGud: Jag vet. Grattis.<br \/>\nJag: Tack. Men det \u00e4r bara det att jag har en fr\u00e5ga.<br \/>\nGud: Vilken. \u00d6verraskning.<br \/>\nJag: Du vet s\u00e4kert redan vad det \u00e4r f\u00f6r fr\u00e5ga.<br \/>\nGud: Varf\u00f6r du inte har gjort n\u00e5got vettigt av ditt liv?<br \/>\nJag: Eh&#8230; min fr\u00e5ga var mer varf\u00f6r DU inte har gjort n\u00e5got vettigt av mitt liv.<br \/>\nGud: Jag.<br \/>\nJag: Ja.<br \/>\nGud: Jag gav dig ju ditt liv, alla f\u00f6ruts\u00e4ttningar. Allting.<br \/>\nJag: Jag har visst gjort vettiga saker av mitt liv.<br \/>\nGud: Ja, m\u00e5nga.<br \/>\nJag: Ja! Jag \u00e4r pr\u00e4st tillexempel: V\u00c4LDIGT vettigt.<br \/>\nGud: Jag vet. Jag kallade dig till pr\u00e4st.<br \/>\nJag: Och f\u00e5tt barn.<br \/>\nGud: Jag gav dig de d\u00e4r barnen.<br \/>\nJag: Och typ&#8230; varit sn\u00e4ll mot folk och s\u00e5.<br \/>\nGud: Ibland s\u00e5.<br \/>\nJag: S\u00e5 jag har gjort vettiga saker.<br \/>\nGud: S\u00e5 jag hade fel om vad som var din stora fr\u00e5ga?<br \/>\nJag: Ja! Eller&#8230; N\u00e4!! Men allts\u00e5, varf\u00f6r har inte det h\u00e4nt en massa underverk och s\u00e5dant d\u00e4r som det alltid g\u00f6r f\u00f6r kristna i b\u00f6ckerna?<br \/>\nGud: Som att du blir helad fr\u00e5n en j\u00e4ttefarlig sjukdom?<br \/>\nJag: Jag t\u00e4nkte mer s\u00e5d\u00e4r att en massa m\u00e4nniskor kom in p\u00e5 en gudstj\u00e4nst som jag hade coh s\u00e5 blev de alldeles omv\u00e4nda och s\u00e5 stod jag d\u00e4r och var din \u00f6dmjuke tj\u00e4nare som alla bara dyrkad&#8211; jag menar: Beundrade. Eller jag menar: som alla bara k\u00e4nde att HON \u00e4r en viktig person i Guds rike.<br \/>\nGud: Du \u00c4R en viktig person i mitt rike.<br \/>\nJag: Jaja.<br \/>\nGud: Du \u00e4r det.<br \/>\nJag: S\u00e5d\u00e4r s\u00e4ger du till alla m\u00e4nniskor.<br \/>\nGud: Alla \u00e4r viktiga personer i mitt rike, s\u00e5: Ja.<br \/>\nJag: Men jag vill liksom vara lite extra speciell.<br \/>\nGud: Tro mig. Du \u00e4r lite extra speciell.<br \/>\nJag: Jag vill vara det p\u00e5 ett bra s\u00e4tt!<br \/>\nGud: Jag g\u00f6r bara folk speciella p\u00e5 bra s\u00e4tt.<br \/>\nJag: Men EXTRA speciell.<br \/>\nGud: Alla \u00e4r extra speciella.<br \/>\nJag: Jag vill vara superdeluxe-extra-total-bauta-j\u00e4tte-extra-v\u00e4ldigt-ultraspeciell.<br \/>\nGud: Mmm.<br \/>\nJag: Det \u00e4r s\u00e5 mycket folk som \u00e4r vanligt speciella.<br \/>\nGud: Alla de utvalda.<br \/>\nJag: F\u00f6r att alla \u00e4r utvalda.<br \/>\nGud: Ja.<br \/>\nJag: Men \u00c5\u00c5\u00c5\u00c5\u00c5H vad du \u00e4r jobbig.<br \/>\nGud: Du \u00e4r s\u00e5 dyrbar i mina \u00f6gon, s\u00e5 h\u00f6gt aktad och s\u00e5 \u00e4lskad av mig.<br \/>\nJag: Det d\u00e4r \u00e4r fr\u00e5n Bibeln.<br \/>\nGud: Jag vet. Jag skrev det speciellt f\u00f6r dig.<br \/>\nJag: L\u00e4gg av!<br \/>\nGud: Jag gjorde det. Speciellt f\u00f6r dig.<br \/>\nJag: Och f\u00f6r alla andra.<br \/>\nGud: Om du hade varit den enda m\u00e4nniskan som n\u00e5gonsin l\u00e4st de orden, hade jag \u00e4nd\u00e5 sett till att de stod d\u00e4r. De g\u00e4ller dig lika mycket som om de inte g\u00e4llde n\u00e5gon annan. De g\u00e4ller dig till hundra procent.<br \/>\nJag: P\u00e5 riktigt?<br \/>\nGud: Ja.<br \/>\nJag: Jag \u00e4r s\u00e5 dyrbar i dina \u00f6gon, s\u00e5 h\u00f6gt aktad&#8230;<br \/>\nGud: Och s\u00e5 \u00e4lskad av mig.<br \/>\nJag: Coolt.<br \/>\nGud: Jupp.<br \/>\nJag: Och alla andra ocks\u00e5?<br \/>\nGud: Ja, alla andra ocks\u00e5.<br \/>\nJag: OK d\u00e5.<\/p>\n","protected":false},"excerpt":{"rendered":"<p>Jag: Jag fyller \u00e5r imorgon. Gud: Jag vet. Grattis. Jag: Tack. Men det \u00e4r bara det att jag har en fr\u00e5ga. Gud: Vilken. \u00d6verraskning. Jag: Du vet s\u00e4kert redan vad det \u00e4r f\u00f6r fr\u00e5ga. Gud: Varf\u00f6r du inte har gjort n\u00e5got vettigt av ditt liv? Jag: Eh&#8230; min fr\u00e5ga var mer varf\u00f6r DU inte har [&hellip;]<\/p>\n","protected":false},"author":569,"featured_media":91,"comment_status":"open","ping_status":"open","sticky":false,"template":"","format":"standard","meta":{"_acf_changed":false,"footnotes":""},"categories":[61608],"tags":[160712,52056,162955,169925],"class_list":["post-90","post","type-post","status-publish","format-standard","has-post-thumbnail","hentry","category-vandring","tag-en-gang-ska-gud-och-jag","tag-fodelsedag","tag-horru-gud","tag-speciell"],"acf":[],"yoast_head":"<!-- This site is optimized with the Yoast SEO plugin v27.1.1 - https:\/\/yoast.com\/product\/yoast-seo-wordpress\/ -->\n<title>Jag vill vara superdeluxe-extra-total-bauta-j\u00e4tte-extra-v\u00e4ldigt-ultraspeciell - H\u00f6rru Gud<\/title>\n<meta name=\"robots\" content=\"index, follow, max-snippet:-1, max-image-preview:large, max-video-preview:-1\" \/>\n<link rel=\"canonical\" href=\"https:\/\/blogg.svenskakyrkan.se\/horrugud\/2017\/07\/23\/jag-vill-vara-superdeluxe-extra-total-bauta-jatte-extra-valdigt-ultraspeciell\/\" \/>\n<meta property=\"og:locale\" content=\"sv_SE\" \/>\n<meta property=\"og:type\" content=\"article\" \/>\n<meta property=\"og:title\" content=\"Jag vill vara superdeluxe-extra-total-bauta-j\u00e4tte-extra-v\u00e4ldigt-ultraspeciell - H\u00f6rru Gud\" \/>\n<meta property=\"og:description\" content=\"Jag: Jag fyller \u00e5r imorgon. Gud: Jag vet. Grattis. Jag: Tack. Men det \u00e4r bara det att jag har en fr\u00e5ga. Gud: Vilken. \u00d6verraskning. Jag: Du vet s\u00e4kert redan vad det \u00e4r f\u00f6r fr\u00e5ga. Gud: Varf\u00f6r du inte har gjort n\u00e5got vettigt av ditt liv? Jag: Eh&#8230; min fr\u00e5ga var mer varf\u00f6r DU inte har [&hellip;]\" \/>\n<meta property=\"og:url\" content=\"https:\/\/blogg.svenskakyrkan.se\/horrugud\/2017\/07\/23\/jag-vill-vara-superdeluxe-extra-total-bauta-jatte-extra-valdigt-ultraspeciell\/\" \/>\n<meta property=\"og:site_name\" content=\"H\u00f6rru Gud\" \/>\n<meta property=\"article:published_time\" content=\"2017-07-23T19:27:06+00:00\" \/>\n<meta property=\"article:modified_time\" content=\"2018-06-17T10:56:44+00:00\" \/>\n<meta property=\"og:image\" content=\"https:\/\/blogg.svenskakyrkan.se\/horrugud\/files\/2018\/06\/AC0439E4-1B0F-482F-B3A2-5A2860972AD2.jpeg\" \/>\n\t<meta property=\"og:image:width\" content=\"960\" \/>\n\t<meta property=\"og:image:height\" content=\"720\" \/>\n\t<meta property=\"og:image:type\" content=\"image\/jpeg\" \/>\n<meta name=\"author\" content=\"Charlotte Frycklund, pr\u00e4st\" \/>\n<meta name=\"twitter:card\" content=\"summary_large_image\" \/>\n<meta name=\"twitter:label1\" content=\"Skriven av\" \/>\n\t<meta name=\"twitter:data1\" content=\"Charlotte Frycklund, pr\u00e4st\" \/>\n\t<meta name=\"twitter:label2\" content=\"Ber\u00e4knad l\u00e4stid\" \/>\n\t<meta name=\"twitter:data2\" content=\"3 minuter\" \/>\n<script type=\"application\/ld+json\" class=\"yoast-schema-graph\">{\"@context\":\"https:\/\/schema.org\",\"@graph\":[{\"@type\":\"Article\",\"@id\":\"https:\/\/blogg.svenskakyrkan.se\/horrugud\/2017\/07\/23\/jag-vill-vara-superdeluxe-extra-total-bauta-jatte-extra-valdigt-ultraspeciell\/#article\",\"isPartOf\":{\"@id\":\"https:\/\/blogg.svenskakyrkan.se\/horrugud\/2017\/07\/23\/jag-vill-vara-superdeluxe-extra-total-bauta-jatte-extra-valdigt-ultraspeciell\/\"},\"author\":{\"name\":\"Charlotte Frycklund, pr\u00e4st\",\"@id\":\"https:\/\/blogg.svenskakyrkan.se\/horrugud\/#\/schema\/person\/595d75da5bf93cf9ca814c398b63ed6d\"},\"headline\":\"Jag vill vara superdeluxe-extra-total-bauta-j\u00e4tte-extra-v\u00e4ldigt-ultraspeciell\",\"datePublished\":\"2017-07-23T19:27:06+00:00\",\"dateModified\":\"2018-06-17T10:56:44+00:00\",\"mainEntityOfPage\":{\"@id\":\"https:\/\/blogg.svenskakyrkan.se\/horrugud\/2017\/07\/23\/jag-vill-vara-superdeluxe-extra-total-bauta-jatte-extra-valdigt-ultraspeciell\/\"},\"wordCount\":543,\"commentCount\":0,\"image\":{\"@id\":\"https:\/\/blogg.svenskakyrkan.se\/horrugud\/2017\/07\/23\/jag-vill-vara-superdeluxe-extra-total-bauta-jatte-extra-valdigt-ultraspeciell\/#primaryimage\"},\"thumbnailUrl\":\"https:\/\/blogg.svenskakyrkan.se\/horrugud\/files\/2018\/06\/AC0439E4-1B0F-482F-B3A2-5A2860972AD2.jpeg\",\"keywords\":[\"En g\u00e5ng ska Gud och jag\",\"F\u00f6delsedag\",\"H\u00f6rru Gud\",\"Speciell\"],\"articleSection\":[\"Vandring\"],\"inLanguage\":\"sv-SE\",\"potentialAction\":[{\"@type\":\"CommentAction\",\"name\":\"Comment\",\"target\":[\"https:\/\/blogg.svenskakyrkan.se\/horrugud\/2017\/07\/23\/jag-vill-vara-superdeluxe-extra-total-bauta-jatte-extra-valdigt-ultraspeciell\/#respond\"]}]},{\"@type\":\"WebPage\",\"@id\":\"https:\/\/blogg.svenskakyrkan.se\/horrugud\/2017\/07\/23\/jag-vill-vara-superdeluxe-extra-total-bauta-jatte-extra-valdigt-ultraspeciell\/\",\"url\":\"https:\/\/blogg.svenskakyrkan.se\/horrugud\/2017\/07\/23\/jag-vill-vara-superdeluxe-extra-total-bauta-jatte-extra-valdigt-ultraspeciell\/\",\"name\":\"Jag vill vara superdeluxe-extra-total-bauta-j\u00e4tte-extra-v\u00e4ldigt-ultraspeciell - H\u00f6rru Gud\",\"isPartOf\":{\"@id\":\"https:\/\/blogg.svenskakyrkan.se\/horrugud\/#website\"},\"primaryImageOfPage\":{\"@id\":\"https:\/\/blogg.svenskakyrkan.se\/horrugud\/2017\/07\/23\/jag-vill-vara-superdeluxe-extra-total-bauta-jatte-extra-valdigt-ultraspeciell\/#primaryimage\"},\"image\":{\"@id\":\"https:\/\/blogg.svenskakyrkan.se\/horrugud\/2017\/07\/23\/jag-vill-vara-superdeluxe-extra-total-bauta-jatte-extra-valdigt-ultraspeciell\/#primaryimage\"},\"thumbnailUrl\":\"https:\/\/blogg.svenskakyrkan.se\/horrugud\/files\/2018\/06\/AC0439E4-1B0F-482F-B3A2-5A2860972AD2.jpeg\",\"datePublished\":\"2017-07-23T19:27:06+00:00\",\"dateModified\":\"2018-06-17T10:56:44+00:00\",\"author\":{\"@id\":\"https:\/\/blogg.svenskakyrkan.se\/horrugud\/#\/schema\/person\/595d75da5bf93cf9ca814c398b63ed6d\"},\"breadcrumb\":{\"@id\":\"https:\/\/blogg.svenskakyrkan.se\/horrugud\/2017\/07\/23\/jag-vill-vara-superdeluxe-extra-total-bauta-jatte-extra-valdigt-ultraspeciell\/#breadcrumb\"},\"inLanguage\":\"sv-SE\",\"potentialAction\":[{\"@type\":\"ReadAction\",\"target\":[\"https:\/\/blogg.svenskakyrkan.se\/horrugud\/2017\/07\/23\/jag-vill-vara-superdeluxe-extra-total-bauta-jatte-extra-valdigt-ultraspeciell\/\"]}]},{\"@type\":\"ImageObject\",\"inLanguage\":\"sv-SE\",\"@id\":\"https:\/\/blogg.svenskakyrkan.se\/horrugud\/2017\/07\/23\/jag-vill-vara-superdeluxe-extra-total-bauta-jatte-extra-valdigt-ultraspeciell\/#primaryimage\",\"url\":\"https:\/\/blogg.svenskakyrkan.se\/horrugud\/files\/2018\/06\/AC0439E4-1B0F-482F-B3A2-5A2860972AD2.jpeg\",\"contentUrl\":\"https:\/\/blogg.svenskakyrkan.se\/horrugud\/files\/2018\/06\/AC0439E4-1B0F-482F-B3A2-5A2860972AD2.jpeg\",\"width\":960,\"height\":720},{\"@type\":\"BreadcrumbList\",\"@id\":\"https:\/\/blogg.svenskakyrkan.se\/horrugud\/2017\/07\/23\/jag-vill-vara-superdeluxe-extra-total-bauta-jatte-extra-valdigt-ultraspeciell\/#breadcrumb\",\"itemListElement\":[{\"@type\":\"ListItem\",\"position\":1,\"name\":\"Hem\",\"item\":\"https:\/\/blogg.svenskakyrkan.se\/horrugud\/\"},{\"@type\":\"ListItem\",\"position\":2,\"name\":\"Jag vill vara superdeluxe-extra-total-bauta-j\u00e4tte-extra-v\u00e4ldigt-ultraspeciell\"}]},{\"@type\":\"WebSite\",\"@id\":\"https:\/\/blogg.svenskakyrkan.se\/horrugud\/#website\",\"url\":\"https:\/\/blogg.svenskakyrkan.se\/horrugud\/\",\"name\":\"H\u00f6rru Gud\",\"description\":\"Hypotetiska samtal med v\u00e5r Herre\",\"potentialAction\":[{\"@type\":\"SearchAction\",\"target\":{\"@type\":\"EntryPoint\",\"urlTemplate\":\"https:\/\/blogg.svenskakyrkan.se\/horrugud\/?s={search_term_string}\"},\"query-input\":{\"@type\":\"PropertyValueSpecification\",\"valueRequired\":true,\"valueName\":\"search_term_string\"}}],\"inLanguage\":\"sv-SE\"},{\"@type\":\"Person\",\"@id\":\"https:\/\/blogg.svenskakyrkan.se\/horrugud\/#\/schema\/person\/595d75da5bf93cf9ca814c398b63ed6d\",\"name\":\"Charlotte Frycklund, pr\u00e4st\",\"image\":{\"@type\":\"ImageObject\",\"inLanguage\":\"sv-SE\",\"@id\":\"https:\/\/blogg.svenskakyrkan.se\/horrugud\/#\/schema\/person\/image\/\",\"url\":\"https:\/\/secure.gravatar.com\/avatar\/10f37b82bf44def60f716a446302420cc1eb214cca306b573a488614ab47ee87?s=96&d=mm&r=g\",\"contentUrl\":\"https:\/\/secure.gravatar.com\/avatar\/10f37b82bf44def60f716a446302420cc1eb214cca306b573a488614ab47ee87?s=96&d=mm&r=g\",\"caption\":\"Charlotte Frycklund, pr\u00e4st\"},\"url\":\"https:\/\/blogg.svenskakyrkan.se\/horrugud\/author\/charlottefrycklund\/\"}]}<\/script>\n<!-- \/ Yoast SEO plugin. -->","yoast_head_json":{"title":"Jag vill vara superdeluxe-extra-total-bauta-j\u00e4tte-extra-v\u00e4ldigt-ultraspeciell - H\u00f6rru Gud","robots":{"index":"index","follow":"follow","max-snippet":"max-snippet:-1","max-image-preview":"max-image-preview:large","max-video-preview":"max-video-preview:-1"},"canonical":"https:\/\/blogg.svenskakyrkan.se\/horrugud\/2017\/07\/23\/jag-vill-vara-superdeluxe-extra-total-bauta-jatte-extra-valdigt-ultraspeciell\/","og_locale":"sv_SE","og_type":"article","og_title":"Jag vill vara superdeluxe-extra-total-bauta-j\u00e4tte-extra-v\u00e4ldigt-ultraspeciell - H\u00f6rru Gud","og_description":"Jag: Jag fyller \u00e5r imorgon. Gud: Jag vet. Grattis. Jag: Tack. Men det \u00e4r bara det att jag har en fr\u00e5ga. Gud: Vilken. \u00d6verraskning. Jag: Du vet s\u00e4kert redan vad det \u00e4r f\u00f6r fr\u00e5ga. Gud: Varf\u00f6r du inte har gjort n\u00e5got vettigt av ditt liv? Jag: Eh&#8230; min fr\u00e5ga var mer varf\u00f6r DU inte har [&hellip;]","og_url":"https:\/\/blogg.svenskakyrkan.se\/horrugud\/2017\/07\/23\/jag-vill-vara-superdeluxe-extra-total-bauta-jatte-extra-valdigt-ultraspeciell\/","og_site_name":"H\u00f6rru Gud","article_published_time":"2017-07-23T19:27:06+00:00","article_modified_time":"2018-06-17T10:56:44+00:00","og_image":[{"width":960,"height":720,"url":"https:\/\/blogg.svenskakyrkan.se\/horrugud\/files\/2018\/06\/AC0439E4-1B0F-482F-B3A2-5A2860972AD2.jpeg","type":"image\/jpeg"}],"author":"Charlotte Frycklund, pr\u00e4st","twitter_card":"summary_large_image","twitter_misc":{"Skriven av":"Charlotte Frycklund, pr\u00e4st","Ber\u00e4knad l\u00e4stid":"3 minuter"},"schema":{"@context":"https:\/\/schema.org","@graph":[{"@type":"Article","@id":"https:\/\/blogg.svenskakyrkan.se\/horrugud\/2017\/07\/23\/jag-vill-vara-superdeluxe-extra-total-bauta-jatte-extra-valdigt-ultraspeciell\/#article","isPartOf":{"@id":"https:\/\/blogg.svenskakyrkan.se\/horrugud\/2017\/07\/23\/jag-vill-vara-superdeluxe-extra-total-bauta-jatte-extra-valdigt-ultraspeciell\/"},"author":{"name":"Charlotte Frycklund, pr\u00e4st","@id":"https:\/\/blogg.svenskakyrkan.se\/horrugud\/#\/schema\/person\/595d75da5bf93cf9ca814c398b63ed6d"},"headline":"Jag vill vara superdeluxe-extra-total-bauta-j\u00e4tte-extra-v\u00e4ldigt-ultraspeciell","datePublished":"2017-07-23T19:27:06+00:00","dateModified":"2018-06-17T10:56:44+00:00","mainEntityOfPage":{"@id":"https:\/\/blogg.svenskakyrkan.se\/horrugud\/2017\/07\/23\/jag-vill-vara-superdeluxe-extra-total-bauta-jatte-extra-valdigt-ultraspeciell\/"},"wordCount":543,"commentCount":0,"image":{"@id":"https:\/\/blogg.svenskakyrkan.se\/horrugud\/2017\/07\/23\/jag-vill-vara-superdeluxe-extra-total-bauta-jatte-extra-valdigt-ultraspeciell\/#primaryimage"},"thumbnailUrl":"https:\/\/blogg.svenskakyrkan.se\/horrugud\/files\/2018\/06\/AC0439E4-1B0F-482F-B3A2-5A2860972AD2.jpeg","keywords":["En g\u00e5ng ska Gud och jag","F\u00f6delsedag","H\u00f6rru Gud","Speciell"],"articleSection":["Vandring"],"inLanguage":"sv-SE","potentialAction":[{"@type":"CommentAction","name":"Comment","target":["https:\/\/blogg.svenskakyrkan.se\/horrugud\/2017\/07\/23\/jag-vill-vara-superdeluxe-extra-total-bauta-jatte-extra-valdigt-ultraspeciell\/#respond"]}]},{"@type":"WebPage","@id":"https:\/\/blogg.svenskakyrkan.se\/horrugud\/2017\/07\/23\/jag-vill-vara-superdeluxe-extra-total-bauta-jatte-extra-valdigt-ultraspeciell\/","url":"https:\/\/blogg.svenskakyrkan.se\/horrugud\/2017\/07\/23\/jag-vill-vara-superdeluxe-extra-total-bauta-jatte-extra-valdigt-ultraspeciell\/","name":"Jag vill vara superdeluxe-extra-total-bauta-j\u00e4tte-extra-v\u00e4ldigt-ultraspeciell - H\u00f6rru Gud","isPartOf":{"@id":"https:\/\/blogg.svenskakyrkan.se\/horrugud\/#website"},"primaryImageOfPage":{"@id":"https:\/\/blogg.svenskakyrkan.se\/horrugud\/2017\/07\/23\/jag-vill-vara-superdeluxe-extra-total-bauta-jatte-extra-valdigt-ultraspeciell\/#primaryimage"},"image":{"@id":"https:\/\/blogg.svenskakyrkan.se\/horrugud\/2017\/07\/23\/jag-vill-vara-superdeluxe-extra-total-bauta-jatte-extra-valdigt-ultraspeciell\/#primaryimage"},"thumbnailUrl":"https:\/\/blogg.svenskakyrkan.se\/horrugud\/files\/2018\/06\/AC0439E4-1B0F-482F-B3A2-5A2860972AD2.jpeg","datePublished":"2017-07-23T19:27:06+00:00","dateModified":"2018-06-17T10:56:44+00:00","author":{"@id":"https:\/\/blogg.svenskakyrkan.se\/horrugud\/#\/schema\/person\/595d75da5bf93cf9ca814c398b63ed6d"},"breadcrumb":{"@id":"https:\/\/blogg.svenskakyrkan.se\/horrugud\/2017\/07\/23\/jag-vill-vara-superdeluxe-extra-total-bauta-jatte-extra-valdigt-ultraspeciell\/#breadcrumb"},"inLanguage":"sv-SE","potentialAction":[{"@type":"ReadAction","target":["https:\/\/blogg.svenskakyrkan.se\/horrugud\/2017\/07\/23\/jag-vill-vara-superdeluxe-extra-total-bauta-jatte-extra-valdigt-ultraspeciell\/"]}]},{"@type":"ImageObject","inLanguage":"sv-SE","@id":"https:\/\/blogg.svenskakyrkan.se\/horrugud\/2017\/07\/23\/jag-vill-vara-superdeluxe-extra-total-bauta-jatte-extra-valdigt-ultraspeciell\/#primaryimage","url":"https:\/\/blogg.svenskakyrkan.se\/horrugud\/files\/2018\/06\/AC0439E4-1B0F-482F-B3A2-5A2860972AD2.jpeg","contentUrl":"https:\/\/blogg.svenskakyrkan.se\/horrugud\/files\/2018\/06\/AC0439E4-1B0F-482F-B3A2-5A2860972AD2.jpeg","width":960,"height":720},{"@type":"BreadcrumbList","@id":"https:\/\/blogg.svenskakyrkan.se\/horrugud\/2017\/07\/23\/jag-vill-vara-superdeluxe-extra-total-bauta-jatte-extra-valdigt-ultraspeciell\/#breadcrumb","itemListElement":[{"@type":"ListItem","position":1,"name":"Hem","item":"https:\/\/blogg.svenskakyrkan.se\/horrugud\/"},{"@type":"ListItem","position":2,"name":"Jag vill vara superdeluxe-extra-total-bauta-j\u00e4tte-extra-v\u00e4ldigt-ultraspeciell"}]},{"@type":"WebSite","@id":"https:\/\/blogg.svenskakyrkan.se\/horrugud\/#website","url":"https:\/\/blogg.svenskakyrkan.se\/horrugud\/","name":"H\u00f6rru Gud","description":"Hypotetiska samtal med v\u00e5r Herre","potentialAction":[{"@type":"SearchAction","target":{"@type":"EntryPoint","urlTemplate":"https:\/\/blogg.svenskakyrkan.se\/horrugud\/?s={search_term_string}"},"query-input":{"@type":"PropertyValueSpecification","valueRequired":true,"valueName":"search_term_string"}}],"inLanguage":"sv-SE"},{"@type":"Person","@id":"https:\/\/blogg.svenskakyrkan.se\/horrugud\/#\/schema\/person\/595d75da5bf93cf9ca814c398b63ed6d","name":"Charlotte Frycklund, pr\u00e4st","image":{"@type":"ImageObject","inLanguage":"sv-SE","@id":"https:\/\/blogg.svenskakyrkan.se\/horrugud\/#\/schema\/person\/image\/","url":"https:\/\/secure.gravatar.com\/avatar\/10f37b82bf44def60f716a446302420cc1eb214cca306b573a488614ab47ee87?s=96&d=mm&r=g","contentUrl":"https:\/\/secure.gravatar.com\/avatar\/10f37b82bf44def60f716a446302420cc1eb214cca306b573a488614ab47ee87?s=96&d=mm&r=g","caption":"Charlotte Frycklund, pr\u00e4st"},"url":"https:\/\/blogg.svenskakyrkan.se\/horrugud\/author\/charlottefrycklund\/"}]}},"author_meta":{"ID":"569","user_nicename":"charlottefrycklund","user_registered":"2016-05-24 11:46:19","display_name":"Charlotte Frycklund, pr\u00e4st","first_name":"Charlotte","last_name":"Frycklund, pr\u00e4st","avatar":"https:\/\/secure.gravatar.com\/avatar\/10f37b82bf44def60f716a446302420cc1eb214cca306b573a488614ab47ee87?s=96&d=mm&r=g"},"featured_image":["https:\/\/blogg.svenskakyrkan.se\/horrugud\/files\/2018\/06\/AC0439E4-1B0F-482F-B3A2-5A2860972AD2.jpeg",960,720,false],"bloginfo":{"name":"H\u00f6rru Gud","url":"https:\/\/blogg.svenskakyrkan.se\/horrugud"},"_links":{"self":[{"href":"https:\/\/blogg.svenskakyrkan.se\/horrugud\/wp-json\/wp\/v2\/posts\/90","targetHints":{"allow":["GET"]}}],"collection":[{"href":"https:\/\/blogg.svenskakyrkan.se\/horrugud\/wp-json\/wp\/v2\/posts"}],"about":[{"href":"https:\/\/blogg.svenskakyrkan.se\/horrugud\/wp-json\/wp\/v2\/types\/post"}],"author":[{"embeddable":true,"href":"https:\/\/blogg.svenskakyrkan.se\/horrugud\/wp-json\/wp\/v2\/users\/569"}],"replies":[{"embeddable":true,"href":"https:\/\/blogg.svenskakyrkan.se\/horrugud\/wp-json\/wp\/v2\/comments?post=90"}],"version-history":[{"count":1,"href":"https:\/\/blogg.svenskakyrkan.se\/horrugud\/wp-json\/wp\/v2\/posts\/90\/revisions"}],"predecessor-version":[{"id":92,"href":"https:\/\/blogg.svenskakyrkan.se\/horrugud\/wp-json\/wp\/v2\/posts\/90\/revisions\/92"}],"wp:featuredmedia":[{"embeddable":true,"href":"https:\/\/blogg.svenskakyrkan.se\/horrugud\/wp-json\/wp\/v2\/media\/91"}],"wp:attachment":[{"href":"https:\/\/blogg.svenskakyrkan.se\/horrugud\/wp-json\/wp\/v2\/media?parent=90"}],"wp:term":[{"taxonomy":"category","embeddable":true,"href":"https:\/\/blogg.svenskakyrkan.se\/horrugud\/wp-json\/wp\/v2\/categories?post=90"},{"taxonomy":"post_tag","embeddable":true,"href":"https:\/\/blogg.svenskakyrkan.se\/horrugud\/wp-json\/wp\/v2\/tags?post=90"}],"curies":[{"name":"wp","href":"https:\/\/api.w.org\/{rel}","templated":true}]}}