{"id":427,"date":"2021-06-02T06:00:00","date_gmt":"2021-06-02T04:00:00","guid":{"rendered":"http:\/\/blogg.svenskakyrkan.se\/ingenhinnerfram\/?p=427"},"modified":"2021-06-01T21:07:08","modified_gmt":"2021-06-01T19:07:08","slug":"98-nu-angar-vi-varandra","status":"publish","type":"post","link":"https:\/\/blogg.svenskakyrkan.se\/ingenhinnerfram\/2021\/06\/02\/98-nu-angar-vi-varandra\/","title":{"rendered":"98. Nu ang\u00e5r vi varandra"},"content":{"rendered":"\n\n\n<figure class=\"wp-block-image size-large\"><img loading=\"lazy\" decoding=\"async\" width=\"1024\" height=\"1024\" src=\"https:\/\/blogg.svenskakyrkan.se\/ingenhinnerfram\/files\/2021\/06\/IHF98-1024x1024.jpg\" alt=\"\" class=\"wp-image-428\" srcset=\"https:\/\/blogg.svenskakyrkan.se\/ingenhinnerfram\/files\/2021\/06\/IHF98-1024x1024.jpg 1024w, https:\/\/blogg.svenskakyrkan.se\/ingenhinnerfram\/files\/2021\/06\/IHF98-300x300.jpg 300w, https:\/\/blogg.svenskakyrkan.se\/ingenhinnerfram\/files\/2021\/06\/IHF98-150x150.jpg 150w, https:\/\/blogg.svenskakyrkan.se\/ingenhinnerfram\/files\/2021\/06\/IHF98-768x768.jpg 768w, https:\/\/blogg.svenskakyrkan.se\/ingenhinnerfram\/files\/2021\/06\/IHF98-640x640.jpg 640w, https:\/\/blogg.svenskakyrkan.se\/ingenhinnerfram\/files\/2021\/06\/IHF98.jpg 1080w\" sizes=\"auto, (max-width: 1024px) 100vw, 1024px\" \/><\/figure>\n\n\n\n<p>Nino Mick, poet, f\u00f6rfattare och transperson, g\u00e4star studion f\u00f6r ett samtal om debatten som blossat upp efter Kajsa Ekis Ekmans bok om feminism och k\u00f6n. Ett samtal om spr\u00e5ket, politiken, Svenska kyrkans brev till transpersoner och en Gud med k\u00f6nsdysfori.<\/p>\n<audio class=\"wp-audio-shortcode\" id=\"audio-427-1\" preload=\"none\" style=\"width: 100%;\" controls=\"controls\"><source type=\"audio\/mpeg\" src=\"https:\/\/traffic.libsyn.com\/secure\/ingenhinnerfram\/IHF99.mp3?_=1\" \/><a href=\"https:\/\/traffic.libsyn.com\/secure\/ingenhinnerfram\/IHF99.mp3\">https:\/\/traffic.libsyn.com\/secure\/ingenhinnerfram\/IHF99.mp3<\/a><\/audio>\n","protected":false},"excerpt":{"rendered":"<p>Nino Mick, poet, f\u00f6rfattare och transperson, g\u00e4star studion f\u00f6r ett samtal om debatten som blossat upp efter Kajsa Ekis Ekmans bok om feminism och k\u00f6n. Ett samtal om spr\u00e5ket, politiken, Svenska kyrkans brev till transpersoner och en Gud med k\u00f6nsdysfori. https:\/\/traffic.libsyn.com\/secure\/ingenhinnerfram\/IHF99.mp3<\/p>\n","protected":false},"author":703,"featured_media":428,"comment_status":"open","ping_status":"open","sticky":false,"template":"","format":"standard","meta":{"_acf_changed":false,"footnotes":""},"categories":[9],"tags":[],"class_list":["post-427","post","type-post","status-publish","format-standard","has-post-thumbnail","hentry","category-okategoriserade"],"acf":[],"yoast_head":"<!-- This site is optimized with the Yoast SEO plugin v27.1.1 - https:\/\/yoast.com\/product\/yoast-seo-wordpress\/ -->\n<title>98. Nu ang\u00e5r vi varandra - Ingen hinner fram<\/title>\n<meta name=\"robots\" content=\"index, follow, max-snippet:-1, max-image-preview:large, max-video-preview:-1\" \/>\n<link rel=\"canonical\" href=\"https:\/\/blogg.svenskakyrkan.se\/ingenhinnerfram\/2021\/06\/02\/98-nu-angar-vi-varandra\/\" \/>\n<meta property=\"og:locale\" content=\"sv_SE\" \/>\n<meta property=\"og:type\" content=\"article\" \/>\n<meta property=\"og:title\" content=\"98. Nu ang\u00e5r vi varandra - Ingen hinner fram\" \/>\n<meta property=\"og:description\" content=\"Nino Mick, poet, f\u00f6rfattare och transperson, g\u00e4star studion f\u00f6r ett samtal om debatten som blossat upp efter Kajsa Ekis Ekmans bok om feminism och k\u00f6n. Ett samtal om spr\u00e5ket, politiken, Svenska kyrkans brev till transpersoner och en Gud med k\u00f6nsdysfori. https:\/\/traffic.libsyn.com\/secure\/ingenhinnerfram\/IHF99.mp3\" \/>\n<meta property=\"og:url\" content=\"https:\/\/blogg.svenskakyrkan.se\/ingenhinnerfram\/2021\/06\/02\/98-nu-angar-vi-varandra\/\" \/>\n<meta property=\"og:site_name\" content=\"Ingen hinner fram\" \/>\n<meta property=\"article:published_time\" content=\"2021-06-02T04:00:00+00:00\" \/>\n<meta property=\"og:image\" content=\"https:\/\/blogg.svenskakyrkan.se\/ingenhinnerfram\/files\/2021\/06\/IHF98.jpg\" \/>\n\t<meta property=\"og:image:width\" content=\"1080\" \/>\n\t<meta property=\"og:image:height\" content=\"1080\" \/>\n\t<meta property=\"og:image:type\" content=\"image\/jpeg\" \/>\n<meta name=\"author\" content=\"ingenhinnerfram\" \/>\n<meta name=\"twitter:card\" content=\"summary_large_image\" \/>\n<meta name=\"twitter:label1\" content=\"Skriven av\" \/>\n\t<meta name=\"twitter:data1\" content=\"ingenhinnerfram\" \/>\n<script type=\"application\/ld+json\" class=\"yoast-schema-graph\">{\"@context\":\"https:\/\/schema.org\",\"@graph\":[{\"@type\":\"Article\",\"@id\":\"https:\/\/blogg.svenskakyrkan.se\/ingenhinnerfram\/2021\/06\/02\/98-nu-angar-vi-varandra\/#article\",\"isPartOf\":{\"@id\":\"https:\/\/blogg.svenskakyrkan.se\/ingenhinnerfram\/2021\/06\/02\/98-nu-angar-vi-varandra\/\"},\"author\":{\"name\":\"ingenhinnerfram\",\"@id\":\"https:\/\/blogg.svenskakyrkan.se\/ingenhinnerfram\/#\/schema\/person\/c200d7da77a80da0c727d59576f1305e\"},\"headline\":\"98. Nu ang\u00e5r vi varandra\",\"datePublished\":\"2021-06-02T04:00:00+00:00\",\"mainEntityOfPage\":{\"@id\":\"https:\/\/blogg.svenskakyrkan.se\/ingenhinnerfram\/2021\/06\/02\/98-nu-angar-vi-varandra\/\"},\"wordCount\":59,\"commentCount\":0,\"image\":{\"@id\":\"https:\/\/blogg.svenskakyrkan.se\/ingenhinnerfram\/2021\/06\/02\/98-nu-angar-vi-varandra\/#primaryimage\"},\"thumbnailUrl\":\"https:\/\/blogg.svenskakyrkan.se\/ingenhinnerfram\/files\/2021\/06\/IHF98.jpg\",\"inLanguage\":\"sv-SE\",\"potentialAction\":[{\"@type\":\"CommentAction\",\"name\":\"Comment\",\"target\":[\"https:\/\/blogg.svenskakyrkan.se\/ingenhinnerfram\/2021\/06\/02\/98-nu-angar-vi-varandra\/#respond\"]}]},{\"@type\":\"WebPage\",\"@id\":\"https:\/\/blogg.svenskakyrkan.se\/ingenhinnerfram\/2021\/06\/02\/98-nu-angar-vi-varandra\/\",\"url\":\"https:\/\/blogg.svenskakyrkan.se\/ingenhinnerfram\/2021\/06\/02\/98-nu-angar-vi-varandra\/\",\"name\":\"98. Nu ang\u00e5r vi varandra - Ingen hinner fram\",\"isPartOf\":{\"@id\":\"https:\/\/blogg.svenskakyrkan.se\/ingenhinnerfram\/#website\"},\"primaryImageOfPage\":{\"@id\":\"https:\/\/blogg.svenskakyrkan.se\/ingenhinnerfram\/2021\/06\/02\/98-nu-angar-vi-varandra\/#primaryimage\"},\"image\":{\"@id\":\"https:\/\/blogg.svenskakyrkan.se\/ingenhinnerfram\/2021\/06\/02\/98-nu-angar-vi-varandra\/#primaryimage\"},\"thumbnailUrl\":\"https:\/\/blogg.svenskakyrkan.se\/ingenhinnerfram\/files\/2021\/06\/IHF98.jpg\",\"datePublished\":\"2021-06-02T04:00:00+00:00\",\"author\":{\"@id\":\"https:\/\/blogg.svenskakyrkan.se\/ingenhinnerfram\/#\/schema\/person\/c200d7da77a80da0c727d59576f1305e\"},\"breadcrumb\":{\"@id\":\"https:\/\/blogg.svenskakyrkan.se\/ingenhinnerfram\/2021\/06\/02\/98-nu-angar-vi-varandra\/#breadcrumb\"},\"inLanguage\":\"sv-SE\",\"potentialAction\":[{\"@type\":\"ReadAction\",\"target\":[\"https:\/\/blogg.svenskakyrkan.se\/ingenhinnerfram\/2021\/06\/02\/98-nu-angar-vi-varandra\/\"]}]},{\"@type\":\"ImageObject\",\"inLanguage\":\"sv-SE\",\"@id\":\"https:\/\/blogg.svenskakyrkan.se\/ingenhinnerfram\/2021\/06\/02\/98-nu-angar-vi-varandra\/#primaryimage\",\"url\":\"https:\/\/blogg.svenskakyrkan.se\/ingenhinnerfram\/files\/2021\/06\/IHF98.jpg\",\"contentUrl\":\"https:\/\/blogg.svenskakyrkan.se\/ingenhinnerfram\/files\/2021\/06\/IHF98.jpg\",\"width\":1080,\"height\":1080},{\"@type\":\"BreadcrumbList\",\"@id\":\"https:\/\/blogg.svenskakyrkan.se\/ingenhinnerfram\/2021\/06\/02\/98-nu-angar-vi-varandra\/#breadcrumb\",\"itemListElement\":[{\"@type\":\"ListItem\",\"position\":1,\"name\":\"Hem\",\"item\":\"https:\/\/blogg.svenskakyrkan.se\/ingenhinnerfram\/\"},{\"@type\":\"ListItem\",\"position\":2,\"name\":\"98. Nu ang\u00e5r vi varandra\"}]},{\"@type\":\"WebSite\",\"@id\":\"https:\/\/blogg.svenskakyrkan.se\/ingenhinnerfram\/#website\",\"url\":\"https:\/\/blogg.svenskakyrkan.se\/ingenhinnerfram\/\",\"name\":\"Ingen hinner fram\",\"description\":\"En pod om kyrka, tro, samh\u00e4lle, popul\u00e4rkultur och kanske lite politik.\",\"potentialAction\":[{\"@type\":\"SearchAction\",\"target\":{\"@type\":\"EntryPoint\",\"urlTemplate\":\"https:\/\/blogg.svenskakyrkan.se\/ingenhinnerfram\/?s={search_term_string}\"},\"query-input\":{\"@type\":\"PropertyValueSpecification\",\"valueRequired\":true,\"valueName\":\"search_term_string\"}}],\"inLanguage\":\"sv-SE\"},{\"@type\":\"Person\",\"@id\":\"https:\/\/blogg.svenskakyrkan.se\/ingenhinnerfram\/#\/schema\/person\/c200d7da77a80da0c727d59576f1305e\",\"name\":\"ingenhinnerfram\",\"image\":{\"@type\":\"ImageObject\",\"inLanguage\":\"sv-SE\",\"@id\":\"https:\/\/blogg.svenskakyrkan.se\/ingenhinnerfram\/#\/schema\/person\/image\/\",\"url\":\"https:\/\/secure.gravatar.com\/avatar\/112c609001b2de387a33f0c769ba72e45120e49bfe264d5fd54673f00c33ce75?s=96&d=mm&r=g\",\"contentUrl\":\"https:\/\/secure.gravatar.com\/avatar\/112c609001b2de387a33f0c769ba72e45120e49bfe264d5fd54673f00c33ce75?s=96&d=mm&r=g\",\"caption\":\"ingenhinnerfram\"},\"url\":\"https:\/\/blogg.svenskakyrkan.se\/ingenhinnerfram\/author\/ingenhinnerfram\/\"}]}<\/script>\n<!-- \/ Yoast SEO plugin. -->","yoast_head_json":{"title":"98. Nu ang\u00e5r vi varandra - Ingen hinner fram","robots":{"index":"index","follow":"follow","max-snippet":"max-snippet:-1","max-image-preview":"max-image-preview:large","max-video-preview":"max-video-preview:-1"},"canonical":"https:\/\/blogg.svenskakyrkan.se\/ingenhinnerfram\/2021\/06\/02\/98-nu-angar-vi-varandra\/","og_locale":"sv_SE","og_type":"article","og_title":"98. Nu ang\u00e5r vi varandra - Ingen hinner fram","og_description":"Nino Mick, poet, f\u00f6rfattare och transperson, g\u00e4star studion f\u00f6r ett samtal om debatten som blossat upp efter Kajsa Ekis Ekmans bok om feminism och k\u00f6n. Ett samtal om spr\u00e5ket, politiken, Svenska kyrkans brev till transpersoner och en Gud med k\u00f6nsdysfori. https:\/\/traffic.libsyn.com\/secure\/ingenhinnerfram\/IHF99.mp3","og_url":"https:\/\/blogg.svenskakyrkan.se\/ingenhinnerfram\/2021\/06\/02\/98-nu-angar-vi-varandra\/","og_site_name":"Ingen hinner fram","article_published_time":"2021-06-02T04:00:00+00:00","og_image":[{"width":1080,"height":1080,"url":"https:\/\/blogg.svenskakyrkan.se\/ingenhinnerfram\/files\/2021\/06\/IHF98.jpg","type":"image\/jpeg"}],"author":"ingenhinnerfram","twitter_card":"summary_large_image","twitter_misc":{"Skriven av":"ingenhinnerfram"},"schema":{"@context":"https:\/\/schema.org","@graph":[{"@type":"Article","@id":"https:\/\/blogg.svenskakyrkan.se\/ingenhinnerfram\/2021\/06\/02\/98-nu-angar-vi-varandra\/#article","isPartOf":{"@id":"https:\/\/blogg.svenskakyrkan.se\/ingenhinnerfram\/2021\/06\/02\/98-nu-angar-vi-varandra\/"},"author":{"name":"ingenhinnerfram","@id":"https:\/\/blogg.svenskakyrkan.se\/ingenhinnerfram\/#\/schema\/person\/c200d7da77a80da0c727d59576f1305e"},"headline":"98. Nu ang\u00e5r vi varandra","datePublished":"2021-06-02T04:00:00+00:00","mainEntityOfPage":{"@id":"https:\/\/blogg.svenskakyrkan.se\/ingenhinnerfram\/2021\/06\/02\/98-nu-angar-vi-varandra\/"},"wordCount":59,"commentCount":0,"image":{"@id":"https:\/\/blogg.svenskakyrkan.se\/ingenhinnerfram\/2021\/06\/02\/98-nu-angar-vi-varandra\/#primaryimage"},"thumbnailUrl":"https:\/\/blogg.svenskakyrkan.se\/ingenhinnerfram\/files\/2021\/06\/IHF98.jpg","inLanguage":"sv-SE","potentialAction":[{"@type":"CommentAction","name":"Comment","target":["https:\/\/blogg.svenskakyrkan.se\/ingenhinnerfram\/2021\/06\/02\/98-nu-angar-vi-varandra\/#respond"]}]},{"@type":"WebPage","@id":"https:\/\/blogg.svenskakyrkan.se\/ingenhinnerfram\/2021\/06\/02\/98-nu-angar-vi-varandra\/","url":"https:\/\/blogg.svenskakyrkan.se\/ingenhinnerfram\/2021\/06\/02\/98-nu-angar-vi-varandra\/","name":"98. Nu ang\u00e5r vi varandra - Ingen hinner fram","isPartOf":{"@id":"https:\/\/blogg.svenskakyrkan.se\/ingenhinnerfram\/#website"},"primaryImageOfPage":{"@id":"https:\/\/blogg.svenskakyrkan.se\/ingenhinnerfram\/2021\/06\/02\/98-nu-angar-vi-varandra\/#primaryimage"},"image":{"@id":"https:\/\/blogg.svenskakyrkan.se\/ingenhinnerfram\/2021\/06\/02\/98-nu-angar-vi-varandra\/#primaryimage"},"thumbnailUrl":"https:\/\/blogg.svenskakyrkan.se\/ingenhinnerfram\/files\/2021\/06\/IHF98.jpg","datePublished":"2021-06-02T04:00:00+00:00","author":{"@id":"https:\/\/blogg.svenskakyrkan.se\/ingenhinnerfram\/#\/schema\/person\/c200d7da77a80da0c727d59576f1305e"},"breadcrumb":{"@id":"https:\/\/blogg.svenskakyrkan.se\/ingenhinnerfram\/2021\/06\/02\/98-nu-angar-vi-varandra\/#breadcrumb"},"inLanguage":"sv-SE","potentialAction":[{"@type":"ReadAction","target":["https:\/\/blogg.svenskakyrkan.se\/ingenhinnerfram\/2021\/06\/02\/98-nu-angar-vi-varandra\/"]}]},{"@type":"ImageObject","inLanguage":"sv-SE","@id":"https:\/\/blogg.svenskakyrkan.se\/ingenhinnerfram\/2021\/06\/02\/98-nu-angar-vi-varandra\/#primaryimage","url":"https:\/\/blogg.svenskakyrkan.se\/ingenhinnerfram\/files\/2021\/06\/IHF98.jpg","contentUrl":"https:\/\/blogg.svenskakyrkan.se\/ingenhinnerfram\/files\/2021\/06\/IHF98.jpg","width":1080,"height":1080},{"@type":"BreadcrumbList","@id":"https:\/\/blogg.svenskakyrkan.se\/ingenhinnerfram\/2021\/06\/02\/98-nu-angar-vi-varandra\/#breadcrumb","itemListElement":[{"@type":"ListItem","position":1,"name":"Hem","item":"https:\/\/blogg.svenskakyrkan.se\/ingenhinnerfram\/"},{"@type":"ListItem","position":2,"name":"98. Nu ang\u00e5r vi varandra"}]},{"@type":"WebSite","@id":"https:\/\/blogg.svenskakyrkan.se\/ingenhinnerfram\/#website","url":"https:\/\/blogg.svenskakyrkan.se\/ingenhinnerfram\/","name":"Ingen hinner fram","description":"En pod om kyrka, tro, samh\u00e4lle, popul\u00e4rkultur och kanske lite politik.","potentialAction":[{"@type":"SearchAction","target":{"@type":"EntryPoint","urlTemplate":"https:\/\/blogg.svenskakyrkan.se\/ingenhinnerfram\/?s={search_term_string}"},"query-input":{"@type":"PropertyValueSpecification","valueRequired":true,"valueName":"search_term_string"}}],"inLanguage":"sv-SE"},{"@type":"Person","@id":"https:\/\/blogg.svenskakyrkan.se\/ingenhinnerfram\/#\/schema\/person\/c200d7da77a80da0c727d59576f1305e","name":"ingenhinnerfram","image":{"@type":"ImageObject","inLanguage":"sv-SE","@id":"https:\/\/blogg.svenskakyrkan.se\/ingenhinnerfram\/#\/schema\/person\/image\/","url":"https:\/\/secure.gravatar.com\/avatar\/112c609001b2de387a33f0c769ba72e45120e49bfe264d5fd54673f00c33ce75?s=96&d=mm&r=g","contentUrl":"https:\/\/secure.gravatar.com\/avatar\/112c609001b2de387a33f0c769ba72e45120e49bfe264d5fd54673f00c33ce75?s=96&d=mm&r=g","caption":"ingenhinnerfram"},"url":"https:\/\/blogg.svenskakyrkan.se\/ingenhinnerfram\/author\/ingenhinnerfram\/"}]}},"author_meta":{"ID":"703","user_nicename":"ingenhinnerfram","user_registered":"2019-03-05 12:09:25","display_name":"ingenhinnerfram","avatar":"https:\/\/secure.gravatar.com\/avatar\/112c609001b2de387a33f0c769ba72e45120e49bfe264d5fd54673f00c33ce75?s=96&d=mm&r=g"},"featured_image":["https:\/\/blogg.svenskakyrkan.se\/ingenhinnerfram\/files\/2021\/06\/IHF98-1024x1024.jpg",1024,1024,true],"bloginfo":{"name":"Ingen hinner fram","url":"https:\/\/blogg.svenskakyrkan.se\/ingenhinnerfram"},"_links":{"self":[{"href":"https:\/\/blogg.svenskakyrkan.se\/ingenhinnerfram\/wp-json\/wp\/v2\/posts\/427","targetHints":{"allow":["GET"]}}],"collection":[{"href":"https:\/\/blogg.svenskakyrkan.se\/ingenhinnerfram\/wp-json\/wp\/v2\/posts"}],"about":[{"href":"https:\/\/blogg.svenskakyrkan.se\/ingenhinnerfram\/wp-json\/wp\/v2\/types\/post"}],"author":[{"embeddable":true,"href":"https:\/\/blogg.svenskakyrkan.se\/ingenhinnerfram\/wp-json\/wp\/v2\/users\/703"}],"replies":[{"embeddable":true,"href":"https:\/\/blogg.svenskakyrkan.se\/ingenhinnerfram\/wp-json\/wp\/v2\/comments?post=427"}],"version-history":[{"count":1,"href":"https:\/\/blogg.svenskakyrkan.se\/ingenhinnerfram\/wp-json\/wp\/v2\/posts\/427\/revisions"}],"predecessor-version":[{"id":429,"href":"https:\/\/blogg.svenskakyrkan.se\/ingenhinnerfram\/wp-json\/wp\/v2\/posts\/427\/revisions\/429"}],"wp:featuredmedia":[{"embeddable":true,"href":"https:\/\/blogg.svenskakyrkan.se\/ingenhinnerfram\/wp-json\/wp\/v2\/media\/428"}],"wp:attachment":[{"href":"https:\/\/blogg.svenskakyrkan.se\/ingenhinnerfram\/wp-json\/wp\/v2\/media?parent=427"}],"wp:term":[{"taxonomy":"category","embeddable":true,"href":"https:\/\/blogg.svenskakyrkan.se\/ingenhinnerfram\/wp-json\/wp\/v2\/categories?post=427"},{"taxonomy":"post_tag","embeddable":true,"href":"https:\/\/blogg.svenskakyrkan.se\/ingenhinnerfram\/wp-json\/wp\/v2\/tags?post=427"}],"curies":[{"name":"wp","href":"https:\/\/api.w.org\/{rel}","templated":true}]}}