{"id":653,"date":"2023-01-18T06:00:00","date_gmt":"2023-01-18T05:00:00","guid":{"rendered":"https:\/\/blogg.svenskakyrkan.se\/ingenhinnerfram\/?p=653"},"modified":"2023-01-17T15:59:36","modified_gmt":"2023-01-17T14:59:36","slug":"160-ingenting","status":"publish","type":"post","link":"https:\/\/blogg.svenskakyrkan.se\/ingenhinnerfram\/2023\/01\/18\/160-ingenting\/","title":{"rendered":"160. Ingenting"},"content":{"rendered":"\n\n\n<p>Hur stor chans har Ulf Lundells l\u00e5t &#8221;Lugna vatten&#8221; att verkligen bli en psalm? Och vem \u00e4r det som har lobbat in indiegruppen [ingenting] i den nya psalmboken? Det \u00e4r n\u00e5gra fr\u00e5gor som avhandlas i veckans avsnitt. Dessutom fr\u00e5gar vi oss vad &#8221;upplevd metafysik&#8221; \u00e4r f\u00f6r n\u00e5got? Det \u00e4r n\u00e5got som n\u00e4rmar sig poesin och konsten och som kyrkan borde ta p\u00e5 st\u00f6rre allvar.<\/p>\n\n\n\n<p><\/p>\n\n\n\n<figure class=\"wp-block-image aligncenter size-large is-resized\"><img loading=\"lazy\" decoding=\"async\" src=\"https:\/\/blogg.svenskakyrkan.se\/ingenhinnerfram\/files\/2023\/01\/IHF160-1024x1024.jpg\" alt=\"\" class=\"wp-image-654\" width=\"500\" height=\"500\" srcset=\"https:\/\/blogg.svenskakyrkan.se\/ingenhinnerfram\/files\/2023\/01\/IHF160-1024x1024.jpg 1024w, https:\/\/blogg.svenskakyrkan.se\/ingenhinnerfram\/files\/2023\/01\/IHF160-300x300.jpg 300w, https:\/\/blogg.svenskakyrkan.se\/ingenhinnerfram\/files\/2023\/01\/IHF160-150x150.jpg 150w, https:\/\/blogg.svenskakyrkan.se\/ingenhinnerfram\/files\/2023\/01\/IHF160-768x768.jpg 768w, https:\/\/blogg.svenskakyrkan.se\/ingenhinnerfram\/files\/2023\/01\/IHF160-640x640.jpg 640w, https:\/\/blogg.svenskakyrkan.se\/ingenhinnerfram\/files\/2023\/01\/IHF160.jpg 1080w\" sizes=\"auto, (max-width: 500px) 100vw, 500px\" \/><\/figure>\n","protected":false},"excerpt":{"rendered":"<p>Hur stor chans har Ulf Lundells l\u00e5t &#8221;Lugna vatten&#8221; att verkligen bli en psalm? Och vem \u00e4r det som har lobbat in indiegruppen [ingenting] i den nya psalmboken? Det \u00e4r n\u00e5gra fr\u00e5gor som avhandlas i veckans avsnitt. Dessutom fr\u00e5gar vi oss vad &#8221;upplevd metafysik&#8221; \u00e4r f\u00f6r n\u00e5got? Det \u00e4r n\u00e5got som n\u00e4rmar sig poesin och [&hellip;]<\/p>\n","protected":false},"author":703,"featured_media":0,"comment_status":"open","ping_status":"open","sticky":false,"template":"","format":"standard","meta":{"_acf_changed":false,"footnotes":""},"categories":[9],"tags":[],"class_list":["post-653","post","type-post","status-publish","format-standard","hentry","category-okategoriserade"],"acf":[],"yoast_head":"<!-- This site is optimized with the Yoast SEO plugin v27.1.1 - https:\/\/yoast.com\/product\/yoast-seo-wordpress\/ -->\n<title>160. Ingenting - Ingen hinner fram<\/title>\n<meta name=\"robots\" content=\"index, follow, max-snippet:-1, max-image-preview:large, max-video-preview:-1\" \/>\n<link rel=\"canonical\" href=\"https:\/\/blogg.svenskakyrkan.se\/ingenhinnerfram\/2023\/01\/18\/160-ingenting\/\" \/>\n<meta property=\"og:locale\" content=\"sv_SE\" \/>\n<meta property=\"og:type\" content=\"article\" \/>\n<meta property=\"og:title\" content=\"160. Ingenting - Ingen hinner fram\" \/>\n<meta property=\"og:description\" content=\"Hur stor chans har Ulf Lundells l\u00e5t &#8221;Lugna vatten&#8221; att verkligen bli en psalm? Och vem \u00e4r det som har lobbat in indiegruppen [ingenting] i den nya psalmboken? Det \u00e4r n\u00e5gra fr\u00e5gor som avhandlas i veckans avsnitt. Dessutom fr\u00e5gar vi oss vad &#8221;upplevd metafysik&#8221; \u00e4r f\u00f6r n\u00e5got? Det \u00e4r n\u00e5got som n\u00e4rmar sig poesin och [&hellip;]\" \/>\n<meta property=\"og:url\" content=\"https:\/\/blogg.svenskakyrkan.se\/ingenhinnerfram\/2023\/01\/18\/160-ingenting\/\" \/>\n<meta property=\"og:site_name\" content=\"Ingen hinner fram\" \/>\n<meta property=\"article:published_time\" content=\"2023-01-18T05:00:00+00:00\" \/>\n<meta property=\"og:image\" content=\"https:\/\/blogg.svenskakyrkan.se\/ingenhinnerfram\/files\/2023\/01\/IHF160-1024x1024.jpg\" \/>\n<meta name=\"author\" content=\"ingenhinnerfram\" \/>\n<meta name=\"twitter:card\" content=\"summary_large_image\" \/>\n<meta name=\"twitter:label1\" content=\"Skriven av\" \/>\n\t<meta name=\"twitter:data1\" content=\"ingenhinnerfram\" \/>\n<script type=\"application\/ld+json\" class=\"yoast-schema-graph\">{\"@context\":\"https:\/\/schema.org\",\"@graph\":[{\"@type\":\"Article\",\"@id\":\"https:\/\/blogg.svenskakyrkan.se\/ingenhinnerfram\/2023\/01\/18\/160-ingenting\/#article\",\"isPartOf\":{\"@id\":\"https:\/\/blogg.svenskakyrkan.se\/ingenhinnerfram\/2023\/01\/18\/160-ingenting\/\"},\"author\":{\"name\":\"ingenhinnerfram\",\"@id\":\"https:\/\/blogg.svenskakyrkan.se\/ingenhinnerfram\/#\/schema\/person\/c200d7da77a80da0c727d59576f1305e\"},\"headline\":\"160. Ingenting\",\"datePublished\":\"2023-01-18T05:00:00+00:00\",\"mainEntityOfPage\":{\"@id\":\"https:\/\/blogg.svenskakyrkan.se\/ingenhinnerfram\/2023\/01\/18\/160-ingenting\/\"},\"wordCount\":74,\"commentCount\":0,\"image\":{\"@id\":\"https:\/\/blogg.svenskakyrkan.se\/ingenhinnerfram\/2023\/01\/18\/160-ingenting\/#primaryimage\"},\"thumbnailUrl\":\"https:\/\/blogg.svenskakyrkan.se\/ingenhinnerfram\/files\/2023\/01\/IHF160-1024x1024.jpg\",\"inLanguage\":\"sv-SE\",\"potentialAction\":[{\"@type\":\"CommentAction\",\"name\":\"Comment\",\"target\":[\"https:\/\/blogg.svenskakyrkan.se\/ingenhinnerfram\/2023\/01\/18\/160-ingenting\/#respond\"]}]},{\"@type\":\"WebPage\",\"@id\":\"https:\/\/blogg.svenskakyrkan.se\/ingenhinnerfram\/2023\/01\/18\/160-ingenting\/\",\"url\":\"https:\/\/blogg.svenskakyrkan.se\/ingenhinnerfram\/2023\/01\/18\/160-ingenting\/\",\"name\":\"160. Ingenting - Ingen hinner fram\",\"isPartOf\":{\"@id\":\"https:\/\/blogg.svenskakyrkan.se\/ingenhinnerfram\/#website\"},\"primaryImageOfPage\":{\"@id\":\"https:\/\/blogg.svenskakyrkan.se\/ingenhinnerfram\/2023\/01\/18\/160-ingenting\/#primaryimage\"},\"image\":{\"@id\":\"https:\/\/blogg.svenskakyrkan.se\/ingenhinnerfram\/2023\/01\/18\/160-ingenting\/#primaryimage\"},\"thumbnailUrl\":\"https:\/\/blogg.svenskakyrkan.se\/ingenhinnerfram\/files\/2023\/01\/IHF160-1024x1024.jpg\",\"datePublished\":\"2023-01-18T05:00:00+00:00\",\"author\":{\"@id\":\"https:\/\/blogg.svenskakyrkan.se\/ingenhinnerfram\/#\/schema\/person\/c200d7da77a80da0c727d59576f1305e\"},\"breadcrumb\":{\"@id\":\"https:\/\/blogg.svenskakyrkan.se\/ingenhinnerfram\/2023\/01\/18\/160-ingenting\/#breadcrumb\"},\"inLanguage\":\"sv-SE\",\"potentialAction\":[{\"@type\":\"ReadAction\",\"target\":[\"https:\/\/blogg.svenskakyrkan.se\/ingenhinnerfram\/2023\/01\/18\/160-ingenting\/\"]}]},{\"@type\":\"ImageObject\",\"inLanguage\":\"sv-SE\",\"@id\":\"https:\/\/blogg.svenskakyrkan.se\/ingenhinnerfram\/2023\/01\/18\/160-ingenting\/#primaryimage\",\"url\":\"https:\/\/blogg.svenskakyrkan.se\/ingenhinnerfram\/files\/2023\/01\/IHF160-1024x1024.jpg\",\"contentUrl\":\"https:\/\/blogg.svenskakyrkan.se\/ingenhinnerfram\/files\/2023\/01\/IHF160-1024x1024.jpg\"},{\"@type\":\"BreadcrumbList\",\"@id\":\"https:\/\/blogg.svenskakyrkan.se\/ingenhinnerfram\/2023\/01\/18\/160-ingenting\/#breadcrumb\",\"itemListElement\":[{\"@type\":\"ListItem\",\"position\":1,\"name\":\"Hem\",\"item\":\"https:\/\/blogg.svenskakyrkan.se\/ingenhinnerfram\/\"},{\"@type\":\"ListItem\",\"position\":2,\"name\":\"160. Ingenting\"}]},{\"@type\":\"WebSite\",\"@id\":\"https:\/\/blogg.svenskakyrkan.se\/ingenhinnerfram\/#website\",\"url\":\"https:\/\/blogg.svenskakyrkan.se\/ingenhinnerfram\/\",\"name\":\"Ingen hinner fram\",\"description\":\"En pod om kyrka, tro, samh\u00e4lle, popul\u00e4rkultur och kanske lite politik.\",\"potentialAction\":[{\"@type\":\"SearchAction\",\"target\":{\"@type\":\"EntryPoint\",\"urlTemplate\":\"https:\/\/blogg.svenskakyrkan.se\/ingenhinnerfram\/?s={search_term_string}\"},\"query-input\":{\"@type\":\"PropertyValueSpecification\",\"valueRequired\":true,\"valueName\":\"search_term_string\"}}],\"inLanguage\":\"sv-SE\"},{\"@type\":\"Person\",\"@id\":\"https:\/\/blogg.svenskakyrkan.se\/ingenhinnerfram\/#\/schema\/person\/c200d7da77a80da0c727d59576f1305e\",\"name\":\"ingenhinnerfram\",\"image\":{\"@type\":\"ImageObject\",\"inLanguage\":\"sv-SE\",\"@id\":\"https:\/\/blogg.svenskakyrkan.se\/ingenhinnerfram\/#\/schema\/person\/image\/\",\"url\":\"https:\/\/secure.gravatar.com\/avatar\/112c609001b2de387a33f0c769ba72e45120e49bfe264d5fd54673f00c33ce75?s=96&d=mm&r=g\",\"contentUrl\":\"https:\/\/secure.gravatar.com\/avatar\/112c609001b2de387a33f0c769ba72e45120e49bfe264d5fd54673f00c33ce75?s=96&d=mm&r=g\",\"caption\":\"ingenhinnerfram\"},\"url\":\"https:\/\/blogg.svenskakyrkan.se\/ingenhinnerfram\/author\/ingenhinnerfram\/\"}]}<\/script>\n<!-- \/ Yoast SEO plugin. -->","yoast_head_json":{"title":"160. Ingenting - Ingen hinner fram","robots":{"index":"index","follow":"follow","max-snippet":"max-snippet:-1","max-image-preview":"max-image-preview:large","max-video-preview":"max-video-preview:-1"},"canonical":"https:\/\/blogg.svenskakyrkan.se\/ingenhinnerfram\/2023\/01\/18\/160-ingenting\/","og_locale":"sv_SE","og_type":"article","og_title":"160. Ingenting - Ingen hinner fram","og_description":"Hur stor chans har Ulf Lundells l\u00e5t &#8221;Lugna vatten&#8221; att verkligen bli en psalm? Och vem \u00e4r det som har lobbat in indiegruppen [ingenting] i den nya psalmboken? Det \u00e4r n\u00e5gra fr\u00e5gor som avhandlas i veckans avsnitt. Dessutom fr\u00e5gar vi oss vad &#8221;upplevd metafysik&#8221; \u00e4r f\u00f6r n\u00e5got? Det \u00e4r n\u00e5got som n\u00e4rmar sig poesin och [&hellip;]","og_url":"https:\/\/blogg.svenskakyrkan.se\/ingenhinnerfram\/2023\/01\/18\/160-ingenting\/","og_site_name":"Ingen hinner fram","article_published_time":"2023-01-18T05:00:00+00:00","og_image":[{"url":"https:\/\/blogg.svenskakyrkan.se\/ingenhinnerfram\/files\/2023\/01\/IHF160-1024x1024.jpg","type":"","width":"","height":""}],"author":"ingenhinnerfram","twitter_card":"summary_large_image","twitter_misc":{"Skriven av":"ingenhinnerfram"},"schema":{"@context":"https:\/\/schema.org","@graph":[{"@type":"Article","@id":"https:\/\/blogg.svenskakyrkan.se\/ingenhinnerfram\/2023\/01\/18\/160-ingenting\/#article","isPartOf":{"@id":"https:\/\/blogg.svenskakyrkan.se\/ingenhinnerfram\/2023\/01\/18\/160-ingenting\/"},"author":{"name":"ingenhinnerfram","@id":"https:\/\/blogg.svenskakyrkan.se\/ingenhinnerfram\/#\/schema\/person\/c200d7da77a80da0c727d59576f1305e"},"headline":"160. Ingenting","datePublished":"2023-01-18T05:00:00+00:00","mainEntityOfPage":{"@id":"https:\/\/blogg.svenskakyrkan.se\/ingenhinnerfram\/2023\/01\/18\/160-ingenting\/"},"wordCount":74,"commentCount":0,"image":{"@id":"https:\/\/blogg.svenskakyrkan.se\/ingenhinnerfram\/2023\/01\/18\/160-ingenting\/#primaryimage"},"thumbnailUrl":"https:\/\/blogg.svenskakyrkan.se\/ingenhinnerfram\/files\/2023\/01\/IHF160-1024x1024.jpg","inLanguage":"sv-SE","potentialAction":[{"@type":"CommentAction","name":"Comment","target":["https:\/\/blogg.svenskakyrkan.se\/ingenhinnerfram\/2023\/01\/18\/160-ingenting\/#respond"]}]},{"@type":"WebPage","@id":"https:\/\/blogg.svenskakyrkan.se\/ingenhinnerfram\/2023\/01\/18\/160-ingenting\/","url":"https:\/\/blogg.svenskakyrkan.se\/ingenhinnerfram\/2023\/01\/18\/160-ingenting\/","name":"160. Ingenting - Ingen hinner fram","isPartOf":{"@id":"https:\/\/blogg.svenskakyrkan.se\/ingenhinnerfram\/#website"},"primaryImageOfPage":{"@id":"https:\/\/blogg.svenskakyrkan.se\/ingenhinnerfram\/2023\/01\/18\/160-ingenting\/#primaryimage"},"image":{"@id":"https:\/\/blogg.svenskakyrkan.se\/ingenhinnerfram\/2023\/01\/18\/160-ingenting\/#primaryimage"},"thumbnailUrl":"https:\/\/blogg.svenskakyrkan.se\/ingenhinnerfram\/files\/2023\/01\/IHF160-1024x1024.jpg","datePublished":"2023-01-18T05:00:00+00:00","author":{"@id":"https:\/\/blogg.svenskakyrkan.se\/ingenhinnerfram\/#\/schema\/person\/c200d7da77a80da0c727d59576f1305e"},"breadcrumb":{"@id":"https:\/\/blogg.svenskakyrkan.se\/ingenhinnerfram\/2023\/01\/18\/160-ingenting\/#breadcrumb"},"inLanguage":"sv-SE","potentialAction":[{"@type":"ReadAction","target":["https:\/\/blogg.svenskakyrkan.se\/ingenhinnerfram\/2023\/01\/18\/160-ingenting\/"]}]},{"@type":"ImageObject","inLanguage":"sv-SE","@id":"https:\/\/blogg.svenskakyrkan.se\/ingenhinnerfram\/2023\/01\/18\/160-ingenting\/#primaryimage","url":"https:\/\/blogg.svenskakyrkan.se\/ingenhinnerfram\/files\/2023\/01\/IHF160-1024x1024.jpg","contentUrl":"https:\/\/blogg.svenskakyrkan.se\/ingenhinnerfram\/files\/2023\/01\/IHF160-1024x1024.jpg"},{"@type":"BreadcrumbList","@id":"https:\/\/blogg.svenskakyrkan.se\/ingenhinnerfram\/2023\/01\/18\/160-ingenting\/#breadcrumb","itemListElement":[{"@type":"ListItem","position":1,"name":"Hem","item":"https:\/\/blogg.svenskakyrkan.se\/ingenhinnerfram\/"},{"@type":"ListItem","position":2,"name":"160. Ingenting"}]},{"@type":"WebSite","@id":"https:\/\/blogg.svenskakyrkan.se\/ingenhinnerfram\/#website","url":"https:\/\/blogg.svenskakyrkan.se\/ingenhinnerfram\/","name":"Ingen hinner fram","description":"En pod om kyrka, tro, samh\u00e4lle, popul\u00e4rkultur och kanske lite politik.","potentialAction":[{"@type":"SearchAction","target":{"@type":"EntryPoint","urlTemplate":"https:\/\/blogg.svenskakyrkan.se\/ingenhinnerfram\/?s={search_term_string}"},"query-input":{"@type":"PropertyValueSpecification","valueRequired":true,"valueName":"search_term_string"}}],"inLanguage":"sv-SE"},{"@type":"Person","@id":"https:\/\/blogg.svenskakyrkan.se\/ingenhinnerfram\/#\/schema\/person\/c200d7da77a80da0c727d59576f1305e","name":"ingenhinnerfram","image":{"@type":"ImageObject","inLanguage":"sv-SE","@id":"https:\/\/blogg.svenskakyrkan.se\/ingenhinnerfram\/#\/schema\/person\/image\/","url":"https:\/\/secure.gravatar.com\/avatar\/112c609001b2de387a33f0c769ba72e45120e49bfe264d5fd54673f00c33ce75?s=96&d=mm&r=g","contentUrl":"https:\/\/secure.gravatar.com\/avatar\/112c609001b2de387a33f0c769ba72e45120e49bfe264d5fd54673f00c33ce75?s=96&d=mm&r=g","caption":"ingenhinnerfram"},"url":"https:\/\/blogg.svenskakyrkan.se\/ingenhinnerfram\/author\/ingenhinnerfram\/"}]}},"author_meta":{"ID":"703","user_nicename":"ingenhinnerfram","user_registered":"2019-03-05 12:09:25","display_name":"ingenhinnerfram","avatar":"https:\/\/secure.gravatar.com\/avatar\/112c609001b2de387a33f0c769ba72e45120e49bfe264d5fd54673f00c33ce75?s=96&d=mm&r=g"},"featured_image":false,"bloginfo":{"name":"Ingen hinner fram","url":"https:\/\/blogg.svenskakyrkan.se\/ingenhinnerfram"},"_links":{"self":[{"href":"https:\/\/blogg.svenskakyrkan.se\/ingenhinnerfram\/wp-json\/wp\/v2\/posts\/653","targetHints":{"allow":["GET"]}}],"collection":[{"href":"https:\/\/blogg.svenskakyrkan.se\/ingenhinnerfram\/wp-json\/wp\/v2\/posts"}],"about":[{"href":"https:\/\/blogg.svenskakyrkan.se\/ingenhinnerfram\/wp-json\/wp\/v2\/types\/post"}],"author":[{"embeddable":true,"href":"https:\/\/blogg.svenskakyrkan.se\/ingenhinnerfram\/wp-json\/wp\/v2\/users\/703"}],"replies":[{"embeddable":true,"href":"https:\/\/blogg.svenskakyrkan.se\/ingenhinnerfram\/wp-json\/wp\/v2\/comments?post=653"}],"version-history":[{"count":1,"href":"https:\/\/blogg.svenskakyrkan.se\/ingenhinnerfram\/wp-json\/wp\/v2\/posts\/653\/revisions"}],"predecessor-version":[{"id":655,"href":"https:\/\/blogg.svenskakyrkan.se\/ingenhinnerfram\/wp-json\/wp\/v2\/posts\/653\/revisions\/655"}],"wp:attachment":[{"href":"https:\/\/blogg.svenskakyrkan.se\/ingenhinnerfram\/wp-json\/wp\/v2\/media?parent=653"}],"wp:term":[{"taxonomy":"category","embeddable":true,"href":"https:\/\/blogg.svenskakyrkan.se\/ingenhinnerfram\/wp-json\/wp\/v2\/categories?post=653"},{"taxonomy":"post_tag","embeddable":true,"href":"https:\/\/blogg.svenskakyrkan.se\/ingenhinnerfram\/wp-json\/wp\/v2\/tags?post=653"}],"curies":[{"name":"wp","href":"https:\/\/api.w.org\/{rel}","templated":true}]}}