{"id":80,"date":"2019-06-26T09:05:29","date_gmt":"2019-06-26T07:05:29","guid":{"rendered":"http:\/\/blogg.svenskakyrkan.se\/ingenhinnerfram\/?p=80"},"modified":"2019-06-26T09:39:17","modified_gmt":"2019-06-26T07:39:17","slug":"16-tank-negativt","status":"publish","type":"post","link":"https:\/\/blogg.svenskakyrkan.se\/ingenhinnerfram\/2019\/06\/26\/16-tank-negativt\/","title":{"rendered":"16. T\u00e4nk negativt!"},"content":{"rendered":"<p>I s\u00e4songens sista avsnitt har vi bjudit in filosofen och psykologen Ida Hallgren som talar om riskerna med det positiva t\u00e4nkandet. Om dess grund i religionen. Ett samtal om att allt liv \u00e4r lidande och att jakten p\u00e5 lyckan \u00e4r meningsl\u00f6s. F\u00f6rst n\u00e4r vi accepterar det kan vi bli lyckliga. Ett perfekt sommaravsnitt med andra ord. P\u00e5 \u00e5terh\u00f6rande!<\/p>\n<p>&nbsp;<\/p>\n<audio class=\"wp-audio-shortcode\" id=\"audio-80-1\" preload=\"none\" style=\"width: 100%;\" controls=\"controls\"><source type=\"audio\/mpeg\" src=\"http:\/\/traffic.libsyn.com\/ingenhinnerfram\/IHF16.mp3?_=1\" \/><a href=\"http:\/\/traffic.libsyn.com\/ingenhinnerfram\/IHF16.mp3\">http:\/\/traffic.libsyn.com\/ingenhinnerfram\/IHF16.mp3<\/a><\/audio>\n","protected":false},"excerpt":{"rendered":"<p>I s\u00e4songens sista avsnitt har vi bjudit in filosofen och psykologen Ida Hallgren som talar om riskerna med det positiva t\u00e4nkandet. Om dess grund i religionen. Ett samtal om att allt liv \u00e4r lidande och att jakten p\u00e5 lyckan \u00e4r meningsl\u00f6s. F\u00f6rst n\u00e4r vi accepterar det kan vi bli lyckliga. Ett perfekt sommaravsnitt med andra [&hellip;]<\/p>\n","protected":false},"author":703,"featured_media":81,"comment_status":"open","ping_status":"open","sticky":false,"template":"","format":"standard","meta":{"_acf_changed":false,"footnotes":""},"categories":[9],"tags":[],"class_list":["post-80","post","type-post","status-publish","format-standard","has-post-thumbnail","hentry","category-okategoriserade"],"acf":[],"yoast_head":"<!-- This site is optimized with the Yoast SEO plugin v27.1.1 - https:\/\/yoast.com\/product\/yoast-seo-wordpress\/ -->\n<title>16. T\u00e4nk negativt! - Ingen hinner fram<\/title>\n<meta name=\"robots\" content=\"index, follow, max-snippet:-1, max-image-preview:large, max-video-preview:-1\" \/>\n<link rel=\"canonical\" href=\"https:\/\/blogg.svenskakyrkan.se\/ingenhinnerfram\/2019\/06\/26\/16-tank-negativt\/\" \/>\n<meta property=\"og:locale\" content=\"sv_SE\" \/>\n<meta property=\"og:type\" content=\"article\" \/>\n<meta property=\"og:title\" content=\"16. T\u00e4nk negativt! - Ingen hinner fram\" \/>\n<meta property=\"og:description\" content=\"I s\u00e4songens sista avsnitt har vi bjudit in filosofen och psykologen Ida Hallgren som talar om riskerna med det positiva t\u00e4nkandet. Om dess grund i religionen. Ett samtal om att allt liv \u00e4r lidande och att jakten p\u00e5 lyckan \u00e4r meningsl\u00f6s. F\u00f6rst n\u00e4r vi accepterar det kan vi bli lyckliga. Ett perfekt sommaravsnitt med andra [&hellip;]\" \/>\n<meta property=\"og:url\" content=\"https:\/\/blogg.svenskakyrkan.se\/ingenhinnerfram\/2019\/06\/26\/16-tank-negativt\/\" \/>\n<meta property=\"og:site_name\" content=\"Ingen hinner fram\" \/>\n<meta property=\"article:published_time\" content=\"2019-06-26T07:05:29+00:00\" \/>\n<meta property=\"article:modified_time\" content=\"2019-06-26T07:39:17+00:00\" \/>\n<meta property=\"og:image\" content=\"https:\/\/blogg.svenskakyrkan.se\/ingenhinnerfram\/files\/2019\/06\/20190625_223438_0000.jpg\" \/>\n\t<meta property=\"og:image:width\" content=\"2000\" \/>\n\t<meta property=\"og:image:height\" content=\"2000\" \/>\n\t<meta property=\"og:image:type\" content=\"image\/jpeg\" \/>\n<meta name=\"author\" content=\"ingenhinnerfram\" \/>\n<meta name=\"twitter:card\" content=\"summary_large_image\" \/>\n<meta name=\"twitter:label1\" content=\"Skriven av\" \/>\n\t<meta name=\"twitter:data1\" content=\"ingenhinnerfram\" \/>\n<script type=\"application\/ld+json\" class=\"yoast-schema-graph\">{\"@context\":\"https:\/\/schema.org\",\"@graph\":[{\"@type\":\"Article\",\"@id\":\"https:\/\/blogg.svenskakyrkan.se\/ingenhinnerfram\/2019\/06\/26\/16-tank-negativt\/#article\",\"isPartOf\":{\"@id\":\"https:\/\/blogg.svenskakyrkan.se\/ingenhinnerfram\/2019\/06\/26\/16-tank-negativt\/\"},\"author\":{\"name\":\"ingenhinnerfram\",\"@id\":\"https:\/\/blogg.svenskakyrkan.se\/ingenhinnerfram\/#\/schema\/person\/c200d7da77a80da0c727d59576f1305e\"},\"headline\":\"16. T\u00e4nk negativt!\",\"datePublished\":\"2019-06-26T07:05:29+00:00\",\"dateModified\":\"2019-06-26T07:39:17+00:00\",\"mainEntityOfPage\":{\"@id\":\"https:\/\/blogg.svenskakyrkan.se\/ingenhinnerfram\/2019\/06\/26\/16-tank-negativt\/\"},\"wordCount\":75,\"commentCount\":0,\"image\":{\"@id\":\"https:\/\/blogg.svenskakyrkan.se\/ingenhinnerfram\/2019\/06\/26\/16-tank-negativt\/#primaryimage\"},\"thumbnailUrl\":\"https:\/\/blogg.svenskakyrkan.se\/ingenhinnerfram\/files\/2019\/06\/20190625_223438_0000.jpg\",\"inLanguage\":\"sv-SE\",\"potentialAction\":[{\"@type\":\"CommentAction\",\"name\":\"Comment\",\"target\":[\"https:\/\/blogg.svenskakyrkan.se\/ingenhinnerfram\/2019\/06\/26\/16-tank-negativt\/#respond\"]}]},{\"@type\":\"WebPage\",\"@id\":\"https:\/\/blogg.svenskakyrkan.se\/ingenhinnerfram\/2019\/06\/26\/16-tank-negativt\/\",\"url\":\"https:\/\/blogg.svenskakyrkan.se\/ingenhinnerfram\/2019\/06\/26\/16-tank-negativt\/\",\"name\":\"16. T\u00e4nk negativt! - Ingen hinner fram\",\"isPartOf\":{\"@id\":\"https:\/\/blogg.svenskakyrkan.se\/ingenhinnerfram\/#website\"},\"primaryImageOfPage\":{\"@id\":\"https:\/\/blogg.svenskakyrkan.se\/ingenhinnerfram\/2019\/06\/26\/16-tank-negativt\/#primaryimage\"},\"image\":{\"@id\":\"https:\/\/blogg.svenskakyrkan.se\/ingenhinnerfram\/2019\/06\/26\/16-tank-negativt\/#primaryimage\"},\"thumbnailUrl\":\"https:\/\/blogg.svenskakyrkan.se\/ingenhinnerfram\/files\/2019\/06\/20190625_223438_0000.jpg\",\"datePublished\":\"2019-06-26T07:05:29+00:00\",\"dateModified\":\"2019-06-26T07:39:17+00:00\",\"author\":{\"@id\":\"https:\/\/blogg.svenskakyrkan.se\/ingenhinnerfram\/#\/schema\/person\/c200d7da77a80da0c727d59576f1305e\"},\"breadcrumb\":{\"@id\":\"https:\/\/blogg.svenskakyrkan.se\/ingenhinnerfram\/2019\/06\/26\/16-tank-negativt\/#breadcrumb\"},\"inLanguage\":\"sv-SE\",\"potentialAction\":[{\"@type\":\"ReadAction\",\"target\":[\"https:\/\/blogg.svenskakyrkan.se\/ingenhinnerfram\/2019\/06\/26\/16-tank-negativt\/\"]}]},{\"@type\":\"ImageObject\",\"inLanguage\":\"sv-SE\",\"@id\":\"https:\/\/blogg.svenskakyrkan.se\/ingenhinnerfram\/2019\/06\/26\/16-tank-negativt\/#primaryimage\",\"url\":\"https:\/\/blogg.svenskakyrkan.se\/ingenhinnerfram\/files\/2019\/06\/20190625_223438_0000.jpg\",\"contentUrl\":\"https:\/\/blogg.svenskakyrkan.se\/ingenhinnerfram\/files\/2019\/06\/20190625_223438_0000.jpg\",\"width\":2000,\"height\":2000},{\"@type\":\"BreadcrumbList\",\"@id\":\"https:\/\/blogg.svenskakyrkan.se\/ingenhinnerfram\/2019\/06\/26\/16-tank-negativt\/#breadcrumb\",\"itemListElement\":[{\"@type\":\"ListItem\",\"position\":1,\"name\":\"Hem\",\"item\":\"https:\/\/blogg.svenskakyrkan.se\/ingenhinnerfram\/\"},{\"@type\":\"ListItem\",\"position\":2,\"name\":\"16. T\u00e4nk negativt!\"}]},{\"@type\":\"WebSite\",\"@id\":\"https:\/\/blogg.svenskakyrkan.se\/ingenhinnerfram\/#website\",\"url\":\"https:\/\/blogg.svenskakyrkan.se\/ingenhinnerfram\/\",\"name\":\"Ingen hinner fram\",\"description\":\"En pod om kyrka, tro, samh\u00e4lle, popul\u00e4rkultur och kanske lite politik.\",\"potentialAction\":[{\"@type\":\"SearchAction\",\"target\":{\"@type\":\"EntryPoint\",\"urlTemplate\":\"https:\/\/blogg.svenskakyrkan.se\/ingenhinnerfram\/?s={search_term_string}\"},\"query-input\":{\"@type\":\"PropertyValueSpecification\",\"valueRequired\":true,\"valueName\":\"search_term_string\"}}],\"inLanguage\":\"sv-SE\"},{\"@type\":\"Person\",\"@id\":\"https:\/\/blogg.svenskakyrkan.se\/ingenhinnerfram\/#\/schema\/person\/c200d7da77a80da0c727d59576f1305e\",\"name\":\"ingenhinnerfram\",\"image\":{\"@type\":\"ImageObject\",\"inLanguage\":\"sv-SE\",\"@id\":\"https:\/\/blogg.svenskakyrkan.se\/ingenhinnerfram\/#\/schema\/person\/image\/\",\"url\":\"https:\/\/secure.gravatar.com\/avatar\/112c609001b2de387a33f0c769ba72e45120e49bfe264d5fd54673f00c33ce75?s=96&d=mm&r=g\",\"contentUrl\":\"https:\/\/secure.gravatar.com\/avatar\/112c609001b2de387a33f0c769ba72e45120e49bfe264d5fd54673f00c33ce75?s=96&d=mm&r=g\",\"caption\":\"ingenhinnerfram\"},\"url\":\"https:\/\/blogg.svenskakyrkan.se\/ingenhinnerfram\/author\/ingenhinnerfram\/\"}]}<\/script>\n<!-- \/ Yoast SEO plugin. -->","yoast_head_json":{"title":"16. T\u00e4nk negativt! - Ingen hinner fram","robots":{"index":"index","follow":"follow","max-snippet":"max-snippet:-1","max-image-preview":"max-image-preview:large","max-video-preview":"max-video-preview:-1"},"canonical":"https:\/\/blogg.svenskakyrkan.se\/ingenhinnerfram\/2019\/06\/26\/16-tank-negativt\/","og_locale":"sv_SE","og_type":"article","og_title":"16. T\u00e4nk negativt! - Ingen hinner fram","og_description":"I s\u00e4songens sista avsnitt har vi bjudit in filosofen och psykologen Ida Hallgren som talar om riskerna med det positiva t\u00e4nkandet. Om dess grund i religionen. Ett samtal om att allt liv \u00e4r lidande och att jakten p\u00e5 lyckan \u00e4r meningsl\u00f6s. F\u00f6rst n\u00e4r vi accepterar det kan vi bli lyckliga. Ett perfekt sommaravsnitt med andra [&hellip;]","og_url":"https:\/\/blogg.svenskakyrkan.se\/ingenhinnerfram\/2019\/06\/26\/16-tank-negativt\/","og_site_name":"Ingen hinner fram","article_published_time":"2019-06-26T07:05:29+00:00","article_modified_time":"2019-06-26T07:39:17+00:00","og_image":[{"width":2000,"height":2000,"url":"https:\/\/blogg.svenskakyrkan.se\/ingenhinnerfram\/files\/2019\/06\/20190625_223438_0000.jpg","type":"image\/jpeg"}],"author":"ingenhinnerfram","twitter_card":"summary_large_image","twitter_misc":{"Skriven av":"ingenhinnerfram"},"schema":{"@context":"https:\/\/schema.org","@graph":[{"@type":"Article","@id":"https:\/\/blogg.svenskakyrkan.se\/ingenhinnerfram\/2019\/06\/26\/16-tank-negativt\/#article","isPartOf":{"@id":"https:\/\/blogg.svenskakyrkan.se\/ingenhinnerfram\/2019\/06\/26\/16-tank-negativt\/"},"author":{"name":"ingenhinnerfram","@id":"https:\/\/blogg.svenskakyrkan.se\/ingenhinnerfram\/#\/schema\/person\/c200d7da77a80da0c727d59576f1305e"},"headline":"16. T\u00e4nk negativt!","datePublished":"2019-06-26T07:05:29+00:00","dateModified":"2019-06-26T07:39:17+00:00","mainEntityOfPage":{"@id":"https:\/\/blogg.svenskakyrkan.se\/ingenhinnerfram\/2019\/06\/26\/16-tank-negativt\/"},"wordCount":75,"commentCount":0,"image":{"@id":"https:\/\/blogg.svenskakyrkan.se\/ingenhinnerfram\/2019\/06\/26\/16-tank-negativt\/#primaryimage"},"thumbnailUrl":"https:\/\/blogg.svenskakyrkan.se\/ingenhinnerfram\/files\/2019\/06\/20190625_223438_0000.jpg","inLanguage":"sv-SE","potentialAction":[{"@type":"CommentAction","name":"Comment","target":["https:\/\/blogg.svenskakyrkan.se\/ingenhinnerfram\/2019\/06\/26\/16-tank-negativt\/#respond"]}]},{"@type":"WebPage","@id":"https:\/\/blogg.svenskakyrkan.se\/ingenhinnerfram\/2019\/06\/26\/16-tank-negativt\/","url":"https:\/\/blogg.svenskakyrkan.se\/ingenhinnerfram\/2019\/06\/26\/16-tank-negativt\/","name":"16. T\u00e4nk negativt! - Ingen hinner fram","isPartOf":{"@id":"https:\/\/blogg.svenskakyrkan.se\/ingenhinnerfram\/#website"},"primaryImageOfPage":{"@id":"https:\/\/blogg.svenskakyrkan.se\/ingenhinnerfram\/2019\/06\/26\/16-tank-negativt\/#primaryimage"},"image":{"@id":"https:\/\/blogg.svenskakyrkan.se\/ingenhinnerfram\/2019\/06\/26\/16-tank-negativt\/#primaryimage"},"thumbnailUrl":"https:\/\/blogg.svenskakyrkan.se\/ingenhinnerfram\/files\/2019\/06\/20190625_223438_0000.jpg","datePublished":"2019-06-26T07:05:29+00:00","dateModified":"2019-06-26T07:39:17+00:00","author":{"@id":"https:\/\/blogg.svenskakyrkan.se\/ingenhinnerfram\/#\/schema\/person\/c200d7da77a80da0c727d59576f1305e"},"breadcrumb":{"@id":"https:\/\/blogg.svenskakyrkan.se\/ingenhinnerfram\/2019\/06\/26\/16-tank-negativt\/#breadcrumb"},"inLanguage":"sv-SE","potentialAction":[{"@type":"ReadAction","target":["https:\/\/blogg.svenskakyrkan.se\/ingenhinnerfram\/2019\/06\/26\/16-tank-negativt\/"]}]},{"@type":"ImageObject","inLanguage":"sv-SE","@id":"https:\/\/blogg.svenskakyrkan.se\/ingenhinnerfram\/2019\/06\/26\/16-tank-negativt\/#primaryimage","url":"https:\/\/blogg.svenskakyrkan.se\/ingenhinnerfram\/files\/2019\/06\/20190625_223438_0000.jpg","contentUrl":"https:\/\/blogg.svenskakyrkan.se\/ingenhinnerfram\/files\/2019\/06\/20190625_223438_0000.jpg","width":2000,"height":2000},{"@type":"BreadcrumbList","@id":"https:\/\/blogg.svenskakyrkan.se\/ingenhinnerfram\/2019\/06\/26\/16-tank-negativt\/#breadcrumb","itemListElement":[{"@type":"ListItem","position":1,"name":"Hem","item":"https:\/\/blogg.svenskakyrkan.se\/ingenhinnerfram\/"},{"@type":"ListItem","position":2,"name":"16. T\u00e4nk negativt!"}]},{"@type":"WebSite","@id":"https:\/\/blogg.svenskakyrkan.se\/ingenhinnerfram\/#website","url":"https:\/\/blogg.svenskakyrkan.se\/ingenhinnerfram\/","name":"Ingen hinner fram","description":"En pod om kyrka, tro, samh\u00e4lle, popul\u00e4rkultur och kanske lite politik.","potentialAction":[{"@type":"SearchAction","target":{"@type":"EntryPoint","urlTemplate":"https:\/\/blogg.svenskakyrkan.se\/ingenhinnerfram\/?s={search_term_string}"},"query-input":{"@type":"PropertyValueSpecification","valueRequired":true,"valueName":"search_term_string"}}],"inLanguage":"sv-SE"},{"@type":"Person","@id":"https:\/\/blogg.svenskakyrkan.se\/ingenhinnerfram\/#\/schema\/person\/c200d7da77a80da0c727d59576f1305e","name":"ingenhinnerfram","image":{"@type":"ImageObject","inLanguage":"sv-SE","@id":"https:\/\/blogg.svenskakyrkan.se\/ingenhinnerfram\/#\/schema\/person\/image\/","url":"https:\/\/secure.gravatar.com\/avatar\/112c609001b2de387a33f0c769ba72e45120e49bfe264d5fd54673f00c33ce75?s=96&d=mm&r=g","contentUrl":"https:\/\/secure.gravatar.com\/avatar\/112c609001b2de387a33f0c769ba72e45120e49bfe264d5fd54673f00c33ce75?s=96&d=mm&r=g","caption":"ingenhinnerfram"},"url":"https:\/\/blogg.svenskakyrkan.se\/ingenhinnerfram\/author\/ingenhinnerfram\/"}]}},"author_meta":{"ID":"703","user_nicename":"ingenhinnerfram","user_registered":"2019-03-05 12:09:25","display_name":"ingenhinnerfram","avatar":"https:\/\/secure.gravatar.com\/avatar\/112c609001b2de387a33f0c769ba72e45120e49bfe264d5fd54673f00c33ce75?s=96&d=mm&r=g"},"featured_image":["https:\/\/blogg.svenskakyrkan.se\/ingenhinnerfram\/files\/2019\/06\/20190625_223438_0000-1024x1024.jpg",1024,1024,true],"bloginfo":{"name":"Ingen hinner fram","url":"https:\/\/blogg.svenskakyrkan.se\/ingenhinnerfram"},"_links":{"self":[{"href":"https:\/\/blogg.svenskakyrkan.se\/ingenhinnerfram\/wp-json\/wp\/v2\/posts\/80","targetHints":{"allow":["GET"]}}],"collection":[{"href":"https:\/\/blogg.svenskakyrkan.se\/ingenhinnerfram\/wp-json\/wp\/v2\/posts"}],"about":[{"href":"https:\/\/blogg.svenskakyrkan.se\/ingenhinnerfram\/wp-json\/wp\/v2\/types\/post"}],"author":[{"embeddable":true,"href":"https:\/\/blogg.svenskakyrkan.se\/ingenhinnerfram\/wp-json\/wp\/v2\/users\/703"}],"replies":[{"embeddable":true,"href":"https:\/\/blogg.svenskakyrkan.se\/ingenhinnerfram\/wp-json\/wp\/v2\/comments?post=80"}],"version-history":[{"count":1,"href":"https:\/\/blogg.svenskakyrkan.se\/ingenhinnerfram\/wp-json\/wp\/v2\/posts\/80\/revisions"}],"predecessor-version":[{"id":82,"href":"https:\/\/blogg.svenskakyrkan.se\/ingenhinnerfram\/wp-json\/wp\/v2\/posts\/80\/revisions\/82"}],"wp:featuredmedia":[{"embeddable":true,"href":"https:\/\/blogg.svenskakyrkan.se\/ingenhinnerfram\/wp-json\/wp\/v2\/media\/81"}],"wp:attachment":[{"href":"https:\/\/blogg.svenskakyrkan.se\/ingenhinnerfram\/wp-json\/wp\/v2\/media?parent=80"}],"wp:term":[{"taxonomy":"category","embeddable":true,"href":"https:\/\/blogg.svenskakyrkan.se\/ingenhinnerfram\/wp-json\/wp\/v2\/categories?post=80"},{"taxonomy":"post_tag","embeddable":true,"href":"https:\/\/blogg.svenskakyrkan.se\/ingenhinnerfram\/wp-json\/wp\/v2\/tags?post=80"}],"curies":[{"name":"wp","href":"https:\/\/api.w.org\/{rel}","templated":true}]}}