{"id":101,"date":"2021-08-17T15:23:54","date_gmt":"2021-08-17T13:23:54","guid":{"rendered":"https:\/\/blogg.svenskakyrkan.se\/insikten\/?p=101"},"modified":"2021-08-17T15:41:14","modified_gmt":"2021-08-17T13:41:14","slug":"ungdomarnas-kyrkoval","status":"publish","type":"post","link":"https:\/\/blogg.svenskakyrkan.se\/insikten\/2021\/08\/17\/ungdomarnas-kyrkoval\/","title":{"rendered":"Ungdomarnas kyrkoval"},"content":{"rendered":"\n\n\n<figure class=\"wp-block-image size-large\"><img loading=\"lazy\" decoding=\"async\" width=\"1024\" height=\"677\" src=\"https:\/\/blogg.svenskakyrkan.se\/insikten\/files\/2021\/08\/Skarmavbild-2021-08-17-kl.-15.22.27-1024x677.png\" alt=\"\" class=\"wp-image-102\" srcset=\"https:\/\/blogg.svenskakyrkan.se\/insikten\/files\/2021\/08\/Skarmavbild-2021-08-17-kl.-15.22.27-1024x677.png 1024w, https:\/\/blogg.svenskakyrkan.se\/insikten\/files\/2021\/08\/Skarmavbild-2021-08-17-kl.-15.22.27-300x198.png 300w, https:\/\/blogg.svenskakyrkan.se\/insikten\/files\/2021\/08\/Skarmavbild-2021-08-17-kl.-15.22.27-768x508.png 768w, https:\/\/blogg.svenskakyrkan.se\/insikten\/files\/2021\/08\/Skarmavbild-2021-08-17-kl.-15.22.27.png 1080w\" sizes=\"auto, (max-width: 1024px) 100vw, 1024px\" \/><figcaption>Foto: Svenska kyrkan\/IKON Magnus Aronson<\/figcaption><\/figure>\n\n\n\n<p>Den 19:e september 2021 kommer kyrkovalet \u00e4ga rum. D\u00e5 kan alla \u00f6ver 16 \u00e5r r\u00f6sta p\u00e5 vilka de vill ska best\u00e4mma i Svenska kyrkan under de kommande fyra \u00e5ren. De som fyller 16 \u00e5r senast den 19:e september eller \u00e4r \u00e4ldre f\u00e5r r\u00f6sta, vilket g\u00f6r att de mellan 16 och 19 \u00e5r nu har chansen att r\u00f6sta i kyrkovalet f\u00f6r f\u00f6rsta g\u00e5ngen.&nbsp;<\/p>\n\n\n\n<p>Kyrkovalet \u00e4r en av de stora m\u00f6jligheterna f\u00f6r medlemmar att verkligen p\u00e5verka inom kyrkan. Kyrkan ska finnas till f\u00f6r alla \u00e5ldrar, 0 till 130 \u00e5r gamla, och beh\u00f6ver d\u00e4rf\u00f6r ta h\u00e4nsyn till och lyssna till alla \u00e5ldrars \u00e5sikter och tankar. Ungdomar \u00e4r framtiden, det \u00e4r viktigt att vi skapar en plats d\u00e4r de f\u00e5r chans att ta ansvar och bli h\u00f6rda. Jag tror att engagerade ungdomar \u00e4r en av de b\u00e4sta tillg\u00e5ngarna vi har f\u00f6r att utveckla och f\u00f6ra kyrkan fram\u00e5t.&nbsp;<\/p>\n\n\n\n<p>Svenska kyrkan ger oss ungdomar m\u00f6jligheten att f\u00e5 g\u00f6ra skillnad och ha en r\u00f6st men det \u00e4r v\u00e5rt ansvar att ta vara p\u00e5 den m\u00f6jligheten. Alla \u00e5ldrar m\u00e5ste h\u00f6ras men ocks\u00e5 samarbeta. Vi beh\u00f6ver lyssna till barnen, ungdomarna, de vuxna och de \u00e4ldre. Alla har v\u00e4rdefulla perspektiv som utvecklar kyrkan. Tillsammans kan vi ta kyrkan fram\u00e5t.<\/p>\n\n\n\n<p>Jag ville h\u00f6ra ungdomars perspektiv p\u00e5 kyrkovalet och demokratin inom Svenska kyrkan, och speciellt de som nu ska r\u00f6sta f\u00f6r f\u00f6rsta g\u00e5ngen. D\u00e4rf\u00f6r tog jag kontakt med fem ungdomar och st\u00e4llde dem tre fr\u00e5gor:&nbsp;<\/p>\n\n\n\n<p><em>Tycker du att det \u00e4r viktigt att det finns demokrati inom kyrkan? Varf\u00f6r i s\u00e5 fall?&nbsp;<\/em><\/p>\n\n\n\n<p><em>Hur k\u00e4nns det att f\u00e5 r\u00f6sta i kyrkovalet f\u00f6r f\u00f6rsta g\u00e5ngen?&nbsp;<\/em><\/p>\n\n\n\n<p><em>Varf\u00f6r \u00e4r det viktigt att g\u00f6ra ungdomars r\u00f6ster h\u00f6rda enligt dig?&nbsp;<\/em><\/p>\n\n\n\n<p><strong>Ebba Westergren<\/strong><\/p>\n\n\n\n<p>17 \u00e5r, Vilske Kleva\/Falk\u00f6ping<\/p>\n\n\n\n<p>\u2013 Ja, det \u00e4r viktigt med demokrati inom kyrkan, eftersom jag tror att det \u00e4r en f\u00f6ruts\u00e4ttning f\u00f6r att religionen ska forts\u00e4tta utvecklas och forts\u00e4tta vara en fin del av samh\u00e4llet.<\/p>\n\n\n\n<p>\u2013 Det k\u00e4nns sp\u00e4nnande, men ocks\u00e5 lite f\u00f6rvirrande p\u00e5 grund av att det finns s\u00e5 m\u00e5nga nomineringsgrupper att v\u00e4lja mellan.<\/p>\n\n\n\n<p>\u2013 Eftersom ungdomar \u00e4r framtiden, och d\u00e4rf\u00f6r tycker jag att det \u00e4r viktigt att kyrkan utvecklas \u00e5t det h\u00e5ll som ungdomarna vill. Kyrkan har en historia av att vara v\u00e4ldigt konservativ och \u00e4r det fortfarande i v\u00e4ldigt m\u00e5nga l\u00e4nder, \u00e4ven om Svenska kyrkan har kommit l\u00e5ngt. Men genom att lyssna p\u00e5 ungdomar finns en st\u00f6rre sannolikhet att kyrkan forts\u00e4tter att utvecklas i takt med att samh\u00e4llet utvecklas, vilket nog ocks\u00e5 \u00e4r en viktig punkt f\u00f6r m\u00e5nga ungdomar g\u00e4llande om man vill forts\u00e4tta vara en del av kyrkan eller inte.<\/p>\n\n\n\n<p><strong>Moa Westermark<\/strong><\/p>\n\n\n\n<p>16 \u00e5r, Kinnarp &nbsp;<\/p>\n\n\n\n<p>\u2013 Ja det tycker jag v\u00e4l. Alla ska ha r\u00e4tt att g\u00f6ra sig h\u00f6rd.<\/p>\n\n\n\n<p>\u2013 F\u00f6r de som \u00e4r inne i religion kan det vara en stor m\u00f6jlighet.<\/p>\n\n\n\n<p>\u2013 Att lyfta fram ungdomar tycker jag \u00e4r viktigt d\u00e5 det \u00e4r vi som \u00e4r framtiden. Det \u00e4r \u00e4ven viktigt att ge oss en chans att utvecklas och h\u00f6ras i samh\u00e4llet.&nbsp;<\/p>\n\n\n\n<p><strong>Arvid Johansson&nbsp;<\/strong><\/p>\n\n\n\n<p>18 \u00e5r, Brismene<\/p>\n\n\n\n<p>&nbsp;\u2013 Ja, visst, jag tycker det \u00e4r viktigt att man ska f\u00e5 best\u00e4mma hur Svenska kyrkan ska styras och att alla (16+) som vill och som det r\u00f6r f\u00e5r m\u00f6jlighet att r\u00f6sta.&nbsp;<\/p>\n\n\n\n<p>\u2013 F\u00f6r mig s\u00e5 spelar det inte s\u00e5 stor roll eftersom jag inte \u00e4r s\u00e5 insatt men om jag visste mer skulle det nog k\u00e4nnas kul att vara med och p\u00e5verka.&nbsp;<\/p>\n\n\n\n<p>\u2013 F\u00f6r att f\u00e5 perspektiv fr\u00e5n ungdomar och f\u00e5 reda p\u00e5 vad de tycker, s\u00e5 det inte bara \u00e4r vuxna som fattar beslut. D\u00e5 kan man kanske locka fler unga i framtiden.<\/p>\n\n\n\n<p><strong>Unni Bladh<\/strong><\/p>\n\n\n\n<p>16 \u00e5r, Kinnarp<\/p>\n\n\n\n<p>\u2013 Ja, f\u00f6r att alla som \u00e4r med inom kyrkan ska kunna vara med och p\u00e5verka vissa saker.<\/p>\n\n\n\n<p>\u2013 Bra, tror jag.<\/p>\n\n\n\n<p>\u2013 F\u00f6r att ungdomar kan ha bra f\u00f6rslag.<\/p>\n\n\n\n<p><strong>Gustav Eriksson<\/strong><\/p>\n\n\n\n<p>19 \u00e5r, Slutarp<\/p>\n\n\n\n<p>\u2013 Absolut! Speciellt inom st\u00f6rre f\u00f6rsamlingar som Svenska kyrkan \u00e4r det viktigt att besluten f\u00f6rs fram p\u00e5 ett r\u00e4ttvist s\u00e4tt.<\/p>\n\n\n\n<p>\u2013 En blandning av nervositet och sp\u00e4nning med tanke p\u00e5 att man ska r\u00f6sta p\u00e5 det som k\u00e4nns som det b\u00e4sta valet.&nbsp;<\/p>\n\n\n\n<p>\u2013 Ungdomar \u00e4r de som kommer \u00e4rva allt fr\u00e5n den \u00e4ldre generationen. Tas inte deras engagemang p\u00e5 allvar och man ist\u00e4llet struntar i vad de s\u00e4ger och tycker, s\u00e5 \u00e4r risken stor att initiativet som fanns innan f\u00f6rsvinner och n\u00e4r det \u00e4r dags f\u00f6r ungdomarna att ta \u00f6ver s\u00e5 finns det f\u00e5 som vill g\u00f6ra det.<\/p>\n\n\n\n<p><em>Thea Westermark<\/em><\/p>\n\n\n\n<p>&#8230;&#8230;&#8230;&#8230;&#8230;&#8230;&#8230;&#8230;&#8230;&#8230;.<\/p>\n\n\n\n<p>Texten publicerades f\u00f6rsta g\u00e5ngen i Insikten nummer 3 2021.<\/p>\n\n\n\n<p>L\u00e4s mer om kyrkovalet i Floby pastorat h\u00e4r: <a rel=\"noreferrer noopener\" href=\"https:\/\/www.svenskakyrkan.se\/floby\/kyrkoval\" target=\"_blank\">www.svenskakyrkan.se\/floby\/kyrkoval<\/a><\/p>\n","protected":false},"excerpt":{"rendered":"<p>Den 19:e september 2021 kommer kyrkovalet \u00e4ga rum. D\u00e5 kan alla \u00f6ver 16 \u00e5r r\u00f6sta p\u00e5 vilka de vill ska best\u00e4mma i Svenska kyrkan under de kommande fyra \u00e5ren. De som fyller 16 \u00e5r senast den 19:e september eller \u00e4r \u00e4ldre f\u00e5r r\u00f6sta, vilket g\u00f6r att de mellan 16 och 19 \u00e5r nu har chansen [&hellip;]<\/p>\n","protected":false},"author":250,"featured_media":102,"comment_status":"open","ping_status":"open","sticky":false,"template":"","format":"standard","meta":{"_acf_changed":false,"footnotes":""},"categories":[9,10],"tags":[],"class_list":["post-101","post","type-post","status-publish","format-standard","has-post-thumbnail","hentry","category-kyrkovalet","category-svenska-kyrkans-unga"],"acf":[],"yoast_head":"<!-- This site is optimized with the Yoast SEO plugin v27.1.1 - https:\/\/yoast.com\/product\/yoast-seo-wordpress\/ -->\n<title>Ungdomarnas kyrkoval - Insikten - Floby pastorat<\/title>\n<meta name=\"robots\" content=\"index, follow, max-snippet:-1, max-image-preview:large, max-video-preview:-1\" \/>\n<link rel=\"canonical\" href=\"https:\/\/blogg.svenskakyrkan.se\/insikten\/2021\/08\/17\/ungdomarnas-kyrkoval\/\" \/>\n<meta property=\"og:locale\" content=\"sv_SE\" \/>\n<meta property=\"og:type\" content=\"article\" \/>\n<meta property=\"og:title\" content=\"Ungdomarnas kyrkoval - Insikten - Floby pastorat\" \/>\n<meta property=\"og:description\" content=\"Den 19:e september 2021 kommer kyrkovalet \u00e4ga rum. D\u00e5 kan alla \u00f6ver 16 \u00e5r r\u00f6sta p\u00e5 vilka de vill ska best\u00e4mma i Svenska kyrkan under de kommande fyra \u00e5ren. De som fyller 16 \u00e5r senast den 19:e september eller \u00e4r \u00e4ldre f\u00e5r r\u00f6sta, vilket g\u00f6r att de mellan 16 och 19 \u00e5r nu har chansen [&hellip;]\" \/>\n<meta property=\"og:url\" content=\"https:\/\/blogg.svenskakyrkan.se\/insikten\/2021\/08\/17\/ungdomarnas-kyrkoval\/\" \/>\n<meta property=\"og:site_name\" content=\"Insikten - Floby pastorat\" \/>\n<meta property=\"article:published_time\" content=\"2021-08-17T13:23:54+00:00\" \/>\n<meta property=\"article:modified_time\" content=\"2021-08-17T13:41:14+00:00\" \/>\n<meta property=\"og:image\" content=\"https:\/\/blogg.svenskakyrkan.se\/insikten\/files\/2021\/08\/Skarmavbild-2021-08-17-kl.-15.22.27.png\" \/>\n\t<meta property=\"og:image:width\" content=\"1080\" \/>\n\t<meta property=\"og:image:height\" content=\"714\" \/>\n\t<meta property=\"og:image:type\" content=\"image\/png\" \/>\n<meta name=\"author\" content=\"Floby pastorat\" \/>\n<meta name=\"twitter:card\" content=\"summary_large_image\" \/>\n<meta name=\"twitter:label1\" content=\"Skriven av\" \/>\n\t<meta name=\"twitter:data1\" content=\"Floby pastorat\" \/>\n\t<meta name=\"twitter:label2\" content=\"Ber\u00e4knad l\u00e4stid\" \/>\n\t<meta name=\"twitter:data2\" content=\"4 minuter\" \/>\n<script type=\"application\/ld+json\" class=\"yoast-schema-graph\">{\"@context\":\"https:\/\/schema.org\",\"@graph\":[{\"@type\":\"Article\",\"@id\":\"https:\/\/blogg.svenskakyrkan.se\/insikten\/2021\/08\/17\/ungdomarnas-kyrkoval\/#article\",\"isPartOf\":{\"@id\":\"https:\/\/blogg.svenskakyrkan.se\/insikten\/2021\/08\/17\/ungdomarnas-kyrkoval\/\"},\"author\":{\"name\":\"Floby pastorat\",\"@id\":\"https:\/\/blogg.svenskakyrkan.se\/insikten\/#\/schema\/person\/5081f68a0318ddb64c879f7bc416ce8c\"},\"headline\":\"Ungdomarnas kyrkoval\",\"datePublished\":\"2021-08-17T13:23:54+00:00\",\"dateModified\":\"2021-08-17T13:41:14+00:00\",\"mainEntityOfPage\":{\"@id\":\"https:\/\/blogg.svenskakyrkan.se\/insikten\/2021\/08\/17\/ungdomarnas-kyrkoval\/\"},\"wordCount\":858,\"commentCount\":0,\"image\":{\"@id\":\"https:\/\/blogg.svenskakyrkan.se\/insikten\/2021\/08\/17\/ungdomarnas-kyrkoval\/#primaryimage\"},\"thumbnailUrl\":\"https:\/\/blogg.svenskakyrkan.se\/insikten\/files\/2021\/08\/Skarmavbild-2021-08-17-kl.-15.22.27.png\",\"articleSection\":[\"Kyrkovalet\",\"Svenska kyrkans unga\"],\"inLanguage\":\"sv-SE\",\"potentialAction\":[{\"@type\":\"CommentAction\",\"name\":\"Comment\",\"target\":[\"https:\/\/blogg.svenskakyrkan.se\/insikten\/2021\/08\/17\/ungdomarnas-kyrkoval\/#respond\"]}]},{\"@type\":\"WebPage\",\"@id\":\"https:\/\/blogg.svenskakyrkan.se\/insikten\/2021\/08\/17\/ungdomarnas-kyrkoval\/\",\"url\":\"https:\/\/blogg.svenskakyrkan.se\/insikten\/2021\/08\/17\/ungdomarnas-kyrkoval\/\",\"name\":\"Ungdomarnas kyrkoval - Insikten - Floby pastorat\",\"isPartOf\":{\"@id\":\"https:\/\/blogg.svenskakyrkan.se\/insikten\/#website\"},\"primaryImageOfPage\":{\"@id\":\"https:\/\/blogg.svenskakyrkan.se\/insikten\/2021\/08\/17\/ungdomarnas-kyrkoval\/#primaryimage\"},\"image\":{\"@id\":\"https:\/\/blogg.svenskakyrkan.se\/insikten\/2021\/08\/17\/ungdomarnas-kyrkoval\/#primaryimage\"},\"thumbnailUrl\":\"https:\/\/blogg.svenskakyrkan.se\/insikten\/files\/2021\/08\/Skarmavbild-2021-08-17-kl.-15.22.27.png\",\"datePublished\":\"2021-08-17T13:23:54+00:00\",\"dateModified\":\"2021-08-17T13:41:14+00:00\",\"author\":{\"@id\":\"https:\/\/blogg.svenskakyrkan.se\/insikten\/#\/schema\/person\/5081f68a0318ddb64c879f7bc416ce8c\"},\"breadcrumb\":{\"@id\":\"https:\/\/blogg.svenskakyrkan.se\/insikten\/2021\/08\/17\/ungdomarnas-kyrkoval\/#breadcrumb\"},\"inLanguage\":\"sv-SE\",\"potentialAction\":[{\"@type\":\"ReadAction\",\"target\":[\"https:\/\/blogg.svenskakyrkan.se\/insikten\/2021\/08\/17\/ungdomarnas-kyrkoval\/\"]}]},{\"@type\":\"ImageObject\",\"inLanguage\":\"sv-SE\",\"@id\":\"https:\/\/blogg.svenskakyrkan.se\/insikten\/2021\/08\/17\/ungdomarnas-kyrkoval\/#primaryimage\",\"url\":\"https:\/\/blogg.svenskakyrkan.se\/insikten\/files\/2021\/08\/Skarmavbild-2021-08-17-kl.-15.22.27.png\",\"contentUrl\":\"https:\/\/blogg.svenskakyrkan.se\/insikten\/files\/2021\/08\/Skarmavbild-2021-08-17-kl.-15.22.27.png\",\"width\":1080,\"height\":714},{\"@type\":\"BreadcrumbList\",\"@id\":\"https:\/\/blogg.svenskakyrkan.se\/insikten\/2021\/08\/17\/ungdomarnas-kyrkoval\/#breadcrumb\",\"itemListElement\":[{\"@type\":\"ListItem\",\"position\":1,\"name\":\"Hem\",\"item\":\"https:\/\/blogg.svenskakyrkan.se\/insikten\/\"},{\"@type\":\"ListItem\",\"position\":2,\"name\":\"Ungdomarnas kyrkoval\"}]},{\"@type\":\"WebSite\",\"@id\":\"https:\/\/blogg.svenskakyrkan.se\/insikten\/#website\",\"url\":\"https:\/\/blogg.svenskakyrkan.se\/insikten\/\",\"name\":\"Insikten - Floby pastorat\",\"description\":\"Insikter, utsikter och emellan\u00e5t \u00e4ven \u00e5sikter fr\u00e5n Floby pastorat i Skara stift.\",\"potentialAction\":[{\"@type\":\"SearchAction\",\"target\":{\"@type\":\"EntryPoint\",\"urlTemplate\":\"https:\/\/blogg.svenskakyrkan.se\/insikten\/?s={search_term_string}\"},\"query-input\":{\"@type\":\"PropertyValueSpecification\",\"valueRequired\":true,\"valueName\":\"search_term_string\"}}],\"inLanguage\":\"sv-SE\"},{\"@type\":\"Person\",\"@id\":\"https:\/\/blogg.svenskakyrkan.se\/insikten\/#\/schema\/person\/5081f68a0318ddb64c879f7bc416ce8c\",\"name\":\"Floby pastorat\",\"image\":{\"@type\":\"ImageObject\",\"inLanguage\":\"sv-SE\",\"@id\":\"https:\/\/blogg.svenskakyrkan.se\/insikten\/#\/schema\/person\/image\/\",\"url\":\"https:\/\/secure.gravatar.com\/avatar\/c63a9fd4196da95cea4408b67893dbdb9ec52ef568ee59a4578ad766986bebcd?s=96&d=mm&r=g\",\"contentUrl\":\"https:\/\/secure.gravatar.com\/avatar\/c63a9fd4196da95cea4408b67893dbdb9ec52ef568ee59a4578ad766986bebcd?s=96&d=mm&r=g\",\"caption\":\"Floby pastorat\"},\"url\":\"https:\/\/blogg.svenskakyrkan.se\/insikten\/author\/helenataubner\/\"}]}<\/script>\n<!-- \/ Yoast SEO plugin. -->","yoast_head_json":{"title":"Ungdomarnas kyrkoval - Insikten - Floby pastorat","robots":{"index":"index","follow":"follow","max-snippet":"max-snippet:-1","max-image-preview":"max-image-preview:large","max-video-preview":"max-video-preview:-1"},"canonical":"https:\/\/blogg.svenskakyrkan.se\/insikten\/2021\/08\/17\/ungdomarnas-kyrkoval\/","og_locale":"sv_SE","og_type":"article","og_title":"Ungdomarnas kyrkoval - Insikten - Floby pastorat","og_description":"Den 19:e september 2021 kommer kyrkovalet \u00e4ga rum. D\u00e5 kan alla \u00f6ver 16 \u00e5r r\u00f6sta p\u00e5 vilka de vill ska best\u00e4mma i Svenska kyrkan under de kommande fyra \u00e5ren. De som fyller 16 \u00e5r senast den 19:e september eller \u00e4r \u00e4ldre f\u00e5r r\u00f6sta, vilket g\u00f6r att de mellan 16 och 19 \u00e5r nu har chansen [&hellip;]","og_url":"https:\/\/blogg.svenskakyrkan.se\/insikten\/2021\/08\/17\/ungdomarnas-kyrkoval\/","og_site_name":"Insikten - Floby pastorat","article_published_time":"2021-08-17T13:23:54+00:00","article_modified_time":"2021-08-17T13:41:14+00:00","og_image":[{"width":1080,"height":714,"url":"https:\/\/blogg.svenskakyrkan.se\/insikten\/files\/2021\/08\/Skarmavbild-2021-08-17-kl.-15.22.27.png","type":"image\/png"}],"author":"Floby pastorat","twitter_card":"summary_large_image","twitter_misc":{"Skriven av":"Floby pastorat","Ber\u00e4knad l\u00e4stid":"4 minuter"},"schema":{"@context":"https:\/\/schema.org","@graph":[{"@type":"Article","@id":"https:\/\/blogg.svenskakyrkan.se\/insikten\/2021\/08\/17\/ungdomarnas-kyrkoval\/#article","isPartOf":{"@id":"https:\/\/blogg.svenskakyrkan.se\/insikten\/2021\/08\/17\/ungdomarnas-kyrkoval\/"},"author":{"name":"Floby pastorat","@id":"https:\/\/blogg.svenskakyrkan.se\/insikten\/#\/schema\/person\/5081f68a0318ddb64c879f7bc416ce8c"},"headline":"Ungdomarnas kyrkoval","datePublished":"2021-08-17T13:23:54+00:00","dateModified":"2021-08-17T13:41:14+00:00","mainEntityOfPage":{"@id":"https:\/\/blogg.svenskakyrkan.se\/insikten\/2021\/08\/17\/ungdomarnas-kyrkoval\/"},"wordCount":858,"commentCount":0,"image":{"@id":"https:\/\/blogg.svenskakyrkan.se\/insikten\/2021\/08\/17\/ungdomarnas-kyrkoval\/#primaryimage"},"thumbnailUrl":"https:\/\/blogg.svenskakyrkan.se\/insikten\/files\/2021\/08\/Skarmavbild-2021-08-17-kl.-15.22.27.png","articleSection":["Kyrkovalet","Svenska kyrkans unga"],"inLanguage":"sv-SE","potentialAction":[{"@type":"CommentAction","name":"Comment","target":["https:\/\/blogg.svenskakyrkan.se\/insikten\/2021\/08\/17\/ungdomarnas-kyrkoval\/#respond"]}]},{"@type":"WebPage","@id":"https:\/\/blogg.svenskakyrkan.se\/insikten\/2021\/08\/17\/ungdomarnas-kyrkoval\/","url":"https:\/\/blogg.svenskakyrkan.se\/insikten\/2021\/08\/17\/ungdomarnas-kyrkoval\/","name":"Ungdomarnas kyrkoval - Insikten - Floby pastorat","isPartOf":{"@id":"https:\/\/blogg.svenskakyrkan.se\/insikten\/#website"},"primaryImageOfPage":{"@id":"https:\/\/blogg.svenskakyrkan.se\/insikten\/2021\/08\/17\/ungdomarnas-kyrkoval\/#primaryimage"},"image":{"@id":"https:\/\/blogg.svenskakyrkan.se\/insikten\/2021\/08\/17\/ungdomarnas-kyrkoval\/#primaryimage"},"thumbnailUrl":"https:\/\/blogg.svenskakyrkan.se\/insikten\/files\/2021\/08\/Skarmavbild-2021-08-17-kl.-15.22.27.png","datePublished":"2021-08-17T13:23:54+00:00","dateModified":"2021-08-17T13:41:14+00:00","author":{"@id":"https:\/\/blogg.svenskakyrkan.se\/insikten\/#\/schema\/person\/5081f68a0318ddb64c879f7bc416ce8c"},"breadcrumb":{"@id":"https:\/\/blogg.svenskakyrkan.se\/insikten\/2021\/08\/17\/ungdomarnas-kyrkoval\/#breadcrumb"},"inLanguage":"sv-SE","potentialAction":[{"@type":"ReadAction","target":["https:\/\/blogg.svenskakyrkan.se\/insikten\/2021\/08\/17\/ungdomarnas-kyrkoval\/"]}]},{"@type":"ImageObject","inLanguage":"sv-SE","@id":"https:\/\/blogg.svenskakyrkan.se\/insikten\/2021\/08\/17\/ungdomarnas-kyrkoval\/#primaryimage","url":"https:\/\/blogg.svenskakyrkan.se\/insikten\/files\/2021\/08\/Skarmavbild-2021-08-17-kl.-15.22.27.png","contentUrl":"https:\/\/blogg.svenskakyrkan.se\/insikten\/files\/2021\/08\/Skarmavbild-2021-08-17-kl.-15.22.27.png","width":1080,"height":714},{"@type":"BreadcrumbList","@id":"https:\/\/blogg.svenskakyrkan.se\/insikten\/2021\/08\/17\/ungdomarnas-kyrkoval\/#breadcrumb","itemListElement":[{"@type":"ListItem","position":1,"name":"Hem","item":"https:\/\/blogg.svenskakyrkan.se\/insikten\/"},{"@type":"ListItem","position":2,"name":"Ungdomarnas kyrkoval"}]},{"@type":"WebSite","@id":"https:\/\/blogg.svenskakyrkan.se\/insikten\/#website","url":"https:\/\/blogg.svenskakyrkan.se\/insikten\/","name":"Insikten - Floby pastorat","description":"Insikter, utsikter och emellan\u00e5t \u00e4ven \u00e5sikter fr\u00e5n Floby pastorat i Skara stift.","potentialAction":[{"@type":"SearchAction","target":{"@type":"EntryPoint","urlTemplate":"https:\/\/blogg.svenskakyrkan.se\/insikten\/?s={search_term_string}"},"query-input":{"@type":"PropertyValueSpecification","valueRequired":true,"valueName":"search_term_string"}}],"inLanguage":"sv-SE"},{"@type":"Person","@id":"https:\/\/blogg.svenskakyrkan.se\/insikten\/#\/schema\/person\/5081f68a0318ddb64c879f7bc416ce8c","name":"Floby pastorat","image":{"@type":"ImageObject","inLanguage":"sv-SE","@id":"https:\/\/blogg.svenskakyrkan.se\/insikten\/#\/schema\/person\/image\/","url":"https:\/\/secure.gravatar.com\/avatar\/c63a9fd4196da95cea4408b67893dbdb9ec52ef568ee59a4578ad766986bebcd?s=96&d=mm&r=g","contentUrl":"https:\/\/secure.gravatar.com\/avatar\/c63a9fd4196da95cea4408b67893dbdb9ec52ef568ee59a4578ad766986bebcd?s=96&d=mm&r=g","caption":"Floby pastorat"},"url":"https:\/\/blogg.svenskakyrkan.se\/insikten\/author\/helenataubner\/"}]}},"author_meta":{"ID":"250","user_nicename":"helenataubner","user_registered":"2013-01-15 08:36:14","display_name":"Floby pastorat","avatar":"https:\/\/secure.gravatar.com\/avatar\/c63a9fd4196da95cea4408b67893dbdb9ec52ef568ee59a4578ad766986bebcd?s=96&d=mm&r=g"},"featured_image":["https:\/\/blogg.svenskakyrkan.se\/insikten\/files\/2021\/08\/Skarmavbild-2021-08-17-kl.-15.22.27-1024x677.png",1024,677,true],"bloginfo":{"name":"Insikten - Floby pastorat","url":"https:\/\/blogg.svenskakyrkan.se\/insikten"},"_links":{"self":[{"href":"https:\/\/blogg.svenskakyrkan.se\/insikten\/wp-json\/wp\/v2\/posts\/101","targetHints":{"allow":["GET"]}}],"collection":[{"href":"https:\/\/blogg.svenskakyrkan.se\/insikten\/wp-json\/wp\/v2\/posts"}],"about":[{"href":"https:\/\/blogg.svenskakyrkan.se\/insikten\/wp-json\/wp\/v2\/types\/post"}],"author":[{"embeddable":true,"href":"https:\/\/blogg.svenskakyrkan.se\/insikten\/wp-json\/wp\/v2\/users\/250"}],"replies":[{"embeddable":true,"href":"https:\/\/blogg.svenskakyrkan.se\/insikten\/wp-json\/wp\/v2\/comments?post=101"}],"version-history":[{"count":2,"href":"https:\/\/blogg.svenskakyrkan.se\/insikten\/wp-json\/wp\/v2\/posts\/101\/revisions"}],"predecessor-version":[{"id":118,"href":"https:\/\/blogg.svenskakyrkan.se\/insikten\/wp-json\/wp\/v2\/posts\/101\/revisions\/118"}],"wp:featuredmedia":[{"embeddable":true,"href":"https:\/\/blogg.svenskakyrkan.se\/insikten\/wp-json\/wp\/v2\/media\/102"}],"wp:attachment":[{"href":"https:\/\/blogg.svenskakyrkan.se\/insikten\/wp-json\/wp\/v2\/media?parent=101"}],"wp:term":[{"taxonomy":"category","embeddable":true,"href":"https:\/\/blogg.svenskakyrkan.se\/insikten\/wp-json\/wp\/v2\/categories?post=101"},{"taxonomy":"post_tag","embeddable":true,"href":"https:\/\/blogg.svenskakyrkan.se\/insikten\/wp-json\/wp\/v2\/tags?post=101"}],"curies":[{"name":"wp","href":"https:\/\/api.w.org\/{rel}","templated":true}]}}