{"id":104,"date":"2021-08-17T15:27:07","date_gmt":"2021-08-17T13:27:07","guid":{"rendered":"https:\/\/blogg.svenskakyrkan.se\/insikten\/?p=104"},"modified":"2021-08-17T15:38:03","modified_gmt":"2021-08-17T13:38:03","slug":"en-demokratisk-folkkyrka","status":"publish","type":"post","link":"https:\/\/blogg.svenskakyrkan.se\/insikten\/2021\/08\/17\/en-demokratisk-folkkyrka\/","title":{"rendered":"En demokratisk folkkyrka"},"content":{"rendered":"\n\n\n<figure class=\"wp-block-image size-large\"><img loading=\"lazy\" decoding=\"async\" width=\"1024\" height=\"682\" src=\"https:\/\/blogg.svenskakyrkan.se\/insikten\/files\/2021\/08\/IMG_3523_Agne-pekar-2-1024x682.jpg\" alt=\"\" class=\"wp-image-105\" srcset=\"https:\/\/blogg.svenskakyrkan.se\/insikten\/files\/2021\/08\/IMG_3523_Agne-pekar-2-1024x682.jpg 1024w, https:\/\/blogg.svenskakyrkan.se\/insikten\/files\/2021\/08\/IMG_3523_Agne-pekar-2-300x200.jpg 300w, https:\/\/blogg.svenskakyrkan.se\/insikten\/files\/2021\/08\/IMG_3523_Agne-pekar-2-768x512.jpg 768w, https:\/\/blogg.svenskakyrkan.se\/insikten\/files\/2021\/08\/IMG_3523_Agne-pekar-2.jpg 1181w\" sizes=\"auto, (max-width: 1024px) 100vw, 1024px\" \/><figcaption>Agne Arnesson ber\u00e4ttar om kyrkovalet. Foto: Lotta Kjerrman.<\/figcaption><\/figure>\n\n\n\n<p>Du bor i en demokrati. Det kanske inte \u00e4r n\u00e5got du t\u00e4nker p\u00e5 s\u00e5 ofta, utan precis som luften vi andas s\u00e5 finns den bara d\u00e4r. Men i sj\u00e4lva verket p\u00e5verkar demokratin v\u00e5ra liv, varje dag, \u00e5ret runt. Att ta tillvara den demokratiska r\u00e4ttigheten att r\u00f6sta inneb\u00e4r att du \u00e4r med och p\u00e5verkar din omgivning. Det g\u00e4ller sj\u00e4lvfallet i valet till riksdag, region och kommun, men f\u00f6r dig som \u00e4r medlem i Svenska kyrkan \u00e4r kyrkovalet ocks\u00e5 betydelsefullt.&nbsp;<\/p>\n\n\n\n<p>Vad handlar kyrkovalet om? Hur ber\u00f6r det dig? Och vad \u00e4r det du r\u00f6star om egentligen? H\u00e4r f\u00f6rklarar Agne Arnesson, som \u00e4r f\u00f6rtroendevald i Floby pastorat men ocks\u00e5 p\u00e5 stifts- och riksniv\u00e5, vad kyrkovalet inneb\u00e4r och hur kyrkans demokrati fungerar.<\/p>\n\n\n\n<p><strong>Kyrkoavgiften och demokratin<\/strong><\/p>\n\n\n\n<p>Som medlem i Svenska kyrkan betalar du en medlemsavgift, ocks\u00e5 kallad kyrkoavgift. Att r\u00f6sta inneb\u00e4r att du \u00e4r med och p\u00e5verkar vilka verksamheter som ska finnas lokalt och hur kyrkoavgiften ska f\u00f6rdelas. Denna avgift beslutas i den lokala f\u00f6rsamlingen\/pastoratet och finansierar de lokala verksamheterna. En liten del av kyrkoavgiften g\u00e5r vidare till Svenska kyrkan p\u00e5 stiftet och nationell niv\u00e5. Men f\u00f6rv\u00e4xla inte kyrkoavgiften med begravningsavgiften. Den senare \u00e4r inte kopplad till medlemskap i kyrkan utan m\u00e5ste betalas av alla som \u00e4r folkbokf\u00f6rda i Sverige.<\/p>\n\n\n\n<p>\u2013 Det \u00e4r naturligt att r\u00f6sta f\u00f6r den som redan \u00e4r engagerad, f\u00f6rklarar Agne. Men vi har ocks\u00e5 v\u00e4ldigt m\u00e5nga st\u00f6dmedlemmar. Jag tror att man \u00e4r medlem f\u00f6r att man har en personlig tro, att man tycker att kyrkans arbete \u00e4r viktigt, att man tycker om verksamheterna eller f\u00f6r att man gillar kultur och traditioner. Kanske \u00e4r det sv\u00e5rt att veta vad olika nomineringsrupper st\u00e5r f\u00f6r. D\u00e5 \u00e4r det ju himla bra med personval. P\u00e5 en liten ort s\u00e5 \u00e4r ju chansen stor att man k\u00e4nner den man r\u00f6star p\u00e5. R\u00f6sta p\u00e5 n\u00e5gon du har f\u00f6rtroende f\u00f6r!<\/p>\n\n\n\n<p>De kandidater som blir f\u00f6rtroendevalda f\u00e5r ett f\u00f6rtroende av dig som v\u00e4ljare att vara delaktiga, ta ansvar och utveckla helheten i Svenska kyrkan. Nomineringsgrupper och kandidater ansvarar f\u00f6r sin egen kommunikation med v\u00e4ljarna. \u00c4r du intresserad av vad de har f\u00f6r program och \u00e5sikter och vad de vill genomf\u00f6ra, kan du kontakta dem direkt. De lokala grupperna i Floby pastorat presenteras p\u00e5 sidorna 18-19. Stift och valn\u00e4mnder kan ge dig information om vilka nomineringsgrupper och kandidater som st\u00e4ller upp i din valkrets. Du som fyllt 16 \u00e5r och som \u00e4r medlem i Svenska kyrkan kan r\u00f6sta i kyrkovalet.<\/p>\n\n\n\n<p>\u2013 Det \u00e4r viktigt att vi har en demokratisk kyrka. Men det \u00e4r dyrt att arrangera val, menar Agne. Det kanske g\u00e5r att minska kostnaderna kring valet,&nbsp; till exempel genom andra s\u00e4tt att r\u00f6sta p\u00e5 \u00e4n att stoppa en lapp i en l\u00e5da nu n\u00e4r det finns mobilt bank-ID.<\/p>\n\n\n\n<p><strong>Val p\u00e5 tre niv\u00e5er<\/strong><\/p>\n\n\n\n<p>I kyrkovalet v\u00e4ljs kandidater f\u00f6r kyrkom\u00f6tet, stiftsfullm\u00e4ktige och kyrkofullm\u00e4ktige, vilka motsvarar nationell, regional och lokal niv\u00e5.<\/p>\n\n\n\n<p>Till <em>kyrkom\u00f6tet<\/em> v\u00e4ljs ledam\u00f6ter fr\u00e5n hela landet. Kyrkom\u00f6tet \u00e4r Svenska kyrkans h\u00f6gsta beslutande organ som tr\u00e4ffas tv\u00e5 g\u00e5nger varje h\u00f6st. H\u00e4r fattas beslut om fr\u00e5gor som \u00e4r gemensamma f\u00f6r hela Svenska kyrkan. Kyrkom\u00f6tet sammantr\u00e4der tv\u00e5 g\u00e5nger varje \u00e5r. Vid det f\u00f6rsta tillf\u00e4llet arbetar ledam\u00f6terna i \u00e5tta utskott med olika inriktningar som till exempel gudstj\u00e4nst och ekonomi. Utskotten har till uppgift att f\u00f6rbereda inkomna f\u00f6rslag. Vid det andra tillf\u00e4llet tr\u00e4ffas alla ledam\u00f6ter f\u00f6r att diskutera f\u00f6rslagen innan kyrkom\u00f6tet beslutar om dem. Det \u00e4r sedan kyrkostyrelsen, kyrkom\u00f6tets verkst\u00e4llande organ, som ansvarar f\u00f6r att genomf\u00f6ra det kyrkom\u00f6tet beslutar.<\/p>\n\n\n\n<p>Till <em>stiftsfullm\u00e4ktige<\/em> v\u00e4ljs ledam\u00f6ter fr\u00e5n det egna stiftet. Stiftsfullm\u00e4ktige styr arbetet i respektive stift, som har till uppgift att fr\u00e4mja och ha tillsyn \u00f6ver f\u00f6rsamlingslivet i stiftet. Det kan handla om att st\u00f6tta f\u00f6rsamlingarnas arbete, ge r\u00e5d och st\u00f6d i teologiska fr\u00e5gor eller ge bidrag till att renovera och f\u00f6rvalta kyrkor, textilier och konst. Det \u00e4r sedan stiftsstyrelsen, under ledning av<br>biskopen, som ansvarar f\u00f6r att genomf\u00f6ra det stiftsfullm\u00e4ktige beslutar.<\/p>\n\n\n\n<p>Till <em>kyrkofullm\u00e4ktige<\/em> v\u00e4ljs ledam\u00f6ter fr\u00e5n det egna pastoratet. Kyrkofullm\u00e4ktige styr f\u00f6rsamlingarnas arbete, vars grundl\u00e4ggande uppgift \u00e4r att fira gudstj\u00e4nst, bedriva undervisning och att ut\u00f6va diakoni och mission. Till gudstj\u00e4nster h\u00f6r ocks\u00e5 dop, vigslar och begravningar. Undervisning v\u00e4nder sig till b\u00e5de barn och vuxna som \u00e4r nyfikna p\u00e5 kristen tro eller som vill f\u00f6rdjupa sin tro. Diakoni handlar om att m\u00f6ta m\u00e4nniskor, i kris eller sorg, i behov av st\u00f6d eller med att bryta ensamhet.&nbsp;<\/p>\n\n\n\n<p><strong>Politiska partier och kyrkan<\/strong><\/p>\n\n\n\n<p>Svenska kyrkan var l\u00e4nge en statskyrka. Under denna period var det samma politiska partier som st\u00e4llde upp b\u00e5de i riksdagsvalet och i kyrkovalet. Sedan Svenska kyrkan och staten skildes \u00e5r 2000 har den politiska n\u00e4rvaron minskat i kyrkovalet och ersatts av nomineringsgrupper som i huvudsak orienterar sig efter kyrkliga fr\u00e5gor. N\u00e5gra av nomineringsgrupperna har fortfarande kopplingar till de allm\u00e4npolitiska partierna. Socialdemokraterna, Centerpartiet och Sverigedemokraterna \u00e4r de tre riksdagspartier som i nul\u00e4get finns representerade i kyrkom\u00f6tet. Sedan finns det nomineringsgrupper med l\u00f6sare kopplingar till partierna, s\u00e5 som Kristdemokrater i Svenska kyrkan eller V\u00e4nstern i Svenska kyrkan. I de senare fallen \u00e4r det inte de faktiska partierna som kandiderar, men kandidaterna \u00e4r engagerade i respektive parti. Ut\u00f6ver nomineringsgrupperna finns en rad olika partipolitiskt obundna nomineringsgrupper. Fr\u00e5gan om de politiska partiernas f\u00f6rh\u00e5llande till kyrkan \u00e4r f\u00f6rem\u00e5l f\u00f6r debatt, inte minst nu inf\u00f6r kyrkovalet.<\/p>\n\n\n\n<p>\u2013 Det \u00e4r egentligen inte s\u00e5 konstigt att det finns en koppling till partierna, s\u00e4ger Agne som sj\u00e4lv kandiderar f\u00f6r Centerpartiet till stiftsfullm\u00e4ktige och kyrkom\u00f6tet. Partierna \u00e4r folkr\u00f6relser i grunden. M\u00e5nga av partiets medlemmar \u00e4r engagerade i kyrkan privat och man tycker att det \u00e4r viktigt att bevara en demokratisk \u00f6ppen folkkyrka. Den lokala niv\u00e5n och stiftsniv\u00e5n har inget med politik att g\u00f6ra, h\u00e4r m\u00e4rker man inte vem som tillh\u00f6r vad. Det \u00e4r f\u00f6rst p\u00e5 kyrkom\u00f6tet som de politiska ideologierna blir synliga.<\/p>\n\n\n\n<p><strong>Kyrkor\u00e5d och f\u00f6rsamlingsr\u00e5d<\/strong><\/p>\n\n\n\n<p>Val av kyrkor\u00e5d och f\u00f6rsamlingsr\u00e5d g\u00f6rs inte i kyrkovalet men i direkt anslutning till det. Det \u00e4r kyrkofullm\u00e4ktige som utser ledam\u00f6ter och ers\u00e4ttare till dessa r\u00e5d. Kyrkor\u00e5det \u00e4r pastoratets styrelse och h\u00e4r sitter kyrkoherden med. F\u00f6rsamlingsr\u00e5dens medlemmar utses genom \u00f6ppna nomineringsm\u00f6ten i varje f\u00f6rsamling, och sedan \u00e4r det kyrkofullm\u00e4ktige som beslutar om tills\u00e4ttningen.&nbsp;<\/p>\n\n\n\n<p>F\u00f6rsamlingsr\u00e5den har tillsammans med kyrkoherden ansvar f\u00f6r att f\u00f6rsamlingarnas grundl\u00e4ggande uppgift blir utf\u00f6rd och ansvarar f\u00f6r tillsyn utifr\u00e5n Svenska kyrkans tro, bek\u00e4nnelse och l\u00e4ra. Som f\u00f6rtroendevald i f\u00f6rsamlingsr\u00e5det representerar man f\u00f6rsamlingsmedlemmarna. Man samarbetar med de anst\u00e4llda i pastoratet och \u00e4r med och best\u00e4mmer, p\u00e5verkar och ger id\u00e9er till arbetet i f\u00f6rsamlingen. Om du \u00e4r intresserad av att engagera dig lokalt i ditt f\u00f6rsamlingsr\u00e5d under de kommande fyra \u00e5ren s\u00e5 finns denna m\u00f6jlighet under h\u00f6sten \u2013 h\u00e5ll utkik efter nomineringsst\u00e4mman i just din f\u00f6rsamling!<\/p>\n\n\n\n<p><strong>Val av biskop<\/strong><\/p>\n\n\n\n<p>Val av biskop g\u00f6rs inte i kyrkovalet utan genom ett specifikt biskopsval var tionde \u00e5r. Till denna post \u00e4r det personer med vigningstj\u00e4nst (pr\u00e4ster och diakoner) samt utsedda elektorer (f\u00f6rtroendevalda) inom det aktuella stiftet som har mandat att r\u00f6sta. Biskopen \u00e4r ordf\u00f6rande i stiftsstyrelsen och ansvarar f\u00f6r ledning och tillsyn inom sitt stift.<\/p>\n\n\n\n<p><strong>Viktiga fr\u00e5gor just nu<\/strong><\/p>\n\n\n\n<p>Inom Svenska kyrkan diskuteras ett stort antal fr\u00e5gor. Det kan handla om planerna p\u00e5 att uppdatera psalmboken, om kyrkans satsningar p\u00e5 klimatet eller om vilka byggnader kyrkan ska \u00e4ga i framtiden. Agne menar att n\u00e5gra s\u00e4rskilt viktiga fr\u00e5gor just nu \u00e4r gemensamma system och \u00e5terh\u00e4mtning efter pandemin.&nbsp;<\/p>\n\n\n\n<p>\u2013 Den stora fr\u00e5gan nationellt och regionalt \u00e4r hur Svenska kyrkan ska arbeta med gemensam administration och gemensamma tj\u00e4nster och system. Det ger p\u00e5 ett s\u00e4tt b\u00e4ttre s\u00e4kerhet och g\u00f6r verksamheten mindre s\u00e5rbar, men det r\u00e5der delade meningar. De som v\u00e4rnar om pastoratets sj\u00e4lvbest\u00e4mmander\u00e4tt \u00e4r r\u00e4dda f\u00f6r att den p\u00e5 sikt ska g\u00e5 f\u00f6rlorad om man tvingas till allt fler gemensamma l\u00f6sningar.&nbsp;<\/p>\n\n\n\n<blockquote class=\"wp-block-quote is-layout-flow wp-block-quote-is-layout-flow\"><p>\u2013 Lokalt \u00e4r det en sp\u00e4nnande utmaning hur vi ska anv\u00e4nda och f\u00f6rvalta pastoratets m\u00e5nga kyrkor.<\/p><\/blockquote>\n\n\n\n<p>\u2013 Lokalt \u00e4r det en sp\u00e4nnande utmaning hur vi ska anv\u00e4nda och f\u00f6rvalta pastoratets m\u00e5nga kyrkor. Men st\u00f6rst av allt \u00e4r nog fr\u00e5gan och arbetet med att komma ig\u00e5ng och \u00f6ppna upp all verksamhet efter pandemin. Vi m\u00e5ste f\u00e5 ig\u00e5ng barn- och ungdomsverksamheten igen. H\u00e4r l\u00e4gger vi grunden till ett ungt engagemang. Men om vi vill ha unga som engagerar sig i kyrkan s\u00e5 m\u00e5ste det finnas n\u00e5got att engagera sig i. H\u00e4r har vi en utmaning. Det g\u00e4ller att ta vara p\u00e5 m\u00e4nniskors intresse. Vi \u00e4r generellt sett duktiga p\u00e5 att skriva utf\u00f6rliga planer men det beh\u00f6ver inte vara s\u00e5 sv\u00e5rt. Vi beh\u00f6ver bara komma \u00f6verens om vad vi vill g\u00f6ra och sedan prioritera. Och s\u00e5 beh\u00f6ver vi ha r\u00e4tt anst\u00e4llda f\u00f6rst\u00e5s, avslutar Agne.<\/p>\n\n\n\n<p><\/p>\n\n\n\n<p>&#8230;&#8230;&#8230;&#8230;&#8230;&#8230;&#8230;&#8230;&#8230;&#8230;&#8230;..<\/p>\n\n\n\n<p>Texten publicerades f\u00f6rsta g\u00e5ngen i Insikten nummer 3 2021.<\/p>\n\n\n\n<p>L\u00e4s mer om kyrkovalet i Floby pastorat h\u00e4r: <a href=\"https:\/\/www.svenskakyrkan.se\/floby\/kyrkoval\" target=\"_blank\" rel=\"noreferrer noopener\">www.svenskakyrkan.se\/floby\/kyrkoval<\/a><\/p>\n","protected":false},"excerpt":{"rendered":"<p>Du bor i en demokrati. Det kanske inte \u00e4r n\u00e5got du t\u00e4nker p\u00e5 s\u00e5 ofta, utan precis som luften vi andas s\u00e5 finns den bara d\u00e4r. Men i sj\u00e4lva verket p\u00e5verkar demokratin v\u00e5ra liv, varje dag, \u00e5ret runt. Att ta tillvara den demokratiska r\u00e4ttigheten att r\u00f6sta inneb\u00e4r att du \u00e4r med och p\u00e5verkar din omgivning. [&hellip;]<\/p>\n","protected":false},"author":250,"featured_media":105,"comment_status":"open","ping_status":"open","sticky":false,"template":"","format":"standard","meta":{"_acf_changed":false,"footnotes":""},"categories":[7,9],"tags":[],"class_list":["post-104","post","type-post","status-publish","format-standard","has-post-thumbnail","hentry","category-engagemang","category-kyrkovalet"],"acf":[],"yoast_head":"<!-- This site is optimized with the Yoast SEO plugin v27.1.1 - https:\/\/yoast.com\/product\/yoast-seo-wordpress\/ -->\n<title>En demokratisk folkkyrka - Insikten - Floby pastorat<\/title>\n<meta name=\"robots\" content=\"index, follow, max-snippet:-1, max-image-preview:large, max-video-preview:-1\" \/>\n<link rel=\"canonical\" href=\"https:\/\/blogg.svenskakyrkan.se\/insikten\/2021\/08\/17\/en-demokratisk-folkkyrka\/\" \/>\n<meta property=\"og:locale\" content=\"sv_SE\" \/>\n<meta property=\"og:type\" content=\"article\" \/>\n<meta property=\"og:title\" content=\"En demokratisk folkkyrka - Insikten - Floby pastorat\" \/>\n<meta property=\"og:description\" content=\"Du bor i en demokrati. Det kanske inte \u00e4r n\u00e5got du t\u00e4nker p\u00e5 s\u00e5 ofta, utan precis som luften vi andas s\u00e5 finns den bara d\u00e4r. Men i sj\u00e4lva verket p\u00e5verkar demokratin v\u00e5ra liv, varje dag, \u00e5ret runt. Att ta tillvara den demokratiska r\u00e4ttigheten att r\u00f6sta inneb\u00e4r att du \u00e4r med och p\u00e5verkar din omgivning. [&hellip;]\" \/>\n<meta property=\"og:url\" content=\"https:\/\/blogg.svenskakyrkan.se\/insikten\/2021\/08\/17\/en-demokratisk-folkkyrka\/\" \/>\n<meta property=\"og:site_name\" content=\"Insikten - Floby pastorat\" \/>\n<meta property=\"article:published_time\" content=\"2021-08-17T13:27:07+00:00\" \/>\n<meta property=\"article:modified_time\" content=\"2021-08-17T13:38:03+00:00\" \/>\n<meta property=\"og:image\" content=\"https:\/\/blogg.svenskakyrkan.se\/insikten\/files\/2021\/08\/IMG_3523_Agne-pekar-2.jpg\" \/>\n\t<meta property=\"og:image:width\" content=\"1181\" \/>\n\t<meta property=\"og:image:height\" content=\"787\" \/>\n\t<meta property=\"og:image:type\" content=\"image\/jpeg\" \/>\n<meta name=\"author\" content=\"Floby pastorat\" \/>\n<meta name=\"twitter:card\" content=\"summary_large_image\" \/>\n<meta name=\"twitter:label1\" content=\"Skriven av\" \/>\n\t<meta name=\"twitter:data1\" content=\"Floby pastorat\" \/>\n\t<meta name=\"twitter:label2\" content=\"Ber\u00e4knad l\u00e4stid\" \/>\n\t<meta name=\"twitter:data2\" content=\"8 minuter\" \/>\n<script type=\"application\/ld+json\" class=\"yoast-schema-graph\">{\"@context\":\"https:\/\/schema.org\",\"@graph\":[{\"@type\":\"Article\",\"@id\":\"https:\/\/blogg.svenskakyrkan.se\/insikten\/2021\/08\/17\/en-demokratisk-folkkyrka\/#article\",\"isPartOf\":{\"@id\":\"https:\/\/blogg.svenskakyrkan.se\/insikten\/2021\/08\/17\/en-demokratisk-folkkyrka\/\"},\"author\":{\"name\":\"Floby pastorat\",\"@id\":\"https:\/\/blogg.svenskakyrkan.se\/insikten\/#\/schema\/person\/5081f68a0318ddb64c879f7bc416ce8c\"},\"headline\":\"En demokratisk folkkyrka\",\"datePublished\":\"2021-08-17T13:27:07+00:00\",\"dateModified\":\"2021-08-17T13:38:03+00:00\",\"mainEntityOfPage\":{\"@id\":\"https:\/\/blogg.svenskakyrkan.se\/insikten\/2021\/08\/17\/en-demokratisk-folkkyrka\/\"},\"wordCount\":1687,\"commentCount\":0,\"image\":{\"@id\":\"https:\/\/blogg.svenskakyrkan.se\/insikten\/2021\/08\/17\/en-demokratisk-folkkyrka\/#primaryimage\"},\"thumbnailUrl\":\"https:\/\/blogg.svenskakyrkan.se\/insikten\/files\/2021\/08\/IMG_3523_Agne-pekar-2.jpg\",\"articleSection\":[\"Engagemang\",\"Kyrkovalet\"],\"inLanguage\":\"sv-SE\",\"potentialAction\":[{\"@type\":\"CommentAction\",\"name\":\"Comment\",\"target\":[\"https:\/\/blogg.svenskakyrkan.se\/insikten\/2021\/08\/17\/en-demokratisk-folkkyrka\/#respond\"]}]},{\"@type\":\"WebPage\",\"@id\":\"https:\/\/blogg.svenskakyrkan.se\/insikten\/2021\/08\/17\/en-demokratisk-folkkyrka\/\",\"url\":\"https:\/\/blogg.svenskakyrkan.se\/insikten\/2021\/08\/17\/en-demokratisk-folkkyrka\/\",\"name\":\"En demokratisk folkkyrka - Insikten - Floby pastorat\",\"isPartOf\":{\"@id\":\"https:\/\/blogg.svenskakyrkan.se\/insikten\/#website\"},\"primaryImageOfPage\":{\"@id\":\"https:\/\/blogg.svenskakyrkan.se\/insikten\/2021\/08\/17\/en-demokratisk-folkkyrka\/#primaryimage\"},\"image\":{\"@id\":\"https:\/\/blogg.svenskakyrkan.se\/insikten\/2021\/08\/17\/en-demokratisk-folkkyrka\/#primaryimage\"},\"thumbnailUrl\":\"https:\/\/blogg.svenskakyrkan.se\/insikten\/files\/2021\/08\/IMG_3523_Agne-pekar-2.jpg\",\"datePublished\":\"2021-08-17T13:27:07+00:00\",\"dateModified\":\"2021-08-17T13:38:03+00:00\",\"author\":{\"@id\":\"https:\/\/blogg.svenskakyrkan.se\/insikten\/#\/schema\/person\/5081f68a0318ddb64c879f7bc416ce8c\"},\"breadcrumb\":{\"@id\":\"https:\/\/blogg.svenskakyrkan.se\/insikten\/2021\/08\/17\/en-demokratisk-folkkyrka\/#breadcrumb\"},\"inLanguage\":\"sv-SE\",\"potentialAction\":[{\"@type\":\"ReadAction\",\"target\":[\"https:\/\/blogg.svenskakyrkan.se\/insikten\/2021\/08\/17\/en-demokratisk-folkkyrka\/\"]}]},{\"@type\":\"ImageObject\",\"inLanguage\":\"sv-SE\",\"@id\":\"https:\/\/blogg.svenskakyrkan.se\/insikten\/2021\/08\/17\/en-demokratisk-folkkyrka\/#primaryimage\",\"url\":\"https:\/\/blogg.svenskakyrkan.se\/insikten\/files\/2021\/08\/IMG_3523_Agne-pekar-2.jpg\",\"contentUrl\":\"https:\/\/blogg.svenskakyrkan.se\/insikten\/files\/2021\/08\/IMG_3523_Agne-pekar-2.jpg\",\"width\":1181,\"height\":787},{\"@type\":\"BreadcrumbList\",\"@id\":\"https:\/\/blogg.svenskakyrkan.se\/insikten\/2021\/08\/17\/en-demokratisk-folkkyrka\/#breadcrumb\",\"itemListElement\":[{\"@type\":\"ListItem\",\"position\":1,\"name\":\"Hem\",\"item\":\"https:\/\/blogg.svenskakyrkan.se\/insikten\/\"},{\"@type\":\"ListItem\",\"position\":2,\"name\":\"En demokratisk folkkyrka\"}]},{\"@type\":\"WebSite\",\"@id\":\"https:\/\/blogg.svenskakyrkan.se\/insikten\/#website\",\"url\":\"https:\/\/blogg.svenskakyrkan.se\/insikten\/\",\"name\":\"Insikten - Floby pastorat\",\"description\":\"Insikter, utsikter och emellan\u00e5t \u00e4ven \u00e5sikter fr\u00e5n Floby pastorat i Skara stift.\",\"potentialAction\":[{\"@type\":\"SearchAction\",\"target\":{\"@type\":\"EntryPoint\",\"urlTemplate\":\"https:\/\/blogg.svenskakyrkan.se\/insikten\/?s={search_term_string}\"},\"query-input\":{\"@type\":\"PropertyValueSpecification\",\"valueRequired\":true,\"valueName\":\"search_term_string\"}}],\"inLanguage\":\"sv-SE\"},{\"@type\":\"Person\",\"@id\":\"https:\/\/blogg.svenskakyrkan.se\/insikten\/#\/schema\/person\/5081f68a0318ddb64c879f7bc416ce8c\",\"name\":\"Floby pastorat\",\"image\":{\"@type\":\"ImageObject\",\"inLanguage\":\"sv-SE\",\"@id\":\"https:\/\/blogg.svenskakyrkan.se\/insikten\/#\/schema\/person\/image\/\",\"url\":\"https:\/\/secure.gravatar.com\/avatar\/c63a9fd4196da95cea4408b67893dbdb9ec52ef568ee59a4578ad766986bebcd?s=96&d=mm&r=g\",\"contentUrl\":\"https:\/\/secure.gravatar.com\/avatar\/c63a9fd4196da95cea4408b67893dbdb9ec52ef568ee59a4578ad766986bebcd?s=96&d=mm&r=g\",\"caption\":\"Floby pastorat\"},\"url\":\"https:\/\/blogg.svenskakyrkan.se\/insikten\/author\/helenataubner\/\"}]}<\/script>\n<!-- \/ Yoast SEO plugin. -->","yoast_head_json":{"title":"En demokratisk folkkyrka - Insikten - Floby pastorat","robots":{"index":"index","follow":"follow","max-snippet":"max-snippet:-1","max-image-preview":"max-image-preview:large","max-video-preview":"max-video-preview:-1"},"canonical":"https:\/\/blogg.svenskakyrkan.se\/insikten\/2021\/08\/17\/en-demokratisk-folkkyrka\/","og_locale":"sv_SE","og_type":"article","og_title":"En demokratisk folkkyrka - Insikten - Floby pastorat","og_description":"Du bor i en demokrati. Det kanske inte \u00e4r n\u00e5got du t\u00e4nker p\u00e5 s\u00e5 ofta, utan precis som luften vi andas s\u00e5 finns den bara d\u00e4r. Men i sj\u00e4lva verket p\u00e5verkar demokratin v\u00e5ra liv, varje dag, \u00e5ret runt. Att ta tillvara den demokratiska r\u00e4ttigheten att r\u00f6sta inneb\u00e4r att du \u00e4r med och p\u00e5verkar din omgivning. [&hellip;]","og_url":"https:\/\/blogg.svenskakyrkan.se\/insikten\/2021\/08\/17\/en-demokratisk-folkkyrka\/","og_site_name":"Insikten - Floby pastorat","article_published_time":"2021-08-17T13:27:07+00:00","article_modified_time":"2021-08-17T13:38:03+00:00","og_image":[{"width":1181,"height":787,"url":"https:\/\/blogg.svenskakyrkan.se\/insikten\/files\/2021\/08\/IMG_3523_Agne-pekar-2.jpg","type":"image\/jpeg"}],"author":"Floby pastorat","twitter_card":"summary_large_image","twitter_misc":{"Skriven av":"Floby pastorat","Ber\u00e4knad l\u00e4stid":"8 minuter"},"schema":{"@context":"https:\/\/schema.org","@graph":[{"@type":"Article","@id":"https:\/\/blogg.svenskakyrkan.se\/insikten\/2021\/08\/17\/en-demokratisk-folkkyrka\/#article","isPartOf":{"@id":"https:\/\/blogg.svenskakyrkan.se\/insikten\/2021\/08\/17\/en-demokratisk-folkkyrka\/"},"author":{"name":"Floby pastorat","@id":"https:\/\/blogg.svenskakyrkan.se\/insikten\/#\/schema\/person\/5081f68a0318ddb64c879f7bc416ce8c"},"headline":"En demokratisk folkkyrka","datePublished":"2021-08-17T13:27:07+00:00","dateModified":"2021-08-17T13:38:03+00:00","mainEntityOfPage":{"@id":"https:\/\/blogg.svenskakyrkan.se\/insikten\/2021\/08\/17\/en-demokratisk-folkkyrka\/"},"wordCount":1687,"commentCount":0,"image":{"@id":"https:\/\/blogg.svenskakyrkan.se\/insikten\/2021\/08\/17\/en-demokratisk-folkkyrka\/#primaryimage"},"thumbnailUrl":"https:\/\/blogg.svenskakyrkan.se\/insikten\/files\/2021\/08\/IMG_3523_Agne-pekar-2.jpg","articleSection":["Engagemang","Kyrkovalet"],"inLanguage":"sv-SE","potentialAction":[{"@type":"CommentAction","name":"Comment","target":["https:\/\/blogg.svenskakyrkan.se\/insikten\/2021\/08\/17\/en-demokratisk-folkkyrka\/#respond"]}]},{"@type":"WebPage","@id":"https:\/\/blogg.svenskakyrkan.se\/insikten\/2021\/08\/17\/en-demokratisk-folkkyrka\/","url":"https:\/\/blogg.svenskakyrkan.se\/insikten\/2021\/08\/17\/en-demokratisk-folkkyrka\/","name":"En demokratisk folkkyrka - Insikten - Floby pastorat","isPartOf":{"@id":"https:\/\/blogg.svenskakyrkan.se\/insikten\/#website"},"primaryImageOfPage":{"@id":"https:\/\/blogg.svenskakyrkan.se\/insikten\/2021\/08\/17\/en-demokratisk-folkkyrka\/#primaryimage"},"image":{"@id":"https:\/\/blogg.svenskakyrkan.se\/insikten\/2021\/08\/17\/en-demokratisk-folkkyrka\/#primaryimage"},"thumbnailUrl":"https:\/\/blogg.svenskakyrkan.se\/insikten\/files\/2021\/08\/IMG_3523_Agne-pekar-2.jpg","datePublished":"2021-08-17T13:27:07+00:00","dateModified":"2021-08-17T13:38:03+00:00","author":{"@id":"https:\/\/blogg.svenskakyrkan.se\/insikten\/#\/schema\/person\/5081f68a0318ddb64c879f7bc416ce8c"},"breadcrumb":{"@id":"https:\/\/blogg.svenskakyrkan.se\/insikten\/2021\/08\/17\/en-demokratisk-folkkyrka\/#breadcrumb"},"inLanguage":"sv-SE","potentialAction":[{"@type":"ReadAction","target":["https:\/\/blogg.svenskakyrkan.se\/insikten\/2021\/08\/17\/en-demokratisk-folkkyrka\/"]}]},{"@type":"ImageObject","inLanguage":"sv-SE","@id":"https:\/\/blogg.svenskakyrkan.se\/insikten\/2021\/08\/17\/en-demokratisk-folkkyrka\/#primaryimage","url":"https:\/\/blogg.svenskakyrkan.se\/insikten\/files\/2021\/08\/IMG_3523_Agne-pekar-2.jpg","contentUrl":"https:\/\/blogg.svenskakyrkan.se\/insikten\/files\/2021\/08\/IMG_3523_Agne-pekar-2.jpg","width":1181,"height":787},{"@type":"BreadcrumbList","@id":"https:\/\/blogg.svenskakyrkan.se\/insikten\/2021\/08\/17\/en-demokratisk-folkkyrka\/#breadcrumb","itemListElement":[{"@type":"ListItem","position":1,"name":"Hem","item":"https:\/\/blogg.svenskakyrkan.se\/insikten\/"},{"@type":"ListItem","position":2,"name":"En demokratisk folkkyrka"}]},{"@type":"WebSite","@id":"https:\/\/blogg.svenskakyrkan.se\/insikten\/#website","url":"https:\/\/blogg.svenskakyrkan.se\/insikten\/","name":"Insikten - Floby pastorat","description":"Insikter, utsikter och emellan\u00e5t \u00e4ven \u00e5sikter fr\u00e5n Floby pastorat i Skara stift.","potentialAction":[{"@type":"SearchAction","target":{"@type":"EntryPoint","urlTemplate":"https:\/\/blogg.svenskakyrkan.se\/insikten\/?s={search_term_string}"},"query-input":{"@type":"PropertyValueSpecification","valueRequired":true,"valueName":"search_term_string"}}],"inLanguage":"sv-SE"},{"@type":"Person","@id":"https:\/\/blogg.svenskakyrkan.se\/insikten\/#\/schema\/person\/5081f68a0318ddb64c879f7bc416ce8c","name":"Floby pastorat","image":{"@type":"ImageObject","inLanguage":"sv-SE","@id":"https:\/\/blogg.svenskakyrkan.se\/insikten\/#\/schema\/person\/image\/","url":"https:\/\/secure.gravatar.com\/avatar\/c63a9fd4196da95cea4408b67893dbdb9ec52ef568ee59a4578ad766986bebcd?s=96&d=mm&r=g","contentUrl":"https:\/\/secure.gravatar.com\/avatar\/c63a9fd4196da95cea4408b67893dbdb9ec52ef568ee59a4578ad766986bebcd?s=96&d=mm&r=g","caption":"Floby pastorat"},"url":"https:\/\/blogg.svenskakyrkan.se\/insikten\/author\/helenataubner\/"}]}},"author_meta":{"ID":"250","user_nicename":"helenataubner","user_registered":"2013-01-15 08:36:14","display_name":"Floby pastorat","avatar":"https:\/\/secure.gravatar.com\/avatar\/c63a9fd4196da95cea4408b67893dbdb9ec52ef568ee59a4578ad766986bebcd?s=96&d=mm&r=g"},"featured_image":["https:\/\/blogg.svenskakyrkan.se\/insikten\/files\/2021\/08\/IMG_3523_Agne-pekar-2-1024x682.jpg",1024,682,true],"bloginfo":{"name":"Insikten - Floby pastorat","url":"https:\/\/blogg.svenskakyrkan.se\/insikten"},"_links":{"self":[{"href":"https:\/\/blogg.svenskakyrkan.se\/insikten\/wp-json\/wp\/v2\/posts\/104","targetHints":{"allow":["GET"]}}],"collection":[{"href":"https:\/\/blogg.svenskakyrkan.se\/insikten\/wp-json\/wp\/v2\/posts"}],"about":[{"href":"https:\/\/blogg.svenskakyrkan.se\/insikten\/wp-json\/wp\/v2\/types\/post"}],"author":[{"embeddable":true,"href":"https:\/\/blogg.svenskakyrkan.se\/insikten\/wp-json\/wp\/v2\/users\/250"}],"replies":[{"embeddable":true,"href":"https:\/\/blogg.svenskakyrkan.se\/insikten\/wp-json\/wp\/v2\/comments?post=104"}],"version-history":[{"count":2,"href":"https:\/\/blogg.svenskakyrkan.se\/insikten\/wp-json\/wp\/v2\/posts\/104\/revisions"}],"predecessor-version":[{"id":117,"href":"https:\/\/blogg.svenskakyrkan.se\/insikten\/wp-json\/wp\/v2\/posts\/104\/revisions\/117"}],"wp:featuredmedia":[{"embeddable":true,"href":"https:\/\/blogg.svenskakyrkan.se\/insikten\/wp-json\/wp\/v2\/media\/105"}],"wp:attachment":[{"href":"https:\/\/blogg.svenskakyrkan.se\/insikten\/wp-json\/wp\/v2\/media?parent=104"}],"wp:term":[{"taxonomy":"category","embeddable":true,"href":"https:\/\/blogg.svenskakyrkan.se\/insikten\/wp-json\/wp\/v2\/categories?post=104"},{"taxonomy":"post_tag","embeddable":true,"href":"https:\/\/blogg.svenskakyrkan.se\/insikten\/wp-json\/wp\/v2\/tags?post=104"}],"curies":[{"name":"wp","href":"https:\/\/api.w.org\/{rel}","templated":true}]}}