{"id":107,"date":"2021-08-17T15:32:10","date_gmt":"2021-08-17T13:32:10","guid":{"rendered":"https:\/\/blogg.svenskakyrkan.se\/insikten\/?p=107"},"modified":"2021-08-17T15:36:57","modified_gmt":"2021-08-17T13:36:57","slug":"halla-dar-jenny-nilsson","status":"publish","type":"post","link":"https:\/\/blogg.svenskakyrkan.se\/insikten\/2021\/08\/17\/halla-dar-jenny-nilsson\/","title":{"rendered":"Hall\u00e5 d\u00e4r, Jenny Nilsson!"},"content":{"rendered":"\n\n\n<p><strong>&#8230; Jenny Nilsson!&nbsp;<\/strong><\/p>\n\n\n\n<p>Du \u00e4r en av musikerna i Floby pastorat och nu planerar ni f\u00f6r att starta upp k\u00f6rerna under h\u00f6sten.<\/p>\n\n\n\n<div class=\"wp-block-image is-style-default\"><figure class=\"alignright size-thumbnail\"><img loading=\"lazy\" decoding=\"async\" width=\"150\" height=\"150\" src=\"https:\/\/blogg.svenskakyrkan.se\/insikten\/files\/2021\/08\/IMG_7431-150x150.jpg\" alt=\"\" class=\"wp-image-108\" srcset=\"https:\/\/blogg.svenskakyrkan.se\/insikten\/files\/2021\/08\/IMG_7431-150x150.jpg 150w, https:\/\/blogg.svenskakyrkan.se\/insikten\/files\/2021\/08\/IMG_7431-640x640.jpg 640w\" sizes=\"auto, (max-width: 150px) 100vw, 150px\" \/><\/figure><\/div>\n\n\n\n<p>\u2013 Ja, jag \u00e4r anst\u00e4lld som musikpedagog med lite extra ansvar f\u00f6r flera av k\u00f6rerna. Jag \u00e4r ocks\u00e5 en av oss som h\u00e4nger med konfirmanderna varje vecka.<\/p>\n\n\n\n<p>\u2013 Jag och min familj flyttade till G\u00f6teve f\u00f6r ungef\u00e4r ett \u00e5r sedan. Tidigare bodde vi i Stockholm och jag hade en liknande tj\u00e4nst i en frikyrkof\u00f6rsamling i Bromma med m\u00e5nga k\u00f6rer i olika \u00e5ldrar.&nbsp;<\/p>\n\n\n\n<p><strong>Hur ser nystarten ut<br>f\u00f6r k\u00f6rerna under h\u00f6sten?<\/strong><\/p>\n\n\n\n<p>\u2013 Under pandemin har k\u00f6rerna tagit paus, s\u00e5 jag har \u00e4nnu inte kunnat tr\u00e4ffa k\u00f6rs\u00e5ngarna. Men, i september (om allt utvecklar sig till det b\u00e4sta) tror jag att vi kan \u00f6ppna upp och f\u00e5 b\u00f6rja sjunga tillsammans igen.&nbsp;<\/p>\n\n\n\n<p>\u2013 Vuxenk\u00f6rerna i Kinneved (Mixxk\u00f6ren) och Floby (Flobyk\u00f6ren) kommer att forts\u00e4tta som tidigare, men med ny \u00f6vningsdag. Ut\u00f6ver det jobbar jag f\u00f6r en k\u00f6r f\u00f6r barn i l\u00e5g- och mellanstadie\u00e5ldrarna i Kinneved och en grupp f\u00f6r tjejer i h\u00f6gstadiet i Floby. Barnk\u00f6ren kommer att heta Karamell. Precis vad jag tycker att en barnk\u00f6r ska vara. En god och lekfull hum\u00f6rh\u00f6jare! Tjejgruppen heter Voices. D\u00e4r kommer vi att jobba mer med s\u00e5ngteknik och att st\u00e4rka deras r\u00f6ster. F\u00f6rhoppningsvis hinner vi ocks\u00e5 med att spela lite i band tillsammans ocks\u00e5.<\/p>\n\n\n\n<p>\u2013 Vi \u00e4r flera musiker i pastoratet. AG-k\u00f6ren leds av Christina Behre Fransson och hon planerar ocks\u00e5 att starta upp den i september. Hon har haft t\u00e4t kontakt med de k\u00f6rs\u00e5ngarna under tiden som pandemin har p\u00e5g\u00e5tt, men de har inte heller tr\u00e4ffats f\u00f6r att sjunga p\u00e5 l\u00e4nge.<\/p>\n\n\n\n<p><strong>Hur \u00e4r du som k\u00f6rledare?<\/strong><\/p>\n\n\n\n<p>\u2013 Jag \u00e4r s\u00e5ngpedagog och det kommer s\u00e5klart att influera mitt s\u00e4tt att leda k\u00f6rerna. Vad g\u00e4ller musikstilar s\u00e5 \u00e4r jag all\u00e4tare, och kommer att servera varierad musik till k\u00f6rerna ocks\u00e5. Vi kommer att sjunga allt fr\u00e5n pop och rock till jazz, klassiskt, folkmusik och visa.&nbsp;<\/p>\n\n\n\n<p>\u2013 Musik och rytm \u00e4r en del av m\u00e4nniskans existens, ett extra spr\u00e5k. D\u00e4r ryms s\u00e5 mycket. Gl\u00e4dje och sorg, vrede, k\u00e4rlek, l\u00e4ngtan, saknad, nonsens och allvar. Allt ryms. Jag hoppas att det \u00e4r gl\u00e4dje som f\u00e5r pr\u00e4gla k\u00f6rerna. Gl\u00e4dje \u00f6ver gemenskapen och att f\u00e5 sjunga tillsammans om stort och sm\u00e5tt. Gemenskapen \u00e4r viktig. Visst kan man musicera p\u00e5 egen hand, men det h\u00e4nder n\u00e5got n\u00e4r vi g\u00f6r det tillsammans. Man \u00e4r beroende av varandra och f\u00e5r b\u00e5de st\u00f6tta och lyssna. I en k\u00f6r, n\u00e4r man sjunger tillsammans, viskar och ropar man tillsammans och andas tillsammans. Ibland kan det bli en helt otrolig upplevelse.&nbsp;<\/p>\n\n\n\n<p>\u2013 Jag ser fram emot en nystart och hoppas att det \u00e4r m\u00e5nga med mig som l\u00e4ngtar efter att f\u00e5 tr\u00e4ffas och sjunga.\u00a0<\/p>\n\n\n\n<p><\/p>\n\n\n\n<p>&#8230;&#8230;&#8230;&#8230;&#8230;&#8230;<\/p>\n\n\n\n<p>Texten publicerades f\u00f6rsta g\u00e5ngen i Insikten nummer 3 2021.<\/p>\n\n\n\n<p>L\u00e4s mer om att sjunga i k\u00f6r i Floby pastorat p\u00e5 <a rel=\"noreferrer noopener\" href=\"https:\/\/www.svenskakyrkan.se\/floby\/korer-i-floby-pastorat\" target=\"_blank\">www.svenskakyrkan.se\/floby\/korer-i-floby-pastorat<\/a><\/p>\n","protected":false},"excerpt":{"rendered":"<p>&#8230; Jenny Nilsson!&nbsp; Du \u00e4r en av musikerna i Floby pastorat och nu planerar ni f\u00f6r att starta upp k\u00f6rerna under h\u00f6sten. \u2013 Ja, jag \u00e4r anst\u00e4lld som musikpedagog med lite extra ansvar f\u00f6r flera av k\u00f6rerna. Jag \u00e4r ocks\u00e5 en av oss som h\u00e4nger med konfirmanderna varje vecka. \u2013 Jag och min familj flyttade [&hellip;]<\/p>\n","protected":false},"author":250,"featured_media":108,"comment_status":"open","ping_status":"open","sticky":false,"template":"","format":"standard","meta":{"_acf_changed":false,"footnotes":""},"categories":[11,1],"tags":[],"class_list":["post-107","post","type-post","status-publish","format-standard","has-post-thumbnail","hentry","category-musik","category-okategoriserade"],"acf":[],"yoast_head":"<!-- This site is optimized with the Yoast SEO plugin v27.1.1 - https:\/\/yoast.com\/product\/yoast-seo-wordpress\/ -->\n<title>Hall\u00e5 d\u00e4r, Jenny Nilsson! - Insikten - Floby pastorat<\/title>\n<meta name=\"robots\" content=\"index, follow, max-snippet:-1, max-image-preview:large, max-video-preview:-1\" \/>\n<link rel=\"canonical\" href=\"https:\/\/blogg.svenskakyrkan.se\/insikten\/2021\/08\/17\/halla-dar-jenny-nilsson\/\" \/>\n<meta property=\"og:locale\" content=\"sv_SE\" \/>\n<meta property=\"og:type\" content=\"article\" \/>\n<meta property=\"og:title\" content=\"Hall\u00e5 d\u00e4r, Jenny Nilsson! - Insikten - Floby pastorat\" \/>\n<meta property=\"og:description\" content=\"&#8230; Jenny Nilsson!&nbsp; Du \u00e4r en av musikerna i Floby pastorat och nu planerar ni f\u00f6r att starta upp k\u00f6rerna under h\u00f6sten. \u2013 Ja, jag \u00e4r anst\u00e4lld som musikpedagog med lite extra ansvar f\u00f6r flera av k\u00f6rerna. Jag \u00e4r ocks\u00e5 en av oss som h\u00e4nger med konfirmanderna varje vecka. \u2013 Jag och min familj flyttade [&hellip;]\" \/>\n<meta property=\"og:url\" content=\"https:\/\/blogg.svenskakyrkan.se\/insikten\/2021\/08\/17\/halla-dar-jenny-nilsson\/\" \/>\n<meta property=\"og:site_name\" content=\"Insikten - Floby pastorat\" \/>\n<meta property=\"article:published_time\" content=\"2021-08-17T13:32:10+00:00\" \/>\n<meta property=\"article:modified_time\" content=\"2021-08-17T13:36:57+00:00\" \/>\n<meta property=\"og:image\" content=\"https:\/\/blogg.svenskakyrkan.se\/insikten\/files\/2021\/08\/IMG_7431-scaled.jpg\" \/>\n\t<meta property=\"og:image:width\" content=\"1707\" \/>\n\t<meta property=\"og:image:height\" content=\"2560\" \/>\n\t<meta property=\"og:image:type\" content=\"image\/jpeg\" \/>\n<meta name=\"author\" content=\"Floby pastorat\" \/>\n<meta name=\"twitter:card\" content=\"summary_large_image\" \/>\n<meta name=\"twitter:label1\" content=\"Skriven av\" \/>\n\t<meta name=\"twitter:data1\" content=\"Floby pastorat\" \/>\n\t<meta name=\"twitter:label2\" content=\"Ber\u00e4knad l\u00e4stid\" \/>\n\t<meta name=\"twitter:data2\" content=\"3 minuter\" \/>\n<script type=\"application\/ld+json\" class=\"yoast-schema-graph\">{\"@context\":\"https:\/\/schema.org\",\"@graph\":[{\"@type\":\"Article\",\"@id\":\"https:\/\/blogg.svenskakyrkan.se\/insikten\/2021\/08\/17\/halla-dar-jenny-nilsson\/#article\",\"isPartOf\":{\"@id\":\"https:\/\/blogg.svenskakyrkan.se\/insikten\/2021\/08\/17\/halla-dar-jenny-nilsson\/\"},\"author\":{\"name\":\"Floby pastorat\",\"@id\":\"https:\/\/blogg.svenskakyrkan.se\/insikten\/#\/schema\/person\/5081f68a0318ddb64c879f7bc416ce8c\"},\"headline\":\"Hall\u00e5 d\u00e4r, Jenny Nilsson!\",\"datePublished\":\"2021-08-17T13:32:10+00:00\",\"dateModified\":\"2021-08-17T13:36:57+00:00\",\"mainEntityOfPage\":{\"@id\":\"https:\/\/blogg.svenskakyrkan.se\/insikten\/2021\/08\/17\/halla-dar-jenny-nilsson\/\"},\"wordCount\":557,\"commentCount\":0,\"image\":{\"@id\":\"https:\/\/blogg.svenskakyrkan.se\/insikten\/2021\/08\/17\/halla-dar-jenny-nilsson\/#primaryimage\"},\"thumbnailUrl\":\"https:\/\/blogg.svenskakyrkan.se\/insikten\/files\/2021\/08\/IMG_7431-scaled.jpg\",\"articleSection\":[\"Musik\"],\"inLanguage\":\"sv-SE\",\"potentialAction\":[{\"@type\":\"CommentAction\",\"name\":\"Comment\",\"target\":[\"https:\/\/blogg.svenskakyrkan.se\/insikten\/2021\/08\/17\/halla-dar-jenny-nilsson\/#respond\"]}]},{\"@type\":\"WebPage\",\"@id\":\"https:\/\/blogg.svenskakyrkan.se\/insikten\/2021\/08\/17\/halla-dar-jenny-nilsson\/\",\"url\":\"https:\/\/blogg.svenskakyrkan.se\/insikten\/2021\/08\/17\/halla-dar-jenny-nilsson\/\",\"name\":\"Hall\u00e5 d\u00e4r, Jenny Nilsson! - Insikten - Floby pastorat\",\"isPartOf\":{\"@id\":\"https:\/\/blogg.svenskakyrkan.se\/insikten\/#website\"},\"primaryImageOfPage\":{\"@id\":\"https:\/\/blogg.svenskakyrkan.se\/insikten\/2021\/08\/17\/halla-dar-jenny-nilsson\/#primaryimage\"},\"image\":{\"@id\":\"https:\/\/blogg.svenskakyrkan.se\/insikten\/2021\/08\/17\/halla-dar-jenny-nilsson\/#primaryimage\"},\"thumbnailUrl\":\"https:\/\/blogg.svenskakyrkan.se\/insikten\/files\/2021\/08\/IMG_7431-scaled.jpg\",\"datePublished\":\"2021-08-17T13:32:10+00:00\",\"dateModified\":\"2021-08-17T13:36:57+00:00\",\"author\":{\"@id\":\"https:\/\/blogg.svenskakyrkan.se\/insikten\/#\/schema\/person\/5081f68a0318ddb64c879f7bc416ce8c\"},\"breadcrumb\":{\"@id\":\"https:\/\/blogg.svenskakyrkan.se\/insikten\/2021\/08\/17\/halla-dar-jenny-nilsson\/#breadcrumb\"},\"inLanguage\":\"sv-SE\",\"potentialAction\":[{\"@type\":\"ReadAction\",\"target\":[\"https:\/\/blogg.svenskakyrkan.se\/insikten\/2021\/08\/17\/halla-dar-jenny-nilsson\/\"]}]},{\"@type\":\"ImageObject\",\"inLanguage\":\"sv-SE\",\"@id\":\"https:\/\/blogg.svenskakyrkan.se\/insikten\/2021\/08\/17\/halla-dar-jenny-nilsson\/#primaryimage\",\"url\":\"https:\/\/blogg.svenskakyrkan.se\/insikten\/files\/2021\/08\/IMG_7431-scaled.jpg\",\"contentUrl\":\"https:\/\/blogg.svenskakyrkan.se\/insikten\/files\/2021\/08\/IMG_7431-scaled.jpg\",\"width\":1707,\"height\":2560},{\"@type\":\"BreadcrumbList\",\"@id\":\"https:\/\/blogg.svenskakyrkan.se\/insikten\/2021\/08\/17\/halla-dar-jenny-nilsson\/#breadcrumb\",\"itemListElement\":[{\"@type\":\"ListItem\",\"position\":1,\"name\":\"Hem\",\"item\":\"https:\/\/blogg.svenskakyrkan.se\/insikten\/\"},{\"@type\":\"ListItem\",\"position\":2,\"name\":\"Hall\u00e5 d\u00e4r, Jenny Nilsson!\"}]},{\"@type\":\"WebSite\",\"@id\":\"https:\/\/blogg.svenskakyrkan.se\/insikten\/#website\",\"url\":\"https:\/\/blogg.svenskakyrkan.se\/insikten\/\",\"name\":\"Insikten - Floby pastorat\",\"description\":\"Insikter, utsikter och emellan\u00e5t \u00e4ven \u00e5sikter fr\u00e5n Floby pastorat i Skara stift.\",\"potentialAction\":[{\"@type\":\"SearchAction\",\"target\":{\"@type\":\"EntryPoint\",\"urlTemplate\":\"https:\/\/blogg.svenskakyrkan.se\/insikten\/?s={search_term_string}\"},\"query-input\":{\"@type\":\"PropertyValueSpecification\",\"valueRequired\":true,\"valueName\":\"search_term_string\"}}],\"inLanguage\":\"sv-SE\"},{\"@type\":\"Person\",\"@id\":\"https:\/\/blogg.svenskakyrkan.se\/insikten\/#\/schema\/person\/5081f68a0318ddb64c879f7bc416ce8c\",\"name\":\"Floby pastorat\",\"image\":{\"@type\":\"ImageObject\",\"inLanguage\":\"sv-SE\",\"@id\":\"https:\/\/blogg.svenskakyrkan.se\/insikten\/#\/schema\/person\/image\/\",\"url\":\"https:\/\/secure.gravatar.com\/avatar\/c63a9fd4196da95cea4408b67893dbdb9ec52ef568ee59a4578ad766986bebcd?s=96&d=mm&r=g\",\"contentUrl\":\"https:\/\/secure.gravatar.com\/avatar\/c63a9fd4196da95cea4408b67893dbdb9ec52ef568ee59a4578ad766986bebcd?s=96&d=mm&r=g\",\"caption\":\"Floby pastorat\"},\"url\":\"https:\/\/blogg.svenskakyrkan.se\/insikten\/author\/helenataubner\/\"}]}<\/script>\n<!-- \/ Yoast SEO plugin. -->","yoast_head_json":{"title":"Hall\u00e5 d\u00e4r, Jenny Nilsson! - Insikten - Floby pastorat","robots":{"index":"index","follow":"follow","max-snippet":"max-snippet:-1","max-image-preview":"max-image-preview:large","max-video-preview":"max-video-preview:-1"},"canonical":"https:\/\/blogg.svenskakyrkan.se\/insikten\/2021\/08\/17\/halla-dar-jenny-nilsson\/","og_locale":"sv_SE","og_type":"article","og_title":"Hall\u00e5 d\u00e4r, Jenny Nilsson! - Insikten - Floby pastorat","og_description":"&#8230; Jenny Nilsson!&nbsp; Du \u00e4r en av musikerna i Floby pastorat och nu planerar ni f\u00f6r att starta upp k\u00f6rerna under h\u00f6sten. \u2013 Ja, jag \u00e4r anst\u00e4lld som musikpedagog med lite extra ansvar f\u00f6r flera av k\u00f6rerna. Jag \u00e4r ocks\u00e5 en av oss som h\u00e4nger med konfirmanderna varje vecka. \u2013 Jag och min familj flyttade [&hellip;]","og_url":"https:\/\/blogg.svenskakyrkan.se\/insikten\/2021\/08\/17\/halla-dar-jenny-nilsson\/","og_site_name":"Insikten - Floby pastorat","article_published_time":"2021-08-17T13:32:10+00:00","article_modified_time":"2021-08-17T13:36:57+00:00","og_image":[{"width":1707,"height":2560,"url":"https:\/\/blogg.svenskakyrkan.se\/insikten\/files\/2021\/08\/IMG_7431-scaled.jpg","type":"image\/jpeg"}],"author":"Floby pastorat","twitter_card":"summary_large_image","twitter_misc":{"Skriven av":"Floby pastorat","Ber\u00e4knad l\u00e4stid":"3 minuter"},"schema":{"@context":"https:\/\/schema.org","@graph":[{"@type":"Article","@id":"https:\/\/blogg.svenskakyrkan.se\/insikten\/2021\/08\/17\/halla-dar-jenny-nilsson\/#article","isPartOf":{"@id":"https:\/\/blogg.svenskakyrkan.se\/insikten\/2021\/08\/17\/halla-dar-jenny-nilsson\/"},"author":{"name":"Floby pastorat","@id":"https:\/\/blogg.svenskakyrkan.se\/insikten\/#\/schema\/person\/5081f68a0318ddb64c879f7bc416ce8c"},"headline":"Hall\u00e5 d\u00e4r, Jenny Nilsson!","datePublished":"2021-08-17T13:32:10+00:00","dateModified":"2021-08-17T13:36:57+00:00","mainEntityOfPage":{"@id":"https:\/\/blogg.svenskakyrkan.se\/insikten\/2021\/08\/17\/halla-dar-jenny-nilsson\/"},"wordCount":557,"commentCount":0,"image":{"@id":"https:\/\/blogg.svenskakyrkan.se\/insikten\/2021\/08\/17\/halla-dar-jenny-nilsson\/#primaryimage"},"thumbnailUrl":"https:\/\/blogg.svenskakyrkan.se\/insikten\/files\/2021\/08\/IMG_7431-scaled.jpg","articleSection":["Musik"],"inLanguage":"sv-SE","potentialAction":[{"@type":"CommentAction","name":"Comment","target":["https:\/\/blogg.svenskakyrkan.se\/insikten\/2021\/08\/17\/halla-dar-jenny-nilsson\/#respond"]}]},{"@type":"WebPage","@id":"https:\/\/blogg.svenskakyrkan.se\/insikten\/2021\/08\/17\/halla-dar-jenny-nilsson\/","url":"https:\/\/blogg.svenskakyrkan.se\/insikten\/2021\/08\/17\/halla-dar-jenny-nilsson\/","name":"Hall\u00e5 d\u00e4r, Jenny Nilsson! - Insikten - Floby pastorat","isPartOf":{"@id":"https:\/\/blogg.svenskakyrkan.se\/insikten\/#website"},"primaryImageOfPage":{"@id":"https:\/\/blogg.svenskakyrkan.se\/insikten\/2021\/08\/17\/halla-dar-jenny-nilsson\/#primaryimage"},"image":{"@id":"https:\/\/blogg.svenskakyrkan.se\/insikten\/2021\/08\/17\/halla-dar-jenny-nilsson\/#primaryimage"},"thumbnailUrl":"https:\/\/blogg.svenskakyrkan.se\/insikten\/files\/2021\/08\/IMG_7431-scaled.jpg","datePublished":"2021-08-17T13:32:10+00:00","dateModified":"2021-08-17T13:36:57+00:00","author":{"@id":"https:\/\/blogg.svenskakyrkan.se\/insikten\/#\/schema\/person\/5081f68a0318ddb64c879f7bc416ce8c"},"breadcrumb":{"@id":"https:\/\/blogg.svenskakyrkan.se\/insikten\/2021\/08\/17\/halla-dar-jenny-nilsson\/#breadcrumb"},"inLanguage":"sv-SE","potentialAction":[{"@type":"ReadAction","target":["https:\/\/blogg.svenskakyrkan.se\/insikten\/2021\/08\/17\/halla-dar-jenny-nilsson\/"]}]},{"@type":"ImageObject","inLanguage":"sv-SE","@id":"https:\/\/blogg.svenskakyrkan.se\/insikten\/2021\/08\/17\/halla-dar-jenny-nilsson\/#primaryimage","url":"https:\/\/blogg.svenskakyrkan.se\/insikten\/files\/2021\/08\/IMG_7431-scaled.jpg","contentUrl":"https:\/\/blogg.svenskakyrkan.se\/insikten\/files\/2021\/08\/IMG_7431-scaled.jpg","width":1707,"height":2560},{"@type":"BreadcrumbList","@id":"https:\/\/blogg.svenskakyrkan.se\/insikten\/2021\/08\/17\/halla-dar-jenny-nilsson\/#breadcrumb","itemListElement":[{"@type":"ListItem","position":1,"name":"Hem","item":"https:\/\/blogg.svenskakyrkan.se\/insikten\/"},{"@type":"ListItem","position":2,"name":"Hall\u00e5 d\u00e4r, Jenny Nilsson!"}]},{"@type":"WebSite","@id":"https:\/\/blogg.svenskakyrkan.se\/insikten\/#website","url":"https:\/\/blogg.svenskakyrkan.se\/insikten\/","name":"Insikten - Floby pastorat","description":"Insikter, utsikter och emellan\u00e5t \u00e4ven \u00e5sikter fr\u00e5n Floby pastorat i Skara stift.","potentialAction":[{"@type":"SearchAction","target":{"@type":"EntryPoint","urlTemplate":"https:\/\/blogg.svenskakyrkan.se\/insikten\/?s={search_term_string}"},"query-input":{"@type":"PropertyValueSpecification","valueRequired":true,"valueName":"search_term_string"}}],"inLanguage":"sv-SE"},{"@type":"Person","@id":"https:\/\/blogg.svenskakyrkan.se\/insikten\/#\/schema\/person\/5081f68a0318ddb64c879f7bc416ce8c","name":"Floby pastorat","image":{"@type":"ImageObject","inLanguage":"sv-SE","@id":"https:\/\/blogg.svenskakyrkan.se\/insikten\/#\/schema\/person\/image\/","url":"https:\/\/secure.gravatar.com\/avatar\/c63a9fd4196da95cea4408b67893dbdb9ec52ef568ee59a4578ad766986bebcd?s=96&d=mm&r=g","contentUrl":"https:\/\/secure.gravatar.com\/avatar\/c63a9fd4196da95cea4408b67893dbdb9ec52ef568ee59a4578ad766986bebcd?s=96&d=mm&r=g","caption":"Floby pastorat"},"url":"https:\/\/blogg.svenskakyrkan.se\/insikten\/author\/helenataubner\/"}]}},"author_meta":{"ID":"250","user_nicename":"helenataubner","user_registered":"2013-01-15 08:36:14","display_name":"Floby pastorat","avatar":"https:\/\/secure.gravatar.com\/avatar\/c63a9fd4196da95cea4408b67893dbdb9ec52ef568ee59a4578ad766986bebcd?s=96&d=mm&r=g"},"featured_image":["https:\/\/blogg.svenskakyrkan.se\/insikten\/files\/2021\/08\/IMG_7431-683x1024.jpg",683,1024,true],"bloginfo":{"name":"Insikten - Floby pastorat","url":"https:\/\/blogg.svenskakyrkan.se\/insikten"},"_links":{"self":[{"href":"https:\/\/blogg.svenskakyrkan.se\/insikten\/wp-json\/wp\/v2\/posts\/107","targetHints":{"allow":["GET"]}}],"collection":[{"href":"https:\/\/blogg.svenskakyrkan.se\/insikten\/wp-json\/wp\/v2\/posts"}],"about":[{"href":"https:\/\/blogg.svenskakyrkan.se\/insikten\/wp-json\/wp\/v2\/types\/post"}],"author":[{"embeddable":true,"href":"https:\/\/blogg.svenskakyrkan.se\/insikten\/wp-json\/wp\/v2\/users\/250"}],"replies":[{"embeddable":true,"href":"https:\/\/blogg.svenskakyrkan.se\/insikten\/wp-json\/wp\/v2\/comments?post=107"}],"version-history":[{"count":4,"href":"https:\/\/blogg.svenskakyrkan.se\/insikten\/wp-json\/wp\/v2\/posts\/107\/revisions"}],"predecessor-version":[{"id":116,"href":"https:\/\/blogg.svenskakyrkan.se\/insikten\/wp-json\/wp\/v2\/posts\/107\/revisions\/116"}],"wp:featuredmedia":[{"embeddable":true,"href":"https:\/\/blogg.svenskakyrkan.se\/insikten\/wp-json\/wp\/v2\/media\/108"}],"wp:attachment":[{"href":"https:\/\/blogg.svenskakyrkan.se\/insikten\/wp-json\/wp\/v2\/media?parent=107"}],"wp:term":[{"taxonomy":"category","embeddable":true,"href":"https:\/\/blogg.svenskakyrkan.se\/insikten\/wp-json\/wp\/v2\/categories?post=107"},{"taxonomy":"post_tag","embeddable":true,"href":"https:\/\/blogg.svenskakyrkan.se\/insikten\/wp-json\/wp\/v2\/tags?post=107"}],"curies":[{"name":"wp","href":"https:\/\/api.w.org\/{rel}","templated":true}]}}