{"id":111,"date":"2021-08-17T15:34:56","date_gmt":"2021-08-17T13:34:56","guid":{"rendered":"https:\/\/blogg.svenskakyrkan.se\/insikten\/?p=111"},"modified":"2021-08-17T15:34:56","modified_gmt":"2021-08-17T13:34:56","slug":"trettio-ar-av-tacksamhet","status":"publish","type":"post","link":"https:\/\/blogg.svenskakyrkan.se\/insikten\/2021\/08\/17\/trettio-ar-av-tacksamhet\/","title":{"rendered":"Trettio \u00e5r av tacksamhet"},"content":{"rendered":"\n\n\n<figure class=\"wp-block-image size-large is-style-default\"><img loading=\"lazy\" decoding=\"async\" width=\"1024\" height=\"683\" src=\"https:\/\/blogg.svenskakyrkan.se\/insikten\/files\/2021\/08\/IMG_3475_Anita-portrNtt-4-1024x683.jpg\" alt=\"\" class=\"wp-image-112\" srcset=\"https:\/\/blogg.svenskakyrkan.se\/insikten\/files\/2021\/08\/IMG_3475_Anita-portrNtt-4-1024x683.jpg 1024w, https:\/\/blogg.svenskakyrkan.se\/insikten\/files\/2021\/08\/IMG_3475_Anita-portrNtt-4-300x200.jpg 300w, https:\/\/blogg.svenskakyrkan.se\/insikten\/files\/2021\/08\/IMG_3475_Anita-portrNtt-4-768x512.jpg 768w, https:\/\/blogg.svenskakyrkan.se\/insikten\/files\/2021\/08\/IMG_3475_Anita-portrNtt-4-1536x1024.jpg 1536w, https:\/\/blogg.svenskakyrkan.se\/insikten\/files\/2021\/08\/IMG_3475_Anita-portrNtt-4-2048x1365.jpg 2048w, https:\/\/blogg.svenskakyrkan.se\/insikten\/files\/2021\/08\/IMG_3475_Anita-portrNtt-4-1200x800.jpg 1200w\" sizes=\"auto, (max-width: 1024px) 100vw, 1024px\" \/><figcaption>\u2013 Ett liv \u00e4r ju mest vardagar. Jag har trivts v\u00e4ldigt bra med min vardag som pr\u00e4st h\u00e4r i Floby pastorat, s\u00e4ger Anita Karl\u00e9n.<br><\/figcaption><\/figure>\n\n\n\n<p>Anita Karl\u00e9n har arbetat som pr\u00e4st i just den kyrkan i 30 \u00e5r, och nu \u00e4r det dags att g\u00e5 i pension. Det var ingen slump att hon avtackades just p\u00e5 Midsommardagen.\u00a0<\/p>\n\n\n\n<p>\u2013 Jag ville att avtackningen skulle vara p\u00e5 Midsommardagen, eftersom min f\u00f6rsta tj\u00e4nstg\u00f6ring efter pr\u00e4stvigningen var just p\u00e5 Midsommardagen 1992, s\u00e4ger hon.&nbsp;<\/p>\n\n\n\n<p>Redan innan hon vigdes till pr\u00e4st tj\u00e4nstgjorde Anita i Floby. Hon sommarjobbade h\u00e4r, som s\u00e5 kallat tj\u00e4nstebitr\u00e4de, under pr\u00e4stutbildningens sista \u00e5r vilket g\u00f6r att hon nu kan r\u00e4kna ihop inte mindre \u00e4n 30 \u00e5r i Floby.\u00a0<\/p>\n\n\n\n<blockquote class=\"wp-block-quote is-layout-flow wp-block-quote-is-layout-flow\"><p>\u2013 Relationerna har djupnat med tiden.<\/p><\/blockquote>\n\n\n\n<p>Anita Karl\u00e9n \u00e4r ett v\u00e4lk\u00e4nt ansikte inom Floby pastorat. Hon har hunnit med att m\u00f6ta en stor m\u00e4ngd f\u00f6rsamlingsbor fr\u00e5n flera generationer. N\u00e4r hon nu summerar sina tre decennier som pr\u00e4st p\u00e5 samma plats \u00e4r det fr\u00e4mst alla dessa m\u00f6ten hon lyfter fram.&nbsp;<\/p>\n\n\n\n<p>\u2013 Relationerna har djupnat med tiden, konstaterar hon. De f\u00f6rsta konfirmanderna jag arbetade med \u00e4r nu 43 \u00e5r! Vissa av dem har jag fortfarande kontakt med. Jag har f\u00e5tt d\u00f6pa deras barn och f\u00f6rr\u00e4tta deras vigslar. Och n\u00e4r sorgen har m\u00f6tt dem har jag f\u00e5tt finnas d\u00e4r.<\/p>\n\n\n\n<p>N\u00e4r Anita tilltr\u00e4dde som pr\u00e4st i Floby var hon den f\u00f6rsta kvinnan i pr\u00e4sttj\u00e4nst i pastoratet. Det hade funnits n\u00e5gon kvinnlig pr\u00e4st i Stenstorps pastorat, men i Falk\u00f6ping dr\u00f6jde det \u00e4nnu lite l\u00e4ngre. Tillsammans med n\u00e5gra andra grundade Anita ett forum f\u00f6r pr\u00e4stvigda kvinnor i Skara stift, och hon har f\u00e5tt f\u00f6lja utvecklingen mot att det nu \u00e4r en sj\u00e4lvklarhet att Svenska kyrkan har pr\u00e4ster av olika k\u00f6n.<\/p>\n\n\n\n<p>\u2013 B\u00e5de m\u00e4n och kvinnor beh\u00f6vs som pr\u00e4ster, betonar Anita. N\u00e4r biskop Erik<br>utn\u00e4mnde mig till kontraktsprost \u00e5r 2010 var det en markering fr\u00e5n hans sida. Han lyfte fram en kvinna som inte var kyrkoherde, vilket var ovanligt. Nu beh\u00f6ver vi inte l\u00e4ngre diskutera fr\u00e5gan om kvinnors m\u00f6jligheter att pr\u00e4stvigas, f\u00f6r vi har kommit l\u00e5ngt. Allt har sin tid.&nbsp;<\/p>\n\n\n\n<p><strong>Minnen av stort och sm\u00e5tt<\/strong><\/p>\n\n\n\n<p>Anita minns s\u00e5v\u00e4l stora som sm\u00e5 h\u00e4ndelser genom sitt arbetsliv som pr\u00e4st. Bland de stora m\u00e4rks exempelvis hur hon arbetade tillsammans med skolan efter tsunamin i december 2004.<\/p>\n\n\n\n<p>\u2013 Att f\u00e5 arbeta med krishantering n\u00e4r n\u00e5got of\u00f6rutsett h\u00e4nder \u00e4r en viktig del av kyrkans roll, inte minst p\u00e5 landsbygden. Kyrkan \u00e4r en sj\u00e4lvklar del av samh\u00e4llet h\u00e4r. Det m\u00e4rks att m\u00e4nniskor r\u00e4knar med kyrkan och det \u00e4r ett f\u00f6rtroende att f\u00f6rvalta.&nbsp;<\/p>\n\n\n\n<p>Att kyrkan bidrar i andra sammanhang \u00e4r en framtidsfr\u00e5ga, menar Anita. Hon betonar att kyrkans anst\u00e4llda och ideella medarbetare inte m\u00e5ste g\u00f6ra allt sj\u00e4lva, utan kan samverka med andra organisationer f\u00f6r att vara en relevant del av samh\u00e4llet.&nbsp;<\/p>\n\n\n\n<p>Ett s\u00e5dant exempel \u00e4r \u201dVeckans caf\u00e9\u201d som v\u00e4xte fram som en m\u00f6tesplats f\u00f6r personer som nyligen har kommit till Sverige och personer som har funnits h\u00e4r l\u00e4ngre. Anita brinner f\u00f6r fr\u00e5gor om religionsfrihet och m\u00e4nskliga r\u00e4ttigheter, och betonar det viktiga i att skapa m\u00f6tesplatser f\u00f6r m\u00e4nniskor med olika religi\u00f6s tillh\u00f6righet.&nbsp;<\/p>\n\n\n\n<p>Bland de mindre uppm\u00e4rksammade h\u00e4ndelserna minns Anita sin f\u00f6rsta vigsel. Bara n\u00e5gon vecka efter att hon b\u00f6rjat arbeta som pr\u00e4st bokades en vigsel. Den skulle h\u00e5llas p\u00e5 en \u00f6 och vara en \u00f6verraskning f\u00f6r g\u00e4sterna. Det blev en fin vigsel, men n\u00e4r Anita skulle transporteras tillbaka till fastlandet hade b\u00e5ten g\u00e5tt s\u00f6nder.&nbsp;<\/p>\n\n\n\n<p>\u2013 Vi blev sittande p\u00e5 \u00f6n ganska l\u00e4nge, skrattar hon. Brudgummen sj\u00e4lv fick \u00e5ka och h\u00e4mta en annan b\u00e5t s\u00e5 att vi till sist kom iland.&nbsp;<\/p>\n\n\n\n<p>Anita har ett stort hj\u00e4rta f\u00f6r m\u00e4nniskor som beh\u00f6ver st\u00f6d. D\u00e4rf\u00f6r \u00e4r hon s\u00e4rskilt stolt \u00f6ver de sammanhang som har f\u00e5tt betyda n\u00e5got p\u00e5 djupet. Hon lyfter fram de s\u00e5 kallade Leva vidare-grupperna, d\u00e4r m\u00e4nniskor som drabbats av sorg samlas f\u00f6r att dela erfarenheter och st\u00f6tta varandra.&nbsp;<\/p>\n\n\n\n<p>\u2013 Jag var lite fundersam p\u00e5 om det skulle fungera med grupper f\u00f6r sorgbearbetning i en bygd d\u00e4r s\u00e5 m\u00e5nga k\u00e4nner varandra. Kanske skulle deltagarna inte v\u00e5ga \u00f6ppna sig? Men det blev j\u00e4ttefina samtal, s\u00e5 min oro var obefogad.&nbsp;<\/p>\n\n\n\n<p>P\u00e5 samma s\u00e4tt gick tankarna n\u00e4r Anita tillsammans med n\u00e5gra andra startade upp julaftonsfirande i Kyrkans hus i Floby.&nbsp;<\/p>\n\n\n\n<p>\u2013 Skulle det komma n\u00e5gon och fira jul med oss? Men det kom \u00f6ver 30 personer! Det blev en fin tradition att fira jul tillsammans, och min man Mats fick f\u00f6lja med dit ist\u00e4llet f\u00f6r att vi firade hemma.&nbsp;<\/p>\n\n\n\n<p>N\u00e4r Anita nu summerar sitt arbetsliv som pr\u00e4st \u00e4r det fr\u00e4mst tacksamhet hon k\u00e4nner. Hon uttrycker tacksamhet \u00f6ver alla relationer och \u00f6ver att ha f\u00e5tt vara en del av m\u00e4nniskors liv.&nbsp;<\/p>\n\n\n\n<p>\u2013 Ett liv \u00e4r ju mest vardagar, och jag har trivts v\u00e4ldigt bra med min vardag som pr\u00e4st h\u00e4r. Samtidigt har ju min vardag m\u00f6tt andra m\u00e4nniskors h\u00f6gtider, b\u00e5de i gl\u00e4dje och sorg. Det finns ett ansvar i att dela m\u00e4nniskors stora h\u00e4ndelser i livet. Man d\u00f6per bara sitt barn en g\u00e5ng. Man tar bara avsked av en familjemedlem en g\u00e5ng. Det \u00e4r stort att f\u00e5 vara med om de stunderna.&nbsp;<\/p>\n\n\n\n<p><strong>Tar vara p\u00e5 varje dag<\/strong><\/p>\n\n\n\n<p>Den n\u00e4rmaste framtiden t\u00e4nker Anita \u00e4gna \u00e5t att ta vara p\u00e5 varje dag. Hon har ett stort intresse f\u00f6r akvarellm\u00e5lning, och hon ser fram emot att f\u00e5 tillf\u00e4lle att m\u00e5la mer. Hon vill ocks\u00e5 prioritera att umg\u00e5s med familjen, vilket ocks\u00e5 m\u00f6jligg\u00f6rs av att \u00e4ven hennes man Mats nu g\u00e5r i pension.<\/p>\n\n\n\n<p>\u2013 Att f\u00e5 vara en viktig vuxen f\u00f6r syskonbarnbarnen k\u00e4nns betydelsefullt, s\u00e4ger hon. Nu kan de komma hit till oss n\u00e4r andan faller p\u00e5!<\/p>\n\n\n\n<p>Som en h\u00e4lsning till dig som bor i pastoratet vill Anita skicka med ett bibelord. Det fanns med p\u00e5 hennes avtackning, och det betyder mycket f\u00f6r henne. Det \u00e4r h\u00e4mtat ur Johannesevangeliet (1:4-5) och lyder: \u201dI Ordet var liv, och livet var m\u00e4nniskornas ljus. Och ljuset lyser i m\u00f6rkret, och m\u00f6rkret har inte \u00f6vervunnit det\u201d.<\/p>\n\n\n\n<p><\/p>\n\n\n\n<p>&#8230;&#8230;&#8230;&#8230;&#8230;&#8230;&#8230;&#8230;&#8230;.<\/p>\n\n\n\n<p>Texten publicerades f\u00f6rsta g\u00e5ngen i Insikten nummer 3 2021.<\/p>\n","protected":false},"excerpt":{"rendered":"<p>Anita Karl\u00e9n har arbetat som pr\u00e4st i just den kyrkan i 30 \u00e5r, och nu \u00e4r det dags att g\u00e5 i pension. Det var ingen slump att hon avtackades just p\u00e5 Midsommardagen.\u00a0 \u2013 Jag ville att avtackningen skulle vara p\u00e5 Midsommardagen, eftersom min f\u00f6rsta tj\u00e4nstg\u00f6ring efter pr\u00e4stvigningen var just p\u00e5 Midsommardagen 1992, s\u00e4ger hon.&nbsp; Redan [&hellip;]<\/p>\n","protected":false},"author":250,"featured_media":112,"comment_status":"open","ping_status":"open","sticky":false,"template":"","format":"standard","meta":{"_acf_changed":false,"footnotes":""},"categories":[7],"tags":[],"class_list":["post-111","post","type-post","status-publish","format-standard","has-post-thumbnail","hentry","category-engagemang"],"acf":[],"yoast_head":"<!-- This site is optimized with the Yoast SEO plugin v27.1.1 - https:\/\/yoast.com\/product\/yoast-seo-wordpress\/ -->\n<title>Trettio \u00e5r av tacksamhet - Insikten - Floby pastorat<\/title>\n<meta name=\"robots\" content=\"index, follow, max-snippet:-1, max-image-preview:large, max-video-preview:-1\" \/>\n<link rel=\"canonical\" href=\"https:\/\/blogg.svenskakyrkan.se\/insikten\/2021\/08\/17\/trettio-ar-av-tacksamhet\/\" \/>\n<meta property=\"og:locale\" content=\"sv_SE\" \/>\n<meta property=\"og:type\" content=\"article\" \/>\n<meta property=\"og:title\" content=\"Trettio \u00e5r av tacksamhet - Insikten - Floby pastorat\" \/>\n<meta property=\"og:description\" content=\"Anita Karl\u00e9n har arbetat som pr\u00e4st i just den kyrkan i 30 \u00e5r, och nu \u00e4r det dags att g\u00e5 i pension. Det var ingen slump att hon avtackades just p\u00e5 Midsommardagen.\u00a0 \u2013 Jag ville att avtackningen skulle vara p\u00e5 Midsommardagen, eftersom min f\u00f6rsta tj\u00e4nstg\u00f6ring efter pr\u00e4stvigningen var just p\u00e5 Midsommardagen 1992, s\u00e4ger hon.&nbsp; Redan [&hellip;]\" \/>\n<meta property=\"og:url\" content=\"https:\/\/blogg.svenskakyrkan.se\/insikten\/2021\/08\/17\/trettio-ar-av-tacksamhet\/\" \/>\n<meta property=\"og:site_name\" content=\"Insikten - Floby pastorat\" \/>\n<meta property=\"article:published_time\" content=\"2021-08-17T13:34:56+00:00\" \/>\n<meta property=\"og:image\" content=\"https:\/\/blogg.svenskakyrkan.se\/insikten\/files\/2021\/08\/IMG_3475_Anita-portrNtt-4-scaled.jpg\" \/>\n\t<meta property=\"og:image:width\" content=\"2560\" \/>\n\t<meta property=\"og:image:height\" content=\"1707\" \/>\n\t<meta property=\"og:image:type\" content=\"image\/jpeg\" \/>\n<meta name=\"author\" content=\"Floby pastorat\" \/>\n<meta name=\"twitter:card\" content=\"summary_large_image\" \/>\n<meta name=\"twitter:label1\" content=\"Skriven av\" \/>\n\t<meta name=\"twitter:data1\" content=\"Floby pastorat\" \/>\n\t<meta name=\"twitter:label2\" content=\"Ber\u00e4knad l\u00e4stid\" \/>\n\t<meta name=\"twitter:data2\" content=\"6 minuter\" \/>\n<script type=\"application\/ld+json\" class=\"yoast-schema-graph\">{\"@context\":\"https:\/\/schema.org\",\"@graph\":[{\"@type\":\"Article\",\"@id\":\"https:\/\/blogg.svenskakyrkan.se\/insikten\/2021\/08\/17\/trettio-ar-av-tacksamhet\/#article\",\"isPartOf\":{\"@id\":\"https:\/\/blogg.svenskakyrkan.se\/insikten\/2021\/08\/17\/trettio-ar-av-tacksamhet\/\"},\"author\":{\"name\":\"Floby pastorat\",\"@id\":\"https:\/\/blogg.svenskakyrkan.se\/insikten\/#\/schema\/person\/5081f68a0318ddb64c879f7bc416ce8c\"},\"headline\":\"Trettio \u00e5r av tacksamhet\",\"datePublished\":\"2021-08-17T13:34:56+00:00\",\"mainEntityOfPage\":{\"@id\":\"https:\/\/blogg.svenskakyrkan.se\/insikten\/2021\/08\/17\/trettio-ar-av-tacksamhet\/\"},\"wordCount\":1164,\"commentCount\":0,\"image\":{\"@id\":\"https:\/\/blogg.svenskakyrkan.se\/insikten\/2021\/08\/17\/trettio-ar-av-tacksamhet\/#primaryimage\"},\"thumbnailUrl\":\"https:\/\/blogg.svenskakyrkan.se\/insikten\/files\/2021\/08\/IMG_3475_Anita-portrNtt-4-scaled.jpg\",\"articleSection\":[\"Engagemang\"],\"inLanguage\":\"sv-SE\",\"potentialAction\":[{\"@type\":\"CommentAction\",\"name\":\"Comment\",\"target\":[\"https:\/\/blogg.svenskakyrkan.se\/insikten\/2021\/08\/17\/trettio-ar-av-tacksamhet\/#respond\"]}]},{\"@type\":\"WebPage\",\"@id\":\"https:\/\/blogg.svenskakyrkan.se\/insikten\/2021\/08\/17\/trettio-ar-av-tacksamhet\/\",\"url\":\"https:\/\/blogg.svenskakyrkan.se\/insikten\/2021\/08\/17\/trettio-ar-av-tacksamhet\/\",\"name\":\"Trettio \u00e5r av tacksamhet - Insikten - Floby pastorat\",\"isPartOf\":{\"@id\":\"https:\/\/blogg.svenskakyrkan.se\/insikten\/#website\"},\"primaryImageOfPage\":{\"@id\":\"https:\/\/blogg.svenskakyrkan.se\/insikten\/2021\/08\/17\/trettio-ar-av-tacksamhet\/#primaryimage\"},\"image\":{\"@id\":\"https:\/\/blogg.svenskakyrkan.se\/insikten\/2021\/08\/17\/trettio-ar-av-tacksamhet\/#primaryimage\"},\"thumbnailUrl\":\"https:\/\/blogg.svenskakyrkan.se\/insikten\/files\/2021\/08\/IMG_3475_Anita-portrNtt-4-scaled.jpg\",\"datePublished\":\"2021-08-17T13:34:56+00:00\",\"author\":{\"@id\":\"https:\/\/blogg.svenskakyrkan.se\/insikten\/#\/schema\/person\/5081f68a0318ddb64c879f7bc416ce8c\"},\"breadcrumb\":{\"@id\":\"https:\/\/blogg.svenskakyrkan.se\/insikten\/2021\/08\/17\/trettio-ar-av-tacksamhet\/#breadcrumb\"},\"inLanguage\":\"sv-SE\",\"potentialAction\":[{\"@type\":\"ReadAction\",\"target\":[\"https:\/\/blogg.svenskakyrkan.se\/insikten\/2021\/08\/17\/trettio-ar-av-tacksamhet\/\"]}]},{\"@type\":\"ImageObject\",\"inLanguage\":\"sv-SE\",\"@id\":\"https:\/\/blogg.svenskakyrkan.se\/insikten\/2021\/08\/17\/trettio-ar-av-tacksamhet\/#primaryimage\",\"url\":\"https:\/\/blogg.svenskakyrkan.se\/insikten\/files\/2021\/08\/IMG_3475_Anita-portrNtt-4-scaled.jpg\",\"contentUrl\":\"https:\/\/blogg.svenskakyrkan.se\/insikten\/files\/2021\/08\/IMG_3475_Anita-portrNtt-4-scaled.jpg\",\"width\":2560,\"height\":1707},{\"@type\":\"BreadcrumbList\",\"@id\":\"https:\/\/blogg.svenskakyrkan.se\/insikten\/2021\/08\/17\/trettio-ar-av-tacksamhet\/#breadcrumb\",\"itemListElement\":[{\"@type\":\"ListItem\",\"position\":1,\"name\":\"Hem\",\"item\":\"https:\/\/blogg.svenskakyrkan.se\/insikten\/\"},{\"@type\":\"ListItem\",\"position\":2,\"name\":\"Trettio \u00e5r av tacksamhet\"}]},{\"@type\":\"WebSite\",\"@id\":\"https:\/\/blogg.svenskakyrkan.se\/insikten\/#website\",\"url\":\"https:\/\/blogg.svenskakyrkan.se\/insikten\/\",\"name\":\"Insikten - Floby pastorat\",\"description\":\"Insikter, utsikter och emellan\u00e5t \u00e4ven \u00e5sikter fr\u00e5n Floby pastorat i Skara stift.\",\"potentialAction\":[{\"@type\":\"SearchAction\",\"target\":{\"@type\":\"EntryPoint\",\"urlTemplate\":\"https:\/\/blogg.svenskakyrkan.se\/insikten\/?s={search_term_string}\"},\"query-input\":{\"@type\":\"PropertyValueSpecification\",\"valueRequired\":true,\"valueName\":\"search_term_string\"}}],\"inLanguage\":\"sv-SE\"},{\"@type\":\"Person\",\"@id\":\"https:\/\/blogg.svenskakyrkan.se\/insikten\/#\/schema\/person\/5081f68a0318ddb64c879f7bc416ce8c\",\"name\":\"Floby pastorat\",\"image\":{\"@type\":\"ImageObject\",\"inLanguage\":\"sv-SE\",\"@id\":\"https:\/\/blogg.svenskakyrkan.se\/insikten\/#\/schema\/person\/image\/\",\"url\":\"https:\/\/secure.gravatar.com\/avatar\/c63a9fd4196da95cea4408b67893dbdb9ec52ef568ee59a4578ad766986bebcd?s=96&d=mm&r=g\",\"contentUrl\":\"https:\/\/secure.gravatar.com\/avatar\/c63a9fd4196da95cea4408b67893dbdb9ec52ef568ee59a4578ad766986bebcd?s=96&d=mm&r=g\",\"caption\":\"Floby pastorat\"},\"url\":\"https:\/\/blogg.svenskakyrkan.se\/insikten\/author\/helenataubner\/\"}]}<\/script>\n<!-- \/ Yoast SEO plugin. -->","yoast_head_json":{"title":"Trettio \u00e5r av tacksamhet - Insikten - Floby pastorat","robots":{"index":"index","follow":"follow","max-snippet":"max-snippet:-1","max-image-preview":"max-image-preview:large","max-video-preview":"max-video-preview:-1"},"canonical":"https:\/\/blogg.svenskakyrkan.se\/insikten\/2021\/08\/17\/trettio-ar-av-tacksamhet\/","og_locale":"sv_SE","og_type":"article","og_title":"Trettio \u00e5r av tacksamhet - Insikten - Floby pastorat","og_description":"Anita Karl\u00e9n har arbetat som pr\u00e4st i just den kyrkan i 30 \u00e5r, och nu \u00e4r det dags att g\u00e5 i pension. Det var ingen slump att hon avtackades just p\u00e5 Midsommardagen.\u00a0 \u2013 Jag ville att avtackningen skulle vara p\u00e5 Midsommardagen, eftersom min f\u00f6rsta tj\u00e4nstg\u00f6ring efter pr\u00e4stvigningen var just p\u00e5 Midsommardagen 1992, s\u00e4ger hon.&nbsp; Redan [&hellip;]","og_url":"https:\/\/blogg.svenskakyrkan.se\/insikten\/2021\/08\/17\/trettio-ar-av-tacksamhet\/","og_site_name":"Insikten - Floby pastorat","article_published_time":"2021-08-17T13:34:56+00:00","og_image":[{"width":2560,"height":1707,"url":"https:\/\/blogg.svenskakyrkan.se\/insikten\/files\/2021\/08\/IMG_3475_Anita-portrNtt-4-scaled.jpg","type":"image\/jpeg"}],"author":"Floby pastorat","twitter_card":"summary_large_image","twitter_misc":{"Skriven av":"Floby pastorat","Ber\u00e4knad l\u00e4stid":"6 minuter"},"schema":{"@context":"https:\/\/schema.org","@graph":[{"@type":"Article","@id":"https:\/\/blogg.svenskakyrkan.se\/insikten\/2021\/08\/17\/trettio-ar-av-tacksamhet\/#article","isPartOf":{"@id":"https:\/\/blogg.svenskakyrkan.se\/insikten\/2021\/08\/17\/trettio-ar-av-tacksamhet\/"},"author":{"name":"Floby pastorat","@id":"https:\/\/blogg.svenskakyrkan.se\/insikten\/#\/schema\/person\/5081f68a0318ddb64c879f7bc416ce8c"},"headline":"Trettio \u00e5r av tacksamhet","datePublished":"2021-08-17T13:34:56+00:00","mainEntityOfPage":{"@id":"https:\/\/blogg.svenskakyrkan.se\/insikten\/2021\/08\/17\/trettio-ar-av-tacksamhet\/"},"wordCount":1164,"commentCount":0,"image":{"@id":"https:\/\/blogg.svenskakyrkan.se\/insikten\/2021\/08\/17\/trettio-ar-av-tacksamhet\/#primaryimage"},"thumbnailUrl":"https:\/\/blogg.svenskakyrkan.se\/insikten\/files\/2021\/08\/IMG_3475_Anita-portrNtt-4-scaled.jpg","articleSection":["Engagemang"],"inLanguage":"sv-SE","potentialAction":[{"@type":"CommentAction","name":"Comment","target":["https:\/\/blogg.svenskakyrkan.se\/insikten\/2021\/08\/17\/trettio-ar-av-tacksamhet\/#respond"]}]},{"@type":"WebPage","@id":"https:\/\/blogg.svenskakyrkan.se\/insikten\/2021\/08\/17\/trettio-ar-av-tacksamhet\/","url":"https:\/\/blogg.svenskakyrkan.se\/insikten\/2021\/08\/17\/trettio-ar-av-tacksamhet\/","name":"Trettio \u00e5r av tacksamhet - Insikten - Floby pastorat","isPartOf":{"@id":"https:\/\/blogg.svenskakyrkan.se\/insikten\/#website"},"primaryImageOfPage":{"@id":"https:\/\/blogg.svenskakyrkan.se\/insikten\/2021\/08\/17\/trettio-ar-av-tacksamhet\/#primaryimage"},"image":{"@id":"https:\/\/blogg.svenskakyrkan.se\/insikten\/2021\/08\/17\/trettio-ar-av-tacksamhet\/#primaryimage"},"thumbnailUrl":"https:\/\/blogg.svenskakyrkan.se\/insikten\/files\/2021\/08\/IMG_3475_Anita-portrNtt-4-scaled.jpg","datePublished":"2021-08-17T13:34:56+00:00","author":{"@id":"https:\/\/blogg.svenskakyrkan.se\/insikten\/#\/schema\/person\/5081f68a0318ddb64c879f7bc416ce8c"},"breadcrumb":{"@id":"https:\/\/blogg.svenskakyrkan.se\/insikten\/2021\/08\/17\/trettio-ar-av-tacksamhet\/#breadcrumb"},"inLanguage":"sv-SE","potentialAction":[{"@type":"ReadAction","target":["https:\/\/blogg.svenskakyrkan.se\/insikten\/2021\/08\/17\/trettio-ar-av-tacksamhet\/"]}]},{"@type":"ImageObject","inLanguage":"sv-SE","@id":"https:\/\/blogg.svenskakyrkan.se\/insikten\/2021\/08\/17\/trettio-ar-av-tacksamhet\/#primaryimage","url":"https:\/\/blogg.svenskakyrkan.se\/insikten\/files\/2021\/08\/IMG_3475_Anita-portrNtt-4-scaled.jpg","contentUrl":"https:\/\/blogg.svenskakyrkan.se\/insikten\/files\/2021\/08\/IMG_3475_Anita-portrNtt-4-scaled.jpg","width":2560,"height":1707},{"@type":"BreadcrumbList","@id":"https:\/\/blogg.svenskakyrkan.se\/insikten\/2021\/08\/17\/trettio-ar-av-tacksamhet\/#breadcrumb","itemListElement":[{"@type":"ListItem","position":1,"name":"Hem","item":"https:\/\/blogg.svenskakyrkan.se\/insikten\/"},{"@type":"ListItem","position":2,"name":"Trettio \u00e5r av tacksamhet"}]},{"@type":"WebSite","@id":"https:\/\/blogg.svenskakyrkan.se\/insikten\/#website","url":"https:\/\/blogg.svenskakyrkan.se\/insikten\/","name":"Insikten - Floby pastorat","description":"Insikter, utsikter och emellan\u00e5t \u00e4ven \u00e5sikter fr\u00e5n Floby pastorat i Skara stift.","potentialAction":[{"@type":"SearchAction","target":{"@type":"EntryPoint","urlTemplate":"https:\/\/blogg.svenskakyrkan.se\/insikten\/?s={search_term_string}"},"query-input":{"@type":"PropertyValueSpecification","valueRequired":true,"valueName":"search_term_string"}}],"inLanguage":"sv-SE"},{"@type":"Person","@id":"https:\/\/blogg.svenskakyrkan.se\/insikten\/#\/schema\/person\/5081f68a0318ddb64c879f7bc416ce8c","name":"Floby pastorat","image":{"@type":"ImageObject","inLanguage":"sv-SE","@id":"https:\/\/blogg.svenskakyrkan.se\/insikten\/#\/schema\/person\/image\/","url":"https:\/\/secure.gravatar.com\/avatar\/c63a9fd4196da95cea4408b67893dbdb9ec52ef568ee59a4578ad766986bebcd?s=96&d=mm&r=g","contentUrl":"https:\/\/secure.gravatar.com\/avatar\/c63a9fd4196da95cea4408b67893dbdb9ec52ef568ee59a4578ad766986bebcd?s=96&d=mm&r=g","caption":"Floby pastorat"},"url":"https:\/\/blogg.svenskakyrkan.se\/insikten\/author\/helenataubner\/"}]}},"author_meta":{"ID":"250","user_nicename":"helenataubner","user_registered":"2013-01-15 08:36:14","display_name":"Floby pastorat","avatar":"https:\/\/secure.gravatar.com\/avatar\/c63a9fd4196da95cea4408b67893dbdb9ec52ef568ee59a4578ad766986bebcd?s=96&d=mm&r=g"},"featured_image":["https:\/\/blogg.svenskakyrkan.se\/insikten\/files\/2021\/08\/IMG_3475_Anita-portrNtt-4-1024x683.jpg",1024,683,true],"bloginfo":{"name":"Insikten - Floby pastorat","url":"https:\/\/blogg.svenskakyrkan.se\/insikten"},"_links":{"self":[{"href":"https:\/\/blogg.svenskakyrkan.se\/insikten\/wp-json\/wp\/v2\/posts\/111","targetHints":{"allow":["GET"]}}],"collection":[{"href":"https:\/\/blogg.svenskakyrkan.se\/insikten\/wp-json\/wp\/v2\/posts"}],"about":[{"href":"https:\/\/blogg.svenskakyrkan.se\/insikten\/wp-json\/wp\/v2\/types\/post"}],"author":[{"embeddable":true,"href":"https:\/\/blogg.svenskakyrkan.se\/insikten\/wp-json\/wp\/v2\/users\/250"}],"replies":[{"embeddable":true,"href":"https:\/\/blogg.svenskakyrkan.se\/insikten\/wp-json\/wp\/v2\/comments?post=111"}],"version-history":[{"count":1,"href":"https:\/\/blogg.svenskakyrkan.se\/insikten\/wp-json\/wp\/v2\/posts\/111\/revisions"}],"predecessor-version":[{"id":113,"href":"https:\/\/blogg.svenskakyrkan.se\/insikten\/wp-json\/wp\/v2\/posts\/111\/revisions\/113"}],"wp:featuredmedia":[{"embeddable":true,"href":"https:\/\/blogg.svenskakyrkan.se\/insikten\/wp-json\/wp\/v2\/media\/112"}],"wp:attachment":[{"href":"https:\/\/blogg.svenskakyrkan.se\/insikten\/wp-json\/wp\/v2\/media?parent=111"}],"wp:term":[{"taxonomy":"category","embeddable":true,"href":"https:\/\/blogg.svenskakyrkan.se\/insikten\/wp-json\/wp\/v2\/categories?post=111"},{"taxonomy":"post_tag","embeddable":true,"href":"https:\/\/blogg.svenskakyrkan.se\/insikten\/wp-json\/wp\/v2\/tags?post=111"}],"curies":[{"name":"wp","href":"https:\/\/api.w.org\/{rel}","templated":true}]}}