{"id":120,"date":"2021-10-30T15:21:20","date_gmt":"2021-10-30T13:21:20","guid":{"rendered":"https:\/\/blogg.svenskakyrkan.se\/insikten\/?p=120"},"modified":"2021-10-30T15:21:21","modified_gmt":"2021-10-30T13:21:21","slug":"manniskor-mots-pa-kyrkogardarna","status":"publish","type":"post","link":"https:\/\/blogg.svenskakyrkan.se\/insikten\/2021\/10\/30\/manniskor-mots-pa-kyrkogardarna\/","title":{"rendered":"M\u00e4nniskor m\u00f6ts p\u00e5 kyrkog\u00e5rdarna"},"content":{"rendered":"\n\n\n<figure class=\"wp-block-image size-large is-style-default\"><img loading=\"lazy\" decoding=\"async\" width=\"1024\" height=\"683\" src=\"https:\/\/blogg.svenskakyrkan.se\/insikten\/files\/2021\/10\/MatsMonica-1024x683.jpg\" alt=\"\" class=\"wp-image-126\" srcset=\"https:\/\/blogg.svenskakyrkan.se\/insikten\/files\/2021\/10\/MatsMonica-1024x683.jpg 1024w, https:\/\/blogg.svenskakyrkan.se\/insikten\/files\/2021\/10\/MatsMonica-300x200.jpg 300w, https:\/\/blogg.svenskakyrkan.se\/insikten\/files\/2021\/10\/MatsMonica-768x512.jpg 768w, https:\/\/blogg.svenskakyrkan.se\/insikten\/files\/2021\/10\/MatsMonica-1536x1024.jpg 1536w, https:\/\/blogg.svenskakyrkan.se\/insikten\/files\/2021\/10\/MatsMonica-2048x1365.jpg 2048w, https:\/\/blogg.svenskakyrkan.se\/insikten\/files\/2021\/10\/MatsMonica-1200x800.jpg 1200w\" sizes=\"auto, (max-width: 1024px) 100vw, 1024px\" \/><figcaption>Mats Johansson och Monica K\u00e4ll arbetar p\u00e5 kyrkog\u00e5rdarna i Floby pastorat.<\/figcaption><\/figure>\n\n\n\n<p>Arbetet p\u00e5 en kyrkog\u00e5rd \u00e4r v\u00e4ldigt omv\u00e4xlande. \u00c5rstiderna skiftar och med dem arbetsuppgifterna. Gr\u00e4sklippning \u00f6verg\u00e5r till sn\u00f6skottning och utomhusarbete \u00f6verg\u00e5r till maskinv\u00e5rd och st\u00e4dning inomhus. D\u00e4remot p\u00e5g\u00e5r begravningsverksamheten oberoende av s\u00e4song. Gravplatser ska f\u00f6rberedas, kyrkorna st\u00e4das och smyckas. M\u00e4nniskorna som kommer till en begravning ska f\u00e5 ett fint bem\u00f6tande.<\/p>\n\n\n\n<p>\u2013 Det allra b\u00e4sta med att arbeta p\u00e5 en kyrkog\u00e5rd och med begravningar \u00e4r att m\u00f6ta alla m\u00e4nniskor som kommer dit, menar Monica och Mats. Vi m\u00f6ter dem i situationer n\u00e4r de b\u00e4r p\u00e5 sorg och saknad, och ibland kan det vara l\u00e4ttare att prata med oss \u00e4n med exempelvis en pr\u00e4st.<\/p>\n\n\n\n<p>\u2013 Att m\u00f6ta folk i sorg \u00e4r inte s\u00e5 sv\u00e5rt om man ger dem utrymme och inte tr\u00e4nger sig p\u00e5. Vi ser p\u00e5 dem om de vill prata eller om de vill vara i fred, ber\u00e4ttar Monica. F\u00f6r m\u00e5nga kan det nog k\u00e4nnas enkelt och lite avdramatiserat att prata med oss.<\/p>\n\n\n\n<blockquote class=\"wp-block-quote is-layout-flow wp-block-quote-is-layout-flow\"><p>\u2013 Det \u00e4r fint att m\u00f6ta alla m\u00e4nniskor som kommer till kyrkog\u00e5rdarna. Att prata med oss kan vara enklare \u00e4n att s\u00f6ka upp en pr\u00e4st.<\/p><\/blockquote>\n\n\n\n<h2 class=\"wp-block-heading\">M\u00e5nga s\u00f6ker stillhet<\/h2>\n\n\n\n<p>Mats och Monica upplever att m\u00e4nniskor kommer till kyrkog\u00e5rden i h\u00f6gre utstr\u00e4ckning nu \u00e4n tidigare. De b\u00f6rjade b\u00e5da tv\u00e5 arbeta p\u00e5 kyrkog\u00e5rdarna i Floby pastorat under 2003, och under \u00e5ren som g\u00e5tt sedan dess har de m\u00e4rkt att folk nu oftare kommer till kyrkog\u00e5rdarna f\u00f6r att g\u00e5 en promenad eller hitta en stunds stillhet och avkoppling. <\/p>\n\n\n\n<p>Tidigare var bes\u00f6ken p\u00e5 kyrkog\u00e5rdarna tydligare f\u00f6rknippade med att sk\u00f6ta n\u00e5gon anh\u00f6rigs grav. Du som \u00e4r gravr\u00e4ttsinnehavare kan v\u00e4lja mellan n\u00e5gra olika avtal n\u00e4r det g\u00e4ller hur mycket av sk\u00f6tseln som utf\u00f6rs av kyrkog\u00e5rdsf\u00f6rvaltningens personal och hur mycket du g\u00f6r sj\u00e4lv.<\/p>\n\n\n\n<p>\u2013 F\u00f6rr gick folk bara till kyrkan p\u00e5 helgerna, men nu g\u00e5r de lika ofta till kyrkog\u00e5rden p\u00e5 vardagarna, konstaterar Mats. Kanske h\u00e4nger det ihop med att kyrkorna ofta \u00e4r l\u00e5sta s\u00e5 att man inte kan komma in d\u00e4r lika enkelt som innan. Men vi \u00f6ppnar g\u00e4rna om vi har m\u00f6jlighet, s\u00e5 att man kan f\u00e5 komma in i kyrkan. Det g\u00e5r bra att kontakta oss om det!<\/p>\n\n\n\n<h2 class=\"wp-block-heading\">Kommer n\u00e4ra<\/h2>\n\n\n\n<p>I Floby pastorat finns 17 kyrkor med tillh\u00f6rande kyrkog\u00e5rdar. Kyrkog\u00e5rdsf\u00f6rvaltningen ansvarar f\u00f6r sk\u00f6tseln av kyrkog\u00e5rdarna. Arbetslaget, som best\u00e5r av omkring 15 personer, sk\u00f6ter \u00e4ven pastoratets kyrkor och \u00f6vriga byggnader. Under sommarhalv\u00e5ret f\u00f6rst\u00e4rks det ordinarie arbetslaget med fyra s\u00e4songsanst\u00e4llda kyrkog\u00e5rdsvaktm\u00e4stare.<\/p>\n\n\n\n<p>I en landsbygdsf\u00f6rsamling k\u00e4nner m\u00e4nniskor varandra fr\u00e5n m\u00e5nga olika sammanhang. Man har barn i samma skola, man ses i de lokala butikerna eller p\u00e5 v\u00e5rdcentralen, man tr\u00e4ffar sl\u00e4kt och v\u00e4nner i vardagen. D\u00e4rf\u00f6r kommer begravningarna ibland v\u00e4ldigt n\u00e4ra, menar Monica.<\/p>\n\n\n\n<p>\u2013 P\u00e5 det s\u00e4ttet kan det vara v\u00e4ldigt tungt eftersom man k\u00e4nner personerna som drabbas av sorg. Ibland fr\u00e5gar folk om jag inte tycker att det \u00e4r sv\u00e5rt att arbeta med begravningar. Jag brukar svara att det sj\u00e4lvklart \u00e4r sv\u00e5rt och att det ber\u00f6r oss som arbetar i kyrkan och p\u00e5 kyrkog\u00e5rden. <\/p>\n\n\n\n<p>Men alla samtal p\u00e5 en kyrkog\u00e5rd handlar inte om begravningar och sorg. Mats ber\u00e4ttar att han och hans kollegor ofta f\u00e5r ber\u00f6m av m\u00e4nniskor som kommer till kyrkog\u00e5rden.<\/p>\n\n\n\n<p>\u2013 De brukar s\u00e4ga att det \u00e4r fint p\u00e5 kyrkog\u00e5rden och att vi g\u00f6r ett bra jobb. Det h\u00e4nder ocks\u00e5 att de fr\u00e5gar oss om r\u00e5d f\u00f6r sin egen tr\u00e4dg\u00e5rd. Det \u00e4r roligt att kunna hj\u00e4lpa till!<\/p>\n\n\n\n<p><\/p>\n\n\n\n<p>&#8230;&#8230;&#8230;&#8230;..<\/p>\n\n\n\n<p>Texten publicerades f\u00f6rsta g\u00e5ngen i Insikten nummer 1 2020.<\/p>\n","protected":false},"excerpt":{"rendered":"<p>Arbetet p\u00e5 en kyrkog\u00e5rd \u00e4r v\u00e4ldigt omv\u00e4xlande. \u00c5rstiderna skiftar och med dem arbetsuppgifterna. Gr\u00e4sklippning \u00f6verg\u00e5r till sn\u00f6skottning och utomhusarbete \u00f6verg\u00e5r till maskinv\u00e5rd och st\u00e4dning inomhus. D\u00e4remot p\u00e5g\u00e5r begravningsverksamheten oberoende av s\u00e4song. Gravplatser ska f\u00f6rberedas, kyrkorna st\u00e4das och smyckas. M\u00e4nniskorna som kommer till en begravning ska f\u00e5 ett fint bem\u00f6tande. \u2013 Det allra b\u00e4sta med att [&hellip;]<\/p>\n","protected":false},"author":250,"featured_media":126,"comment_status":"open","ping_status":"open","sticky":false,"template":"","format":"standard","meta":{"_acf_changed":false,"footnotes":""},"categories":[13,12],"tags":[],"class_list":["post-120","post","type-post","status-publish","format-standard","has-post-thumbnail","hentry","category-allhelgona","category-kyrkogardar"],"acf":[],"yoast_head":"<!-- This site is optimized with the Yoast SEO plugin v27.1.1 - https:\/\/yoast.com\/product\/yoast-seo-wordpress\/ -->\n<title>M\u00e4nniskor m\u00f6ts p\u00e5 kyrkog\u00e5rdarna - Insikten - Floby pastorat<\/title>\n<meta name=\"robots\" content=\"index, follow, max-snippet:-1, max-image-preview:large, max-video-preview:-1\" \/>\n<link rel=\"canonical\" href=\"https:\/\/blogg.svenskakyrkan.se\/insikten\/2021\/10\/30\/manniskor-mots-pa-kyrkogardarna\/\" \/>\n<meta property=\"og:locale\" content=\"sv_SE\" \/>\n<meta property=\"og:type\" content=\"article\" \/>\n<meta property=\"og:title\" content=\"M\u00e4nniskor m\u00f6ts p\u00e5 kyrkog\u00e5rdarna - Insikten - Floby pastorat\" \/>\n<meta property=\"og:description\" content=\"Arbetet p\u00e5 en kyrkog\u00e5rd \u00e4r v\u00e4ldigt omv\u00e4xlande. \u00c5rstiderna skiftar och med dem arbetsuppgifterna. Gr\u00e4sklippning \u00f6verg\u00e5r till sn\u00f6skottning och utomhusarbete \u00f6verg\u00e5r till maskinv\u00e5rd och st\u00e4dning inomhus. D\u00e4remot p\u00e5g\u00e5r begravningsverksamheten oberoende av s\u00e4song. Gravplatser ska f\u00f6rberedas, kyrkorna st\u00e4das och smyckas. M\u00e4nniskorna som kommer till en begravning ska f\u00e5 ett fint bem\u00f6tande. \u2013 Det allra b\u00e4sta med att [&hellip;]\" \/>\n<meta property=\"og:url\" content=\"https:\/\/blogg.svenskakyrkan.se\/insikten\/2021\/10\/30\/manniskor-mots-pa-kyrkogardarna\/\" \/>\n<meta property=\"og:site_name\" content=\"Insikten - Floby pastorat\" \/>\n<meta property=\"article:published_time\" content=\"2021-10-30T13:21:20+00:00\" \/>\n<meta property=\"article:modified_time\" content=\"2021-10-30T13:21:21+00:00\" \/>\n<meta property=\"og:image\" content=\"https:\/\/blogg.svenskakyrkan.se\/insikten\/files\/2021\/10\/MatsMonica-scaled.jpg\" \/>\n\t<meta property=\"og:image:width\" content=\"2560\" \/>\n\t<meta property=\"og:image:height\" content=\"1707\" \/>\n\t<meta property=\"og:image:type\" content=\"image\/jpeg\" \/>\n<meta name=\"author\" content=\"Floby pastorat\" \/>\n<meta name=\"twitter:card\" content=\"summary_large_image\" \/>\n<meta name=\"twitter:label1\" content=\"Skriven av\" \/>\n\t<meta name=\"twitter:data1\" content=\"Floby pastorat\" \/>\n\t<meta name=\"twitter:label2\" content=\"Ber\u00e4knad l\u00e4stid\" \/>\n\t<meta name=\"twitter:data2\" content=\"3 minuter\" \/>\n<script type=\"application\/ld+json\" class=\"yoast-schema-graph\">{\"@context\":\"https:\/\/schema.org\",\"@graph\":[{\"@type\":\"Article\",\"@id\":\"https:\/\/blogg.svenskakyrkan.se\/insikten\/2021\/10\/30\/manniskor-mots-pa-kyrkogardarna\/#article\",\"isPartOf\":{\"@id\":\"https:\/\/blogg.svenskakyrkan.se\/insikten\/2021\/10\/30\/manniskor-mots-pa-kyrkogardarna\/\"},\"author\":{\"name\":\"Floby pastorat\",\"@id\":\"https:\/\/blogg.svenskakyrkan.se\/insikten\/#\/schema\/person\/5081f68a0318ddb64c879f7bc416ce8c\"},\"headline\":\"M\u00e4nniskor m\u00f6ts p\u00e5 kyrkog\u00e5rdarna\",\"datePublished\":\"2021-10-30T13:21:20+00:00\",\"dateModified\":\"2021-10-30T13:21:21+00:00\",\"mainEntityOfPage\":{\"@id\":\"https:\/\/blogg.svenskakyrkan.se\/insikten\/2021\/10\/30\/manniskor-mots-pa-kyrkogardarna\/\"},\"wordCount\":695,\"commentCount\":0,\"image\":{\"@id\":\"https:\/\/blogg.svenskakyrkan.se\/insikten\/2021\/10\/30\/manniskor-mots-pa-kyrkogardarna\/#primaryimage\"},\"thumbnailUrl\":\"https:\/\/blogg.svenskakyrkan.se\/insikten\/files\/2021\/10\/MatsMonica-scaled.jpg\",\"articleSection\":[\"Allhelgona\",\"Kyrkog\u00e5rdar\"],\"inLanguage\":\"sv-SE\",\"potentialAction\":[{\"@type\":\"CommentAction\",\"name\":\"Comment\",\"target\":[\"https:\/\/blogg.svenskakyrkan.se\/insikten\/2021\/10\/30\/manniskor-mots-pa-kyrkogardarna\/#respond\"]}]},{\"@type\":\"WebPage\",\"@id\":\"https:\/\/blogg.svenskakyrkan.se\/insikten\/2021\/10\/30\/manniskor-mots-pa-kyrkogardarna\/\",\"url\":\"https:\/\/blogg.svenskakyrkan.se\/insikten\/2021\/10\/30\/manniskor-mots-pa-kyrkogardarna\/\",\"name\":\"M\u00e4nniskor m\u00f6ts p\u00e5 kyrkog\u00e5rdarna - Insikten - Floby pastorat\",\"isPartOf\":{\"@id\":\"https:\/\/blogg.svenskakyrkan.se\/insikten\/#website\"},\"primaryImageOfPage\":{\"@id\":\"https:\/\/blogg.svenskakyrkan.se\/insikten\/2021\/10\/30\/manniskor-mots-pa-kyrkogardarna\/#primaryimage\"},\"image\":{\"@id\":\"https:\/\/blogg.svenskakyrkan.se\/insikten\/2021\/10\/30\/manniskor-mots-pa-kyrkogardarna\/#primaryimage\"},\"thumbnailUrl\":\"https:\/\/blogg.svenskakyrkan.se\/insikten\/files\/2021\/10\/MatsMonica-scaled.jpg\",\"datePublished\":\"2021-10-30T13:21:20+00:00\",\"dateModified\":\"2021-10-30T13:21:21+00:00\",\"author\":{\"@id\":\"https:\/\/blogg.svenskakyrkan.se\/insikten\/#\/schema\/person\/5081f68a0318ddb64c879f7bc416ce8c\"},\"breadcrumb\":{\"@id\":\"https:\/\/blogg.svenskakyrkan.se\/insikten\/2021\/10\/30\/manniskor-mots-pa-kyrkogardarna\/#breadcrumb\"},\"inLanguage\":\"sv-SE\",\"potentialAction\":[{\"@type\":\"ReadAction\",\"target\":[\"https:\/\/blogg.svenskakyrkan.se\/insikten\/2021\/10\/30\/manniskor-mots-pa-kyrkogardarna\/\"]}]},{\"@type\":\"ImageObject\",\"inLanguage\":\"sv-SE\",\"@id\":\"https:\/\/blogg.svenskakyrkan.se\/insikten\/2021\/10\/30\/manniskor-mots-pa-kyrkogardarna\/#primaryimage\",\"url\":\"https:\/\/blogg.svenskakyrkan.se\/insikten\/files\/2021\/10\/MatsMonica-scaled.jpg\",\"contentUrl\":\"https:\/\/blogg.svenskakyrkan.se\/insikten\/files\/2021\/10\/MatsMonica-scaled.jpg\",\"width\":2560,\"height\":1707},{\"@type\":\"BreadcrumbList\",\"@id\":\"https:\/\/blogg.svenskakyrkan.se\/insikten\/2021\/10\/30\/manniskor-mots-pa-kyrkogardarna\/#breadcrumb\",\"itemListElement\":[{\"@type\":\"ListItem\",\"position\":1,\"name\":\"Hem\",\"item\":\"https:\/\/blogg.svenskakyrkan.se\/insikten\/\"},{\"@type\":\"ListItem\",\"position\":2,\"name\":\"M\u00e4nniskor m\u00f6ts p\u00e5 kyrkog\u00e5rdarna\"}]},{\"@type\":\"WebSite\",\"@id\":\"https:\/\/blogg.svenskakyrkan.se\/insikten\/#website\",\"url\":\"https:\/\/blogg.svenskakyrkan.se\/insikten\/\",\"name\":\"Insikten - Floby pastorat\",\"description\":\"Insikter, utsikter och emellan\u00e5t \u00e4ven \u00e5sikter fr\u00e5n Floby pastorat i Skara stift.\",\"potentialAction\":[{\"@type\":\"SearchAction\",\"target\":{\"@type\":\"EntryPoint\",\"urlTemplate\":\"https:\/\/blogg.svenskakyrkan.se\/insikten\/?s={search_term_string}\"},\"query-input\":{\"@type\":\"PropertyValueSpecification\",\"valueRequired\":true,\"valueName\":\"search_term_string\"}}],\"inLanguage\":\"sv-SE\"},{\"@type\":\"Person\",\"@id\":\"https:\/\/blogg.svenskakyrkan.se\/insikten\/#\/schema\/person\/5081f68a0318ddb64c879f7bc416ce8c\",\"name\":\"Floby pastorat\",\"image\":{\"@type\":\"ImageObject\",\"inLanguage\":\"sv-SE\",\"@id\":\"https:\/\/blogg.svenskakyrkan.se\/insikten\/#\/schema\/person\/image\/\",\"url\":\"https:\/\/secure.gravatar.com\/avatar\/c63a9fd4196da95cea4408b67893dbdb9ec52ef568ee59a4578ad766986bebcd?s=96&d=mm&r=g\",\"contentUrl\":\"https:\/\/secure.gravatar.com\/avatar\/c63a9fd4196da95cea4408b67893dbdb9ec52ef568ee59a4578ad766986bebcd?s=96&d=mm&r=g\",\"caption\":\"Floby pastorat\"},\"url\":\"https:\/\/blogg.svenskakyrkan.se\/insikten\/author\/helenataubner\/\"}]}<\/script>\n<!-- \/ Yoast SEO plugin. -->","yoast_head_json":{"title":"M\u00e4nniskor m\u00f6ts p\u00e5 kyrkog\u00e5rdarna - Insikten - Floby pastorat","robots":{"index":"index","follow":"follow","max-snippet":"max-snippet:-1","max-image-preview":"max-image-preview:large","max-video-preview":"max-video-preview:-1"},"canonical":"https:\/\/blogg.svenskakyrkan.se\/insikten\/2021\/10\/30\/manniskor-mots-pa-kyrkogardarna\/","og_locale":"sv_SE","og_type":"article","og_title":"M\u00e4nniskor m\u00f6ts p\u00e5 kyrkog\u00e5rdarna - Insikten - Floby pastorat","og_description":"Arbetet p\u00e5 en kyrkog\u00e5rd \u00e4r v\u00e4ldigt omv\u00e4xlande. \u00c5rstiderna skiftar och med dem arbetsuppgifterna. Gr\u00e4sklippning \u00f6verg\u00e5r till sn\u00f6skottning och utomhusarbete \u00f6verg\u00e5r till maskinv\u00e5rd och st\u00e4dning inomhus. D\u00e4remot p\u00e5g\u00e5r begravningsverksamheten oberoende av s\u00e4song. Gravplatser ska f\u00f6rberedas, kyrkorna st\u00e4das och smyckas. M\u00e4nniskorna som kommer till en begravning ska f\u00e5 ett fint bem\u00f6tande. \u2013 Det allra b\u00e4sta med att [&hellip;]","og_url":"https:\/\/blogg.svenskakyrkan.se\/insikten\/2021\/10\/30\/manniskor-mots-pa-kyrkogardarna\/","og_site_name":"Insikten - Floby pastorat","article_published_time":"2021-10-30T13:21:20+00:00","article_modified_time":"2021-10-30T13:21:21+00:00","og_image":[{"width":2560,"height":1707,"url":"https:\/\/blogg.svenskakyrkan.se\/insikten\/files\/2021\/10\/MatsMonica-scaled.jpg","type":"image\/jpeg"}],"author":"Floby pastorat","twitter_card":"summary_large_image","twitter_misc":{"Skriven av":"Floby pastorat","Ber\u00e4knad l\u00e4stid":"3 minuter"},"schema":{"@context":"https:\/\/schema.org","@graph":[{"@type":"Article","@id":"https:\/\/blogg.svenskakyrkan.se\/insikten\/2021\/10\/30\/manniskor-mots-pa-kyrkogardarna\/#article","isPartOf":{"@id":"https:\/\/blogg.svenskakyrkan.se\/insikten\/2021\/10\/30\/manniskor-mots-pa-kyrkogardarna\/"},"author":{"name":"Floby pastorat","@id":"https:\/\/blogg.svenskakyrkan.se\/insikten\/#\/schema\/person\/5081f68a0318ddb64c879f7bc416ce8c"},"headline":"M\u00e4nniskor m\u00f6ts p\u00e5 kyrkog\u00e5rdarna","datePublished":"2021-10-30T13:21:20+00:00","dateModified":"2021-10-30T13:21:21+00:00","mainEntityOfPage":{"@id":"https:\/\/blogg.svenskakyrkan.se\/insikten\/2021\/10\/30\/manniskor-mots-pa-kyrkogardarna\/"},"wordCount":695,"commentCount":0,"image":{"@id":"https:\/\/blogg.svenskakyrkan.se\/insikten\/2021\/10\/30\/manniskor-mots-pa-kyrkogardarna\/#primaryimage"},"thumbnailUrl":"https:\/\/blogg.svenskakyrkan.se\/insikten\/files\/2021\/10\/MatsMonica-scaled.jpg","articleSection":["Allhelgona","Kyrkog\u00e5rdar"],"inLanguage":"sv-SE","potentialAction":[{"@type":"CommentAction","name":"Comment","target":["https:\/\/blogg.svenskakyrkan.se\/insikten\/2021\/10\/30\/manniskor-mots-pa-kyrkogardarna\/#respond"]}]},{"@type":"WebPage","@id":"https:\/\/blogg.svenskakyrkan.se\/insikten\/2021\/10\/30\/manniskor-mots-pa-kyrkogardarna\/","url":"https:\/\/blogg.svenskakyrkan.se\/insikten\/2021\/10\/30\/manniskor-mots-pa-kyrkogardarna\/","name":"M\u00e4nniskor m\u00f6ts p\u00e5 kyrkog\u00e5rdarna - Insikten - Floby pastorat","isPartOf":{"@id":"https:\/\/blogg.svenskakyrkan.se\/insikten\/#website"},"primaryImageOfPage":{"@id":"https:\/\/blogg.svenskakyrkan.se\/insikten\/2021\/10\/30\/manniskor-mots-pa-kyrkogardarna\/#primaryimage"},"image":{"@id":"https:\/\/blogg.svenskakyrkan.se\/insikten\/2021\/10\/30\/manniskor-mots-pa-kyrkogardarna\/#primaryimage"},"thumbnailUrl":"https:\/\/blogg.svenskakyrkan.se\/insikten\/files\/2021\/10\/MatsMonica-scaled.jpg","datePublished":"2021-10-30T13:21:20+00:00","dateModified":"2021-10-30T13:21:21+00:00","author":{"@id":"https:\/\/blogg.svenskakyrkan.se\/insikten\/#\/schema\/person\/5081f68a0318ddb64c879f7bc416ce8c"},"breadcrumb":{"@id":"https:\/\/blogg.svenskakyrkan.se\/insikten\/2021\/10\/30\/manniskor-mots-pa-kyrkogardarna\/#breadcrumb"},"inLanguage":"sv-SE","potentialAction":[{"@type":"ReadAction","target":["https:\/\/blogg.svenskakyrkan.se\/insikten\/2021\/10\/30\/manniskor-mots-pa-kyrkogardarna\/"]}]},{"@type":"ImageObject","inLanguage":"sv-SE","@id":"https:\/\/blogg.svenskakyrkan.se\/insikten\/2021\/10\/30\/manniskor-mots-pa-kyrkogardarna\/#primaryimage","url":"https:\/\/blogg.svenskakyrkan.se\/insikten\/files\/2021\/10\/MatsMonica-scaled.jpg","contentUrl":"https:\/\/blogg.svenskakyrkan.se\/insikten\/files\/2021\/10\/MatsMonica-scaled.jpg","width":2560,"height":1707},{"@type":"BreadcrumbList","@id":"https:\/\/blogg.svenskakyrkan.se\/insikten\/2021\/10\/30\/manniskor-mots-pa-kyrkogardarna\/#breadcrumb","itemListElement":[{"@type":"ListItem","position":1,"name":"Hem","item":"https:\/\/blogg.svenskakyrkan.se\/insikten\/"},{"@type":"ListItem","position":2,"name":"M\u00e4nniskor m\u00f6ts p\u00e5 kyrkog\u00e5rdarna"}]},{"@type":"WebSite","@id":"https:\/\/blogg.svenskakyrkan.se\/insikten\/#website","url":"https:\/\/blogg.svenskakyrkan.se\/insikten\/","name":"Insikten - Floby pastorat","description":"Insikter, utsikter och emellan\u00e5t \u00e4ven \u00e5sikter fr\u00e5n Floby pastorat i Skara stift.","potentialAction":[{"@type":"SearchAction","target":{"@type":"EntryPoint","urlTemplate":"https:\/\/blogg.svenskakyrkan.se\/insikten\/?s={search_term_string}"},"query-input":{"@type":"PropertyValueSpecification","valueRequired":true,"valueName":"search_term_string"}}],"inLanguage":"sv-SE"},{"@type":"Person","@id":"https:\/\/blogg.svenskakyrkan.se\/insikten\/#\/schema\/person\/5081f68a0318ddb64c879f7bc416ce8c","name":"Floby pastorat","image":{"@type":"ImageObject","inLanguage":"sv-SE","@id":"https:\/\/blogg.svenskakyrkan.se\/insikten\/#\/schema\/person\/image\/","url":"https:\/\/secure.gravatar.com\/avatar\/c63a9fd4196da95cea4408b67893dbdb9ec52ef568ee59a4578ad766986bebcd?s=96&d=mm&r=g","contentUrl":"https:\/\/secure.gravatar.com\/avatar\/c63a9fd4196da95cea4408b67893dbdb9ec52ef568ee59a4578ad766986bebcd?s=96&d=mm&r=g","caption":"Floby pastorat"},"url":"https:\/\/blogg.svenskakyrkan.se\/insikten\/author\/helenataubner\/"}]}},"author_meta":{"ID":"250","user_nicename":"helenataubner","user_registered":"2013-01-15 08:36:14","display_name":"Floby pastorat","avatar":"https:\/\/secure.gravatar.com\/avatar\/c63a9fd4196da95cea4408b67893dbdb9ec52ef568ee59a4578ad766986bebcd?s=96&d=mm&r=g"},"featured_image":["https:\/\/blogg.svenskakyrkan.se\/insikten\/files\/2021\/10\/MatsMonica-1024x683.jpg",1024,683,true],"bloginfo":{"name":"Insikten - Floby pastorat","url":"https:\/\/blogg.svenskakyrkan.se\/insikten"},"_links":{"self":[{"href":"https:\/\/blogg.svenskakyrkan.se\/insikten\/wp-json\/wp\/v2\/posts\/120","targetHints":{"allow":["GET"]}}],"collection":[{"href":"https:\/\/blogg.svenskakyrkan.se\/insikten\/wp-json\/wp\/v2\/posts"}],"about":[{"href":"https:\/\/blogg.svenskakyrkan.se\/insikten\/wp-json\/wp\/v2\/types\/post"}],"author":[{"embeddable":true,"href":"https:\/\/blogg.svenskakyrkan.se\/insikten\/wp-json\/wp\/v2\/users\/250"}],"replies":[{"embeddable":true,"href":"https:\/\/blogg.svenskakyrkan.se\/insikten\/wp-json\/wp\/v2\/comments?post=120"}],"version-history":[{"count":7,"href":"https:\/\/blogg.svenskakyrkan.se\/insikten\/wp-json\/wp\/v2\/posts\/120\/revisions"}],"predecessor-version":[{"id":128,"href":"https:\/\/blogg.svenskakyrkan.se\/insikten\/wp-json\/wp\/v2\/posts\/120\/revisions\/128"}],"wp:featuredmedia":[{"embeddable":true,"href":"https:\/\/blogg.svenskakyrkan.se\/insikten\/wp-json\/wp\/v2\/media\/126"}],"wp:attachment":[{"href":"https:\/\/blogg.svenskakyrkan.se\/insikten\/wp-json\/wp\/v2\/media?parent=120"}],"wp:term":[{"taxonomy":"category","embeddable":true,"href":"https:\/\/blogg.svenskakyrkan.se\/insikten\/wp-json\/wp\/v2\/categories?post=120"},{"taxonomy":"post_tag","embeddable":true,"href":"https:\/\/blogg.svenskakyrkan.se\/insikten\/wp-json\/wp\/v2\/tags?post=120"}],"curies":[{"name":"wp","href":"https:\/\/api.w.org\/{rel}","templated":true}]}}