{"id":129,"date":"2021-10-30T15:27:16","date_gmt":"2021-10-30T13:27:16","guid":{"rendered":"https:\/\/blogg.svenskakyrkan.se\/insikten\/?p=129"},"modified":"2021-10-30T15:27:16","modified_gmt":"2021-10-30T13:27:16","slug":"kulturarv-och-stensakring","status":"publish","type":"post","link":"https:\/\/blogg.svenskakyrkan.se\/insikten\/2021\/10\/30\/kulturarv-och-stensakring\/","title":{"rendered":"Kulturarv och stens\u00e4kring"},"content":{"rendered":"\n\n\n<figure class=\"wp-block-image size-large is-style-default\"><img loading=\"lazy\" decoding=\"async\" width=\"1024\" height=\"679\" src=\"https:\/\/blogg.svenskakyrkan.se\/insikten\/files\/2021\/10\/Skarmavbild-2021-10-30-kl.-15.26.06-1024x679.png\" alt=\"\" class=\"wp-image-131\" srcset=\"https:\/\/blogg.svenskakyrkan.se\/insikten\/files\/2021\/10\/Skarmavbild-2021-10-30-kl.-15.26.06-1024x679.png 1024w, https:\/\/blogg.svenskakyrkan.se\/insikten\/files\/2021\/10\/Skarmavbild-2021-10-30-kl.-15.26.06-300x199.png 300w, https:\/\/blogg.svenskakyrkan.se\/insikten\/files\/2021\/10\/Skarmavbild-2021-10-30-kl.-15.26.06-768x509.png 768w, https:\/\/blogg.svenskakyrkan.se\/insikten\/files\/2021\/10\/Skarmavbild-2021-10-30-kl.-15.26.06-1536x1018.png 1536w, https:\/\/blogg.svenskakyrkan.se\/insikten\/files\/2021\/10\/Skarmavbild-2021-10-30-kl.-15.26.06-1200x796.png 1200w, https:\/\/blogg.svenskakyrkan.se\/insikten\/files\/2021\/10\/Skarmavbild-2021-10-30-kl.-15.26.06.png 1650w\" sizes=\"auto, (max-width: 1024px) 100vw, 1024px\" \/><figcaption>Henrik Linnarsson \u00e4r kyrkog\u00e5rdsf\u00f6rman i Floby pastorat.<\/figcaption><\/figure>\n\n\n\n<p>I tusen \u00e5r har det funnits kristna kyrkor och kyrkog\u00e5rdar i trakterna som idag \u00e4r Floby pastorat. Inte s\u00e5 l\u00e5ngt h\u00e4rifr\u00e5n ligger b\u00e5de Husaby och Varnhem, d\u00e4r avg\u00f6rande h\u00e4ndelser har utspelat sig runt kyrkorna. Kulturarvet \u00e4r en viktig del av hela Sveriges historia och det g\u00e4ller inte bara kyrkobyggnaderna. \u00c4ven kyrkog\u00e5rdarna b\u00e4r p\u00e5 tusen\u00e5riga ber\u00e4ttelser.\u00a0<\/p>\n\n\n\n<p>Kyrkog\u00e5rdsf\u00f6rvaltningen har i uppgift att f\u00f6rvalta kulturarvet som finns p\u00e5 v\u00e5ra kyrkog\u00e5rdar. Det inneb\u00e4r dels att forts\u00e4tta dokumentera ber\u00e4ttelserna och dels att underh\u00e5lla platserna, inklusive de gravstenar som \u00e4r av historiskt intresse.&nbsp;<\/p>\n\n\n\n<p>\u2013 Vissa gravar, som till exempel kalkh\u00e4llarna i Kinneved, \u00e4r klassade som kulturhistoriskt intressanta av V\u00e4starvet, ber\u00e4ttar Henrik Linnarsson som \u00e4r kyrkog\u00e5rdsf\u00f6rman i Floby pastorat. Vi har ett ansvar att bevara dem f\u00f6r kommande generationer. Det kan handla om gravstenar med n\u00e5gon unik text, som till exempel stenen i Grolanda som restes \u00f6ver en ensamst\u00e5ende kvinna trots att det var mycket ovanligt p\u00e5 den tiden. Sj\u00e4lva stenen \u00e4r liten och av liggande modell, men den \u00e4r intressant just f\u00f6r att den \u00e4r ovanlig.<\/p>\n\n\n\n<p>Att hantera gravstenarnas historiska v\u00e4rde m\u00f6ter ocks\u00e5 arbetet med att underh\u00e5lla kyrkog\u00e5rdarna f\u00f6r dagens gravr\u00e4ttsinnehavare och kyrkog\u00e5rdsbes\u00f6kare. Arbetet f\u00f6ljer en v\u00e5rd- och underh\u00e5llsplan och syftar bland annat till att uppr\u00e4tth\u00e5lla s\u00e4kerheten p\u00e5 kyrkog\u00e5rdarna.<\/p>\n\n\n\n<p>\u2013 H\u00e4r i Floby har vi inte haft n\u00e5gon olycka med n\u00e5gon gravsten, men tyv\u00e4rr har det h\u00e4nt p\u00e5 andra platser, ber\u00e4ttar Henrik. Stenarna \u00e4r stora och tunga, och d\u00e4rf\u00f6r \u00e4r det v\u00e4ldigt viktigt att de inte kan v\u00e4lta s\u00e5 att n\u00e5gon blir skadad.&nbsp;<\/p>\n\n\n\n<p>Att vissa av de gamla stenarna \u00e4r stora v\u00e4cker ocks\u00e5 fr\u00e5gor om hur arbetet gick till f\u00f6rr i tiden.&nbsp;<\/p>\n\n\n\n<p>\u2013 Ibland kan jag fundera p\u00e5 hur tidigare generationer kyrkog\u00e5rdsarbetare klarade av att hantera stenarna, forts\u00e4tter Henrik. Vissa av dem \u00e4r j\u00e4ttestora! Hur fick de hit dem och hur kunde de resa dem?<\/p>\n\n\n\n<p>Det \u00e4r gravr\u00e4ttsinnehavarens ansvar att stenen \u00e4r i gott skick, men f\u00f6r att underl\u00e4tta f\u00f6r dem genomf\u00f6r kyrkog\u00e5rdsf\u00f6rvaltningen nu ett arbete med s\u00e4kring av gravstenarna runt om p\u00e5 pastoratets kyrkog\u00e5rdar.<\/p>\n\n\n\n<p>\u2013 Vi p\u00e5b\u00f6rjade arbetet med stens\u00e4kringen under 2018, ber\u00e4ttar Henrik.\u00a0Vi \u00e4r bland annat klara med kyrkog\u00e5rdarna i Kinneved, S\u00f6rby, H\u00e4llestad, Tr\u00e4vattna och G\u00f6teve.<\/p>\n\n\n\n<p>Arbetet bygger p\u00e5 de riktlinjer som Centrala Gravv\u00e5rdskommitt\u00e9n har tagit fram. Varje st\u00e5ende sten unders\u00f6ks, bland annat genom att testa att den t\u00e5l ett tryck fr\u00e5n sidan p\u00e5 35 kilo. Tryckm\u00e4tningen genomf\u00f6rs med en speciell m\u00e4tare och det g\u00f6rs manuellt f\u00f6r varje gravsten. Om en sten inte klarar testerna s\u00e5 kontaktas gravr\u00e4ttsinnehavaren.<\/p>\n\n\n\n<p>\u2013 Den som har fr\u00e5gor om kyrkog\u00e5rdarna eller arbetet med stens\u00e4kring \u00e4r sj\u00e4lvklart v\u00e4lkommen att h\u00f6ra av sig till oss, avslutar Henrik.\u00a0<\/p>\n\n\n\n<p><\/p>\n\n\n\n<p>&#8230;&#8230;&#8230;&#8230;&#8230;.<\/p>\n\n\n\n<p>Texten publicerades f\u00f6rsta g\u00e5ngen i Insikten nummer 1 2020.<\/p>\n","protected":false},"excerpt":{"rendered":"<p>I tusen \u00e5r har det funnits kristna kyrkor och kyrkog\u00e5rdar i trakterna som idag \u00e4r Floby pastorat. Inte s\u00e5 l\u00e5ngt h\u00e4rifr\u00e5n ligger b\u00e5de Husaby och Varnhem, d\u00e4r avg\u00f6rande h\u00e4ndelser har utspelat sig runt kyrkorna. Kulturarvet \u00e4r en viktig del av hela Sveriges historia och det g\u00e4ller inte bara kyrkobyggnaderna. \u00c4ven kyrkog\u00e5rdarna b\u00e4r p\u00e5 tusen\u00e5riga ber\u00e4ttelser.\u00a0 [&hellip;]<\/p>\n","protected":false},"author":250,"featured_media":131,"comment_status":"open","ping_status":"open","sticky":false,"template":"","format":"standard","meta":{"_acf_changed":false,"footnotes":""},"categories":[13,12],"tags":[],"class_list":["post-129","post","type-post","status-publish","format-standard","has-post-thumbnail","hentry","category-allhelgona","category-kyrkogardar"],"acf":[],"yoast_head":"<!-- This site is optimized with the Yoast SEO plugin v27.1.1 - https:\/\/yoast.com\/product\/yoast-seo-wordpress\/ -->\n<title>Kulturarv och stens\u00e4kring - Insikten - Floby pastorat<\/title>\n<meta name=\"robots\" content=\"index, follow, max-snippet:-1, max-image-preview:large, max-video-preview:-1\" \/>\n<link rel=\"canonical\" href=\"https:\/\/blogg.svenskakyrkan.se\/insikten\/2021\/10\/30\/kulturarv-och-stensakring\/\" \/>\n<meta property=\"og:locale\" content=\"sv_SE\" \/>\n<meta property=\"og:type\" content=\"article\" \/>\n<meta property=\"og:title\" content=\"Kulturarv och stens\u00e4kring - Insikten - Floby pastorat\" \/>\n<meta property=\"og:description\" content=\"I tusen \u00e5r har det funnits kristna kyrkor och kyrkog\u00e5rdar i trakterna som idag \u00e4r Floby pastorat. Inte s\u00e5 l\u00e5ngt h\u00e4rifr\u00e5n ligger b\u00e5de Husaby och Varnhem, d\u00e4r avg\u00f6rande h\u00e4ndelser har utspelat sig runt kyrkorna. Kulturarvet \u00e4r en viktig del av hela Sveriges historia och det g\u00e4ller inte bara kyrkobyggnaderna. \u00c4ven kyrkog\u00e5rdarna b\u00e4r p\u00e5 tusen\u00e5riga ber\u00e4ttelser.\u00a0 [&hellip;]\" \/>\n<meta property=\"og:url\" content=\"https:\/\/blogg.svenskakyrkan.se\/insikten\/2021\/10\/30\/kulturarv-och-stensakring\/\" \/>\n<meta property=\"og:site_name\" content=\"Insikten - Floby pastorat\" \/>\n<meta property=\"article:published_time\" content=\"2021-10-30T13:27:16+00:00\" \/>\n<meta property=\"og:image\" content=\"https:\/\/blogg.svenskakyrkan.se\/insikten\/files\/2021\/10\/Skarmavbild-2021-10-30-kl.-15.26.06-1024x679.png\" \/>\n\t<meta property=\"og:image:width\" content=\"1024\" \/>\n\t<meta property=\"og:image:height\" content=\"679\" \/>\n\t<meta property=\"og:image:type\" content=\"image\/png\" \/>\n<meta name=\"author\" content=\"Floby pastorat\" \/>\n<meta name=\"twitter:card\" content=\"summary_large_image\" \/>\n<meta name=\"twitter:label1\" content=\"Skriven av\" \/>\n\t<meta name=\"twitter:data1\" content=\"Floby pastorat\" \/>\n\t<meta name=\"twitter:label2\" content=\"Ber\u00e4knad l\u00e4stid\" \/>\n\t<meta name=\"twitter:data2\" content=\"3 minuter\" \/>\n<script type=\"application\/ld+json\" class=\"yoast-schema-graph\">{\"@context\":\"https:\/\/schema.org\",\"@graph\":[{\"@type\":\"Article\",\"@id\":\"https:\/\/blogg.svenskakyrkan.se\/insikten\/2021\/10\/30\/kulturarv-och-stensakring\/#article\",\"isPartOf\":{\"@id\":\"https:\/\/blogg.svenskakyrkan.se\/insikten\/2021\/10\/30\/kulturarv-och-stensakring\/\"},\"author\":{\"name\":\"Floby pastorat\",\"@id\":\"https:\/\/blogg.svenskakyrkan.se\/insikten\/#\/schema\/person\/5081f68a0318ddb64c879f7bc416ce8c\"},\"headline\":\"Kulturarv och stens\u00e4kring\",\"datePublished\":\"2021-10-30T13:27:16+00:00\",\"mainEntityOfPage\":{\"@id\":\"https:\/\/blogg.svenskakyrkan.se\/insikten\/2021\/10\/30\/kulturarv-och-stensakring\/\"},\"wordCount\":545,\"commentCount\":0,\"image\":{\"@id\":\"https:\/\/blogg.svenskakyrkan.se\/insikten\/2021\/10\/30\/kulturarv-och-stensakring\/#primaryimage\"},\"thumbnailUrl\":\"https:\/\/blogg.svenskakyrkan.se\/insikten\/files\/2021\/10\/Skarmavbild-2021-10-30-kl.-15.26.06.png\",\"articleSection\":[\"Allhelgona\",\"Kyrkog\u00e5rdar\"],\"inLanguage\":\"sv-SE\",\"potentialAction\":[{\"@type\":\"CommentAction\",\"name\":\"Comment\",\"target\":[\"https:\/\/blogg.svenskakyrkan.se\/insikten\/2021\/10\/30\/kulturarv-och-stensakring\/#respond\"]}]},{\"@type\":\"WebPage\",\"@id\":\"https:\/\/blogg.svenskakyrkan.se\/insikten\/2021\/10\/30\/kulturarv-och-stensakring\/\",\"url\":\"https:\/\/blogg.svenskakyrkan.se\/insikten\/2021\/10\/30\/kulturarv-och-stensakring\/\",\"name\":\"Kulturarv och stens\u00e4kring - Insikten - Floby pastorat\",\"isPartOf\":{\"@id\":\"https:\/\/blogg.svenskakyrkan.se\/insikten\/#website\"},\"primaryImageOfPage\":{\"@id\":\"https:\/\/blogg.svenskakyrkan.se\/insikten\/2021\/10\/30\/kulturarv-och-stensakring\/#primaryimage\"},\"image\":{\"@id\":\"https:\/\/blogg.svenskakyrkan.se\/insikten\/2021\/10\/30\/kulturarv-och-stensakring\/#primaryimage\"},\"thumbnailUrl\":\"https:\/\/blogg.svenskakyrkan.se\/insikten\/files\/2021\/10\/Skarmavbild-2021-10-30-kl.-15.26.06.png\",\"datePublished\":\"2021-10-30T13:27:16+00:00\",\"author\":{\"@id\":\"https:\/\/blogg.svenskakyrkan.se\/insikten\/#\/schema\/person\/5081f68a0318ddb64c879f7bc416ce8c\"},\"breadcrumb\":{\"@id\":\"https:\/\/blogg.svenskakyrkan.se\/insikten\/2021\/10\/30\/kulturarv-och-stensakring\/#breadcrumb\"},\"inLanguage\":\"sv-SE\",\"potentialAction\":[{\"@type\":\"ReadAction\",\"target\":[\"https:\/\/blogg.svenskakyrkan.se\/insikten\/2021\/10\/30\/kulturarv-och-stensakring\/\"]}]},{\"@type\":\"ImageObject\",\"inLanguage\":\"sv-SE\",\"@id\":\"https:\/\/blogg.svenskakyrkan.se\/insikten\/2021\/10\/30\/kulturarv-och-stensakring\/#primaryimage\",\"url\":\"https:\/\/blogg.svenskakyrkan.se\/insikten\/files\/2021\/10\/Skarmavbild-2021-10-30-kl.-15.26.06.png\",\"contentUrl\":\"https:\/\/blogg.svenskakyrkan.se\/insikten\/files\/2021\/10\/Skarmavbild-2021-10-30-kl.-15.26.06.png\",\"width\":1650,\"height\":1094},{\"@type\":\"BreadcrumbList\",\"@id\":\"https:\/\/blogg.svenskakyrkan.se\/insikten\/2021\/10\/30\/kulturarv-och-stensakring\/#breadcrumb\",\"itemListElement\":[{\"@type\":\"ListItem\",\"position\":1,\"name\":\"Hem\",\"item\":\"https:\/\/blogg.svenskakyrkan.se\/insikten\/\"},{\"@type\":\"ListItem\",\"position\":2,\"name\":\"Kulturarv och stens\u00e4kring\"}]},{\"@type\":\"WebSite\",\"@id\":\"https:\/\/blogg.svenskakyrkan.se\/insikten\/#website\",\"url\":\"https:\/\/blogg.svenskakyrkan.se\/insikten\/\",\"name\":\"Insikten - Floby pastorat\",\"description\":\"Insikter, utsikter och emellan\u00e5t \u00e4ven \u00e5sikter fr\u00e5n Floby pastorat i Skara stift.\",\"potentialAction\":[{\"@type\":\"SearchAction\",\"target\":{\"@type\":\"EntryPoint\",\"urlTemplate\":\"https:\/\/blogg.svenskakyrkan.se\/insikten\/?s={search_term_string}\"},\"query-input\":{\"@type\":\"PropertyValueSpecification\",\"valueRequired\":true,\"valueName\":\"search_term_string\"}}],\"inLanguage\":\"sv-SE\"},{\"@type\":\"Person\",\"@id\":\"https:\/\/blogg.svenskakyrkan.se\/insikten\/#\/schema\/person\/5081f68a0318ddb64c879f7bc416ce8c\",\"name\":\"Floby pastorat\",\"image\":{\"@type\":\"ImageObject\",\"inLanguage\":\"sv-SE\",\"@id\":\"https:\/\/blogg.svenskakyrkan.se\/insikten\/#\/schema\/person\/image\/\",\"url\":\"https:\/\/secure.gravatar.com\/avatar\/c63a9fd4196da95cea4408b67893dbdb9ec52ef568ee59a4578ad766986bebcd?s=96&d=mm&r=g\",\"contentUrl\":\"https:\/\/secure.gravatar.com\/avatar\/c63a9fd4196da95cea4408b67893dbdb9ec52ef568ee59a4578ad766986bebcd?s=96&d=mm&r=g\",\"caption\":\"Floby pastorat\"},\"url\":\"https:\/\/blogg.svenskakyrkan.se\/insikten\/author\/helenataubner\/\"}]}<\/script>\n<!-- \/ Yoast SEO plugin. -->","yoast_head_json":{"title":"Kulturarv och stens\u00e4kring - Insikten - Floby pastorat","robots":{"index":"index","follow":"follow","max-snippet":"max-snippet:-1","max-image-preview":"max-image-preview:large","max-video-preview":"max-video-preview:-1"},"canonical":"https:\/\/blogg.svenskakyrkan.se\/insikten\/2021\/10\/30\/kulturarv-och-stensakring\/","og_locale":"sv_SE","og_type":"article","og_title":"Kulturarv och stens\u00e4kring - Insikten - Floby pastorat","og_description":"I tusen \u00e5r har det funnits kristna kyrkor och kyrkog\u00e5rdar i trakterna som idag \u00e4r Floby pastorat. Inte s\u00e5 l\u00e5ngt h\u00e4rifr\u00e5n ligger b\u00e5de Husaby och Varnhem, d\u00e4r avg\u00f6rande h\u00e4ndelser har utspelat sig runt kyrkorna. Kulturarvet \u00e4r en viktig del av hela Sveriges historia och det g\u00e4ller inte bara kyrkobyggnaderna. \u00c4ven kyrkog\u00e5rdarna b\u00e4r p\u00e5 tusen\u00e5riga ber\u00e4ttelser.\u00a0 [&hellip;]","og_url":"https:\/\/blogg.svenskakyrkan.se\/insikten\/2021\/10\/30\/kulturarv-och-stensakring\/","og_site_name":"Insikten - Floby pastorat","article_published_time":"2021-10-30T13:27:16+00:00","og_image":[{"width":1024,"height":679,"url":"https:\/\/blogg.svenskakyrkan.se\/insikten\/files\/2021\/10\/Skarmavbild-2021-10-30-kl.-15.26.06-1024x679.png","type":"image\/png"}],"author":"Floby pastorat","twitter_card":"summary_large_image","twitter_misc":{"Skriven av":"Floby pastorat","Ber\u00e4knad l\u00e4stid":"3 minuter"},"schema":{"@context":"https:\/\/schema.org","@graph":[{"@type":"Article","@id":"https:\/\/blogg.svenskakyrkan.se\/insikten\/2021\/10\/30\/kulturarv-och-stensakring\/#article","isPartOf":{"@id":"https:\/\/blogg.svenskakyrkan.se\/insikten\/2021\/10\/30\/kulturarv-och-stensakring\/"},"author":{"name":"Floby pastorat","@id":"https:\/\/blogg.svenskakyrkan.se\/insikten\/#\/schema\/person\/5081f68a0318ddb64c879f7bc416ce8c"},"headline":"Kulturarv och stens\u00e4kring","datePublished":"2021-10-30T13:27:16+00:00","mainEntityOfPage":{"@id":"https:\/\/blogg.svenskakyrkan.se\/insikten\/2021\/10\/30\/kulturarv-och-stensakring\/"},"wordCount":545,"commentCount":0,"image":{"@id":"https:\/\/blogg.svenskakyrkan.se\/insikten\/2021\/10\/30\/kulturarv-och-stensakring\/#primaryimage"},"thumbnailUrl":"https:\/\/blogg.svenskakyrkan.se\/insikten\/files\/2021\/10\/Skarmavbild-2021-10-30-kl.-15.26.06.png","articleSection":["Allhelgona","Kyrkog\u00e5rdar"],"inLanguage":"sv-SE","potentialAction":[{"@type":"CommentAction","name":"Comment","target":["https:\/\/blogg.svenskakyrkan.se\/insikten\/2021\/10\/30\/kulturarv-och-stensakring\/#respond"]}]},{"@type":"WebPage","@id":"https:\/\/blogg.svenskakyrkan.se\/insikten\/2021\/10\/30\/kulturarv-och-stensakring\/","url":"https:\/\/blogg.svenskakyrkan.se\/insikten\/2021\/10\/30\/kulturarv-och-stensakring\/","name":"Kulturarv och stens\u00e4kring - Insikten - Floby pastorat","isPartOf":{"@id":"https:\/\/blogg.svenskakyrkan.se\/insikten\/#website"},"primaryImageOfPage":{"@id":"https:\/\/blogg.svenskakyrkan.se\/insikten\/2021\/10\/30\/kulturarv-och-stensakring\/#primaryimage"},"image":{"@id":"https:\/\/blogg.svenskakyrkan.se\/insikten\/2021\/10\/30\/kulturarv-och-stensakring\/#primaryimage"},"thumbnailUrl":"https:\/\/blogg.svenskakyrkan.se\/insikten\/files\/2021\/10\/Skarmavbild-2021-10-30-kl.-15.26.06.png","datePublished":"2021-10-30T13:27:16+00:00","author":{"@id":"https:\/\/blogg.svenskakyrkan.se\/insikten\/#\/schema\/person\/5081f68a0318ddb64c879f7bc416ce8c"},"breadcrumb":{"@id":"https:\/\/blogg.svenskakyrkan.se\/insikten\/2021\/10\/30\/kulturarv-och-stensakring\/#breadcrumb"},"inLanguage":"sv-SE","potentialAction":[{"@type":"ReadAction","target":["https:\/\/blogg.svenskakyrkan.se\/insikten\/2021\/10\/30\/kulturarv-och-stensakring\/"]}]},{"@type":"ImageObject","inLanguage":"sv-SE","@id":"https:\/\/blogg.svenskakyrkan.se\/insikten\/2021\/10\/30\/kulturarv-och-stensakring\/#primaryimage","url":"https:\/\/blogg.svenskakyrkan.se\/insikten\/files\/2021\/10\/Skarmavbild-2021-10-30-kl.-15.26.06.png","contentUrl":"https:\/\/blogg.svenskakyrkan.se\/insikten\/files\/2021\/10\/Skarmavbild-2021-10-30-kl.-15.26.06.png","width":1650,"height":1094},{"@type":"BreadcrumbList","@id":"https:\/\/blogg.svenskakyrkan.se\/insikten\/2021\/10\/30\/kulturarv-och-stensakring\/#breadcrumb","itemListElement":[{"@type":"ListItem","position":1,"name":"Hem","item":"https:\/\/blogg.svenskakyrkan.se\/insikten\/"},{"@type":"ListItem","position":2,"name":"Kulturarv och stens\u00e4kring"}]},{"@type":"WebSite","@id":"https:\/\/blogg.svenskakyrkan.se\/insikten\/#website","url":"https:\/\/blogg.svenskakyrkan.se\/insikten\/","name":"Insikten - Floby pastorat","description":"Insikter, utsikter och emellan\u00e5t \u00e4ven \u00e5sikter fr\u00e5n Floby pastorat i Skara stift.","potentialAction":[{"@type":"SearchAction","target":{"@type":"EntryPoint","urlTemplate":"https:\/\/blogg.svenskakyrkan.se\/insikten\/?s={search_term_string}"},"query-input":{"@type":"PropertyValueSpecification","valueRequired":true,"valueName":"search_term_string"}}],"inLanguage":"sv-SE"},{"@type":"Person","@id":"https:\/\/blogg.svenskakyrkan.se\/insikten\/#\/schema\/person\/5081f68a0318ddb64c879f7bc416ce8c","name":"Floby pastorat","image":{"@type":"ImageObject","inLanguage":"sv-SE","@id":"https:\/\/blogg.svenskakyrkan.se\/insikten\/#\/schema\/person\/image\/","url":"https:\/\/secure.gravatar.com\/avatar\/c63a9fd4196da95cea4408b67893dbdb9ec52ef568ee59a4578ad766986bebcd?s=96&d=mm&r=g","contentUrl":"https:\/\/secure.gravatar.com\/avatar\/c63a9fd4196da95cea4408b67893dbdb9ec52ef568ee59a4578ad766986bebcd?s=96&d=mm&r=g","caption":"Floby pastorat"},"url":"https:\/\/blogg.svenskakyrkan.se\/insikten\/author\/helenataubner\/"}]}},"author_meta":{"ID":"250","user_nicename":"helenataubner","user_registered":"2013-01-15 08:36:14","display_name":"Floby pastorat","avatar":"https:\/\/secure.gravatar.com\/avatar\/c63a9fd4196da95cea4408b67893dbdb9ec52ef568ee59a4578ad766986bebcd?s=96&d=mm&r=g"},"featured_image":["https:\/\/blogg.svenskakyrkan.se\/insikten\/files\/2021\/10\/Skarmavbild-2021-10-30-kl.-15.26.06-1024x679.png",1024,679,true],"bloginfo":{"name":"Insikten - Floby pastorat","url":"https:\/\/blogg.svenskakyrkan.se\/insikten"},"_links":{"self":[{"href":"https:\/\/blogg.svenskakyrkan.se\/insikten\/wp-json\/wp\/v2\/posts\/129","targetHints":{"allow":["GET"]}}],"collection":[{"href":"https:\/\/blogg.svenskakyrkan.se\/insikten\/wp-json\/wp\/v2\/posts"}],"about":[{"href":"https:\/\/blogg.svenskakyrkan.se\/insikten\/wp-json\/wp\/v2\/types\/post"}],"author":[{"embeddable":true,"href":"https:\/\/blogg.svenskakyrkan.se\/insikten\/wp-json\/wp\/v2\/users\/250"}],"replies":[{"embeddable":true,"href":"https:\/\/blogg.svenskakyrkan.se\/insikten\/wp-json\/wp\/v2\/comments?post=129"}],"version-history":[{"count":2,"href":"https:\/\/blogg.svenskakyrkan.se\/insikten\/wp-json\/wp\/v2\/posts\/129\/revisions"}],"predecessor-version":[{"id":132,"href":"https:\/\/blogg.svenskakyrkan.se\/insikten\/wp-json\/wp\/v2\/posts\/129\/revisions\/132"}],"wp:featuredmedia":[{"embeddable":true,"href":"https:\/\/blogg.svenskakyrkan.se\/insikten\/wp-json\/wp\/v2\/media\/131"}],"wp:attachment":[{"href":"https:\/\/blogg.svenskakyrkan.se\/insikten\/wp-json\/wp\/v2\/media?parent=129"}],"wp:term":[{"taxonomy":"category","embeddable":true,"href":"https:\/\/blogg.svenskakyrkan.se\/insikten\/wp-json\/wp\/v2\/categories?post=129"},{"taxonomy":"post_tag","embeddable":true,"href":"https:\/\/blogg.svenskakyrkan.se\/insikten\/wp-json\/wp\/v2\/tags?post=129"}],"curies":[{"name":"wp","href":"https:\/\/api.w.org\/{rel}","templated":true}]}}