{"id":133,"date":"2021-10-30T15:35:08","date_gmt":"2021-10-30T13:35:08","guid":{"rendered":"https:\/\/blogg.svenskakyrkan.se\/insikten\/?p=133"},"modified":"2021-10-30T15:35:08","modified_gmt":"2021-10-30T13:35:08","slug":"stearinljus-och-medmansklighet","status":"publish","type":"post","link":"https:\/\/blogg.svenskakyrkan.se\/insikten\/2021\/10\/30\/stearinljus-och-medmansklighet\/","title":{"rendered":"Stearinljus och medm\u00e4nsklighet"},"content":{"rendered":"\n\n\n<figure class=\"wp-block-image size-large is-style-default\"><img loading=\"lazy\" decoding=\"async\" width=\"1024\" height=\"562\" src=\"https:\/\/blogg.svenskakyrkan.se\/insikten\/files\/2021\/10\/Skarmavbild-2021-10-30-kl.-15.31.40-1024x562.png\" alt=\"\" class=\"wp-image-134\" srcset=\"https:\/\/blogg.svenskakyrkan.se\/insikten\/files\/2021\/10\/Skarmavbild-2021-10-30-kl.-15.31.40-1024x562.png 1024w, https:\/\/blogg.svenskakyrkan.se\/insikten\/files\/2021\/10\/Skarmavbild-2021-10-30-kl.-15.31.40-300x165.png 300w, https:\/\/blogg.svenskakyrkan.se\/insikten\/files\/2021\/10\/Skarmavbild-2021-10-30-kl.-15.31.40-768x422.png 768w, https:\/\/blogg.svenskakyrkan.se\/insikten\/files\/2021\/10\/Skarmavbild-2021-10-30-kl.-15.31.40-1200x659.png 1200w, https:\/\/blogg.svenskakyrkan.se\/insikten\/files\/2021\/10\/Skarmavbild-2021-10-30-kl.-15.31.40.png 1260w\" sizes=\"auto, (max-width: 1024px) 100vw, 1024px\" \/><figcaption>Ingrid T\u00f6rnqvist delar ut ljus utanf\u00f6r ICA i \u00c5sarp.<\/figcaption><\/figure>\n\n\n\n<p>Under de senaste \u00e5ren har allhelgonahelgen f\u00e5tt en allt st\u00f6rre betydelse. Fler m\u00e4nniskor bes\u00f6ker kyrkog\u00e5rdarna f\u00f6r att minnas sina n\u00e4ra som har g\u00e5tt bort. Inte minst syns det \u00f6kade intresset p\u00e5 alla de levande ljus som brinner p\u00e5 gravarna n\u00e4r m\u00f6rkret faller. Det har blivit en uppskattad tradition att promenera i stillhet p\u00e5 kyrkog\u00e5rdarna.\u00a0<\/p>\n\n\n\n<p>\u00c4ven i hemmen t\u00e4nder m\u00e4nniskor ljus f\u00f6r att minnas de som \u00e4r saknade. Som en symbol f\u00f6r detta delar Svenska kyrkan ut stearinljus runt om i landet. I Floby pastorat \u00e4r det Noomi Ragnarsson och Ingrid T\u00f6rnqvist som st\u00e5r f\u00f6r ljusutdelningen.&nbsp;<\/p>\n\n\n\n<p>\u2013 Att f\u00e5 ett ljus \u00e4r uppskattat av m\u00e4nniskorna vi m\u00f6ter, ber\u00e4ttar Noomi. Det k\u00e4nns som att vi g\u00f6r en liten symbolisk insats f\u00f6r dem. Det h\u00e4nder att de blir f\u00f6rv\u00e5nade \u00f6ver att det \u00e4r gratis, att ljuset \u00e4r en g\u00e5va. De fr\u00e5gar \u201dKostar det inget?\u201d. Kanske \u00e4r vi inte s\u00e5 vana vid att saker \u00e4r gratis.<\/p>\n\n\n\n<p>F\u00f6rsta \u00e5ret som ljusutdelningen genomf\u00f6rdes var 2017. D\u00e5 var det Noomi och ett par andra personer som delade ut ljus, och Ingrid ansl\u00f6t 2019. Under ett par timmar p\u00e5 fredagen innan Alla helgons dag st\u00e5r de utanf\u00f6r ICA i \u00c5sarp och delar ut ljus till alla som vill ha.&nbsp;<\/p>\n\n\n\n<blockquote class=\"wp-block-quote is-layout-flow wp-block-quote-is-layout-flow\"><p>\u2013 En del f\u00e5r tv\u00e5 ljus, s\u00e5 att de kan ta med sig ett och ge till n\u00e5gon annan. P\u00e5 s\u00e5 vis kan omtanken spridas vidare som ringar p\u00e5 vattnet, s\u00e4ger Ingrid. De flesta vet nog n\u00e5gon som har sorg eller av n\u00e5gon annan anledning kan beh\u00f6va det extra ljuset.\u00a0<\/p><\/blockquote>\n\n\n\n<p>Ut\u00f6ver sj\u00e4lva ljusen delar Noomi och Ingrid ocks\u00e5 ut en folder med rubriken \u201dF\u00f6rsta hj\u00e4lpen vid sorg\u201d. Den \u00e4r utgiven av Svenska kyrkan p\u00e5 riksniv\u00e5 och inneh\u00e5ller konkreta tips p\u00e5 vad man kan g\u00f6ra f\u00f6r att st\u00f6tta n\u00e5gon som har sorg.&nbsp;<\/p>\n\n\n\n<p>\u2013 Tipsen handlar om medm\u00e4nsklighet, s\u00e4ger Noomi och Ingrid samst\u00e4mmigt. Det \u00e4r inte s\u00e5 enkelt att veta hur man kan finnas d\u00e4r f\u00f6r n\u00e5gon som s\u00f6rjer, s\u00e5 tipsen kan bli ett s\u00e4tt att v\u00e5ga ta f\u00f6rsta steget.\u00a0<\/p>\n\n\n\n<p><\/p>\n\n\n\n<p>&#8230;&#8230;&#8230;&#8230;&#8230;&#8230;&#8230;<\/p>\n\n\n\n<p>Tips: <\/p>\n\n\n\n<p>&#8221;F\u00f6rsta hj\u00e4lpen vid sorg finns h\u00e4r&#8221;: <a href=\"https:\/\/www.svenskakyrkan.se\/sorg\/forsta-hjalpen-vid-sorg\">www.svenskakyrkan.se\/sorg\/forsta-hjalpen-vid-sorg <\/a><\/p>\n\n\n\n<p>\u00c4nnu fler tips och annat som har med sorg att g\u00f6ra finns att l\u00e4sa p\u00e5 <a href=\"https:\/\/www.svenskakyrkan.se\/sorg\">www.svenskakyrkan.se\/sorg<\/a><\/p>\n\n\n\n<p><\/p>\n\n\n\n<p>Texten publicerades f\u00f6rsta g\u00e5ngen i Insikten nummer 4 2020.<\/p>\n","protected":false},"excerpt":{"rendered":"<p>Under de senaste \u00e5ren har allhelgonahelgen f\u00e5tt en allt st\u00f6rre betydelse. Fler m\u00e4nniskor bes\u00f6ker kyrkog\u00e5rdarna f\u00f6r att minnas sina n\u00e4ra som har g\u00e5tt bort. Inte minst syns det \u00f6kade intresset p\u00e5 alla de levande ljus som brinner p\u00e5 gravarna n\u00e4r m\u00f6rkret faller. Det har blivit en uppskattad tradition att promenera i stillhet p\u00e5 kyrkog\u00e5rdarna.\u00a0 \u00c4ven [&hellip;]<\/p>\n","protected":false},"author":250,"featured_media":134,"comment_status":"open","ping_status":"open","sticky":false,"template":"","format":"standard","meta":{"_acf_changed":false,"footnotes":""},"categories":[13,7],"tags":[],"class_list":["post-133","post","type-post","status-publish","format-standard","has-post-thumbnail","hentry","category-allhelgona","category-engagemang"],"acf":[],"yoast_head":"<!-- This site is optimized with the Yoast SEO plugin v27.1.1 - https:\/\/yoast.com\/product\/yoast-seo-wordpress\/ -->\n<title>Stearinljus och medm\u00e4nsklighet - Insikten - Floby pastorat<\/title>\n<meta name=\"robots\" content=\"index, follow, max-snippet:-1, max-image-preview:large, max-video-preview:-1\" \/>\n<link rel=\"canonical\" href=\"https:\/\/blogg.svenskakyrkan.se\/insikten\/2021\/10\/30\/stearinljus-och-medmansklighet\/\" \/>\n<meta property=\"og:locale\" content=\"sv_SE\" \/>\n<meta property=\"og:type\" content=\"article\" \/>\n<meta property=\"og:title\" content=\"Stearinljus och medm\u00e4nsklighet - Insikten - Floby pastorat\" \/>\n<meta property=\"og:description\" content=\"Under de senaste \u00e5ren har allhelgonahelgen f\u00e5tt en allt st\u00f6rre betydelse. Fler m\u00e4nniskor bes\u00f6ker kyrkog\u00e5rdarna f\u00f6r att minnas sina n\u00e4ra som har g\u00e5tt bort. Inte minst syns det \u00f6kade intresset p\u00e5 alla de levande ljus som brinner p\u00e5 gravarna n\u00e4r m\u00f6rkret faller. Det har blivit en uppskattad tradition att promenera i stillhet p\u00e5 kyrkog\u00e5rdarna.\u00a0 \u00c4ven [&hellip;]\" \/>\n<meta property=\"og:url\" content=\"https:\/\/blogg.svenskakyrkan.se\/insikten\/2021\/10\/30\/stearinljus-och-medmansklighet\/\" \/>\n<meta property=\"og:site_name\" content=\"Insikten - Floby pastorat\" \/>\n<meta property=\"article:published_time\" content=\"2021-10-30T13:35:08+00:00\" \/>\n<meta property=\"og:image\" content=\"https:\/\/blogg.svenskakyrkan.se\/insikten\/files\/2021\/10\/Skarmavbild-2021-10-30-kl.-15.31.40.png\" \/>\n\t<meta property=\"og:image:width\" content=\"1260\" \/>\n\t<meta property=\"og:image:height\" content=\"692\" \/>\n\t<meta property=\"og:image:type\" content=\"image\/png\" \/>\n<meta name=\"author\" content=\"Floby pastorat\" \/>\n<meta name=\"twitter:card\" content=\"summary_large_image\" \/>\n<meta name=\"twitter:label1\" content=\"Skriven av\" \/>\n\t<meta name=\"twitter:data1\" content=\"Floby pastorat\" \/>\n\t<meta name=\"twitter:label2\" content=\"Ber\u00e4knad l\u00e4stid\" \/>\n\t<meta name=\"twitter:data2\" content=\"2 minuter\" \/>\n<script type=\"application\/ld+json\" class=\"yoast-schema-graph\">{\"@context\":\"https:\/\/schema.org\",\"@graph\":[{\"@type\":\"Article\",\"@id\":\"https:\/\/blogg.svenskakyrkan.se\/insikten\/2021\/10\/30\/stearinljus-och-medmansklighet\/#article\",\"isPartOf\":{\"@id\":\"https:\/\/blogg.svenskakyrkan.se\/insikten\/2021\/10\/30\/stearinljus-och-medmansklighet\/\"},\"author\":{\"name\":\"Floby pastorat\",\"@id\":\"https:\/\/blogg.svenskakyrkan.se\/insikten\/#\/schema\/person\/5081f68a0318ddb64c879f7bc416ce8c\"},\"headline\":\"Stearinljus och medm\u00e4nsklighet\",\"datePublished\":\"2021-10-30T13:35:08+00:00\",\"mainEntityOfPage\":{\"@id\":\"https:\/\/blogg.svenskakyrkan.se\/insikten\/2021\/10\/30\/stearinljus-och-medmansklighet\/\"},\"wordCount\":446,\"commentCount\":0,\"image\":{\"@id\":\"https:\/\/blogg.svenskakyrkan.se\/insikten\/2021\/10\/30\/stearinljus-och-medmansklighet\/#primaryimage\"},\"thumbnailUrl\":\"https:\/\/blogg.svenskakyrkan.se\/insikten\/files\/2021\/10\/Skarmavbild-2021-10-30-kl.-15.31.40.png\",\"articleSection\":[\"Allhelgona\",\"Engagemang\"],\"inLanguage\":\"sv-SE\",\"potentialAction\":[{\"@type\":\"CommentAction\",\"name\":\"Comment\",\"target\":[\"https:\/\/blogg.svenskakyrkan.se\/insikten\/2021\/10\/30\/stearinljus-och-medmansklighet\/#respond\"]}]},{\"@type\":\"WebPage\",\"@id\":\"https:\/\/blogg.svenskakyrkan.se\/insikten\/2021\/10\/30\/stearinljus-och-medmansklighet\/\",\"url\":\"https:\/\/blogg.svenskakyrkan.se\/insikten\/2021\/10\/30\/stearinljus-och-medmansklighet\/\",\"name\":\"Stearinljus och medm\u00e4nsklighet - Insikten - Floby pastorat\",\"isPartOf\":{\"@id\":\"https:\/\/blogg.svenskakyrkan.se\/insikten\/#website\"},\"primaryImageOfPage\":{\"@id\":\"https:\/\/blogg.svenskakyrkan.se\/insikten\/2021\/10\/30\/stearinljus-och-medmansklighet\/#primaryimage\"},\"image\":{\"@id\":\"https:\/\/blogg.svenskakyrkan.se\/insikten\/2021\/10\/30\/stearinljus-och-medmansklighet\/#primaryimage\"},\"thumbnailUrl\":\"https:\/\/blogg.svenskakyrkan.se\/insikten\/files\/2021\/10\/Skarmavbild-2021-10-30-kl.-15.31.40.png\",\"datePublished\":\"2021-10-30T13:35:08+00:00\",\"author\":{\"@id\":\"https:\/\/blogg.svenskakyrkan.se\/insikten\/#\/schema\/person\/5081f68a0318ddb64c879f7bc416ce8c\"},\"breadcrumb\":{\"@id\":\"https:\/\/blogg.svenskakyrkan.se\/insikten\/2021\/10\/30\/stearinljus-och-medmansklighet\/#breadcrumb\"},\"inLanguage\":\"sv-SE\",\"potentialAction\":[{\"@type\":\"ReadAction\",\"target\":[\"https:\/\/blogg.svenskakyrkan.se\/insikten\/2021\/10\/30\/stearinljus-och-medmansklighet\/\"]}]},{\"@type\":\"ImageObject\",\"inLanguage\":\"sv-SE\",\"@id\":\"https:\/\/blogg.svenskakyrkan.se\/insikten\/2021\/10\/30\/stearinljus-och-medmansklighet\/#primaryimage\",\"url\":\"https:\/\/blogg.svenskakyrkan.se\/insikten\/files\/2021\/10\/Skarmavbild-2021-10-30-kl.-15.31.40.png\",\"contentUrl\":\"https:\/\/blogg.svenskakyrkan.se\/insikten\/files\/2021\/10\/Skarmavbild-2021-10-30-kl.-15.31.40.png\",\"width\":1260,\"height\":692},{\"@type\":\"BreadcrumbList\",\"@id\":\"https:\/\/blogg.svenskakyrkan.se\/insikten\/2021\/10\/30\/stearinljus-och-medmansklighet\/#breadcrumb\",\"itemListElement\":[{\"@type\":\"ListItem\",\"position\":1,\"name\":\"Hem\",\"item\":\"https:\/\/blogg.svenskakyrkan.se\/insikten\/\"},{\"@type\":\"ListItem\",\"position\":2,\"name\":\"Stearinljus och medm\u00e4nsklighet\"}]},{\"@type\":\"WebSite\",\"@id\":\"https:\/\/blogg.svenskakyrkan.se\/insikten\/#website\",\"url\":\"https:\/\/blogg.svenskakyrkan.se\/insikten\/\",\"name\":\"Insikten - Floby pastorat\",\"description\":\"Insikter, utsikter och emellan\u00e5t \u00e4ven \u00e5sikter fr\u00e5n Floby pastorat i Skara stift.\",\"potentialAction\":[{\"@type\":\"SearchAction\",\"target\":{\"@type\":\"EntryPoint\",\"urlTemplate\":\"https:\/\/blogg.svenskakyrkan.se\/insikten\/?s={search_term_string}\"},\"query-input\":{\"@type\":\"PropertyValueSpecification\",\"valueRequired\":true,\"valueName\":\"search_term_string\"}}],\"inLanguage\":\"sv-SE\"},{\"@type\":\"Person\",\"@id\":\"https:\/\/blogg.svenskakyrkan.se\/insikten\/#\/schema\/person\/5081f68a0318ddb64c879f7bc416ce8c\",\"name\":\"Floby pastorat\",\"image\":{\"@type\":\"ImageObject\",\"inLanguage\":\"sv-SE\",\"@id\":\"https:\/\/blogg.svenskakyrkan.se\/insikten\/#\/schema\/person\/image\/\",\"url\":\"https:\/\/secure.gravatar.com\/avatar\/c63a9fd4196da95cea4408b67893dbdb9ec52ef568ee59a4578ad766986bebcd?s=96&d=mm&r=g\",\"contentUrl\":\"https:\/\/secure.gravatar.com\/avatar\/c63a9fd4196da95cea4408b67893dbdb9ec52ef568ee59a4578ad766986bebcd?s=96&d=mm&r=g\",\"caption\":\"Floby pastorat\"},\"url\":\"https:\/\/blogg.svenskakyrkan.se\/insikten\/author\/helenataubner\/\"}]}<\/script>\n<!-- \/ Yoast SEO plugin. -->","yoast_head_json":{"title":"Stearinljus och medm\u00e4nsklighet - Insikten - Floby pastorat","robots":{"index":"index","follow":"follow","max-snippet":"max-snippet:-1","max-image-preview":"max-image-preview:large","max-video-preview":"max-video-preview:-1"},"canonical":"https:\/\/blogg.svenskakyrkan.se\/insikten\/2021\/10\/30\/stearinljus-och-medmansklighet\/","og_locale":"sv_SE","og_type":"article","og_title":"Stearinljus och medm\u00e4nsklighet - Insikten - Floby pastorat","og_description":"Under de senaste \u00e5ren har allhelgonahelgen f\u00e5tt en allt st\u00f6rre betydelse. Fler m\u00e4nniskor bes\u00f6ker kyrkog\u00e5rdarna f\u00f6r att minnas sina n\u00e4ra som har g\u00e5tt bort. Inte minst syns det \u00f6kade intresset p\u00e5 alla de levande ljus som brinner p\u00e5 gravarna n\u00e4r m\u00f6rkret faller. Det har blivit en uppskattad tradition att promenera i stillhet p\u00e5 kyrkog\u00e5rdarna.\u00a0 \u00c4ven [&hellip;]","og_url":"https:\/\/blogg.svenskakyrkan.se\/insikten\/2021\/10\/30\/stearinljus-och-medmansklighet\/","og_site_name":"Insikten - Floby pastorat","article_published_time":"2021-10-30T13:35:08+00:00","og_image":[{"width":1260,"height":692,"url":"https:\/\/blogg.svenskakyrkan.se\/insikten\/files\/2021\/10\/Skarmavbild-2021-10-30-kl.-15.31.40.png","type":"image\/png"}],"author":"Floby pastorat","twitter_card":"summary_large_image","twitter_misc":{"Skriven av":"Floby pastorat","Ber\u00e4knad l\u00e4stid":"2 minuter"},"schema":{"@context":"https:\/\/schema.org","@graph":[{"@type":"Article","@id":"https:\/\/blogg.svenskakyrkan.se\/insikten\/2021\/10\/30\/stearinljus-och-medmansklighet\/#article","isPartOf":{"@id":"https:\/\/blogg.svenskakyrkan.se\/insikten\/2021\/10\/30\/stearinljus-och-medmansklighet\/"},"author":{"name":"Floby pastorat","@id":"https:\/\/blogg.svenskakyrkan.se\/insikten\/#\/schema\/person\/5081f68a0318ddb64c879f7bc416ce8c"},"headline":"Stearinljus och medm\u00e4nsklighet","datePublished":"2021-10-30T13:35:08+00:00","mainEntityOfPage":{"@id":"https:\/\/blogg.svenskakyrkan.se\/insikten\/2021\/10\/30\/stearinljus-och-medmansklighet\/"},"wordCount":446,"commentCount":0,"image":{"@id":"https:\/\/blogg.svenskakyrkan.se\/insikten\/2021\/10\/30\/stearinljus-och-medmansklighet\/#primaryimage"},"thumbnailUrl":"https:\/\/blogg.svenskakyrkan.se\/insikten\/files\/2021\/10\/Skarmavbild-2021-10-30-kl.-15.31.40.png","articleSection":["Allhelgona","Engagemang"],"inLanguage":"sv-SE","potentialAction":[{"@type":"CommentAction","name":"Comment","target":["https:\/\/blogg.svenskakyrkan.se\/insikten\/2021\/10\/30\/stearinljus-och-medmansklighet\/#respond"]}]},{"@type":"WebPage","@id":"https:\/\/blogg.svenskakyrkan.se\/insikten\/2021\/10\/30\/stearinljus-och-medmansklighet\/","url":"https:\/\/blogg.svenskakyrkan.se\/insikten\/2021\/10\/30\/stearinljus-och-medmansklighet\/","name":"Stearinljus och medm\u00e4nsklighet - Insikten - Floby pastorat","isPartOf":{"@id":"https:\/\/blogg.svenskakyrkan.se\/insikten\/#website"},"primaryImageOfPage":{"@id":"https:\/\/blogg.svenskakyrkan.se\/insikten\/2021\/10\/30\/stearinljus-och-medmansklighet\/#primaryimage"},"image":{"@id":"https:\/\/blogg.svenskakyrkan.se\/insikten\/2021\/10\/30\/stearinljus-och-medmansklighet\/#primaryimage"},"thumbnailUrl":"https:\/\/blogg.svenskakyrkan.se\/insikten\/files\/2021\/10\/Skarmavbild-2021-10-30-kl.-15.31.40.png","datePublished":"2021-10-30T13:35:08+00:00","author":{"@id":"https:\/\/blogg.svenskakyrkan.se\/insikten\/#\/schema\/person\/5081f68a0318ddb64c879f7bc416ce8c"},"breadcrumb":{"@id":"https:\/\/blogg.svenskakyrkan.se\/insikten\/2021\/10\/30\/stearinljus-och-medmansklighet\/#breadcrumb"},"inLanguage":"sv-SE","potentialAction":[{"@type":"ReadAction","target":["https:\/\/blogg.svenskakyrkan.se\/insikten\/2021\/10\/30\/stearinljus-och-medmansklighet\/"]}]},{"@type":"ImageObject","inLanguage":"sv-SE","@id":"https:\/\/blogg.svenskakyrkan.se\/insikten\/2021\/10\/30\/stearinljus-och-medmansklighet\/#primaryimage","url":"https:\/\/blogg.svenskakyrkan.se\/insikten\/files\/2021\/10\/Skarmavbild-2021-10-30-kl.-15.31.40.png","contentUrl":"https:\/\/blogg.svenskakyrkan.se\/insikten\/files\/2021\/10\/Skarmavbild-2021-10-30-kl.-15.31.40.png","width":1260,"height":692},{"@type":"BreadcrumbList","@id":"https:\/\/blogg.svenskakyrkan.se\/insikten\/2021\/10\/30\/stearinljus-och-medmansklighet\/#breadcrumb","itemListElement":[{"@type":"ListItem","position":1,"name":"Hem","item":"https:\/\/blogg.svenskakyrkan.se\/insikten\/"},{"@type":"ListItem","position":2,"name":"Stearinljus och medm\u00e4nsklighet"}]},{"@type":"WebSite","@id":"https:\/\/blogg.svenskakyrkan.se\/insikten\/#website","url":"https:\/\/blogg.svenskakyrkan.se\/insikten\/","name":"Insikten - Floby pastorat","description":"Insikter, utsikter och emellan\u00e5t \u00e4ven \u00e5sikter fr\u00e5n Floby pastorat i Skara stift.","potentialAction":[{"@type":"SearchAction","target":{"@type":"EntryPoint","urlTemplate":"https:\/\/blogg.svenskakyrkan.se\/insikten\/?s={search_term_string}"},"query-input":{"@type":"PropertyValueSpecification","valueRequired":true,"valueName":"search_term_string"}}],"inLanguage":"sv-SE"},{"@type":"Person","@id":"https:\/\/blogg.svenskakyrkan.se\/insikten\/#\/schema\/person\/5081f68a0318ddb64c879f7bc416ce8c","name":"Floby pastorat","image":{"@type":"ImageObject","inLanguage":"sv-SE","@id":"https:\/\/blogg.svenskakyrkan.se\/insikten\/#\/schema\/person\/image\/","url":"https:\/\/secure.gravatar.com\/avatar\/c63a9fd4196da95cea4408b67893dbdb9ec52ef568ee59a4578ad766986bebcd?s=96&d=mm&r=g","contentUrl":"https:\/\/secure.gravatar.com\/avatar\/c63a9fd4196da95cea4408b67893dbdb9ec52ef568ee59a4578ad766986bebcd?s=96&d=mm&r=g","caption":"Floby pastorat"},"url":"https:\/\/blogg.svenskakyrkan.se\/insikten\/author\/helenataubner\/"}]}},"author_meta":{"ID":"250","user_nicename":"helenataubner","user_registered":"2013-01-15 08:36:14","display_name":"Floby pastorat","avatar":"https:\/\/secure.gravatar.com\/avatar\/c63a9fd4196da95cea4408b67893dbdb9ec52ef568ee59a4578ad766986bebcd?s=96&d=mm&r=g"},"featured_image":["https:\/\/blogg.svenskakyrkan.se\/insikten\/files\/2021\/10\/Skarmavbild-2021-10-30-kl.-15.31.40-1024x562.png",1024,562,true],"bloginfo":{"name":"Insikten - Floby pastorat","url":"https:\/\/blogg.svenskakyrkan.se\/insikten"},"_links":{"self":[{"href":"https:\/\/blogg.svenskakyrkan.se\/insikten\/wp-json\/wp\/v2\/posts\/133","targetHints":{"allow":["GET"]}}],"collection":[{"href":"https:\/\/blogg.svenskakyrkan.se\/insikten\/wp-json\/wp\/v2\/posts"}],"about":[{"href":"https:\/\/blogg.svenskakyrkan.se\/insikten\/wp-json\/wp\/v2\/types\/post"}],"author":[{"embeddable":true,"href":"https:\/\/blogg.svenskakyrkan.se\/insikten\/wp-json\/wp\/v2\/users\/250"}],"replies":[{"embeddable":true,"href":"https:\/\/blogg.svenskakyrkan.se\/insikten\/wp-json\/wp\/v2\/comments?post=133"}],"version-history":[{"count":1,"href":"https:\/\/blogg.svenskakyrkan.se\/insikten\/wp-json\/wp\/v2\/posts\/133\/revisions"}],"predecessor-version":[{"id":135,"href":"https:\/\/blogg.svenskakyrkan.se\/insikten\/wp-json\/wp\/v2\/posts\/133\/revisions\/135"}],"wp:featuredmedia":[{"embeddable":true,"href":"https:\/\/blogg.svenskakyrkan.se\/insikten\/wp-json\/wp\/v2\/media\/134"}],"wp:attachment":[{"href":"https:\/\/blogg.svenskakyrkan.se\/insikten\/wp-json\/wp\/v2\/media?parent=133"}],"wp:term":[{"taxonomy":"category","embeddable":true,"href":"https:\/\/blogg.svenskakyrkan.se\/insikten\/wp-json\/wp\/v2\/categories?post=133"},{"taxonomy":"post_tag","embeddable":true,"href":"https:\/\/blogg.svenskakyrkan.se\/insikten\/wp-json\/wp\/v2\/tags?post=133"}],"curies":[{"name":"wp","href":"https:\/\/api.w.org\/{rel}","templated":true}]}}