{"id":140,"date":"2021-12-13T18:41:49","date_gmt":"2021-12-13T17:41:49","guid":{"rendered":"https:\/\/blogg.svenskakyrkan.se\/insikten\/?p=140"},"modified":"2021-12-13T18:41:50","modified_gmt":"2021-12-13T17:41:50","slug":"med-fokus-pa-barnen","status":"publish","type":"post","link":"https:\/\/blogg.svenskakyrkan.se\/insikten\/2021\/12\/13\/med-fokus-pa-barnen\/","title":{"rendered":"Med fokus p\u00e5 barnen"},"content":{"rendered":"\n\n\n<figure class=\"wp-block-image size-large is-style-default\"><img loading=\"lazy\" decoding=\"async\" width=\"1024\" height=\"961\" src=\"https:\/\/blogg.svenskakyrkan.se\/insikten\/files\/2021\/12\/Skarmavbild-2021-12-13-kl.-18.39.46-1024x961.png\" alt=\"\" class=\"wp-image-141\" srcset=\"https:\/\/blogg.svenskakyrkan.se\/insikten\/files\/2021\/12\/Skarmavbild-2021-12-13-kl.-18.39.46-1024x961.png 1024w, https:\/\/blogg.svenskakyrkan.se\/insikten\/files\/2021\/12\/Skarmavbild-2021-12-13-kl.-18.39.46-300x282.png 300w, https:\/\/blogg.svenskakyrkan.se\/insikten\/files\/2021\/12\/Skarmavbild-2021-12-13-kl.-18.39.46-768x721.png 768w, https:\/\/blogg.svenskakyrkan.se\/insikten\/files\/2021\/12\/Skarmavbild-2021-12-13-kl.-18.39.46-1536x1441.png 1536w, https:\/\/blogg.svenskakyrkan.se\/insikten\/files\/2021\/12\/Skarmavbild-2021-12-13-kl.-18.39.46-1200x1126.png 1200w, https:\/\/blogg.svenskakyrkan.se\/insikten\/files\/2021\/12\/Skarmavbild-2021-12-13-kl.-18.39.46.png 1656w\" sizes=\"auto, (max-width: 1024px) 100vw, 1024px\" \/><figcaption>Marie Post. Foto: Lotta Kjerrman.<\/figcaption><\/figure>\n\n\n\n<p>Statistiken s\u00e4ger att vart femte barn, n\u00e5gon g\u00e5ng under sin uppv\u00e4xt, har haft en f\u00f6r\u00e4lder som druckit p\u00e5 ett problematiskt s\u00e4tt.<\/p>\n\n\n\n<p>Vit jul \u00e4r en nationell kampanj som drivs av IOGT-NTO-r\u00f6relsen. Kampanjen uppmanar vuxna att avst\u00e5 fr\u00e5n alkohol i barns n\u00e4rhet, s\u00e4rskilt under julen. Man ordnar ocks\u00e5 aktiviteter f\u00f6r barn s\u00e5 att de inte ska beh\u00f6va k\u00e4nna sig ensamma under storhelgerna.<\/p>\n\n\n\n<p>\u2013 F\u00f6r mig \u00e4r det sj\u00e4lvklart att hj\u00e4lpa de barn som har det tufft. Inget barn ska beh\u00f6va r\u00e4kna ner till jullovet med en klump i magen, s\u00e4ger Marie Post som ut\u00f6ver sitt engagemang i Kinneveds f\u00f6rsamling&nbsp; \u00e4r aktiv i organisationen Vinterny i Falk\u00f6ping. Vinterny best\u00e5r av en handfull ideella personer som jobbar lokalt med kampanjen Vit jul.<\/p>\n\n\n\n<p>Under p\u00e5g\u00e5ende Coronapandemi har tillvaron f\u00f6r barn i utsatta situationer blivit extra sv\u00e5r. Fritidsverksamheter begr\u00e4nsas och st\u00f6d till f\u00f6r\u00e4ldrar minskar. En unders\u00f6kning bland landets kommuner visar att pandemin m\u00e4rks tydligt inom b\u00e5de socialtj\u00e4nst och st\u00f6dverksamheter. Den visar ocks\u00e5 att allt fler barn f\u00f6rekommer i v\u00e5lds\u00e4renden d\u00e4r missbruk f\u00f6rekommer och att allt fler unga provar droger.&nbsp;<\/p>\n\n\n\n<p>\u2013 I \u00e5r \u00e4r v\u00e5r insats viktigare \u00e4n n\u00e5gonsin. N\u00e4r andra h\u00e5ller julst\u00e4ngt \u00f6ppnar vi upp. D\u00e5 finns vi d\u00e4r och f\u00f6rs\u00f6ker&nbsp; sprida v\u00e4rme, gemenskap och julgl\u00e4dje. Julen ska vara barnens h\u00f6gtid, po\u00e4ngterar Marie.<\/p>\n\n\n\n<p>Namnet Vit jul kommer av att begreppet vit \u00e4r synonymt med nykter. Med \u00e5rets tema \u201dGe inte bort alkohol i g\u00e5va\u201d syftar kampanjen till att skapa insikt i vilka negativa konsekvenser en s\u00e5dan g\u00e5va kan f\u00e5.&nbsp;<\/p>\n\n\n\n<p>\u2013 Innan jul fokuserar vi p\u00e5 att n\u00e5 de vuxna och under jullovet v\u00e4nder vi oss till barnen. Att n\u00e5 ut till barnen \u00e4r alltid sv\u00e5rt d\u00e5 vi inte f\u00e5r s\u00e4rskilja n\u00e5gon. Vi jobbar ocks\u00e5 med information och utbildning f\u00f6r olika yrkesgrupper som m\u00f6ter barn och unga, som till exempel socialtj\u00e4nsten och bl\u00e5ljuspersonal. Och vi samarbetar bland annat med drogf\u00f6rebyggande samordnaren p\u00e5 kommunen, forts\u00e4tter Marie.<\/p>\n\n\n\n<p><strong>Livsl\u00e5ngt engagemang<\/strong><\/p>\n\n\n\n<p>Nykterhetsr\u00f6relsen har alltid varit en del av Maries liv och hon \u00e4r sj\u00e4lv nykterist.&nbsp;<\/p>\n\n\n\n<p>\u2013 Det har bara blivit s\u00e5. Som mamma ville jag alltid kunna h\u00e4mta och l\u00e4mna mina barn vid behov. Det blev oftast jag som k\u00f6rde b\u00e5de mina och andras barn, ber\u00e4ttar Marie.&nbsp;<\/p>\n\n\n\n<p>Som barn var hon tidigt med sina f\u00f6r\u00e4ldrar p\u00e5 olika aktiviteter och p\u00e5 den tiden var det betydligt mer teater och dans \u00e4n vad det \u00e4r idag. I ton\u00e5ren trotsade hon sina f\u00f6r\u00e4ldrar och valde att engagera sig i kyrkan i st\u00e4llet. D\u00e4refter flyttade hon till \u00d6sterrike och bodde d\u00e4r i \u00e5tta \u00e5r. F\u00f6rst n\u00e4r hon flyttade hem till Sverige igen 1994 b\u00f6rjade hon engagera sig p\u00e5 riktigt. Hennes engagemang har under \u00e5ren kommit att pr\u00e4gla hennes egna barn.&nbsp;<\/p>\n\n\n\n<p>\u2013 Vid ett tillf\u00e4lle satt vi och v\u00e4ntade p\u00e5 mat som vi best\u00e4llt. D\u00e5 kunde vi inte undg\u00e5 att h\u00f6ra ett samtal mellan tv\u00e5 kvinnor. Den ena kvinnan hade f\u00e5tt ett ultimatum, att bli nykter eller l\u00e4mna ifr\u00e5n sig sitt barn. Hon hade valt att l\u00e4mna ifr\u00e5n sig sitt barn. Det gjorde fruktansv\u00e4rt ont att h\u00f6ra f\u00f6r b\u00e5de min dotter och mig.&nbsp;<\/p>\n\n\n\n<p>\u2013Tveka aldrig p\u00e5 att g\u00f6ra en orosanm\u00e4lan om du misst\u00e4nker att ett barn far illa. Du kan v\u00e4nda dig direkt till socialtj\u00e4nsten. Om du beh\u00f6ver hj\u00e4lp med att g\u00f6ra anm\u00e4lan s\u00e5 kan du kontakta kyrkan eller familjecentralen i Falk\u00f6ping. Du kan g\u00f6ra anm\u00e4lan anonymt, avslutar Marie.<\/p>\n\n\n\n<p><\/p>\n\n\n\n<p>&#8230;&#8230;&#8230;&#8230;&#8230;&#8230;&#8230;&#8230;&#8230;&#8230;&#8230;&#8230;&#8230;&#8230;&#8230;&#8230;&#8230;<\/p>\n\n\n\n<p>Texten publicerades f\u00f6rsta g\u00e5ngen i Insikten nummer 5 2021.<\/p>\n","protected":false},"excerpt":{"rendered":"<p>Statistiken s\u00e4ger att vart femte barn, n\u00e5gon g\u00e5ng under sin uppv\u00e4xt, har haft en f\u00f6r\u00e4lder som druckit p\u00e5 ett problematiskt s\u00e4tt. Vit jul \u00e4r en nationell kampanj som drivs av IOGT-NTO-r\u00f6relsen. Kampanjen uppmanar vuxna att avst\u00e5 fr\u00e5n alkohol i barns n\u00e4rhet, s\u00e4rskilt under julen. Man ordnar ocks\u00e5 aktiviteter f\u00f6r barn s\u00e5 att de inte ska [&hellip;]<\/p>\n","protected":false},"author":250,"featured_media":141,"comment_status":"open","ping_status":"open","sticky":false,"template":"","format":"standard","meta":{"_acf_changed":false,"footnotes":""},"categories":[3,7,5],"tags":[],"class_list":["post-140","post","type-post","status-publish","format-standard","has-post-thumbnail","hentry","category-diakoni","category-engagemang","category-jul"],"acf":[],"yoast_head":"<!-- This site is optimized with the Yoast SEO plugin v27.1.1 - https:\/\/yoast.com\/product\/yoast-seo-wordpress\/ -->\n<title>Med fokus p\u00e5 barnen - Insikten - Floby pastorat<\/title>\n<meta name=\"robots\" content=\"index, follow, max-snippet:-1, max-image-preview:large, max-video-preview:-1\" \/>\n<link rel=\"canonical\" href=\"https:\/\/blogg.svenskakyrkan.se\/insikten\/2021\/12\/13\/med-fokus-pa-barnen\/\" \/>\n<meta property=\"og:locale\" content=\"sv_SE\" \/>\n<meta property=\"og:type\" content=\"article\" \/>\n<meta property=\"og:title\" content=\"Med fokus p\u00e5 barnen - Insikten - Floby pastorat\" \/>\n<meta property=\"og:description\" content=\"Statistiken s\u00e4ger att vart femte barn, n\u00e5gon g\u00e5ng under sin uppv\u00e4xt, har haft en f\u00f6r\u00e4lder som druckit p\u00e5 ett problematiskt s\u00e4tt. Vit jul \u00e4r en nationell kampanj som drivs av IOGT-NTO-r\u00f6relsen. Kampanjen uppmanar vuxna att avst\u00e5 fr\u00e5n alkohol i barns n\u00e4rhet, s\u00e4rskilt under julen. Man ordnar ocks\u00e5 aktiviteter f\u00f6r barn s\u00e5 att de inte ska [&hellip;]\" \/>\n<meta property=\"og:url\" content=\"https:\/\/blogg.svenskakyrkan.se\/insikten\/2021\/12\/13\/med-fokus-pa-barnen\/\" \/>\n<meta property=\"og:site_name\" content=\"Insikten - Floby pastorat\" \/>\n<meta property=\"article:published_time\" content=\"2021-12-13T17:41:49+00:00\" \/>\n<meta property=\"article:modified_time\" content=\"2021-12-13T17:41:50+00:00\" \/>\n<meta property=\"og:image\" content=\"https:\/\/blogg.svenskakyrkan.se\/insikten\/files\/2021\/12\/Skarmavbild-2021-12-13-kl.-18.39.46-1024x961.png\" \/>\n\t<meta property=\"og:image:width\" content=\"1024\" \/>\n\t<meta property=\"og:image:height\" content=\"961\" \/>\n\t<meta property=\"og:image:type\" content=\"image\/png\" \/>\n<meta name=\"author\" content=\"Floby pastorat\" \/>\n<meta name=\"twitter:card\" content=\"summary_large_image\" \/>\n<meta name=\"twitter:label1\" content=\"Skriven av\" \/>\n\t<meta name=\"twitter:data1\" content=\"Floby pastorat\" \/>\n\t<meta name=\"twitter:label2\" content=\"Ber\u00e4knad l\u00e4stid\" \/>\n\t<meta name=\"twitter:data2\" content=\"3 minuter\" \/>\n<script type=\"application\/ld+json\" class=\"yoast-schema-graph\">{\"@context\":\"https:\/\/schema.org\",\"@graph\":[{\"@type\":\"Article\",\"@id\":\"https:\/\/blogg.svenskakyrkan.se\/insikten\/2021\/12\/13\/med-fokus-pa-barnen\/#article\",\"isPartOf\":{\"@id\":\"https:\/\/blogg.svenskakyrkan.se\/insikten\/2021\/12\/13\/med-fokus-pa-barnen\/\"},\"author\":{\"name\":\"Floby pastorat\",\"@id\":\"https:\/\/blogg.svenskakyrkan.se\/insikten\/#\/schema\/person\/5081f68a0318ddb64c879f7bc416ce8c\"},\"headline\":\"Med fokus p\u00e5 barnen\",\"datePublished\":\"2021-12-13T17:41:49+00:00\",\"dateModified\":\"2021-12-13T17:41:50+00:00\",\"mainEntityOfPage\":{\"@id\":\"https:\/\/blogg.svenskakyrkan.se\/insikten\/2021\/12\/13\/med-fokus-pa-barnen\/\"},\"wordCount\":677,\"commentCount\":0,\"image\":{\"@id\":\"https:\/\/blogg.svenskakyrkan.se\/insikten\/2021\/12\/13\/med-fokus-pa-barnen\/#primaryimage\"},\"thumbnailUrl\":\"https:\/\/blogg.svenskakyrkan.se\/insikten\/files\/2021\/12\/Skarmavbild-2021-12-13-kl.-18.39.46.png\",\"articleSection\":[\"Diakoni\",\"Engagemang\",\"Jul\"],\"inLanguage\":\"sv-SE\",\"potentialAction\":[{\"@type\":\"CommentAction\",\"name\":\"Comment\",\"target\":[\"https:\/\/blogg.svenskakyrkan.se\/insikten\/2021\/12\/13\/med-fokus-pa-barnen\/#respond\"]}]},{\"@type\":\"WebPage\",\"@id\":\"https:\/\/blogg.svenskakyrkan.se\/insikten\/2021\/12\/13\/med-fokus-pa-barnen\/\",\"url\":\"https:\/\/blogg.svenskakyrkan.se\/insikten\/2021\/12\/13\/med-fokus-pa-barnen\/\",\"name\":\"Med fokus p\u00e5 barnen - Insikten - Floby pastorat\",\"isPartOf\":{\"@id\":\"https:\/\/blogg.svenskakyrkan.se\/insikten\/#website\"},\"primaryImageOfPage\":{\"@id\":\"https:\/\/blogg.svenskakyrkan.se\/insikten\/2021\/12\/13\/med-fokus-pa-barnen\/#primaryimage\"},\"image\":{\"@id\":\"https:\/\/blogg.svenskakyrkan.se\/insikten\/2021\/12\/13\/med-fokus-pa-barnen\/#primaryimage\"},\"thumbnailUrl\":\"https:\/\/blogg.svenskakyrkan.se\/insikten\/files\/2021\/12\/Skarmavbild-2021-12-13-kl.-18.39.46.png\",\"datePublished\":\"2021-12-13T17:41:49+00:00\",\"dateModified\":\"2021-12-13T17:41:50+00:00\",\"author\":{\"@id\":\"https:\/\/blogg.svenskakyrkan.se\/insikten\/#\/schema\/person\/5081f68a0318ddb64c879f7bc416ce8c\"},\"breadcrumb\":{\"@id\":\"https:\/\/blogg.svenskakyrkan.se\/insikten\/2021\/12\/13\/med-fokus-pa-barnen\/#breadcrumb\"},\"inLanguage\":\"sv-SE\",\"potentialAction\":[{\"@type\":\"ReadAction\",\"target\":[\"https:\/\/blogg.svenskakyrkan.se\/insikten\/2021\/12\/13\/med-fokus-pa-barnen\/\"]}]},{\"@type\":\"ImageObject\",\"inLanguage\":\"sv-SE\",\"@id\":\"https:\/\/blogg.svenskakyrkan.se\/insikten\/2021\/12\/13\/med-fokus-pa-barnen\/#primaryimage\",\"url\":\"https:\/\/blogg.svenskakyrkan.se\/insikten\/files\/2021\/12\/Skarmavbild-2021-12-13-kl.-18.39.46.png\",\"contentUrl\":\"https:\/\/blogg.svenskakyrkan.se\/insikten\/files\/2021\/12\/Skarmavbild-2021-12-13-kl.-18.39.46.png\",\"width\":1656,\"height\":1554},{\"@type\":\"BreadcrumbList\",\"@id\":\"https:\/\/blogg.svenskakyrkan.se\/insikten\/2021\/12\/13\/med-fokus-pa-barnen\/#breadcrumb\",\"itemListElement\":[{\"@type\":\"ListItem\",\"position\":1,\"name\":\"Hem\",\"item\":\"https:\/\/blogg.svenskakyrkan.se\/insikten\/\"},{\"@type\":\"ListItem\",\"position\":2,\"name\":\"Med fokus p\u00e5 barnen\"}]},{\"@type\":\"WebSite\",\"@id\":\"https:\/\/blogg.svenskakyrkan.se\/insikten\/#website\",\"url\":\"https:\/\/blogg.svenskakyrkan.se\/insikten\/\",\"name\":\"Insikten - Floby pastorat\",\"description\":\"Insikter, utsikter och emellan\u00e5t \u00e4ven \u00e5sikter fr\u00e5n Floby pastorat i Skara stift.\",\"potentialAction\":[{\"@type\":\"SearchAction\",\"target\":{\"@type\":\"EntryPoint\",\"urlTemplate\":\"https:\/\/blogg.svenskakyrkan.se\/insikten\/?s={search_term_string}\"},\"query-input\":{\"@type\":\"PropertyValueSpecification\",\"valueRequired\":true,\"valueName\":\"search_term_string\"}}],\"inLanguage\":\"sv-SE\"},{\"@type\":\"Person\",\"@id\":\"https:\/\/blogg.svenskakyrkan.se\/insikten\/#\/schema\/person\/5081f68a0318ddb64c879f7bc416ce8c\",\"name\":\"Floby pastorat\",\"image\":{\"@type\":\"ImageObject\",\"inLanguage\":\"sv-SE\",\"@id\":\"https:\/\/blogg.svenskakyrkan.se\/insikten\/#\/schema\/person\/image\/\",\"url\":\"https:\/\/secure.gravatar.com\/avatar\/c63a9fd4196da95cea4408b67893dbdb9ec52ef568ee59a4578ad766986bebcd?s=96&d=mm&r=g\",\"contentUrl\":\"https:\/\/secure.gravatar.com\/avatar\/c63a9fd4196da95cea4408b67893dbdb9ec52ef568ee59a4578ad766986bebcd?s=96&d=mm&r=g\",\"caption\":\"Floby pastorat\"},\"url\":\"https:\/\/blogg.svenskakyrkan.se\/insikten\/author\/helenataubner\/\"}]}<\/script>\n<!-- \/ Yoast SEO plugin. -->","yoast_head_json":{"title":"Med fokus p\u00e5 barnen - Insikten - Floby pastorat","robots":{"index":"index","follow":"follow","max-snippet":"max-snippet:-1","max-image-preview":"max-image-preview:large","max-video-preview":"max-video-preview:-1"},"canonical":"https:\/\/blogg.svenskakyrkan.se\/insikten\/2021\/12\/13\/med-fokus-pa-barnen\/","og_locale":"sv_SE","og_type":"article","og_title":"Med fokus p\u00e5 barnen - Insikten - Floby pastorat","og_description":"Statistiken s\u00e4ger att vart femte barn, n\u00e5gon g\u00e5ng under sin uppv\u00e4xt, har haft en f\u00f6r\u00e4lder som druckit p\u00e5 ett problematiskt s\u00e4tt. Vit jul \u00e4r en nationell kampanj som drivs av IOGT-NTO-r\u00f6relsen. Kampanjen uppmanar vuxna att avst\u00e5 fr\u00e5n alkohol i barns n\u00e4rhet, s\u00e4rskilt under julen. Man ordnar ocks\u00e5 aktiviteter f\u00f6r barn s\u00e5 att de inte ska [&hellip;]","og_url":"https:\/\/blogg.svenskakyrkan.se\/insikten\/2021\/12\/13\/med-fokus-pa-barnen\/","og_site_name":"Insikten - Floby pastorat","article_published_time":"2021-12-13T17:41:49+00:00","article_modified_time":"2021-12-13T17:41:50+00:00","og_image":[{"width":1024,"height":961,"url":"https:\/\/blogg.svenskakyrkan.se\/insikten\/files\/2021\/12\/Skarmavbild-2021-12-13-kl.-18.39.46-1024x961.png","type":"image\/png"}],"author":"Floby pastorat","twitter_card":"summary_large_image","twitter_misc":{"Skriven av":"Floby pastorat","Ber\u00e4knad l\u00e4stid":"3 minuter"},"schema":{"@context":"https:\/\/schema.org","@graph":[{"@type":"Article","@id":"https:\/\/blogg.svenskakyrkan.se\/insikten\/2021\/12\/13\/med-fokus-pa-barnen\/#article","isPartOf":{"@id":"https:\/\/blogg.svenskakyrkan.se\/insikten\/2021\/12\/13\/med-fokus-pa-barnen\/"},"author":{"name":"Floby pastorat","@id":"https:\/\/blogg.svenskakyrkan.se\/insikten\/#\/schema\/person\/5081f68a0318ddb64c879f7bc416ce8c"},"headline":"Med fokus p\u00e5 barnen","datePublished":"2021-12-13T17:41:49+00:00","dateModified":"2021-12-13T17:41:50+00:00","mainEntityOfPage":{"@id":"https:\/\/blogg.svenskakyrkan.se\/insikten\/2021\/12\/13\/med-fokus-pa-barnen\/"},"wordCount":677,"commentCount":0,"image":{"@id":"https:\/\/blogg.svenskakyrkan.se\/insikten\/2021\/12\/13\/med-fokus-pa-barnen\/#primaryimage"},"thumbnailUrl":"https:\/\/blogg.svenskakyrkan.se\/insikten\/files\/2021\/12\/Skarmavbild-2021-12-13-kl.-18.39.46.png","articleSection":["Diakoni","Engagemang","Jul"],"inLanguage":"sv-SE","potentialAction":[{"@type":"CommentAction","name":"Comment","target":["https:\/\/blogg.svenskakyrkan.se\/insikten\/2021\/12\/13\/med-fokus-pa-barnen\/#respond"]}]},{"@type":"WebPage","@id":"https:\/\/blogg.svenskakyrkan.se\/insikten\/2021\/12\/13\/med-fokus-pa-barnen\/","url":"https:\/\/blogg.svenskakyrkan.se\/insikten\/2021\/12\/13\/med-fokus-pa-barnen\/","name":"Med fokus p\u00e5 barnen - Insikten - Floby pastorat","isPartOf":{"@id":"https:\/\/blogg.svenskakyrkan.se\/insikten\/#website"},"primaryImageOfPage":{"@id":"https:\/\/blogg.svenskakyrkan.se\/insikten\/2021\/12\/13\/med-fokus-pa-barnen\/#primaryimage"},"image":{"@id":"https:\/\/blogg.svenskakyrkan.se\/insikten\/2021\/12\/13\/med-fokus-pa-barnen\/#primaryimage"},"thumbnailUrl":"https:\/\/blogg.svenskakyrkan.se\/insikten\/files\/2021\/12\/Skarmavbild-2021-12-13-kl.-18.39.46.png","datePublished":"2021-12-13T17:41:49+00:00","dateModified":"2021-12-13T17:41:50+00:00","author":{"@id":"https:\/\/blogg.svenskakyrkan.se\/insikten\/#\/schema\/person\/5081f68a0318ddb64c879f7bc416ce8c"},"breadcrumb":{"@id":"https:\/\/blogg.svenskakyrkan.se\/insikten\/2021\/12\/13\/med-fokus-pa-barnen\/#breadcrumb"},"inLanguage":"sv-SE","potentialAction":[{"@type":"ReadAction","target":["https:\/\/blogg.svenskakyrkan.se\/insikten\/2021\/12\/13\/med-fokus-pa-barnen\/"]}]},{"@type":"ImageObject","inLanguage":"sv-SE","@id":"https:\/\/blogg.svenskakyrkan.se\/insikten\/2021\/12\/13\/med-fokus-pa-barnen\/#primaryimage","url":"https:\/\/blogg.svenskakyrkan.se\/insikten\/files\/2021\/12\/Skarmavbild-2021-12-13-kl.-18.39.46.png","contentUrl":"https:\/\/blogg.svenskakyrkan.se\/insikten\/files\/2021\/12\/Skarmavbild-2021-12-13-kl.-18.39.46.png","width":1656,"height":1554},{"@type":"BreadcrumbList","@id":"https:\/\/blogg.svenskakyrkan.se\/insikten\/2021\/12\/13\/med-fokus-pa-barnen\/#breadcrumb","itemListElement":[{"@type":"ListItem","position":1,"name":"Hem","item":"https:\/\/blogg.svenskakyrkan.se\/insikten\/"},{"@type":"ListItem","position":2,"name":"Med fokus p\u00e5 barnen"}]},{"@type":"WebSite","@id":"https:\/\/blogg.svenskakyrkan.se\/insikten\/#website","url":"https:\/\/blogg.svenskakyrkan.se\/insikten\/","name":"Insikten - Floby pastorat","description":"Insikter, utsikter och emellan\u00e5t \u00e4ven \u00e5sikter fr\u00e5n Floby pastorat i Skara stift.","potentialAction":[{"@type":"SearchAction","target":{"@type":"EntryPoint","urlTemplate":"https:\/\/blogg.svenskakyrkan.se\/insikten\/?s={search_term_string}"},"query-input":{"@type":"PropertyValueSpecification","valueRequired":true,"valueName":"search_term_string"}}],"inLanguage":"sv-SE"},{"@type":"Person","@id":"https:\/\/blogg.svenskakyrkan.se\/insikten\/#\/schema\/person\/5081f68a0318ddb64c879f7bc416ce8c","name":"Floby pastorat","image":{"@type":"ImageObject","inLanguage":"sv-SE","@id":"https:\/\/blogg.svenskakyrkan.se\/insikten\/#\/schema\/person\/image\/","url":"https:\/\/secure.gravatar.com\/avatar\/c63a9fd4196da95cea4408b67893dbdb9ec52ef568ee59a4578ad766986bebcd?s=96&d=mm&r=g","contentUrl":"https:\/\/secure.gravatar.com\/avatar\/c63a9fd4196da95cea4408b67893dbdb9ec52ef568ee59a4578ad766986bebcd?s=96&d=mm&r=g","caption":"Floby pastorat"},"url":"https:\/\/blogg.svenskakyrkan.se\/insikten\/author\/helenataubner\/"}]}},"author_meta":{"ID":"250","user_nicename":"helenataubner","user_registered":"2013-01-15 08:36:14","display_name":"Floby pastorat","avatar":"https:\/\/secure.gravatar.com\/avatar\/c63a9fd4196da95cea4408b67893dbdb9ec52ef568ee59a4578ad766986bebcd?s=96&d=mm&r=g"},"featured_image":["https:\/\/blogg.svenskakyrkan.se\/insikten\/files\/2021\/12\/Skarmavbild-2021-12-13-kl.-18.39.46-1024x961.png",1024,961,true],"bloginfo":{"name":"Insikten - Floby pastorat","url":"https:\/\/blogg.svenskakyrkan.se\/insikten"},"_links":{"self":[{"href":"https:\/\/blogg.svenskakyrkan.se\/insikten\/wp-json\/wp\/v2\/posts\/140","targetHints":{"allow":["GET"]}}],"collection":[{"href":"https:\/\/blogg.svenskakyrkan.se\/insikten\/wp-json\/wp\/v2\/posts"}],"about":[{"href":"https:\/\/blogg.svenskakyrkan.se\/insikten\/wp-json\/wp\/v2\/types\/post"}],"author":[{"embeddable":true,"href":"https:\/\/blogg.svenskakyrkan.se\/insikten\/wp-json\/wp\/v2\/users\/250"}],"replies":[{"embeddable":true,"href":"https:\/\/blogg.svenskakyrkan.se\/insikten\/wp-json\/wp\/v2\/comments?post=140"}],"version-history":[{"count":1,"href":"https:\/\/blogg.svenskakyrkan.se\/insikten\/wp-json\/wp\/v2\/posts\/140\/revisions"}],"predecessor-version":[{"id":142,"href":"https:\/\/blogg.svenskakyrkan.se\/insikten\/wp-json\/wp\/v2\/posts\/140\/revisions\/142"}],"wp:featuredmedia":[{"embeddable":true,"href":"https:\/\/blogg.svenskakyrkan.se\/insikten\/wp-json\/wp\/v2\/media\/141"}],"wp:attachment":[{"href":"https:\/\/blogg.svenskakyrkan.se\/insikten\/wp-json\/wp\/v2\/media?parent=140"}],"wp:term":[{"taxonomy":"category","embeddable":true,"href":"https:\/\/blogg.svenskakyrkan.se\/insikten\/wp-json\/wp\/v2\/categories?post=140"},{"taxonomy":"post_tag","embeddable":true,"href":"https:\/\/blogg.svenskakyrkan.se\/insikten\/wp-json\/wp\/v2\/tags?post=140"}],"curies":[{"name":"wp","href":"https:\/\/api.w.org\/{rel}","templated":true}]}}