{"id":143,"date":"2021-12-13T18:45:30","date_gmt":"2021-12-13T17:45:30","guid":{"rendered":"https:\/\/blogg.svenskakyrkan.se\/insikten\/?p=143"},"modified":"2022-12-11T13:10:31","modified_gmt":"2022-12-11T12:10:31","slug":"med-jesus-som-forebild","status":"publish","type":"post","link":"https:\/\/blogg.svenskakyrkan.se\/insikten\/2021\/12\/13\/med-jesus-som-forebild\/","title":{"rendered":"Med Jesus som f\u00f6rebild"},"content":{"rendered":"\n\n\n<figure class=\"wp-block-image size-large is-style-default\"><img loading=\"lazy\" decoding=\"async\" width=\"1018\" height=\"1024\" src=\"https:\/\/blogg.svenskakyrkan.se\/insikten\/files\/2021\/12\/Skarmavbild-2021-12-13-kl.-18.44.42-1018x1024.png\" alt=\"\" class=\"wp-image-144\" srcset=\"https:\/\/blogg.svenskakyrkan.se\/insikten\/files\/2021\/12\/Skarmavbild-2021-12-13-kl.-18.44.42-1018x1024.png 1018w, https:\/\/blogg.svenskakyrkan.se\/insikten\/files\/2021\/12\/Skarmavbild-2021-12-13-kl.-18.44.42-298x300.png 298w, https:\/\/blogg.svenskakyrkan.se\/insikten\/files\/2021\/12\/Skarmavbild-2021-12-13-kl.-18.44.42-150x150.png 150w, https:\/\/blogg.svenskakyrkan.se\/insikten\/files\/2021\/12\/Skarmavbild-2021-12-13-kl.-18.44.42-768x773.png 768w, https:\/\/blogg.svenskakyrkan.se\/insikten\/files\/2021\/12\/Skarmavbild-2021-12-13-kl.-18.44.42-1527x1536.png 1527w, https:\/\/blogg.svenskakyrkan.se\/insikten\/files\/2021\/12\/Skarmavbild-2021-12-13-kl.-18.44.42-1200x1207.png 1200w, https:\/\/blogg.svenskakyrkan.se\/insikten\/files\/2021\/12\/Skarmavbild-2021-12-13-kl.-18.44.42.png 1612w\" sizes=\"auto, (max-width: 1018px) 100vw, 1018px\" \/><figcaption>Peter Jorm\u00e9us. Foto: Mikael Powidzki Casserblad.<\/figcaption><\/figure>\n\n\n\n<p>Peter Jorm\u00e9us \u00e4r ordf\u00f6rande f\u00f6r Hela M\u00e4nniskan RIA Falk\u00f6ping. Verksamheten startades 1978 av kyrkorna i Falk\u00f6ping och v\u00e4nder sig till m\u00e4n-niskor som p\u00e5 grund av heml\u00f6shet, kriminalitet, drogproblem eller liknande befinner sig i en socialt utsatt livssituation. F\u00f6rebilden \u00e4r Jesus och hans sj\u00e4lvklara s\u00e4tt att hj\u00e4lpa m\u00e4nniskor.<\/p>\n\n\n\n<p>H\u00e4r f\u00e5r vi f\u00f6lja ett samtal mellan Peter och Mikael Powidzki Casserblad som \u00e4r pr\u00e4st i Floby pastorat. Mikael har ocks\u00e5 nyligen blivit invald i styrelsen f\u00f6r RIA i Falk\u00f6ping.&nbsp;<\/p>\n\n\n\n<p><strong>Kravl\u00f6st och engagerat<\/strong><\/p>\n\n\n\n<p>Mikael: Hur l\u00e4nge har du varit ordf\u00f6rande i RIA?<\/p>\n\n\n\n<p>Peter: Det \u00e4r ungef\u00e4r 8 \u00e5r som ordf\u00f6rande och n\u00e5gra \u00e5r dessf\u00f6rinnan som styrelsemedlem. Det har varit intensiva \u00e5r. Kanske inte s\u00e5 mycket i b\u00f6rjan men samarbetet har utvecklats med Falk\u00f6pings kommun och v\u00e5rt gemensamma avtal har inneburit ett ekonomiskt st\u00f6d som hj\u00e4lpt oss att driva verksamheten. Kommunen ser de goda resultaten och att det vi g\u00f6r \u00e4ven \u00e4r till ekonomisk f\u00f6rdel f\u00f6r v\u00e5rt samh\u00e4lle. Socialtj\u00e4nsten ser oss nog som en samarbetspartner, vi har inget motsatsf\u00f6rh\u00e5llande. Ser vi det ur v\u00e5ra g\u00e4sters perspektiv \u00e4r socialf\u00f6rvaltningen en myndighet. Vi \u00e4r mer av en medm\u00e4nniska. Vi har tystnadsplikt men ingen plikt att dokumentera.<\/p>\n\n\n\n<p>Mikael: Lite enkelt uttryckt, hos RIA \u00e4r den hj\u00e4lps\u00f6kande inget \u00e4rendenummer.<\/p>\n\n\n\n<p>Peter: Ja, de s\u00e4ger g\u00e4sterna ofta, att oss kan man prata med utan att det blir konsekvenser.<\/p>\n\n\n\n<p>Det finns m\u00e4nniskor som jag bara inte har kunnat l\u00e4mna, utan jag m\u00e5ste fr\u00e5ga \u201dvad kan jag hj\u00e4lpa dig med?\u201d. Det har handlat om att k\u00f6ra n\u00e5gon till psykv\u00e5rden, behandlingshem, ordna bostad, f\u00f6rmedla kontakter inom olika myndigheter. Det har blivit en del resor och insatser.<\/p>\n\n\n\n<p>Vi ser m\u00e5nga som m\u00e5r bra p\u00e5 m\u00e5nga s\u00e4tt och vis under flera m\u00e5nader men s\u00e5 sl\u00e5r man helt pl\u00f6tsligt en kullerbytta i marken. Men vi s\u00e4ger att har vi hj\u00e4lpt en enda m\u00e4nniska under ett \u00e5r s\u00e5 har vi lyckats v\u00e4ldigt v\u00e4l och d\u00e5 beh\u00f6ver man inte t\u00e4nka i pengar. Det viktiga \u00e4r att den enskilde f\u00e5r en verklig livskvalitet.<\/p>\n\n\n\n<p>Mikael: Jag minns n\u00e4r jag sj\u00e4lv arbetade inom rehabiliteringv\u00e5rden brukade man s\u00e4ga att en enda persons nykterhet och drogfrihet innebar stora ekonomiska besparingar f\u00f6r samh\u00e4llet.&nbsp;<\/p>\n\n\n\n<p><strong>Vid\u00f6ppen famn<\/strong><\/p>\n\n\n\n<p>Mikael: Hur skulle du kort f\u00f6rklara RIA:s syfte?<\/p>\n\n\n\n<p>Peter: F\u00f6rkortningen RIA betyder \u201dR\u00e5dgivning i alkoholfr\u00e5gor\u201d. Det beskrev vad det tidiga syftet var med verksamheten. men allteftersom tiden har passerat har man sett blandmissbruket och den psykiska oh\u00e4lsan, och d\u00e5 lade man till ben\u00e4mningen \u201dHela m\u00e4nniskan\u201d. V\u00e5r uppgift \u00e4r att vara den lyssnande och n\u00e4rvarande samtalspartnern, erbjuda mat, tv\u00e4tta kl\u00e4der, m\u00f6jlighet att ta en dusch. Vi ska vara den d\u00e4r vid\u00f6ppna famnen som de saknar.<\/p>\n\n\n\n<p>Mikael: Ja, mycket har h\u00e4nt inom RIA de senaste \u00e5ren. Har ni \u00e4ven haft \u00f6vernattningsm\u00f6jligheter f\u00f6r heml\u00f6sa?<\/p>\n\n\n\n<p>Peter: Ja, det hade vi tidigare. Jag personligen har inte varit med om det men kommunen startade en s\u00e5dan verksamhet.<\/p>\n\n\n\n<p>Mikael: Om jag kommer som g\u00e4st till RIA och har problem av n\u00e5got slag, vad m\u00f6ter mig d\u00e5?<\/p>\n\n\n\n<p>Peter: En h\u00e4ngiven volont\u00e4r eller en av v\u00e5ra medarbetare, s\u00e5som f\u00f6rest\u00e5ndaren Jenny som har arbetat m\u00e5nga \u00e5r inom missbruksv\u00e5rd. Du blir erbjuden hj\u00e4lp. V\u00e5r verksamhet bygger p\u00e5 en kristen grund. D\u00e4rf\u00f6r finns alltid m\u00f6jlighet till enskilda och lite djupare samtal. V\u00e5r tidigare f\u00f6rest\u00e5ndare, Anders, var dessutom mycket f\u00f6r musik. Det har resulterat i v\u00e4ldigt mycket musicerande \u2013 bland annat ett bluesband. Det \u00e4r h\u00e4rligt!<\/p>\n\n\n\n<p><strong>Bidrag och kollekter<\/strong><\/p>\n\n\n\n<p>Mikael: Hur kan vi i Floby pastorat st\u00f6dja RIA?<\/p>\n\n\n\n<p>Peter: F\u00f6rst av allt vill jag s\u00e4ga att ni ligger som nummer ett p\u00e5 v\u00e5r tacksamhetslista. Jag blir t\u00e5r\u00f6gd n\u00e4r jag t\u00e4nker p\u00e5 era syf\u00f6reningars bidrag och f\u00f6rsamlingskollekter som kommer kontinuerligt fr\u00e5n era f\u00f6rsamlingar. Ni \u00e4r fantastiska! Det g\u00f6r att vi kan forts\u00e4tta.&nbsp;<\/p>\n\n\n\n<p>Mikael: Om n\u00e5gon vill ge av sin tid, kunskap och erfarenhet, vem v\u00e4nder man sig till d\u00e5?<\/p>\n\n\n\n<p>Peter: D\u00e5 kan man kontakta v\u00e5r f\u00f6rest\u00e5ndare Jenny<br>Jakobsson eller till mig direkt. Det inneb\u00e4r att man kan hj\u00e4lpa till efter egen f\u00f6rm\u00e5ga och tidsomfattning.<\/p>\n\n\n\n<p><\/p>\n\n\n\n<p>&#8230;&#8230;&#8230;&#8230;&#8230;&#8230;&#8230;&#8230;&#8230;&#8230;&#8230;&#8230;&#8230;&#8230;&#8230;&#8230;&#8230;&#8230;<\/p>\n\n\n\n<p>Texten publicerades f\u00f6rsta g\u00e5ngen i Insikten nummer 5 2021.<\/p>\n","protected":false},"excerpt":{"rendered":"<p>Peter Jorm\u00e9us \u00e4r ordf\u00f6rande f\u00f6r Hela M\u00e4nniskan RIA Falk\u00f6ping. Verksamheten startades 1978 av kyrkorna i Falk\u00f6ping och v\u00e4nder sig till m\u00e4n-niskor som p\u00e5 grund av heml\u00f6shet, kriminalitet, drogproblem eller liknande befinner sig i en socialt utsatt livssituation. F\u00f6rebilden \u00e4r Jesus och hans sj\u00e4lvklara s\u00e4tt att hj\u00e4lpa m\u00e4nniskor. H\u00e4r f\u00e5r vi f\u00f6lja ett samtal mellan Peter [&hellip;]<\/p>\n","protected":false},"author":250,"featured_media":144,"comment_status":"open","ping_status":"open","sticky":false,"template":"","format":"standard","meta":{"_acf_changed":false,"footnotes":""},"categories":[3,7,5],"tags":[],"class_list":["post-143","post","type-post","status-publish","format-standard","has-post-thumbnail","hentry","category-diakoni","category-engagemang","category-jul"],"acf":[],"yoast_head":"<!-- This site is optimized with the Yoast SEO plugin v27.1.1 - https:\/\/yoast.com\/product\/yoast-seo-wordpress\/ -->\n<title>Med Jesus som f\u00f6rebild - Insikten - Floby pastorat<\/title>\n<meta name=\"robots\" content=\"index, follow, max-snippet:-1, max-image-preview:large, max-video-preview:-1\" \/>\n<link rel=\"canonical\" href=\"https:\/\/blogg.svenskakyrkan.se\/insikten\/2021\/12\/13\/med-jesus-som-forebild\/\" \/>\n<meta property=\"og:locale\" content=\"sv_SE\" \/>\n<meta property=\"og:type\" content=\"article\" \/>\n<meta property=\"og:title\" content=\"Med Jesus som f\u00f6rebild - Insikten - Floby pastorat\" \/>\n<meta property=\"og:description\" content=\"Peter Jorm\u00e9us \u00e4r ordf\u00f6rande f\u00f6r Hela M\u00e4nniskan RIA Falk\u00f6ping. Verksamheten startades 1978 av kyrkorna i Falk\u00f6ping och v\u00e4nder sig till m\u00e4n-niskor som p\u00e5 grund av heml\u00f6shet, kriminalitet, drogproblem eller liknande befinner sig i en socialt utsatt livssituation. F\u00f6rebilden \u00e4r Jesus och hans sj\u00e4lvklara s\u00e4tt att hj\u00e4lpa m\u00e4nniskor. H\u00e4r f\u00e5r vi f\u00f6lja ett samtal mellan Peter [&hellip;]\" \/>\n<meta property=\"og:url\" content=\"https:\/\/blogg.svenskakyrkan.se\/insikten\/2021\/12\/13\/med-jesus-som-forebild\/\" \/>\n<meta property=\"og:site_name\" content=\"Insikten - Floby pastorat\" \/>\n<meta property=\"article:published_time\" content=\"2021-12-13T17:45:30+00:00\" \/>\n<meta property=\"article:modified_time\" content=\"2022-12-11T12:10:31+00:00\" \/>\n<meta property=\"og:image\" content=\"https:\/\/blogg.svenskakyrkan.se\/insikten\/files\/2021\/12\/Skarmavbild-2021-12-13-kl.-18.44.42-1018x1024.png\" \/>\n\t<meta property=\"og:image:width\" content=\"1018\" \/>\n\t<meta property=\"og:image:height\" content=\"1024\" \/>\n\t<meta property=\"og:image:type\" content=\"image\/png\" \/>\n<meta name=\"author\" content=\"Floby pastorat\" \/>\n<meta name=\"twitter:card\" content=\"summary_large_image\" \/>\n<meta name=\"twitter:label1\" content=\"Skriven av\" \/>\n\t<meta name=\"twitter:data1\" content=\"Floby pastorat\" \/>\n\t<meta name=\"twitter:label2\" content=\"Ber\u00e4knad l\u00e4stid\" \/>\n\t<meta name=\"twitter:data2\" content=\"4 minuter\" \/>\n<script type=\"application\/ld+json\" class=\"yoast-schema-graph\">{\"@context\":\"https:\/\/schema.org\",\"@graph\":[{\"@type\":\"Article\",\"@id\":\"https:\/\/blogg.svenskakyrkan.se\/insikten\/2021\/12\/13\/med-jesus-som-forebild\/#article\",\"isPartOf\":{\"@id\":\"https:\/\/blogg.svenskakyrkan.se\/insikten\/2021\/12\/13\/med-jesus-som-forebild\/\"},\"author\":{\"name\":\"Floby pastorat\",\"@id\":\"https:\/\/blogg.svenskakyrkan.se\/insikten\/#\/schema\/person\/5081f68a0318ddb64c879f7bc416ce8c\"},\"headline\":\"Med Jesus som f\u00f6rebild\",\"datePublished\":\"2021-12-13T17:45:30+00:00\",\"dateModified\":\"2022-12-11T12:10:31+00:00\",\"mainEntityOfPage\":{\"@id\":\"https:\/\/blogg.svenskakyrkan.se\/insikten\/2021\/12\/13\/med-jesus-som-forebild\/\"},\"wordCount\":805,\"commentCount\":0,\"image\":{\"@id\":\"https:\/\/blogg.svenskakyrkan.se\/insikten\/2021\/12\/13\/med-jesus-som-forebild\/#primaryimage\"},\"thumbnailUrl\":\"https:\/\/blogg.svenskakyrkan.se\/insikten\/files\/2021\/12\/Skarmavbild-2021-12-13-kl.-18.44.42.png\",\"articleSection\":[\"Diakoni\",\"Engagemang\",\"Jul\"],\"inLanguage\":\"sv-SE\",\"potentialAction\":[{\"@type\":\"CommentAction\",\"name\":\"Comment\",\"target\":[\"https:\/\/blogg.svenskakyrkan.se\/insikten\/2021\/12\/13\/med-jesus-som-forebild\/#respond\"]}]},{\"@type\":\"WebPage\",\"@id\":\"https:\/\/blogg.svenskakyrkan.se\/insikten\/2021\/12\/13\/med-jesus-som-forebild\/\",\"url\":\"https:\/\/blogg.svenskakyrkan.se\/insikten\/2021\/12\/13\/med-jesus-som-forebild\/\",\"name\":\"Med Jesus som f\u00f6rebild - Insikten - Floby pastorat\",\"isPartOf\":{\"@id\":\"https:\/\/blogg.svenskakyrkan.se\/insikten\/#website\"},\"primaryImageOfPage\":{\"@id\":\"https:\/\/blogg.svenskakyrkan.se\/insikten\/2021\/12\/13\/med-jesus-som-forebild\/#primaryimage\"},\"image\":{\"@id\":\"https:\/\/blogg.svenskakyrkan.se\/insikten\/2021\/12\/13\/med-jesus-som-forebild\/#primaryimage\"},\"thumbnailUrl\":\"https:\/\/blogg.svenskakyrkan.se\/insikten\/files\/2021\/12\/Skarmavbild-2021-12-13-kl.-18.44.42.png\",\"datePublished\":\"2021-12-13T17:45:30+00:00\",\"dateModified\":\"2022-12-11T12:10:31+00:00\",\"author\":{\"@id\":\"https:\/\/blogg.svenskakyrkan.se\/insikten\/#\/schema\/person\/5081f68a0318ddb64c879f7bc416ce8c\"},\"breadcrumb\":{\"@id\":\"https:\/\/blogg.svenskakyrkan.se\/insikten\/2021\/12\/13\/med-jesus-som-forebild\/#breadcrumb\"},\"inLanguage\":\"sv-SE\",\"potentialAction\":[{\"@type\":\"ReadAction\",\"target\":[\"https:\/\/blogg.svenskakyrkan.se\/insikten\/2021\/12\/13\/med-jesus-som-forebild\/\"]}]},{\"@type\":\"ImageObject\",\"inLanguage\":\"sv-SE\",\"@id\":\"https:\/\/blogg.svenskakyrkan.se\/insikten\/2021\/12\/13\/med-jesus-som-forebild\/#primaryimage\",\"url\":\"https:\/\/blogg.svenskakyrkan.se\/insikten\/files\/2021\/12\/Skarmavbild-2021-12-13-kl.-18.44.42.png\",\"contentUrl\":\"https:\/\/blogg.svenskakyrkan.se\/insikten\/files\/2021\/12\/Skarmavbild-2021-12-13-kl.-18.44.42.png\",\"width\":1612,\"height\":1622},{\"@type\":\"BreadcrumbList\",\"@id\":\"https:\/\/blogg.svenskakyrkan.se\/insikten\/2021\/12\/13\/med-jesus-som-forebild\/#breadcrumb\",\"itemListElement\":[{\"@type\":\"ListItem\",\"position\":1,\"name\":\"Hem\",\"item\":\"https:\/\/blogg.svenskakyrkan.se\/insikten\/\"},{\"@type\":\"ListItem\",\"position\":2,\"name\":\"Med Jesus som f\u00f6rebild\"}]},{\"@type\":\"WebSite\",\"@id\":\"https:\/\/blogg.svenskakyrkan.se\/insikten\/#website\",\"url\":\"https:\/\/blogg.svenskakyrkan.se\/insikten\/\",\"name\":\"Insikten - Floby pastorat\",\"description\":\"Insikter, utsikter och emellan\u00e5t \u00e4ven \u00e5sikter fr\u00e5n Floby pastorat i Skara stift.\",\"potentialAction\":[{\"@type\":\"SearchAction\",\"target\":{\"@type\":\"EntryPoint\",\"urlTemplate\":\"https:\/\/blogg.svenskakyrkan.se\/insikten\/?s={search_term_string}\"},\"query-input\":{\"@type\":\"PropertyValueSpecification\",\"valueRequired\":true,\"valueName\":\"search_term_string\"}}],\"inLanguage\":\"sv-SE\"},{\"@type\":\"Person\",\"@id\":\"https:\/\/blogg.svenskakyrkan.se\/insikten\/#\/schema\/person\/5081f68a0318ddb64c879f7bc416ce8c\",\"name\":\"Floby pastorat\",\"image\":{\"@type\":\"ImageObject\",\"inLanguage\":\"sv-SE\",\"@id\":\"https:\/\/blogg.svenskakyrkan.se\/insikten\/#\/schema\/person\/image\/\",\"url\":\"https:\/\/secure.gravatar.com\/avatar\/c63a9fd4196da95cea4408b67893dbdb9ec52ef568ee59a4578ad766986bebcd?s=96&d=mm&r=g\",\"contentUrl\":\"https:\/\/secure.gravatar.com\/avatar\/c63a9fd4196da95cea4408b67893dbdb9ec52ef568ee59a4578ad766986bebcd?s=96&d=mm&r=g\",\"caption\":\"Floby pastorat\"},\"url\":\"https:\/\/blogg.svenskakyrkan.se\/insikten\/author\/helenataubner\/\"}]}<\/script>\n<!-- \/ Yoast SEO plugin. -->","yoast_head_json":{"title":"Med Jesus som f\u00f6rebild - Insikten - Floby pastorat","robots":{"index":"index","follow":"follow","max-snippet":"max-snippet:-1","max-image-preview":"max-image-preview:large","max-video-preview":"max-video-preview:-1"},"canonical":"https:\/\/blogg.svenskakyrkan.se\/insikten\/2021\/12\/13\/med-jesus-som-forebild\/","og_locale":"sv_SE","og_type":"article","og_title":"Med Jesus som f\u00f6rebild - Insikten - Floby pastorat","og_description":"Peter Jorm\u00e9us \u00e4r ordf\u00f6rande f\u00f6r Hela M\u00e4nniskan RIA Falk\u00f6ping. Verksamheten startades 1978 av kyrkorna i Falk\u00f6ping och v\u00e4nder sig till m\u00e4n-niskor som p\u00e5 grund av heml\u00f6shet, kriminalitet, drogproblem eller liknande befinner sig i en socialt utsatt livssituation. F\u00f6rebilden \u00e4r Jesus och hans sj\u00e4lvklara s\u00e4tt att hj\u00e4lpa m\u00e4nniskor. H\u00e4r f\u00e5r vi f\u00f6lja ett samtal mellan Peter [&hellip;]","og_url":"https:\/\/blogg.svenskakyrkan.se\/insikten\/2021\/12\/13\/med-jesus-som-forebild\/","og_site_name":"Insikten - Floby pastorat","article_published_time":"2021-12-13T17:45:30+00:00","article_modified_time":"2022-12-11T12:10:31+00:00","og_image":[{"width":1018,"height":1024,"url":"https:\/\/blogg.svenskakyrkan.se\/insikten\/files\/2021\/12\/Skarmavbild-2021-12-13-kl.-18.44.42-1018x1024.png","type":"image\/png"}],"author":"Floby pastorat","twitter_card":"summary_large_image","twitter_misc":{"Skriven av":"Floby pastorat","Ber\u00e4knad l\u00e4stid":"4 minuter"},"schema":{"@context":"https:\/\/schema.org","@graph":[{"@type":"Article","@id":"https:\/\/blogg.svenskakyrkan.se\/insikten\/2021\/12\/13\/med-jesus-som-forebild\/#article","isPartOf":{"@id":"https:\/\/blogg.svenskakyrkan.se\/insikten\/2021\/12\/13\/med-jesus-som-forebild\/"},"author":{"name":"Floby pastorat","@id":"https:\/\/blogg.svenskakyrkan.se\/insikten\/#\/schema\/person\/5081f68a0318ddb64c879f7bc416ce8c"},"headline":"Med Jesus som f\u00f6rebild","datePublished":"2021-12-13T17:45:30+00:00","dateModified":"2022-12-11T12:10:31+00:00","mainEntityOfPage":{"@id":"https:\/\/blogg.svenskakyrkan.se\/insikten\/2021\/12\/13\/med-jesus-som-forebild\/"},"wordCount":805,"commentCount":0,"image":{"@id":"https:\/\/blogg.svenskakyrkan.se\/insikten\/2021\/12\/13\/med-jesus-som-forebild\/#primaryimage"},"thumbnailUrl":"https:\/\/blogg.svenskakyrkan.se\/insikten\/files\/2021\/12\/Skarmavbild-2021-12-13-kl.-18.44.42.png","articleSection":["Diakoni","Engagemang","Jul"],"inLanguage":"sv-SE","potentialAction":[{"@type":"CommentAction","name":"Comment","target":["https:\/\/blogg.svenskakyrkan.se\/insikten\/2021\/12\/13\/med-jesus-som-forebild\/#respond"]}]},{"@type":"WebPage","@id":"https:\/\/blogg.svenskakyrkan.se\/insikten\/2021\/12\/13\/med-jesus-som-forebild\/","url":"https:\/\/blogg.svenskakyrkan.se\/insikten\/2021\/12\/13\/med-jesus-som-forebild\/","name":"Med Jesus som f\u00f6rebild - Insikten - Floby pastorat","isPartOf":{"@id":"https:\/\/blogg.svenskakyrkan.se\/insikten\/#website"},"primaryImageOfPage":{"@id":"https:\/\/blogg.svenskakyrkan.se\/insikten\/2021\/12\/13\/med-jesus-som-forebild\/#primaryimage"},"image":{"@id":"https:\/\/blogg.svenskakyrkan.se\/insikten\/2021\/12\/13\/med-jesus-som-forebild\/#primaryimage"},"thumbnailUrl":"https:\/\/blogg.svenskakyrkan.se\/insikten\/files\/2021\/12\/Skarmavbild-2021-12-13-kl.-18.44.42.png","datePublished":"2021-12-13T17:45:30+00:00","dateModified":"2022-12-11T12:10:31+00:00","author":{"@id":"https:\/\/blogg.svenskakyrkan.se\/insikten\/#\/schema\/person\/5081f68a0318ddb64c879f7bc416ce8c"},"breadcrumb":{"@id":"https:\/\/blogg.svenskakyrkan.se\/insikten\/2021\/12\/13\/med-jesus-som-forebild\/#breadcrumb"},"inLanguage":"sv-SE","potentialAction":[{"@type":"ReadAction","target":["https:\/\/blogg.svenskakyrkan.se\/insikten\/2021\/12\/13\/med-jesus-som-forebild\/"]}]},{"@type":"ImageObject","inLanguage":"sv-SE","@id":"https:\/\/blogg.svenskakyrkan.se\/insikten\/2021\/12\/13\/med-jesus-som-forebild\/#primaryimage","url":"https:\/\/blogg.svenskakyrkan.se\/insikten\/files\/2021\/12\/Skarmavbild-2021-12-13-kl.-18.44.42.png","contentUrl":"https:\/\/blogg.svenskakyrkan.se\/insikten\/files\/2021\/12\/Skarmavbild-2021-12-13-kl.-18.44.42.png","width":1612,"height":1622},{"@type":"BreadcrumbList","@id":"https:\/\/blogg.svenskakyrkan.se\/insikten\/2021\/12\/13\/med-jesus-som-forebild\/#breadcrumb","itemListElement":[{"@type":"ListItem","position":1,"name":"Hem","item":"https:\/\/blogg.svenskakyrkan.se\/insikten\/"},{"@type":"ListItem","position":2,"name":"Med Jesus som f\u00f6rebild"}]},{"@type":"WebSite","@id":"https:\/\/blogg.svenskakyrkan.se\/insikten\/#website","url":"https:\/\/blogg.svenskakyrkan.se\/insikten\/","name":"Insikten - Floby pastorat","description":"Insikter, utsikter och emellan\u00e5t \u00e4ven \u00e5sikter fr\u00e5n Floby pastorat i Skara stift.","potentialAction":[{"@type":"SearchAction","target":{"@type":"EntryPoint","urlTemplate":"https:\/\/blogg.svenskakyrkan.se\/insikten\/?s={search_term_string}"},"query-input":{"@type":"PropertyValueSpecification","valueRequired":true,"valueName":"search_term_string"}}],"inLanguage":"sv-SE"},{"@type":"Person","@id":"https:\/\/blogg.svenskakyrkan.se\/insikten\/#\/schema\/person\/5081f68a0318ddb64c879f7bc416ce8c","name":"Floby pastorat","image":{"@type":"ImageObject","inLanguage":"sv-SE","@id":"https:\/\/blogg.svenskakyrkan.se\/insikten\/#\/schema\/person\/image\/","url":"https:\/\/secure.gravatar.com\/avatar\/c63a9fd4196da95cea4408b67893dbdb9ec52ef568ee59a4578ad766986bebcd?s=96&d=mm&r=g","contentUrl":"https:\/\/secure.gravatar.com\/avatar\/c63a9fd4196da95cea4408b67893dbdb9ec52ef568ee59a4578ad766986bebcd?s=96&d=mm&r=g","caption":"Floby pastorat"},"url":"https:\/\/blogg.svenskakyrkan.se\/insikten\/author\/helenataubner\/"}]}},"author_meta":{"ID":"250","user_nicename":"helenataubner","user_registered":"2013-01-15 08:36:14","display_name":"Floby pastorat","avatar":"https:\/\/secure.gravatar.com\/avatar\/c63a9fd4196da95cea4408b67893dbdb9ec52ef568ee59a4578ad766986bebcd?s=96&d=mm&r=g"},"featured_image":["https:\/\/blogg.svenskakyrkan.se\/insikten\/files\/2021\/12\/Skarmavbild-2021-12-13-kl.-18.44.42-1018x1024.png",1018,1024,true],"bloginfo":{"name":"Insikten - Floby pastorat","url":"https:\/\/blogg.svenskakyrkan.se\/insikten"},"_links":{"self":[{"href":"https:\/\/blogg.svenskakyrkan.se\/insikten\/wp-json\/wp\/v2\/posts\/143","targetHints":{"allow":["GET"]}}],"collection":[{"href":"https:\/\/blogg.svenskakyrkan.se\/insikten\/wp-json\/wp\/v2\/posts"}],"about":[{"href":"https:\/\/blogg.svenskakyrkan.se\/insikten\/wp-json\/wp\/v2\/types\/post"}],"author":[{"embeddable":true,"href":"https:\/\/blogg.svenskakyrkan.se\/insikten\/wp-json\/wp\/v2\/users\/250"}],"replies":[{"embeddable":true,"href":"https:\/\/blogg.svenskakyrkan.se\/insikten\/wp-json\/wp\/v2\/comments?post=143"}],"version-history":[{"count":2,"href":"https:\/\/blogg.svenskakyrkan.se\/insikten\/wp-json\/wp\/v2\/posts\/143\/revisions"}],"predecessor-version":[{"id":196,"href":"https:\/\/blogg.svenskakyrkan.se\/insikten\/wp-json\/wp\/v2\/posts\/143\/revisions\/196"}],"wp:featuredmedia":[{"embeddable":true,"href":"https:\/\/blogg.svenskakyrkan.se\/insikten\/wp-json\/wp\/v2\/media\/144"}],"wp:attachment":[{"href":"https:\/\/blogg.svenskakyrkan.se\/insikten\/wp-json\/wp\/v2\/media?parent=143"}],"wp:term":[{"taxonomy":"category","embeddable":true,"href":"https:\/\/blogg.svenskakyrkan.se\/insikten\/wp-json\/wp\/v2\/categories?post=143"},{"taxonomy":"post_tag","embeddable":true,"href":"https:\/\/blogg.svenskakyrkan.se\/insikten\/wp-json\/wp\/v2\/tags?post=143"}],"curies":[{"name":"wp","href":"https:\/\/api.w.org\/{rel}","templated":true}]}}