{"id":148,"date":"2022-03-22T11:39:18","date_gmt":"2022-03-22T10:39:18","guid":{"rendered":"https:\/\/blogg.svenskakyrkan.se\/insikten\/?p=148"},"modified":"2022-03-22T11:39:19","modified_gmt":"2022-03-22T10:39:19","slug":"med-sorgen-som-klangbotten","status":"publish","type":"post","link":"https:\/\/blogg.svenskakyrkan.se\/insikten\/2022\/03\/22\/med-sorgen-som-klangbotten\/","title":{"rendered":"Med sorgen som klangbotten"},"content":{"rendered":"\n\n\n<div class=\"wp-block-image is-style-default\"><figure class=\"aligncenter size-large\"><img loading=\"lazy\" decoding=\"async\" width=\"1024\" height=\"768\" src=\"http:\/\/blogg.svenskakyrkan.se\/insikten\/files\/2021\/02\/Stefan-1024x768.jpg\" alt=\"\" class=\"wp-image-35\" srcset=\"https:\/\/blogg.svenskakyrkan.se\/insikten\/files\/2021\/02\/Stefan-1024x768.jpg 1024w, https:\/\/blogg.svenskakyrkan.se\/insikten\/files\/2021\/02\/Stefan-300x225.jpg 300w, https:\/\/blogg.svenskakyrkan.se\/insikten\/files\/2021\/02\/Stefan-768x576.jpg 768w, https:\/\/blogg.svenskakyrkan.se\/insikten\/files\/2021\/02\/Stefan-1536x1152.jpg 1536w, https:\/\/blogg.svenskakyrkan.se\/insikten\/files\/2021\/02\/Stefan-2048x1536.jpg 2048w, https:\/\/blogg.svenskakyrkan.se\/insikten\/files\/2021\/02\/Stefan-1200x900.jpg 1200w\" sizes=\"auto, (max-width: 1024px) 100vw, 1024px\" \/><\/figure><\/div>\n\n\n\n<p>I\u00a0vintras hade radioprogrammet \u201dM\u00e4nniskor och tro\u201d ett telefonv\u00e4kteri om sorg. Lyssnarna fick ringa in och dela med sig av sina erfarenheter av f\u00f6rlust och separation, k\u00e4nslor av att inte r\u00e4cka till, sorgen \u00f6ver att inte f\u00e5 tr\u00e4ffa sina barn eller barnbarn, oron \u00f6ver utvecklingen i samh\u00e4llet och i v\u00e4rlden. Aldrig tidigare i programmets historia har s\u00e5 m\u00e5nga m\u00e4nniskor ringt in f\u00f6r att f\u00e5 dela med sig. \u201dDet var helt galet, lamporna i kontrollrummet blinkade hela tiden\u201d, ber\u00e4ttade en av programledarna efter\u00e5t.<\/p>\n\n\n\n<p>Vi kan vara glada och tacksamma \u00f6ver att coronapandemin nu tycks g\u00e5 mot sitt slut. Men f\u00f6r m\u00e5nga betyder inte det att allt \u00e4r frid och fr\u00f6jd. Erfarenheterna av att vara isolerade fr\u00e5n varandra, att bli av med jobbet eller att jobba alldeles f\u00f6r mycket, att n\u00e5got vi sett fram mot aldrig blev av, att livet inte blev som vi hade t\u00e4nkt oss \u2013 det \u00e4r s\u00e5dant som kan var sv\u00e5rt att b\u00e4ra sj\u00e4lv. Det blir mycket l\u00e4ttare om vi delar det med varandra.<\/p>\n\n\n\n<p>N\u00e4r den h\u00e4r tidningen skickas till tryck har ett storskaligt krig i Ukraina nyligen inletts, vars konsekvenser vi inte kan \u00f6verblicka. V\u00e4rlden har med ens blivit en mer otrygg plats. Vi k\u00e4nner sorg och medlidande med dem som drabbas, med flyktingar och stridande, med familjer som splittras. M\u00e5nga av oss k\u00e4nner ocks\u00e5 en oro och r\u00e4dsla f\u00f6r egen del.<\/p>\n\n\n\n<blockquote class=\"wp-block-quote is-layout-flow wp-block-quote-is-layout-flow\"><p>&#8221;Jag t\u00e4nker mig att vi \u00e4r som de blinkande lamporna i kontrollrummet.&#8221;<\/p><\/blockquote>\n\n\n\n<p>Jag t\u00e4nker mig att vi \u00e4r som de blinkande lamporna i kontrollrummet. Vi b\u00e4r p\u00e5 stora och sm\u00e5 sorger som vi beh\u00f6ver tala med varandra om. Det finns en l\u00e4kande kraft i delandet; n\u00e4r vi v\u00e5gar be om hj\u00e4lp, n\u00e4r vi v\u00e5gar ber\u00e4tta, n\u00e4r vi visar att vi bryr oss, n\u00e4r vi lyssnar till andras ber\u00e4ttelser.<\/p>\n\n\n\n<p>V\u00e5ren \u00e4r p\u00e5skens tid och p\u00e5sken handlar om just detta: om en ov\u00e4ntad f\u00f6rlust och en stor sorg, men ocks\u00e5 om ov\u00e4ntade m\u00f6ten och om gl\u00e4djens \u00e5terkomst. P\u00e5skens gl\u00e4dje, n\u00e4r livet \u00e5terv\u00e4nder, \u00e4r en trevande men hoppfull gl\u00e4dje, med sorgen som klangbotten.<\/p>\n\n\n\n<p><\/p>\n\n\n\n<p>&#8230;&#8230;&#8230;&#8230;&#8230;&#8230;&#8230;&#8230;&#8230;<\/p>\n\n\n\n<p>Texten publicerades f\u00f6rsta g\u00e5ngen i Insikten nummer 1 2022.<\/p>\n","protected":false},"excerpt":{"rendered":"<p>I\u00a0vintras hade radioprogrammet \u201dM\u00e4nniskor och tro\u201d ett telefonv\u00e4kteri om sorg. Lyssnarna fick ringa in och dela med sig av sina erfarenheter av f\u00f6rlust och separation, k\u00e4nslor av att inte r\u00e4cka till, sorgen \u00f6ver att inte f\u00e5 tr\u00e4ffa sina barn eller barnbarn, oron \u00f6ver utvecklingen i samh\u00e4llet och i v\u00e4rlden. Aldrig tidigare i programmets historia har [&hellip;]<\/p>\n","protected":false},"author":250,"featured_media":35,"comment_status":"open","ping_status":"open","sticky":false,"template":"","format":"standard","meta":{"_acf_changed":false,"footnotes":""},"categories":[14],"tags":[],"class_list":["post-148","post","type-post","status-publish","format-standard","has-post-thumbnail","hentry","category-kyrkoherden-har-ordet"],"acf":[],"yoast_head":"<!-- This site is optimized with the Yoast SEO plugin v27.1.1 - https:\/\/yoast.com\/product\/yoast-seo-wordpress\/ -->\n<title>Med sorgen som klangbotten - Insikten - Floby pastorat<\/title>\n<meta name=\"robots\" content=\"index, follow, max-snippet:-1, max-image-preview:large, max-video-preview:-1\" \/>\n<link rel=\"canonical\" href=\"https:\/\/blogg.svenskakyrkan.se\/insikten\/2022\/03\/22\/med-sorgen-som-klangbotten\/\" \/>\n<meta property=\"og:locale\" content=\"sv_SE\" \/>\n<meta property=\"og:type\" content=\"article\" \/>\n<meta property=\"og:title\" content=\"Med sorgen som klangbotten - Insikten - Floby pastorat\" \/>\n<meta property=\"og:description\" content=\"I\u00a0vintras hade radioprogrammet \u201dM\u00e4nniskor och tro\u201d ett telefonv\u00e4kteri om sorg. Lyssnarna fick ringa in och dela med sig av sina erfarenheter av f\u00f6rlust och separation, k\u00e4nslor av att inte r\u00e4cka till, sorgen \u00f6ver att inte f\u00e5 tr\u00e4ffa sina barn eller barnbarn, oron \u00f6ver utvecklingen i samh\u00e4llet och i v\u00e4rlden. Aldrig tidigare i programmets historia har [&hellip;]\" \/>\n<meta property=\"og:url\" content=\"https:\/\/blogg.svenskakyrkan.se\/insikten\/2022\/03\/22\/med-sorgen-som-klangbotten\/\" \/>\n<meta property=\"og:site_name\" content=\"Insikten - Floby pastorat\" \/>\n<meta property=\"article:published_time\" content=\"2022-03-22T10:39:18+00:00\" \/>\n<meta property=\"article:modified_time\" content=\"2022-03-22T10:39:19+00:00\" \/>\n<meta property=\"og:image\" content=\"https:\/\/blogg.svenskakyrkan.se\/insikten\/files\/2021\/02\/Stefan-scaled.jpg\" \/>\n\t<meta property=\"og:image:width\" content=\"2560\" \/>\n\t<meta property=\"og:image:height\" content=\"1920\" \/>\n\t<meta property=\"og:image:type\" content=\"image\/jpeg\" \/>\n<meta name=\"author\" content=\"Floby pastorat\" \/>\n<meta name=\"twitter:card\" content=\"summary_large_image\" \/>\n<meta name=\"twitter:label1\" content=\"Skriven av\" \/>\n\t<meta name=\"twitter:data1\" content=\"Floby pastorat\" \/>\n\t<meta name=\"twitter:label2\" content=\"Ber\u00e4knad l\u00e4stid\" \/>\n\t<meta name=\"twitter:data2\" content=\"2 minuter\" \/>\n<script type=\"application\/ld+json\" class=\"yoast-schema-graph\">{\"@context\":\"https:\/\/schema.org\",\"@graph\":[{\"@type\":\"Article\",\"@id\":\"https:\/\/blogg.svenskakyrkan.se\/insikten\/2022\/03\/22\/med-sorgen-som-klangbotten\/#article\",\"isPartOf\":{\"@id\":\"https:\/\/blogg.svenskakyrkan.se\/insikten\/2022\/03\/22\/med-sorgen-som-klangbotten\/\"},\"author\":{\"name\":\"Floby pastorat\",\"@id\":\"https:\/\/blogg.svenskakyrkan.se\/insikten\/#\/schema\/person\/5081f68a0318ddb64c879f7bc416ce8c\"},\"headline\":\"Med sorgen som klangbotten\",\"datePublished\":\"2022-03-22T10:39:18+00:00\",\"dateModified\":\"2022-03-22T10:39:19+00:00\",\"mainEntityOfPage\":{\"@id\":\"https:\/\/blogg.svenskakyrkan.se\/insikten\/2022\/03\/22\/med-sorgen-som-klangbotten\/\"},\"wordCount\":407,\"commentCount\":0,\"image\":{\"@id\":\"https:\/\/blogg.svenskakyrkan.se\/insikten\/2022\/03\/22\/med-sorgen-som-klangbotten\/#primaryimage\"},\"thumbnailUrl\":\"https:\/\/blogg.svenskakyrkan.se\/insikten\/files\/2021\/02\/Stefan-scaled.jpg\",\"articleSection\":[\"Kyrkoherden har ordet\"],\"inLanguage\":\"sv-SE\",\"potentialAction\":[{\"@type\":\"CommentAction\",\"name\":\"Comment\",\"target\":[\"https:\/\/blogg.svenskakyrkan.se\/insikten\/2022\/03\/22\/med-sorgen-som-klangbotten\/#respond\"]}]},{\"@type\":\"WebPage\",\"@id\":\"https:\/\/blogg.svenskakyrkan.se\/insikten\/2022\/03\/22\/med-sorgen-som-klangbotten\/\",\"url\":\"https:\/\/blogg.svenskakyrkan.se\/insikten\/2022\/03\/22\/med-sorgen-som-klangbotten\/\",\"name\":\"Med sorgen som klangbotten - Insikten - Floby pastorat\",\"isPartOf\":{\"@id\":\"https:\/\/blogg.svenskakyrkan.se\/insikten\/#website\"},\"primaryImageOfPage\":{\"@id\":\"https:\/\/blogg.svenskakyrkan.se\/insikten\/2022\/03\/22\/med-sorgen-som-klangbotten\/#primaryimage\"},\"image\":{\"@id\":\"https:\/\/blogg.svenskakyrkan.se\/insikten\/2022\/03\/22\/med-sorgen-som-klangbotten\/#primaryimage\"},\"thumbnailUrl\":\"https:\/\/blogg.svenskakyrkan.se\/insikten\/files\/2021\/02\/Stefan-scaled.jpg\",\"datePublished\":\"2022-03-22T10:39:18+00:00\",\"dateModified\":\"2022-03-22T10:39:19+00:00\",\"author\":{\"@id\":\"https:\/\/blogg.svenskakyrkan.se\/insikten\/#\/schema\/person\/5081f68a0318ddb64c879f7bc416ce8c\"},\"breadcrumb\":{\"@id\":\"https:\/\/blogg.svenskakyrkan.se\/insikten\/2022\/03\/22\/med-sorgen-som-klangbotten\/#breadcrumb\"},\"inLanguage\":\"sv-SE\",\"potentialAction\":[{\"@type\":\"ReadAction\",\"target\":[\"https:\/\/blogg.svenskakyrkan.se\/insikten\/2022\/03\/22\/med-sorgen-som-klangbotten\/\"]}]},{\"@type\":\"ImageObject\",\"inLanguage\":\"sv-SE\",\"@id\":\"https:\/\/blogg.svenskakyrkan.se\/insikten\/2022\/03\/22\/med-sorgen-som-klangbotten\/#primaryimage\",\"url\":\"https:\/\/blogg.svenskakyrkan.se\/insikten\/files\/2021\/02\/Stefan-scaled.jpg\",\"contentUrl\":\"https:\/\/blogg.svenskakyrkan.se\/insikten\/files\/2021\/02\/Stefan-scaled.jpg\",\"width\":2560,\"height\":1920},{\"@type\":\"BreadcrumbList\",\"@id\":\"https:\/\/blogg.svenskakyrkan.se\/insikten\/2022\/03\/22\/med-sorgen-som-klangbotten\/#breadcrumb\",\"itemListElement\":[{\"@type\":\"ListItem\",\"position\":1,\"name\":\"Hem\",\"item\":\"https:\/\/blogg.svenskakyrkan.se\/insikten\/\"},{\"@type\":\"ListItem\",\"position\":2,\"name\":\"Med sorgen som klangbotten\"}]},{\"@type\":\"WebSite\",\"@id\":\"https:\/\/blogg.svenskakyrkan.se\/insikten\/#website\",\"url\":\"https:\/\/blogg.svenskakyrkan.se\/insikten\/\",\"name\":\"Insikten - Floby pastorat\",\"description\":\"Insikter, utsikter och emellan\u00e5t \u00e4ven \u00e5sikter fr\u00e5n Floby pastorat i Skara stift.\",\"potentialAction\":[{\"@type\":\"SearchAction\",\"target\":{\"@type\":\"EntryPoint\",\"urlTemplate\":\"https:\/\/blogg.svenskakyrkan.se\/insikten\/?s={search_term_string}\"},\"query-input\":{\"@type\":\"PropertyValueSpecification\",\"valueRequired\":true,\"valueName\":\"search_term_string\"}}],\"inLanguage\":\"sv-SE\"},{\"@type\":\"Person\",\"@id\":\"https:\/\/blogg.svenskakyrkan.se\/insikten\/#\/schema\/person\/5081f68a0318ddb64c879f7bc416ce8c\",\"name\":\"Floby pastorat\",\"image\":{\"@type\":\"ImageObject\",\"inLanguage\":\"sv-SE\",\"@id\":\"https:\/\/blogg.svenskakyrkan.se\/insikten\/#\/schema\/person\/image\/\",\"url\":\"https:\/\/secure.gravatar.com\/avatar\/c63a9fd4196da95cea4408b67893dbdb9ec52ef568ee59a4578ad766986bebcd?s=96&d=mm&r=g\",\"contentUrl\":\"https:\/\/secure.gravatar.com\/avatar\/c63a9fd4196da95cea4408b67893dbdb9ec52ef568ee59a4578ad766986bebcd?s=96&d=mm&r=g\",\"caption\":\"Floby pastorat\"},\"url\":\"https:\/\/blogg.svenskakyrkan.se\/insikten\/author\/helenataubner\/\"}]}<\/script>\n<!-- \/ Yoast SEO plugin. -->","yoast_head_json":{"title":"Med sorgen som klangbotten - Insikten - Floby pastorat","robots":{"index":"index","follow":"follow","max-snippet":"max-snippet:-1","max-image-preview":"max-image-preview:large","max-video-preview":"max-video-preview:-1"},"canonical":"https:\/\/blogg.svenskakyrkan.se\/insikten\/2022\/03\/22\/med-sorgen-som-klangbotten\/","og_locale":"sv_SE","og_type":"article","og_title":"Med sorgen som klangbotten - Insikten - Floby pastorat","og_description":"I\u00a0vintras hade radioprogrammet \u201dM\u00e4nniskor och tro\u201d ett telefonv\u00e4kteri om sorg. Lyssnarna fick ringa in och dela med sig av sina erfarenheter av f\u00f6rlust och separation, k\u00e4nslor av att inte r\u00e4cka till, sorgen \u00f6ver att inte f\u00e5 tr\u00e4ffa sina barn eller barnbarn, oron \u00f6ver utvecklingen i samh\u00e4llet och i v\u00e4rlden. Aldrig tidigare i programmets historia har [&hellip;]","og_url":"https:\/\/blogg.svenskakyrkan.se\/insikten\/2022\/03\/22\/med-sorgen-som-klangbotten\/","og_site_name":"Insikten - Floby pastorat","article_published_time":"2022-03-22T10:39:18+00:00","article_modified_time":"2022-03-22T10:39:19+00:00","og_image":[{"width":2560,"height":1920,"url":"https:\/\/blogg.svenskakyrkan.se\/insikten\/files\/2021\/02\/Stefan-scaled.jpg","type":"image\/jpeg"}],"author":"Floby pastorat","twitter_card":"summary_large_image","twitter_misc":{"Skriven av":"Floby pastorat","Ber\u00e4knad l\u00e4stid":"2 minuter"},"schema":{"@context":"https:\/\/schema.org","@graph":[{"@type":"Article","@id":"https:\/\/blogg.svenskakyrkan.se\/insikten\/2022\/03\/22\/med-sorgen-som-klangbotten\/#article","isPartOf":{"@id":"https:\/\/blogg.svenskakyrkan.se\/insikten\/2022\/03\/22\/med-sorgen-som-klangbotten\/"},"author":{"name":"Floby pastorat","@id":"https:\/\/blogg.svenskakyrkan.se\/insikten\/#\/schema\/person\/5081f68a0318ddb64c879f7bc416ce8c"},"headline":"Med sorgen som klangbotten","datePublished":"2022-03-22T10:39:18+00:00","dateModified":"2022-03-22T10:39:19+00:00","mainEntityOfPage":{"@id":"https:\/\/blogg.svenskakyrkan.se\/insikten\/2022\/03\/22\/med-sorgen-som-klangbotten\/"},"wordCount":407,"commentCount":0,"image":{"@id":"https:\/\/blogg.svenskakyrkan.se\/insikten\/2022\/03\/22\/med-sorgen-som-klangbotten\/#primaryimage"},"thumbnailUrl":"https:\/\/blogg.svenskakyrkan.se\/insikten\/files\/2021\/02\/Stefan-scaled.jpg","articleSection":["Kyrkoherden har ordet"],"inLanguage":"sv-SE","potentialAction":[{"@type":"CommentAction","name":"Comment","target":["https:\/\/blogg.svenskakyrkan.se\/insikten\/2022\/03\/22\/med-sorgen-som-klangbotten\/#respond"]}]},{"@type":"WebPage","@id":"https:\/\/blogg.svenskakyrkan.se\/insikten\/2022\/03\/22\/med-sorgen-som-klangbotten\/","url":"https:\/\/blogg.svenskakyrkan.se\/insikten\/2022\/03\/22\/med-sorgen-som-klangbotten\/","name":"Med sorgen som klangbotten - Insikten - Floby pastorat","isPartOf":{"@id":"https:\/\/blogg.svenskakyrkan.se\/insikten\/#website"},"primaryImageOfPage":{"@id":"https:\/\/blogg.svenskakyrkan.se\/insikten\/2022\/03\/22\/med-sorgen-som-klangbotten\/#primaryimage"},"image":{"@id":"https:\/\/blogg.svenskakyrkan.se\/insikten\/2022\/03\/22\/med-sorgen-som-klangbotten\/#primaryimage"},"thumbnailUrl":"https:\/\/blogg.svenskakyrkan.se\/insikten\/files\/2021\/02\/Stefan-scaled.jpg","datePublished":"2022-03-22T10:39:18+00:00","dateModified":"2022-03-22T10:39:19+00:00","author":{"@id":"https:\/\/blogg.svenskakyrkan.se\/insikten\/#\/schema\/person\/5081f68a0318ddb64c879f7bc416ce8c"},"breadcrumb":{"@id":"https:\/\/blogg.svenskakyrkan.se\/insikten\/2022\/03\/22\/med-sorgen-som-klangbotten\/#breadcrumb"},"inLanguage":"sv-SE","potentialAction":[{"@type":"ReadAction","target":["https:\/\/blogg.svenskakyrkan.se\/insikten\/2022\/03\/22\/med-sorgen-som-klangbotten\/"]}]},{"@type":"ImageObject","inLanguage":"sv-SE","@id":"https:\/\/blogg.svenskakyrkan.se\/insikten\/2022\/03\/22\/med-sorgen-som-klangbotten\/#primaryimage","url":"https:\/\/blogg.svenskakyrkan.se\/insikten\/files\/2021\/02\/Stefan-scaled.jpg","contentUrl":"https:\/\/blogg.svenskakyrkan.se\/insikten\/files\/2021\/02\/Stefan-scaled.jpg","width":2560,"height":1920},{"@type":"BreadcrumbList","@id":"https:\/\/blogg.svenskakyrkan.se\/insikten\/2022\/03\/22\/med-sorgen-som-klangbotten\/#breadcrumb","itemListElement":[{"@type":"ListItem","position":1,"name":"Hem","item":"https:\/\/blogg.svenskakyrkan.se\/insikten\/"},{"@type":"ListItem","position":2,"name":"Med sorgen som klangbotten"}]},{"@type":"WebSite","@id":"https:\/\/blogg.svenskakyrkan.se\/insikten\/#website","url":"https:\/\/blogg.svenskakyrkan.se\/insikten\/","name":"Insikten - Floby pastorat","description":"Insikter, utsikter och emellan\u00e5t \u00e4ven \u00e5sikter fr\u00e5n Floby pastorat i Skara stift.","potentialAction":[{"@type":"SearchAction","target":{"@type":"EntryPoint","urlTemplate":"https:\/\/blogg.svenskakyrkan.se\/insikten\/?s={search_term_string}"},"query-input":{"@type":"PropertyValueSpecification","valueRequired":true,"valueName":"search_term_string"}}],"inLanguage":"sv-SE"},{"@type":"Person","@id":"https:\/\/blogg.svenskakyrkan.se\/insikten\/#\/schema\/person\/5081f68a0318ddb64c879f7bc416ce8c","name":"Floby pastorat","image":{"@type":"ImageObject","inLanguage":"sv-SE","@id":"https:\/\/blogg.svenskakyrkan.se\/insikten\/#\/schema\/person\/image\/","url":"https:\/\/secure.gravatar.com\/avatar\/c63a9fd4196da95cea4408b67893dbdb9ec52ef568ee59a4578ad766986bebcd?s=96&d=mm&r=g","contentUrl":"https:\/\/secure.gravatar.com\/avatar\/c63a9fd4196da95cea4408b67893dbdb9ec52ef568ee59a4578ad766986bebcd?s=96&d=mm&r=g","caption":"Floby pastorat"},"url":"https:\/\/blogg.svenskakyrkan.se\/insikten\/author\/helenataubner\/"}]}},"author_meta":{"ID":"250","user_nicename":"helenataubner","user_registered":"2013-01-15 08:36:14","display_name":"Floby pastorat","avatar":"https:\/\/secure.gravatar.com\/avatar\/c63a9fd4196da95cea4408b67893dbdb9ec52ef568ee59a4578ad766986bebcd?s=96&d=mm&r=g"},"featured_image":["https:\/\/blogg.svenskakyrkan.se\/insikten\/files\/2021\/02\/Stefan-1024x768.jpg",1024,768,true],"bloginfo":{"name":"Insikten - Floby pastorat","url":"https:\/\/blogg.svenskakyrkan.se\/insikten"},"_links":{"self":[{"href":"https:\/\/blogg.svenskakyrkan.se\/insikten\/wp-json\/wp\/v2\/posts\/148","targetHints":{"allow":["GET"]}}],"collection":[{"href":"https:\/\/blogg.svenskakyrkan.se\/insikten\/wp-json\/wp\/v2\/posts"}],"about":[{"href":"https:\/\/blogg.svenskakyrkan.se\/insikten\/wp-json\/wp\/v2\/types\/post"}],"author":[{"embeddable":true,"href":"https:\/\/blogg.svenskakyrkan.se\/insikten\/wp-json\/wp\/v2\/users\/250"}],"replies":[{"embeddable":true,"href":"https:\/\/blogg.svenskakyrkan.se\/insikten\/wp-json\/wp\/v2\/comments?post=148"}],"version-history":[{"count":1,"href":"https:\/\/blogg.svenskakyrkan.se\/insikten\/wp-json\/wp\/v2\/posts\/148\/revisions"}],"predecessor-version":[{"id":149,"href":"https:\/\/blogg.svenskakyrkan.se\/insikten\/wp-json\/wp\/v2\/posts\/148\/revisions\/149"}],"wp:featuredmedia":[{"embeddable":true,"href":"https:\/\/blogg.svenskakyrkan.se\/insikten\/wp-json\/wp\/v2\/media\/35"}],"wp:attachment":[{"href":"https:\/\/blogg.svenskakyrkan.se\/insikten\/wp-json\/wp\/v2\/media?parent=148"}],"wp:term":[{"taxonomy":"category","embeddable":true,"href":"https:\/\/blogg.svenskakyrkan.se\/insikten\/wp-json\/wp\/v2\/categories?post=148"},{"taxonomy":"post_tag","embeddable":true,"href":"https:\/\/blogg.svenskakyrkan.se\/insikten\/wp-json\/wp\/v2\/tags?post=148"}],"curies":[{"name":"wp","href":"https:\/\/api.w.org\/{rel}","templated":true}]}}