{"id":150,"date":"2022-03-22T11:47:26","date_gmt":"2022-03-22T10:47:26","guid":{"rendered":"https:\/\/blogg.svenskakyrkan.se\/insikten\/?p=150"},"modified":"2022-03-22T11:47:27","modified_gmt":"2022-03-22T10:47:27","slug":"varfor-sa-manga-olika-biblar","status":"publish","type":"post","link":"https:\/\/blogg.svenskakyrkan.se\/insikten\/2022\/03\/22\/varfor-sa-manga-olika-biblar\/","title":{"rendered":"Varf\u00f6r s\u00e5 m\u00e5nga olika biblar?"},"content":{"rendered":"\n\n\n<figure class=\"wp-block-image size-large is-style-default\"><img loading=\"lazy\" decoding=\"async\" width=\"1024\" height=\"719\" src=\"https:\/\/blogg.svenskakyrkan.se\/insikten\/files\/2022\/03\/Skarmavbild-2022-03-22-kl.-11.44.29-1024x719.jpg\" alt=\"\" class=\"wp-image-151\" srcset=\"https:\/\/blogg.svenskakyrkan.se\/insikten\/files\/2022\/03\/Skarmavbild-2022-03-22-kl.-11.44.29-1024x719.jpg 1024w, https:\/\/blogg.svenskakyrkan.se\/insikten\/files\/2022\/03\/Skarmavbild-2022-03-22-kl.-11.44.29-300x211.jpg 300w, https:\/\/blogg.svenskakyrkan.se\/insikten\/files\/2022\/03\/Skarmavbild-2022-03-22-kl.-11.44.29-768x539.jpg 768w, https:\/\/blogg.svenskakyrkan.se\/insikten\/files\/2022\/03\/Skarmavbild-2022-03-22-kl.-11.44.29-1536x1079.jpg 1536w, https:\/\/blogg.svenskakyrkan.se\/insikten\/files\/2022\/03\/Skarmavbild-2022-03-22-kl.-11.44.29-1200x843.jpg 1200w, https:\/\/blogg.svenskakyrkan.se\/insikten\/files\/2022\/03\/Skarmavbild-2022-03-22-kl.-11.44.29.jpg 1800w\" sizes=\"auto, (max-width: 1024px) 100vw, 1024px\" \/><figcaption>Foto: Svenska kyrkan\/IKON<\/figcaption><\/figure>\n\n\n\n<p>Bibeln b\u00e4r de allra viktigaste ber\u00e4ttelserna, de ber\u00e4ttelser som hela v\u00e5r verklighet vilar p\u00e5. Redan vid dopet delar vi ut en enkel men vacker \u201dMin allra f\u00f6rsta bibel\u201d. Vi hoppas att f\u00f6r\u00e4ldrarna l\u00e4ser den f\u00f6r sina barn lika sj\u00e4lvklart som man l\u00e4ser en annan bok. Vi vill f\u00f6rmedla Guds villkorsl\u00f6sa k\u00e4rlek till alla m\u00e4nniskor.<\/p>\n\n\n\n<p>N\u00e4sta bibel som vi delar ut \u00e4r \u201dBibel f\u00f6r stora och sm\u00e5\u201d, med stora inneh\u00e5llsrika bilder och en mer utvecklad text. Den delas ut efter en personlig inbjudan till barnen, att komma till n\u00e5gon av v\u00e5ra m\u00f6tesplatser, \u00c5sarpsdagen, Julmarknad i Floby och Julvandring i Kinneved. D\u00e5 m\u00f6ter vi 4-\u00e5ringar och n\u00e5gon f\u00f6r\u00e4lder. Barnen f\u00e5r ta emot bibeln med ett erbjudande om att n\u00e4r den \u00e4r s\u00f6nderl\u00e4st f\u00e5r man komma och h\u00e4mta en ny. F\u00f6rst l\u00e4ser f\u00f6r\u00e4ldrarna f\u00f6r barnet och barnet f\u00f6ljer med i bilderna, d\u00e4refter kan barnet l\u00e4sa bilderna sj\u00e4lv innan det klarar att \u00e4ven l\u00e4sa texten. Bibelns ber\u00e4ttelser b\u00e4r v\u00e5r historia och v\u00e5rt ursprung. De \u00e4r sp\u00e4nnande och fantasieggande. De ger oss bilder av Gud och m\u00f6jlighet f\u00f6r oss att skapa en relation med Gud. Genom bibelns ber\u00e4ttelser f\u00e5r Gud tala till oss.&nbsp;<\/p>\n\n\n\n<p>I \u00e5r har Skara stift best\u00e4mt att erbjuda en klassupps\u00e4ttning biblar till \u00e5rskurs tv\u00e5 i alla skolor i stiftet. \u00c5sarp, Kinnarp, Floby och Odensberg har alla tackat ja. De kommer att f\u00e5 biskop S\u00f6ren Dalevis barnbibel, \u201dBarnens b\u00e4sta bibel\u201d. Det \u00e4r en bibel som ber\u00e4ttar ber\u00e4ttelserna p\u00e5 ett mycket bra s\u00e4tt och till det finns m\u00e5nga illustrationer som kan skapa diskussion, d\u00e5tid blandat med nutid. Det \u00e4r en bibel som kan engagera barnen i ber\u00e4ttelserna och kanske se samband, uppt\u00e4cka k\u00e4nslor och f\u00e5 f\u00f6rst\u00e5else p\u00e5 ett nytt plan. Vi kommer \u00e4ven att anv\u00e4nda denna bibel med juniorerna f\u00f6r att ge dem nya verktyg f\u00f6r att f\u00f6rst\u00e5 ber\u00e4ttelserna.&nbsp;<\/p>\n\n\n\n<h2 class=\"wp-block-heading\">L\u00e4sa Bibeln p\u00e5 sitt eget spr\u00e5k<\/h2>\n\n\n\n<p>Martin Luther ans\u00e5g att alla skulle ha tillg\u00e5ng till bibelns texter p\u00e5 sitt eget spr\u00e5k f\u00f6r att sj\u00e4lv kunna l\u00e4sa och ta till sig budskapet. D\u00e4rf\u00f6r \u00e4r det sj\u00e4lvklart att alla konfirmander f\u00e5r en egen bibel vid starten som vi anv\u00e4nder under \u00e5ret och som sedan f\u00e5r f\u00f6lja med konfirmanden hem. F\u00f6r att g\u00f6ra den till sin f\u00e5r alla stryka under och markera i texterna p\u00e5 olika s\u00e4tt. Fortfarande kan texterna vara sv\u00e5ra att f\u00f6rst\u00e5 s\u00e5 det \u00e4r viktigt att prata om meningen med dem och att de inte alltid ska f\u00f6rst\u00e5s bokstavligt. Man kan beh\u00f6va f\u00e5 dem tolkade.<\/p>\n\n\n\n<p>Vi beh\u00f6ver allts\u00e5 flera olika biblar. Det lilla barnet f\u00f6rst\u00e5r inte den text en vuxen kan ta till sig och en vuxen beh\u00f6ver texter att kunna fundera kring. Barn m\u00e5ste f\u00e5 texter som visar p\u00e5 Jesus i olika skepnader, inte alltid en gullig ljushyad man utan ocks\u00e5 den m\u00f6rkare, arge Jesus som v\u00e4lter m\u00e5nglarnas bord i templet. Vi beh\u00f6ver f\u00e5 de texter och ber\u00e4ttelser vi kan hantera. Och vi m\u00e5ste f\u00f6ra dem vidare!<\/p>\n\n\n\n<p><em>Text: Lena \u00c5mark<\/em><\/p>\n\n\n\n<p><\/p>\n\n\n\n<p>&#8230;&#8230;&#8230;&#8230;&#8230;&#8230;&#8230;&#8230;&#8230;&#8230;.<\/p>\n\n\n\n<p>L\u00e4s mer om Barnens B\u00e4sta Bibel h\u00e4r: <a rel=\"noreferrer noopener\" href=\"http:\/\/www.barnensbastabibel.se\" data-type=\"URL\" data-id=\"www.barnensbastabibel.se\" target=\"_blank\">www.barnensbastabibel.se<\/a><\/p>\n\n\n\n<p>Texten publicerades f\u00f6rsta g\u00e5ngen i Insikten nummer 1 2022.<\/p>\n","protected":false},"excerpt":{"rendered":"<p>Bibeln b\u00e4r de allra viktigaste ber\u00e4ttelserna, de ber\u00e4ttelser som hela v\u00e5r verklighet vilar p\u00e5. Redan vid dopet delar vi ut en enkel men vacker \u201dMin allra f\u00f6rsta bibel\u201d. Vi hoppas att f\u00f6r\u00e4ldrarna l\u00e4ser den f\u00f6r sina barn lika sj\u00e4lvklart som man l\u00e4ser en annan bok. Vi vill f\u00f6rmedla Guds villkorsl\u00f6sa k\u00e4rlek till alla m\u00e4nniskor. N\u00e4sta [&hellip;]<\/p>\n","protected":false},"author":250,"featured_media":151,"comment_status":"open","ping_status":"open","sticky":false,"template":"","format":"standard","meta":{"_acf_changed":false,"footnotes":""},"categories":[10],"tags":[],"class_list":["post-150","post","type-post","status-publish","format-standard","has-post-thumbnail","hentry","category-svenska-kyrkans-unga"],"acf":[],"yoast_head":"<!-- This site is optimized with the Yoast SEO plugin v27.1.1 - https:\/\/yoast.com\/product\/yoast-seo-wordpress\/ -->\n<title>Varf\u00f6r s\u00e5 m\u00e5nga olika biblar? - Insikten - Floby pastorat<\/title>\n<meta name=\"robots\" content=\"index, follow, max-snippet:-1, max-image-preview:large, max-video-preview:-1\" \/>\n<link rel=\"canonical\" href=\"https:\/\/blogg.svenskakyrkan.se\/insikten\/2022\/03\/22\/varfor-sa-manga-olika-biblar\/\" \/>\n<meta property=\"og:locale\" content=\"sv_SE\" \/>\n<meta property=\"og:type\" content=\"article\" \/>\n<meta property=\"og:title\" content=\"Varf\u00f6r s\u00e5 m\u00e5nga olika biblar? - Insikten - Floby pastorat\" \/>\n<meta property=\"og:description\" content=\"Bibeln b\u00e4r de allra viktigaste ber\u00e4ttelserna, de ber\u00e4ttelser som hela v\u00e5r verklighet vilar p\u00e5. Redan vid dopet delar vi ut en enkel men vacker \u201dMin allra f\u00f6rsta bibel\u201d. Vi hoppas att f\u00f6r\u00e4ldrarna l\u00e4ser den f\u00f6r sina barn lika sj\u00e4lvklart som man l\u00e4ser en annan bok. Vi vill f\u00f6rmedla Guds villkorsl\u00f6sa k\u00e4rlek till alla m\u00e4nniskor. N\u00e4sta [&hellip;]\" \/>\n<meta property=\"og:url\" content=\"https:\/\/blogg.svenskakyrkan.se\/insikten\/2022\/03\/22\/varfor-sa-manga-olika-biblar\/\" \/>\n<meta property=\"og:site_name\" content=\"Insikten - Floby pastorat\" \/>\n<meta property=\"article:published_time\" content=\"2022-03-22T10:47:26+00:00\" \/>\n<meta property=\"article:modified_time\" content=\"2022-03-22T10:47:27+00:00\" \/>\n<meta property=\"og:image\" content=\"https:\/\/blogg.svenskakyrkan.se\/insikten\/files\/2022\/03\/Skarmavbild-2022-03-22-kl.-11.44.29.jpg\" \/>\n\t<meta property=\"og:image:width\" content=\"1800\" \/>\n\t<meta property=\"og:image:height\" content=\"1264\" \/>\n\t<meta property=\"og:image:type\" content=\"image\/jpeg\" \/>\n<meta name=\"author\" content=\"Floby pastorat\" \/>\n<meta name=\"twitter:card\" content=\"summary_large_image\" \/>\n<meta name=\"twitter:label1\" content=\"Skriven av\" \/>\n\t<meta name=\"twitter:data1\" content=\"Floby pastorat\" \/>\n\t<meta name=\"twitter:label2\" content=\"Ber\u00e4knad l\u00e4stid\" \/>\n\t<meta name=\"twitter:data2\" content=\"3 minuter\" \/>\n<script type=\"application\/ld+json\" class=\"yoast-schema-graph\">{\"@context\":\"https:\/\/schema.org\",\"@graph\":[{\"@type\":\"Article\",\"@id\":\"https:\/\/blogg.svenskakyrkan.se\/insikten\/2022\/03\/22\/varfor-sa-manga-olika-biblar\/#article\",\"isPartOf\":{\"@id\":\"https:\/\/blogg.svenskakyrkan.se\/insikten\/2022\/03\/22\/varfor-sa-manga-olika-biblar\/\"},\"author\":{\"name\":\"Floby pastorat\",\"@id\":\"https:\/\/blogg.svenskakyrkan.se\/insikten\/#\/schema\/person\/5081f68a0318ddb64c879f7bc416ce8c\"},\"headline\":\"Varf\u00f6r s\u00e5 m\u00e5nga olika biblar?\",\"datePublished\":\"2022-03-22T10:47:26+00:00\",\"dateModified\":\"2022-03-22T10:47:27+00:00\",\"mainEntityOfPage\":{\"@id\":\"https:\/\/blogg.svenskakyrkan.se\/insikten\/2022\/03\/22\/varfor-sa-manga-olika-biblar\/\"},\"wordCount\":617,\"commentCount\":0,\"image\":{\"@id\":\"https:\/\/blogg.svenskakyrkan.se\/insikten\/2022\/03\/22\/varfor-sa-manga-olika-biblar\/#primaryimage\"},\"thumbnailUrl\":\"https:\/\/blogg.svenskakyrkan.se\/insikten\/files\/2022\/03\/Skarmavbild-2022-03-22-kl.-11.44.29.jpg\",\"articleSection\":[\"Svenska kyrkans unga\"],\"inLanguage\":\"sv-SE\",\"potentialAction\":[{\"@type\":\"CommentAction\",\"name\":\"Comment\",\"target\":[\"https:\/\/blogg.svenskakyrkan.se\/insikten\/2022\/03\/22\/varfor-sa-manga-olika-biblar\/#respond\"]}]},{\"@type\":\"WebPage\",\"@id\":\"https:\/\/blogg.svenskakyrkan.se\/insikten\/2022\/03\/22\/varfor-sa-manga-olika-biblar\/\",\"url\":\"https:\/\/blogg.svenskakyrkan.se\/insikten\/2022\/03\/22\/varfor-sa-manga-olika-biblar\/\",\"name\":\"Varf\u00f6r s\u00e5 m\u00e5nga olika biblar? - Insikten - Floby pastorat\",\"isPartOf\":{\"@id\":\"https:\/\/blogg.svenskakyrkan.se\/insikten\/#website\"},\"primaryImageOfPage\":{\"@id\":\"https:\/\/blogg.svenskakyrkan.se\/insikten\/2022\/03\/22\/varfor-sa-manga-olika-biblar\/#primaryimage\"},\"image\":{\"@id\":\"https:\/\/blogg.svenskakyrkan.se\/insikten\/2022\/03\/22\/varfor-sa-manga-olika-biblar\/#primaryimage\"},\"thumbnailUrl\":\"https:\/\/blogg.svenskakyrkan.se\/insikten\/files\/2022\/03\/Skarmavbild-2022-03-22-kl.-11.44.29.jpg\",\"datePublished\":\"2022-03-22T10:47:26+00:00\",\"dateModified\":\"2022-03-22T10:47:27+00:00\",\"author\":{\"@id\":\"https:\/\/blogg.svenskakyrkan.se\/insikten\/#\/schema\/person\/5081f68a0318ddb64c879f7bc416ce8c\"},\"breadcrumb\":{\"@id\":\"https:\/\/blogg.svenskakyrkan.se\/insikten\/2022\/03\/22\/varfor-sa-manga-olika-biblar\/#breadcrumb\"},\"inLanguage\":\"sv-SE\",\"potentialAction\":[{\"@type\":\"ReadAction\",\"target\":[\"https:\/\/blogg.svenskakyrkan.se\/insikten\/2022\/03\/22\/varfor-sa-manga-olika-biblar\/\"]}]},{\"@type\":\"ImageObject\",\"inLanguage\":\"sv-SE\",\"@id\":\"https:\/\/blogg.svenskakyrkan.se\/insikten\/2022\/03\/22\/varfor-sa-manga-olika-biblar\/#primaryimage\",\"url\":\"https:\/\/blogg.svenskakyrkan.se\/insikten\/files\/2022\/03\/Skarmavbild-2022-03-22-kl.-11.44.29.jpg\",\"contentUrl\":\"https:\/\/blogg.svenskakyrkan.se\/insikten\/files\/2022\/03\/Skarmavbild-2022-03-22-kl.-11.44.29.jpg\",\"width\":1800,\"height\":1264},{\"@type\":\"BreadcrumbList\",\"@id\":\"https:\/\/blogg.svenskakyrkan.se\/insikten\/2022\/03\/22\/varfor-sa-manga-olika-biblar\/#breadcrumb\",\"itemListElement\":[{\"@type\":\"ListItem\",\"position\":1,\"name\":\"Hem\",\"item\":\"https:\/\/blogg.svenskakyrkan.se\/insikten\/\"},{\"@type\":\"ListItem\",\"position\":2,\"name\":\"Varf\u00f6r s\u00e5 m\u00e5nga olika biblar?\"}]},{\"@type\":\"WebSite\",\"@id\":\"https:\/\/blogg.svenskakyrkan.se\/insikten\/#website\",\"url\":\"https:\/\/blogg.svenskakyrkan.se\/insikten\/\",\"name\":\"Insikten - Floby pastorat\",\"description\":\"Insikter, utsikter och emellan\u00e5t \u00e4ven \u00e5sikter fr\u00e5n Floby pastorat i Skara stift.\",\"potentialAction\":[{\"@type\":\"SearchAction\",\"target\":{\"@type\":\"EntryPoint\",\"urlTemplate\":\"https:\/\/blogg.svenskakyrkan.se\/insikten\/?s={search_term_string}\"},\"query-input\":{\"@type\":\"PropertyValueSpecification\",\"valueRequired\":true,\"valueName\":\"search_term_string\"}}],\"inLanguage\":\"sv-SE\"},{\"@type\":\"Person\",\"@id\":\"https:\/\/blogg.svenskakyrkan.se\/insikten\/#\/schema\/person\/5081f68a0318ddb64c879f7bc416ce8c\",\"name\":\"Floby pastorat\",\"image\":{\"@type\":\"ImageObject\",\"inLanguage\":\"sv-SE\",\"@id\":\"https:\/\/blogg.svenskakyrkan.se\/insikten\/#\/schema\/person\/image\/\",\"url\":\"https:\/\/secure.gravatar.com\/avatar\/c63a9fd4196da95cea4408b67893dbdb9ec52ef568ee59a4578ad766986bebcd?s=96&d=mm&r=g\",\"contentUrl\":\"https:\/\/secure.gravatar.com\/avatar\/c63a9fd4196da95cea4408b67893dbdb9ec52ef568ee59a4578ad766986bebcd?s=96&d=mm&r=g\",\"caption\":\"Floby pastorat\"},\"url\":\"https:\/\/blogg.svenskakyrkan.se\/insikten\/author\/helenataubner\/\"}]}<\/script>\n<!-- \/ Yoast SEO plugin. -->","yoast_head_json":{"title":"Varf\u00f6r s\u00e5 m\u00e5nga olika biblar? - Insikten - Floby pastorat","robots":{"index":"index","follow":"follow","max-snippet":"max-snippet:-1","max-image-preview":"max-image-preview:large","max-video-preview":"max-video-preview:-1"},"canonical":"https:\/\/blogg.svenskakyrkan.se\/insikten\/2022\/03\/22\/varfor-sa-manga-olika-biblar\/","og_locale":"sv_SE","og_type":"article","og_title":"Varf\u00f6r s\u00e5 m\u00e5nga olika biblar? - Insikten - Floby pastorat","og_description":"Bibeln b\u00e4r de allra viktigaste ber\u00e4ttelserna, de ber\u00e4ttelser som hela v\u00e5r verklighet vilar p\u00e5. Redan vid dopet delar vi ut en enkel men vacker \u201dMin allra f\u00f6rsta bibel\u201d. Vi hoppas att f\u00f6r\u00e4ldrarna l\u00e4ser den f\u00f6r sina barn lika sj\u00e4lvklart som man l\u00e4ser en annan bok. Vi vill f\u00f6rmedla Guds villkorsl\u00f6sa k\u00e4rlek till alla m\u00e4nniskor. N\u00e4sta [&hellip;]","og_url":"https:\/\/blogg.svenskakyrkan.se\/insikten\/2022\/03\/22\/varfor-sa-manga-olika-biblar\/","og_site_name":"Insikten - Floby pastorat","article_published_time":"2022-03-22T10:47:26+00:00","article_modified_time":"2022-03-22T10:47:27+00:00","og_image":[{"width":1800,"height":1264,"url":"https:\/\/blogg.svenskakyrkan.se\/insikten\/files\/2022\/03\/Skarmavbild-2022-03-22-kl.-11.44.29.jpg","type":"image\/jpeg"}],"author":"Floby pastorat","twitter_card":"summary_large_image","twitter_misc":{"Skriven av":"Floby pastorat","Ber\u00e4knad l\u00e4stid":"3 minuter"},"schema":{"@context":"https:\/\/schema.org","@graph":[{"@type":"Article","@id":"https:\/\/blogg.svenskakyrkan.se\/insikten\/2022\/03\/22\/varfor-sa-manga-olika-biblar\/#article","isPartOf":{"@id":"https:\/\/blogg.svenskakyrkan.se\/insikten\/2022\/03\/22\/varfor-sa-manga-olika-biblar\/"},"author":{"name":"Floby pastorat","@id":"https:\/\/blogg.svenskakyrkan.se\/insikten\/#\/schema\/person\/5081f68a0318ddb64c879f7bc416ce8c"},"headline":"Varf\u00f6r s\u00e5 m\u00e5nga olika biblar?","datePublished":"2022-03-22T10:47:26+00:00","dateModified":"2022-03-22T10:47:27+00:00","mainEntityOfPage":{"@id":"https:\/\/blogg.svenskakyrkan.se\/insikten\/2022\/03\/22\/varfor-sa-manga-olika-biblar\/"},"wordCount":617,"commentCount":0,"image":{"@id":"https:\/\/blogg.svenskakyrkan.se\/insikten\/2022\/03\/22\/varfor-sa-manga-olika-biblar\/#primaryimage"},"thumbnailUrl":"https:\/\/blogg.svenskakyrkan.se\/insikten\/files\/2022\/03\/Skarmavbild-2022-03-22-kl.-11.44.29.jpg","articleSection":["Svenska kyrkans unga"],"inLanguage":"sv-SE","potentialAction":[{"@type":"CommentAction","name":"Comment","target":["https:\/\/blogg.svenskakyrkan.se\/insikten\/2022\/03\/22\/varfor-sa-manga-olika-biblar\/#respond"]}]},{"@type":"WebPage","@id":"https:\/\/blogg.svenskakyrkan.se\/insikten\/2022\/03\/22\/varfor-sa-manga-olika-biblar\/","url":"https:\/\/blogg.svenskakyrkan.se\/insikten\/2022\/03\/22\/varfor-sa-manga-olika-biblar\/","name":"Varf\u00f6r s\u00e5 m\u00e5nga olika biblar? - Insikten - Floby pastorat","isPartOf":{"@id":"https:\/\/blogg.svenskakyrkan.se\/insikten\/#website"},"primaryImageOfPage":{"@id":"https:\/\/blogg.svenskakyrkan.se\/insikten\/2022\/03\/22\/varfor-sa-manga-olika-biblar\/#primaryimage"},"image":{"@id":"https:\/\/blogg.svenskakyrkan.se\/insikten\/2022\/03\/22\/varfor-sa-manga-olika-biblar\/#primaryimage"},"thumbnailUrl":"https:\/\/blogg.svenskakyrkan.se\/insikten\/files\/2022\/03\/Skarmavbild-2022-03-22-kl.-11.44.29.jpg","datePublished":"2022-03-22T10:47:26+00:00","dateModified":"2022-03-22T10:47:27+00:00","author":{"@id":"https:\/\/blogg.svenskakyrkan.se\/insikten\/#\/schema\/person\/5081f68a0318ddb64c879f7bc416ce8c"},"breadcrumb":{"@id":"https:\/\/blogg.svenskakyrkan.se\/insikten\/2022\/03\/22\/varfor-sa-manga-olika-biblar\/#breadcrumb"},"inLanguage":"sv-SE","potentialAction":[{"@type":"ReadAction","target":["https:\/\/blogg.svenskakyrkan.se\/insikten\/2022\/03\/22\/varfor-sa-manga-olika-biblar\/"]}]},{"@type":"ImageObject","inLanguage":"sv-SE","@id":"https:\/\/blogg.svenskakyrkan.se\/insikten\/2022\/03\/22\/varfor-sa-manga-olika-biblar\/#primaryimage","url":"https:\/\/blogg.svenskakyrkan.se\/insikten\/files\/2022\/03\/Skarmavbild-2022-03-22-kl.-11.44.29.jpg","contentUrl":"https:\/\/blogg.svenskakyrkan.se\/insikten\/files\/2022\/03\/Skarmavbild-2022-03-22-kl.-11.44.29.jpg","width":1800,"height":1264},{"@type":"BreadcrumbList","@id":"https:\/\/blogg.svenskakyrkan.se\/insikten\/2022\/03\/22\/varfor-sa-manga-olika-biblar\/#breadcrumb","itemListElement":[{"@type":"ListItem","position":1,"name":"Hem","item":"https:\/\/blogg.svenskakyrkan.se\/insikten\/"},{"@type":"ListItem","position":2,"name":"Varf\u00f6r s\u00e5 m\u00e5nga olika biblar?"}]},{"@type":"WebSite","@id":"https:\/\/blogg.svenskakyrkan.se\/insikten\/#website","url":"https:\/\/blogg.svenskakyrkan.se\/insikten\/","name":"Insikten - Floby pastorat","description":"Insikter, utsikter och emellan\u00e5t \u00e4ven \u00e5sikter fr\u00e5n Floby pastorat i Skara stift.","potentialAction":[{"@type":"SearchAction","target":{"@type":"EntryPoint","urlTemplate":"https:\/\/blogg.svenskakyrkan.se\/insikten\/?s={search_term_string}"},"query-input":{"@type":"PropertyValueSpecification","valueRequired":true,"valueName":"search_term_string"}}],"inLanguage":"sv-SE"},{"@type":"Person","@id":"https:\/\/blogg.svenskakyrkan.se\/insikten\/#\/schema\/person\/5081f68a0318ddb64c879f7bc416ce8c","name":"Floby pastorat","image":{"@type":"ImageObject","inLanguage":"sv-SE","@id":"https:\/\/blogg.svenskakyrkan.se\/insikten\/#\/schema\/person\/image\/","url":"https:\/\/secure.gravatar.com\/avatar\/c63a9fd4196da95cea4408b67893dbdb9ec52ef568ee59a4578ad766986bebcd?s=96&d=mm&r=g","contentUrl":"https:\/\/secure.gravatar.com\/avatar\/c63a9fd4196da95cea4408b67893dbdb9ec52ef568ee59a4578ad766986bebcd?s=96&d=mm&r=g","caption":"Floby pastorat"},"url":"https:\/\/blogg.svenskakyrkan.se\/insikten\/author\/helenataubner\/"}]}},"author_meta":{"ID":"250","user_nicename":"helenataubner","user_registered":"2013-01-15 08:36:14","display_name":"Floby pastorat","avatar":"https:\/\/secure.gravatar.com\/avatar\/c63a9fd4196da95cea4408b67893dbdb9ec52ef568ee59a4578ad766986bebcd?s=96&d=mm&r=g"},"featured_image":["https:\/\/blogg.svenskakyrkan.se\/insikten\/files\/2022\/03\/Skarmavbild-2022-03-22-kl.-11.44.29-1024x719.jpg",1024,719,true],"bloginfo":{"name":"Insikten - Floby pastorat","url":"https:\/\/blogg.svenskakyrkan.se\/insikten"},"_links":{"self":[{"href":"https:\/\/blogg.svenskakyrkan.se\/insikten\/wp-json\/wp\/v2\/posts\/150","targetHints":{"allow":["GET"]}}],"collection":[{"href":"https:\/\/blogg.svenskakyrkan.se\/insikten\/wp-json\/wp\/v2\/posts"}],"about":[{"href":"https:\/\/blogg.svenskakyrkan.se\/insikten\/wp-json\/wp\/v2\/types\/post"}],"author":[{"embeddable":true,"href":"https:\/\/blogg.svenskakyrkan.se\/insikten\/wp-json\/wp\/v2\/users\/250"}],"replies":[{"embeddable":true,"href":"https:\/\/blogg.svenskakyrkan.se\/insikten\/wp-json\/wp\/v2\/comments?post=150"}],"version-history":[{"count":1,"href":"https:\/\/blogg.svenskakyrkan.se\/insikten\/wp-json\/wp\/v2\/posts\/150\/revisions"}],"predecessor-version":[{"id":152,"href":"https:\/\/blogg.svenskakyrkan.se\/insikten\/wp-json\/wp\/v2\/posts\/150\/revisions\/152"}],"wp:featuredmedia":[{"embeddable":true,"href":"https:\/\/blogg.svenskakyrkan.se\/insikten\/wp-json\/wp\/v2\/media\/151"}],"wp:attachment":[{"href":"https:\/\/blogg.svenskakyrkan.se\/insikten\/wp-json\/wp\/v2\/media?parent=150"}],"wp:term":[{"taxonomy":"category","embeddable":true,"href":"https:\/\/blogg.svenskakyrkan.se\/insikten\/wp-json\/wp\/v2\/categories?post=150"},{"taxonomy":"post_tag","embeddable":true,"href":"https:\/\/blogg.svenskakyrkan.se\/insikten\/wp-json\/wp\/v2\/tags?post=150"}],"curies":[{"name":"wp","href":"https:\/\/api.w.org\/{rel}","templated":true}]}}