{"id":153,"date":"2022-03-22T11:52:29","date_gmt":"2022-03-22T10:52:29","guid":{"rendered":"https:\/\/blogg.svenskakyrkan.se\/insikten\/?p=153"},"modified":"2022-03-22T11:52:30","modified_gmt":"2022-03-22T10:52:30","slug":"fyra-roster-om-pasken","status":"publish","type":"post","link":"https:\/\/blogg.svenskakyrkan.se\/insikten\/2022\/03\/22\/fyra-roster-om-pasken\/","title":{"rendered":"Fyra r\u00f6ster om p\u00e5sken"},"content":{"rendered":"\n\n\n<figure class=\"wp-block-image size-large is-style-default\"><img loading=\"lazy\" decoding=\"async\" width=\"1024\" height=\"683\" src=\"https:\/\/blogg.svenskakyrkan.se\/insikten\/files\/2022\/03\/1125200web-1024x683.jpg\" alt=\"\" class=\"wp-image-154\" srcset=\"https:\/\/blogg.svenskakyrkan.se\/insikten\/files\/2022\/03\/1125200web-1024x683.jpg 1024w, https:\/\/blogg.svenskakyrkan.se\/insikten\/files\/2022\/03\/1125200web-300x200.jpg 300w, https:\/\/blogg.svenskakyrkan.se\/insikten\/files\/2022\/03\/1125200web-768x512.jpg 768w, https:\/\/blogg.svenskakyrkan.se\/insikten\/files\/2022\/03\/1125200web-1536x1024.jpg 1536w, https:\/\/blogg.svenskakyrkan.se\/insikten\/files\/2022\/03\/1125200web-1200x800.jpg 1200w, https:\/\/blogg.svenskakyrkan.se\/insikten\/files\/2022\/03\/1125200web.jpg 1800w\" sizes=\"auto, (max-width: 1024px) 100vw, 1024px\" \/><figcaption>Foto: Svenska kyrkan\/IKON<\/figcaption><\/figure>\n\n\n\n<h2 class=\"wp-block-heading\">En tankest\u00e4llare<\/h2>\n\n\n\n<p><strong>J\u00f6rgen Jacov, J\u00e4la<\/strong><\/p>\n\n\n\n<p>\u2013 F\u00f6r mig \u00e4r kv\u00e4llsm\u00e4ssan p\u00e5 sk\u00e4rtorsdagen en speciell upplevelse. N\u00e4r altaret kl\u00e4s av, och vi t\u00e4nker p\u00e5 hur Jesus gick till Getsemane, f\u00e5r man en tankest\u00e4llare. Jag f\u00f6rknippar det med m\u00f6rkret och d\u00f6den, men ocks\u00e5 med lugn och frid. N\u00e4r jag var barn var l\u00e5ngfredagen en v\u00e4ldigt stilla dag i hela samh\u00e4llet, men det har f\u00f6r\u00e4ndrats nu.<\/p>\n\n\n\n<p>\u2013 P\u00e5sken b\u00f6rjar i sorg men slutar i gl\u00e4dje n\u00e4r p\u00e5skdagen kommer. Jag har varit med i olika k\u00f6rer, och nu sjunger jag i Falbygdens mansk\u00f6r. D\u00e4rf\u00f6r f\u00f6rknippar jag p\u00e5sken med k\u00f6rs\u00e5ng, och s\u00e5nger som \u201dEn \u00e4ngel v\u00e4lte stenen bort\u201d.<\/p>\n\n\n\n<h2 class=\"wp-block-heading\">Aldrig f\u00f6r sent att finna tron<\/h2>\n\n\n\n<p><strong>Ulla Torsrud, Smula<\/strong><\/p>\n\n\n\n<p>\u2013 P\u00e5sken \u00e4r den viktigaste h\u00f6gtiden f\u00f6r oss kristna. Jag tycker mycket om den del av p\u00e5skber\u00e4ttelsen som handlar om r\u00f6varen som korsf\u00e4stes tillsammans med Jesus. Jesus sa till honom att de skulle ses i paradiset redan samma dag. Jag t\u00e4nker att det betyder att det aldrig \u00e4r f\u00f6r sent att finna tron, inte f\u00f6r n\u00e5gon.&nbsp;<\/p>\n\n\n\n<p>\u2013 Jag har varit med i en serie bibelsamtal och d\u00e5 pratade vi en del om Judas. Man kan fundera p\u00e5 varf\u00f6r han gjorde som han gjorde, och om han hade kunnat g\u00f6ra p\u00e5 n\u00e5got annat s\u00e4tt egentligen.<\/p>\n\n\n\n<p>\u2013 N\u00e4r det g\u00e4ller p\u00e5skens psalmer tycker jag s\u00e4rskilt om nummer 45,&nbsp; \u201dJesus f\u00f6r v\u00e4rlden givit sitt liv\u201d. Den var min mammas favoritpsalm. Min pappa var kantor och jag var ofta i kyrkan redan som barn. K\u00f6rs\u00e5ngen har alltid varit viktig f\u00f6r mig och nu sjunger jag i Mixx-k\u00f6ren. Vi ska snart framf\u00f6ra en m\u00e4ssa i viston av Per Harling och det ser jag fram emot.&nbsp;<\/p>\n\n\n\n<h2 class=\"wp-block-heading\">L\u00e4tt att sjunga p\u00e5 p\u00e5skdagen<\/h2>\n\n\n\n<p><strong>Margareta Friberg, S\u00f6rby<\/strong><\/p>\n\n\n\n<p>\u2013 Hur p\u00e5skfirandet blir i \u00e5r vet jag inte. Det beror fortfarande mycket p\u00e5 hur pandemin utvecklas, och jag f\u00f6rs\u00f6ker fortfarande vara f\u00f6rsiktig.&nbsp;<\/p>\n\n\n\n<p>\u2013 Men jag g\u00e5r s\u00e4kert till kyrkan p\u00e5 p\u00e5skdagen. Det \u00e4r ljusare och l\u00e4ttare att sjunga med i psalmerna \u00e4n tidigare under p\u00e5skhelgen. S\u00e4rskilt tycker jag om \u201dDina h\u00e4nder \u00e4r fulla av blommor\u201d (psalm 154).&nbsp;<\/p>\n\n\n\n<p>\u2013 Jag har sjungit i k\u00f6r l\u00e4nge och b\u00f6rjade i kyrkok\u00f6ren h\u00e4r i Floby \u00e5r 1972. Det skulle vara roligt om vi kunde bli fler i k\u00f6rerna.<\/p>\n\n\n\n<h2 class=\"wp-block-heading\">Uppst\u00e5tt har Jesus!&nbsp;<\/h2>\n\n\n\n<p><strong>Gunnar G\u00f6tlind, Falk\u00f6ping<\/strong><\/p>\n\n\n\n<p>\u2013 Ett h\u00e4rligt minne handlar om psalm 612 \u201dUppst\u00e5tt har Jesus, hurra, hurra!\u201d. N\u00e4r jag arbetade med konfirmander i Stenstorps pastorat i b\u00f6rjan av 1980-talet, gjorde vi vid konfirmationen en dramatisering av hela p\u00e5skber\u00e4ttelsen och ungdomarna levde sig verkligen&nbsp; in i sina roller. Vi sj\u00f6ng ocks\u00e5 tillsammans denna och andra glada psalmer, visor och senare fick jag h\u00f6ra att ungdomarna sj\u00f6ng s\u00e5ngerna tillsammans med sina anh\u00f6riga hemma efter konfirmationen. Det k\u00e4ndes v\u00e4ldigt roligt. Psalmen har fastnat hos mig, och jag t\u00e4nker fortfarande p\u00e5 konfirmanderna n\u00e4r jag h\u00f6r den.<\/p>\n\n\n\n<p>\u2013 Jag har ett stort engagemang i EFS i Floby-G\u00f6teve, och ser fram emot att fira en ekumenisk gudstj\u00e4nst i Floby kyrka p\u00e5 p\u00e5skdagen. Vi sjunger psalmer och s\u00e5nger och satsar lite extra med en musikgrupp. P\u00e5skdagens gl\u00e4dje passar s\u00e5 bra att fira tillsammans!<\/p>\n\n\n\n<p><\/p>\n\n\n\n<p>&#8230;&#8230;&#8230;&#8230;&#8230;&#8230;&#8230;&#8230;&#8230;&#8230;.<\/p>\n\n\n\n<p>Texten publicerades f\u00f6rsta g\u00e5ngen i Insikten nummer 1 2022<\/p>\n","protected":false},"excerpt":{"rendered":"<p>En tankest\u00e4llare J\u00f6rgen Jacov, J\u00e4la \u2013 F\u00f6r mig \u00e4r kv\u00e4llsm\u00e4ssan p\u00e5 sk\u00e4rtorsdagen en speciell upplevelse. N\u00e4r altaret kl\u00e4s av, och vi t\u00e4nker p\u00e5 hur Jesus gick till Getsemane, f\u00e5r man en tankest\u00e4llare. Jag f\u00f6rknippar det med m\u00f6rkret och d\u00f6den, men ocks\u00e5 med lugn och frid. N\u00e4r jag var barn var l\u00e5ngfredagen en v\u00e4ldigt stilla dag [&hellip;]<\/p>\n","protected":false},"author":250,"featured_media":154,"comment_status":"open","ping_status":"open","sticky":false,"template":"","format":"standard","meta":{"_acf_changed":false,"footnotes":""},"categories":[7,4],"tags":[],"class_list":["post-153","post","type-post","status-publish","format-standard","has-post-thumbnail","hentry","category-engagemang","category-pask"],"acf":[],"yoast_head":"<!-- This site is optimized with the Yoast SEO plugin v27.1.1 - https:\/\/yoast.com\/product\/yoast-seo-wordpress\/ -->\n<title>Fyra r\u00f6ster om p\u00e5sken - Insikten - Floby pastorat<\/title>\n<meta name=\"robots\" content=\"index, follow, max-snippet:-1, max-image-preview:large, max-video-preview:-1\" \/>\n<link rel=\"canonical\" href=\"https:\/\/blogg.svenskakyrkan.se\/insikten\/2022\/03\/22\/fyra-roster-om-pasken\/\" \/>\n<meta property=\"og:locale\" content=\"sv_SE\" \/>\n<meta property=\"og:type\" content=\"article\" \/>\n<meta property=\"og:title\" content=\"Fyra r\u00f6ster om p\u00e5sken - Insikten - Floby pastorat\" \/>\n<meta property=\"og:description\" content=\"En tankest\u00e4llare J\u00f6rgen Jacov, J\u00e4la \u2013 F\u00f6r mig \u00e4r kv\u00e4llsm\u00e4ssan p\u00e5 sk\u00e4rtorsdagen en speciell upplevelse. N\u00e4r altaret kl\u00e4s av, och vi t\u00e4nker p\u00e5 hur Jesus gick till Getsemane, f\u00e5r man en tankest\u00e4llare. Jag f\u00f6rknippar det med m\u00f6rkret och d\u00f6den, men ocks\u00e5 med lugn och frid. N\u00e4r jag var barn var l\u00e5ngfredagen en v\u00e4ldigt stilla dag [&hellip;]\" \/>\n<meta property=\"og:url\" content=\"https:\/\/blogg.svenskakyrkan.se\/insikten\/2022\/03\/22\/fyra-roster-om-pasken\/\" \/>\n<meta property=\"og:site_name\" content=\"Insikten - Floby pastorat\" \/>\n<meta property=\"article:published_time\" content=\"2022-03-22T10:52:29+00:00\" \/>\n<meta property=\"article:modified_time\" content=\"2022-03-22T10:52:30+00:00\" \/>\n<meta property=\"og:image\" content=\"https:\/\/blogg.svenskakyrkan.se\/insikten\/files\/2022\/03\/1125200web.jpg\" \/>\n\t<meta property=\"og:image:width\" content=\"1800\" \/>\n\t<meta property=\"og:image:height\" content=\"1200\" \/>\n\t<meta property=\"og:image:type\" content=\"image\/jpeg\" \/>\n<meta name=\"author\" content=\"Floby pastorat\" \/>\n<meta name=\"twitter:card\" content=\"summary_large_image\" \/>\n<meta name=\"twitter:label1\" content=\"Skriven av\" \/>\n\t<meta name=\"twitter:data1\" content=\"Floby pastorat\" \/>\n\t<meta name=\"twitter:label2\" content=\"Ber\u00e4knad l\u00e4stid\" \/>\n\t<meta name=\"twitter:data2\" content=\"3 minuter\" \/>\n<script type=\"application\/ld+json\" class=\"yoast-schema-graph\">{\"@context\":\"https:\/\/schema.org\",\"@graph\":[{\"@type\":\"Article\",\"@id\":\"https:\/\/blogg.svenskakyrkan.se\/insikten\/2022\/03\/22\/fyra-roster-om-pasken\/#article\",\"isPartOf\":{\"@id\":\"https:\/\/blogg.svenskakyrkan.se\/insikten\/2022\/03\/22\/fyra-roster-om-pasken\/\"},\"author\":{\"name\":\"Floby pastorat\",\"@id\":\"https:\/\/blogg.svenskakyrkan.se\/insikten\/#\/schema\/person\/5081f68a0318ddb64c879f7bc416ce8c\"},\"headline\":\"Fyra r\u00f6ster om p\u00e5sken\",\"datePublished\":\"2022-03-22T10:52:29+00:00\",\"dateModified\":\"2022-03-22T10:52:30+00:00\",\"mainEntityOfPage\":{\"@id\":\"https:\/\/blogg.svenskakyrkan.se\/insikten\/2022\/03\/22\/fyra-roster-om-pasken\/\"},\"wordCount\":624,\"commentCount\":0,\"image\":{\"@id\":\"https:\/\/blogg.svenskakyrkan.se\/insikten\/2022\/03\/22\/fyra-roster-om-pasken\/#primaryimage\"},\"thumbnailUrl\":\"https:\/\/blogg.svenskakyrkan.se\/insikten\/files\/2022\/03\/1125200web.jpg\",\"articleSection\":[\"Engagemang\",\"P\u00e5sk\"],\"inLanguage\":\"sv-SE\",\"potentialAction\":[{\"@type\":\"CommentAction\",\"name\":\"Comment\",\"target\":[\"https:\/\/blogg.svenskakyrkan.se\/insikten\/2022\/03\/22\/fyra-roster-om-pasken\/#respond\"]}]},{\"@type\":\"WebPage\",\"@id\":\"https:\/\/blogg.svenskakyrkan.se\/insikten\/2022\/03\/22\/fyra-roster-om-pasken\/\",\"url\":\"https:\/\/blogg.svenskakyrkan.se\/insikten\/2022\/03\/22\/fyra-roster-om-pasken\/\",\"name\":\"Fyra r\u00f6ster om p\u00e5sken - Insikten - Floby pastorat\",\"isPartOf\":{\"@id\":\"https:\/\/blogg.svenskakyrkan.se\/insikten\/#website\"},\"primaryImageOfPage\":{\"@id\":\"https:\/\/blogg.svenskakyrkan.se\/insikten\/2022\/03\/22\/fyra-roster-om-pasken\/#primaryimage\"},\"image\":{\"@id\":\"https:\/\/blogg.svenskakyrkan.se\/insikten\/2022\/03\/22\/fyra-roster-om-pasken\/#primaryimage\"},\"thumbnailUrl\":\"https:\/\/blogg.svenskakyrkan.se\/insikten\/files\/2022\/03\/1125200web.jpg\",\"datePublished\":\"2022-03-22T10:52:29+00:00\",\"dateModified\":\"2022-03-22T10:52:30+00:00\",\"author\":{\"@id\":\"https:\/\/blogg.svenskakyrkan.se\/insikten\/#\/schema\/person\/5081f68a0318ddb64c879f7bc416ce8c\"},\"breadcrumb\":{\"@id\":\"https:\/\/blogg.svenskakyrkan.se\/insikten\/2022\/03\/22\/fyra-roster-om-pasken\/#breadcrumb\"},\"inLanguage\":\"sv-SE\",\"potentialAction\":[{\"@type\":\"ReadAction\",\"target\":[\"https:\/\/blogg.svenskakyrkan.se\/insikten\/2022\/03\/22\/fyra-roster-om-pasken\/\"]}]},{\"@type\":\"ImageObject\",\"inLanguage\":\"sv-SE\",\"@id\":\"https:\/\/blogg.svenskakyrkan.se\/insikten\/2022\/03\/22\/fyra-roster-om-pasken\/#primaryimage\",\"url\":\"https:\/\/blogg.svenskakyrkan.se\/insikten\/files\/2022\/03\/1125200web.jpg\",\"contentUrl\":\"https:\/\/blogg.svenskakyrkan.se\/insikten\/files\/2022\/03\/1125200web.jpg\",\"width\":1800,\"height\":1200},{\"@type\":\"BreadcrumbList\",\"@id\":\"https:\/\/blogg.svenskakyrkan.se\/insikten\/2022\/03\/22\/fyra-roster-om-pasken\/#breadcrumb\",\"itemListElement\":[{\"@type\":\"ListItem\",\"position\":1,\"name\":\"Hem\",\"item\":\"https:\/\/blogg.svenskakyrkan.se\/insikten\/\"},{\"@type\":\"ListItem\",\"position\":2,\"name\":\"Fyra r\u00f6ster om p\u00e5sken\"}]},{\"@type\":\"WebSite\",\"@id\":\"https:\/\/blogg.svenskakyrkan.se\/insikten\/#website\",\"url\":\"https:\/\/blogg.svenskakyrkan.se\/insikten\/\",\"name\":\"Insikten - Floby pastorat\",\"description\":\"Insikter, utsikter och emellan\u00e5t \u00e4ven \u00e5sikter fr\u00e5n Floby pastorat i Skara stift.\",\"potentialAction\":[{\"@type\":\"SearchAction\",\"target\":{\"@type\":\"EntryPoint\",\"urlTemplate\":\"https:\/\/blogg.svenskakyrkan.se\/insikten\/?s={search_term_string}\"},\"query-input\":{\"@type\":\"PropertyValueSpecification\",\"valueRequired\":true,\"valueName\":\"search_term_string\"}}],\"inLanguage\":\"sv-SE\"},{\"@type\":\"Person\",\"@id\":\"https:\/\/blogg.svenskakyrkan.se\/insikten\/#\/schema\/person\/5081f68a0318ddb64c879f7bc416ce8c\",\"name\":\"Floby pastorat\",\"image\":{\"@type\":\"ImageObject\",\"inLanguage\":\"sv-SE\",\"@id\":\"https:\/\/blogg.svenskakyrkan.se\/insikten\/#\/schema\/person\/image\/\",\"url\":\"https:\/\/secure.gravatar.com\/avatar\/c63a9fd4196da95cea4408b67893dbdb9ec52ef568ee59a4578ad766986bebcd?s=96&d=mm&r=g\",\"contentUrl\":\"https:\/\/secure.gravatar.com\/avatar\/c63a9fd4196da95cea4408b67893dbdb9ec52ef568ee59a4578ad766986bebcd?s=96&d=mm&r=g\",\"caption\":\"Floby pastorat\"},\"url\":\"https:\/\/blogg.svenskakyrkan.se\/insikten\/author\/helenataubner\/\"}]}<\/script>\n<!-- \/ Yoast SEO plugin. -->","yoast_head_json":{"title":"Fyra r\u00f6ster om p\u00e5sken - Insikten - Floby pastorat","robots":{"index":"index","follow":"follow","max-snippet":"max-snippet:-1","max-image-preview":"max-image-preview:large","max-video-preview":"max-video-preview:-1"},"canonical":"https:\/\/blogg.svenskakyrkan.se\/insikten\/2022\/03\/22\/fyra-roster-om-pasken\/","og_locale":"sv_SE","og_type":"article","og_title":"Fyra r\u00f6ster om p\u00e5sken - Insikten - Floby pastorat","og_description":"En tankest\u00e4llare J\u00f6rgen Jacov, J\u00e4la \u2013 F\u00f6r mig \u00e4r kv\u00e4llsm\u00e4ssan p\u00e5 sk\u00e4rtorsdagen en speciell upplevelse. N\u00e4r altaret kl\u00e4s av, och vi t\u00e4nker p\u00e5 hur Jesus gick till Getsemane, f\u00e5r man en tankest\u00e4llare. Jag f\u00f6rknippar det med m\u00f6rkret och d\u00f6den, men ocks\u00e5 med lugn och frid. N\u00e4r jag var barn var l\u00e5ngfredagen en v\u00e4ldigt stilla dag [&hellip;]","og_url":"https:\/\/blogg.svenskakyrkan.se\/insikten\/2022\/03\/22\/fyra-roster-om-pasken\/","og_site_name":"Insikten - Floby pastorat","article_published_time":"2022-03-22T10:52:29+00:00","article_modified_time":"2022-03-22T10:52:30+00:00","og_image":[{"width":1800,"height":1200,"url":"https:\/\/blogg.svenskakyrkan.se\/insikten\/files\/2022\/03\/1125200web.jpg","type":"image\/jpeg"}],"author":"Floby pastorat","twitter_card":"summary_large_image","twitter_misc":{"Skriven av":"Floby pastorat","Ber\u00e4knad l\u00e4stid":"3 minuter"},"schema":{"@context":"https:\/\/schema.org","@graph":[{"@type":"Article","@id":"https:\/\/blogg.svenskakyrkan.se\/insikten\/2022\/03\/22\/fyra-roster-om-pasken\/#article","isPartOf":{"@id":"https:\/\/blogg.svenskakyrkan.se\/insikten\/2022\/03\/22\/fyra-roster-om-pasken\/"},"author":{"name":"Floby pastorat","@id":"https:\/\/blogg.svenskakyrkan.se\/insikten\/#\/schema\/person\/5081f68a0318ddb64c879f7bc416ce8c"},"headline":"Fyra r\u00f6ster om p\u00e5sken","datePublished":"2022-03-22T10:52:29+00:00","dateModified":"2022-03-22T10:52:30+00:00","mainEntityOfPage":{"@id":"https:\/\/blogg.svenskakyrkan.se\/insikten\/2022\/03\/22\/fyra-roster-om-pasken\/"},"wordCount":624,"commentCount":0,"image":{"@id":"https:\/\/blogg.svenskakyrkan.se\/insikten\/2022\/03\/22\/fyra-roster-om-pasken\/#primaryimage"},"thumbnailUrl":"https:\/\/blogg.svenskakyrkan.se\/insikten\/files\/2022\/03\/1125200web.jpg","articleSection":["Engagemang","P\u00e5sk"],"inLanguage":"sv-SE","potentialAction":[{"@type":"CommentAction","name":"Comment","target":["https:\/\/blogg.svenskakyrkan.se\/insikten\/2022\/03\/22\/fyra-roster-om-pasken\/#respond"]}]},{"@type":"WebPage","@id":"https:\/\/blogg.svenskakyrkan.se\/insikten\/2022\/03\/22\/fyra-roster-om-pasken\/","url":"https:\/\/blogg.svenskakyrkan.se\/insikten\/2022\/03\/22\/fyra-roster-om-pasken\/","name":"Fyra r\u00f6ster om p\u00e5sken - Insikten - Floby pastorat","isPartOf":{"@id":"https:\/\/blogg.svenskakyrkan.se\/insikten\/#website"},"primaryImageOfPage":{"@id":"https:\/\/blogg.svenskakyrkan.se\/insikten\/2022\/03\/22\/fyra-roster-om-pasken\/#primaryimage"},"image":{"@id":"https:\/\/blogg.svenskakyrkan.se\/insikten\/2022\/03\/22\/fyra-roster-om-pasken\/#primaryimage"},"thumbnailUrl":"https:\/\/blogg.svenskakyrkan.se\/insikten\/files\/2022\/03\/1125200web.jpg","datePublished":"2022-03-22T10:52:29+00:00","dateModified":"2022-03-22T10:52:30+00:00","author":{"@id":"https:\/\/blogg.svenskakyrkan.se\/insikten\/#\/schema\/person\/5081f68a0318ddb64c879f7bc416ce8c"},"breadcrumb":{"@id":"https:\/\/blogg.svenskakyrkan.se\/insikten\/2022\/03\/22\/fyra-roster-om-pasken\/#breadcrumb"},"inLanguage":"sv-SE","potentialAction":[{"@type":"ReadAction","target":["https:\/\/blogg.svenskakyrkan.se\/insikten\/2022\/03\/22\/fyra-roster-om-pasken\/"]}]},{"@type":"ImageObject","inLanguage":"sv-SE","@id":"https:\/\/blogg.svenskakyrkan.se\/insikten\/2022\/03\/22\/fyra-roster-om-pasken\/#primaryimage","url":"https:\/\/blogg.svenskakyrkan.se\/insikten\/files\/2022\/03\/1125200web.jpg","contentUrl":"https:\/\/blogg.svenskakyrkan.se\/insikten\/files\/2022\/03\/1125200web.jpg","width":1800,"height":1200},{"@type":"BreadcrumbList","@id":"https:\/\/blogg.svenskakyrkan.se\/insikten\/2022\/03\/22\/fyra-roster-om-pasken\/#breadcrumb","itemListElement":[{"@type":"ListItem","position":1,"name":"Hem","item":"https:\/\/blogg.svenskakyrkan.se\/insikten\/"},{"@type":"ListItem","position":2,"name":"Fyra r\u00f6ster om p\u00e5sken"}]},{"@type":"WebSite","@id":"https:\/\/blogg.svenskakyrkan.se\/insikten\/#website","url":"https:\/\/blogg.svenskakyrkan.se\/insikten\/","name":"Insikten - Floby pastorat","description":"Insikter, utsikter och emellan\u00e5t \u00e4ven \u00e5sikter fr\u00e5n Floby pastorat i Skara stift.","potentialAction":[{"@type":"SearchAction","target":{"@type":"EntryPoint","urlTemplate":"https:\/\/blogg.svenskakyrkan.se\/insikten\/?s={search_term_string}"},"query-input":{"@type":"PropertyValueSpecification","valueRequired":true,"valueName":"search_term_string"}}],"inLanguage":"sv-SE"},{"@type":"Person","@id":"https:\/\/blogg.svenskakyrkan.se\/insikten\/#\/schema\/person\/5081f68a0318ddb64c879f7bc416ce8c","name":"Floby pastorat","image":{"@type":"ImageObject","inLanguage":"sv-SE","@id":"https:\/\/blogg.svenskakyrkan.se\/insikten\/#\/schema\/person\/image\/","url":"https:\/\/secure.gravatar.com\/avatar\/c63a9fd4196da95cea4408b67893dbdb9ec52ef568ee59a4578ad766986bebcd?s=96&d=mm&r=g","contentUrl":"https:\/\/secure.gravatar.com\/avatar\/c63a9fd4196da95cea4408b67893dbdb9ec52ef568ee59a4578ad766986bebcd?s=96&d=mm&r=g","caption":"Floby pastorat"},"url":"https:\/\/blogg.svenskakyrkan.se\/insikten\/author\/helenataubner\/"}]}},"author_meta":{"ID":"250","user_nicename":"helenataubner","user_registered":"2013-01-15 08:36:14","display_name":"Floby pastorat","avatar":"https:\/\/secure.gravatar.com\/avatar\/c63a9fd4196da95cea4408b67893dbdb9ec52ef568ee59a4578ad766986bebcd?s=96&d=mm&r=g"},"featured_image":["https:\/\/blogg.svenskakyrkan.se\/insikten\/files\/2022\/03\/1125200web-1024x683.jpg",1024,683,true],"bloginfo":{"name":"Insikten - Floby pastorat","url":"https:\/\/blogg.svenskakyrkan.se\/insikten"},"_links":{"self":[{"href":"https:\/\/blogg.svenskakyrkan.se\/insikten\/wp-json\/wp\/v2\/posts\/153","targetHints":{"allow":["GET"]}}],"collection":[{"href":"https:\/\/blogg.svenskakyrkan.se\/insikten\/wp-json\/wp\/v2\/posts"}],"about":[{"href":"https:\/\/blogg.svenskakyrkan.se\/insikten\/wp-json\/wp\/v2\/types\/post"}],"author":[{"embeddable":true,"href":"https:\/\/blogg.svenskakyrkan.se\/insikten\/wp-json\/wp\/v2\/users\/250"}],"replies":[{"embeddable":true,"href":"https:\/\/blogg.svenskakyrkan.se\/insikten\/wp-json\/wp\/v2\/comments?post=153"}],"version-history":[{"count":1,"href":"https:\/\/blogg.svenskakyrkan.se\/insikten\/wp-json\/wp\/v2\/posts\/153\/revisions"}],"predecessor-version":[{"id":155,"href":"https:\/\/blogg.svenskakyrkan.se\/insikten\/wp-json\/wp\/v2\/posts\/153\/revisions\/155"}],"wp:featuredmedia":[{"embeddable":true,"href":"https:\/\/blogg.svenskakyrkan.se\/insikten\/wp-json\/wp\/v2\/media\/154"}],"wp:attachment":[{"href":"https:\/\/blogg.svenskakyrkan.se\/insikten\/wp-json\/wp\/v2\/media?parent=153"}],"wp:term":[{"taxonomy":"category","embeddable":true,"href":"https:\/\/blogg.svenskakyrkan.se\/insikten\/wp-json\/wp\/v2\/categories?post=153"},{"taxonomy":"post_tag","embeddable":true,"href":"https:\/\/blogg.svenskakyrkan.se\/insikten\/wp-json\/wp\/v2\/tags?post=153"}],"curies":[{"name":"wp","href":"https:\/\/api.w.org\/{rel}","templated":true}]}}