{"id":156,"date":"2022-03-22T12:00:08","date_gmt":"2022-03-22T11:00:08","guid":{"rendered":"https:\/\/blogg.svenskakyrkan.se\/insikten\/?p=156"},"modified":"2022-03-22T12:00:09","modified_gmt":"2022-03-22T11:00:09","slug":"nyfiken-pa-nyfiket","status":"publish","type":"post","link":"https:\/\/blogg.svenskakyrkan.se\/insikten\/2022\/03\/22\/nyfiken-pa-nyfiket\/","title":{"rendered":"Nyfiken p\u00e5 Nyfiket?"},"content":{"rendered":"\n\n\n<figure class=\"wp-block-image size-large is-style-default\"><img loading=\"lazy\" decoding=\"async\" width=\"1024\" height=\"485\" src=\"https:\/\/blogg.svenskakyrkan.se\/insikten\/files\/2022\/03\/DSC_9191-web-1024x485.jpg\" alt=\"\" class=\"wp-image-157\" srcset=\"https:\/\/blogg.svenskakyrkan.se\/insikten\/files\/2022\/03\/DSC_9191-web-1024x485.jpg 1024w, https:\/\/blogg.svenskakyrkan.se\/insikten\/files\/2022\/03\/DSC_9191-web-300x142.jpg 300w, https:\/\/blogg.svenskakyrkan.se\/insikten\/files\/2022\/03\/DSC_9191-web-768x364.jpg 768w, https:\/\/blogg.svenskakyrkan.se\/insikten\/files\/2022\/03\/DSC_9191-web-1536x728.jpg 1536w, https:\/\/blogg.svenskakyrkan.se\/insikten\/files\/2022\/03\/DSC_9191-web-1200x569.jpg 1200w, https:\/\/blogg.svenskakyrkan.se\/insikten\/files\/2022\/03\/DSC_9191-web.jpg 1800w\" sizes=\"auto, (max-width: 1024px) 100vw, 1024px\" \/><figcaption>Gemenskap runt fikabordet i Caf\u00e9 Nyfiket.<\/figcaption><\/figure>\n\n\n\n<p>Gemenskap och fika i en trivsam milj\u00f6 \u00e4r navet i den satsning som kallas Nyfiket \u00c5sarp. Satsningen bygger p\u00e5 ett \u00f6ppet caf\u00e9 \u2013 som g\u00e5r under namnet Caf\u00e9 Nyfiket \u2013 i f\u00f6rsamlingshemmet, men ocks\u00e5 p\u00e5 en l\u00e5ng rad aktiviteter. Alla m\u00e4nniskor \u00e4r v\u00e4lkomna, oavsett hur kyrkvan man \u00e4r eller vilken livs\u00e5sk\u00e5dning man har. H\u00e4r finns n\u00e5gonting f\u00f6r alla.\u00a0<\/p>\n\n\n\n<p>\u2013 Vi vill erbjuda ett sammanhang d\u00e4r det \u00e4r enkelt att tr\u00e4ffas och umg\u00e5s, s\u00e4ger Mikael Powidzki Casserblad som \u00e4r pr\u00e4st och som tillsammans med volont\u00e4rer driver verksamheten. Nu n\u00e4r pandemin f\u00f6rhoppningsvis \u00e4ntligen \u00e4r \u00f6ver tror vi att m\u00e5nga m\u00e4nniskor har ett stort behov av att tr\u00e4ffas. Att fika tillsammans under enkla former fyller en viktig funktion nu.<\/p>\n\n\n\n<p>Ut\u00f6ver caf\u00e9verksamheten planeras olika kurser och evenemang. Det blir f\u00f6redrag om pilgrimsvandringar,&nbsp; filmkv\u00e4llar och promenader, men ocks\u00e5 tillf\u00e4llen n\u00e4r deltagarna kan l\u00e4ra sig mer om handarbete eller om att baka surdegsbr\u00f6d. Alla aktiviteterna bygger p\u00e5 \u00f6nskem\u00e5l och id\u00e9er fr\u00e5n deltagarna. I \u00c5sarps kyrka erbjuds stilla meditationer f\u00f6r den som l\u00e4ngtar efter tystnad och avslappning.&nbsp;<\/p>\n\n\n\n<p>\u2013 Tillsammans skapar vi en m\u00f6tesplats f\u00f6r att dela gemenskap, kunskap och liv. Vi hoppas att alla k\u00e4nner sig v\u00e4lkomna och ser fram emot att m\u00f6tas, avslutar Mikael.<\/p>\n\n\n\n<h2 class=\"wp-block-heading\">Hall\u00e5 d\u00e4r&#8230; du som bes\u00f6ker Caf\u00e9 Nyfiket! Varf\u00f6r kommer du hit?<\/h2>\n\n\n\n<p>\u2013 Idag \u00e4r f\u00f6rsta g\u00e5ngen jag bes\u00f6ker caf\u00e9et. Min v\u00e4n Elisabet fick mig att g\u00e5 hit idag. S\u00e5 vi passade p\u00e5 att \u00e4ta lunch h\u00e4r. Det var gott! <\/p>\n\n\n\n<p><em>Eva Gunnarsson<\/em><\/p>\n\n\n\n<p>\u2013 Det \u00e4r andra g\u00e5ngen som jag \u00e4r h\u00e4r. Det var en bekant som skulle hit och jag f\u00f6ljde med. Nu har jag \u00e4tit en god soppa och f\u00e5tt en kopp kaffe. Fint med gemenskapen.<\/p>\n\n\n\n<p><em>Elisabet Larsson<\/em><\/p>\n\n\n\n<p>\u2013 Jag \u00e4r engagerad som volont\u00e4r h\u00e4r p\u00e5 caf\u00e9et. Det \u00e4r roligt och det ger mening \u00e5t vardagen. Jag f\u00e5r tr\u00e4ffa m\u00e5nga m\u00e4nniskor. Det \u00e4r fint.<\/p>\n\n\n\n<p><em>Lillemor Carlsson<\/em><\/p>\n\n\n\n<p>\u2013 F\u00f6rsta g\u00e5ngen kom jag hit d\u00e4rf\u00f6r att jag var nyfiken p\u00e5 Nyfiket. Och sedan dess har jag varit h\u00e4r flera g\u00e5nger. Idag tycker jag att det \u00e4r mycket trevligt att f\u00e5 tr\u00e4ffa andra och samtala om allt m\u00f6jligt.<\/p>\n\n\n\n<p><em>Kenneth Johansson<\/em><\/p>\n\n\n\n<p><\/p>\n\n\n\n<p>&#8230;&#8230;&#8230;&#8230;&#8230;&#8230;&#8230;&#8230;&#8230;&#8230;&#8230;&#8230;&#8230;&#8230;&#8230; <\/p>\n\n\n\n<p>L\u00e4s mer om Caf\u00e9 Nyfiket h\u00e4r: <a rel=\"noreferrer noopener\" href=\"https:\/\/www.svenskakyrkan.se\/floby\/nyfiket-asarp\" target=\"_blank\">www.svenskakyrkan.se\/floby\/nyfiket-asarp<\/a> <\/p>\n\n\n\n<p>Texten publicerades f\u00f6rsta g\u00e5ngen i Insikten nummer 1 2022. <\/p>\n","protected":false},"excerpt":{"rendered":"<p>Gemenskap och fika i en trivsam milj\u00f6 \u00e4r navet i den satsning som kallas Nyfiket \u00c5sarp. Satsningen bygger p\u00e5 ett \u00f6ppet caf\u00e9 \u2013 som g\u00e5r under namnet Caf\u00e9 Nyfiket \u2013 i f\u00f6rsamlingshemmet, men ocks\u00e5 p\u00e5 en l\u00e5ng rad aktiviteter. Alla m\u00e4nniskor \u00e4r v\u00e4lkomna, oavsett hur kyrkvan man \u00e4r eller vilken livs\u00e5sk\u00e5dning man har. H\u00e4r finns [&hellip;]<\/p>\n","protected":false},"author":250,"featured_media":157,"comment_status":"open","ping_status":"open","sticky":false,"template":"","format":"standard","meta":{"_acf_changed":false,"footnotes":""},"categories":[3,7],"tags":[],"class_list":["post-156","post","type-post","status-publish","format-standard","has-post-thumbnail","hentry","category-diakoni","category-engagemang"],"acf":[],"yoast_head":"<!-- This site is optimized with the Yoast SEO plugin v27.1.1 - https:\/\/yoast.com\/product\/yoast-seo-wordpress\/ -->\n<title>Nyfiken p\u00e5 Nyfiket? - Insikten - Floby pastorat<\/title>\n<meta name=\"robots\" content=\"index, follow, max-snippet:-1, max-image-preview:large, max-video-preview:-1\" \/>\n<link rel=\"canonical\" href=\"https:\/\/blogg.svenskakyrkan.se\/insikten\/2022\/03\/22\/nyfiken-pa-nyfiket\/\" \/>\n<meta property=\"og:locale\" content=\"sv_SE\" \/>\n<meta property=\"og:type\" content=\"article\" \/>\n<meta property=\"og:title\" content=\"Nyfiken p\u00e5 Nyfiket? - Insikten - Floby pastorat\" \/>\n<meta property=\"og:description\" content=\"Gemenskap och fika i en trivsam milj\u00f6 \u00e4r navet i den satsning som kallas Nyfiket \u00c5sarp. Satsningen bygger p\u00e5 ett \u00f6ppet caf\u00e9 \u2013 som g\u00e5r under namnet Caf\u00e9 Nyfiket \u2013 i f\u00f6rsamlingshemmet, men ocks\u00e5 p\u00e5 en l\u00e5ng rad aktiviteter. Alla m\u00e4nniskor \u00e4r v\u00e4lkomna, oavsett hur kyrkvan man \u00e4r eller vilken livs\u00e5sk\u00e5dning man har. H\u00e4r finns [&hellip;]\" \/>\n<meta property=\"og:url\" content=\"https:\/\/blogg.svenskakyrkan.se\/insikten\/2022\/03\/22\/nyfiken-pa-nyfiket\/\" \/>\n<meta property=\"og:site_name\" content=\"Insikten - Floby pastorat\" \/>\n<meta property=\"article:published_time\" content=\"2022-03-22T11:00:08+00:00\" \/>\n<meta property=\"article:modified_time\" content=\"2022-03-22T11:00:09+00:00\" \/>\n<meta property=\"og:image\" content=\"https:\/\/blogg.svenskakyrkan.se\/insikten\/files\/2022\/03\/DSC_9191-web.jpg\" \/>\n\t<meta property=\"og:image:width\" content=\"1800\" \/>\n\t<meta property=\"og:image:height\" content=\"853\" \/>\n\t<meta property=\"og:image:type\" content=\"image\/jpeg\" \/>\n<meta name=\"author\" content=\"Floby pastorat\" \/>\n<meta name=\"twitter:card\" content=\"summary_large_image\" \/>\n<meta name=\"twitter:label1\" content=\"Skriven av\" \/>\n\t<meta name=\"twitter:data1\" content=\"Floby pastorat\" \/>\n\t<meta name=\"twitter:label2\" content=\"Ber\u00e4knad l\u00e4stid\" \/>\n\t<meta name=\"twitter:data2\" content=\"2 minuter\" \/>\n<script type=\"application\/ld+json\" class=\"yoast-schema-graph\">{\"@context\":\"https:\/\/schema.org\",\"@graph\":[{\"@type\":\"Article\",\"@id\":\"https:\/\/blogg.svenskakyrkan.se\/insikten\/2022\/03\/22\/nyfiken-pa-nyfiket\/#article\",\"isPartOf\":{\"@id\":\"https:\/\/blogg.svenskakyrkan.se\/insikten\/2022\/03\/22\/nyfiken-pa-nyfiket\/\"},\"author\":{\"name\":\"Floby pastorat\",\"@id\":\"https:\/\/blogg.svenskakyrkan.se\/insikten\/#\/schema\/person\/5081f68a0318ddb64c879f7bc416ce8c\"},\"headline\":\"Nyfiken p\u00e5 Nyfiket?\",\"datePublished\":\"2022-03-22T11:00:08+00:00\",\"dateModified\":\"2022-03-22T11:00:09+00:00\",\"mainEntityOfPage\":{\"@id\":\"https:\/\/blogg.svenskakyrkan.se\/insikten\/2022\/03\/22\/nyfiken-pa-nyfiket\/\"},\"wordCount\":437,\"commentCount\":0,\"image\":{\"@id\":\"https:\/\/blogg.svenskakyrkan.se\/insikten\/2022\/03\/22\/nyfiken-pa-nyfiket\/#primaryimage\"},\"thumbnailUrl\":\"https:\/\/blogg.svenskakyrkan.se\/insikten\/files\/2022\/03\/DSC_9191-web.jpg\",\"articleSection\":[\"Diakoni\",\"Engagemang\"],\"inLanguage\":\"sv-SE\",\"potentialAction\":[{\"@type\":\"CommentAction\",\"name\":\"Comment\",\"target\":[\"https:\/\/blogg.svenskakyrkan.se\/insikten\/2022\/03\/22\/nyfiken-pa-nyfiket\/#respond\"]}]},{\"@type\":\"WebPage\",\"@id\":\"https:\/\/blogg.svenskakyrkan.se\/insikten\/2022\/03\/22\/nyfiken-pa-nyfiket\/\",\"url\":\"https:\/\/blogg.svenskakyrkan.se\/insikten\/2022\/03\/22\/nyfiken-pa-nyfiket\/\",\"name\":\"Nyfiken p\u00e5 Nyfiket? - Insikten - Floby pastorat\",\"isPartOf\":{\"@id\":\"https:\/\/blogg.svenskakyrkan.se\/insikten\/#website\"},\"primaryImageOfPage\":{\"@id\":\"https:\/\/blogg.svenskakyrkan.se\/insikten\/2022\/03\/22\/nyfiken-pa-nyfiket\/#primaryimage\"},\"image\":{\"@id\":\"https:\/\/blogg.svenskakyrkan.se\/insikten\/2022\/03\/22\/nyfiken-pa-nyfiket\/#primaryimage\"},\"thumbnailUrl\":\"https:\/\/blogg.svenskakyrkan.se\/insikten\/files\/2022\/03\/DSC_9191-web.jpg\",\"datePublished\":\"2022-03-22T11:00:08+00:00\",\"dateModified\":\"2022-03-22T11:00:09+00:00\",\"author\":{\"@id\":\"https:\/\/blogg.svenskakyrkan.se\/insikten\/#\/schema\/person\/5081f68a0318ddb64c879f7bc416ce8c\"},\"breadcrumb\":{\"@id\":\"https:\/\/blogg.svenskakyrkan.se\/insikten\/2022\/03\/22\/nyfiken-pa-nyfiket\/#breadcrumb\"},\"inLanguage\":\"sv-SE\",\"potentialAction\":[{\"@type\":\"ReadAction\",\"target\":[\"https:\/\/blogg.svenskakyrkan.se\/insikten\/2022\/03\/22\/nyfiken-pa-nyfiket\/\"]}]},{\"@type\":\"ImageObject\",\"inLanguage\":\"sv-SE\",\"@id\":\"https:\/\/blogg.svenskakyrkan.se\/insikten\/2022\/03\/22\/nyfiken-pa-nyfiket\/#primaryimage\",\"url\":\"https:\/\/blogg.svenskakyrkan.se\/insikten\/files\/2022\/03\/DSC_9191-web.jpg\",\"contentUrl\":\"https:\/\/blogg.svenskakyrkan.se\/insikten\/files\/2022\/03\/DSC_9191-web.jpg\",\"width\":1800,\"height\":853},{\"@type\":\"BreadcrumbList\",\"@id\":\"https:\/\/blogg.svenskakyrkan.se\/insikten\/2022\/03\/22\/nyfiken-pa-nyfiket\/#breadcrumb\",\"itemListElement\":[{\"@type\":\"ListItem\",\"position\":1,\"name\":\"Hem\",\"item\":\"https:\/\/blogg.svenskakyrkan.se\/insikten\/\"},{\"@type\":\"ListItem\",\"position\":2,\"name\":\"Nyfiken p\u00e5 Nyfiket?\"}]},{\"@type\":\"WebSite\",\"@id\":\"https:\/\/blogg.svenskakyrkan.se\/insikten\/#website\",\"url\":\"https:\/\/blogg.svenskakyrkan.se\/insikten\/\",\"name\":\"Insikten - Floby pastorat\",\"description\":\"Insikter, utsikter och emellan\u00e5t \u00e4ven \u00e5sikter fr\u00e5n Floby pastorat i Skara stift.\",\"potentialAction\":[{\"@type\":\"SearchAction\",\"target\":{\"@type\":\"EntryPoint\",\"urlTemplate\":\"https:\/\/blogg.svenskakyrkan.se\/insikten\/?s={search_term_string}\"},\"query-input\":{\"@type\":\"PropertyValueSpecification\",\"valueRequired\":true,\"valueName\":\"search_term_string\"}}],\"inLanguage\":\"sv-SE\"},{\"@type\":\"Person\",\"@id\":\"https:\/\/blogg.svenskakyrkan.se\/insikten\/#\/schema\/person\/5081f68a0318ddb64c879f7bc416ce8c\",\"name\":\"Floby pastorat\",\"image\":{\"@type\":\"ImageObject\",\"inLanguage\":\"sv-SE\",\"@id\":\"https:\/\/blogg.svenskakyrkan.se\/insikten\/#\/schema\/person\/image\/\",\"url\":\"https:\/\/secure.gravatar.com\/avatar\/c63a9fd4196da95cea4408b67893dbdb9ec52ef568ee59a4578ad766986bebcd?s=96&d=mm&r=g\",\"contentUrl\":\"https:\/\/secure.gravatar.com\/avatar\/c63a9fd4196da95cea4408b67893dbdb9ec52ef568ee59a4578ad766986bebcd?s=96&d=mm&r=g\",\"caption\":\"Floby pastorat\"},\"url\":\"https:\/\/blogg.svenskakyrkan.se\/insikten\/author\/helenataubner\/\"}]}<\/script>\n<!-- \/ Yoast SEO plugin. -->","yoast_head_json":{"title":"Nyfiken p\u00e5 Nyfiket? - Insikten - Floby pastorat","robots":{"index":"index","follow":"follow","max-snippet":"max-snippet:-1","max-image-preview":"max-image-preview:large","max-video-preview":"max-video-preview:-1"},"canonical":"https:\/\/blogg.svenskakyrkan.se\/insikten\/2022\/03\/22\/nyfiken-pa-nyfiket\/","og_locale":"sv_SE","og_type":"article","og_title":"Nyfiken p\u00e5 Nyfiket? - Insikten - Floby pastorat","og_description":"Gemenskap och fika i en trivsam milj\u00f6 \u00e4r navet i den satsning som kallas Nyfiket \u00c5sarp. Satsningen bygger p\u00e5 ett \u00f6ppet caf\u00e9 \u2013 som g\u00e5r under namnet Caf\u00e9 Nyfiket \u2013 i f\u00f6rsamlingshemmet, men ocks\u00e5 p\u00e5 en l\u00e5ng rad aktiviteter. Alla m\u00e4nniskor \u00e4r v\u00e4lkomna, oavsett hur kyrkvan man \u00e4r eller vilken livs\u00e5sk\u00e5dning man har. H\u00e4r finns [&hellip;]","og_url":"https:\/\/blogg.svenskakyrkan.se\/insikten\/2022\/03\/22\/nyfiken-pa-nyfiket\/","og_site_name":"Insikten - Floby pastorat","article_published_time":"2022-03-22T11:00:08+00:00","article_modified_time":"2022-03-22T11:00:09+00:00","og_image":[{"width":1800,"height":853,"url":"https:\/\/blogg.svenskakyrkan.se\/insikten\/files\/2022\/03\/DSC_9191-web.jpg","type":"image\/jpeg"}],"author":"Floby pastorat","twitter_card":"summary_large_image","twitter_misc":{"Skriven av":"Floby pastorat","Ber\u00e4knad l\u00e4stid":"2 minuter"},"schema":{"@context":"https:\/\/schema.org","@graph":[{"@type":"Article","@id":"https:\/\/blogg.svenskakyrkan.se\/insikten\/2022\/03\/22\/nyfiken-pa-nyfiket\/#article","isPartOf":{"@id":"https:\/\/blogg.svenskakyrkan.se\/insikten\/2022\/03\/22\/nyfiken-pa-nyfiket\/"},"author":{"name":"Floby pastorat","@id":"https:\/\/blogg.svenskakyrkan.se\/insikten\/#\/schema\/person\/5081f68a0318ddb64c879f7bc416ce8c"},"headline":"Nyfiken p\u00e5 Nyfiket?","datePublished":"2022-03-22T11:00:08+00:00","dateModified":"2022-03-22T11:00:09+00:00","mainEntityOfPage":{"@id":"https:\/\/blogg.svenskakyrkan.se\/insikten\/2022\/03\/22\/nyfiken-pa-nyfiket\/"},"wordCount":437,"commentCount":0,"image":{"@id":"https:\/\/blogg.svenskakyrkan.se\/insikten\/2022\/03\/22\/nyfiken-pa-nyfiket\/#primaryimage"},"thumbnailUrl":"https:\/\/blogg.svenskakyrkan.se\/insikten\/files\/2022\/03\/DSC_9191-web.jpg","articleSection":["Diakoni","Engagemang"],"inLanguage":"sv-SE","potentialAction":[{"@type":"CommentAction","name":"Comment","target":["https:\/\/blogg.svenskakyrkan.se\/insikten\/2022\/03\/22\/nyfiken-pa-nyfiket\/#respond"]}]},{"@type":"WebPage","@id":"https:\/\/blogg.svenskakyrkan.se\/insikten\/2022\/03\/22\/nyfiken-pa-nyfiket\/","url":"https:\/\/blogg.svenskakyrkan.se\/insikten\/2022\/03\/22\/nyfiken-pa-nyfiket\/","name":"Nyfiken p\u00e5 Nyfiket? - Insikten - Floby pastorat","isPartOf":{"@id":"https:\/\/blogg.svenskakyrkan.se\/insikten\/#website"},"primaryImageOfPage":{"@id":"https:\/\/blogg.svenskakyrkan.se\/insikten\/2022\/03\/22\/nyfiken-pa-nyfiket\/#primaryimage"},"image":{"@id":"https:\/\/blogg.svenskakyrkan.se\/insikten\/2022\/03\/22\/nyfiken-pa-nyfiket\/#primaryimage"},"thumbnailUrl":"https:\/\/blogg.svenskakyrkan.se\/insikten\/files\/2022\/03\/DSC_9191-web.jpg","datePublished":"2022-03-22T11:00:08+00:00","dateModified":"2022-03-22T11:00:09+00:00","author":{"@id":"https:\/\/blogg.svenskakyrkan.se\/insikten\/#\/schema\/person\/5081f68a0318ddb64c879f7bc416ce8c"},"breadcrumb":{"@id":"https:\/\/blogg.svenskakyrkan.se\/insikten\/2022\/03\/22\/nyfiken-pa-nyfiket\/#breadcrumb"},"inLanguage":"sv-SE","potentialAction":[{"@type":"ReadAction","target":["https:\/\/blogg.svenskakyrkan.se\/insikten\/2022\/03\/22\/nyfiken-pa-nyfiket\/"]}]},{"@type":"ImageObject","inLanguage":"sv-SE","@id":"https:\/\/blogg.svenskakyrkan.se\/insikten\/2022\/03\/22\/nyfiken-pa-nyfiket\/#primaryimage","url":"https:\/\/blogg.svenskakyrkan.se\/insikten\/files\/2022\/03\/DSC_9191-web.jpg","contentUrl":"https:\/\/blogg.svenskakyrkan.se\/insikten\/files\/2022\/03\/DSC_9191-web.jpg","width":1800,"height":853},{"@type":"BreadcrumbList","@id":"https:\/\/blogg.svenskakyrkan.se\/insikten\/2022\/03\/22\/nyfiken-pa-nyfiket\/#breadcrumb","itemListElement":[{"@type":"ListItem","position":1,"name":"Hem","item":"https:\/\/blogg.svenskakyrkan.se\/insikten\/"},{"@type":"ListItem","position":2,"name":"Nyfiken p\u00e5 Nyfiket?"}]},{"@type":"WebSite","@id":"https:\/\/blogg.svenskakyrkan.se\/insikten\/#website","url":"https:\/\/blogg.svenskakyrkan.se\/insikten\/","name":"Insikten - Floby pastorat","description":"Insikter, utsikter och emellan\u00e5t \u00e4ven \u00e5sikter fr\u00e5n Floby pastorat i Skara stift.","potentialAction":[{"@type":"SearchAction","target":{"@type":"EntryPoint","urlTemplate":"https:\/\/blogg.svenskakyrkan.se\/insikten\/?s={search_term_string}"},"query-input":{"@type":"PropertyValueSpecification","valueRequired":true,"valueName":"search_term_string"}}],"inLanguage":"sv-SE"},{"@type":"Person","@id":"https:\/\/blogg.svenskakyrkan.se\/insikten\/#\/schema\/person\/5081f68a0318ddb64c879f7bc416ce8c","name":"Floby pastorat","image":{"@type":"ImageObject","inLanguage":"sv-SE","@id":"https:\/\/blogg.svenskakyrkan.se\/insikten\/#\/schema\/person\/image\/","url":"https:\/\/secure.gravatar.com\/avatar\/c63a9fd4196da95cea4408b67893dbdb9ec52ef568ee59a4578ad766986bebcd?s=96&d=mm&r=g","contentUrl":"https:\/\/secure.gravatar.com\/avatar\/c63a9fd4196da95cea4408b67893dbdb9ec52ef568ee59a4578ad766986bebcd?s=96&d=mm&r=g","caption":"Floby pastorat"},"url":"https:\/\/blogg.svenskakyrkan.se\/insikten\/author\/helenataubner\/"}]}},"author_meta":{"ID":"250","user_nicename":"helenataubner","user_registered":"2013-01-15 08:36:14","display_name":"Floby pastorat","avatar":"https:\/\/secure.gravatar.com\/avatar\/c63a9fd4196da95cea4408b67893dbdb9ec52ef568ee59a4578ad766986bebcd?s=96&d=mm&r=g"},"featured_image":["https:\/\/blogg.svenskakyrkan.se\/insikten\/files\/2022\/03\/DSC_9191-web-1024x485.jpg",1024,485,true],"bloginfo":{"name":"Insikten - Floby pastorat","url":"https:\/\/blogg.svenskakyrkan.se\/insikten"},"_links":{"self":[{"href":"https:\/\/blogg.svenskakyrkan.se\/insikten\/wp-json\/wp\/v2\/posts\/156","targetHints":{"allow":["GET"]}}],"collection":[{"href":"https:\/\/blogg.svenskakyrkan.se\/insikten\/wp-json\/wp\/v2\/posts"}],"about":[{"href":"https:\/\/blogg.svenskakyrkan.se\/insikten\/wp-json\/wp\/v2\/types\/post"}],"author":[{"embeddable":true,"href":"https:\/\/blogg.svenskakyrkan.se\/insikten\/wp-json\/wp\/v2\/users\/250"}],"replies":[{"embeddable":true,"href":"https:\/\/blogg.svenskakyrkan.se\/insikten\/wp-json\/wp\/v2\/comments?post=156"}],"version-history":[{"count":1,"href":"https:\/\/blogg.svenskakyrkan.se\/insikten\/wp-json\/wp\/v2\/posts\/156\/revisions"}],"predecessor-version":[{"id":158,"href":"https:\/\/blogg.svenskakyrkan.se\/insikten\/wp-json\/wp\/v2\/posts\/156\/revisions\/158"}],"wp:featuredmedia":[{"embeddable":true,"href":"https:\/\/blogg.svenskakyrkan.se\/insikten\/wp-json\/wp\/v2\/media\/157"}],"wp:attachment":[{"href":"https:\/\/blogg.svenskakyrkan.se\/insikten\/wp-json\/wp\/v2\/media?parent=156"}],"wp:term":[{"taxonomy":"category","embeddable":true,"href":"https:\/\/blogg.svenskakyrkan.se\/insikten\/wp-json\/wp\/v2\/categories?post=156"},{"taxonomy":"post_tag","embeddable":true,"href":"https:\/\/blogg.svenskakyrkan.se\/insikten\/wp-json\/wp\/v2\/tags?post=156"}],"curies":[{"name":"wp","href":"https:\/\/api.w.org\/{rel}","templated":true}]}}