{"id":159,"date":"2022-03-22T12:05:29","date_gmt":"2022-03-22T11:05:29","guid":{"rendered":"https:\/\/blogg.svenskakyrkan.se\/insikten\/?p=159"},"modified":"2022-03-22T12:05:30","modified_gmt":"2022-03-22T11:05:30","slug":"skorhet-och-skonhet","status":"publish","type":"post","link":"https:\/\/blogg.svenskakyrkan.se\/insikten\/2022\/03\/22\/skorhet-och-skonhet\/","title":{"rendered":"Sk\u00f6rhet och sk\u00f6nhet"},"content":{"rendered":"\n\n\n<figure class=\"wp-block-image size-large is-style-default\"><img loading=\"lazy\" decoding=\"async\" width=\"1024\" height=\"625\" src=\"https:\/\/blogg.svenskakyrkan.se\/insikten\/files\/2022\/03\/UrbanHighResWeb-1024x625.jpg\" alt=\"\" class=\"wp-image-160\" srcset=\"https:\/\/blogg.svenskakyrkan.se\/insikten\/files\/2022\/03\/UrbanHighResWeb-1024x625.jpg 1024w, https:\/\/blogg.svenskakyrkan.se\/insikten\/files\/2022\/03\/UrbanHighResWeb-300x183.jpg 300w, https:\/\/blogg.svenskakyrkan.se\/insikten\/files\/2022\/03\/UrbanHighResWeb-768x468.jpg 768w, https:\/\/blogg.svenskakyrkan.se\/insikten\/files\/2022\/03\/UrbanHighResWeb-1536x937.jpg 1536w, https:\/\/blogg.svenskakyrkan.se\/insikten\/files\/2022\/03\/UrbanHighResWeb-1200x732.jpg 1200w, https:\/\/blogg.svenskakyrkan.se\/insikten\/files\/2022\/03\/UrbanHighResWeb.jpg 1800w\" sizes=\"auto, (max-width: 1024px) 100vw, 1024px\" \/><figcaption>Urban Bolin. Foto: privat.<\/figcaption><\/figure>\n\n\n\n<p>I Bredene utanf\u00f6r \u00c5sarp ligger Bergsg\u00e5rden som Urban och Sari Bolin driver tillsammans med sin stora familj.<\/p>\n\n\n\n<p>\u2013 N\u00e4r n\u00e5gon fr\u00e5gar s\u00e5 s\u00e4ger vi att vi har sju barn, som \u00e4r mellan 11 och 32 \u00e5r, s\u00e4ger Urban. Men vi f\u00f6rlorade Risto, v\u00e5r \u00e4ldste son, i en olycka f\u00f6r tv\u00e5 \u00e5r sedan, s\u00e5 vi har sex barn i livet. Och ut\u00f6ver dem har vi flera barnbarn.<\/p>\n\n\n\n<p>G\u00e5rden best\u00e5r av tio hektar mark. Mest \u00e4r det vall och bete, men ocks\u00e5 lite skog. Fr\u00e4mst ligger fokus p\u00e5 djuren och den stora k\u00f6kstr\u00e4dg\u00e5rden. Urban har alltid haft ett stort intresse f\u00f6r djur, och han m\u00e5nar om \u00e4ldre lantraser. P\u00e5 g\u00e5rden finns fj\u00e4lln\u00e4ra kor, linder\u00f6dsgrisar och hedemorah\u00f6ns \u2013 och m\u00e5nga andra djur som g\u00e4ss, ankor, kaniner, f\u00e5r och f\u00f6r tillf\u00e4llet en enda get. Yngsta dottern har en ponny och en ardennerh\u00e4st sk\u00f6ter en del av jobbet p\u00e5 g\u00e5rden.<\/p>\n\n\n\n<p>\u2013 Tack och lov f\u00e5r jag l\u00e5na en traktor av n\u00e5gon sn\u00e4ll granne ibland, s\u00e4ger Urban. Vi har tur som har grannar som st\u00e4ller upp n\u00e4r vi beh\u00f6ver. Jag orkar inte alltid k\u00f6ra med h\u00e4sten, men jag dr\u00f6mmer om att g\u00f6ra det lika mycket som jag gjorde tidigare. Jag har alltid varit intresserad av gamla arbetss\u00e4tt och traditioner.<\/p>\n\n\n\n<p>\u2013 Jag mj\u00f6lkar f\u00f6r hand. Det sm\u00e5skaliga g\u00f6r det m\u00f6jligt att ha en n\u00e4rhet med djuren. Jag hade haft mina kor \u00e4ven om jag inte fick n\u00e5gon mj\u00f6lk av dem, f\u00f6r jag tycker s\u00e5 mycket om dem. Men det \u00e4r s\u00e5klart roligt att kunna g\u00f6ra mejeriprodukter ocks\u00e5. S\u00e5 det \u00e4r en win-win, s\u00e4ger Urban med ett skratt.<\/p>\n\n\n\n<h2 class=\"wp-block-heading\">Sj\u00e4lvf\u00f6rs\u00f6rjande<\/h2>\n\n\n\n<p>Nu n\u00e4rmar sig v\u00e5ren och inom kort kommer djuren p\u00e5 g\u00e5rden att f\u00e5 ungar.<\/p>\n\n\n\n<p>\u2013 Jag gillar alla \u00e5rstider, s\u00e4ger Urban, men v\u00e5ren \u00e4r speciell. Lammungarna och kycklingarna f\u00f6ds och allt spirar. Vi uppskattar v\u00e5ren \u00e4nnu mer nu, efter olyckan, b\u00e5de Sari och jag.<\/p>\n\n\n\n<p>\u00c4n s\u00e5 l\u00e4nge \u00e4r det lugnt i markerna och skogen. Det \u00e4r fortfarande vinter, och \u00e4ven om familjen f\u00f6rbereder inf\u00f6r v\u00e5ren s\u00e5 dr\u00f6jer det innan det v\u00e4xer d\u00e4r. Men f\u00f6r Sari, som fokuserar p\u00e5 k\u00f6kstr\u00e4dg\u00e5rden, har odlingss\u00e4songen b\u00f6rjat. Nu n\u00e4r det n\u00e4rmar sig v\u00e5r har hon fullt av fr\u00f6er och plantor p\u00e5 tillv\u00e4xt lite \u00f6verallt.<\/p>\n\n\n\n<p>\u2013 Vi f\u00f6rs\u00f6ker vara s\u00e5 sj\u00e4lvf\u00f6rs\u00f6rjande som m\u00f6jligt och det har vi varit under m\u00e5nga \u00e5r nu. S\u00e5 vi har gott om mor\u00f6tter, l\u00f6k, tomater, r\u00f6dbetor \u2013 det mesta du kan t\u00e4nka dig. Det k\u00e4nns fantastiskt att mycket av det vi s\u00e4tter p\u00e5 k\u00f6ksbordet har vi producerat sj\u00e4lva! F\u00f6r det f\u00f6rsta vet en ju vad en \u00e4ter, och s\u00e5 sparar en mycket pengar p\u00e5 det ocks\u00e5.<\/p>\n\n\n\n<p>Olyckan d\u00e4r familjen miste Risto pr\u00e4glar sj\u00e4lvklart vardagen. Men att sk\u00f6ta djuren och odlingarna hj\u00e4lper till att skingra tankarna.<\/p>\n\n\n\n<p>\u2013 N\u00e4r fr\u00f6erna gror och det b\u00f6rjar v\u00e4xa blir det lite l\u00e4ttare att t\u00e4nka p\u00e5 n\u00e5got annat \u00e4n sorgen, ber\u00e4ttar Urban. Sorgen tar s\u00e5 mycket kraft av oss, s\u00e5 fruktansv\u00e4rt mycket kraft.&nbsp;<\/p>\n\n\n\n<p>De f\u00f6rs\u00f6ker prata om Risto ofta, f\u00f6r att h\u00e5lla minnet av honom levande. Urban s\u00e4ger att olyckan trots allt har f\u00f6rt familjen samman.<\/p>\n\n\n\n<p>\u2013 Vi tr\u00e4ffas varje fredagskv\u00e4ll och \u00e4ter kv\u00e4llsmat ihop, s\u00e4ger Urban. \u00c4ven om vi var tighta tidigare, s\u00e5 \u00e4r vi \u00e4nnu n\u00e4rmare varandra nu. Jag har alltid sagt att s\u00e5 l\u00e4nge ingen har d\u00f6tt s\u00e5 kan vi l\u00f6sa det mesta. Nu n\u00e4r det har h\u00e4nt, s\u00e5 m\u00e4rker jag att vi p\u00e5 n\u00e5got s\u00e4tt \u00e4nd\u00e5 klarar oss. Vi har varandra och vi f\u00f6rs\u00f6ker h\u00e5lla fast vid att saker ska vara s\u00e5 normala som m\u00f6jligt, som att fira jul och p\u00e5sk. Det \u00e4r gott att ha s\u00e5dana traditioner. Och tron hj\u00e4lper n\u00e4r n\u00e5got s\u00e5dant h\u00e4r h\u00e4nder.<\/p>\n\n\n\n<blockquote class=\"wp-block-quote is-layout-flow wp-block-quote-is-layout-flow\"><p>\u2013 N\u00e4r fr\u00f6erna gror och det b\u00f6rjar v\u00e4xa blir det lite l\u00e4ttare att t\u00e4nka p\u00e5 n\u00e5got annat \u00e4n sorgen, ber\u00e4ttar Urban<\/p><\/blockquote>\n\n\n\n<h2 class=\"wp-block-heading\">F\u00f6rs\u00f6ker se det vackra<\/h2>\n\n\n\n<p>Urban \u00e4r kyrkv\u00e4rd i \u00c5sarps kyrka. Han uppskattar regelbundenheten i kyrko\u00e5ret och gudstj\u00e4nstlivet, och tycker att det har varit tr\u00e5kigt att mycket har blivit inst\u00e4llt under pandemin. Samtidigt har pandemin gett familjen en m\u00f6jlighet att vara mycket tillsammans utan att beh\u00f6va t\u00e4nka p\u00e5 s\u00e5 mycket annat.<\/p>\n\n\n\n<p>P\u00e5 g\u00e5rdens mark finns Bredene kapell, som tidigare tillh\u00f6rde Filadelfia-kyrkan. Nu \u00e4r det familjen sj\u00e4lva som sk\u00f6ter om kapellet och en h\u00f6jdpunkt \u00e4r g\u00f6kottan som firas d\u00e4r varje v\u00e5r p\u00e5 Kristi himmelsf\u00e4rds dag. Efter gudstj\u00e4nsten brukar familjen bjuda p\u00e5 frukost med mat som de sj\u00e4lva producerat p\u00e5 g\u00e5rden. Urban uppskattar den typen av \u00e5terkommande h\u00e4ndelser.<\/p>\n\n\n\n<p>\u2013 Det \u00e4r sk\u00f6nt med saker som \u00e5terkommer, som man k\u00e4nner igen, s\u00e4ger han. Som p\u00e5 v\u00e5ren n\u00e4r jag h\u00f6r vissa f\u00e5glar. Ljudet utomhus liksom f\u00f6r\u00e4ndras p\u00e5 ett s\u00e4tt som \u00e4r v\u00e4lbekant och som betyder att v\u00e5ren har kommit. Jag vet inte alls vad f\u00e5glarna heter, men jag k\u00e4nner igen deras l\u00e4ten. Det tycker jag \u00e4r s\u00e5 h\u00e4rligt.<\/p>\n\n\n\n<p>Trots att sorgen efter Risto tar stor plats i Urbans liv, f\u00f6rs\u00f6ker han hitta saker att gl\u00e4djas \u00e5t.&nbsp;<\/p>\n\n\n\n<p>\u2013 Jag f\u00f6rs\u00f6ker stanna upp och njuta av allt det vackra, och det har blivit \u00e4nnu mer s\u00e5 efter allt som har varit. Det kan vara stj\u00e4rnorna eller solnedg\u00e5ngen, eller just f\u00e5gels\u00e5ngen p\u00e5 v\u00e5ren. Vi har s\u00e5 mycket vackert runt oss, om en bara f\u00e5r tummen ur och lyfter blicken.<\/p>\n\n\n\n<p><\/p>\n\n\n\n<p>&#8230;&#8230;&#8230;&#8230;&#8230;&#8230;&#8230;&#8230;&#8230;&#8230;&#8230;&#8230;&#8230;..<\/p>\n\n\n\n<p>Bilder fr\u00e5n vardagen p\u00e5 Bergsg\u00e5rden finns att se p\u00e5 Urbans Instagram-konto: <a href=\"https:\/\/www.instagram.com\/urbanbolin\/\" target=\"_blank\" rel=\"noreferrer noopener\">https:\/\/www.instagram.com\/urbanbolin\/ <\/a><\/p>\n\n\n\n<p>Texten publicerades f\u00f6rsta g\u00e5ngen i Insikten 1 2022.<\/p>\n","protected":false},"excerpt":{"rendered":"<p>I Bredene utanf\u00f6r \u00c5sarp ligger Bergsg\u00e5rden som Urban och Sari Bolin driver tillsammans med sin stora familj. \u2013 N\u00e4r n\u00e5gon fr\u00e5gar s\u00e5 s\u00e4ger vi att vi har sju barn, som \u00e4r mellan 11 och 32 \u00e5r, s\u00e4ger Urban. Men vi f\u00f6rlorade Risto, v\u00e5r \u00e4ldste son, i en olycka f\u00f6r tv\u00e5 \u00e5r sedan, s\u00e5 vi har [&hellip;]<\/p>\n","protected":false},"author":250,"featured_media":160,"comment_status":"open","ping_status":"open","sticky":false,"template":"","format":"standard","meta":{"_acf_changed":false,"footnotes":""},"categories":[7],"tags":[],"class_list":["post-159","post","type-post","status-publish","format-standard","has-post-thumbnail","hentry","category-engagemang"],"acf":[],"yoast_head":"<!-- This site is optimized with the Yoast SEO plugin v27.1.1 - https:\/\/yoast.com\/product\/yoast-seo-wordpress\/ -->\n<title>Sk\u00f6rhet och sk\u00f6nhet - Insikten - Floby pastorat<\/title>\n<meta name=\"robots\" content=\"index, follow, max-snippet:-1, max-image-preview:large, max-video-preview:-1\" \/>\n<link rel=\"canonical\" href=\"https:\/\/blogg.svenskakyrkan.se\/insikten\/2022\/03\/22\/skorhet-och-skonhet\/\" \/>\n<meta property=\"og:locale\" content=\"sv_SE\" \/>\n<meta property=\"og:type\" content=\"article\" \/>\n<meta property=\"og:title\" content=\"Sk\u00f6rhet och sk\u00f6nhet - Insikten - Floby pastorat\" \/>\n<meta property=\"og:description\" content=\"I Bredene utanf\u00f6r \u00c5sarp ligger Bergsg\u00e5rden som Urban och Sari Bolin driver tillsammans med sin stora familj. \u2013 N\u00e4r n\u00e5gon fr\u00e5gar s\u00e5 s\u00e4ger vi att vi har sju barn, som \u00e4r mellan 11 och 32 \u00e5r, s\u00e4ger Urban. Men vi f\u00f6rlorade Risto, v\u00e5r \u00e4ldste son, i en olycka f\u00f6r tv\u00e5 \u00e5r sedan, s\u00e5 vi har [&hellip;]\" \/>\n<meta property=\"og:url\" content=\"https:\/\/blogg.svenskakyrkan.se\/insikten\/2022\/03\/22\/skorhet-och-skonhet\/\" \/>\n<meta property=\"og:site_name\" content=\"Insikten - Floby pastorat\" \/>\n<meta property=\"article:published_time\" content=\"2022-03-22T11:05:29+00:00\" \/>\n<meta property=\"article:modified_time\" content=\"2022-03-22T11:05:30+00:00\" \/>\n<meta property=\"og:image\" content=\"https:\/\/blogg.svenskakyrkan.se\/insikten\/files\/2022\/03\/UrbanHighResWeb.jpg\" \/>\n\t<meta property=\"og:image:width\" content=\"1800\" \/>\n\t<meta property=\"og:image:height\" content=\"1098\" \/>\n\t<meta property=\"og:image:type\" content=\"image\/jpeg\" \/>\n<meta name=\"author\" content=\"Floby pastorat\" \/>\n<meta name=\"twitter:card\" content=\"summary_large_image\" \/>\n<meta name=\"twitter:label1\" content=\"Skriven av\" \/>\n\t<meta name=\"twitter:data1\" content=\"Floby pastorat\" \/>\n\t<meta name=\"twitter:label2\" content=\"Ber\u00e4knad l\u00e4stid\" \/>\n\t<meta name=\"twitter:data2\" content=\"5 minuter\" \/>\n<script type=\"application\/ld+json\" class=\"yoast-schema-graph\">{\"@context\":\"https:\/\/schema.org\",\"@graph\":[{\"@type\":\"Article\",\"@id\":\"https:\/\/blogg.svenskakyrkan.se\/insikten\/2022\/03\/22\/skorhet-och-skonhet\/#article\",\"isPartOf\":{\"@id\":\"https:\/\/blogg.svenskakyrkan.se\/insikten\/2022\/03\/22\/skorhet-och-skonhet\/\"},\"author\":{\"name\":\"Floby pastorat\",\"@id\":\"https:\/\/blogg.svenskakyrkan.se\/insikten\/#\/schema\/person\/5081f68a0318ddb64c879f7bc416ce8c\"},\"headline\":\"Sk\u00f6rhet och sk\u00f6nhet\",\"datePublished\":\"2022-03-22T11:05:29+00:00\",\"dateModified\":\"2022-03-22T11:05:30+00:00\",\"mainEntityOfPage\":{\"@id\":\"https:\/\/blogg.svenskakyrkan.se\/insikten\/2022\/03\/22\/skorhet-och-skonhet\/\"},\"wordCount\":1075,\"commentCount\":0,\"image\":{\"@id\":\"https:\/\/blogg.svenskakyrkan.se\/insikten\/2022\/03\/22\/skorhet-och-skonhet\/#primaryimage\"},\"thumbnailUrl\":\"https:\/\/blogg.svenskakyrkan.se\/insikten\/files\/2022\/03\/UrbanHighResWeb.jpg\",\"articleSection\":[\"Engagemang\"],\"inLanguage\":\"sv-SE\",\"potentialAction\":[{\"@type\":\"CommentAction\",\"name\":\"Comment\",\"target\":[\"https:\/\/blogg.svenskakyrkan.se\/insikten\/2022\/03\/22\/skorhet-och-skonhet\/#respond\"]}]},{\"@type\":\"WebPage\",\"@id\":\"https:\/\/blogg.svenskakyrkan.se\/insikten\/2022\/03\/22\/skorhet-och-skonhet\/\",\"url\":\"https:\/\/blogg.svenskakyrkan.se\/insikten\/2022\/03\/22\/skorhet-och-skonhet\/\",\"name\":\"Sk\u00f6rhet och sk\u00f6nhet - Insikten - Floby pastorat\",\"isPartOf\":{\"@id\":\"https:\/\/blogg.svenskakyrkan.se\/insikten\/#website\"},\"primaryImageOfPage\":{\"@id\":\"https:\/\/blogg.svenskakyrkan.se\/insikten\/2022\/03\/22\/skorhet-och-skonhet\/#primaryimage\"},\"image\":{\"@id\":\"https:\/\/blogg.svenskakyrkan.se\/insikten\/2022\/03\/22\/skorhet-och-skonhet\/#primaryimage\"},\"thumbnailUrl\":\"https:\/\/blogg.svenskakyrkan.se\/insikten\/files\/2022\/03\/UrbanHighResWeb.jpg\",\"datePublished\":\"2022-03-22T11:05:29+00:00\",\"dateModified\":\"2022-03-22T11:05:30+00:00\",\"author\":{\"@id\":\"https:\/\/blogg.svenskakyrkan.se\/insikten\/#\/schema\/person\/5081f68a0318ddb64c879f7bc416ce8c\"},\"breadcrumb\":{\"@id\":\"https:\/\/blogg.svenskakyrkan.se\/insikten\/2022\/03\/22\/skorhet-och-skonhet\/#breadcrumb\"},\"inLanguage\":\"sv-SE\",\"potentialAction\":[{\"@type\":\"ReadAction\",\"target\":[\"https:\/\/blogg.svenskakyrkan.se\/insikten\/2022\/03\/22\/skorhet-och-skonhet\/\"]}]},{\"@type\":\"ImageObject\",\"inLanguage\":\"sv-SE\",\"@id\":\"https:\/\/blogg.svenskakyrkan.se\/insikten\/2022\/03\/22\/skorhet-och-skonhet\/#primaryimage\",\"url\":\"https:\/\/blogg.svenskakyrkan.se\/insikten\/files\/2022\/03\/UrbanHighResWeb.jpg\",\"contentUrl\":\"https:\/\/blogg.svenskakyrkan.se\/insikten\/files\/2022\/03\/UrbanHighResWeb.jpg\",\"width\":1800,\"height\":1098},{\"@type\":\"BreadcrumbList\",\"@id\":\"https:\/\/blogg.svenskakyrkan.se\/insikten\/2022\/03\/22\/skorhet-och-skonhet\/#breadcrumb\",\"itemListElement\":[{\"@type\":\"ListItem\",\"position\":1,\"name\":\"Hem\",\"item\":\"https:\/\/blogg.svenskakyrkan.se\/insikten\/\"},{\"@type\":\"ListItem\",\"position\":2,\"name\":\"Sk\u00f6rhet och sk\u00f6nhet\"}]},{\"@type\":\"WebSite\",\"@id\":\"https:\/\/blogg.svenskakyrkan.se\/insikten\/#website\",\"url\":\"https:\/\/blogg.svenskakyrkan.se\/insikten\/\",\"name\":\"Insikten - Floby pastorat\",\"description\":\"Insikter, utsikter och emellan\u00e5t \u00e4ven \u00e5sikter fr\u00e5n Floby pastorat i Skara stift.\",\"potentialAction\":[{\"@type\":\"SearchAction\",\"target\":{\"@type\":\"EntryPoint\",\"urlTemplate\":\"https:\/\/blogg.svenskakyrkan.se\/insikten\/?s={search_term_string}\"},\"query-input\":{\"@type\":\"PropertyValueSpecification\",\"valueRequired\":true,\"valueName\":\"search_term_string\"}}],\"inLanguage\":\"sv-SE\"},{\"@type\":\"Person\",\"@id\":\"https:\/\/blogg.svenskakyrkan.se\/insikten\/#\/schema\/person\/5081f68a0318ddb64c879f7bc416ce8c\",\"name\":\"Floby pastorat\",\"image\":{\"@type\":\"ImageObject\",\"inLanguage\":\"sv-SE\",\"@id\":\"https:\/\/blogg.svenskakyrkan.se\/insikten\/#\/schema\/person\/image\/\",\"url\":\"https:\/\/secure.gravatar.com\/avatar\/c63a9fd4196da95cea4408b67893dbdb9ec52ef568ee59a4578ad766986bebcd?s=96&d=mm&r=g\",\"contentUrl\":\"https:\/\/secure.gravatar.com\/avatar\/c63a9fd4196da95cea4408b67893dbdb9ec52ef568ee59a4578ad766986bebcd?s=96&d=mm&r=g\",\"caption\":\"Floby pastorat\"},\"url\":\"https:\/\/blogg.svenskakyrkan.se\/insikten\/author\/helenataubner\/\"}]}<\/script>\n<!-- \/ Yoast SEO plugin. -->","yoast_head_json":{"title":"Sk\u00f6rhet och sk\u00f6nhet - Insikten - Floby pastorat","robots":{"index":"index","follow":"follow","max-snippet":"max-snippet:-1","max-image-preview":"max-image-preview:large","max-video-preview":"max-video-preview:-1"},"canonical":"https:\/\/blogg.svenskakyrkan.se\/insikten\/2022\/03\/22\/skorhet-och-skonhet\/","og_locale":"sv_SE","og_type":"article","og_title":"Sk\u00f6rhet och sk\u00f6nhet - Insikten - Floby pastorat","og_description":"I Bredene utanf\u00f6r \u00c5sarp ligger Bergsg\u00e5rden som Urban och Sari Bolin driver tillsammans med sin stora familj. \u2013 N\u00e4r n\u00e5gon fr\u00e5gar s\u00e5 s\u00e4ger vi att vi har sju barn, som \u00e4r mellan 11 och 32 \u00e5r, s\u00e4ger Urban. Men vi f\u00f6rlorade Risto, v\u00e5r \u00e4ldste son, i en olycka f\u00f6r tv\u00e5 \u00e5r sedan, s\u00e5 vi har [&hellip;]","og_url":"https:\/\/blogg.svenskakyrkan.se\/insikten\/2022\/03\/22\/skorhet-och-skonhet\/","og_site_name":"Insikten - Floby pastorat","article_published_time":"2022-03-22T11:05:29+00:00","article_modified_time":"2022-03-22T11:05:30+00:00","og_image":[{"width":1800,"height":1098,"url":"https:\/\/blogg.svenskakyrkan.se\/insikten\/files\/2022\/03\/UrbanHighResWeb.jpg","type":"image\/jpeg"}],"author":"Floby pastorat","twitter_card":"summary_large_image","twitter_misc":{"Skriven av":"Floby pastorat","Ber\u00e4knad l\u00e4stid":"5 minuter"},"schema":{"@context":"https:\/\/schema.org","@graph":[{"@type":"Article","@id":"https:\/\/blogg.svenskakyrkan.se\/insikten\/2022\/03\/22\/skorhet-och-skonhet\/#article","isPartOf":{"@id":"https:\/\/blogg.svenskakyrkan.se\/insikten\/2022\/03\/22\/skorhet-och-skonhet\/"},"author":{"name":"Floby pastorat","@id":"https:\/\/blogg.svenskakyrkan.se\/insikten\/#\/schema\/person\/5081f68a0318ddb64c879f7bc416ce8c"},"headline":"Sk\u00f6rhet och sk\u00f6nhet","datePublished":"2022-03-22T11:05:29+00:00","dateModified":"2022-03-22T11:05:30+00:00","mainEntityOfPage":{"@id":"https:\/\/blogg.svenskakyrkan.se\/insikten\/2022\/03\/22\/skorhet-och-skonhet\/"},"wordCount":1075,"commentCount":0,"image":{"@id":"https:\/\/blogg.svenskakyrkan.se\/insikten\/2022\/03\/22\/skorhet-och-skonhet\/#primaryimage"},"thumbnailUrl":"https:\/\/blogg.svenskakyrkan.se\/insikten\/files\/2022\/03\/UrbanHighResWeb.jpg","articleSection":["Engagemang"],"inLanguage":"sv-SE","potentialAction":[{"@type":"CommentAction","name":"Comment","target":["https:\/\/blogg.svenskakyrkan.se\/insikten\/2022\/03\/22\/skorhet-och-skonhet\/#respond"]}]},{"@type":"WebPage","@id":"https:\/\/blogg.svenskakyrkan.se\/insikten\/2022\/03\/22\/skorhet-och-skonhet\/","url":"https:\/\/blogg.svenskakyrkan.se\/insikten\/2022\/03\/22\/skorhet-och-skonhet\/","name":"Sk\u00f6rhet och sk\u00f6nhet - Insikten - Floby pastorat","isPartOf":{"@id":"https:\/\/blogg.svenskakyrkan.se\/insikten\/#website"},"primaryImageOfPage":{"@id":"https:\/\/blogg.svenskakyrkan.se\/insikten\/2022\/03\/22\/skorhet-och-skonhet\/#primaryimage"},"image":{"@id":"https:\/\/blogg.svenskakyrkan.se\/insikten\/2022\/03\/22\/skorhet-och-skonhet\/#primaryimage"},"thumbnailUrl":"https:\/\/blogg.svenskakyrkan.se\/insikten\/files\/2022\/03\/UrbanHighResWeb.jpg","datePublished":"2022-03-22T11:05:29+00:00","dateModified":"2022-03-22T11:05:30+00:00","author":{"@id":"https:\/\/blogg.svenskakyrkan.se\/insikten\/#\/schema\/person\/5081f68a0318ddb64c879f7bc416ce8c"},"breadcrumb":{"@id":"https:\/\/blogg.svenskakyrkan.se\/insikten\/2022\/03\/22\/skorhet-och-skonhet\/#breadcrumb"},"inLanguage":"sv-SE","potentialAction":[{"@type":"ReadAction","target":["https:\/\/blogg.svenskakyrkan.se\/insikten\/2022\/03\/22\/skorhet-och-skonhet\/"]}]},{"@type":"ImageObject","inLanguage":"sv-SE","@id":"https:\/\/blogg.svenskakyrkan.se\/insikten\/2022\/03\/22\/skorhet-och-skonhet\/#primaryimage","url":"https:\/\/blogg.svenskakyrkan.se\/insikten\/files\/2022\/03\/UrbanHighResWeb.jpg","contentUrl":"https:\/\/blogg.svenskakyrkan.se\/insikten\/files\/2022\/03\/UrbanHighResWeb.jpg","width":1800,"height":1098},{"@type":"BreadcrumbList","@id":"https:\/\/blogg.svenskakyrkan.se\/insikten\/2022\/03\/22\/skorhet-och-skonhet\/#breadcrumb","itemListElement":[{"@type":"ListItem","position":1,"name":"Hem","item":"https:\/\/blogg.svenskakyrkan.se\/insikten\/"},{"@type":"ListItem","position":2,"name":"Sk\u00f6rhet och sk\u00f6nhet"}]},{"@type":"WebSite","@id":"https:\/\/blogg.svenskakyrkan.se\/insikten\/#website","url":"https:\/\/blogg.svenskakyrkan.se\/insikten\/","name":"Insikten - Floby pastorat","description":"Insikter, utsikter och emellan\u00e5t \u00e4ven \u00e5sikter fr\u00e5n Floby pastorat i Skara stift.","potentialAction":[{"@type":"SearchAction","target":{"@type":"EntryPoint","urlTemplate":"https:\/\/blogg.svenskakyrkan.se\/insikten\/?s={search_term_string}"},"query-input":{"@type":"PropertyValueSpecification","valueRequired":true,"valueName":"search_term_string"}}],"inLanguage":"sv-SE"},{"@type":"Person","@id":"https:\/\/blogg.svenskakyrkan.se\/insikten\/#\/schema\/person\/5081f68a0318ddb64c879f7bc416ce8c","name":"Floby pastorat","image":{"@type":"ImageObject","inLanguage":"sv-SE","@id":"https:\/\/blogg.svenskakyrkan.se\/insikten\/#\/schema\/person\/image\/","url":"https:\/\/secure.gravatar.com\/avatar\/c63a9fd4196da95cea4408b67893dbdb9ec52ef568ee59a4578ad766986bebcd?s=96&d=mm&r=g","contentUrl":"https:\/\/secure.gravatar.com\/avatar\/c63a9fd4196da95cea4408b67893dbdb9ec52ef568ee59a4578ad766986bebcd?s=96&d=mm&r=g","caption":"Floby pastorat"},"url":"https:\/\/blogg.svenskakyrkan.se\/insikten\/author\/helenataubner\/"}]}},"author_meta":{"ID":"250","user_nicename":"helenataubner","user_registered":"2013-01-15 08:36:14","display_name":"Floby pastorat","avatar":"https:\/\/secure.gravatar.com\/avatar\/c63a9fd4196da95cea4408b67893dbdb9ec52ef568ee59a4578ad766986bebcd?s=96&d=mm&r=g"},"featured_image":["https:\/\/blogg.svenskakyrkan.se\/insikten\/files\/2022\/03\/UrbanHighResWeb-1024x625.jpg",1024,625,true],"bloginfo":{"name":"Insikten - Floby pastorat","url":"https:\/\/blogg.svenskakyrkan.se\/insikten"},"_links":{"self":[{"href":"https:\/\/blogg.svenskakyrkan.se\/insikten\/wp-json\/wp\/v2\/posts\/159","targetHints":{"allow":["GET"]}}],"collection":[{"href":"https:\/\/blogg.svenskakyrkan.se\/insikten\/wp-json\/wp\/v2\/posts"}],"about":[{"href":"https:\/\/blogg.svenskakyrkan.se\/insikten\/wp-json\/wp\/v2\/types\/post"}],"author":[{"embeddable":true,"href":"https:\/\/blogg.svenskakyrkan.se\/insikten\/wp-json\/wp\/v2\/users\/250"}],"replies":[{"embeddable":true,"href":"https:\/\/blogg.svenskakyrkan.se\/insikten\/wp-json\/wp\/v2\/comments?post=159"}],"version-history":[{"count":1,"href":"https:\/\/blogg.svenskakyrkan.se\/insikten\/wp-json\/wp\/v2\/posts\/159\/revisions"}],"predecessor-version":[{"id":161,"href":"https:\/\/blogg.svenskakyrkan.se\/insikten\/wp-json\/wp\/v2\/posts\/159\/revisions\/161"}],"wp:featuredmedia":[{"embeddable":true,"href":"https:\/\/blogg.svenskakyrkan.se\/insikten\/wp-json\/wp\/v2\/media\/160"}],"wp:attachment":[{"href":"https:\/\/blogg.svenskakyrkan.se\/insikten\/wp-json\/wp\/v2\/media?parent=159"}],"wp:term":[{"taxonomy":"category","embeddable":true,"href":"https:\/\/blogg.svenskakyrkan.se\/insikten\/wp-json\/wp\/v2\/categories?post=159"},{"taxonomy":"post_tag","embeddable":true,"href":"https:\/\/blogg.svenskakyrkan.se\/insikten\/wp-json\/wp\/v2\/tags?post=159"}],"curies":[{"name":"wp","href":"https:\/\/api.w.org\/{rel}","templated":true}]}}