{"id":163,"date":"2022-06-08T10:37:27","date_gmt":"2022-06-08T08:37:27","guid":{"rendered":"https:\/\/blogg.svenskakyrkan.se\/insikten\/?p=163"},"modified":"2022-06-08T10:42:27","modified_gmt":"2022-06-08T08:42:27","slug":"veteranfordon-och-psalmsang","status":"publish","type":"post","link":"https:\/\/blogg.svenskakyrkan.se\/insikten\/2022\/06\/08\/veteranfordon-och-psalmsang\/","title":{"rendered":"Veteranfordon och psalms\u00e5ng"},"content":{"rendered":"\n\n\n<figure class=\"wp-block-image size-large is-style-default\"><img loading=\"lazy\" decoding=\"async\" width=\"1024\" height=\"664\" src=\"https:\/\/blogg.svenskakyrkan.se\/insikten\/files\/2022\/06\/Skarmavbild-2022-06-08-kl.-10.36.00-1024x664.png\" alt=\"\" class=\"wp-image-164\" srcset=\"https:\/\/blogg.svenskakyrkan.se\/insikten\/files\/2022\/06\/Skarmavbild-2022-06-08-kl.-10.36.00-1024x664.png 1024w, https:\/\/blogg.svenskakyrkan.se\/insikten\/files\/2022\/06\/Skarmavbild-2022-06-08-kl.-10.36.00-300x195.png 300w, https:\/\/blogg.svenskakyrkan.se\/insikten\/files\/2022\/06\/Skarmavbild-2022-06-08-kl.-10.36.00-768x498.png 768w, https:\/\/blogg.svenskakyrkan.se\/insikten\/files\/2022\/06\/Skarmavbild-2022-06-08-kl.-10.36.00.png 1098w\" sizes=\"auto, (max-width: 1024px) 100vw, 1024px\" \/><figcaption>Tre av de medverkande vid veteranfordonsgudstj\u00e4nsten \u00e4r Ingrid och Per Ringeby och Mikael Powidzki Casserblad.<\/figcaption><\/figure>\n\n\n\n<p>Under m\u00e5nga \u00e5r har Per Ringeby funderat p\u00e5 att kombinera tv\u00e5 av sina passioner: sina veteranfordon och sin kristna tro. Nu blir det verklighet.<\/p>\n\n\n\n<p>\u2013 Att fira gudstj\u00e4nst ska ju inte vara tr\u00e5kigt, s\u00e4ger Per som \u00e4r eldsj\u00e4len bakom den kommande veteranfordonsgudstj\u00e4nsten. S\u00e4rskilt nu efter pandemin och med all oro i v\u00e4rlden, s\u00e5 kan vi beh\u00f6va ha lite roligt tillsammans! Vi har v\u00e5r gl\u00e4dje i tron p\u00e5 Jesus, men vi kan f\u00e5 gl\u00e4djas \u00e5t jordiska saker ocks\u00e5.<\/p>\n\n\n\n<p>Gudstj\u00e4nsten \u00e4r ekumenisk, vilket betyder att det \u00e4r flera olika kyrkor som arrangerar den tillsammans.<\/p>\n\n\n\n<p>\u2013 Vi har ju samma tro och gemensamma visioner, \u00e4ven om vi tillh\u00f6r olika samfund, s\u00e4ger Per. D\u00e4rf\u00f6r k\u00e4nns det bra att vi \u00e4r m\u00e5nga inblandade i den h\u00e4r gudstj\u00e4nsten.<\/p>\n\n\n\n<p>Ullene missionsf\u00f6rsamling, d\u00e4r Per och hans fru Ingrid \u00e4r engagerade och Svenska kyrkan i Floby pastorat \u00e4r huvudarrang\u00f6rer. Dessutom \u00e4r Vilske-Kleva missionsf\u00f6rsamling och Equmenia i Odensberg inbjudna.<\/p>\n\n\n\n<p>Men vem som helst \u00e4r v\u00e4lkommen \u2013 oavsett om man \u00e4r medlem i n\u00e5gon av kyrkorna och oavsett om man har n\u00e5got veteranfordon eller inte. Och n\u00e4r det g\u00e4ller fordon \u00e4r alla typer v\u00e4lkomna, s\u00e5v\u00e4l bilar som traktorer, mopeder eller cyklar.<\/p>\n\n\n\n<p>\u2013 Det blir sp\u00e4nnande att se vilka fordon som dyker upp. Bara det inte \u00e4r k\u00f6rf\u00f6rbud s\u00e5 \u00e4r du v\u00e4lkommen med vilket fordon som helst!, skrattar Per.<\/p>\n\n\n\n<blockquote class=\"wp-block-quote is-layout-flow wp-block-quote-is-layout-flow\"><p>\u2013 Bara det inte \u00e4r k\u00f6rf\u00f6rbud s\u00e5 \u00e4r du v\u00e4lkommen med vilket fordon som helst!<\/p><\/blockquote>\n\n\n\n<h2 class=\"wp-block-heading\">Gemensam b\u00f6n f\u00f6r v\u00e4rlden<\/h2>\n\n\n\n<p>Ut\u00f6ver att gudstj\u00e4nsten blir ett tillf\u00e4lle att ha roligt tillsammans, s\u00e5 betonar Per att det finns en djupare anledning till att han har dragit ig\u00e5ng det h\u00e4r projektet. Han tror att m\u00e5nga har haft det sv\u00e5rt under pandemin och ocks\u00e5 oroar sig f\u00f6r krigshotet sedan Ryssland invaderade Ukraina. D\u00e4rf\u00f6r har kyrkorna en viktig uppgift nu.<\/p>\n\n\n\n<p>\u2013 Vi g\u00f6r det h\u00e4r f\u00f6r att m\u00e4nniskor ska hitta en v\u00e4g till tro. Alla uts\u00e4tts vi f\u00f6r pr\u00f6vningar och d\u00e5 \u00e4r det gott att ha Gud att g\u00e5 till. Kanske kan den h\u00e4r gudstj\u00e4nsten hj\u00e4lpa n\u00e5gon att uppt\u00e4cka det. Och vi samlas f\u00f6r att be tillsammans, inte minst f\u00f6r m\u00e4nniskorna som har det sv\u00e5rt i Ukraina och Ryssland.<\/p>\n\n\n\n<h2 class=\"wp-block-heading\">Maskinhall \u00e4r gudstj\u00e4nstlokal<\/h2>\n\n\n\n<p>Erene Linnarsson ber\u00e4ttar att Ullene kyrkliga syf\u00f6rening, d\u00e4r hon sj\u00e4lv \u00e4r engagerad, st\u00e4ller upp med lokalen f\u00f6r gudstj\u00e4nsten.<\/p>\n\n\n\n<p>\u2013 Vi anordnar insamlingar med syf\u00f6reningen och d\u00e5 anv\u00e4nder vi ibland maskinhallen som finns hemma hos en av v\u00e5ra medlemmar, s\u00e4ger hon. D\u00e4r har vi till exempel just haft en stor v\u00e5rbasar med m\u00e5let att samla in pengar till ACT Svenska kyrkans arbete i Ukraina. Vi sa till Per att veteranfordonsgudstj\u00e4nsten ocks\u00e5 kunde vara i och runt maskinhallen.&nbsp;<\/p>\n\n\n\n<p>\u2013 Ja, mycket l\u00f6ste sig n\u00e4r syf\u00f6reningen erbj\u00f6d oss att vara i maskinhallen, bekr\u00e4ftar Per. Vi \u00e4r v\u00e4ldigt tacksamma f\u00f6r samarbetet med syf\u00f6reningen!<\/p>\n\n\n\n<p>Utanf\u00f6r maskinhallen kommer det finnas h\u00f6gtalare, s\u00e5 att gudstj\u00e4nstdeltagarna kan v\u00e4lja att sitta utomhus. Var och en uppmuntras att ta med eget fika, och en stol att sitta p\u00e5. Det \u00e4r en praktisk l\u00f6sning eftersom det \u00e4r sv\u00e5rt att ber\u00e4kna hur m\u00e5nga m\u00e4nniskor som kommer.&nbsp;<\/p>\n\n\n\n<p>\u2013 Hoppas det kommer mycket folk!, avslutar Erene f\u00f6rhoppningsfullt.<\/p>\n\n\n\n<p><\/p>\n\n\n\n<p><\/p>\n\n\n\n<p>&#8230;&#8230;&#8230;&#8230;&#8230;&#8230;&#8230;&#8230;&#8230;&#8230;..<\/p>\n\n\n\n<p>Veteranfordonsgudstj\u00e4nsten \u00e4ger rum den 12 juni 2022, med start klockan 15.00, vid Knektag\u00e5rden i Ullene.<\/p>\n\n\n\n<p>Texten publicerades f\u00f6rsta g\u00e5ngen i Insikten nummer 2 2022.<\/p>\n","protected":false},"excerpt":{"rendered":"<p>Under m\u00e5nga \u00e5r har Per Ringeby funderat p\u00e5 att kombinera tv\u00e5 av sina passioner: sina veteranfordon och sin kristna tro. Nu blir det verklighet. \u2013 Att fira gudstj\u00e4nst ska ju inte vara tr\u00e5kigt, s\u00e4ger Per som \u00e4r eldsj\u00e4len bakom den kommande veteranfordonsgudstj\u00e4nsten. S\u00e4rskilt nu efter pandemin och med all oro i v\u00e4rlden, s\u00e5 kan vi [&hellip;]<\/p>\n","protected":false},"author":250,"featured_media":164,"comment_status":"open","ping_status":"open","sticky":false,"template":"","format":"standard","meta":{"_acf_changed":false,"footnotes":""},"categories":[15,7],"tags":[],"class_list":["post-163","post","type-post","status-publish","format-standard","has-post-thumbnail","hentry","category-ekumenik","category-engagemang"],"acf":[],"yoast_head":"<!-- This site is optimized with the Yoast SEO plugin v27.1.1 - https:\/\/yoast.com\/product\/yoast-seo-wordpress\/ -->\n<title>Veteranfordon och psalms\u00e5ng - Insikten - Floby pastorat<\/title>\n<meta name=\"robots\" content=\"index, follow, max-snippet:-1, max-image-preview:large, max-video-preview:-1\" \/>\n<link rel=\"canonical\" href=\"https:\/\/blogg.svenskakyrkan.se\/insikten\/2022\/06\/08\/veteranfordon-och-psalmsang\/\" \/>\n<meta property=\"og:locale\" content=\"sv_SE\" \/>\n<meta property=\"og:type\" content=\"article\" \/>\n<meta property=\"og:title\" content=\"Veteranfordon och psalms\u00e5ng - Insikten - Floby pastorat\" \/>\n<meta property=\"og:description\" content=\"Under m\u00e5nga \u00e5r har Per Ringeby funderat p\u00e5 att kombinera tv\u00e5 av sina passioner: sina veteranfordon och sin kristna tro. Nu blir det verklighet. \u2013 Att fira gudstj\u00e4nst ska ju inte vara tr\u00e5kigt, s\u00e4ger Per som \u00e4r eldsj\u00e4len bakom den kommande veteranfordonsgudstj\u00e4nsten. S\u00e4rskilt nu efter pandemin och med all oro i v\u00e4rlden, s\u00e5 kan vi [&hellip;]\" \/>\n<meta property=\"og:url\" content=\"https:\/\/blogg.svenskakyrkan.se\/insikten\/2022\/06\/08\/veteranfordon-och-psalmsang\/\" \/>\n<meta property=\"og:site_name\" content=\"Insikten - Floby pastorat\" \/>\n<meta property=\"article:published_time\" content=\"2022-06-08T08:37:27+00:00\" \/>\n<meta property=\"article:modified_time\" content=\"2022-06-08T08:42:27+00:00\" \/>\n<meta property=\"og:image\" content=\"https:\/\/blogg.svenskakyrkan.se\/insikten\/files\/2022\/06\/Skarmavbild-2022-06-08-kl.-10.36.00.png\" \/>\n\t<meta property=\"og:image:width\" content=\"1098\" \/>\n\t<meta property=\"og:image:height\" content=\"712\" \/>\n\t<meta property=\"og:image:type\" content=\"image\/png\" \/>\n<meta name=\"author\" content=\"Floby pastorat\" \/>\n<meta name=\"twitter:card\" content=\"summary_large_image\" \/>\n<meta name=\"twitter:label1\" content=\"Skriven av\" \/>\n\t<meta name=\"twitter:data1\" content=\"Floby pastorat\" \/>\n\t<meta name=\"twitter:label2\" content=\"Ber\u00e4knad l\u00e4stid\" \/>\n\t<meta name=\"twitter:data2\" content=\"3 minuter\" \/>\n<script type=\"application\/ld+json\" class=\"yoast-schema-graph\">{\"@context\":\"https:\/\/schema.org\",\"@graph\":[{\"@type\":\"Article\",\"@id\":\"https:\/\/blogg.svenskakyrkan.se\/insikten\/2022\/06\/08\/veteranfordon-och-psalmsang\/#article\",\"isPartOf\":{\"@id\":\"https:\/\/blogg.svenskakyrkan.se\/insikten\/2022\/06\/08\/veteranfordon-och-psalmsang\/\"},\"author\":{\"name\":\"Floby pastorat\",\"@id\":\"https:\/\/blogg.svenskakyrkan.se\/insikten\/#\/schema\/person\/5081f68a0318ddb64c879f7bc416ce8c\"},\"headline\":\"Veteranfordon och psalms\u00e5ng\",\"datePublished\":\"2022-06-08T08:37:27+00:00\",\"dateModified\":\"2022-06-08T08:42:27+00:00\",\"mainEntityOfPage\":{\"@id\":\"https:\/\/blogg.svenskakyrkan.se\/insikten\/2022\/06\/08\/veteranfordon-och-psalmsang\/\"},\"wordCount\":646,\"commentCount\":0,\"image\":{\"@id\":\"https:\/\/blogg.svenskakyrkan.se\/insikten\/2022\/06\/08\/veteranfordon-och-psalmsang\/#primaryimage\"},\"thumbnailUrl\":\"https:\/\/blogg.svenskakyrkan.se\/insikten\/files\/2022\/06\/Skarmavbild-2022-06-08-kl.-10.36.00.png\",\"articleSection\":[\"Ekumenik\",\"Engagemang\"],\"inLanguage\":\"sv-SE\",\"potentialAction\":[{\"@type\":\"CommentAction\",\"name\":\"Comment\",\"target\":[\"https:\/\/blogg.svenskakyrkan.se\/insikten\/2022\/06\/08\/veteranfordon-och-psalmsang\/#respond\"]}]},{\"@type\":\"WebPage\",\"@id\":\"https:\/\/blogg.svenskakyrkan.se\/insikten\/2022\/06\/08\/veteranfordon-och-psalmsang\/\",\"url\":\"https:\/\/blogg.svenskakyrkan.se\/insikten\/2022\/06\/08\/veteranfordon-och-psalmsang\/\",\"name\":\"Veteranfordon och psalms\u00e5ng - Insikten - Floby pastorat\",\"isPartOf\":{\"@id\":\"https:\/\/blogg.svenskakyrkan.se\/insikten\/#website\"},\"primaryImageOfPage\":{\"@id\":\"https:\/\/blogg.svenskakyrkan.se\/insikten\/2022\/06\/08\/veteranfordon-och-psalmsang\/#primaryimage\"},\"image\":{\"@id\":\"https:\/\/blogg.svenskakyrkan.se\/insikten\/2022\/06\/08\/veteranfordon-och-psalmsang\/#primaryimage\"},\"thumbnailUrl\":\"https:\/\/blogg.svenskakyrkan.se\/insikten\/files\/2022\/06\/Skarmavbild-2022-06-08-kl.-10.36.00.png\",\"datePublished\":\"2022-06-08T08:37:27+00:00\",\"dateModified\":\"2022-06-08T08:42:27+00:00\",\"author\":{\"@id\":\"https:\/\/blogg.svenskakyrkan.se\/insikten\/#\/schema\/person\/5081f68a0318ddb64c879f7bc416ce8c\"},\"breadcrumb\":{\"@id\":\"https:\/\/blogg.svenskakyrkan.se\/insikten\/2022\/06\/08\/veteranfordon-och-psalmsang\/#breadcrumb\"},\"inLanguage\":\"sv-SE\",\"potentialAction\":[{\"@type\":\"ReadAction\",\"target\":[\"https:\/\/blogg.svenskakyrkan.se\/insikten\/2022\/06\/08\/veteranfordon-och-psalmsang\/\"]}]},{\"@type\":\"ImageObject\",\"inLanguage\":\"sv-SE\",\"@id\":\"https:\/\/blogg.svenskakyrkan.se\/insikten\/2022\/06\/08\/veteranfordon-och-psalmsang\/#primaryimage\",\"url\":\"https:\/\/blogg.svenskakyrkan.se\/insikten\/files\/2022\/06\/Skarmavbild-2022-06-08-kl.-10.36.00.png\",\"contentUrl\":\"https:\/\/blogg.svenskakyrkan.se\/insikten\/files\/2022\/06\/Skarmavbild-2022-06-08-kl.-10.36.00.png\",\"width\":1098,\"height\":712},{\"@type\":\"BreadcrumbList\",\"@id\":\"https:\/\/blogg.svenskakyrkan.se\/insikten\/2022\/06\/08\/veteranfordon-och-psalmsang\/#breadcrumb\",\"itemListElement\":[{\"@type\":\"ListItem\",\"position\":1,\"name\":\"Hem\",\"item\":\"https:\/\/blogg.svenskakyrkan.se\/insikten\/\"},{\"@type\":\"ListItem\",\"position\":2,\"name\":\"Veteranfordon och psalms\u00e5ng\"}]},{\"@type\":\"WebSite\",\"@id\":\"https:\/\/blogg.svenskakyrkan.se\/insikten\/#website\",\"url\":\"https:\/\/blogg.svenskakyrkan.se\/insikten\/\",\"name\":\"Insikten - Floby pastorat\",\"description\":\"Insikter, utsikter och emellan\u00e5t \u00e4ven \u00e5sikter fr\u00e5n Floby pastorat i Skara stift.\",\"potentialAction\":[{\"@type\":\"SearchAction\",\"target\":{\"@type\":\"EntryPoint\",\"urlTemplate\":\"https:\/\/blogg.svenskakyrkan.se\/insikten\/?s={search_term_string}\"},\"query-input\":{\"@type\":\"PropertyValueSpecification\",\"valueRequired\":true,\"valueName\":\"search_term_string\"}}],\"inLanguage\":\"sv-SE\"},{\"@type\":\"Person\",\"@id\":\"https:\/\/blogg.svenskakyrkan.se\/insikten\/#\/schema\/person\/5081f68a0318ddb64c879f7bc416ce8c\",\"name\":\"Floby pastorat\",\"image\":{\"@type\":\"ImageObject\",\"inLanguage\":\"sv-SE\",\"@id\":\"https:\/\/blogg.svenskakyrkan.se\/insikten\/#\/schema\/person\/image\/\",\"url\":\"https:\/\/secure.gravatar.com\/avatar\/c63a9fd4196da95cea4408b67893dbdb9ec52ef568ee59a4578ad766986bebcd?s=96&d=mm&r=g\",\"contentUrl\":\"https:\/\/secure.gravatar.com\/avatar\/c63a9fd4196da95cea4408b67893dbdb9ec52ef568ee59a4578ad766986bebcd?s=96&d=mm&r=g\",\"caption\":\"Floby pastorat\"},\"url\":\"https:\/\/blogg.svenskakyrkan.se\/insikten\/author\/helenataubner\/\"}]}<\/script>\n<!-- \/ Yoast SEO plugin. -->","yoast_head_json":{"title":"Veteranfordon och psalms\u00e5ng - Insikten - Floby pastorat","robots":{"index":"index","follow":"follow","max-snippet":"max-snippet:-1","max-image-preview":"max-image-preview:large","max-video-preview":"max-video-preview:-1"},"canonical":"https:\/\/blogg.svenskakyrkan.se\/insikten\/2022\/06\/08\/veteranfordon-och-psalmsang\/","og_locale":"sv_SE","og_type":"article","og_title":"Veteranfordon och psalms\u00e5ng - Insikten - Floby pastorat","og_description":"Under m\u00e5nga \u00e5r har Per Ringeby funderat p\u00e5 att kombinera tv\u00e5 av sina passioner: sina veteranfordon och sin kristna tro. Nu blir det verklighet. \u2013 Att fira gudstj\u00e4nst ska ju inte vara tr\u00e5kigt, s\u00e4ger Per som \u00e4r eldsj\u00e4len bakom den kommande veteranfordonsgudstj\u00e4nsten. S\u00e4rskilt nu efter pandemin och med all oro i v\u00e4rlden, s\u00e5 kan vi [&hellip;]","og_url":"https:\/\/blogg.svenskakyrkan.se\/insikten\/2022\/06\/08\/veteranfordon-och-psalmsang\/","og_site_name":"Insikten - Floby pastorat","article_published_time":"2022-06-08T08:37:27+00:00","article_modified_time":"2022-06-08T08:42:27+00:00","og_image":[{"width":1098,"height":712,"url":"https:\/\/blogg.svenskakyrkan.se\/insikten\/files\/2022\/06\/Skarmavbild-2022-06-08-kl.-10.36.00.png","type":"image\/png"}],"author":"Floby pastorat","twitter_card":"summary_large_image","twitter_misc":{"Skriven av":"Floby pastorat","Ber\u00e4knad l\u00e4stid":"3 minuter"},"schema":{"@context":"https:\/\/schema.org","@graph":[{"@type":"Article","@id":"https:\/\/blogg.svenskakyrkan.se\/insikten\/2022\/06\/08\/veteranfordon-och-psalmsang\/#article","isPartOf":{"@id":"https:\/\/blogg.svenskakyrkan.se\/insikten\/2022\/06\/08\/veteranfordon-och-psalmsang\/"},"author":{"name":"Floby pastorat","@id":"https:\/\/blogg.svenskakyrkan.se\/insikten\/#\/schema\/person\/5081f68a0318ddb64c879f7bc416ce8c"},"headline":"Veteranfordon och psalms\u00e5ng","datePublished":"2022-06-08T08:37:27+00:00","dateModified":"2022-06-08T08:42:27+00:00","mainEntityOfPage":{"@id":"https:\/\/blogg.svenskakyrkan.se\/insikten\/2022\/06\/08\/veteranfordon-och-psalmsang\/"},"wordCount":646,"commentCount":0,"image":{"@id":"https:\/\/blogg.svenskakyrkan.se\/insikten\/2022\/06\/08\/veteranfordon-och-psalmsang\/#primaryimage"},"thumbnailUrl":"https:\/\/blogg.svenskakyrkan.se\/insikten\/files\/2022\/06\/Skarmavbild-2022-06-08-kl.-10.36.00.png","articleSection":["Ekumenik","Engagemang"],"inLanguage":"sv-SE","potentialAction":[{"@type":"CommentAction","name":"Comment","target":["https:\/\/blogg.svenskakyrkan.se\/insikten\/2022\/06\/08\/veteranfordon-och-psalmsang\/#respond"]}]},{"@type":"WebPage","@id":"https:\/\/blogg.svenskakyrkan.se\/insikten\/2022\/06\/08\/veteranfordon-och-psalmsang\/","url":"https:\/\/blogg.svenskakyrkan.se\/insikten\/2022\/06\/08\/veteranfordon-och-psalmsang\/","name":"Veteranfordon och psalms\u00e5ng - Insikten - Floby pastorat","isPartOf":{"@id":"https:\/\/blogg.svenskakyrkan.se\/insikten\/#website"},"primaryImageOfPage":{"@id":"https:\/\/blogg.svenskakyrkan.se\/insikten\/2022\/06\/08\/veteranfordon-och-psalmsang\/#primaryimage"},"image":{"@id":"https:\/\/blogg.svenskakyrkan.se\/insikten\/2022\/06\/08\/veteranfordon-och-psalmsang\/#primaryimage"},"thumbnailUrl":"https:\/\/blogg.svenskakyrkan.se\/insikten\/files\/2022\/06\/Skarmavbild-2022-06-08-kl.-10.36.00.png","datePublished":"2022-06-08T08:37:27+00:00","dateModified":"2022-06-08T08:42:27+00:00","author":{"@id":"https:\/\/blogg.svenskakyrkan.se\/insikten\/#\/schema\/person\/5081f68a0318ddb64c879f7bc416ce8c"},"breadcrumb":{"@id":"https:\/\/blogg.svenskakyrkan.se\/insikten\/2022\/06\/08\/veteranfordon-och-psalmsang\/#breadcrumb"},"inLanguage":"sv-SE","potentialAction":[{"@type":"ReadAction","target":["https:\/\/blogg.svenskakyrkan.se\/insikten\/2022\/06\/08\/veteranfordon-och-psalmsang\/"]}]},{"@type":"ImageObject","inLanguage":"sv-SE","@id":"https:\/\/blogg.svenskakyrkan.se\/insikten\/2022\/06\/08\/veteranfordon-och-psalmsang\/#primaryimage","url":"https:\/\/blogg.svenskakyrkan.se\/insikten\/files\/2022\/06\/Skarmavbild-2022-06-08-kl.-10.36.00.png","contentUrl":"https:\/\/blogg.svenskakyrkan.se\/insikten\/files\/2022\/06\/Skarmavbild-2022-06-08-kl.-10.36.00.png","width":1098,"height":712},{"@type":"BreadcrumbList","@id":"https:\/\/blogg.svenskakyrkan.se\/insikten\/2022\/06\/08\/veteranfordon-och-psalmsang\/#breadcrumb","itemListElement":[{"@type":"ListItem","position":1,"name":"Hem","item":"https:\/\/blogg.svenskakyrkan.se\/insikten\/"},{"@type":"ListItem","position":2,"name":"Veteranfordon och psalms\u00e5ng"}]},{"@type":"WebSite","@id":"https:\/\/blogg.svenskakyrkan.se\/insikten\/#website","url":"https:\/\/blogg.svenskakyrkan.se\/insikten\/","name":"Insikten - Floby pastorat","description":"Insikter, utsikter och emellan\u00e5t \u00e4ven \u00e5sikter fr\u00e5n Floby pastorat i Skara stift.","potentialAction":[{"@type":"SearchAction","target":{"@type":"EntryPoint","urlTemplate":"https:\/\/blogg.svenskakyrkan.se\/insikten\/?s={search_term_string}"},"query-input":{"@type":"PropertyValueSpecification","valueRequired":true,"valueName":"search_term_string"}}],"inLanguage":"sv-SE"},{"@type":"Person","@id":"https:\/\/blogg.svenskakyrkan.se\/insikten\/#\/schema\/person\/5081f68a0318ddb64c879f7bc416ce8c","name":"Floby pastorat","image":{"@type":"ImageObject","inLanguage":"sv-SE","@id":"https:\/\/blogg.svenskakyrkan.se\/insikten\/#\/schema\/person\/image\/","url":"https:\/\/secure.gravatar.com\/avatar\/c63a9fd4196da95cea4408b67893dbdb9ec52ef568ee59a4578ad766986bebcd?s=96&d=mm&r=g","contentUrl":"https:\/\/secure.gravatar.com\/avatar\/c63a9fd4196da95cea4408b67893dbdb9ec52ef568ee59a4578ad766986bebcd?s=96&d=mm&r=g","caption":"Floby pastorat"},"url":"https:\/\/blogg.svenskakyrkan.se\/insikten\/author\/helenataubner\/"}]}},"author_meta":{"ID":"250","user_nicename":"helenataubner","user_registered":"2013-01-15 08:36:14","display_name":"Floby pastorat","avatar":"https:\/\/secure.gravatar.com\/avatar\/c63a9fd4196da95cea4408b67893dbdb9ec52ef568ee59a4578ad766986bebcd?s=96&d=mm&r=g"},"featured_image":["https:\/\/blogg.svenskakyrkan.se\/insikten\/files\/2022\/06\/Skarmavbild-2022-06-08-kl.-10.36.00-1024x664.png",1024,664,true],"bloginfo":{"name":"Insikten - Floby pastorat","url":"https:\/\/blogg.svenskakyrkan.se\/insikten"},"_links":{"self":[{"href":"https:\/\/blogg.svenskakyrkan.se\/insikten\/wp-json\/wp\/v2\/posts\/163","targetHints":{"allow":["GET"]}}],"collection":[{"href":"https:\/\/blogg.svenskakyrkan.se\/insikten\/wp-json\/wp\/v2\/posts"}],"about":[{"href":"https:\/\/blogg.svenskakyrkan.se\/insikten\/wp-json\/wp\/v2\/types\/post"}],"author":[{"embeddable":true,"href":"https:\/\/blogg.svenskakyrkan.se\/insikten\/wp-json\/wp\/v2\/users\/250"}],"replies":[{"embeddable":true,"href":"https:\/\/blogg.svenskakyrkan.se\/insikten\/wp-json\/wp\/v2\/comments?post=163"}],"version-history":[{"count":2,"href":"https:\/\/blogg.svenskakyrkan.se\/insikten\/wp-json\/wp\/v2\/posts\/163\/revisions"}],"predecessor-version":[{"id":166,"href":"https:\/\/blogg.svenskakyrkan.se\/insikten\/wp-json\/wp\/v2\/posts\/163\/revisions\/166"}],"wp:featuredmedia":[{"embeddable":true,"href":"https:\/\/blogg.svenskakyrkan.se\/insikten\/wp-json\/wp\/v2\/media\/164"}],"wp:attachment":[{"href":"https:\/\/blogg.svenskakyrkan.se\/insikten\/wp-json\/wp\/v2\/media?parent=163"}],"wp:term":[{"taxonomy":"category","embeddable":true,"href":"https:\/\/blogg.svenskakyrkan.se\/insikten\/wp-json\/wp\/v2\/categories?post=163"},{"taxonomy":"post_tag","embeddable":true,"href":"https:\/\/blogg.svenskakyrkan.se\/insikten\/wp-json\/wp\/v2\/tags?post=163"}],"curies":[{"name":"wp","href":"https:\/\/api.w.org\/{rel}","templated":true}]}}