{"id":168,"date":"2022-06-27T10:24:03","date_gmt":"2022-06-27T08:24:03","guid":{"rendered":"https:\/\/blogg.svenskakyrkan.se\/insikten\/?p=168"},"modified":"2022-06-27T10:24:04","modified_gmt":"2022-06-27T08:24:04","slug":"om-stenarna-kunde-tala","status":"publish","type":"post","link":"https:\/\/blogg.svenskakyrkan.se\/insikten\/2022\/06\/27\/om-stenarna-kunde-tala\/","title":{"rendered":"Om stenarna kunde tala"},"content":{"rendered":"\n\n\n<figure class=\"wp-block-image size-large is-style-default\"><img loading=\"lazy\" decoding=\"async\" width=\"1024\" height=\"684\" src=\"https:\/\/blogg.svenskakyrkan.se\/insikten\/files\/2022\/06\/Skarmavbild-2022-06-27-kl.-10.11.21-1024x684.png\" alt=\"\" class=\"wp-image-169\" srcset=\"https:\/\/blogg.svenskakyrkan.se\/insikten\/files\/2022\/06\/Skarmavbild-2022-06-27-kl.-10.11.21-1024x684.png 1024w, https:\/\/blogg.svenskakyrkan.se\/insikten\/files\/2022\/06\/Skarmavbild-2022-06-27-kl.-10.11.21-300x200.png 300w, https:\/\/blogg.svenskakyrkan.se\/insikten\/files\/2022\/06\/Skarmavbild-2022-06-27-kl.-10.11.21-768x513.png 768w, https:\/\/blogg.svenskakyrkan.se\/insikten\/files\/2022\/06\/Skarmavbild-2022-06-27-kl.-10.11.21.png 1060w\" sizes=\"auto, (max-width: 1024px) 100vw, 1024px\" \/><figcaption>Els-Marie Carlsson<\/figcaption><\/figure>\n\n\n\n<p>2022 \u00e5rs upplaga av kyrkog\u00e5rdsvandringen i \u00c5sarp blir den femtonde som Els-Marie Carlsson leder. Den anordnas under sommarveckan i \u00c5sarp. Det brukar komma ett fyrtiotal personer och vissa kommer tillbaka \u00e5r efter \u00e5r. Snart har vandringarna t\u00e4ckt in hela den gamla delen av kyrkog\u00e5rden och varje \u00e5r omfattar vandringen ungef\u00e4r 20 gravar.<\/p>\n\n\n\n<p>\u2013 Mer orkar man inte p\u00e5 en g\u00e5ng, s\u00e4ger hon. Vi g\u00e5r fr\u00e5n gravsten till gravsten och jag ber\u00e4ttar det jag vet om personen som vilar i graven. Vandringen tar ungef\u00e4r en timme och s\u00e5 fikar vi efter\u00e5t.<\/p>\n\n\n\n<h2 class=\"wp-block-heading\">Gediget bakgrundsarbete<\/h2>\n\n\n\n<p>Under fikastunden brukar det bli m\u00e5nga samtal om de olika levnadshistorierna som finns bakom namnen p\u00e5 gravstenarna.&nbsp;<\/p>\n\n\n\n<p>\u2013 De som kommer till vandringen kan ju ocks\u00e5 veta saker. Ibland kan de ha tr\u00e4ffat personerna som vilar i en grav, och kan bidra med egna ber\u00e4ttelser.&nbsp;<\/p>\n\n\n\n<p>Els-Marie l\u00e4gger mycket tid p\u00e5 att s\u00e4tta ihop material till vandringarna genom att samla uppgifter fr\u00e5n m\u00e5nga olika k\u00e4llor. Hon kombinerar gravregistret med husf\u00f6rh\u00f6rsl\u00e4ngder och b\u00f6cker som \u201dSveriges d\u00f6dbok\u201d och \u201dSveriges bebyggelse\u201d. I dem hittar hon uppgifter om familjemedlemmar och kanske foton p\u00e5 huset d\u00e4r de bodde. Men den mest betydelsefulla boken \u00e4r \u201d\u00c5sarp-Smulas hembygdsbok\u201d som den framlidne Bert Johansson har skrivit.<\/p>\n\n\n\n<p>\u2013 Bert har g\u00e5tt igenom alla g\u00e5rdarna. Om personen som vilar i graven \u00e4r fr\u00e5n trakten, s\u00e5 finns det massor av information i hans bok. Han har ocks\u00e5 sj\u00e4lv skrivit detaljerad dagbok under m\u00e5nga \u00e5r, och de anteckningarna finns nu hos \u00c5sarps bibliotek.<\/p>\n\n\n\n<h2 class=\"wp-block-heading\">Kulturhistoriskt v\u00e4rde<\/h2>\n\n\n\n<p>Els-Marie ser ett stort kulturhistoriskt v\u00e4rde i kyrkog\u00e5rdarna. Hon vill uppmuntra andra att promenera p\u00e5 kyrkog\u00e5rdar och att ta sig tid att titta noga p\u00e5 stenarna.<\/p>\n\n\n\n<p>\u2013 Det \u00e4r s\u00e5 fridfullt att g\u00e5 omkring p\u00e5 en kyrkog\u00e5rd och titta p\u00e5 stenarna, inte minst under en fin sommarkv\u00e4ll. Om man g\u00e5r tillsammans med n\u00e5gon s\u00e5 finns det alltid n\u00e5got att prata om. Det \u00e4r intressant att titta p\u00e5 titlar som st\u00e5r p\u00e5 gamla stenar. Det kan st\u00e5 \u201dbr\u00e4dg\u00e5rdsf\u00f6rman\u201d, \u201dorgeltrampare\u201d eller n\u00e4stan vad som helst. Det syns att det var ett hedersuppdrag att vara kyrkv\u00e4rd, f\u00f6r det st\u00e5r p\u00e5 m\u00e5nga stenar.<\/p>\n\n\n\n<blockquote class=\"wp-block-quote is-layout-flow wp-block-quote-is-layout-flow\"><p>\u2013 Det kan st\u00e5 \u201dbr\u00e4dg\u00e5rdsf\u00f6rman\u201d, \u201dorgeltrampare\u201d eller n\u00e4stan vad som helst.\u00a0<\/p><\/blockquote>\n\n\n\n<p>Ibland kan sl\u00e4ktforskare hj\u00e4lpa till att l\u00f6sa mysterier, eller att hitta gravr\u00e4ttsinnehavare. Els-Marie ber\u00e4ttar stolt om en s\u00e5dan situation.<\/p>\n\n\n\n<p>\u2013 Det fanns en kvinna som hette Agnes h\u00e4r i \u00c5sarp och hon var hush\u00e5llerska \u00e5t en f\u00f6re detta soldat som hette Gustav Hjort. I hans grav ligger b\u00e5de hans fru Olivia och Agnes. F\u00f6r ett tag sedan s\u00f6kte kyrkan efter gravr\u00e4ttsinnehavaren, f\u00f6r om ingen ville forts\u00e4tta sk\u00f6ta graven s\u00e5 skulle stenen tas bort.&nbsp;<\/p>\n\n\n\n<p>Det tyckte Els-Marie vore tr\u00e5kigt eftersom det fanns en intressant ber\u00e4ttelse om stenen.<\/p>\n\n\n\n<p>\u2013 Jag t\u00e4nkte att vi kanske kunde hitta n\u00e5gon levande sl\u00e4kting som ville forts\u00e4tta ta hand om graven. Var ska man leta? Jag fr\u00e5gade m\u00e5nga \u00e5sarpsbor men ingen visste n\u00e5got. Till slut ringde jag till Bert Johansson, som har skrivit den d\u00e4r boken. Det visade sig att han av en slump hade tr\u00e4ffat en levande sl\u00e4kting till Agnes, eller \u201dHjorta-piga\u201d som han kallade henne. Sl\u00e4ktingen ville ta \u00f6ver gravr\u00e4tten och stenen f\u00e5r finnas kvar.&nbsp;<\/p>\n\n\n\n<p>\u2013 Det tycker jag \u00e4r en solskenshistoria! avslutar hon.<\/p>\n\n\n\n<p><\/p>\n\n\n\n<p>&#8230;&#8230;&#8230;&#8230;&#8230;&#8230;&#8230;&#8230;..<\/p>\n\n\n\n<p>Texten publicerades f\u00f6rsta g\u00e5ngen i Insikten nummer 2 2022.<\/p>\n","protected":false},"excerpt":{"rendered":"<p>2022 \u00e5rs upplaga av kyrkog\u00e5rdsvandringen i \u00c5sarp blir den femtonde som Els-Marie Carlsson leder. Den anordnas under sommarveckan i \u00c5sarp. Det brukar komma ett fyrtiotal personer och vissa kommer tillbaka \u00e5r efter \u00e5r. Snart har vandringarna t\u00e4ckt in hela den gamla delen av kyrkog\u00e5rden och varje \u00e5r omfattar vandringen ungef\u00e4r 20 gravar. \u2013 Mer orkar [&hellip;]<\/p>\n","protected":false},"author":250,"featured_media":169,"comment_status":"open","ping_status":"open","sticky":false,"template":"","format":"standard","meta":{"_acf_changed":false,"footnotes":""},"categories":[7,12],"tags":[],"class_list":["post-168","post","type-post","status-publish","format-standard","has-post-thumbnail","hentry","category-engagemang","category-kyrkogardar"],"acf":[],"yoast_head":"<!-- This site is optimized with the Yoast SEO plugin v27.1.1 - https:\/\/yoast.com\/product\/yoast-seo-wordpress\/ -->\n<title>Om stenarna kunde tala - Insikten - Floby pastorat<\/title>\n<meta name=\"robots\" content=\"index, follow, max-snippet:-1, max-image-preview:large, max-video-preview:-1\" \/>\n<link rel=\"canonical\" href=\"https:\/\/blogg.svenskakyrkan.se\/insikten\/2022\/06\/27\/om-stenarna-kunde-tala\/\" \/>\n<meta property=\"og:locale\" content=\"sv_SE\" \/>\n<meta property=\"og:type\" content=\"article\" \/>\n<meta property=\"og:title\" content=\"Om stenarna kunde tala - Insikten - Floby pastorat\" \/>\n<meta property=\"og:description\" content=\"2022 \u00e5rs upplaga av kyrkog\u00e5rdsvandringen i \u00c5sarp blir den femtonde som Els-Marie Carlsson leder. Den anordnas under sommarveckan i \u00c5sarp. Det brukar komma ett fyrtiotal personer och vissa kommer tillbaka \u00e5r efter \u00e5r. Snart har vandringarna t\u00e4ckt in hela den gamla delen av kyrkog\u00e5rden och varje \u00e5r omfattar vandringen ungef\u00e4r 20 gravar. \u2013 Mer orkar [&hellip;]\" \/>\n<meta property=\"og:url\" content=\"https:\/\/blogg.svenskakyrkan.se\/insikten\/2022\/06\/27\/om-stenarna-kunde-tala\/\" \/>\n<meta property=\"og:site_name\" content=\"Insikten - Floby pastorat\" \/>\n<meta property=\"article:published_time\" content=\"2022-06-27T08:24:03+00:00\" \/>\n<meta property=\"article:modified_time\" content=\"2022-06-27T08:24:04+00:00\" \/>\n<meta property=\"og:image\" content=\"https:\/\/blogg.svenskakyrkan.se\/insikten\/files\/2022\/06\/Skarmavbild-2022-06-27-kl.-10.11.21.png\" \/>\n\t<meta property=\"og:image:width\" content=\"1060\" \/>\n\t<meta property=\"og:image:height\" content=\"708\" \/>\n\t<meta property=\"og:image:type\" content=\"image\/png\" \/>\n<meta name=\"author\" content=\"Floby pastorat\" \/>\n<meta name=\"twitter:card\" content=\"summary_large_image\" \/>\n<meta name=\"twitter:label1\" content=\"Skriven av\" \/>\n\t<meta name=\"twitter:data1\" content=\"Floby pastorat\" \/>\n\t<meta name=\"twitter:label2\" content=\"Ber\u00e4knad l\u00e4stid\" \/>\n\t<meta name=\"twitter:data2\" content=\"3 minuter\" \/>\n<script type=\"application\/ld+json\" class=\"yoast-schema-graph\">{\"@context\":\"https:\/\/schema.org\",\"@graph\":[{\"@type\":\"Article\",\"@id\":\"https:\/\/blogg.svenskakyrkan.se\/insikten\/2022\/06\/27\/om-stenarna-kunde-tala\/#article\",\"isPartOf\":{\"@id\":\"https:\/\/blogg.svenskakyrkan.se\/insikten\/2022\/06\/27\/om-stenarna-kunde-tala\/\"},\"author\":{\"name\":\"Floby pastorat\",\"@id\":\"https:\/\/blogg.svenskakyrkan.se\/insikten\/#\/schema\/person\/5081f68a0318ddb64c879f7bc416ce8c\"},\"headline\":\"Om stenarna kunde tala\",\"datePublished\":\"2022-06-27T08:24:03+00:00\",\"dateModified\":\"2022-06-27T08:24:04+00:00\",\"mainEntityOfPage\":{\"@id\":\"https:\/\/blogg.svenskakyrkan.se\/insikten\/2022\/06\/27\/om-stenarna-kunde-tala\/\"},\"wordCount\":615,\"commentCount\":0,\"image\":{\"@id\":\"https:\/\/blogg.svenskakyrkan.se\/insikten\/2022\/06\/27\/om-stenarna-kunde-tala\/#primaryimage\"},\"thumbnailUrl\":\"https:\/\/blogg.svenskakyrkan.se\/insikten\/files\/2022\/06\/Skarmavbild-2022-06-27-kl.-10.11.21.png\",\"articleSection\":[\"Engagemang\",\"Kyrkog\u00e5rdar\"],\"inLanguage\":\"sv-SE\",\"potentialAction\":[{\"@type\":\"CommentAction\",\"name\":\"Comment\",\"target\":[\"https:\/\/blogg.svenskakyrkan.se\/insikten\/2022\/06\/27\/om-stenarna-kunde-tala\/#respond\"]}]},{\"@type\":\"WebPage\",\"@id\":\"https:\/\/blogg.svenskakyrkan.se\/insikten\/2022\/06\/27\/om-stenarna-kunde-tala\/\",\"url\":\"https:\/\/blogg.svenskakyrkan.se\/insikten\/2022\/06\/27\/om-stenarna-kunde-tala\/\",\"name\":\"Om stenarna kunde tala - Insikten - Floby pastorat\",\"isPartOf\":{\"@id\":\"https:\/\/blogg.svenskakyrkan.se\/insikten\/#website\"},\"primaryImageOfPage\":{\"@id\":\"https:\/\/blogg.svenskakyrkan.se\/insikten\/2022\/06\/27\/om-stenarna-kunde-tala\/#primaryimage\"},\"image\":{\"@id\":\"https:\/\/blogg.svenskakyrkan.se\/insikten\/2022\/06\/27\/om-stenarna-kunde-tala\/#primaryimage\"},\"thumbnailUrl\":\"https:\/\/blogg.svenskakyrkan.se\/insikten\/files\/2022\/06\/Skarmavbild-2022-06-27-kl.-10.11.21.png\",\"datePublished\":\"2022-06-27T08:24:03+00:00\",\"dateModified\":\"2022-06-27T08:24:04+00:00\",\"author\":{\"@id\":\"https:\/\/blogg.svenskakyrkan.se\/insikten\/#\/schema\/person\/5081f68a0318ddb64c879f7bc416ce8c\"},\"breadcrumb\":{\"@id\":\"https:\/\/blogg.svenskakyrkan.se\/insikten\/2022\/06\/27\/om-stenarna-kunde-tala\/#breadcrumb\"},\"inLanguage\":\"sv-SE\",\"potentialAction\":[{\"@type\":\"ReadAction\",\"target\":[\"https:\/\/blogg.svenskakyrkan.se\/insikten\/2022\/06\/27\/om-stenarna-kunde-tala\/\"]}]},{\"@type\":\"ImageObject\",\"inLanguage\":\"sv-SE\",\"@id\":\"https:\/\/blogg.svenskakyrkan.se\/insikten\/2022\/06\/27\/om-stenarna-kunde-tala\/#primaryimage\",\"url\":\"https:\/\/blogg.svenskakyrkan.se\/insikten\/files\/2022\/06\/Skarmavbild-2022-06-27-kl.-10.11.21.png\",\"contentUrl\":\"https:\/\/blogg.svenskakyrkan.se\/insikten\/files\/2022\/06\/Skarmavbild-2022-06-27-kl.-10.11.21.png\",\"width\":1060,\"height\":708},{\"@type\":\"BreadcrumbList\",\"@id\":\"https:\/\/blogg.svenskakyrkan.se\/insikten\/2022\/06\/27\/om-stenarna-kunde-tala\/#breadcrumb\",\"itemListElement\":[{\"@type\":\"ListItem\",\"position\":1,\"name\":\"Hem\",\"item\":\"https:\/\/blogg.svenskakyrkan.se\/insikten\/\"},{\"@type\":\"ListItem\",\"position\":2,\"name\":\"Om stenarna kunde tala\"}]},{\"@type\":\"WebSite\",\"@id\":\"https:\/\/blogg.svenskakyrkan.se\/insikten\/#website\",\"url\":\"https:\/\/blogg.svenskakyrkan.se\/insikten\/\",\"name\":\"Insikten - Floby pastorat\",\"description\":\"Insikter, utsikter och emellan\u00e5t \u00e4ven \u00e5sikter fr\u00e5n Floby pastorat i Skara stift.\",\"potentialAction\":[{\"@type\":\"SearchAction\",\"target\":{\"@type\":\"EntryPoint\",\"urlTemplate\":\"https:\/\/blogg.svenskakyrkan.se\/insikten\/?s={search_term_string}\"},\"query-input\":{\"@type\":\"PropertyValueSpecification\",\"valueRequired\":true,\"valueName\":\"search_term_string\"}}],\"inLanguage\":\"sv-SE\"},{\"@type\":\"Person\",\"@id\":\"https:\/\/blogg.svenskakyrkan.se\/insikten\/#\/schema\/person\/5081f68a0318ddb64c879f7bc416ce8c\",\"name\":\"Floby pastorat\",\"image\":{\"@type\":\"ImageObject\",\"inLanguage\":\"sv-SE\",\"@id\":\"https:\/\/blogg.svenskakyrkan.se\/insikten\/#\/schema\/person\/image\/\",\"url\":\"https:\/\/secure.gravatar.com\/avatar\/c63a9fd4196da95cea4408b67893dbdb9ec52ef568ee59a4578ad766986bebcd?s=96&d=mm&r=g\",\"contentUrl\":\"https:\/\/secure.gravatar.com\/avatar\/c63a9fd4196da95cea4408b67893dbdb9ec52ef568ee59a4578ad766986bebcd?s=96&d=mm&r=g\",\"caption\":\"Floby pastorat\"},\"url\":\"https:\/\/blogg.svenskakyrkan.se\/insikten\/author\/helenataubner\/\"}]}<\/script>\n<!-- \/ Yoast SEO plugin. -->","yoast_head_json":{"title":"Om stenarna kunde tala - Insikten - Floby pastorat","robots":{"index":"index","follow":"follow","max-snippet":"max-snippet:-1","max-image-preview":"max-image-preview:large","max-video-preview":"max-video-preview:-1"},"canonical":"https:\/\/blogg.svenskakyrkan.se\/insikten\/2022\/06\/27\/om-stenarna-kunde-tala\/","og_locale":"sv_SE","og_type":"article","og_title":"Om stenarna kunde tala - Insikten - Floby pastorat","og_description":"2022 \u00e5rs upplaga av kyrkog\u00e5rdsvandringen i \u00c5sarp blir den femtonde som Els-Marie Carlsson leder. Den anordnas under sommarveckan i \u00c5sarp. Det brukar komma ett fyrtiotal personer och vissa kommer tillbaka \u00e5r efter \u00e5r. Snart har vandringarna t\u00e4ckt in hela den gamla delen av kyrkog\u00e5rden och varje \u00e5r omfattar vandringen ungef\u00e4r 20 gravar. \u2013 Mer orkar [&hellip;]","og_url":"https:\/\/blogg.svenskakyrkan.se\/insikten\/2022\/06\/27\/om-stenarna-kunde-tala\/","og_site_name":"Insikten - Floby pastorat","article_published_time":"2022-06-27T08:24:03+00:00","article_modified_time":"2022-06-27T08:24:04+00:00","og_image":[{"width":1060,"height":708,"url":"https:\/\/blogg.svenskakyrkan.se\/insikten\/files\/2022\/06\/Skarmavbild-2022-06-27-kl.-10.11.21.png","type":"image\/png"}],"author":"Floby pastorat","twitter_card":"summary_large_image","twitter_misc":{"Skriven av":"Floby pastorat","Ber\u00e4knad l\u00e4stid":"3 minuter"},"schema":{"@context":"https:\/\/schema.org","@graph":[{"@type":"Article","@id":"https:\/\/blogg.svenskakyrkan.se\/insikten\/2022\/06\/27\/om-stenarna-kunde-tala\/#article","isPartOf":{"@id":"https:\/\/blogg.svenskakyrkan.se\/insikten\/2022\/06\/27\/om-stenarna-kunde-tala\/"},"author":{"name":"Floby pastorat","@id":"https:\/\/blogg.svenskakyrkan.se\/insikten\/#\/schema\/person\/5081f68a0318ddb64c879f7bc416ce8c"},"headline":"Om stenarna kunde tala","datePublished":"2022-06-27T08:24:03+00:00","dateModified":"2022-06-27T08:24:04+00:00","mainEntityOfPage":{"@id":"https:\/\/blogg.svenskakyrkan.se\/insikten\/2022\/06\/27\/om-stenarna-kunde-tala\/"},"wordCount":615,"commentCount":0,"image":{"@id":"https:\/\/blogg.svenskakyrkan.se\/insikten\/2022\/06\/27\/om-stenarna-kunde-tala\/#primaryimage"},"thumbnailUrl":"https:\/\/blogg.svenskakyrkan.se\/insikten\/files\/2022\/06\/Skarmavbild-2022-06-27-kl.-10.11.21.png","articleSection":["Engagemang","Kyrkog\u00e5rdar"],"inLanguage":"sv-SE","potentialAction":[{"@type":"CommentAction","name":"Comment","target":["https:\/\/blogg.svenskakyrkan.se\/insikten\/2022\/06\/27\/om-stenarna-kunde-tala\/#respond"]}]},{"@type":"WebPage","@id":"https:\/\/blogg.svenskakyrkan.se\/insikten\/2022\/06\/27\/om-stenarna-kunde-tala\/","url":"https:\/\/blogg.svenskakyrkan.se\/insikten\/2022\/06\/27\/om-stenarna-kunde-tala\/","name":"Om stenarna kunde tala - Insikten - Floby pastorat","isPartOf":{"@id":"https:\/\/blogg.svenskakyrkan.se\/insikten\/#website"},"primaryImageOfPage":{"@id":"https:\/\/blogg.svenskakyrkan.se\/insikten\/2022\/06\/27\/om-stenarna-kunde-tala\/#primaryimage"},"image":{"@id":"https:\/\/blogg.svenskakyrkan.se\/insikten\/2022\/06\/27\/om-stenarna-kunde-tala\/#primaryimage"},"thumbnailUrl":"https:\/\/blogg.svenskakyrkan.se\/insikten\/files\/2022\/06\/Skarmavbild-2022-06-27-kl.-10.11.21.png","datePublished":"2022-06-27T08:24:03+00:00","dateModified":"2022-06-27T08:24:04+00:00","author":{"@id":"https:\/\/blogg.svenskakyrkan.se\/insikten\/#\/schema\/person\/5081f68a0318ddb64c879f7bc416ce8c"},"breadcrumb":{"@id":"https:\/\/blogg.svenskakyrkan.se\/insikten\/2022\/06\/27\/om-stenarna-kunde-tala\/#breadcrumb"},"inLanguage":"sv-SE","potentialAction":[{"@type":"ReadAction","target":["https:\/\/blogg.svenskakyrkan.se\/insikten\/2022\/06\/27\/om-stenarna-kunde-tala\/"]}]},{"@type":"ImageObject","inLanguage":"sv-SE","@id":"https:\/\/blogg.svenskakyrkan.se\/insikten\/2022\/06\/27\/om-stenarna-kunde-tala\/#primaryimage","url":"https:\/\/blogg.svenskakyrkan.se\/insikten\/files\/2022\/06\/Skarmavbild-2022-06-27-kl.-10.11.21.png","contentUrl":"https:\/\/blogg.svenskakyrkan.se\/insikten\/files\/2022\/06\/Skarmavbild-2022-06-27-kl.-10.11.21.png","width":1060,"height":708},{"@type":"BreadcrumbList","@id":"https:\/\/blogg.svenskakyrkan.se\/insikten\/2022\/06\/27\/om-stenarna-kunde-tala\/#breadcrumb","itemListElement":[{"@type":"ListItem","position":1,"name":"Hem","item":"https:\/\/blogg.svenskakyrkan.se\/insikten\/"},{"@type":"ListItem","position":2,"name":"Om stenarna kunde tala"}]},{"@type":"WebSite","@id":"https:\/\/blogg.svenskakyrkan.se\/insikten\/#website","url":"https:\/\/blogg.svenskakyrkan.se\/insikten\/","name":"Insikten - Floby pastorat","description":"Insikter, utsikter och emellan\u00e5t \u00e4ven \u00e5sikter fr\u00e5n Floby pastorat i Skara stift.","potentialAction":[{"@type":"SearchAction","target":{"@type":"EntryPoint","urlTemplate":"https:\/\/blogg.svenskakyrkan.se\/insikten\/?s={search_term_string}"},"query-input":{"@type":"PropertyValueSpecification","valueRequired":true,"valueName":"search_term_string"}}],"inLanguage":"sv-SE"},{"@type":"Person","@id":"https:\/\/blogg.svenskakyrkan.se\/insikten\/#\/schema\/person\/5081f68a0318ddb64c879f7bc416ce8c","name":"Floby pastorat","image":{"@type":"ImageObject","inLanguage":"sv-SE","@id":"https:\/\/blogg.svenskakyrkan.se\/insikten\/#\/schema\/person\/image\/","url":"https:\/\/secure.gravatar.com\/avatar\/c63a9fd4196da95cea4408b67893dbdb9ec52ef568ee59a4578ad766986bebcd?s=96&d=mm&r=g","contentUrl":"https:\/\/secure.gravatar.com\/avatar\/c63a9fd4196da95cea4408b67893dbdb9ec52ef568ee59a4578ad766986bebcd?s=96&d=mm&r=g","caption":"Floby pastorat"},"url":"https:\/\/blogg.svenskakyrkan.se\/insikten\/author\/helenataubner\/"}]}},"author_meta":{"ID":"250","user_nicename":"helenataubner","user_registered":"2013-01-15 08:36:14","display_name":"Floby pastorat","avatar":"https:\/\/secure.gravatar.com\/avatar\/c63a9fd4196da95cea4408b67893dbdb9ec52ef568ee59a4578ad766986bebcd?s=96&d=mm&r=g"},"featured_image":["https:\/\/blogg.svenskakyrkan.se\/insikten\/files\/2022\/06\/Skarmavbild-2022-06-27-kl.-10.11.21-1024x684.png",1024,684,true],"bloginfo":{"name":"Insikten - Floby pastorat","url":"https:\/\/blogg.svenskakyrkan.se\/insikten"},"_links":{"self":[{"href":"https:\/\/blogg.svenskakyrkan.se\/insikten\/wp-json\/wp\/v2\/posts\/168","targetHints":{"allow":["GET"]}}],"collection":[{"href":"https:\/\/blogg.svenskakyrkan.se\/insikten\/wp-json\/wp\/v2\/posts"}],"about":[{"href":"https:\/\/blogg.svenskakyrkan.se\/insikten\/wp-json\/wp\/v2\/types\/post"}],"author":[{"embeddable":true,"href":"https:\/\/blogg.svenskakyrkan.se\/insikten\/wp-json\/wp\/v2\/users\/250"}],"replies":[{"embeddable":true,"href":"https:\/\/blogg.svenskakyrkan.se\/insikten\/wp-json\/wp\/v2\/comments?post=168"}],"version-history":[{"count":1,"href":"https:\/\/blogg.svenskakyrkan.se\/insikten\/wp-json\/wp\/v2\/posts\/168\/revisions"}],"predecessor-version":[{"id":170,"href":"https:\/\/blogg.svenskakyrkan.se\/insikten\/wp-json\/wp\/v2\/posts\/168\/revisions\/170"}],"wp:featuredmedia":[{"embeddable":true,"href":"https:\/\/blogg.svenskakyrkan.se\/insikten\/wp-json\/wp\/v2\/media\/169"}],"wp:attachment":[{"href":"https:\/\/blogg.svenskakyrkan.se\/insikten\/wp-json\/wp\/v2\/media?parent=168"}],"wp:term":[{"taxonomy":"category","embeddable":true,"href":"https:\/\/blogg.svenskakyrkan.se\/insikten\/wp-json\/wp\/v2\/categories?post=168"},{"taxonomy":"post_tag","embeddable":true,"href":"https:\/\/blogg.svenskakyrkan.se\/insikten\/wp-json\/wp\/v2\/tags?post=168"}],"curies":[{"name":"wp","href":"https:\/\/api.w.org\/{rel}","templated":true}]}}