{"id":17,"date":"2020-11-26T12:37:22","date_gmt":"2020-11-26T11:37:22","guid":{"rendered":"http:\/\/blogg.svenskakyrkan.se\/insikten\/?p=17"},"modified":"2022-12-11T13:47:11","modified_gmt":"2022-12-11T12:47:11","slug":"corona-flobyhjalpen","status":"publish","type":"post","link":"https:\/\/blogg.svenskakyrkan.se\/insikten\/2020\/11\/26\/corona-flobyhjalpen\/","title":{"rendered":"Corona Flobyhj\u00e4lpen"},"content":{"rendered":"\n\n\n<figure class=\"wp-block-image size-large\"><img loading=\"lazy\" decoding=\"async\" width=\"1024\" height=\"679\" src=\"https:\/\/blogg.svenskakyrkan.se\/insikten\/files\/2020\/11\/Saeel-1024x679.jpg\" alt=\"\" class=\"wp-image-18\" srcset=\"https:\/\/blogg.svenskakyrkan.se\/insikten\/files\/2020\/11\/Saeel-1024x679.jpg 1024w, https:\/\/blogg.svenskakyrkan.se\/insikten\/files\/2020\/11\/Saeel-300x199.jpg 300w, https:\/\/blogg.svenskakyrkan.se\/insikten\/files\/2020\/11\/Saeel-768x510.jpg 768w, https:\/\/blogg.svenskakyrkan.se\/insikten\/files\/2020\/11\/Saeel-1536x1019.jpg 1536w, https:\/\/blogg.svenskakyrkan.se\/insikten\/files\/2020\/11\/Saeel-1200x796.jpg 1200w, https:\/\/blogg.svenskakyrkan.se\/insikten\/files\/2020\/11\/Saeel.jpg 1884w\" sizes=\"auto, (max-width: 1024px) 100vw, 1024px\" \/><figcaption>Saeel Alaini \u00e4r initiativtagare till Corona Flobyhj\u00e4lpen.<\/figcaption><\/figure>\n\n\n\n<p>Saeel Alaini kom till Floby fr\u00e5n Yemen i januari 2019. I b\u00f6rjan av coronakrisen, i mitten av mars, skrev han ett inl\u00e4gg i Facebook-gruppen \u201dHeja Floby samh\u00e4lle\u201d om att alla i samh\u00e4llet har ett ansvar att skydda de \u00e4ldre och sjuka, till exempel genom att hj\u00e4lpa till med handling och att h\u00e4mta mediciner.<\/p>\n\n\n\n<p>\u2013 Sverige och Floby v\u00e4lkomnade mig och min familj. Samma generositet borde vi visa alla dem som nu beh\u00f6ver hj\u00e4lp under denna kris, skrev Saeel.<\/p>\n\n\n\n<p>Kyrkoherde Stefan Klint inspirerades av Saeels initiativ och st\u00e4llde pastoratets administrativa och diakonala resurser till Corona Flobyhj\u00e4lpens f\u00f6rfogande.<\/p>\n\n\n\n<p>\u2013 D\u00e4r jag kommer ifr\u00e5n hj\u00e4lper inte regeringen till n\u00e4r det \u00e4r kris, f\u00f6rklarar Saeel. Det \u00e4r upp till medborgarna att ta hand om varandra. <\/p>\n\n\n\n<p>Stefan fyller i:<\/p>\n\n\n\n<p>\u2013 \u00c4ven om vi i Sverige litar p\u00e5 v\u00e5ra myndigheter tar det inte ifr\u00e5n oss v\u00e5rt ansvar att sj\u00e4lva bidra till samh\u00e4llet och g\u00f6ra det vi kan f\u00f6r v\u00e5ra medm\u00e4nniskor. Det var sj\u00e4lvklart f\u00f6r mig att kyrkans skulle backa upp Saeels initiativ. V\u00e5r uppgift \u00e4r inte bara att st\u00f6dja dem som har det sv\u00e5rt, utan ocks\u00e5 att skapa m\u00f6jligheter f\u00f6r den som vill hj\u00e4lpa att f\u00e5 g\u00f6ra det.<\/p>\n\n\n\n<p>Corona Flobyhj\u00e4lpen bygger helt och h\u00e5llet p\u00e5 volont\u00e4rer. Den som beh\u00f6ver hj\u00e4lp kontaktar pastoratet, l\u00e4mnar en handlingslista och meddelar p\u00e5 vilket s\u00e4tt betalning ska ske. Pastoratet betalar ink\u00f6pen via sitt fakturakonto och f\u00e5r betalt av de som f\u00e5r hj\u00e4lp i efterhand. Inom 24 timmar har en av volont\u00e4rerna tagit emot orden, utf\u00f6rt uppdraget och levererat varorna vid d\u00f6rren.<\/p>\n\n\n\n<p>De f\u00f6rsta veckorna handlade det om ca 3-4 uppdrag per dag, men Saeel och Stefan ber\u00e4ttar att de f\u00f6rbereder sig f\u00f6r att behovet av hj\u00e4lp kan \u00f6ka betydligt om smittspridningen \u00f6kar \u00e4nnu mer, eller om restriktionerna blir kvar under en l\u00e5ng tid. D\u00e5 st\u00e5r Corona Flobyhj\u00e4lpen och dess volont\u00e4rer rustade.<\/p>\n\n\n\n<p>\u2013 F\u00f6rhoppningsvis kan de kontakter vi nu knyter och de arbetss\u00e4tt vi bygger upp leva vidare \u00e4ven efter krisen, s\u00e4ger Stefan. Det \u00e4r otroligt viktigt att vi hj\u00e4lper varandra i v\u00e5ra lokalsamh\u00e4llen att visa omsorg om de som beh\u00f6ver det. Att visa medm\u00e4nsklighet, helt enkelt.<\/p>\n\n\n\n<h2 class=\"wp-block-heading\">Vill du veta mer?<\/h2>\n\n\n\n<p>H\u00e4r finns Corona Flobyhj\u00e4lpens webbsida: <a rel=\"noreferrer noopener\" href=\"https:\/\/www.flobyhjalpen.com\" target=\"_blank\">www.flobyhjalpen.com<\/a><\/p>\n\n\n\n<p>Corona Flobyhj\u00e4lpen finns ocks\u00e5 p\u00e5 Facebook: <a rel=\"noreferrer noopener\" href=\"https:\/\/www.facebook.com\/groups\/flobyhelp\" target=\"_blank\">www.facebook.com\/groups\/flobyhelp<\/a><\/p>\n\n\n\n<p>Floby pastorats webbsida om Corona Flobyhj\u00e4lpen, inklusive instruktioner om hur du g\u00f6r om du vill ha hj\u00e4lp, hinns h\u00e4r:<a rel=\"noreferrer noopener\" href=\"https:\/\/www.svenskakyrkan.se\/floby\/corona-flobyhjalpen\" target=\"_blank\">www.svenskakyrkan.se\/floby\/corona-flobyhjalpen<\/a><\/p>\n\n\n\n<p> <\/p>\n\n\n\n<p>(Texten publicerades i Insikten nr 2, 2020)<\/p>\n","protected":false},"excerpt":{"rendered":"<p>Saeel Alaini kom till Floby fr\u00e5n Yemen i januari 2019. I b\u00f6rjan av coronakrisen, i mitten av mars, skrev han ett inl\u00e4gg i Facebook-gruppen \u201dHeja Floby samh\u00e4lle\u201d om att alla i samh\u00e4llet har ett ansvar att skydda de \u00e4ldre och sjuka, till exempel genom att hj\u00e4lpa till med handling och att h\u00e4mta mediciner. \u2013 Sverige [&hellip;]<\/p>\n","protected":false},"author":250,"featured_media":18,"comment_status":"open","ping_status":"open","sticky":false,"template":"","format":"standard","meta":{"_acf_changed":false,"footnotes":""},"categories":[3],"tags":[],"class_list":["post-17","post","type-post","status-publish","format-standard","has-post-thumbnail","hentry","category-diakoni"],"acf":[],"yoast_head":"<!-- This site is optimized with the Yoast SEO plugin v27.1.1 - https:\/\/yoast.com\/product\/yoast-seo-wordpress\/ -->\n<title>Corona Flobyhj\u00e4lpen - Insikten - Floby pastorat<\/title>\n<meta name=\"robots\" content=\"index, follow, max-snippet:-1, max-image-preview:large, max-video-preview:-1\" \/>\n<link rel=\"canonical\" href=\"https:\/\/blogg.svenskakyrkan.se\/insikten\/2020\/11\/26\/corona-flobyhjalpen\/\" \/>\n<meta property=\"og:locale\" content=\"sv_SE\" \/>\n<meta property=\"og:type\" content=\"article\" \/>\n<meta property=\"og:title\" content=\"Corona Flobyhj\u00e4lpen - Insikten - Floby pastorat\" \/>\n<meta property=\"og:description\" content=\"Saeel Alaini kom till Floby fr\u00e5n Yemen i januari 2019. I b\u00f6rjan av coronakrisen, i mitten av mars, skrev han ett inl\u00e4gg i Facebook-gruppen \u201dHeja Floby samh\u00e4lle\u201d om att alla i samh\u00e4llet har ett ansvar att skydda de \u00e4ldre och sjuka, till exempel genom att hj\u00e4lpa till med handling och att h\u00e4mta mediciner. \u2013 Sverige [&hellip;]\" \/>\n<meta property=\"og:url\" content=\"https:\/\/blogg.svenskakyrkan.se\/insikten\/2020\/11\/26\/corona-flobyhjalpen\/\" \/>\n<meta property=\"og:site_name\" content=\"Insikten - Floby pastorat\" \/>\n<meta property=\"article:published_time\" content=\"2020-11-26T11:37:22+00:00\" \/>\n<meta property=\"article:modified_time\" content=\"2022-12-11T12:47:11+00:00\" \/>\n<meta property=\"og:image\" content=\"https:\/\/blogg.svenskakyrkan.se\/insikten\/files\/2020\/11\/Saeel.jpg\" \/>\n\t<meta property=\"og:image:width\" content=\"1884\" \/>\n\t<meta property=\"og:image:height\" content=\"1250\" \/>\n\t<meta property=\"og:image:type\" content=\"image\/jpeg\" \/>\n<meta name=\"author\" content=\"Floby pastorat\" \/>\n<meta name=\"twitter:card\" content=\"summary_large_image\" \/>\n<meta name=\"twitter:label1\" content=\"Skriven av\" \/>\n\t<meta name=\"twitter:data1\" content=\"Floby pastorat\" \/>\n\t<meta name=\"twitter:label2\" content=\"Ber\u00e4knad l\u00e4stid\" \/>\n\t<meta name=\"twitter:data2\" content=\"2 minuter\" \/>\n<script type=\"application\/ld+json\" class=\"yoast-schema-graph\">{\"@context\":\"https:\/\/schema.org\",\"@graph\":[{\"@type\":\"Article\",\"@id\":\"https:\/\/blogg.svenskakyrkan.se\/insikten\/2020\/11\/26\/corona-flobyhjalpen\/#article\",\"isPartOf\":{\"@id\":\"https:\/\/blogg.svenskakyrkan.se\/insikten\/2020\/11\/26\/corona-flobyhjalpen\/\"},\"author\":{\"name\":\"Floby pastorat\",\"@id\":\"https:\/\/blogg.svenskakyrkan.se\/insikten\/#\/schema\/person\/5081f68a0318ddb64c879f7bc416ce8c\"},\"headline\":\"Corona Flobyhj\u00e4lpen\",\"datePublished\":\"2020-11-26T11:37:22+00:00\",\"dateModified\":\"2022-12-11T12:47:11+00:00\",\"mainEntityOfPage\":{\"@id\":\"https:\/\/blogg.svenskakyrkan.se\/insikten\/2020\/11\/26\/corona-flobyhjalpen\/\"},\"wordCount\":476,\"commentCount\":0,\"image\":{\"@id\":\"https:\/\/blogg.svenskakyrkan.se\/insikten\/2020\/11\/26\/corona-flobyhjalpen\/#primaryimage\"},\"thumbnailUrl\":\"https:\/\/blogg.svenskakyrkan.se\/insikten\/files\/2020\/11\/Saeel.jpg\",\"articleSection\":[\"Diakoni\"],\"inLanguage\":\"sv-SE\",\"potentialAction\":[{\"@type\":\"CommentAction\",\"name\":\"Comment\",\"target\":[\"https:\/\/blogg.svenskakyrkan.se\/insikten\/2020\/11\/26\/corona-flobyhjalpen\/#respond\"]}]},{\"@type\":\"WebPage\",\"@id\":\"https:\/\/blogg.svenskakyrkan.se\/insikten\/2020\/11\/26\/corona-flobyhjalpen\/\",\"url\":\"https:\/\/blogg.svenskakyrkan.se\/insikten\/2020\/11\/26\/corona-flobyhjalpen\/\",\"name\":\"Corona Flobyhj\u00e4lpen - Insikten - Floby pastorat\",\"isPartOf\":{\"@id\":\"https:\/\/blogg.svenskakyrkan.se\/insikten\/#website\"},\"primaryImageOfPage\":{\"@id\":\"https:\/\/blogg.svenskakyrkan.se\/insikten\/2020\/11\/26\/corona-flobyhjalpen\/#primaryimage\"},\"image\":{\"@id\":\"https:\/\/blogg.svenskakyrkan.se\/insikten\/2020\/11\/26\/corona-flobyhjalpen\/#primaryimage\"},\"thumbnailUrl\":\"https:\/\/blogg.svenskakyrkan.se\/insikten\/files\/2020\/11\/Saeel.jpg\",\"datePublished\":\"2020-11-26T11:37:22+00:00\",\"dateModified\":\"2022-12-11T12:47:11+00:00\",\"author\":{\"@id\":\"https:\/\/blogg.svenskakyrkan.se\/insikten\/#\/schema\/person\/5081f68a0318ddb64c879f7bc416ce8c\"},\"breadcrumb\":{\"@id\":\"https:\/\/blogg.svenskakyrkan.se\/insikten\/2020\/11\/26\/corona-flobyhjalpen\/#breadcrumb\"},\"inLanguage\":\"sv-SE\",\"potentialAction\":[{\"@type\":\"ReadAction\",\"target\":[\"https:\/\/blogg.svenskakyrkan.se\/insikten\/2020\/11\/26\/corona-flobyhjalpen\/\"]}]},{\"@type\":\"ImageObject\",\"inLanguage\":\"sv-SE\",\"@id\":\"https:\/\/blogg.svenskakyrkan.se\/insikten\/2020\/11\/26\/corona-flobyhjalpen\/#primaryimage\",\"url\":\"https:\/\/blogg.svenskakyrkan.se\/insikten\/files\/2020\/11\/Saeel.jpg\",\"contentUrl\":\"https:\/\/blogg.svenskakyrkan.se\/insikten\/files\/2020\/11\/Saeel.jpg\",\"width\":1884,\"height\":1250},{\"@type\":\"BreadcrumbList\",\"@id\":\"https:\/\/blogg.svenskakyrkan.se\/insikten\/2020\/11\/26\/corona-flobyhjalpen\/#breadcrumb\",\"itemListElement\":[{\"@type\":\"ListItem\",\"position\":1,\"name\":\"Hem\",\"item\":\"https:\/\/blogg.svenskakyrkan.se\/insikten\/\"},{\"@type\":\"ListItem\",\"position\":2,\"name\":\"Corona Flobyhj\u00e4lpen\"}]},{\"@type\":\"WebSite\",\"@id\":\"https:\/\/blogg.svenskakyrkan.se\/insikten\/#website\",\"url\":\"https:\/\/blogg.svenskakyrkan.se\/insikten\/\",\"name\":\"Insikten - Floby pastorat\",\"description\":\"Insikter, utsikter och emellan\u00e5t \u00e4ven \u00e5sikter fr\u00e5n Floby pastorat i Skara stift.\",\"potentialAction\":[{\"@type\":\"SearchAction\",\"target\":{\"@type\":\"EntryPoint\",\"urlTemplate\":\"https:\/\/blogg.svenskakyrkan.se\/insikten\/?s={search_term_string}\"},\"query-input\":{\"@type\":\"PropertyValueSpecification\",\"valueRequired\":true,\"valueName\":\"search_term_string\"}}],\"inLanguage\":\"sv-SE\"},{\"@type\":\"Person\",\"@id\":\"https:\/\/blogg.svenskakyrkan.se\/insikten\/#\/schema\/person\/5081f68a0318ddb64c879f7bc416ce8c\",\"name\":\"Floby pastorat\",\"image\":{\"@type\":\"ImageObject\",\"inLanguage\":\"sv-SE\",\"@id\":\"https:\/\/blogg.svenskakyrkan.se\/insikten\/#\/schema\/person\/image\/\",\"url\":\"https:\/\/secure.gravatar.com\/avatar\/c63a9fd4196da95cea4408b67893dbdb9ec52ef568ee59a4578ad766986bebcd?s=96&d=mm&r=g\",\"contentUrl\":\"https:\/\/secure.gravatar.com\/avatar\/c63a9fd4196da95cea4408b67893dbdb9ec52ef568ee59a4578ad766986bebcd?s=96&d=mm&r=g\",\"caption\":\"Floby pastorat\"},\"url\":\"https:\/\/blogg.svenskakyrkan.se\/insikten\/author\/helenataubner\/\"}]}<\/script>\n<!-- \/ Yoast SEO plugin. -->","yoast_head_json":{"title":"Corona Flobyhj\u00e4lpen - Insikten - Floby pastorat","robots":{"index":"index","follow":"follow","max-snippet":"max-snippet:-1","max-image-preview":"max-image-preview:large","max-video-preview":"max-video-preview:-1"},"canonical":"https:\/\/blogg.svenskakyrkan.se\/insikten\/2020\/11\/26\/corona-flobyhjalpen\/","og_locale":"sv_SE","og_type":"article","og_title":"Corona Flobyhj\u00e4lpen - Insikten - Floby pastorat","og_description":"Saeel Alaini kom till Floby fr\u00e5n Yemen i januari 2019. I b\u00f6rjan av coronakrisen, i mitten av mars, skrev han ett inl\u00e4gg i Facebook-gruppen \u201dHeja Floby samh\u00e4lle\u201d om att alla i samh\u00e4llet har ett ansvar att skydda de \u00e4ldre och sjuka, till exempel genom att hj\u00e4lpa till med handling och att h\u00e4mta mediciner. \u2013 Sverige [&hellip;]","og_url":"https:\/\/blogg.svenskakyrkan.se\/insikten\/2020\/11\/26\/corona-flobyhjalpen\/","og_site_name":"Insikten - Floby pastorat","article_published_time":"2020-11-26T11:37:22+00:00","article_modified_time":"2022-12-11T12:47:11+00:00","og_image":[{"width":1884,"height":1250,"url":"https:\/\/blogg.svenskakyrkan.se\/insikten\/files\/2020\/11\/Saeel.jpg","type":"image\/jpeg"}],"author":"Floby pastorat","twitter_card":"summary_large_image","twitter_misc":{"Skriven av":"Floby pastorat","Ber\u00e4knad l\u00e4stid":"2 minuter"},"schema":{"@context":"https:\/\/schema.org","@graph":[{"@type":"Article","@id":"https:\/\/blogg.svenskakyrkan.se\/insikten\/2020\/11\/26\/corona-flobyhjalpen\/#article","isPartOf":{"@id":"https:\/\/blogg.svenskakyrkan.se\/insikten\/2020\/11\/26\/corona-flobyhjalpen\/"},"author":{"name":"Floby pastorat","@id":"https:\/\/blogg.svenskakyrkan.se\/insikten\/#\/schema\/person\/5081f68a0318ddb64c879f7bc416ce8c"},"headline":"Corona Flobyhj\u00e4lpen","datePublished":"2020-11-26T11:37:22+00:00","dateModified":"2022-12-11T12:47:11+00:00","mainEntityOfPage":{"@id":"https:\/\/blogg.svenskakyrkan.se\/insikten\/2020\/11\/26\/corona-flobyhjalpen\/"},"wordCount":476,"commentCount":0,"image":{"@id":"https:\/\/blogg.svenskakyrkan.se\/insikten\/2020\/11\/26\/corona-flobyhjalpen\/#primaryimage"},"thumbnailUrl":"https:\/\/blogg.svenskakyrkan.se\/insikten\/files\/2020\/11\/Saeel.jpg","articleSection":["Diakoni"],"inLanguage":"sv-SE","potentialAction":[{"@type":"CommentAction","name":"Comment","target":["https:\/\/blogg.svenskakyrkan.se\/insikten\/2020\/11\/26\/corona-flobyhjalpen\/#respond"]}]},{"@type":"WebPage","@id":"https:\/\/blogg.svenskakyrkan.se\/insikten\/2020\/11\/26\/corona-flobyhjalpen\/","url":"https:\/\/blogg.svenskakyrkan.se\/insikten\/2020\/11\/26\/corona-flobyhjalpen\/","name":"Corona Flobyhj\u00e4lpen - Insikten - Floby pastorat","isPartOf":{"@id":"https:\/\/blogg.svenskakyrkan.se\/insikten\/#website"},"primaryImageOfPage":{"@id":"https:\/\/blogg.svenskakyrkan.se\/insikten\/2020\/11\/26\/corona-flobyhjalpen\/#primaryimage"},"image":{"@id":"https:\/\/blogg.svenskakyrkan.se\/insikten\/2020\/11\/26\/corona-flobyhjalpen\/#primaryimage"},"thumbnailUrl":"https:\/\/blogg.svenskakyrkan.se\/insikten\/files\/2020\/11\/Saeel.jpg","datePublished":"2020-11-26T11:37:22+00:00","dateModified":"2022-12-11T12:47:11+00:00","author":{"@id":"https:\/\/blogg.svenskakyrkan.se\/insikten\/#\/schema\/person\/5081f68a0318ddb64c879f7bc416ce8c"},"breadcrumb":{"@id":"https:\/\/blogg.svenskakyrkan.se\/insikten\/2020\/11\/26\/corona-flobyhjalpen\/#breadcrumb"},"inLanguage":"sv-SE","potentialAction":[{"@type":"ReadAction","target":["https:\/\/blogg.svenskakyrkan.se\/insikten\/2020\/11\/26\/corona-flobyhjalpen\/"]}]},{"@type":"ImageObject","inLanguage":"sv-SE","@id":"https:\/\/blogg.svenskakyrkan.se\/insikten\/2020\/11\/26\/corona-flobyhjalpen\/#primaryimage","url":"https:\/\/blogg.svenskakyrkan.se\/insikten\/files\/2020\/11\/Saeel.jpg","contentUrl":"https:\/\/blogg.svenskakyrkan.se\/insikten\/files\/2020\/11\/Saeel.jpg","width":1884,"height":1250},{"@type":"BreadcrumbList","@id":"https:\/\/blogg.svenskakyrkan.se\/insikten\/2020\/11\/26\/corona-flobyhjalpen\/#breadcrumb","itemListElement":[{"@type":"ListItem","position":1,"name":"Hem","item":"https:\/\/blogg.svenskakyrkan.se\/insikten\/"},{"@type":"ListItem","position":2,"name":"Corona Flobyhj\u00e4lpen"}]},{"@type":"WebSite","@id":"https:\/\/blogg.svenskakyrkan.se\/insikten\/#website","url":"https:\/\/blogg.svenskakyrkan.se\/insikten\/","name":"Insikten - Floby pastorat","description":"Insikter, utsikter och emellan\u00e5t \u00e4ven \u00e5sikter fr\u00e5n Floby pastorat i Skara stift.","potentialAction":[{"@type":"SearchAction","target":{"@type":"EntryPoint","urlTemplate":"https:\/\/blogg.svenskakyrkan.se\/insikten\/?s={search_term_string}"},"query-input":{"@type":"PropertyValueSpecification","valueRequired":true,"valueName":"search_term_string"}}],"inLanguage":"sv-SE"},{"@type":"Person","@id":"https:\/\/blogg.svenskakyrkan.se\/insikten\/#\/schema\/person\/5081f68a0318ddb64c879f7bc416ce8c","name":"Floby pastorat","image":{"@type":"ImageObject","inLanguage":"sv-SE","@id":"https:\/\/blogg.svenskakyrkan.se\/insikten\/#\/schema\/person\/image\/","url":"https:\/\/secure.gravatar.com\/avatar\/c63a9fd4196da95cea4408b67893dbdb9ec52ef568ee59a4578ad766986bebcd?s=96&d=mm&r=g","contentUrl":"https:\/\/secure.gravatar.com\/avatar\/c63a9fd4196da95cea4408b67893dbdb9ec52ef568ee59a4578ad766986bebcd?s=96&d=mm&r=g","caption":"Floby pastorat"},"url":"https:\/\/blogg.svenskakyrkan.se\/insikten\/author\/helenataubner\/"}]}},"author_meta":{"ID":"250","user_nicename":"helenataubner","user_registered":"2013-01-15 08:36:14","display_name":"Floby pastorat","avatar":"https:\/\/secure.gravatar.com\/avatar\/c63a9fd4196da95cea4408b67893dbdb9ec52ef568ee59a4578ad766986bebcd?s=96&d=mm&r=g"},"featured_image":["https:\/\/blogg.svenskakyrkan.se\/insikten\/files\/2020\/11\/Saeel-1024x679.jpg",1024,679,true],"bloginfo":{"name":"Insikten - Floby pastorat","url":"https:\/\/blogg.svenskakyrkan.se\/insikten"},"_links":{"self":[{"href":"https:\/\/blogg.svenskakyrkan.se\/insikten\/wp-json\/wp\/v2\/posts\/17","targetHints":{"allow":["GET"]}}],"collection":[{"href":"https:\/\/blogg.svenskakyrkan.se\/insikten\/wp-json\/wp\/v2\/posts"}],"about":[{"href":"https:\/\/blogg.svenskakyrkan.se\/insikten\/wp-json\/wp\/v2\/types\/post"}],"author":[{"embeddable":true,"href":"https:\/\/blogg.svenskakyrkan.se\/insikten\/wp-json\/wp\/v2\/users\/250"}],"replies":[{"embeddable":true,"href":"https:\/\/blogg.svenskakyrkan.se\/insikten\/wp-json\/wp\/v2\/comments?post=17"}],"version-history":[{"count":2,"href":"https:\/\/blogg.svenskakyrkan.se\/insikten\/wp-json\/wp\/v2\/posts\/17\/revisions"}],"predecessor-version":[{"id":231,"href":"https:\/\/blogg.svenskakyrkan.se\/insikten\/wp-json\/wp\/v2\/posts\/17\/revisions\/231"}],"wp:featuredmedia":[{"embeddable":true,"href":"https:\/\/blogg.svenskakyrkan.se\/insikten\/wp-json\/wp\/v2\/media\/18"}],"wp:attachment":[{"href":"https:\/\/blogg.svenskakyrkan.se\/insikten\/wp-json\/wp\/v2\/media?parent=17"}],"wp:term":[{"taxonomy":"category","embeddable":true,"href":"https:\/\/blogg.svenskakyrkan.se\/insikten\/wp-json\/wp\/v2\/categories?post=17"},{"taxonomy":"post_tag","embeddable":true,"href":"https:\/\/blogg.svenskakyrkan.se\/insikten\/wp-json\/wp\/v2\/tags?post=17"}],"curies":[{"name":"wp","href":"https:\/\/api.w.org\/{rel}","templated":true}]}}