{"id":172,"date":"2022-11-03T14:13:36","date_gmt":"2022-11-03T13:13:36","guid":{"rendered":"https:\/\/blogg.svenskakyrkan.se\/insikten\/?p=172"},"modified":"2022-11-03T14:14:52","modified_gmt":"2022-11-03T13:14:52","slug":"att-sorja-en-mor","status":"publish","type":"post","link":"https:\/\/blogg.svenskakyrkan.se\/insikten\/2022\/11\/03\/att-sorja-en-mor\/","title":{"rendered":"Att s\u00f6rja en mor"},"content":{"rendered":"\n\n\n<figure class=\"wp-block-image size-large\"><img loading=\"lazy\" decoding=\"async\" width=\"1024\" height=\"603\" src=\"https:\/\/blogg.svenskakyrkan.se\/insikten\/files\/2022\/11\/Ska\u0308rmavbild-2022-11-03-kl.-14.12.00-1024x603.png\" alt=\"\" class=\"wp-image-177\" srcset=\"https:\/\/blogg.svenskakyrkan.se\/insikten\/files\/2022\/11\/Ska\u0308rmavbild-2022-11-03-kl.-14.12.00-1024x603.png 1024w, https:\/\/blogg.svenskakyrkan.se\/insikten\/files\/2022\/11\/Ska\u0308rmavbild-2022-11-03-kl.-14.12.00-300x177.png 300w, https:\/\/blogg.svenskakyrkan.se\/insikten\/files\/2022\/11\/Ska\u0308rmavbild-2022-11-03-kl.-14.12.00-768x452.png 768w, https:\/\/blogg.svenskakyrkan.se\/insikten\/files\/2022\/11\/Ska\u0308rmavbild-2022-11-03-kl.-14.12.00-1536x904.png 1536w, https:\/\/blogg.svenskakyrkan.se\/insikten\/files\/2022\/11\/Ska\u0308rmavbild-2022-11-03-kl.-14.12.00-1200x707.png 1200w, https:\/\/blogg.svenskakyrkan.se\/insikten\/files\/2022\/11\/Ska\u0308rmavbild-2022-11-03-kl.-14.12.00.png 1824w\" sizes=\"auto, (max-width: 1024px) 100vw, 1024px\" \/><figcaption>Maria och Erling \u00d6hrnell, och hunden Toro.<\/figcaption><\/figure>\n\n\n\n<p>Julafton har g\u00e5tt \u00f6ver till juldag. I ett rum p\u00e5 ett korttidsboende i Falk\u00f6ping ligger 95-\u00e5riga Anna Maria \u00d6hrnell. Kroppen \u00e4r tr\u00f6tt och livets l\u00e5ga \u00e4r p\u00e5 v\u00e4g att slockna. Hon \u00e4r inte ensam. Vid hennes s\u00e4ng sitter en ung kvinnlig sjuksk\u00f6terska och h\u00e5ller hennes hand. Fr\u00e5n sk\u00f6terskans mobiltelefon spelas psalmen \u201dBred dina vida vingar\u201d. Anna Maria somnar in lugnt, stilla och rofyllt. Ett \u00e4lskat hj\u00e4rta slutar sl\u00e5.<\/p>\n\n\n\n<h2 class=\"wp-block-heading\">Ett kulturellt liv<\/h2>\n\n\n\n<p>Jag, Lotta Kjerrman, \u00e4r p\u00e5 v\u00e4g f\u00f6r att m\u00f6ta syskonen Erling och Maria \u00d6hrnell. Vi ska prata om deras mamma Anna Maria. Det har snart g\u00e5tt ett \u00e5r sedan hon begravdes. Vi ska prata om livet, om f\u00f6rlusten och om saknaden. Jag \u00e4r inte orolig men k\u00e4nner \u00e4nd\u00e5 en stor respekt inf\u00f6r samtalet. Att prata om d\u00f6den \u00e4r inget som tillh\u00f6r min vardag. I d\u00f6rren till Erlings hem m\u00f6ts jag av tv\u00e5 leende ansikten och Toro, en vit v\u00e4nlig engelsk bullterrier. Vi s\u00e4tter oss runt bordet i vardagsrummet. Efter en kort stund konstaterar jag att d\u00f6den i detta fall \u00e4r b\u00e5de vacker och befriande att prata om.<\/p>\n\n\n\n<p>Anna Maria f\u00f6ddes i Tr\u00e4vattna den 22 juli 1926. Hon utbildade sig till barnsjuksk\u00f6terska p\u00e5 \u00c4dla H\u00f6glunds f\u00f6rlossningshem i G\u00f6teborg och bosatte sig sedan i Falk\u00f6ping. D\u00e4r tr\u00e4ffade hon Gerhardt, gifte sig och fick tv\u00e5 barn, Erling och Maria. Syskonen ber\u00e4ttar om en speciell och annorlunda uppv\u00e4xt. F\u00f6r\u00e4ldrarnas intresse f\u00f6r musik, konst och arkitektur speglades i b\u00e5de hem och leverne. Kompisarna hade det p\u00e5 ett annat s\u00e4tt.<\/p>\n\n\n\n<p>\u2013 Kyrkan var ocks\u00e5 ett naturligt inslag. Pappa jobbade extra som kantor i Floby pastorat och mamma var alltid med. De gjorde allt tillsammans! Jag minns n\u00e4r vi \u00e5kte p\u00e5 semestrar runt V\u00e4ttern, d\u00e5 skulle pappa alltid stanna och spela orgel i kyrkan, k\u00e4nna p\u00e5 den. P\u00e5 den tiden var alla kyrkor \u00f6ppna s\u00e5 det var bara att g\u00e5 in. Som ton\u00e5ring tyckte jag att det var j\u00e4ttetr\u00e5kigt, erk\u00e4nner Maria.<\/p>\n\n\n\n<p>Anna Maria var med och byggde upp ett eftermiddagshem, numera fritids, i Falk\u00f6ping och h\u00e4r jobbade hon fram till sin pension. N\u00e4r hon somnade in hade hon levt som \u00e4nka i n\u00e4rmare 40 \u00e5r.<\/p>\n\n\n\n<p>\u2013 V\u00e5r mamma var en v\u00e4ldigt aktiv m\u00e4nniska under sitt liv. Hon var stark, backade inte f\u00f6r n\u00e5gonting. Hennes liv var p\u00e5 m\u00e5nga s\u00e4tt som hennes d\u00f6d, hon var v\u00e4ldigt f\u00f6rankrad och f\u00f6rsonad med det, ber\u00e4ttar Erling.<\/p>\n\n\n\n<h2 class=\"wp-block-heading\">Den sista tiden<\/h2>\n\n\n\n<p>Det \u00e4r en morgon i mitten p\u00e5 december 2021. Anna Maria ligger till s\u00e4ngs n\u00e4r hemtj\u00e4nsten kommer till hennes l\u00e4genhet i centrala Falk\u00f6ping. Hon \u00e4r sl\u00f6, inte sitt vanliga jag, och personalen best\u00e4mmer sig f\u00f6r att tillkalla ambulans d\u00e5 de inte f\u00e5r upp henne. L\u00e4karna hittar inga fel och hon slussas vidare till ett korttidsboende f\u00f6r observation. Tanken \u00e4r att hon ska hem igen men det blir inte s\u00e5. N\u00e5gon vecka innan jul blir hon s\u00e4mre och skrivs in p\u00e5 KSS.<\/p>\n\n\n\n<p>\u2013 Dagen innan julafton var jag och h\u00e4lsade p\u00e5. Hon ville veta vilka som kom hem till jul. Var alla barn och barnbarn befann sig. Det var viktigt f\u00f6r henne. N\u00e4r hon f\u00e5tt veta var hon n\u00f6jd, ber\u00e4ttar Maria.<\/p>\n\n\n\n<p>P\u00e5 julafton \u00e5ker tv\u00e5 av Marias pojkar och h\u00e4lsar p\u00e5 och de f\u00f6rst\u00e5r att mormor inte m\u00e5r bra. Hon sitter mestadels tyst och vill inte \u00e4ta. Senare p\u00e5 kv\u00e4llen ringer en sk\u00f6terska till Maria och s\u00e4ger att det \u00e4r b\u00e4st att komma in, att det nog \u00e4r slut snart. Maria och hennes sv\u00e4rdotter Sofia \u00e5ker dit.<\/p>\n\n\n\n<p>\u2013 Vi satt och spelade hennes \u00e4lsklingss\u00e5nger p\u00e5 telefonen och Sofia sm\u00f6rjde hennes h\u00e4nder med en handkr\u00e4m som hon gett Anna Maria i julklapp, s\u00e4ger Maria.<\/p>\n\n\n\n<p>Det h\u00e4nder inget och vid 23-tiden tar de ett beslut om att \u00e5ka hem. Vid 02.10 ringer sk\u00f6terskan igen och s\u00e4ger att Anna Maria \u00e4r d\u00f6ende. N\u00e4r Maria och Sofia anl\u00e4nder har hon precis avlidit, med personal vid sin sida. De f\u00e5r sitta ner i dagrummet och blir serverade kaffe och sm\u00f6rg\u00e5s medan personalen g\u00f6r henne i ordning.<\/p>\n\n\n\n<blockquote class=\"wp-block-quote is-layout-flow wp-block-quote-is-layout-flow\"><p>\u2013 Jag tror att hon passade p\u00e5 att d\u00f6 n\u00e4r vi inte var d\u00e4r, s\u00e4ger Maria och ler.<\/p><\/blockquote>\n\n\n\n<p>\u2013 Vilken personal! De var s\u00e5 m\u00e5na om oss, och om mamma. De hade gjort henne s\u00e5 fin. Tagit p\u00e5 henne en<\/p>\n\n\n\n<p>blus och lagt en ros i handen. Hon s\u00e5g s\u00e5 f\u00f6rn\u00f6jd ut. Jag tror att hon passade p\u00e5 att d\u00f6 n\u00e4r vi inte var d\u00e4r, s\u00e4ger Maria och ler.<\/p>\n\n\n\n<h2 class=\"wp-block-heading\">Avskedet<\/h2>\n\n\n\n<p>P\u00e5 juldagen samlades alla sl\u00e4ktingar, som kommit hem f\u00f6r att fira jul, i Marias k\u00f6k. De pratar om vad som h\u00e4nt, st\u00e4mmer av datum f\u00f6r begravning och g\u00f6r upp en  punktlista p\u00e5 alla praktiska saker som beh\u00f6ver g\u00f6ras. Redan samma kv\u00e4ll kontaktar de Falk\u00f6pings begravningsbyr\u00e5 och st\u00e4mmer tr\u00e4ff under mellandagarna.<\/p>\n\n\n\n<p>\u2013 De var fantastiska! De lyssnade in vad vi ville ha och f\u00f6ljde v\u00e5r vilja helt enkelt, s\u00e4ger Erling.<\/p>\n\n\n\n<p>\u2013 Pr\u00e4sten kom senare hem till oss f\u00f6r ett samtal. Det var viktigt f\u00f6r oss att det han skulle s\u00e4ga i kyrkan passade med v\u00e5r mamma. Jag k\u00e4nde direkt att det klickade. Han gjorde ett s\u00e5dant fantastiskt tal och var s\u00e5 n\u00e4rvarande. Det blev s\u00e5 bra! fyller Maria i.<\/p>\n\n\n\n<p>Anna Maria hade m\u00e5nga sparade tidningsurklipp i sitt hem. Ett av dessa, dikten \u201d\u00d6nskan\u201d av Karin Boye, sattes in i d\u00f6dsannonsen.<\/p>\n\n\n\n<p>\u2013 Vi ville ha en dikt av en poet, en stor f\u00f6rfattare, d\u00e4r man kunde k\u00e4nna att dikten \u00e4r b\u00e5de t\u00e4nkt och k\u00e4nd. N\u00e4r vi var och r\u00f6jde i mammas l\u00e4genhet drog jag ut en bok i bokhyllan, slog upp en sida, och d\u00e4r l\u00e5g den, ber\u00e4ttar Erling.<\/p>\n\n\n\n<p>Anna Maria hade uttryckt en tydlig \u00f6nskan om en urnbegravning och s\u00e5 blev det. P\u00e5 programkortets framsida i kyrkan fanns ett tecknat portr\u00e4tt av Anna Maria. Det var h\u00e4mtat fr\u00e5n en bok om V\u00e4sterg\u00f6tland i ett kapitel som handlade om hennes f\u00f6r\u00e4ldrahem. Ceremonin avslutades med ett farv\u00e4l vid graven.<\/p>\n\n\n\n<h2 class=\"wp-block-heading\">Livet, ett st\u00e4ndigt kretslopp<\/h2>\n\n\n\n<p>Erling och Maria k\u00e4nner en stor tacksamhet \u00f6ver livet och delar samma uppfattning om liv och d\u00f6d. De menar att den m\u00e4ngd energi som finns p\u00e5 jorden \u00e4r konstant, att den inte kan f\u00f6rst\u00f6ras, bara omvandlas. Och i det ligger det eviga livet. Det \u00e4r ett st\u00e4ndigt kretslopp.<\/p>\n\n\n\n<p>\u2013 Det \u00e4r fint att mamma och pappa ligger i jorden intill varandra. Jag tror att mamma l\u00e4ngtade till det. Jag k\u00e4nner inte att jag beh\u00f6ver skapa en bild av att de \u00e4r n\u00e5gon annanstans. Men jag \u00e4r lite kluven f\u00f6r samtidigt ber jag ju till Gud n\u00e4r det \u00e4r jobbigt, s\u00e4ger Maria.<\/p>\n\n\n\n<p>\u2013 Jag k\u00e4nner en djup samh\u00f6righet med skapelsen. N\u00e4r jag g\u00e5r ut p\u00e5 mina skogspromenader med Toro, d\u00e5 k\u00e4nner jag att jag g\u00e5r mitt i livet. Allt som finns d\u00e4r inneh\u00e5ller liv. Att g\u00e5 i det som h\u00e5ller p\u00e5 att f\u00f6das eller d\u00f6, det \u00e4r rikt. Med h\u00f6sten skiftningar blir det s\u00e5 tydligt, f\u00f6rklarar Erling.<\/p>\n\n\n\n<p>Anna Maria f\u00f6rblev frisk och klar men kroppen gav sakta vika med stigande \u00e5lder. Livet hade sin g\u00e5ng och d\u00f6den kom naturligt. Av den anledningen k\u00e4nner b\u00e5de Erling och Maria att det inte finns s\u00e5 mycket att bearbeta kring hennes bortg\u00e5ng men sj\u00e4lvklart finns d\u00e4r ett tomrum.<\/p>\n\n\n\n<p>\u2013 Mamma brukade alltid ringa n\u00e5gra g\u00e5nger i veckan och h\u00f6ra hur det var med mig och pojkarna. Ibland p\u00e5minns jag om att hon aldrig kommer att ringa mer. D\u00e5 k\u00e4nner jag en viss sorg, s\u00e4ger Erling.<\/p>\n\n\n\n<p>Syskonen ber\u00e4ttar att tanken p\u00e5 att de sj\u00e4lva ska d\u00f6 en g\u00e5ng \u00e4r n\u00e5got som blivit mer p\u00e5taglig med \u00e5ren.<\/p>\n\n\n\n<p>\u2013 Jag t\u00e4nker p\u00e5 d\u00f6den varje dag. Det g\u00e4ller att ha en viss disciplin och hush\u00e5lla med tiden. Tiden \u00e4r utm\u00e4tt. Jag funderar p\u00e5 vad jag vill g\u00f6ra, och s\u00e5 g\u00f6r jag det! s\u00e4ger Erling och Maria inst\u00e4mmer.<\/p>\n\n\n\n<blockquote class=\"wp-block-quote is-layout-flow wp-block-quote-is-layout-flow\"><p>\u2013 Ibland p\u00e5minns jag om att hon aldrig kommer att ringa mer. D\u00e5 k\u00e4nner jag en viss sorg, s\u00e4ger Erling.<\/p><\/blockquote>\n\n\n\n<p>Som ett credo, och avslut p\u00e5 detta samtal, vill Erling uppmana oss alla att prata med varandra.<\/p>\n\n\n\n<p>\u2013 Om vi b\u00f6rjar med det f\u00f6ruts\u00e4ttningsl\u00f6sa samtalet, bara ett prat, s\u00e5 blir det l\u00e4ttare att prata om sv\u00e5ra saker n\u00e4r man beh\u00f6ver det. Jag vet att m\u00e5nga har sv\u00e5rt att prata om sig sj\u00e4lva men att prata om livet kan vara ett bra s\u00e4tt att n\u00e4rma sig d\u00f6den, avslutar Erling.<\/p>\n\n\n\n<p><\/p>\n\n\n\n<p>&#8230;&#8230;&#8230;&#8230;&#8230;..<\/p>\n\n\n\n<p>Texten publicerades f\u00f6rsta g\u00e5ngen i Insikten nummer 4 2022.<\/p>\n","protected":false},"excerpt":{"rendered":"<p>Julafton har g\u00e5tt \u00f6ver till juldag. I ett rum p\u00e5 ett korttidsboende i Falk\u00f6ping ligger 95-\u00e5riga Anna Maria \u00d6hrnell. Kroppen \u00e4r tr\u00f6tt och livets l\u00e5ga \u00e4r p\u00e5 v\u00e4g att slockna. Hon \u00e4r inte ensam. Vid hennes s\u00e4ng sitter en ung kvinnlig sjuksk\u00f6terska och h\u00e5ller hennes hand. Fr\u00e5n sk\u00f6terskans mobiltelefon spelas psalmen \u201dBred dina vida vingar\u201d. [&hellip;]<\/p>\n","protected":false},"author":250,"featured_media":177,"comment_status":"open","ping_status":"open","sticky":false,"template":"","format":"standard","meta":{"_acf_changed":false,"footnotes":""},"categories":[13,12],"tags":[],"class_list":["post-172","post","type-post","status-publish","format-standard","has-post-thumbnail","hentry","category-allhelgona","category-kyrkogardar"],"acf":[],"yoast_head":"<!-- This site is optimized with the Yoast SEO plugin v27.1.1 - https:\/\/yoast.com\/product\/yoast-seo-wordpress\/ -->\n<title>Att s\u00f6rja en mor - Insikten - Floby pastorat<\/title>\n<meta name=\"robots\" content=\"index, follow, max-snippet:-1, max-image-preview:large, max-video-preview:-1\" \/>\n<link rel=\"canonical\" href=\"https:\/\/blogg.svenskakyrkan.se\/insikten\/2022\/11\/03\/att-sorja-en-mor\/\" \/>\n<meta property=\"og:locale\" content=\"sv_SE\" \/>\n<meta property=\"og:type\" content=\"article\" \/>\n<meta property=\"og:title\" content=\"Att s\u00f6rja en mor - Insikten - Floby pastorat\" \/>\n<meta property=\"og:description\" content=\"Julafton har g\u00e5tt \u00f6ver till juldag. I ett rum p\u00e5 ett korttidsboende i Falk\u00f6ping ligger 95-\u00e5riga Anna Maria \u00d6hrnell. Kroppen \u00e4r tr\u00f6tt och livets l\u00e5ga \u00e4r p\u00e5 v\u00e4g att slockna. Hon \u00e4r inte ensam. Vid hennes s\u00e4ng sitter en ung kvinnlig sjuksk\u00f6terska och h\u00e5ller hennes hand. Fr\u00e5n sk\u00f6terskans mobiltelefon spelas psalmen \u201dBred dina vida vingar\u201d. [&hellip;]\" \/>\n<meta property=\"og:url\" content=\"https:\/\/blogg.svenskakyrkan.se\/insikten\/2022\/11\/03\/att-sorja-en-mor\/\" \/>\n<meta property=\"og:site_name\" content=\"Insikten - Floby pastorat\" \/>\n<meta property=\"article:published_time\" content=\"2022-11-03T13:13:36+00:00\" \/>\n<meta property=\"article:modified_time\" content=\"2022-11-03T13:14:52+00:00\" \/>\n<meta property=\"og:image\" content=\"https:\/\/blogg.svenskakyrkan.se\/insikten\/files\/2022\/11\/Ska\u0308rmavbild-2022-11-03-kl.-14.12.00-1024x603.png\" \/>\n\t<meta property=\"og:image:width\" content=\"1024\" \/>\n\t<meta property=\"og:image:height\" content=\"603\" \/>\n\t<meta property=\"og:image:type\" content=\"image\/png\" \/>\n<meta name=\"author\" content=\"Floby pastorat\" \/>\n<meta name=\"twitter:card\" content=\"summary_large_image\" \/>\n<meta name=\"twitter:label1\" content=\"Skriven av\" \/>\n\t<meta name=\"twitter:data1\" content=\"Floby pastorat\" \/>\n\t<meta name=\"twitter:label2\" content=\"Ber\u00e4knad l\u00e4stid\" \/>\n\t<meta name=\"twitter:data2\" content=\"8 minuter\" \/>\n<script type=\"application\/ld+json\" class=\"yoast-schema-graph\">{\"@context\":\"https:\/\/schema.org\",\"@graph\":[{\"@type\":\"Article\",\"@id\":\"https:\/\/blogg.svenskakyrkan.se\/insikten\/2022\/11\/03\/att-sorja-en-mor\/#article\",\"isPartOf\":{\"@id\":\"https:\/\/blogg.svenskakyrkan.se\/insikten\/2022\/11\/03\/att-sorja-en-mor\/\"},\"author\":{\"name\":\"Floby pastorat\",\"@id\":\"https:\/\/blogg.svenskakyrkan.se\/insikten\/#\/schema\/person\/5081f68a0318ddb64c879f7bc416ce8c\"},\"headline\":\"Att s\u00f6rja en mor\",\"datePublished\":\"2022-11-03T13:13:36+00:00\",\"dateModified\":\"2022-11-03T13:14:52+00:00\",\"mainEntityOfPage\":{\"@id\":\"https:\/\/blogg.svenskakyrkan.se\/insikten\/2022\/11\/03\/att-sorja-en-mor\/\"},\"wordCount\":1581,\"commentCount\":0,\"image\":{\"@id\":\"https:\/\/blogg.svenskakyrkan.se\/insikten\/2022\/11\/03\/att-sorja-en-mor\/#primaryimage\"},\"thumbnailUrl\":\"https:\/\/blogg.svenskakyrkan.se\/insikten\/files\/2022\/11\/Ska\u0308rmavbild-2022-11-03-kl.-14.12.00.png\",\"articleSection\":[\"Allhelgona\",\"Kyrkog\u00e5rdar\"],\"inLanguage\":\"sv-SE\",\"potentialAction\":[{\"@type\":\"CommentAction\",\"name\":\"Comment\",\"target\":[\"https:\/\/blogg.svenskakyrkan.se\/insikten\/2022\/11\/03\/att-sorja-en-mor\/#respond\"]}]},{\"@type\":\"WebPage\",\"@id\":\"https:\/\/blogg.svenskakyrkan.se\/insikten\/2022\/11\/03\/att-sorja-en-mor\/\",\"url\":\"https:\/\/blogg.svenskakyrkan.se\/insikten\/2022\/11\/03\/att-sorja-en-mor\/\",\"name\":\"Att s\u00f6rja en mor - Insikten - Floby pastorat\",\"isPartOf\":{\"@id\":\"https:\/\/blogg.svenskakyrkan.se\/insikten\/#website\"},\"primaryImageOfPage\":{\"@id\":\"https:\/\/blogg.svenskakyrkan.se\/insikten\/2022\/11\/03\/att-sorja-en-mor\/#primaryimage\"},\"image\":{\"@id\":\"https:\/\/blogg.svenskakyrkan.se\/insikten\/2022\/11\/03\/att-sorja-en-mor\/#primaryimage\"},\"thumbnailUrl\":\"https:\/\/blogg.svenskakyrkan.se\/insikten\/files\/2022\/11\/Ska\u0308rmavbild-2022-11-03-kl.-14.12.00.png\",\"datePublished\":\"2022-11-03T13:13:36+00:00\",\"dateModified\":\"2022-11-03T13:14:52+00:00\",\"author\":{\"@id\":\"https:\/\/blogg.svenskakyrkan.se\/insikten\/#\/schema\/person\/5081f68a0318ddb64c879f7bc416ce8c\"},\"breadcrumb\":{\"@id\":\"https:\/\/blogg.svenskakyrkan.se\/insikten\/2022\/11\/03\/att-sorja-en-mor\/#breadcrumb\"},\"inLanguage\":\"sv-SE\",\"potentialAction\":[{\"@type\":\"ReadAction\",\"target\":[\"https:\/\/blogg.svenskakyrkan.se\/insikten\/2022\/11\/03\/att-sorja-en-mor\/\"]}]},{\"@type\":\"ImageObject\",\"inLanguage\":\"sv-SE\",\"@id\":\"https:\/\/blogg.svenskakyrkan.se\/insikten\/2022\/11\/03\/att-sorja-en-mor\/#primaryimage\",\"url\":\"https:\/\/blogg.svenskakyrkan.se\/insikten\/files\/2022\/11\/Ska\u0308rmavbild-2022-11-03-kl.-14.12.00.png\",\"contentUrl\":\"https:\/\/blogg.svenskakyrkan.se\/insikten\/files\/2022\/11\/Ska\u0308rmavbild-2022-11-03-kl.-14.12.00.png\",\"width\":1824,\"height\":1074},{\"@type\":\"BreadcrumbList\",\"@id\":\"https:\/\/blogg.svenskakyrkan.se\/insikten\/2022\/11\/03\/att-sorja-en-mor\/#breadcrumb\",\"itemListElement\":[{\"@type\":\"ListItem\",\"position\":1,\"name\":\"Hem\",\"item\":\"https:\/\/blogg.svenskakyrkan.se\/insikten\/\"},{\"@type\":\"ListItem\",\"position\":2,\"name\":\"Att s\u00f6rja en mor\"}]},{\"@type\":\"WebSite\",\"@id\":\"https:\/\/blogg.svenskakyrkan.se\/insikten\/#website\",\"url\":\"https:\/\/blogg.svenskakyrkan.se\/insikten\/\",\"name\":\"Insikten - Floby pastorat\",\"description\":\"Insikter, utsikter och emellan\u00e5t \u00e4ven \u00e5sikter fr\u00e5n Floby pastorat i Skara stift.\",\"potentialAction\":[{\"@type\":\"SearchAction\",\"target\":{\"@type\":\"EntryPoint\",\"urlTemplate\":\"https:\/\/blogg.svenskakyrkan.se\/insikten\/?s={search_term_string}\"},\"query-input\":{\"@type\":\"PropertyValueSpecification\",\"valueRequired\":true,\"valueName\":\"search_term_string\"}}],\"inLanguage\":\"sv-SE\"},{\"@type\":\"Person\",\"@id\":\"https:\/\/blogg.svenskakyrkan.se\/insikten\/#\/schema\/person\/5081f68a0318ddb64c879f7bc416ce8c\",\"name\":\"Floby pastorat\",\"image\":{\"@type\":\"ImageObject\",\"inLanguage\":\"sv-SE\",\"@id\":\"https:\/\/blogg.svenskakyrkan.se\/insikten\/#\/schema\/person\/image\/\",\"url\":\"https:\/\/secure.gravatar.com\/avatar\/c63a9fd4196da95cea4408b67893dbdb9ec52ef568ee59a4578ad766986bebcd?s=96&d=mm&r=g\",\"contentUrl\":\"https:\/\/secure.gravatar.com\/avatar\/c63a9fd4196da95cea4408b67893dbdb9ec52ef568ee59a4578ad766986bebcd?s=96&d=mm&r=g\",\"caption\":\"Floby pastorat\"},\"url\":\"https:\/\/blogg.svenskakyrkan.se\/insikten\/author\/helenataubner\/\"}]}<\/script>\n<!-- \/ Yoast SEO plugin. -->","yoast_head_json":{"title":"Att s\u00f6rja en mor - Insikten - Floby pastorat","robots":{"index":"index","follow":"follow","max-snippet":"max-snippet:-1","max-image-preview":"max-image-preview:large","max-video-preview":"max-video-preview:-1"},"canonical":"https:\/\/blogg.svenskakyrkan.se\/insikten\/2022\/11\/03\/att-sorja-en-mor\/","og_locale":"sv_SE","og_type":"article","og_title":"Att s\u00f6rja en mor - Insikten - Floby pastorat","og_description":"Julafton har g\u00e5tt \u00f6ver till juldag. I ett rum p\u00e5 ett korttidsboende i Falk\u00f6ping ligger 95-\u00e5riga Anna Maria \u00d6hrnell. Kroppen \u00e4r tr\u00f6tt och livets l\u00e5ga \u00e4r p\u00e5 v\u00e4g att slockna. Hon \u00e4r inte ensam. Vid hennes s\u00e4ng sitter en ung kvinnlig sjuksk\u00f6terska och h\u00e5ller hennes hand. Fr\u00e5n sk\u00f6terskans mobiltelefon spelas psalmen \u201dBred dina vida vingar\u201d. [&hellip;]","og_url":"https:\/\/blogg.svenskakyrkan.se\/insikten\/2022\/11\/03\/att-sorja-en-mor\/","og_site_name":"Insikten - Floby pastorat","article_published_time":"2022-11-03T13:13:36+00:00","article_modified_time":"2022-11-03T13:14:52+00:00","og_image":[{"width":1024,"height":603,"url":"https:\/\/blogg.svenskakyrkan.se\/insikten\/files\/2022\/11\/Ska\u0308rmavbild-2022-11-03-kl.-14.12.00-1024x603.png","type":"image\/png"}],"author":"Floby pastorat","twitter_card":"summary_large_image","twitter_misc":{"Skriven av":"Floby pastorat","Ber\u00e4knad l\u00e4stid":"8 minuter"},"schema":{"@context":"https:\/\/schema.org","@graph":[{"@type":"Article","@id":"https:\/\/blogg.svenskakyrkan.se\/insikten\/2022\/11\/03\/att-sorja-en-mor\/#article","isPartOf":{"@id":"https:\/\/blogg.svenskakyrkan.se\/insikten\/2022\/11\/03\/att-sorja-en-mor\/"},"author":{"name":"Floby pastorat","@id":"https:\/\/blogg.svenskakyrkan.se\/insikten\/#\/schema\/person\/5081f68a0318ddb64c879f7bc416ce8c"},"headline":"Att s\u00f6rja en mor","datePublished":"2022-11-03T13:13:36+00:00","dateModified":"2022-11-03T13:14:52+00:00","mainEntityOfPage":{"@id":"https:\/\/blogg.svenskakyrkan.se\/insikten\/2022\/11\/03\/att-sorja-en-mor\/"},"wordCount":1581,"commentCount":0,"image":{"@id":"https:\/\/blogg.svenskakyrkan.se\/insikten\/2022\/11\/03\/att-sorja-en-mor\/#primaryimage"},"thumbnailUrl":"https:\/\/blogg.svenskakyrkan.se\/insikten\/files\/2022\/11\/Ska\u0308rmavbild-2022-11-03-kl.-14.12.00.png","articleSection":["Allhelgona","Kyrkog\u00e5rdar"],"inLanguage":"sv-SE","potentialAction":[{"@type":"CommentAction","name":"Comment","target":["https:\/\/blogg.svenskakyrkan.se\/insikten\/2022\/11\/03\/att-sorja-en-mor\/#respond"]}]},{"@type":"WebPage","@id":"https:\/\/blogg.svenskakyrkan.se\/insikten\/2022\/11\/03\/att-sorja-en-mor\/","url":"https:\/\/blogg.svenskakyrkan.se\/insikten\/2022\/11\/03\/att-sorja-en-mor\/","name":"Att s\u00f6rja en mor - Insikten - Floby pastorat","isPartOf":{"@id":"https:\/\/blogg.svenskakyrkan.se\/insikten\/#website"},"primaryImageOfPage":{"@id":"https:\/\/blogg.svenskakyrkan.se\/insikten\/2022\/11\/03\/att-sorja-en-mor\/#primaryimage"},"image":{"@id":"https:\/\/blogg.svenskakyrkan.se\/insikten\/2022\/11\/03\/att-sorja-en-mor\/#primaryimage"},"thumbnailUrl":"https:\/\/blogg.svenskakyrkan.se\/insikten\/files\/2022\/11\/Ska\u0308rmavbild-2022-11-03-kl.-14.12.00.png","datePublished":"2022-11-03T13:13:36+00:00","dateModified":"2022-11-03T13:14:52+00:00","author":{"@id":"https:\/\/blogg.svenskakyrkan.se\/insikten\/#\/schema\/person\/5081f68a0318ddb64c879f7bc416ce8c"},"breadcrumb":{"@id":"https:\/\/blogg.svenskakyrkan.se\/insikten\/2022\/11\/03\/att-sorja-en-mor\/#breadcrumb"},"inLanguage":"sv-SE","potentialAction":[{"@type":"ReadAction","target":["https:\/\/blogg.svenskakyrkan.se\/insikten\/2022\/11\/03\/att-sorja-en-mor\/"]}]},{"@type":"ImageObject","inLanguage":"sv-SE","@id":"https:\/\/blogg.svenskakyrkan.se\/insikten\/2022\/11\/03\/att-sorja-en-mor\/#primaryimage","url":"https:\/\/blogg.svenskakyrkan.se\/insikten\/files\/2022\/11\/Ska\u0308rmavbild-2022-11-03-kl.-14.12.00.png","contentUrl":"https:\/\/blogg.svenskakyrkan.se\/insikten\/files\/2022\/11\/Ska\u0308rmavbild-2022-11-03-kl.-14.12.00.png","width":1824,"height":1074},{"@type":"BreadcrumbList","@id":"https:\/\/blogg.svenskakyrkan.se\/insikten\/2022\/11\/03\/att-sorja-en-mor\/#breadcrumb","itemListElement":[{"@type":"ListItem","position":1,"name":"Hem","item":"https:\/\/blogg.svenskakyrkan.se\/insikten\/"},{"@type":"ListItem","position":2,"name":"Att s\u00f6rja en mor"}]},{"@type":"WebSite","@id":"https:\/\/blogg.svenskakyrkan.se\/insikten\/#website","url":"https:\/\/blogg.svenskakyrkan.se\/insikten\/","name":"Insikten - Floby pastorat","description":"Insikter, utsikter och emellan\u00e5t \u00e4ven \u00e5sikter fr\u00e5n Floby pastorat i Skara stift.","potentialAction":[{"@type":"SearchAction","target":{"@type":"EntryPoint","urlTemplate":"https:\/\/blogg.svenskakyrkan.se\/insikten\/?s={search_term_string}"},"query-input":{"@type":"PropertyValueSpecification","valueRequired":true,"valueName":"search_term_string"}}],"inLanguage":"sv-SE"},{"@type":"Person","@id":"https:\/\/blogg.svenskakyrkan.se\/insikten\/#\/schema\/person\/5081f68a0318ddb64c879f7bc416ce8c","name":"Floby pastorat","image":{"@type":"ImageObject","inLanguage":"sv-SE","@id":"https:\/\/blogg.svenskakyrkan.se\/insikten\/#\/schema\/person\/image\/","url":"https:\/\/secure.gravatar.com\/avatar\/c63a9fd4196da95cea4408b67893dbdb9ec52ef568ee59a4578ad766986bebcd?s=96&d=mm&r=g","contentUrl":"https:\/\/secure.gravatar.com\/avatar\/c63a9fd4196da95cea4408b67893dbdb9ec52ef568ee59a4578ad766986bebcd?s=96&d=mm&r=g","caption":"Floby pastorat"},"url":"https:\/\/blogg.svenskakyrkan.se\/insikten\/author\/helenataubner\/"}]}},"author_meta":{"ID":"250","user_nicename":"helenataubner","user_registered":"2013-01-15 08:36:14","display_name":"Floby pastorat","avatar":"https:\/\/secure.gravatar.com\/avatar\/c63a9fd4196da95cea4408b67893dbdb9ec52ef568ee59a4578ad766986bebcd?s=96&d=mm&r=g"},"featured_image":["https:\/\/blogg.svenskakyrkan.se\/insikten\/files\/2022\/11\/Ska\u0308rmavbild-2022-11-03-kl.-14.12.00-1024x603.png",1024,603,true],"bloginfo":{"name":"Insikten - Floby pastorat","url":"https:\/\/blogg.svenskakyrkan.se\/insikten"},"_links":{"self":[{"href":"https:\/\/blogg.svenskakyrkan.se\/insikten\/wp-json\/wp\/v2\/posts\/172","targetHints":{"allow":["GET"]}}],"collection":[{"href":"https:\/\/blogg.svenskakyrkan.se\/insikten\/wp-json\/wp\/v2\/posts"}],"about":[{"href":"https:\/\/blogg.svenskakyrkan.se\/insikten\/wp-json\/wp\/v2\/types\/post"}],"author":[{"embeddable":true,"href":"https:\/\/blogg.svenskakyrkan.se\/insikten\/wp-json\/wp\/v2\/users\/250"}],"replies":[{"embeddable":true,"href":"https:\/\/blogg.svenskakyrkan.se\/insikten\/wp-json\/wp\/v2\/comments?post=172"}],"version-history":[{"count":4,"href":"https:\/\/blogg.svenskakyrkan.se\/insikten\/wp-json\/wp\/v2\/posts\/172\/revisions"}],"predecessor-version":[{"id":178,"href":"https:\/\/blogg.svenskakyrkan.se\/insikten\/wp-json\/wp\/v2\/posts\/172\/revisions\/178"}],"wp:featuredmedia":[{"embeddable":true,"href":"https:\/\/blogg.svenskakyrkan.se\/insikten\/wp-json\/wp\/v2\/media\/177"}],"wp:attachment":[{"href":"https:\/\/blogg.svenskakyrkan.se\/insikten\/wp-json\/wp\/v2\/media?parent=172"}],"wp:term":[{"taxonomy":"category","embeddable":true,"href":"https:\/\/blogg.svenskakyrkan.se\/insikten\/wp-json\/wp\/v2\/categories?post=172"},{"taxonomy":"post_tag","embeddable":true,"href":"https:\/\/blogg.svenskakyrkan.se\/insikten\/wp-json\/wp\/v2\/tags?post=172"}],"curies":[{"name":"wp","href":"https:\/\/api.w.org\/{rel}","templated":true}]}}