{"id":180,"date":"2022-12-11T12:20:30","date_gmt":"2022-12-11T11:20:30","guid":{"rendered":"https:\/\/blogg.svenskakyrkan.se\/insikten\/?p=180"},"modified":"2022-12-11T12:20:31","modified_gmt":"2022-12-11T11:20:31","slug":"samlar-in-pengar-till-fadderbarn","status":"publish","type":"post","link":"https:\/\/blogg.svenskakyrkan.se\/insikten\/2022\/12\/11\/samlar-in-pengar-till-fadderbarn\/","title":{"rendered":"Samlar in pengar till fadderbarn"},"content":{"rendered":"\n\n\n<figure class=\"wp-block-image size-full is-style-default\"><img loading=\"lazy\" decoding=\"async\" width=\"850\" height=\"522\" src=\"https:\/\/blogg.svenskakyrkan.se\/insikten\/files\/2022\/12\/Skarmavbild-2022-12-11-kl.-12.18.08.png\" alt=\"\" class=\"wp-image-182\" srcset=\"https:\/\/blogg.svenskakyrkan.se\/insikten\/files\/2022\/12\/Skarmavbild-2022-12-11-kl.-12.18.08.png 850w, https:\/\/blogg.svenskakyrkan.se\/insikten\/files\/2022\/12\/Skarmavbild-2022-12-11-kl.-12.18.08-300x184.png 300w, https:\/\/blogg.svenskakyrkan.se\/insikten\/files\/2022\/12\/Skarmavbild-2022-12-11-kl.-12.18.08-768x472.png 768w\" sizes=\"auto, (max-width: 850px) 100vw, 850px\" \/><figcaption>Ett av alla de barn som f\u00e5r hj\u00e4lp genom Barnfonden.<\/figcaption><\/figure>\n\n\n\n<p>F\u00f6rsta tisdagen i m\u00e5naden, fr\u00e5n februari till maj och fr\u00e5n september till december, fylls kyrksalen och serveringslokalen i Kyrkans hus i Floby med f\u00f6rv\u00e4ntansfulla m\u00e4nniskor. Det \u00e4r vad vi kallar \u201ddagledigtr\u00e4ff\u201d \u2013 en tr\u00e4ff dit alla som vill \u00e4r v\u00e4lkomna f\u00f6r att tillbringa en trevlig eftermiddag. Gemenskapstr\u00e4ffar i olika former har f\u00f6rekommit i Floby i m\u00e5nga \u00e5r. S\u00e5v\u00e4l ideella som kyrkans anst\u00e4llda har ansvarat f\u00f6r aktiviteter, servering, hj\u00e4lpa boende p\u00e5 \u00e4ldreboendet att komma, med mera.<\/p>\n\n\n\n<p>Dagledigtr\u00e4ffarna brukar numera inneh\u00e5lla s\u00e5ng och musik av olika slag, gott fika och trevlig gemenskap. M\u00e5nga bes\u00f6kare kommer regelbundet sedan flera \u00e5r tillbaka. Ett trevligt inslag i tr\u00e4ffarna \u00e4r lotterier med vackra blommor som vinster. S\u00e5 sm\u00e5ningom b\u00f6rjade man fundera p\u00e5 om inte beh\u00e5llningen fr\u00e5n lotterierna kunde g\u00e5 till n\u00e5got v\u00e4lg\u00f6rande \u00e4ndam\u00e5l.&nbsp;<\/p>\n\n\n\n<h2 class=\"wp-block-heading\">Ger barn en b\u00e4ttre framtid<\/h2>\n\n\n\n<p>Fr\u00e5n syf\u00f6reningen fick man id\u00e9n att ta sig an ett fadderbarn. S\u00e5 f\u00f6r ca 20 \u00e5r sedan tog man kontakt med <a rel=\"noreferrer noopener\" href=\"https:\/\/barnfonden.se\" data-type=\"URL\" data-id=\"https:\/\/barnfonden.se\" target=\"_blank\">organisationen Barnfonden<\/a>Det b\u00f6rjade med en liten pojke i Benin i V\u00e4stafrika. N\u00e4r han s\u00e5 sm\u00e5ningom blev vuxen, var det dags byta fadderbarn. Nu \u00e4r vi faddrar till en liten flicka p\u00e5 fem \u00e5r i Bolivia.<\/p>\n\n\n\n<p>Hur g\u00e5r det d\u00e5 till att ha ett fadderbarn genom Barnfonden? Fr\u00e5n Floby pastorat skickas varje m\u00e5nad en summa till Barnfonden, som f\u00f6rmedlar pengarna till det omr\u00e5de d\u00e4r fadderbarnet bor. Pengarna g\u00e5r till att f\u00f6rb\u00e4ttra villkoren f\u00f6r de barn som bor i omr\u00e5det. Man vill bl a ge barn m\u00f6jlighet att g\u00e5 i skola, tillg\u00e5ng till rent vatten och skydd mot v\u00e5ld, \u00f6vergrepp och trafficking \u2013 kort sagt, ge barn en trygg uppv\u00e4xt och en b\u00e4ttre framtid. Till fadderbarnets f\u00f6delsedag och till jul skickas en extra penningg\u00e5va som g\u00e5r direkt till barnets familj. P\u00e5 s\u00e5 s\u00e4tt blir beh\u00e5llningen fr\u00e5n blomsterlotterierna p\u00e5 dagledigtr\u00e4ffarna till stor gl\u00e4dje b\u00e5de f\u00f6r fadderbarnet och f\u00f6r andra barn.<\/p>\n\n\n\n<p>Den som har ett fadderbarn brukar f\u00e5 brev fr\u00e5n barnet ett par g\u00e5nger under \u00e5ret, ibland med ett foto p\u00e5 barnet. Om barnet inte har b\u00f6rjat skolan, kan mamma eller pappa skriva. Fr\u00e5n pojken i Benin kom t ex 2014 ett brev med en redog\u00f6relse f\u00f6r vad familjen k\u00f6pt f\u00f6r f\u00f6delsedagsg\u00e5van som Barnfonden f\u00f6rmedlat fr\u00e5n dagledigtr\u00e4ffarna i Floby: 3 paket cement, 1 f\u00e5r, 2 d\u00e4ck till pojkens cykel, 1 par skor, 13 kg majs. Inga dyra leksaker allts\u00e5, utan snarare livets n\u00f6dtorft. Man kan skicka brev tillbaka och kanske s\u00e4nda med ett foto eller en liten enkel present. Det blir en trevlig kontakt med n\u00e5gon som bor i ett annat land och under andra omst\u00e4ndigheter \u00e4n vi h\u00e4r i Sverige.<\/p>\n\n\n\n<p>S\u00e5 dagledigtr\u00e4ffarna i Kyrkans hus i Floby ger inte bara en stunds god gemenskap f\u00f6r oss som bes\u00f6ker dem eller anordnar dem. Du som kommer som bes\u00f6kare eller medhj\u00e4lpare bidrar ocks\u00e5 till att ge barn i andra l\u00e4nder en b\u00e4ttre framtid!<\/p>\n\n\n\n<p><\/p>\n\n\n\n<h2 class=\"wp-block-heading\">Tr\u00e4ffar p\u00e5 flera platser<\/h2>\n\n\n\n<p>Ut\u00f6ver dagledigtr\u00e4ffarna i Floby, som beskrivs ovan, finns det motsvarade tr\u00e4ffar \u00e4ven i \u00c5sarps och Kinneveds f\u00f6rsamlingar.&nbsp;<\/p>\n\n\n\n<p>I \u00c5sarp b\u00f6rjade det som en pension\u00e4rsf\u00f6rening p\u00e5 1980-talet. Nu \u00e4r det f\u00f6r daglediga, d.v.s. alla som \u00e4r lediga p\u00e5 dagtid och som vill komma \u00e4r v\u00e4lkomna. Svenska kyrkan i Floby pastorat planerar tr\u00e4ffarna tillsammans med Korskyrkan i \u00c5sarp. Plats f\u00f6r tr\u00e4ffarna alternerar mellan \u00c5sarps f\u00f6rsamlingshem och Korskyrkan. Man fikar, pratar och bjuds p\u00e5 underh\u00e5llning av olika slag.<\/p>\n\n\n\n<p>I Kinneved \u00e4r dagledigtr\u00e4ffarna f\u00f6rlagda till Fr\u00f6kindsg\u00e5rden. Nu har de legat nere en tid p.g.a. ombyggnad, men f\u00f6rhoppningen \u00e4r att de kan komma ig\u00e5ng igen n\u00e5gon g\u00e5ng i v\u00e5r.<\/p>\n\n\n\n<p><\/p>\n\n\n\n<p>&#8230;&#8230;&#8230;&#8230;&#8230;&#8230;&#8230;&#8230;&#8230;.<\/p>\n\n\n\n<p>Texten publicerades f\u00f6rsta g\u00e5ngen i Insikten nummer 5 2022.<\/p>\n","protected":false},"excerpt":{"rendered":"<p>F\u00f6rsta tisdagen i m\u00e5naden, fr\u00e5n februari till maj och fr\u00e5n september till december, fylls kyrksalen och serveringslokalen i Kyrkans hus i Floby med f\u00f6rv\u00e4ntansfulla m\u00e4nniskor. Det \u00e4r vad vi kallar \u201ddagledigtr\u00e4ff\u201d \u2013 en tr\u00e4ff dit alla som vill \u00e4r v\u00e4lkomna f\u00f6r att tillbringa en trevlig eftermiddag. Gemenskapstr\u00e4ffar i olika former har f\u00f6rekommit i Floby i [&hellip;]<\/p>\n","protected":false},"author":250,"featured_media":182,"comment_status":"open","ping_status":"open","sticky":false,"template":"","format":"standard","meta":{"_acf_changed":false,"footnotes":""},"categories":[3,7],"tags":[],"class_list":["post-180","post","type-post","status-publish","format-standard","has-post-thumbnail","hentry","category-diakoni","category-engagemang"],"acf":[],"yoast_head":"<!-- This site is optimized with the Yoast SEO plugin v27.1.1 - https:\/\/yoast.com\/product\/yoast-seo-wordpress\/ -->\n<title>Samlar in pengar till fadderbarn - Insikten - Floby pastorat<\/title>\n<meta name=\"robots\" content=\"index, follow, max-snippet:-1, max-image-preview:large, max-video-preview:-1\" \/>\n<link rel=\"canonical\" href=\"https:\/\/blogg.svenskakyrkan.se\/insikten\/2022\/12\/11\/samlar-in-pengar-till-fadderbarn\/\" \/>\n<meta property=\"og:locale\" content=\"sv_SE\" \/>\n<meta property=\"og:type\" content=\"article\" \/>\n<meta property=\"og:title\" content=\"Samlar in pengar till fadderbarn - Insikten - Floby pastorat\" \/>\n<meta property=\"og:description\" content=\"F\u00f6rsta tisdagen i m\u00e5naden, fr\u00e5n februari till maj och fr\u00e5n september till december, fylls kyrksalen och serveringslokalen i Kyrkans hus i Floby med f\u00f6rv\u00e4ntansfulla m\u00e4nniskor. Det \u00e4r vad vi kallar \u201ddagledigtr\u00e4ff\u201d \u2013 en tr\u00e4ff dit alla som vill \u00e4r v\u00e4lkomna f\u00f6r att tillbringa en trevlig eftermiddag. Gemenskapstr\u00e4ffar i olika former har f\u00f6rekommit i Floby i [&hellip;]\" \/>\n<meta property=\"og:url\" content=\"https:\/\/blogg.svenskakyrkan.se\/insikten\/2022\/12\/11\/samlar-in-pengar-till-fadderbarn\/\" \/>\n<meta property=\"og:site_name\" content=\"Insikten - Floby pastorat\" \/>\n<meta property=\"article:published_time\" content=\"2022-12-11T11:20:30+00:00\" \/>\n<meta property=\"article:modified_time\" content=\"2022-12-11T11:20:31+00:00\" \/>\n<meta property=\"og:image\" content=\"https:\/\/blogg.svenskakyrkan.se\/insikten\/files\/2022\/12\/Skarmavbild-2022-12-11-kl.-12.18.08.png\" \/>\n\t<meta property=\"og:image:width\" content=\"850\" \/>\n\t<meta property=\"og:image:height\" content=\"522\" \/>\n\t<meta property=\"og:image:type\" content=\"image\/png\" \/>\n<meta name=\"author\" content=\"Floby pastorat\" \/>\n<meta name=\"twitter:card\" content=\"summary_large_image\" \/>\n<meta name=\"twitter:label1\" content=\"Skriven av\" \/>\n\t<meta name=\"twitter:data1\" content=\"Floby pastorat\" \/>\n\t<meta name=\"twitter:label2\" content=\"Ber\u00e4knad l\u00e4stid\" \/>\n\t<meta name=\"twitter:data2\" content=\"4 minuter\" \/>\n<script type=\"application\/ld+json\" class=\"yoast-schema-graph\">{\"@context\":\"https:\/\/schema.org\",\"@graph\":[{\"@type\":\"Article\",\"@id\":\"https:\/\/blogg.svenskakyrkan.se\/insikten\/2022\/12\/11\/samlar-in-pengar-till-fadderbarn\/#article\",\"isPartOf\":{\"@id\":\"https:\/\/blogg.svenskakyrkan.se\/insikten\/2022\/12\/11\/samlar-in-pengar-till-fadderbarn\/\"},\"author\":{\"name\":\"Floby pastorat\",\"@id\":\"https:\/\/blogg.svenskakyrkan.se\/insikten\/#\/schema\/person\/5081f68a0318ddb64c879f7bc416ce8c\"},\"headline\":\"Samlar in pengar till fadderbarn\",\"datePublished\":\"2022-12-11T11:20:30+00:00\",\"dateModified\":\"2022-12-11T11:20:31+00:00\",\"mainEntityOfPage\":{\"@id\":\"https:\/\/blogg.svenskakyrkan.se\/insikten\/2022\/12\/11\/samlar-in-pengar-till-fadderbarn\/\"},\"wordCount\":712,\"commentCount\":0,\"image\":{\"@id\":\"https:\/\/blogg.svenskakyrkan.se\/insikten\/2022\/12\/11\/samlar-in-pengar-till-fadderbarn\/#primaryimage\"},\"thumbnailUrl\":\"https:\/\/blogg.svenskakyrkan.se\/insikten\/files\/2022\/12\/Skarmavbild-2022-12-11-kl.-12.18.08.png\",\"articleSection\":[\"Diakoni\",\"Engagemang\"],\"inLanguage\":\"sv-SE\",\"potentialAction\":[{\"@type\":\"CommentAction\",\"name\":\"Comment\",\"target\":[\"https:\/\/blogg.svenskakyrkan.se\/insikten\/2022\/12\/11\/samlar-in-pengar-till-fadderbarn\/#respond\"]}]},{\"@type\":\"WebPage\",\"@id\":\"https:\/\/blogg.svenskakyrkan.se\/insikten\/2022\/12\/11\/samlar-in-pengar-till-fadderbarn\/\",\"url\":\"https:\/\/blogg.svenskakyrkan.se\/insikten\/2022\/12\/11\/samlar-in-pengar-till-fadderbarn\/\",\"name\":\"Samlar in pengar till fadderbarn - Insikten - Floby pastorat\",\"isPartOf\":{\"@id\":\"https:\/\/blogg.svenskakyrkan.se\/insikten\/#website\"},\"primaryImageOfPage\":{\"@id\":\"https:\/\/blogg.svenskakyrkan.se\/insikten\/2022\/12\/11\/samlar-in-pengar-till-fadderbarn\/#primaryimage\"},\"image\":{\"@id\":\"https:\/\/blogg.svenskakyrkan.se\/insikten\/2022\/12\/11\/samlar-in-pengar-till-fadderbarn\/#primaryimage\"},\"thumbnailUrl\":\"https:\/\/blogg.svenskakyrkan.se\/insikten\/files\/2022\/12\/Skarmavbild-2022-12-11-kl.-12.18.08.png\",\"datePublished\":\"2022-12-11T11:20:30+00:00\",\"dateModified\":\"2022-12-11T11:20:31+00:00\",\"author\":{\"@id\":\"https:\/\/blogg.svenskakyrkan.se\/insikten\/#\/schema\/person\/5081f68a0318ddb64c879f7bc416ce8c\"},\"breadcrumb\":{\"@id\":\"https:\/\/blogg.svenskakyrkan.se\/insikten\/2022\/12\/11\/samlar-in-pengar-till-fadderbarn\/#breadcrumb\"},\"inLanguage\":\"sv-SE\",\"potentialAction\":[{\"@type\":\"ReadAction\",\"target\":[\"https:\/\/blogg.svenskakyrkan.se\/insikten\/2022\/12\/11\/samlar-in-pengar-till-fadderbarn\/\"]}]},{\"@type\":\"ImageObject\",\"inLanguage\":\"sv-SE\",\"@id\":\"https:\/\/blogg.svenskakyrkan.se\/insikten\/2022\/12\/11\/samlar-in-pengar-till-fadderbarn\/#primaryimage\",\"url\":\"https:\/\/blogg.svenskakyrkan.se\/insikten\/files\/2022\/12\/Skarmavbild-2022-12-11-kl.-12.18.08.png\",\"contentUrl\":\"https:\/\/blogg.svenskakyrkan.se\/insikten\/files\/2022\/12\/Skarmavbild-2022-12-11-kl.-12.18.08.png\",\"width\":850,\"height\":522},{\"@type\":\"BreadcrumbList\",\"@id\":\"https:\/\/blogg.svenskakyrkan.se\/insikten\/2022\/12\/11\/samlar-in-pengar-till-fadderbarn\/#breadcrumb\",\"itemListElement\":[{\"@type\":\"ListItem\",\"position\":1,\"name\":\"Hem\",\"item\":\"https:\/\/blogg.svenskakyrkan.se\/insikten\/\"},{\"@type\":\"ListItem\",\"position\":2,\"name\":\"Samlar in pengar till fadderbarn\"}]},{\"@type\":\"WebSite\",\"@id\":\"https:\/\/blogg.svenskakyrkan.se\/insikten\/#website\",\"url\":\"https:\/\/blogg.svenskakyrkan.se\/insikten\/\",\"name\":\"Insikten - Floby pastorat\",\"description\":\"Insikter, utsikter och emellan\u00e5t \u00e4ven \u00e5sikter fr\u00e5n Floby pastorat i Skara stift.\",\"potentialAction\":[{\"@type\":\"SearchAction\",\"target\":{\"@type\":\"EntryPoint\",\"urlTemplate\":\"https:\/\/blogg.svenskakyrkan.se\/insikten\/?s={search_term_string}\"},\"query-input\":{\"@type\":\"PropertyValueSpecification\",\"valueRequired\":true,\"valueName\":\"search_term_string\"}}],\"inLanguage\":\"sv-SE\"},{\"@type\":\"Person\",\"@id\":\"https:\/\/blogg.svenskakyrkan.se\/insikten\/#\/schema\/person\/5081f68a0318ddb64c879f7bc416ce8c\",\"name\":\"Floby pastorat\",\"image\":{\"@type\":\"ImageObject\",\"inLanguage\":\"sv-SE\",\"@id\":\"https:\/\/blogg.svenskakyrkan.se\/insikten\/#\/schema\/person\/image\/\",\"url\":\"https:\/\/secure.gravatar.com\/avatar\/c63a9fd4196da95cea4408b67893dbdb9ec52ef568ee59a4578ad766986bebcd?s=96&d=mm&r=g\",\"contentUrl\":\"https:\/\/secure.gravatar.com\/avatar\/c63a9fd4196da95cea4408b67893dbdb9ec52ef568ee59a4578ad766986bebcd?s=96&d=mm&r=g\",\"caption\":\"Floby pastorat\"},\"url\":\"https:\/\/blogg.svenskakyrkan.se\/insikten\/author\/helenataubner\/\"}]}<\/script>\n<!-- \/ Yoast SEO plugin. -->","yoast_head_json":{"title":"Samlar in pengar till fadderbarn - Insikten - Floby pastorat","robots":{"index":"index","follow":"follow","max-snippet":"max-snippet:-1","max-image-preview":"max-image-preview:large","max-video-preview":"max-video-preview:-1"},"canonical":"https:\/\/blogg.svenskakyrkan.se\/insikten\/2022\/12\/11\/samlar-in-pengar-till-fadderbarn\/","og_locale":"sv_SE","og_type":"article","og_title":"Samlar in pengar till fadderbarn - Insikten - Floby pastorat","og_description":"F\u00f6rsta tisdagen i m\u00e5naden, fr\u00e5n februari till maj och fr\u00e5n september till december, fylls kyrksalen och serveringslokalen i Kyrkans hus i Floby med f\u00f6rv\u00e4ntansfulla m\u00e4nniskor. Det \u00e4r vad vi kallar \u201ddagledigtr\u00e4ff\u201d \u2013 en tr\u00e4ff dit alla som vill \u00e4r v\u00e4lkomna f\u00f6r att tillbringa en trevlig eftermiddag. Gemenskapstr\u00e4ffar i olika former har f\u00f6rekommit i Floby i [&hellip;]","og_url":"https:\/\/blogg.svenskakyrkan.se\/insikten\/2022\/12\/11\/samlar-in-pengar-till-fadderbarn\/","og_site_name":"Insikten - Floby pastorat","article_published_time":"2022-12-11T11:20:30+00:00","article_modified_time":"2022-12-11T11:20:31+00:00","og_image":[{"width":850,"height":522,"url":"https:\/\/blogg.svenskakyrkan.se\/insikten\/files\/2022\/12\/Skarmavbild-2022-12-11-kl.-12.18.08.png","type":"image\/png"}],"author":"Floby pastorat","twitter_card":"summary_large_image","twitter_misc":{"Skriven av":"Floby pastorat","Ber\u00e4knad l\u00e4stid":"4 minuter"},"schema":{"@context":"https:\/\/schema.org","@graph":[{"@type":"Article","@id":"https:\/\/blogg.svenskakyrkan.se\/insikten\/2022\/12\/11\/samlar-in-pengar-till-fadderbarn\/#article","isPartOf":{"@id":"https:\/\/blogg.svenskakyrkan.se\/insikten\/2022\/12\/11\/samlar-in-pengar-till-fadderbarn\/"},"author":{"name":"Floby pastorat","@id":"https:\/\/blogg.svenskakyrkan.se\/insikten\/#\/schema\/person\/5081f68a0318ddb64c879f7bc416ce8c"},"headline":"Samlar in pengar till fadderbarn","datePublished":"2022-12-11T11:20:30+00:00","dateModified":"2022-12-11T11:20:31+00:00","mainEntityOfPage":{"@id":"https:\/\/blogg.svenskakyrkan.se\/insikten\/2022\/12\/11\/samlar-in-pengar-till-fadderbarn\/"},"wordCount":712,"commentCount":0,"image":{"@id":"https:\/\/blogg.svenskakyrkan.se\/insikten\/2022\/12\/11\/samlar-in-pengar-till-fadderbarn\/#primaryimage"},"thumbnailUrl":"https:\/\/blogg.svenskakyrkan.se\/insikten\/files\/2022\/12\/Skarmavbild-2022-12-11-kl.-12.18.08.png","articleSection":["Diakoni","Engagemang"],"inLanguage":"sv-SE","potentialAction":[{"@type":"CommentAction","name":"Comment","target":["https:\/\/blogg.svenskakyrkan.se\/insikten\/2022\/12\/11\/samlar-in-pengar-till-fadderbarn\/#respond"]}]},{"@type":"WebPage","@id":"https:\/\/blogg.svenskakyrkan.se\/insikten\/2022\/12\/11\/samlar-in-pengar-till-fadderbarn\/","url":"https:\/\/blogg.svenskakyrkan.se\/insikten\/2022\/12\/11\/samlar-in-pengar-till-fadderbarn\/","name":"Samlar in pengar till fadderbarn - Insikten - Floby pastorat","isPartOf":{"@id":"https:\/\/blogg.svenskakyrkan.se\/insikten\/#website"},"primaryImageOfPage":{"@id":"https:\/\/blogg.svenskakyrkan.se\/insikten\/2022\/12\/11\/samlar-in-pengar-till-fadderbarn\/#primaryimage"},"image":{"@id":"https:\/\/blogg.svenskakyrkan.se\/insikten\/2022\/12\/11\/samlar-in-pengar-till-fadderbarn\/#primaryimage"},"thumbnailUrl":"https:\/\/blogg.svenskakyrkan.se\/insikten\/files\/2022\/12\/Skarmavbild-2022-12-11-kl.-12.18.08.png","datePublished":"2022-12-11T11:20:30+00:00","dateModified":"2022-12-11T11:20:31+00:00","author":{"@id":"https:\/\/blogg.svenskakyrkan.se\/insikten\/#\/schema\/person\/5081f68a0318ddb64c879f7bc416ce8c"},"breadcrumb":{"@id":"https:\/\/blogg.svenskakyrkan.se\/insikten\/2022\/12\/11\/samlar-in-pengar-till-fadderbarn\/#breadcrumb"},"inLanguage":"sv-SE","potentialAction":[{"@type":"ReadAction","target":["https:\/\/blogg.svenskakyrkan.se\/insikten\/2022\/12\/11\/samlar-in-pengar-till-fadderbarn\/"]}]},{"@type":"ImageObject","inLanguage":"sv-SE","@id":"https:\/\/blogg.svenskakyrkan.se\/insikten\/2022\/12\/11\/samlar-in-pengar-till-fadderbarn\/#primaryimage","url":"https:\/\/blogg.svenskakyrkan.se\/insikten\/files\/2022\/12\/Skarmavbild-2022-12-11-kl.-12.18.08.png","contentUrl":"https:\/\/blogg.svenskakyrkan.se\/insikten\/files\/2022\/12\/Skarmavbild-2022-12-11-kl.-12.18.08.png","width":850,"height":522},{"@type":"BreadcrumbList","@id":"https:\/\/blogg.svenskakyrkan.se\/insikten\/2022\/12\/11\/samlar-in-pengar-till-fadderbarn\/#breadcrumb","itemListElement":[{"@type":"ListItem","position":1,"name":"Hem","item":"https:\/\/blogg.svenskakyrkan.se\/insikten\/"},{"@type":"ListItem","position":2,"name":"Samlar in pengar till fadderbarn"}]},{"@type":"WebSite","@id":"https:\/\/blogg.svenskakyrkan.se\/insikten\/#website","url":"https:\/\/blogg.svenskakyrkan.se\/insikten\/","name":"Insikten - Floby pastorat","description":"Insikter, utsikter och emellan\u00e5t \u00e4ven \u00e5sikter fr\u00e5n Floby pastorat i Skara stift.","potentialAction":[{"@type":"SearchAction","target":{"@type":"EntryPoint","urlTemplate":"https:\/\/blogg.svenskakyrkan.se\/insikten\/?s={search_term_string}"},"query-input":{"@type":"PropertyValueSpecification","valueRequired":true,"valueName":"search_term_string"}}],"inLanguage":"sv-SE"},{"@type":"Person","@id":"https:\/\/blogg.svenskakyrkan.se\/insikten\/#\/schema\/person\/5081f68a0318ddb64c879f7bc416ce8c","name":"Floby pastorat","image":{"@type":"ImageObject","inLanguage":"sv-SE","@id":"https:\/\/blogg.svenskakyrkan.se\/insikten\/#\/schema\/person\/image\/","url":"https:\/\/secure.gravatar.com\/avatar\/c63a9fd4196da95cea4408b67893dbdb9ec52ef568ee59a4578ad766986bebcd?s=96&d=mm&r=g","contentUrl":"https:\/\/secure.gravatar.com\/avatar\/c63a9fd4196da95cea4408b67893dbdb9ec52ef568ee59a4578ad766986bebcd?s=96&d=mm&r=g","caption":"Floby pastorat"},"url":"https:\/\/blogg.svenskakyrkan.se\/insikten\/author\/helenataubner\/"}]}},"author_meta":{"ID":"250","user_nicename":"helenataubner","user_registered":"2013-01-15 08:36:14","display_name":"Floby pastorat","avatar":"https:\/\/secure.gravatar.com\/avatar\/c63a9fd4196da95cea4408b67893dbdb9ec52ef568ee59a4578ad766986bebcd?s=96&d=mm&r=g"},"featured_image":["https:\/\/blogg.svenskakyrkan.se\/insikten\/files\/2022\/12\/Skarmavbild-2022-12-11-kl.-12.18.08.png",850,522,false],"bloginfo":{"name":"Insikten - Floby pastorat","url":"https:\/\/blogg.svenskakyrkan.se\/insikten"},"_links":{"self":[{"href":"https:\/\/blogg.svenskakyrkan.se\/insikten\/wp-json\/wp\/v2\/posts\/180","targetHints":{"allow":["GET"]}}],"collection":[{"href":"https:\/\/blogg.svenskakyrkan.se\/insikten\/wp-json\/wp\/v2\/posts"}],"about":[{"href":"https:\/\/blogg.svenskakyrkan.se\/insikten\/wp-json\/wp\/v2\/types\/post"}],"author":[{"embeddable":true,"href":"https:\/\/blogg.svenskakyrkan.se\/insikten\/wp-json\/wp\/v2\/users\/250"}],"replies":[{"embeddable":true,"href":"https:\/\/blogg.svenskakyrkan.se\/insikten\/wp-json\/wp\/v2\/comments?post=180"}],"version-history":[{"count":3,"href":"https:\/\/blogg.svenskakyrkan.se\/insikten\/wp-json\/wp\/v2\/posts\/180\/revisions"}],"predecessor-version":[{"id":184,"href":"https:\/\/blogg.svenskakyrkan.se\/insikten\/wp-json\/wp\/v2\/posts\/180\/revisions\/184"}],"wp:featuredmedia":[{"embeddable":true,"href":"https:\/\/blogg.svenskakyrkan.se\/insikten\/wp-json\/wp\/v2\/media\/182"}],"wp:attachment":[{"href":"https:\/\/blogg.svenskakyrkan.se\/insikten\/wp-json\/wp\/v2\/media?parent=180"}],"wp:term":[{"taxonomy":"category","embeddable":true,"href":"https:\/\/blogg.svenskakyrkan.se\/insikten\/wp-json\/wp\/v2\/categories?post=180"},{"taxonomy":"post_tag","embeddable":true,"href":"https:\/\/blogg.svenskakyrkan.se\/insikten\/wp-json\/wp\/v2\/tags?post=180"}],"curies":[{"name":"wp","href":"https:\/\/api.w.org\/{rel}","templated":true}]}}